{"id":7263,"date":"2025-07-25T11:25:34","date_gmt":"2025-07-25T15:25:34","guid":{"rendered":"https:\/\/medicina.udd.cl\/fonoaudiologia-santiago\/?p=7263"},"modified":"2025-07-25T11:46:15","modified_gmt":"2025-07-25T15:46:15","slug":"docentes-y-estudiantes-de-fonoaudiologia-udd-publican-estudio-pionero-sobre-dotacion-de-profesionales-en-hospitales-publicos-de-chile","status":"publish","type":"post","link":"https:\/\/medicina.udd.cl\/fonoaudiologia-santiago\/noticias\/2025\/07\/25\/docentes-y-estudiantes-de-fonoaudiologia-udd-publican-estudio-pionero-sobre-dotacion-de-profesionales-en-hospitales-publicos-de-chile\/","title":{"rendered":"Docentes y estudiantes de Fonoaudiolog\u00eda UDD publican estudio pionero sobre dotaci\u00f3n de profesionales en hospitales p\u00fablicos de Chile"},"content":{"rendered":"\n<figure class=\"wp-block-image alignright size-large\"><a href=\"https:\/\/medicina.udd.cl\/fonoaudiologia-santiago\/files\/2025\/07\/fono-articulo-de-investigacion-revista-colombia-scaled.jpg\"><img loading=\"lazy\" decoding=\"async\" width=\"576\" height=\"1024\" src=\"https:\/\/medicina.udd.cl\/fonoaudiologia-santiago\/files\/2025\/07\/fono-articulo-de-investigacion-revista-colombia-576x1024.jpg\" alt=\"\" class=\"wp-image-7264\" srcset=\"https:\/\/medicina.udd.cl\/fonoaudiologia-santiago\/files\/2025\/07\/fono-articulo-de-investigacion-revista-colombia-576x1024.jpg 576w, https:\/\/medicina.udd.cl\/fonoaudiologia-santiago\/files\/2025\/07\/fono-articulo-de-investigacion-revista-colombia-169x300.jpg 169w, https:\/\/medicina.udd.cl\/fonoaudiologia-santiago\/files\/2025\/07\/fono-articulo-de-investigacion-revista-colombia-768x1365.jpg 768w, https:\/\/medicina.udd.cl\/fonoaudiologia-santiago\/files\/2025\/07\/fono-articulo-de-investigacion-revista-colombia-864x1536.jpg 864w, https:\/\/medicina.udd.cl\/fonoaudiologia-santiago\/files\/2025\/07\/fono-articulo-de-investigacion-revista-colombia-1152x2048.jpg 1152w, https:\/\/medicina.udd.cl\/fonoaudiologia-santiago\/files\/2025\/07\/fono-articulo-de-investigacion-revista-colombia-scaled.jpg 1440w\" sizes=\"auto, (max-width: 576px) 100vw, 576px\" \/><\/a><figcaption class=\"wp-element-caption\">El docente Felipe Rosales junto a las estudiantes Haranni Aguilera, Teresita Bravo y Antonia Villal\u00f3n.<\/figcaption><\/figure>\n\n\n\n<p>Un art\u00edculo de investigaci\u00f3n liderado por docentes y estudiantes de la carrera de Fonoaudiolog\u00eda de la Facultad de Medicina Cl\u00ednica Alemana Universidad del Desarrollo (UDD) fue recientemente publicado en ingl\u00e9s en la\u00a0<a href=\"https:\/\/riics.info\/\"><em>Revista de Investigaci\u00f3n e Innovaci\u00f3n en Ciencias de la Salud<\/em>\u00a0<\/a>de Colombia. El estudio aborda por primera vez a nivel nacional la dotaci\u00f3n de fonoaudi\u00f3logos requerida en hospitales p\u00fablicos chilenos para brindar atenci\u00f3n integral a pacientes adultos y pedi\u00e1tricos.<\/p>\n\n\n\n<p>El trabajo fue realizado por los docentes Felipe Rosales (quien adem\u00e1s fue tutor del proyecto) y Patricia Castro, junto a las estudiantes Haranni Aguilera, Teresita Bravo y Antonia Villal\u00f3n. Esta investigaci\u00f3n se enmarca en una tesis de pregrado desarrollada durante el a\u00f1o 2024 y forma parte de una l\u00ednea de estudio centrada en la gesti\u00f3n fonoaudiol\u00f3gica en contextos hospitalarios.<\/p>\n\n\n\n<p>El estudio consider\u00f3 un total de 189 hospitales p\u00fablicos del pa\u00eds, abarcando 23.677 camas cl\u00ednicas (81% destinadas a adultos y 19% a pedi\u00e1tricos), de distintos niveles de complejidad. Mediante una f\u00f3rmula del Ministerio de Salud, el equipo calcul\u00f3 que se requieren aproximadamente 28.950 horas semanales de atenci\u00f3n fonoaudiol\u00f3gica para cubrir de forma adecuada tanto la atenci\u00f3n ambulatoria como hospitalaria en el sistema p\u00fablico.<\/p>\n\n\n\n<p>Entre los principales hallazgos, se destaca que la Regi\u00f3n Metropolitana concentra el 35% del requerimiento nacional. Asimismo, las regiones de Magallanes y \u00d1uble lideran el requerimiento de horas para atenci\u00f3n de pacientes adultos, mientras que Tarapac\u00e1, Metropolitana y Los Lagos presentan mayores necesidades en el \u00e1rea pedi\u00e1trica.<\/p>\n\n\n\n<p>Uno de los aportes m\u00e1s relevantes del estudio es el desarrollo de material suplementario que entrega una estimaci\u00f3n por hospital del n\u00famero de fonoaudi\u00f3logos necesarios, herramienta que busca ser de utilidad para gestores en salud al momento de planificar adecuadamente el recurso humano. Adem\u00e1s, el equipo propone una estimaci\u00f3n de horas espec\u00edficas para reforzar la atenci\u00f3n de fines de semana, dado que actualmente muchas instituciones no contemplan cobertura fonoaudiol\u00f3gica los d\u00edas s\u00e1bado y domingo, lo que puede afectar la continuidad del proceso de rehabilitaci\u00f3n de los pacientes hospitalizados.<\/p>\n\n\n\n<p><em>\u201cLa literatura internacional respalda el impacto positivo que tiene una adecuada dotaci\u00f3n de fonoaudi\u00f3logos en la calidad de la atenci\u00f3n y en la eficiencia del sistema de salud. Este estudio no solo busca aportar evidencia local para la toma de decisiones, sino tambi\u00e9n mejorar los indicadores cl\u00ednicos, optimizar recursos y promover el bienestar tanto de los pacientes como de los propios profesionales\u201d<\/em>, se\u00f1al\u00f3 Felipe Rosales, docente y autor principal del art\u00edculo.<\/p>\n\n\n\n<p>Actualmente, el equipo se encuentra desarrollando la segunda parte del estudio, centrada en cuantificar la brecha de profesionales en el sistema, la cual ya fue sometida a evaluaci\u00f3n por una segunda revista cient\u00edfica.<\/p>\n\n\n\n<p><strong>Lee el art\u00edculo completo aqu\u00ed<\/strong>&nbsp;\ud83d\udc49&nbsp;<a class=\"\" href=\"https:\/\/riics.info\/index.php\/RCMC\/article\/view\/426\/1133\">https:\/\/riics.info\/index.php\/RCMC\/article\/view\/426\/1133<\/a><\/p>\n","protected":false},"excerpt":{"rendered":"<p>Un art\u00edculo de investigaci\u00f3n liderado por docentes y estudiantes de la carrera de Fonoaudiolog\u00eda de la Facultad de Medicina Cl\u00ednica Alemana Universidad del Desarrollo (UDD) fue recientemente publicado en ingl\u00e9s en la\u00a0Revista de Investigaci\u00f3n e Innovaci\u00f3n en Ciencias de la Salud\u00a0de Colombia. El estudio aborda por primera vez a nivel nacional la dotaci\u00f3n de fonoaudi\u00f3logos [&hellip;]<\/p>\n","protected":false},"author":9192219,"featured_media":7264,"comment_status":"closed","ping_status":"open","sticky":false,"template":"","format":"standard","meta":{"footnotes":""},"categories":[4],"tags":[],"class_list":["post-7263","post","type-post","status-publish","format-standard","has-post-thumbnail","hentry","category-noticias"],"yoast_head":"<!-- This site is optimized with the Yoast SEO plugin v26.9 - https:\/\/yoast.com\/product\/yoast-seo-wordpress\/ -->\n<title>Docentes y estudiantes de Fonoaudiolog\u00eda UDD publican estudio pionero sobre dotaci\u00f3n de profesionales en hospitales p\u00fablicos de Chile - Fonoaudiolog\u00eda<\/title>\n<meta name=\"robots\" content=\"index, follow, max-snippet:-1, max-image-preview:large, max-video-preview:-1\" \/>\n<link rel=\"canonical\" href=\"https:\/\/medicina.udd.cl\/fonoaudiologia-santiago\/noticias\/2025\/07\/25\/docentes-y-estudiantes-de-fonoaudiologia-udd-publican-estudio-pionero-sobre-dotacion-de-profesionales-en-hospitales-publicos-de-chile\/\" \/>\n<meta property=\"og:locale\" content=\"es_ES\" \/>\n<meta property=\"og:type\" content=\"article\" \/>\n<meta property=\"og:title\" content=\"Docentes y estudiantes de Fonoaudiolog\u00eda UDD publican estudio pionero sobre dotaci\u00f3n de profesionales en hospitales p\u00fablicos de Chile - Fonoaudiolog\u00eda\" \/>\n<meta property=\"og:description\" content=\"Un art\u00edculo de investigaci\u00f3n liderado por docentes y estudiantes de la carrera de Fonoaudiolog\u00eda de la Facultad de Medicina Cl\u00ednica Alemana Universidad del Desarrollo (UDD) fue recientemente publicado en ingl\u00e9s en la\u00a0Revista de Investigaci\u00f3n e Innovaci\u00f3n en Ciencias de la Salud\u00a0de Colombia. El estudio aborda por primera vez a nivel nacional la dotaci\u00f3n de fonoaudi\u00f3logos [&hellip;]\" \/>\n<meta property=\"og:url\" content=\"https:\/\/medicina.udd.cl\/fonoaudiologia-santiago\/noticias\/2025\/07\/25\/docentes-y-estudiantes-de-fonoaudiologia-udd-publican-estudio-pionero-sobre-dotacion-de-profesionales-en-hospitales-publicos-de-chile\/\" \/>\n<meta property=\"og:site_name\" content=\"Fonoaudiolog\u00eda\" \/>\n<meta property=\"article:published_time\" content=\"2025-07-25T15:25:34+00:00\" \/>\n<meta property=\"article:modified_time\" content=\"2025-07-25T15:46:15+00:00\" \/>\n<meta property=\"og:image\" content=\"https:\/\/medicina.udd.cl\/fonoaudiologia-santiago\/files\/2025\/07\/fono-articulo-de-investigacion-revista-colombia-scaled.jpg\" \/>\n\t<meta property=\"og:image:width\" content=\"1440\" \/>\n\t<meta property=\"og:image:height\" content=\"2560\" \/>\n\t<meta property=\"og:image:type\" content=\"image\/jpeg\" \/>\n<meta name=\"author\" content=\"rbraidy\" \/>\n<meta name=\"twitter:label1\" content=\"Escrito por\" \/>\n\t<meta name=\"twitter:data1\" content=\"rbraidy\" \/>\n\t<meta name=\"twitter:label2\" content=\"Tiempo de lectura\" \/>\n\t<meta name=\"twitter:data2\" content=\"3 minutos\" \/>\n<script type=\"application\/ld+json\" class=\"yoast-schema-graph\">{\"@context\":\"https:\/\/schema.org\",\"@graph\":[{\"@type\":\"Article\",\"@id\":\"https:\/\/medicina.udd.cl\/fonoaudiologia-santiago\/noticias\/2025\/07\/25\/docentes-y-estudiantes-de-fonoaudiologia-udd-publican-estudio-pionero-sobre-dotacion-de-profesionales-en-hospitales-publicos-de-chile\/#article\",\"isPartOf\":{\"@id\":\"https:\/\/medicina.udd.cl\/fonoaudiologia-santiago\/noticias\/2025\/07\/25\/docentes-y-estudiantes-de-fonoaudiologia-udd-publican-estudio-pionero-sobre-dotacion-de-profesionales-en-hospitales-publicos-de-chile\/\"},\"author\":{\"name\":\"rbraidy\",\"@id\":\"https:\/\/medicina.udd.cl\/fonoaudiologia-santiago\/#\/schema\/person\/dbc3705bf3a93e8be1ba6de0ef950341\"},\"headline\":\"Docentes y estudiantes de Fonoaudiolog\u00eda UDD publican estudio pionero sobre dotaci\u00f3n de profesionales en hospitales p\u00fablicos de Chile\",\"datePublished\":\"2025-07-25T15:25:34+00:00\",\"dateModified\":\"2025-07-25T15:46:15+00:00\",\"mainEntityOfPage\":{\"@id\":\"https:\/\/medicina.udd.cl\/fonoaudiologia-santiago\/noticias\/2025\/07\/25\/docentes-y-estudiantes-de-fonoaudiologia-udd-publican-estudio-pionero-sobre-dotacion-de-profesionales-en-hospitales-publicos-de-chile\/\"},\"wordCount\":530,\"image\":{\"@id\":\"https:\/\/medicina.udd.cl\/fonoaudiologia-santiago\/noticias\/2025\/07\/25\/docentes-y-estudiantes-de-fonoaudiologia-udd-publican-estudio-pionero-sobre-dotacion-de-profesionales-en-hospitales-publicos-de-chile\/#primaryimage\"},\"thumbnailUrl\":\"https:\/\/medicina.udd.cl\/fonoaudiologia-santiago\/files\/2025\/07\/fono-articulo-de-investigacion-revista-colombia-scaled.jpg\",\"articleSection\":[\"Noticias\"],\"inLanguage\":\"es\"},{\"@type\":\"WebPage\",\"@id\":\"https:\/\/medicina.udd.cl\/fonoaudiologia-santiago\/noticias\/2025\/07\/25\/docentes-y-estudiantes-de-fonoaudiologia-udd-publican-estudio-pionero-sobre-dotacion-de-profesionales-en-hospitales-publicos-de-chile\/\",\"url\":\"https:\/\/medicina.udd.cl\/fonoaudiologia-santiago\/noticias\/2025\/07\/25\/docentes-y-estudiantes-de-fonoaudiologia-udd-publican-estudio-pionero-sobre-dotacion-de-profesionales-en-hospitales-publicos-de-chile\/\",\"name\":\"Docentes y estudiantes de Fonoaudiolog\u00eda UDD publican estudio pionero sobre dotaci\u00f3n de profesionales en hospitales p\u00fablicos de Chile - Fonoaudiolog\u00eda\",\"isPartOf\":{\"@id\":\"https:\/\/medicina.udd.cl\/fonoaudiologia-santiago\/#website\"},\"primaryImageOfPage\":{\"@id\":\"https:\/\/medicina.udd.cl\/fonoaudiologia-santiago\/noticias\/2025\/07\/25\/docentes-y-estudiantes-de-fonoaudiologia-udd-publican-estudio-pionero-sobre-dotacion-de-profesionales-en-hospitales-publicos-de-chile\/#primaryimage\"},\"image\":{\"@id\":\"https:\/\/medicina.udd.cl\/fonoaudiologia-santiago\/noticias\/2025\/07\/25\/docentes-y-estudiantes-de-fonoaudiologia-udd-publican-estudio-pionero-sobre-dotacion-de-profesionales-en-hospitales-publicos-de-chile\/#primaryimage\"},\"thumbnailUrl\":\"https:\/\/medicina.udd.cl\/fonoaudiologia-santiago\/files\/2025\/07\/fono-articulo-de-investigacion-revista-colombia-scaled.jpg\",\"datePublished\":\"2025-07-25T15:25:34+00:00\",\"dateModified\":\"2025-07-25T15:46:15+00:00\",\"author\":{\"@id\":\"https:\/\/medicina.udd.cl\/fonoaudiologia-santiago\/#\/schema\/person\/dbc3705bf3a93e8be1ba6de0ef950341\"},\"breadcrumb\":{\"@id\":\"https:\/\/medicina.udd.cl\/fonoaudiologia-santiago\/noticias\/2025\/07\/25\/docentes-y-estudiantes-de-fonoaudiologia-udd-publican-estudio-pionero-sobre-dotacion-de-profesionales-en-hospitales-publicos-de-chile\/#breadcrumb\"},\"inLanguage\":\"es\",\"potentialAction\":[{\"@type\":\"ReadAction\",\"target\":[\"https:\/\/medicina.udd.cl\/fonoaudiologia-santiago\/noticias\/2025\/07\/25\/docentes-y-estudiantes-de-fonoaudiologia-udd-publican-estudio-pionero-sobre-dotacion-de-profesionales-en-hospitales-publicos-de-chile\/\"]}]},{\"@type\":\"ImageObject\",\"inLanguage\":\"es\",\"@id\":\"https:\/\/medicina.udd.cl\/fonoaudiologia-santiago\/noticias\/2025\/07\/25\/docentes-y-estudiantes-de-fonoaudiologia-udd-publican-estudio-pionero-sobre-dotacion-de-profesionales-en-hospitales-publicos-de-chile\/#primaryimage\",\"url\":\"https:\/\/medicina.udd.cl\/fonoaudiologia-santiago\/files\/2025\/07\/fono-articulo-de-investigacion-revista-colombia-scaled.jpg\",\"contentUrl\":\"https:\/\/medicina.udd.cl\/fonoaudiologia-santiago\/files\/2025\/07\/fono-articulo-de-investigacion-revista-colombia-scaled.jpg\",\"width\":1440,\"height\":2560},{\"@type\":\"BreadcrumbList\",\"@id\":\"https:\/\/medicina.udd.cl\/fonoaudiologia-santiago\/noticias\/2025\/07\/25\/docentes-y-estudiantes-de-fonoaudiologia-udd-publican-estudio-pionero-sobre-dotacion-de-profesionales-en-hospitales-publicos-de-chile\/#breadcrumb\",\"itemListElement\":[{\"@type\":\"ListItem\",\"position\":1,\"name\":\"Home\",\"item\":\"https:\/\/medicina.udd.cl\/fonoaudiologia-santiago\/\"},{\"@type\":\"ListItem\",\"position\":2,\"name\":\"Docentes y estudiantes de Fonoaudiolog\u00eda UDD publican estudio pionero sobre dotaci\u00f3n de profesionales en hospitales p\u00fablicos de Chile\"}]},{\"@type\":\"WebSite\",\"@id\":\"https:\/\/medicina.udd.cl\/fonoaudiologia-santiago\/#website\",\"url\":\"https:\/\/medicina.udd.cl\/fonoaudiologia-santiago\/\",\"name\":\"Fonoaudiolog\u00eda\",\"description\":\"Facultad de Medicina Cl\u00ednica Alemana Universidad del Desarrollo\",\"inLanguage\":\"es\"},{\"@type\":\"Person\",\"@id\":\"https:\/\/medicina.udd.cl\/fonoaudiologia-santiago\/#\/schema\/person\/dbc3705bf3a93e8be1ba6de0ef950341\",\"name\":\"rbraidy\",\"image\":{\"@type\":\"ImageObject\",\"inLanguage\":\"es\",\"@id\":\"https:\/\/medicina.udd.cl\/fonoaudiologia-santiago\/#\/schema\/person\/image\/\",\"url\":\"https:\/\/secure.gravatar.com\/avatar\/0f8bc94637401590e45d2ce17eb65c274cb8870a219de6177f3f23e63fd8cdf3?s=96&d=mm&r=g\",\"contentUrl\":\"https:\/\/secure.gravatar.com\/avatar\/0f8bc94637401590e45d2ce17eb65c274cb8870a219de6177f3f23e63fd8cdf3?s=96&d=mm&r=g\",\"caption\":\"rbraidy\"},\"url\":\"https:\/\/medicina.udd.cl\/fonoaudiologia-santiago\/noticias\/author\/rbraidy\/\"}]}<\/script>\n<!-- \/ Yoast SEO plugin. -->","yoast_head_json":{"title":"Docentes y estudiantes de Fonoaudiolog\u00eda UDD publican estudio pionero sobre dotaci\u00f3n de profesionales en hospitales p\u00fablicos de Chile - Fonoaudiolog\u00eda","robots":{"index":"index","follow":"follow","max-snippet":"max-snippet:-1","max-image-preview":"max-image-preview:large","max-video-preview":"max-video-preview:-1"},"canonical":"https:\/\/medicina.udd.cl\/fonoaudiologia-santiago\/noticias\/2025\/07\/25\/docentes-y-estudiantes-de-fonoaudiologia-udd-publican-estudio-pionero-sobre-dotacion-de-profesionales-en-hospitales-publicos-de-chile\/","og_locale":"es_ES","og_type":"article","og_title":"Docentes y estudiantes de Fonoaudiolog\u00eda UDD publican estudio pionero sobre dotaci\u00f3n de profesionales en hospitales p\u00fablicos de Chile - Fonoaudiolog\u00eda","og_description":"Un art\u00edculo de investigaci\u00f3n liderado por docentes y estudiantes de la carrera de Fonoaudiolog\u00eda de la Facultad de Medicina Cl\u00ednica Alemana Universidad del Desarrollo (UDD) fue recientemente publicado en ingl\u00e9s en la\u00a0Revista de Investigaci\u00f3n e Innovaci\u00f3n en Ciencias de la Salud\u00a0de Colombia. El estudio aborda por primera vez a nivel nacional la dotaci\u00f3n de fonoaudi\u00f3logos [&hellip;]","og_url":"https:\/\/medicina.udd.cl\/fonoaudiologia-santiago\/noticias\/2025\/07\/25\/docentes-y-estudiantes-de-fonoaudiologia-udd-publican-estudio-pionero-sobre-dotacion-de-profesionales-en-hospitales-publicos-de-chile\/","og_site_name":"Fonoaudiolog\u00eda","article_published_time":"2025-07-25T15:25:34+00:00","article_modified_time":"2025-07-25T15:46:15+00:00","og_image":[{"width":1440,"height":2560,"url":"https:\/\/medicina.udd.cl\/fonoaudiologia-santiago\/files\/2025\/07\/fono-articulo-de-investigacion-revista-colombia-scaled.jpg","type":"image\/jpeg"}],"author":"rbraidy","twitter_misc":{"Escrito por":"rbraidy","Tiempo de lectura":"3 minutos"},"schema":{"@context":"https:\/\/schema.org","@graph":[{"@type":"Article","@id":"https:\/\/medicina.udd.cl\/fonoaudiologia-santiago\/noticias\/2025\/07\/25\/docentes-y-estudiantes-de-fonoaudiologia-udd-publican-estudio-pionero-sobre-dotacion-de-profesionales-en-hospitales-publicos-de-chile\/#article","isPartOf":{"@id":"https:\/\/medicina.udd.cl\/fonoaudiologia-santiago\/noticias\/2025\/07\/25\/docentes-y-estudiantes-de-fonoaudiologia-udd-publican-estudio-pionero-sobre-dotacion-de-profesionales-en-hospitales-publicos-de-chile\/"},"author":{"name":"rbraidy","@id":"https:\/\/medicina.udd.cl\/fonoaudiologia-santiago\/#\/schema\/person\/dbc3705bf3a93e8be1ba6de0ef950341"},"headline":"Docentes y estudiantes de Fonoaudiolog\u00eda UDD publican estudio pionero sobre dotaci\u00f3n de profesionales en hospitales p\u00fablicos de Chile","datePublished":"2025-07-25T15:25:34+00:00","dateModified":"2025-07-25T15:46:15+00:00","mainEntityOfPage":{"@id":"https:\/\/medicina.udd.cl\/fonoaudiologia-santiago\/noticias\/2025\/07\/25\/docentes-y-estudiantes-de-fonoaudiologia-udd-publican-estudio-pionero-sobre-dotacion-de-profesionales-en-hospitales-publicos-de-chile\/"},"wordCount":530,"image":{"@id":"https:\/\/medicina.udd.cl\/fonoaudiologia-santiago\/noticias\/2025\/07\/25\/docentes-y-estudiantes-de-fonoaudiologia-udd-publican-estudio-pionero-sobre-dotacion-de-profesionales-en-hospitales-publicos-de-chile\/#primaryimage"},"thumbnailUrl":"https:\/\/medicina.udd.cl\/fonoaudiologia-santiago\/files\/2025\/07\/fono-articulo-de-investigacion-revista-colombia-scaled.jpg","articleSection":["Noticias"],"inLanguage":"es"},{"@type":"WebPage","@id":"https:\/\/medicina.udd.cl\/fonoaudiologia-santiago\/noticias\/2025\/07\/25\/docentes-y-estudiantes-de-fonoaudiologia-udd-publican-estudio-pionero-sobre-dotacion-de-profesionales-en-hospitales-publicos-de-chile\/","url":"https:\/\/medicina.udd.cl\/fonoaudiologia-santiago\/noticias\/2025\/07\/25\/docentes-y-estudiantes-de-fonoaudiologia-udd-publican-estudio-pionero-sobre-dotacion-de-profesionales-en-hospitales-publicos-de-chile\/","name":"Docentes y estudiantes de Fonoaudiolog\u00eda UDD publican estudio pionero sobre dotaci\u00f3n de profesionales en hospitales p\u00fablicos de Chile - Fonoaudiolog\u00eda","isPartOf":{"@id":"https:\/\/medicina.udd.cl\/fonoaudiologia-santiago\/#website"},"primaryImageOfPage":{"@id":"https:\/\/medicina.udd.cl\/fonoaudiologia-santiago\/noticias\/2025\/07\/25\/docentes-y-estudiantes-de-fonoaudiologia-udd-publican-estudio-pionero-sobre-dotacion-de-profesionales-en-hospitales-publicos-de-chile\/#primaryimage"},"image":{"@id":"https:\/\/medicina.udd.cl\/fonoaudiologia-santiago\/noticias\/2025\/07\/25\/docentes-y-estudiantes-de-fonoaudiologia-udd-publican-estudio-pionero-sobre-dotacion-de-profesionales-en-hospitales-publicos-de-chile\/#primaryimage"},"thumbnailUrl":"https:\/\/medicina.udd.cl\/fonoaudiologia-santiago\/files\/2025\/07\/fono-articulo-de-investigacion-revista-colombia-scaled.jpg","datePublished":"2025-07-25T15:25:34+00:00","dateModified":"2025-07-25T15:46:15+00:00","author":{"@id":"https:\/\/medicina.udd.cl\/fonoaudiologia-santiago\/#\/schema\/person\/dbc3705bf3a93e8be1ba6de0ef950341"},"breadcrumb":{"@id":"https:\/\/medicina.udd.cl\/fonoaudiologia-santiago\/noticias\/2025\/07\/25\/docentes-y-estudiantes-de-fonoaudiologia-udd-publican-estudio-pionero-sobre-dotacion-de-profesionales-en-hospitales-publicos-de-chile\/#breadcrumb"},"inLanguage":"es","potentialAction":[{"@type":"ReadAction","target":["https:\/\/medicina.udd.cl\/fonoaudiologia-santiago\/noticias\/2025\/07\/25\/docentes-y-estudiantes-de-fonoaudiologia-udd-publican-estudio-pionero-sobre-dotacion-de-profesionales-en-hospitales-publicos-de-chile\/"]}]},{"@type":"ImageObject","inLanguage":"es","@id":"https:\/\/medicina.udd.cl\/fonoaudiologia-santiago\/noticias\/2025\/07\/25\/docentes-y-estudiantes-de-fonoaudiologia-udd-publican-estudio-pionero-sobre-dotacion-de-profesionales-en-hospitales-publicos-de-chile\/#primaryimage","url":"https:\/\/medicina.udd.cl\/fonoaudiologia-santiago\/files\/2025\/07\/fono-articulo-de-investigacion-revista-colombia-scaled.jpg","contentUrl":"https:\/\/medicina.udd.cl\/fonoaudiologia-santiago\/files\/2025\/07\/fono-articulo-de-investigacion-revista-colombia-scaled.jpg","width":1440,"height":2560},{"@type":"BreadcrumbList","@id":"https:\/\/medicina.udd.cl\/fonoaudiologia-santiago\/noticias\/2025\/07\/25\/docentes-y-estudiantes-de-fonoaudiologia-udd-publican-estudio-pionero-sobre-dotacion-de-profesionales-en-hospitales-publicos-de-chile\/#breadcrumb","itemListElement":[{"@type":"ListItem","position":1,"name":"Home","item":"https:\/\/medicina.udd.cl\/fonoaudiologia-santiago\/"},{"@type":"ListItem","position":2,"name":"Docentes y estudiantes de Fonoaudiolog\u00eda UDD publican estudio pionero sobre dotaci\u00f3n de profesionales en hospitales p\u00fablicos de Chile"}]},{"@type":"WebSite","@id":"https:\/\/medicina.udd.cl\/fonoaudiologia-santiago\/#website","url":"https:\/\/medicina.udd.cl\/fonoaudiologia-santiago\/","name":"Fonoaudiolog\u00eda","description":"Facultad de Medicina Cl\u00ednica Alemana Universidad del Desarrollo","inLanguage":"es"},{"@type":"Person","@id":"https:\/\/medicina.udd.cl\/fonoaudiologia-santiago\/#\/schema\/person\/dbc3705bf3a93e8be1ba6de0ef950341","name":"rbraidy","image":{"@type":"ImageObject","inLanguage":"es","@id":"https:\/\/medicina.udd.cl\/fonoaudiologia-santiago\/#\/schema\/person\/image\/","url":"https:\/\/secure.gravatar.com\/avatar\/0f8bc94637401590e45d2ce17eb65c274cb8870a219de6177f3f23e63fd8cdf3?s=96&d=mm&r=g","contentUrl":"https:\/\/secure.gravatar.com\/avatar\/0f8bc94637401590e45d2ce17eb65c274cb8870a219de6177f3f23e63fd8cdf3?s=96&d=mm&r=g","caption":"rbraidy"},"url":"https:\/\/medicina.udd.cl\/fonoaudiologia-santiago\/noticias\/author\/rbraidy\/"}]}},"featured_image_url":"https:\/\/medicina.udd.cl\/fonoaudiologia-santiago\/files\/2025\/07\/fono-articulo-de-investigacion-revista-colombia-scaled.jpg","_links":{"self":[{"href":"https:\/\/medicina.udd.cl\/fonoaudiologia-santiago\/wp-json\/wp\/v2\/posts\/7263","targetHints":{"allow":["GET"]}}],"collection":[{"href":"https:\/\/medicina.udd.cl\/fonoaudiologia-santiago\/wp-json\/wp\/v2\/posts"}],"about":[{"href":"https:\/\/medicina.udd.cl\/fonoaudiologia-santiago\/wp-json\/wp\/v2\/types\/post"}],"author":[{"embeddable":true,"href":"https:\/\/medicina.udd.cl\/fonoaudiologia-santiago\/wp-json\/wp\/v2\/users\/9192219"}],"replies":[{"embeddable":true,"href":"https:\/\/medicina.udd.cl\/fonoaudiologia-santiago\/wp-json\/wp\/v2\/comments?post=7263"}],"version-history":[{"count":2,"href":"https:\/\/medicina.udd.cl\/fonoaudiologia-santiago\/wp-json\/wp\/v2\/posts\/7263\/revisions"}],"predecessor-version":[{"id":7266,"href":"https:\/\/medicina.udd.cl\/fonoaudiologia-santiago\/wp-json\/wp\/v2\/posts\/7263\/revisions\/7266"}],"wp:featuredmedia":[{"embeddable":true,"href":"https:\/\/medicina.udd.cl\/fonoaudiologia-santiago\/wp-json\/wp\/v2\/media\/7264"}],"wp:attachment":[{"href":"https:\/\/medicina.udd.cl\/fonoaudiologia-santiago\/wp-json\/wp\/v2\/media?parent=7263"}],"wp:term":[{"taxonomy":"category","embeddable":true,"href":"https:\/\/medicina.udd.cl\/fonoaudiologia-santiago\/wp-json\/wp\/v2\/categories?post=7263"},{"taxonomy":"post_tag","embeddable":true,"href":"https:\/\/medicina.udd.cl\/fonoaudiologia-santiago\/wp-json\/wp\/v2\/tags?post=7263"}],"curies":[{"name":"wp","href":"https:\/\/api.w.org\/{rel}","templated":true}]}}