{"id":745,"date":"2011-10-11T16:13:36","date_gmt":"2011-10-11T19:13:36","guid":{"rendered":"http:\/\/medicina.udd.cl\/fonoaudiologia-santiago\/?p=745"},"modified":"2011-10-12T09:41:43","modified_gmt":"2011-10-12T12:41:43","slug":"emotiva-fiesta-de-los-pacientes","status":"publish","type":"post","link":"https:\/\/medicina.udd.cl\/fonoaudiologia-santiago\/noticias\/2011\/10\/11\/emotiva-fiesta-de-los-pacientes\/","title":{"rendered":"Emotiva fiesta de los pacientes"},"content":{"rendered":"<p style=\"text-align: justify;\">El domingo 2 de octubre se realiz\u00f3 en la casa de la directora de la carrera de <a href=\"http:\/\/medicina.udd.cl\/fonoaudiologia-santiago\/\">Fonoaudiolog\u00eda<\/a>, Mar\u00eda Ang\u00e9lica L\u00f3pez, la \u00a0Fiesta de Pacientes, organizada por la Unidad de Tratamiento del Ataque Cerebrovascular (UTAC) de Cl\u00ednica Alemana de Santiago.<\/p>\n<p style=\"text-align: justify;\">Este a\u00f1o el evento estuvo marcado por la ausencia del rector Ernesto Silva, quien era un asiduo y entusiasta participante de esta fiesta los \u00faltimos a\u00f1os. Por lo mismo, fue especialmente significativo\u00a0que la Sra. Cristina M\u00e9ndez, su viuda, concurriera en compa\u00f1\u00eda de su hijo Ernesto Silva M\u00e9ndez y toda su familia; mientras que\u00a0los pacientes recordaron con cari\u00f1o las emocionadas palabras que les entregaba don Ernesto y esta fiesta fue dedicada a su memoria.\u00a0<\/p>\n<p style=\"text-align: justify;\">Dentro de los asistentes, destacamos la presencia del rector Federico Vald\u00e9s, quien asisti\u00f3 acompa\u00f1ado de tres de sus hijas universitarias. En la oportunidad, la m\u00e1xima autoridad de la UDD se\u00f1al\u00f3 en su discurso: \u201cE<em>sto hay que vivirlo para entenderlo y ahora que lo he vivido entiendo el porqu\u00e9 a Ernesto le gustaba tanto venir<\/em>\u201d.\u00a0Adem\u00e1s, relat\u00f3\u00a0su experiencia personal de rehabilitaci\u00f3n y la templanza que pudo observar en otros pacientes.<\/p>\n<p style=\"text-align: justify;\">La directora tambi\u00e9n destac\u00f3 la\u00a0entusiasta \u00a0participaci\u00f3n de 39 alumnos de primer a\u00f1o de Fonoaudiolog\u00eda,\u00a0dos alumnos de quinro a\u00f1o de\u00a0\u00a0Kinesiolog\u00eda, una de estudiante de Odontolog\u00eda y una de Psicolog\u00eda. Ellos expresaron lo importante que resulta esta vivencia en los inicios de su carrera, pues les refuerza su vocaci\u00f3n de servicio y crece el amor por la carrera que han elegido. En representaci\u00f3n de los alumnos Romina Samaniego, Javiera Sep\u00falveda y Rosario Torrealba agradecieron a los pacientes por la oportunidad que les daban de crecer como personas y estudiantes al permitirles presenciar sus terapias en sus visitas a la cl\u00ednica.<\/p>\n<p style=\"text-align: justify;\">Muy emotivo fue contar con la presencia de las alumnas de 5\u00b0 de Fonoaudiolog\u00eda\u00a0 de Concepci\u00f3n, Nicole Almeida y Consuelo Sep\u00falveda quienes viajaron especialmente para estar junto a sus pacientes, a quienes conocieron durante su estad\u00eda de habilitaci\u00f3n profesional. Junto a ellas, estuvo Gabriela Cabrera quien inicia su estad\u00eda en Cl\u00ednica Alemana. Se sumaron a estos testimonios las alumnas de 5\u00b0 de la sede Santiago Rosario Anabal\u00f3n y Bel\u00e9n Acevedo.<\/p>\n<p style=\"text-align: justify;\">\u00ab<em>S\u00f3lo queda decir que una vez m\u00e1s se logr\u00f3 el objetivo\u00a0 que es entregar una gran instancia de compa\u00f1erismo y apoyo a nuestros pacientes, donde adem\u00e1s de transmitir \u00a0energ\u00eda y buenas vibras se les da un apoyo a quienes \u00a0est\u00e1n iniciando su rehabilitaci\u00f3n, ya que el escuchar los testimonios esperanzadores de quienes ya han vivido estas etapas, los llena de optimismo y ganas de seguir luchando, entregando \u00a0apoyo y much\u00edsimo cari\u00f1o<\/em>\u00ab, destac\u00f3\u00a0Ang\u00e9lica L\u00f3pez.<\/p>\n<div id=\"gallery-1\" class=\"carousel slide carousel-gallery\" data-ride=\"false\" data-interval=\"false\"><div class=\"carousel-inner\" role=\"listbox\"><figure class=\"carousel-item active\"><img loading=\"lazy\" decoding=\"async\" width=\"801\" height=\"534\" src=\"https:\/\/medicina.udd.cl\/fonoaudiologia-santiago\/files\/2011\/10\/fiesta-fono2.jpg\" class=\"attachment-landscape_952 size-landscape_952\" alt=\"\" srcset=\"https:\/\/medicina.udd.cl\/fonoaudiologia-santiago\/files\/2011\/10\/fiesta-fono2.jpg 5184w, https:\/\/medicina.udd.cl\/fonoaudiologia-santiago\/files\/2011\/10\/fiesta-fono2-300x200.jpg 300w, https:\/\/medicina.udd.cl\/fonoaudiologia-santiago\/files\/2011\/10\/fiesta-fono2-768x512.jpg 768w, https:\/\/medicina.udd.cl\/fonoaudiologia-santiago\/files\/2011\/10\/fiesta-fono2-1024x683.jpg 1024w, https:\/\/medicina.udd.cl\/fonoaudiologia-santiago\/files\/2011\/10\/fiesta-fono2-960x640.jpg 960w\" sizes=\"auto, (max-width: 801px) 100vw, 801px\" \/><\/figure><figure class=\"carousel-item\"><img loading=\"lazy\" decoding=\"async\" width=\"712\" height=\"534\" src=\"https:\/\/medicina.udd.cl\/fonoaudiologia-santiago\/files\/2011\/10\/foto-6.jpg\" class=\"attachment-landscape_952 size-landscape_952\" alt=\"\" srcset=\"https:\/\/medicina.udd.cl\/fonoaudiologia-santiago\/files\/2011\/10\/foto-6.jpg 4000w, https:\/\/medicina.udd.cl\/fonoaudiologia-santiago\/files\/2011\/10\/foto-6-300x225.jpg 300w, https:\/\/medicina.udd.cl\/fonoaudiologia-santiago\/files\/2011\/10\/foto-6-768x576.jpg 768w, https:\/\/medicina.udd.cl\/fonoaudiologia-santiago\/files\/2011\/10\/foto-6-1024x768.jpg 1024w, https:\/\/medicina.udd.cl\/fonoaudiologia-santiago\/files\/2011\/10\/foto-6-960x720.jpg 960w\" sizes=\"auto, (max-width: 712px) 100vw, 712px\" \/><\/figure><figure class=\"carousel-item\"><img loading=\"lazy\" decoding=\"async\" width=\"712\" height=\"534\" src=\"https:\/\/medicina.udd.cl\/fonoaudiologia-santiago\/files\/2011\/10\/foto-5.jpg\" class=\"attachment-landscape_952 size-landscape_952\" alt=\"\" srcset=\"https:\/\/medicina.udd.cl\/fonoaudiologia-santiago\/files\/2011\/10\/foto-5.jpg 4000w, https:\/\/medicina.udd.cl\/fonoaudiologia-santiago\/files\/2011\/10\/foto-5-300x225.jpg 300w, https:\/\/medicina.udd.cl\/fonoaudiologia-santiago\/files\/2011\/10\/foto-5-768x576.jpg 768w, https:\/\/medicina.udd.cl\/fonoaudiologia-santiago\/files\/2011\/10\/foto-5-1024x768.jpg 1024w, https:\/\/medicina.udd.cl\/fonoaudiologia-santiago\/files\/2011\/10\/foto-5-960x720.jpg 960w\" sizes=\"auto, (max-width: 712px) 100vw, 712px\" \/><\/figure><figure class=\"carousel-item\"><img loading=\"lazy\" decoding=\"async\" width=\"712\" height=\"534\" src=\"https:\/\/medicina.udd.cl\/fonoaudiologia-santiago\/files\/2011\/10\/foto-42.jpg\" class=\"attachment-landscape_952 size-landscape_952\" alt=\"\" srcset=\"https:\/\/medicina.udd.cl\/fonoaudiologia-santiago\/files\/2011\/10\/foto-42.jpg 4000w, https:\/\/medicina.udd.cl\/fonoaudiologia-santiago\/files\/2011\/10\/foto-42-300x225.jpg 300w, https:\/\/medicina.udd.cl\/fonoaudiologia-santiago\/files\/2011\/10\/foto-42-768x576.jpg 768w, https:\/\/medicina.udd.cl\/fonoaudiologia-santiago\/files\/2011\/10\/foto-42-1024x768.jpg 1024w, https:\/\/medicina.udd.cl\/fonoaudiologia-santiago\/files\/2011\/10\/foto-42-960x720.jpg 960w\" sizes=\"auto, (max-width: 712px) 100vw, 712px\" \/><\/figure><figure class=\"carousel-item\"><img loading=\"lazy\" decoding=\"async\" width=\"712\" height=\"534\" src=\"https:\/\/medicina.udd.cl\/fonoaudiologia-santiago\/files\/2011\/10\/foto-3.jpg\" class=\"attachment-landscape_952 size-landscape_952\" alt=\"\" srcset=\"https:\/\/medicina.udd.cl\/fonoaudiologia-santiago\/files\/2011\/10\/foto-3.jpg 4000w, https:\/\/medicina.udd.cl\/fonoaudiologia-santiago\/files\/2011\/10\/foto-3-300x225.jpg 300w, https:\/\/medicina.udd.cl\/fonoaudiologia-santiago\/files\/2011\/10\/foto-3-768x576.jpg 768w, https:\/\/medicina.udd.cl\/fonoaudiologia-santiago\/files\/2011\/10\/foto-3-1024x768.jpg 1024w, https:\/\/medicina.udd.cl\/fonoaudiologia-santiago\/files\/2011\/10\/foto-3-960x720.jpg 960w\" sizes=\"auto, (max-width: 712px) 100vw, 712px\" \/><\/figure><figure class=\"carousel-item\"><img loading=\"lazy\" decoding=\"async\" width=\"712\" height=\"534\" src=\"https:\/\/medicina.udd.cl\/fonoaudiologia-santiago\/files\/2011\/10\/foto-2.jpg\" class=\"attachment-landscape_952 size-landscape_952\" alt=\"\" srcset=\"https:\/\/medicina.udd.cl\/fonoaudiologia-santiago\/files\/2011\/10\/foto-2.jpg 4000w, https:\/\/medicina.udd.cl\/fonoaudiologia-santiago\/files\/2011\/10\/foto-2-300x225.jpg 300w, https:\/\/medicina.udd.cl\/fonoaudiologia-santiago\/files\/2011\/10\/foto-2-768x576.jpg 768w, https:\/\/medicina.udd.cl\/fonoaudiologia-santiago\/files\/2011\/10\/foto-2-1024x768.jpg 1024w, https:\/\/medicina.udd.cl\/fonoaudiologia-santiago\/files\/2011\/10\/foto-2-960x720.jpg 960w\" sizes=\"auto, (max-width: 712px) 100vw, 712px\" \/><\/figure><figure class=\"carousel-item\"><img loading=\"lazy\" decoding=\"async\" width=\"952\" height=\"501\" src=\"https:\/\/medicina.udd.cl\/fonoaudiologia-santiago\/files\/2011\/10\/foto-1-final.jpg\" class=\"attachment-landscape_952 size-landscape_952\" alt=\"\" srcset=\"https:\/\/medicina.udd.cl\/fonoaudiologia-santiago\/files\/2011\/10\/foto-1-final.jpg 3760w, https:\/\/medicina.udd.cl\/fonoaudiologia-santiago\/files\/2011\/10\/foto-1-final-300x158.jpg 300w, https:\/\/medicina.udd.cl\/fonoaudiologia-santiago\/files\/2011\/10\/foto-1-final-768x404.jpg 768w, https:\/\/medicina.udd.cl\/fonoaudiologia-santiago\/files\/2011\/10\/foto-1-final-1024x539.jpg 1024w, https:\/\/medicina.udd.cl\/fonoaudiologia-santiago\/files\/2011\/10\/foto-1-final-960x506.jpg 960w\" sizes=\"auto, (max-width: 952px) 100vw, 952px\" \/><\/figure><\/div><footer class=\"carousel-footer\"><div class=\"carousel-counter\"><span class=\"carousel-counter-current\"><\/span> \/ <span class=\"carousel-counter-total\"><\/span><\/div><a class=\"carousel-control-prev\" href=\"#gallery-1\" role=\"button\" data-slide=\"prev\"><svg aria-hidden=\"true\" class=\"svg-chevron-left-dims\"><use xlink:href='https:\/\/medicina.udd.cl\/fonoaudiologia-santiago\/wp-content\/themes\/facultades-2018\/assets\/img\/svg\/dist\/main.svg?version=1695853099#chevron-left'><\/use><\/svg><span class=\"sr-only\">Anterior<\/span><\/a><a class=\"carousel-control-next\" href=\"#gallery-1\" role=\"button\" data-slide=\"next\"><svg aria-hidden=\"true\" class=\"svg-chevron-right-dims\"><use xlink:href='https:\/\/medicina.udd.cl\/fonoaudiologia-santiago\/wp-content\/themes\/facultades-2018\/assets\/img\/svg\/dist\/main.svg?version=1695853099#chevron-right'><\/use><\/svg><span class=\"sr-only\">Siguiente<\/span><\/a><\/footer><\/div>\n","protected":false},"excerpt":{"rendered":"<p>En el encuentro se record\u00f3 al rector Ernesto Silva, quien era un asiduo participante a esta celebraci\u00f3n.<\/p>\n","protected":false},"author":1,"featured_media":0,"comment_status":"open","ping_status":"open","sticky":false,"template":"","format":"standard","meta":{"footnotes":""},"categories":[4],"tags":[],"class_list":["post-745","post","type-post","status-publish","format-standard","hentry","category-noticias"],"yoast_head":"<!-- This site is optimized with the Yoast SEO plugin v26.9 - https:\/\/yoast.com\/product\/yoast-seo-wordpress\/ -->\n<title>Emotiva fiesta de los pacientes - Fonoaudiolog\u00eda<\/title>\n<meta name=\"robots\" content=\"index, follow, max-snippet:-1, max-image-preview:large, max-video-preview:-1\" \/>\n<link rel=\"canonical\" href=\"https:\/\/medicina.udd.cl\/fonoaudiologia-santiago\/noticias\/2011\/10\/11\/emotiva-fiesta-de-los-pacientes\/\" \/>\n<meta property=\"og:locale\" content=\"es_ES\" \/>\n<meta property=\"og:type\" content=\"article\" \/>\n<meta property=\"og:title\" content=\"Emotiva fiesta de los pacientes - Fonoaudiolog\u00eda\" \/>\n<meta property=\"og:description\" content=\"En el encuentro se record\u00f3 al rector Ernesto Silva, quien era un asiduo participante a esta celebraci\u00f3n.\" \/>\n<meta property=\"og:url\" content=\"https:\/\/medicina.udd.cl\/fonoaudiologia-santiago\/noticias\/2011\/10\/11\/emotiva-fiesta-de-los-pacientes\/\" \/>\n<meta property=\"og:site_name\" content=\"Fonoaudiolog\u00eda\" \/>\n<meta property=\"article:published_time\" content=\"2011-10-11T19:13:36+00:00\" \/>\n<meta property=\"article:modified_time\" content=\"2011-10-12T12:41:43+00:00\" \/>\n<meta property=\"og:image\" content=\"https:\/\/medicina.udd.cl\/fonoaudiologia-santiago\/files\/2011\/10\/fiesta-fono2.jpg\" \/>\n<meta name=\"author\" content=\"admin\" \/>\n<meta name=\"twitter:label1\" content=\"Escrito por\" \/>\n\t<meta name=\"twitter:data1\" content=\"admin\" \/>\n\t<meta name=\"twitter:label2\" content=\"Tiempo de lectura\" \/>\n\t<meta name=\"twitter:data2\" content=\"2 minutos\" \/>\n<script type=\"application\/ld+json\" class=\"yoast-schema-graph\">{\"@context\":\"https:\/\/schema.org\",\"@graph\":[{\"@type\":\"Article\",\"@id\":\"https:\/\/medicina.udd.cl\/fonoaudiologia-santiago\/noticias\/2011\/10\/11\/emotiva-fiesta-de-los-pacientes\/#article\",\"isPartOf\":{\"@id\":\"https:\/\/medicina.udd.cl\/fonoaudiologia-santiago\/noticias\/2011\/10\/11\/emotiva-fiesta-de-los-pacientes\/\"},\"author\":{\"name\":\"admin\",\"@id\":\"https:\/\/medicina.udd.cl\/fonoaudiologia-santiago\/#\/schema\/person\/f7abfa784c86da427e89287831f96ab7\"},\"headline\":\"Emotiva fiesta de los pacientes\",\"datePublished\":\"2011-10-11T19:13:36+00:00\",\"dateModified\":\"2011-10-12T12:41:43+00:00\",\"mainEntityOfPage\":{\"@id\":\"https:\/\/medicina.udd.cl\/fonoaudiologia-santiago\/noticias\/2011\/10\/11\/emotiva-fiesta-de-los-pacientes\/\"},\"wordCount\":483,\"commentCount\":0,\"articleSection\":[\"Noticias\"],\"inLanguage\":\"es\",\"potentialAction\":[{\"@type\":\"CommentAction\",\"name\":\"Comment\",\"target\":[\"https:\/\/medicina.udd.cl\/fonoaudiologia-santiago\/noticias\/2011\/10\/11\/emotiva-fiesta-de-los-pacientes\/#respond\"]}]},{\"@type\":\"WebPage\",\"@id\":\"https:\/\/medicina.udd.cl\/fonoaudiologia-santiago\/noticias\/2011\/10\/11\/emotiva-fiesta-de-los-pacientes\/\",\"url\":\"https:\/\/medicina.udd.cl\/fonoaudiologia-santiago\/noticias\/2011\/10\/11\/emotiva-fiesta-de-los-pacientes\/\",\"name\":\"Emotiva fiesta de los pacientes - Fonoaudiolog\u00eda\",\"isPartOf\":{\"@id\":\"https:\/\/medicina.udd.cl\/fonoaudiologia-santiago\/#website\"},\"datePublished\":\"2011-10-11T19:13:36+00:00\",\"dateModified\":\"2011-10-12T12:41:43+00:00\",\"author\":{\"@id\":\"https:\/\/medicina.udd.cl\/fonoaudiologia-santiago\/#\/schema\/person\/f7abfa784c86da427e89287831f96ab7\"},\"breadcrumb\":{\"@id\":\"https:\/\/medicina.udd.cl\/fonoaudiologia-santiago\/noticias\/2011\/10\/11\/emotiva-fiesta-de-los-pacientes\/#breadcrumb\"},\"inLanguage\":\"es\",\"potentialAction\":[{\"@type\":\"ReadAction\",\"target\":[\"https:\/\/medicina.udd.cl\/fonoaudiologia-santiago\/noticias\/2011\/10\/11\/emotiva-fiesta-de-los-pacientes\/\"]}]},{\"@type\":\"BreadcrumbList\",\"@id\":\"https:\/\/medicina.udd.cl\/fonoaudiologia-santiago\/noticias\/2011\/10\/11\/emotiva-fiesta-de-los-pacientes\/#breadcrumb\",\"itemListElement\":[{\"@type\":\"ListItem\",\"position\":1,\"name\":\"Home\",\"item\":\"https:\/\/medicina.udd.cl\/fonoaudiologia-santiago\/\"},{\"@type\":\"ListItem\",\"position\":2,\"name\":\"Emotiva fiesta de los pacientes\"}]},{\"@type\":\"WebSite\",\"@id\":\"https:\/\/medicina.udd.cl\/fonoaudiologia-santiago\/#website\",\"url\":\"https:\/\/medicina.udd.cl\/fonoaudiologia-santiago\/\",\"name\":\"Fonoaudiolog\u00eda\",\"description\":\"Facultad de Medicina Cl\u00ednica Alemana Universidad del Desarrollo\",\"inLanguage\":\"es\"},{\"@type\":\"Person\",\"@id\":\"https:\/\/medicina.udd.cl\/fonoaudiologia-santiago\/#\/schema\/person\/f7abfa784c86da427e89287831f96ab7\",\"name\":\"admin\",\"image\":{\"@type\":\"ImageObject\",\"inLanguage\":\"es\",\"@id\":\"https:\/\/medicina.udd.cl\/fonoaudiologia-santiago\/#\/schema\/person\/image\/\",\"url\":\"https:\/\/secure.gravatar.com\/avatar\/3cb6da298954dfb54457c0910b8c9ca010abd8d87a60f7d701b6ce4254e1c642?s=96&d=mm&r=g\",\"contentUrl\":\"https:\/\/secure.gravatar.com\/avatar\/3cb6da298954dfb54457c0910b8c9ca010abd8d87a60f7d701b6ce4254e1c642?s=96&d=mm&r=g\",\"caption\":\"admin\"},\"url\":\"https:\/\/medicina.udd.cl\/fonoaudiologia-santiago\/noticias\/author\/admin\/\"}]}<\/script>\n<!-- \/ Yoast SEO plugin. -->","yoast_head_json":{"title":"Emotiva fiesta de los pacientes - Fonoaudiolog\u00eda","robots":{"index":"index","follow":"follow","max-snippet":"max-snippet:-1","max-image-preview":"max-image-preview:large","max-video-preview":"max-video-preview:-1"},"canonical":"https:\/\/medicina.udd.cl\/fonoaudiologia-santiago\/noticias\/2011\/10\/11\/emotiva-fiesta-de-los-pacientes\/","og_locale":"es_ES","og_type":"article","og_title":"Emotiva fiesta de los pacientes - Fonoaudiolog\u00eda","og_description":"En el encuentro se record\u00f3 al rector Ernesto Silva, quien era un asiduo participante a esta celebraci\u00f3n.","og_url":"https:\/\/medicina.udd.cl\/fonoaudiologia-santiago\/noticias\/2011\/10\/11\/emotiva-fiesta-de-los-pacientes\/","og_site_name":"Fonoaudiolog\u00eda","article_published_time":"2011-10-11T19:13:36+00:00","article_modified_time":"2011-10-12T12:41:43+00:00","og_image":[{"url":"https:\/\/medicina.udd.cl\/fonoaudiologia-santiago\/files\/2011\/10\/fiesta-fono2.jpg","type":"","width":"","height":""}],"author":"admin","twitter_misc":{"Escrito por":"admin","Tiempo de lectura":"2 minutos"},"schema":{"@context":"https:\/\/schema.org","@graph":[{"@type":"Article","@id":"https:\/\/medicina.udd.cl\/fonoaudiologia-santiago\/noticias\/2011\/10\/11\/emotiva-fiesta-de-los-pacientes\/#article","isPartOf":{"@id":"https:\/\/medicina.udd.cl\/fonoaudiologia-santiago\/noticias\/2011\/10\/11\/emotiva-fiesta-de-los-pacientes\/"},"author":{"name":"admin","@id":"https:\/\/medicina.udd.cl\/fonoaudiologia-santiago\/#\/schema\/person\/f7abfa784c86da427e89287831f96ab7"},"headline":"Emotiva fiesta de los pacientes","datePublished":"2011-10-11T19:13:36+00:00","dateModified":"2011-10-12T12:41:43+00:00","mainEntityOfPage":{"@id":"https:\/\/medicina.udd.cl\/fonoaudiologia-santiago\/noticias\/2011\/10\/11\/emotiva-fiesta-de-los-pacientes\/"},"wordCount":483,"commentCount":0,"articleSection":["Noticias"],"inLanguage":"es","potentialAction":[{"@type":"CommentAction","name":"Comment","target":["https:\/\/medicina.udd.cl\/fonoaudiologia-santiago\/noticias\/2011\/10\/11\/emotiva-fiesta-de-los-pacientes\/#respond"]}]},{"@type":"WebPage","@id":"https:\/\/medicina.udd.cl\/fonoaudiologia-santiago\/noticias\/2011\/10\/11\/emotiva-fiesta-de-los-pacientes\/","url":"https:\/\/medicina.udd.cl\/fonoaudiologia-santiago\/noticias\/2011\/10\/11\/emotiva-fiesta-de-los-pacientes\/","name":"Emotiva fiesta de los pacientes - Fonoaudiolog\u00eda","isPartOf":{"@id":"https:\/\/medicina.udd.cl\/fonoaudiologia-santiago\/#website"},"datePublished":"2011-10-11T19:13:36+00:00","dateModified":"2011-10-12T12:41:43+00:00","author":{"@id":"https:\/\/medicina.udd.cl\/fonoaudiologia-santiago\/#\/schema\/person\/f7abfa784c86da427e89287831f96ab7"},"breadcrumb":{"@id":"https:\/\/medicina.udd.cl\/fonoaudiologia-santiago\/noticias\/2011\/10\/11\/emotiva-fiesta-de-los-pacientes\/#breadcrumb"},"inLanguage":"es","potentialAction":[{"@type":"ReadAction","target":["https:\/\/medicina.udd.cl\/fonoaudiologia-santiago\/noticias\/2011\/10\/11\/emotiva-fiesta-de-los-pacientes\/"]}]},{"@type":"BreadcrumbList","@id":"https:\/\/medicina.udd.cl\/fonoaudiologia-santiago\/noticias\/2011\/10\/11\/emotiva-fiesta-de-los-pacientes\/#breadcrumb","itemListElement":[{"@type":"ListItem","position":1,"name":"Home","item":"https:\/\/medicina.udd.cl\/fonoaudiologia-santiago\/"},{"@type":"ListItem","position":2,"name":"Emotiva fiesta de los pacientes"}]},{"@type":"WebSite","@id":"https:\/\/medicina.udd.cl\/fonoaudiologia-santiago\/#website","url":"https:\/\/medicina.udd.cl\/fonoaudiologia-santiago\/","name":"Fonoaudiolog\u00eda","description":"Facultad de Medicina Cl\u00ednica Alemana Universidad del Desarrollo","inLanguage":"es"},{"@type":"Person","@id":"https:\/\/medicina.udd.cl\/fonoaudiologia-santiago\/#\/schema\/person\/f7abfa784c86da427e89287831f96ab7","name":"admin","image":{"@type":"ImageObject","inLanguage":"es","@id":"https:\/\/medicina.udd.cl\/fonoaudiologia-santiago\/#\/schema\/person\/image\/","url":"https:\/\/secure.gravatar.com\/avatar\/3cb6da298954dfb54457c0910b8c9ca010abd8d87a60f7d701b6ce4254e1c642?s=96&d=mm&r=g","contentUrl":"https:\/\/secure.gravatar.com\/avatar\/3cb6da298954dfb54457c0910b8c9ca010abd8d87a60f7d701b6ce4254e1c642?s=96&d=mm&r=g","caption":"admin"},"url":"https:\/\/medicina.udd.cl\/fonoaudiologia-santiago\/noticias\/author\/admin\/"}]}},"featured_image_url":null,"_links":{"self":[{"href":"https:\/\/medicina.udd.cl\/fonoaudiologia-santiago\/wp-json\/wp\/v2\/posts\/745","targetHints":{"allow":["GET"]}}],"collection":[{"href":"https:\/\/medicina.udd.cl\/fonoaudiologia-santiago\/wp-json\/wp\/v2\/posts"}],"about":[{"href":"https:\/\/medicina.udd.cl\/fonoaudiologia-santiago\/wp-json\/wp\/v2\/types\/post"}],"author":[{"embeddable":true,"href":"https:\/\/medicina.udd.cl\/fonoaudiologia-santiago\/wp-json\/wp\/v2\/users\/1"}],"replies":[{"embeddable":true,"href":"https:\/\/medicina.udd.cl\/fonoaudiologia-santiago\/wp-json\/wp\/v2\/comments?post=745"}],"version-history":[{"count":20,"href":"https:\/\/medicina.udd.cl\/fonoaudiologia-santiago\/wp-json\/wp\/v2\/posts\/745\/revisions"}],"predecessor-version":[{"id":774,"href":"https:\/\/medicina.udd.cl\/fonoaudiologia-santiago\/wp-json\/wp\/v2\/posts\/745\/revisions\/774"}],"wp:attachment":[{"href":"https:\/\/medicina.udd.cl\/fonoaudiologia-santiago\/wp-json\/wp\/v2\/media?parent=745"}],"wp:term":[{"taxonomy":"category","embeddable":true,"href":"https:\/\/medicina.udd.cl\/fonoaudiologia-santiago\/wp-json\/wp\/v2\/categories?post=745"},{"taxonomy":"post_tag","embeddable":true,"href":"https:\/\/medicina.udd.cl\/fonoaudiologia-santiago\/wp-json\/wp\/v2\/tags?post=745"}],"curies":[{"name":"wp","href":"https:\/\/api.w.org\/{rel}","templated":true}]}}