{"id":792,"date":"2011-10-24T14:45:20","date_gmt":"2011-10-24T17:45:20","guid":{"rendered":"http:\/\/medicina.udd.cl\/fonoaudiologia-santiago\/?p=792"},"modified":"2011-10-25T14:55:00","modified_gmt":"2011-10-25T17:55:00","slug":"docente-expone-en-interesante-congreso","status":"publish","type":"post","link":"https:\/\/medicina.udd.cl\/fonoaudiologia-santiago\/noticias\/2011\/10\/24\/docente-expone-en-interesante-congreso\/","title":{"rendered":"Docente expone en interesante congreso"},"content":{"rendered":"<p>\u00a0<\/p>\n<p style=\"text-align: justify;\"><a href=\"http:\/\/medicina.udd.cl\/fonoaudiologia-santiago\/files\/2011\/10\/foto-rodrigo-trujillo.jpg\"><img loading=\"lazy\" decoding=\"async\" class=\"alignleft size-full wp-image-794\" title=\"Rodrigo Trujillo\" src=\"http:\/\/medicina.udd.cl\/fonoaudiologia-santiago\/files\/2011\/10\/foto-rodrigo-trujillo.jpg\" alt=\"\" width=\"160\" height=\"187\" \/><\/a>Entre los d\u00edas 20 y 22 de octubre se realiz\u00f3 el XXVIII Congreso Chileno de Fonoaudiolog\u00eda donde el docente\u00a0Rodrigo Trujillo Manr\u00edquez\u00a0present\u00f3 el tema: <strong>An\u00e1lisis del discurso en pacientes con esquizofrenia.<\/strong><\/p>\n<p style=\"text-align: justify;\">Seg\u00fan el profesor, \u00abel objetivo de la exposici\u00f3n era poner en evidencia el trabajo desarrollado en este nuevo \u00e1mbito laboral e incitar a los participantes a desarrollar labores terap\u00e9uticas con poblaci\u00f3n que presente discapacidad ps\u00edquica\u00bb, explic\u00f3.<\/p>\n<p style=\"text-align: justify;\">Entre otros temas, tambi\u00e9n se habl\u00f3 sobre la\u00a0audiolog\u00eda, lenguaje infantil, lenguaje en el adulto mayor, voz, sistema estomatogn\u00e1tico, docencia universitaria, entre otros.<\/p>\n","protected":false},"excerpt":{"rendered":"<p>Rodrigo Trujillo, coordinador del \u00e1rea de Ling\u00fcistica, particip\u00f3 en el XXVIII Congreso Chileno de Fonoaudiolog\u00eda. <\/p>\n","protected":false},"author":1,"featured_media":0,"comment_status":"open","ping_status":"open","sticky":false,"template":"","format":"standard","meta":{"footnotes":""},"categories":[4],"tags":[],"class_list":["post-792","post","type-post","status-publish","format-standard","hentry","category-noticias"],"yoast_head":"<!-- This site is optimized with the Yoast SEO plugin v26.9 - https:\/\/yoast.com\/product\/yoast-seo-wordpress\/ -->\n<title>Docente expone en interesante congreso - Fonoaudiolog\u00eda<\/title>\n<meta name=\"robots\" content=\"index, follow, max-snippet:-1, max-image-preview:large, max-video-preview:-1\" \/>\n<link rel=\"canonical\" href=\"https:\/\/medicina.udd.cl\/fonoaudiologia-santiago\/noticias\/2011\/10\/24\/docente-expone-en-interesante-congreso\/\" \/>\n<meta property=\"og:locale\" content=\"es_ES\" \/>\n<meta property=\"og:type\" content=\"article\" \/>\n<meta property=\"og:title\" content=\"Docente expone en interesante congreso - Fonoaudiolog\u00eda\" \/>\n<meta property=\"og:description\" content=\"Rodrigo Trujillo, coordinador del \u00e1rea de Ling\u00fcistica, particip\u00f3 en el XXVIII Congreso Chileno de Fonoaudiolog\u00eda.\" \/>\n<meta property=\"og:url\" content=\"https:\/\/medicina.udd.cl\/fonoaudiologia-santiago\/noticias\/2011\/10\/24\/docente-expone-en-interesante-congreso\/\" \/>\n<meta property=\"og:site_name\" content=\"Fonoaudiolog\u00eda\" \/>\n<meta property=\"article:published_time\" content=\"2011-10-24T17:45:20+00:00\" \/>\n<meta property=\"article:modified_time\" content=\"2011-10-25T17:55:00+00:00\" \/>\n<meta property=\"og:image\" content=\"http:\/\/medicina.udd.cl\/fonoaudiologia-santiago\/files\/2011\/10\/foto-rodrigo-trujillo.jpg\" \/>\n<meta name=\"author\" content=\"admin\" \/>\n<meta name=\"twitter:label1\" content=\"Escrito por\" \/>\n\t<meta name=\"twitter:data1\" content=\"admin\" \/>\n\t<meta name=\"twitter:label2\" content=\"Tiempo de lectura\" \/>\n\t<meta name=\"twitter:data2\" content=\"1 minuto\" \/>\n<script type=\"application\/ld+json\" class=\"yoast-schema-graph\">{\"@context\":\"https:\/\/schema.org\",\"@graph\":[{\"@type\":\"Article\",\"@id\":\"https:\/\/medicina.udd.cl\/fonoaudiologia-santiago\/noticias\/2011\/10\/24\/docente-expone-en-interesante-congreso\/#article\",\"isPartOf\":{\"@id\":\"https:\/\/medicina.udd.cl\/fonoaudiologia-santiago\/noticias\/2011\/10\/24\/docente-expone-en-interesante-congreso\/\"},\"author\":{\"name\":\"admin\",\"@id\":\"https:\/\/medicina.udd.cl\/fonoaudiologia-santiago\/#\/schema\/person\/f7abfa784c86da427e89287831f96ab7\"},\"headline\":\"Docente expone en interesante congreso\",\"datePublished\":\"2011-10-24T17:45:20+00:00\",\"dateModified\":\"2011-10-25T17:55:00+00:00\",\"mainEntityOfPage\":{\"@id\":\"https:\/\/medicina.udd.cl\/fonoaudiologia-santiago\/noticias\/2011\/10\/24\/docente-expone-en-interesante-congreso\/\"},\"wordCount\":106,\"commentCount\":0,\"image\":{\"@id\":\"https:\/\/medicina.udd.cl\/fonoaudiologia-santiago\/noticias\/2011\/10\/24\/docente-expone-en-interesante-congreso\/#primaryimage\"},\"thumbnailUrl\":\"http:\/\/medicina.udd.cl\/fonoaudiologia-santiago\/files\/2011\/10\/foto-rodrigo-trujillo.jpg\",\"articleSection\":[\"Noticias\"],\"inLanguage\":\"es\",\"potentialAction\":[{\"@type\":\"CommentAction\",\"name\":\"Comment\",\"target\":[\"https:\/\/medicina.udd.cl\/fonoaudiologia-santiago\/noticias\/2011\/10\/24\/docente-expone-en-interesante-congreso\/#respond\"]}]},{\"@type\":\"WebPage\",\"@id\":\"https:\/\/medicina.udd.cl\/fonoaudiologia-santiago\/noticias\/2011\/10\/24\/docente-expone-en-interesante-congreso\/\",\"url\":\"https:\/\/medicina.udd.cl\/fonoaudiologia-santiago\/noticias\/2011\/10\/24\/docente-expone-en-interesante-congreso\/\",\"name\":\"Docente expone en interesante congreso - Fonoaudiolog\u00eda\",\"isPartOf\":{\"@id\":\"https:\/\/medicina.udd.cl\/fonoaudiologia-santiago\/#website\"},\"primaryImageOfPage\":{\"@id\":\"https:\/\/medicina.udd.cl\/fonoaudiologia-santiago\/noticias\/2011\/10\/24\/docente-expone-en-interesante-congreso\/#primaryimage\"},\"image\":{\"@id\":\"https:\/\/medicina.udd.cl\/fonoaudiologia-santiago\/noticias\/2011\/10\/24\/docente-expone-en-interesante-congreso\/#primaryimage\"},\"thumbnailUrl\":\"http:\/\/medicina.udd.cl\/fonoaudiologia-santiago\/files\/2011\/10\/foto-rodrigo-trujillo.jpg\",\"datePublished\":\"2011-10-24T17:45:20+00:00\",\"dateModified\":\"2011-10-25T17:55:00+00:00\",\"author\":{\"@id\":\"https:\/\/medicina.udd.cl\/fonoaudiologia-santiago\/#\/schema\/person\/f7abfa784c86da427e89287831f96ab7\"},\"breadcrumb\":{\"@id\":\"https:\/\/medicina.udd.cl\/fonoaudiologia-santiago\/noticias\/2011\/10\/24\/docente-expone-en-interesante-congreso\/#breadcrumb\"},\"inLanguage\":\"es\",\"potentialAction\":[{\"@type\":\"ReadAction\",\"target\":[\"https:\/\/medicina.udd.cl\/fonoaudiologia-santiago\/noticias\/2011\/10\/24\/docente-expone-en-interesante-congreso\/\"]}]},{\"@type\":\"ImageObject\",\"inLanguage\":\"es\",\"@id\":\"https:\/\/medicina.udd.cl\/fonoaudiologia-santiago\/noticias\/2011\/10\/24\/docente-expone-en-interesante-congreso\/#primaryimage\",\"url\":\"http:\/\/medicina.udd.cl\/fonoaudiologia-santiago\/files\/2011\/10\/foto-rodrigo-trujillo.jpg\",\"contentUrl\":\"http:\/\/medicina.udd.cl\/fonoaudiologia-santiago\/files\/2011\/10\/foto-rodrigo-trujillo.jpg\"},{\"@type\":\"BreadcrumbList\",\"@id\":\"https:\/\/medicina.udd.cl\/fonoaudiologia-santiago\/noticias\/2011\/10\/24\/docente-expone-en-interesante-congreso\/#breadcrumb\",\"itemListElement\":[{\"@type\":\"ListItem\",\"position\":1,\"name\":\"Home\",\"item\":\"https:\/\/medicina.udd.cl\/fonoaudiologia-santiago\/\"},{\"@type\":\"ListItem\",\"position\":2,\"name\":\"Docente expone en interesante congreso\"}]},{\"@type\":\"WebSite\",\"@id\":\"https:\/\/medicina.udd.cl\/fonoaudiologia-santiago\/#website\",\"url\":\"https:\/\/medicina.udd.cl\/fonoaudiologia-santiago\/\",\"name\":\"Fonoaudiolog\u00eda\",\"description\":\"Facultad de Medicina Cl\u00ednica Alemana Universidad del Desarrollo\",\"inLanguage\":\"es\"},{\"@type\":\"Person\",\"@id\":\"https:\/\/medicina.udd.cl\/fonoaudiologia-santiago\/#\/schema\/person\/f7abfa784c86da427e89287831f96ab7\",\"name\":\"admin\",\"image\":{\"@type\":\"ImageObject\",\"inLanguage\":\"es\",\"@id\":\"https:\/\/medicina.udd.cl\/fonoaudiologia-santiago\/#\/schema\/person\/image\/\",\"url\":\"https:\/\/secure.gravatar.com\/avatar\/3cb6da298954dfb54457c0910b8c9ca010abd8d87a60f7d701b6ce4254e1c642?s=96&d=mm&r=g\",\"contentUrl\":\"https:\/\/secure.gravatar.com\/avatar\/3cb6da298954dfb54457c0910b8c9ca010abd8d87a60f7d701b6ce4254e1c642?s=96&d=mm&r=g\",\"caption\":\"admin\"},\"url\":\"https:\/\/medicina.udd.cl\/fonoaudiologia-santiago\/noticias\/author\/admin\/\"}]}<\/script>\n<!-- \/ Yoast SEO plugin. -->","yoast_head_json":{"title":"Docente expone en interesante congreso - Fonoaudiolog\u00eda","robots":{"index":"index","follow":"follow","max-snippet":"max-snippet:-1","max-image-preview":"max-image-preview:large","max-video-preview":"max-video-preview:-1"},"canonical":"https:\/\/medicina.udd.cl\/fonoaudiologia-santiago\/noticias\/2011\/10\/24\/docente-expone-en-interesante-congreso\/","og_locale":"es_ES","og_type":"article","og_title":"Docente expone en interesante congreso - Fonoaudiolog\u00eda","og_description":"Rodrigo Trujillo, coordinador del \u00e1rea de Ling\u00fcistica, particip\u00f3 en el XXVIII Congreso Chileno de Fonoaudiolog\u00eda.","og_url":"https:\/\/medicina.udd.cl\/fonoaudiologia-santiago\/noticias\/2011\/10\/24\/docente-expone-en-interesante-congreso\/","og_site_name":"Fonoaudiolog\u00eda","article_published_time":"2011-10-24T17:45:20+00:00","article_modified_time":"2011-10-25T17:55:00+00:00","og_image":[{"url":"http:\/\/medicina.udd.cl\/fonoaudiologia-santiago\/files\/2011\/10\/foto-rodrigo-trujillo.jpg","type":"","width":"","height":""}],"author":"admin","twitter_misc":{"Escrito por":"admin","Tiempo de lectura":"1 minuto"},"schema":{"@context":"https:\/\/schema.org","@graph":[{"@type":"Article","@id":"https:\/\/medicina.udd.cl\/fonoaudiologia-santiago\/noticias\/2011\/10\/24\/docente-expone-en-interesante-congreso\/#article","isPartOf":{"@id":"https:\/\/medicina.udd.cl\/fonoaudiologia-santiago\/noticias\/2011\/10\/24\/docente-expone-en-interesante-congreso\/"},"author":{"name":"admin","@id":"https:\/\/medicina.udd.cl\/fonoaudiologia-santiago\/#\/schema\/person\/f7abfa784c86da427e89287831f96ab7"},"headline":"Docente expone en interesante congreso","datePublished":"2011-10-24T17:45:20+00:00","dateModified":"2011-10-25T17:55:00+00:00","mainEntityOfPage":{"@id":"https:\/\/medicina.udd.cl\/fonoaudiologia-santiago\/noticias\/2011\/10\/24\/docente-expone-en-interesante-congreso\/"},"wordCount":106,"commentCount":0,"image":{"@id":"https:\/\/medicina.udd.cl\/fonoaudiologia-santiago\/noticias\/2011\/10\/24\/docente-expone-en-interesante-congreso\/#primaryimage"},"thumbnailUrl":"http:\/\/medicina.udd.cl\/fonoaudiologia-santiago\/files\/2011\/10\/foto-rodrigo-trujillo.jpg","articleSection":["Noticias"],"inLanguage":"es","potentialAction":[{"@type":"CommentAction","name":"Comment","target":["https:\/\/medicina.udd.cl\/fonoaudiologia-santiago\/noticias\/2011\/10\/24\/docente-expone-en-interesante-congreso\/#respond"]}]},{"@type":"WebPage","@id":"https:\/\/medicina.udd.cl\/fonoaudiologia-santiago\/noticias\/2011\/10\/24\/docente-expone-en-interesante-congreso\/","url":"https:\/\/medicina.udd.cl\/fonoaudiologia-santiago\/noticias\/2011\/10\/24\/docente-expone-en-interesante-congreso\/","name":"Docente expone en interesante congreso - Fonoaudiolog\u00eda","isPartOf":{"@id":"https:\/\/medicina.udd.cl\/fonoaudiologia-santiago\/#website"},"primaryImageOfPage":{"@id":"https:\/\/medicina.udd.cl\/fonoaudiologia-santiago\/noticias\/2011\/10\/24\/docente-expone-en-interesante-congreso\/#primaryimage"},"image":{"@id":"https:\/\/medicina.udd.cl\/fonoaudiologia-santiago\/noticias\/2011\/10\/24\/docente-expone-en-interesante-congreso\/#primaryimage"},"thumbnailUrl":"http:\/\/medicina.udd.cl\/fonoaudiologia-santiago\/files\/2011\/10\/foto-rodrigo-trujillo.jpg","datePublished":"2011-10-24T17:45:20+00:00","dateModified":"2011-10-25T17:55:00+00:00","author":{"@id":"https:\/\/medicina.udd.cl\/fonoaudiologia-santiago\/#\/schema\/person\/f7abfa784c86da427e89287831f96ab7"},"breadcrumb":{"@id":"https:\/\/medicina.udd.cl\/fonoaudiologia-santiago\/noticias\/2011\/10\/24\/docente-expone-en-interesante-congreso\/#breadcrumb"},"inLanguage":"es","potentialAction":[{"@type":"ReadAction","target":["https:\/\/medicina.udd.cl\/fonoaudiologia-santiago\/noticias\/2011\/10\/24\/docente-expone-en-interesante-congreso\/"]}]},{"@type":"ImageObject","inLanguage":"es","@id":"https:\/\/medicina.udd.cl\/fonoaudiologia-santiago\/noticias\/2011\/10\/24\/docente-expone-en-interesante-congreso\/#primaryimage","url":"http:\/\/medicina.udd.cl\/fonoaudiologia-santiago\/files\/2011\/10\/foto-rodrigo-trujillo.jpg","contentUrl":"http:\/\/medicina.udd.cl\/fonoaudiologia-santiago\/files\/2011\/10\/foto-rodrigo-trujillo.jpg"},{"@type":"BreadcrumbList","@id":"https:\/\/medicina.udd.cl\/fonoaudiologia-santiago\/noticias\/2011\/10\/24\/docente-expone-en-interesante-congreso\/#breadcrumb","itemListElement":[{"@type":"ListItem","position":1,"name":"Home","item":"https:\/\/medicina.udd.cl\/fonoaudiologia-santiago\/"},{"@type":"ListItem","position":2,"name":"Docente expone en interesante congreso"}]},{"@type":"WebSite","@id":"https:\/\/medicina.udd.cl\/fonoaudiologia-santiago\/#website","url":"https:\/\/medicina.udd.cl\/fonoaudiologia-santiago\/","name":"Fonoaudiolog\u00eda","description":"Facultad de Medicina Cl\u00ednica Alemana Universidad del Desarrollo","inLanguage":"es"},{"@type":"Person","@id":"https:\/\/medicina.udd.cl\/fonoaudiologia-santiago\/#\/schema\/person\/f7abfa784c86da427e89287831f96ab7","name":"admin","image":{"@type":"ImageObject","inLanguage":"es","@id":"https:\/\/medicina.udd.cl\/fonoaudiologia-santiago\/#\/schema\/person\/image\/","url":"https:\/\/secure.gravatar.com\/avatar\/3cb6da298954dfb54457c0910b8c9ca010abd8d87a60f7d701b6ce4254e1c642?s=96&d=mm&r=g","contentUrl":"https:\/\/secure.gravatar.com\/avatar\/3cb6da298954dfb54457c0910b8c9ca010abd8d87a60f7d701b6ce4254e1c642?s=96&d=mm&r=g","caption":"admin"},"url":"https:\/\/medicina.udd.cl\/fonoaudiologia-santiago\/noticias\/author\/admin\/"}]}},"featured_image_url":null,"_links":{"self":[{"href":"https:\/\/medicina.udd.cl\/fonoaudiologia-santiago\/wp-json\/wp\/v2\/posts\/792","targetHints":{"allow":["GET"]}}],"collection":[{"href":"https:\/\/medicina.udd.cl\/fonoaudiologia-santiago\/wp-json\/wp\/v2\/posts"}],"about":[{"href":"https:\/\/medicina.udd.cl\/fonoaudiologia-santiago\/wp-json\/wp\/v2\/types\/post"}],"author":[{"embeddable":true,"href":"https:\/\/medicina.udd.cl\/fonoaudiologia-santiago\/wp-json\/wp\/v2\/users\/1"}],"replies":[{"embeddable":true,"href":"https:\/\/medicina.udd.cl\/fonoaudiologia-santiago\/wp-json\/wp\/v2\/comments?post=792"}],"version-history":[{"count":5,"href":"https:\/\/medicina.udd.cl\/fonoaudiologia-santiago\/wp-json\/wp\/v2\/posts\/792\/revisions"}],"predecessor-version":[{"id":798,"href":"https:\/\/medicina.udd.cl\/fonoaudiologia-santiago\/wp-json\/wp\/v2\/posts\/792\/revisions\/798"}],"wp:attachment":[{"href":"https:\/\/medicina.udd.cl\/fonoaudiologia-santiago\/wp-json\/wp\/v2\/media?parent=792"}],"wp:term":[{"taxonomy":"category","embeddable":true,"href":"https:\/\/medicina.udd.cl\/fonoaudiologia-santiago\/wp-json\/wp\/v2\/categories?post=792"},{"taxonomy":"post_tag","embeddable":true,"href":"https:\/\/medicina.udd.cl\/fonoaudiologia-santiago\/wp-json\/wp\/v2\/tags?post=792"}],"curies":[{"name":"wp","href":"https:\/\/api.w.org\/{rel}","templated":true}]}}