{"id":809,"date":"2011-11-09T15:55:52","date_gmt":"2011-11-09T18:55:52","guid":{"rendered":"http:\/\/medicina.udd.cl\/fonoaudiologia-santiago\/?p=809"},"modified":"2011-11-09T15:57:01","modified_gmt":"2011-11-09T18:57:01","slug":"cierre-de-actividades-practicas-asignaturas-area-linguistica","status":"publish","type":"post","link":"https:\/\/medicina.udd.cl\/fonoaudiologia-santiago\/noticias\/2011\/11\/09\/cierre-de-actividades-practicas-asignaturas-area-linguistica\/","title":{"rendered":"Cierre de actividades pr\u00e1cticas asignaturas \u00e1rea ling\u00fc\u00edstica"},"content":{"rendered":"<p style=\"text-align: justify;\">Bajo las asignaturas de <strong>Forma, Contenido y Uso del Lenguaje<\/strong> y\u00a0<strong>Sem\u00e1ntica y Pragm\u00e1tica y Psicoling\u00fc\u00edstica,<\/strong> los alumnos de Fonoaudiolog\u00eda\u00a0realizaron sus visitas a: escuelas b\u00e1sicas rurales, de lenguaje, escuelas especiales de menores con retos m\u00faltiples y hogares de ancianos con el fin de aplicar los contenidos vertidos en clases.<\/p>\n<p style=\"text-align: justify;\">Los estudiantes, como ya es tradici\u00f3n, agradecieron la posibilidad de llevar a cabo estas actividades y poder acercarse\u00a0a\u00fan m\u00e1s\u00a0a su futura labor profesional.<\/p>\n<p style=\"text-align: justify;\">Seg\u00fan la directora de carrera, Mar\u00eda Ang\u00e9lica L\u00f3pez,\u00a0es importante resaltar\u00a0que en\u00a0los diferentes lugares visitados\u00a0se destac\u00f3\u00a0el nivel de compromiso, respeto, educaci\u00f3n y formaci\u00f3n de los alumnos.<\/p>\n<div id=\"gallery-1\" class=\"carousel slide carousel-gallery\" data-ride=\"false\" data-interval=\"false\"><div class=\"carousel-inner\" role=\"listbox\"><figure class=\"carousel-item active\"><img loading=\"lazy\" decoding=\"async\" width=\"740\" height=\"534\" src=\"https:\/\/medicina.udd.cl\/fonoaudiologia-santiago\/files\/2011\/11\/fin-4.jpg\" class=\"attachment-landscape_952 size-landscape_952\" alt=\"\" srcset=\"https:\/\/medicina.udd.cl\/fonoaudiologia-santiago\/files\/2011\/11\/fin-4.jpg 1000w, https:\/\/medicina.udd.cl\/fonoaudiologia-santiago\/files\/2011\/11\/fin-4-300x217.jpg 300w, https:\/\/medicina.udd.cl\/fonoaudiologia-santiago\/files\/2011\/11\/fin-4-768x554.jpg 768w, https:\/\/medicina.udd.cl\/fonoaudiologia-santiago\/files\/2011\/11\/fin-4-286x205.jpg 286w, https:\/\/medicina.udd.cl\/fonoaudiologia-santiago\/files\/2011\/11\/fin-4-87x62.jpg 87w, https:\/\/medicina.udd.cl\/fonoaudiologia-santiago\/files\/2011\/11\/fin-4-960x693.jpg 960w\" sizes=\"auto, (max-width: 740px) 100vw, 740px\" \/><\/figure><figure class=\"carousel-item\"><img loading=\"lazy\" decoding=\"async\" width=\"712\" height=\"534\" src=\"https:\/\/medicina.udd.cl\/fonoaudiologia-santiago\/files\/2011\/11\/fin-3.jpg\" class=\"attachment-landscape_952 size-landscape_952\" alt=\"\" srcset=\"https:\/\/medicina.udd.cl\/fonoaudiologia-santiago\/files\/2011\/11\/fin-3.jpg 1000w, https:\/\/medicina.udd.cl\/fonoaudiologia-santiago\/files\/2011\/11\/fin-3-300x225.jpg 300w, https:\/\/medicina.udd.cl\/fonoaudiologia-santiago\/files\/2011\/11\/fin-3-768x576.jpg 768w, https:\/\/medicina.udd.cl\/fonoaudiologia-santiago\/files\/2011\/11\/fin-3-960x720.jpg 960w\" sizes=\"auto, (max-width: 712px) 100vw, 712px\" \/><\/figure><figure class=\"carousel-item\"><img loading=\"lazy\" decoding=\"async\" width=\"712\" height=\"534\" src=\"https:\/\/medicina.udd.cl\/fonoaudiologia-santiago\/files\/2011\/11\/Fin-2.jpg\" class=\"attachment-landscape_952 size-landscape_952\" alt=\"\" srcset=\"https:\/\/medicina.udd.cl\/fonoaudiologia-santiago\/files\/2011\/11\/Fin-2.jpg 1000w, https:\/\/medicina.udd.cl\/fonoaudiologia-santiago\/files\/2011\/11\/Fin-2-300x225.jpg 300w, https:\/\/medicina.udd.cl\/fonoaudiologia-santiago\/files\/2011\/11\/Fin-2-768x576.jpg 768w, https:\/\/medicina.udd.cl\/fonoaudiologia-santiago\/files\/2011\/11\/Fin-2-960x720.jpg 960w\" sizes=\"auto, (max-width: 712px) 100vw, 712px\" \/><\/figure><figure class=\"carousel-item\"><img loading=\"lazy\" decoding=\"async\" width=\"712\" height=\"534\" src=\"https:\/\/medicina.udd.cl\/fonoaudiologia-santiago\/files\/2011\/11\/Fin-1.jpg\" class=\"attachment-landscape_952 size-landscape_952\" alt=\"\" srcset=\"https:\/\/medicina.udd.cl\/fonoaudiologia-santiago\/files\/2011\/11\/Fin-1.jpg 1000w, https:\/\/medicina.udd.cl\/fonoaudiologia-santiago\/files\/2011\/11\/Fin-1-300x225.jpg 300w, https:\/\/medicina.udd.cl\/fonoaudiologia-santiago\/files\/2011\/11\/Fin-1-768x576.jpg 768w, https:\/\/medicina.udd.cl\/fonoaudiologia-santiago\/files\/2011\/11\/Fin-1-960x720.jpg 960w\" sizes=\"auto, (max-width: 712px) 100vw, 712px\" \/><\/figure><\/div><footer class=\"carousel-footer\"><div class=\"carousel-counter\"><span class=\"carousel-counter-current\"><\/span> \/ <span class=\"carousel-counter-total\"><\/span><\/div><a class=\"carousel-control-prev\" href=\"#gallery-1\" role=\"button\" data-slide=\"prev\"><svg aria-hidden=\"true\" class=\"svg-chevron-left-dims\"><use xlink:href='https:\/\/medicina.udd.cl\/fonoaudiologia-santiago\/wp-content\/themes\/facultades-2018\/assets\/img\/svg\/dist\/main.svg?version=1695853099#chevron-left'><\/use><\/svg><span class=\"sr-only\">Anterior<\/span><\/a><a class=\"carousel-control-next\" href=\"#gallery-1\" role=\"button\" data-slide=\"next\"><svg aria-hidden=\"true\" class=\"svg-chevron-right-dims\"><use xlink:href='https:\/\/medicina.udd.cl\/fonoaudiologia-santiago\/wp-content\/themes\/facultades-2018\/assets\/img\/svg\/dist\/main.svg?version=1695853099#chevron-right'><\/use><\/svg><span class=\"sr-only\">Siguiente<\/span><\/a><\/footer><\/div>\n","protected":false},"excerpt":{"rendered":"<p>Con gran \u00e9xito y entusiasmo se dio fin a las actividades realizadas en terreno.<\/p>\n","protected":false},"author":1,"featured_media":0,"comment_status":"open","ping_status":"open","sticky":false,"template":"","format":"standard","meta":{"footnotes":""},"categories":[4],"tags":[],"class_list":["post-809","post","type-post","status-publish","format-standard","hentry","category-noticias"],"yoast_head":"<!-- This site is optimized with the Yoast SEO plugin v26.9 - https:\/\/yoast.com\/product\/yoast-seo-wordpress\/ -->\n<title>Cierre de actividades pr\u00e1cticas asignaturas \u00e1rea ling\u00fc\u00edstica - Fonoaudiolog\u00eda<\/title>\n<meta name=\"robots\" content=\"index, follow, max-snippet:-1, max-image-preview:large, max-video-preview:-1\" \/>\n<link rel=\"canonical\" href=\"https:\/\/medicina.udd.cl\/fonoaudiologia-santiago\/noticias\/2011\/11\/09\/cierre-de-actividades-practicas-asignaturas-area-linguistica\/\" \/>\n<meta property=\"og:locale\" content=\"es_ES\" \/>\n<meta property=\"og:type\" content=\"article\" \/>\n<meta property=\"og:title\" content=\"Cierre de actividades pr\u00e1cticas asignaturas \u00e1rea ling\u00fc\u00edstica - Fonoaudiolog\u00eda\" \/>\n<meta property=\"og:description\" content=\"Con gran \u00e9xito y entusiasmo se dio fin a las actividades realizadas en terreno.\" \/>\n<meta property=\"og:url\" content=\"https:\/\/medicina.udd.cl\/fonoaudiologia-santiago\/noticias\/2011\/11\/09\/cierre-de-actividades-practicas-asignaturas-area-linguistica\/\" \/>\n<meta property=\"og:site_name\" content=\"Fonoaudiolog\u00eda\" \/>\n<meta property=\"article:published_time\" content=\"2011-11-09T18:55:52+00:00\" \/>\n<meta property=\"article:modified_time\" content=\"2011-11-09T18:57:01+00:00\" \/>\n<meta property=\"og:image\" content=\"https:\/\/medicina.udd.cl\/fonoaudiologia-santiago\/files\/2011\/11\/fin-4.jpg\" \/>\n<meta name=\"author\" content=\"admin\" \/>\n<meta name=\"twitter:label1\" content=\"Escrito por\" \/>\n\t<meta name=\"twitter:data1\" content=\"admin\" \/>\n\t<meta name=\"twitter:label2\" content=\"Tiempo de lectura\" \/>\n\t<meta name=\"twitter:data2\" content=\"1 minuto\" \/>\n<script type=\"application\/ld+json\" class=\"yoast-schema-graph\">{\"@context\":\"https:\/\/schema.org\",\"@graph\":[{\"@type\":\"Article\",\"@id\":\"https:\/\/medicina.udd.cl\/fonoaudiologia-santiago\/noticias\/2011\/11\/09\/cierre-de-actividades-practicas-asignaturas-area-linguistica\/#article\",\"isPartOf\":{\"@id\":\"https:\/\/medicina.udd.cl\/fonoaudiologia-santiago\/noticias\/2011\/11\/09\/cierre-de-actividades-practicas-asignaturas-area-linguistica\/\"},\"author\":{\"name\":\"admin\",\"@id\":\"https:\/\/medicina.udd.cl\/fonoaudiologia-santiago\/#\/schema\/person\/f7abfa784c86da427e89287831f96ab7\"},\"headline\":\"Cierre de actividades pr\u00e1cticas asignaturas \u00e1rea ling\u00fc\u00edstica\",\"datePublished\":\"2011-11-09T18:55:52+00:00\",\"dateModified\":\"2011-11-09T18:57:01+00:00\",\"mainEntityOfPage\":{\"@id\":\"https:\/\/medicina.udd.cl\/fonoaudiologia-santiago\/noticias\/2011\/11\/09\/cierre-de-actividades-practicas-asignaturas-area-linguistica\/\"},\"wordCount\":132,\"commentCount\":0,\"articleSection\":[\"Noticias\"],\"inLanguage\":\"es\",\"potentialAction\":[{\"@type\":\"CommentAction\",\"name\":\"Comment\",\"target\":[\"https:\/\/medicina.udd.cl\/fonoaudiologia-santiago\/noticias\/2011\/11\/09\/cierre-de-actividades-practicas-asignaturas-area-linguistica\/#respond\"]}]},{\"@type\":\"WebPage\",\"@id\":\"https:\/\/medicina.udd.cl\/fonoaudiologia-santiago\/noticias\/2011\/11\/09\/cierre-de-actividades-practicas-asignaturas-area-linguistica\/\",\"url\":\"https:\/\/medicina.udd.cl\/fonoaudiologia-santiago\/noticias\/2011\/11\/09\/cierre-de-actividades-practicas-asignaturas-area-linguistica\/\",\"name\":\"Cierre de actividades pr\u00e1cticas asignaturas \u00e1rea ling\u00fc\u00edstica - Fonoaudiolog\u00eda\",\"isPartOf\":{\"@id\":\"https:\/\/medicina.udd.cl\/fonoaudiologia-santiago\/#website\"},\"datePublished\":\"2011-11-09T18:55:52+00:00\",\"dateModified\":\"2011-11-09T18:57:01+00:00\",\"author\":{\"@id\":\"https:\/\/medicina.udd.cl\/fonoaudiologia-santiago\/#\/schema\/person\/f7abfa784c86da427e89287831f96ab7\"},\"breadcrumb\":{\"@id\":\"https:\/\/medicina.udd.cl\/fonoaudiologia-santiago\/noticias\/2011\/11\/09\/cierre-de-actividades-practicas-asignaturas-area-linguistica\/#breadcrumb\"},\"inLanguage\":\"es\",\"potentialAction\":[{\"@type\":\"ReadAction\",\"target\":[\"https:\/\/medicina.udd.cl\/fonoaudiologia-santiago\/noticias\/2011\/11\/09\/cierre-de-actividades-practicas-asignaturas-area-linguistica\/\"]}]},{\"@type\":\"BreadcrumbList\",\"@id\":\"https:\/\/medicina.udd.cl\/fonoaudiologia-santiago\/noticias\/2011\/11\/09\/cierre-de-actividades-practicas-asignaturas-area-linguistica\/#breadcrumb\",\"itemListElement\":[{\"@type\":\"ListItem\",\"position\":1,\"name\":\"Home\",\"item\":\"https:\/\/medicina.udd.cl\/fonoaudiologia-santiago\/\"},{\"@type\":\"ListItem\",\"position\":2,\"name\":\"Cierre de actividades pr\u00e1cticas asignaturas \u00e1rea ling\u00fc\u00edstica\"}]},{\"@type\":\"WebSite\",\"@id\":\"https:\/\/medicina.udd.cl\/fonoaudiologia-santiago\/#website\",\"url\":\"https:\/\/medicina.udd.cl\/fonoaudiologia-santiago\/\",\"name\":\"Fonoaudiolog\u00eda\",\"description\":\"Facultad de Medicina Cl\u00ednica Alemana Universidad del Desarrollo\",\"inLanguage\":\"es\"},{\"@type\":\"Person\",\"@id\":\"https:\/\/medicina.udd.cl\/fonoaudiologia-santiago\/#\/schema\/person\/f7abfa784c86da427e89287831f96ab7\",\"name\":\"admin\",\"image\":{\"@type\":\"ImageObject\",\"inLanguage\":\"es\",\"@id\":\"https:\/\/medicina.udd.cl\/fonoaudiologia-santiago\/#\/schema\/person\/image\/\",\"url\":\"https:\/\/secure.gravatar.com\/avatar\/3cb6da298954dfb54457c0910b8c9ca010abd8d87a60f7d701b6ce4254e1c642?s=96&d=mm&r=g\",\"contentUrl\":\"https:\/\/secure.gravatar.com\/avatar\/3cb6da298954dfb54457c0910b8c9ca010abd8d87a60f7d701b6ce4254e1c642?s=96&d=mm&r=g\",\"caption\":\"admin\"},\"url\":\"https:\/\/medicina.udd.cl\/fonoaudiologia-santiago\/noticias\/author\/admin\/\"}]}<\/script>\n<!-- \/ Yoast SEO plugin. -->","yoast_head_json":{"title":"Cierre de actividades pr\u00e1cticas asignaturas \u00e1rea ling\u00fc\u00edstica - Fonoaudiolog\u00eda","robots":{"index":"index","follow":"follow","max-snippet":"max-snippet:-1","max-image-preview":"max-image-preview:large","max-video-preview":"max-video-preview:-1"},"canonical":"https:\/\/medicina.udd.cl\/fonoaudiologia-santiago\/noticias\/2011\/11\/09\/cierre-de-actividades-practicas-asignaturas-area-linguistica\/","og_locale":"es_ES","og_type":"article","og_title":"Cierre de actividades pr\u00e1cticas asignaturas \u00e1rea ling\u00fc\u00edstica - Fonoaudiolog\u00eda","og_description":"Con gran \u00e9xito y entusiasmo se dio fin a las actividades realizadas en terreno.","og_url":"https:\/\/medicina.udd.cl\/fonoaudiologia-santiago\/noticias\/2011\/11\/09\/cierre-de-actividades-practicas-asignaturas-area-linguistica\/","og_site_name":"Fonoaudiolog\u00eda","article_published_time":"2011-11-09T18:55:52+00:00","article_modified_time":"2011-11-09T18:57:01+00:00","og_image":[{"url":"https:\/\/medicina.udd.cl\/fonoaudiologia-santiago\/files\/2011\/11\/fin-4.jpg","type":"","width":"","height":""}],"author":"admin","twitter_misc":{"Escrito por":"admin","Tiempo de lectura":"1 minuto"},"schema":{"@context":"https:\/\/schema.org","@graph":[{"@type":"Article","@id":"https:\/\/medicina.udd.cl\/fonoaudiologia-santiago\/noticias\/2011\/11\/09\/cierre-de-actividades-practicas-asignaturas-area-linguistica\/#article","isPartOf":{"@id":"https:\/\/medicina.udd.cl\/fonoaudiologia-santiago\/noticias\/2011\/11\/09\/cierre-de-actividades-practicas-asignaturas-area-linguistica\/"},"author":{"name":"admin","@id":"https:\/\/medicina.udd.cl\/fonoaudiologia-santiago\/#\/schema\/person\/f7abfa784c86da427e89287831f96ab7"},"headline":"Cierre de actividades pr\u00e1cticas asignaturas \u00e1rea ling\u00fc\u00edstica","datePublished":"2011-11-09T18:55:52+00:00","dateModified":"2011-11-09T18:57:01+00:00","mainEntityOfPage":{"@id":"https:\/\/medicina.udd.cl\/fonoaudiologia-santiago\/noticias\/2011\/11\/09\/cierre-de-actividades-practicas-asignaturas-area-linguistica\/"},"wordCount":132,"commentCount":0,"articleSection":["Noticias"],"inLanguage":"es","potentialAction":[{"@type":"CommentAction","name":"Comment","target":["https:\/\/medicina.udd.cl\/fonoaudiologia-santiago\/noticias\/2011\/11\/09\/cierre-de-actividades-practicas-asignaturas-area-linguistica\/#respond"]}]},{"@type":"WebPage","@id":"https:\/\/medicina.udd.cl\/fonoaudiologia-santiago\/noticias\/2011\/11\/09\/cierre-de-actividades-practicas-asignaturas-area-linguistica\/","url":"https:\/\/medicina.udd.cl\/fonoaudiologia-santiago\/noticias\/2011\/11\/09\/cierre-de-actividades-practicas-asignaturas-area-linguistica\/","name":"Cierre de actividades pr\u00e1cticas asignaturas \u00e1rea ling\u00fc\u00edstica - Fonoaudiolog\u00eda","isPartOf":{"@id":"https:\/\/medicina.udd.cl\/fonoaudiologia-santiago\/#website"},"datePublished":"2011-11-09T18:55:52+00:00","dateModified":"2011-11-09T18:57:01+00:00","author":{"@id":"https:\/\/medicina.udd.cl\/fonoaudiologia-santiago\/#\/schema\/person\/f7abfa784c86da427e89287831f96ab7"},"breadcrumb":{"@id":"https:\/\/medicina.udd.cl\/fonoaudiologia-santiago\/noticias\/2011\/11\/09\/cierre-de-actividades-practicas-asignaturas-area-linguistica\/#breadcrumb"},"inLanguage":"es","potentialAction":[{"@type":"ReadAction","target":["https:\/\/medicina.udd.cl\/fonoaudiologia-santiago\/noticias\/2011\/11\/09\/cierre-de-actividades-practicas-asignaturas-area-linguistica\/"]}]},{"@type":"BreadcrumbList","@id":"https:\/\/medicina.udd.cl\/fonoaudiologia-santiago\/noticias\/2011\/11\/09\/cierre-de-actividades-practicas-asignaturas-area-linguistica\/#breadcrumb","itemListElement":[{"@type":"ListItem","position":1,"name":"Home","item":"https:\/\/medicina.udd.cl\/fonoaudiologia-santiago\/"},{"@type":"ListItem","position":2,"name":"Cierre de actividades pr\u00e1cticas asignaturas \u00e1rea ling\u00fc\u00edstica"}]},{"@type":"WebSite","@id":"https:\/\/medicina.udd.cl\/fonoaudiologia-santiago\/#website","url":"https:\/\/medicina.udd.cl\/fonoaudiologia-santiago\/","name":"Fonoaudiolog\u00eda","description":"Facultad de Medicina Cl\u00ednica Alemana Universidad del Desarrollo","inLanguage":"es"},{"@type":"Person","@id":"https:\/\/medicina.udd.cl\/fonoaudiologia-santiago\/#\/schema\/person\/f7abfa784c86da427e89287831f96ab7","name":"admin","image":{"@type":"ImageObject","inLanguage":"es","@id":"https:\/\/medicina.udd.cl\/fonoaudiologia-santiago\/#\/schema\/person\/image\/","url":"https:\/\/secure.gravatar.com\/avatar\/3cb6da298954dfb54457c0910b8c9ca010abd8d87a60f7d701b6ce4254e1c642?s=96&d=mm&r=g","contentUrl":"https:\/\/secure.gravatar.com\/avatar\/3cb6da298954dfb54457c0910b8c9ca010abd8d87a60f7d701b6ce4254e1c642?s=96&d=mm&r=g","caption":"admin"},"url":"https:\/\/medicina.udd.cl\/fonoaudiologia-santiago\/noticias\/author\/admin\/"}]}},"featured_image_url":null,"_links":{"self":[{"href":"https:\/\/medicina.udd.cl\/fonoaudiologia-santiago\/wp-json\/wp\/v2\/posts\/809","targetHints":{"allow":["GET"]}}],"collection":[{"href":"https:\/\/medicina.udd.cl\/fonoaudiologia-santiago\/wp-json\/wp\/v2\/posts"}],"about":[{"href":"https:\/\/medicina.udd.cl\/fonoaudiologia-santiago\/wp-json\/wp\/v2\/types\/post"}],"author":[{"embeddable":true,"href":"https:\/\/medicina.udd.cl\/fonoaudiologia-santiago\/wp-json\/wp\/v2\/users\/1"}],"replies":[{"embeddable":true,"href":"https:\/\/medicina.udd.cl\/fonoaudiologia-santiago\/wp-json\/wp\/v2\/comments?post=809"}],"version-history":[{"count":2,"href":"https:\/\/medicina.udd.cl\/fonoaudiologia-santiago\/wp-json\/wp\/v2\/posts\/809\/revisions"}],"predecessor-version":[{"id":815,"href":"https:\/\/medicina.udd.cl\/fonoaudiologia-santiago\/wp-json\/wp\/v2\/posts\/809\/revisions\/815"}],"wp:attachment":[{"href":"https:\/\/medicina.udd.cl\/fonoaudiologia-santiago\/wp-json\/wp\/v2\/media?parent=809"}],"wp:term":[{"taxonomy":"category","embeddable":true,"href":"https:\/\/medicina.udd.cl\/fonoaudiologia-santiago\/wp-json\/wp\/v2\/categories?post=809"},{"taxonomy":"post_tag","embeddable":true,"href":"https:\/\/medicina.udd.cl\/fonoaudiologia-santiago\/wp-json\/wp\/v2\/tags?post=809"}],"curies":[{"name":"wp","href":"https:\/\/api.w.org\/{rel}","templated":true}]}}