{"id":10001,"date":"2021-12-07T16:25:04","date_gmt":"2021-12-07T19:25:04","guid":{"rendered":"https:\/\/medicina.udd.cl\/icim\/?p=10001"},"modified":"2021-12-10T12:52:03","modified_gmt":"2021-12-10T15:52:03","slug":"icim-recibira-fondos-del-cdc-para-combatir-la-resistencia-a-los-antibioticos-y-las-enfermedades-infecciosas","status":"publish","type":"post","link":"https:\/\/medicina.udd.cl\/icim\/2021\/12\/07\/icim-recibira-fondos-del-cdc-para-combatir-la-resistencia-a-los-antibioticos-y-las-enfermedades-infecciosas\/","title":{"rendered":"ICIM recibir\u00e1 fondos del CDC para combatir la resistencia a los antibi\u00f3ticos y las enfermedades infecciosas"},"content":{"rendered":"\n<div class=\"wp-block-image\"><figure class=\"aligncenter size-large is-resized\"><img loading=\"lazy\" decoding=\"async\" src=\"https:\/\/medicina.udd.cl\/icim\/files\/2021\/12\/map_Social_Twit-FB_1200x675_v1-5-1024x576.jpg\" alt=\"\" class=\"wp-image-10002\" width=\"795\" height=\"447\" srcset=\"https:\/\/medicina.udd.cl\/icim\/files\/2021\/12\/map_Social_Twit-FB_1200x675_v1-5-1024x576.jpg 1024w, https:\/\/medicina.udd.cl\/icim\/files\/2021\/12\/map_Social_Twit-FB_1200x675_v1-5-300x169.jpg 300w, https:\/\/medicina.udd.cl\/icim\/files\/2021\/12\/map_Social_Twit-FB_1200x675_v1-5-768x432.jpg 768w, https:\/\/medicina.udd.cl\/icim\/files\/2021\/12\/map_Social_Twit-FB_1200x675_v1-5-952x534.jpg 952w, https:\/\/medicina.udd.cl\/icim\/files\/2021\/12\/map_Social_Twit-FB_1200x675_v1-5-680x382.jpg 680w, https:\/\/medicina.udd.cl\/icim\/files\/2021\/12\/map_Social_Twit-FB_1200x675_v1-5.jpg 1201w\" sizes=\"auto, (max-width: 795px) 100vw, 795px\" \/><\/figure><\/div>\n\n\n\n<p>El Centro para el Control y la Prevenci\u00f3n de Enfermedades de Estados Unidos (CDC por su sigla en ingl\u00e9s) anunci\u00f3 que otorgar\u00e1n 22 millones de d\u00f3lares a casi 30 organizaciones de todo el mundo para combatir la resistencia a los antimicrobianos (RA) y otras amenazas a la salud p\u00fablica global, a trav\u00e9s del establecimiento de dos nuevas redes: la Red de Acci\u00f3n Global en Salud (GAIHN) y la Red Global de Respuesta y Laboratorios RA (Global AR Lab &amp; Response Network).<\/p>\n\n\n\n<p>Ambas redes abarcar\u00e1n m\u00e1s de 50 pa\u00edses en todo el mundo y crear\u00e1n\nprogramas centrados en la prevenci\u00f3n de infecciones asociadas a la atenci\u00f3n en\nsalud; en el desarrollo de capacidades de laboratorio para detectar organismos\nresistentes a los antimicrobianos en el \u00e1mbito hospitalario, la comunidad y el\nmedio ambiente; y en la implementaci\u00f3n de nuevas e innovadoras formas para\ndetectar y responder m\u00e1s r\u00e1pidamente a amenazas emergentes, como la resistencia\na los antibi\u00f3ticos y el Covid-19. <\/p>\n\n\n\n<p>\u201cEstos nuevos proyectos abarcar\u00e1n gran parte del mundo, aprovechando\nla experiencia comprobada del CDC para llenar vac\u00edos cr\u00edticos y proveer\ninformaci\u00f3n para la generaci\u00f3n de pol\u00edticas p\u00fablicas antes que las amenazas e\npropaguen en comunidades o alrededor del mundo\u201d, dijo Denise Cardo, directora\nde la Divisi\u00f3n de Promoci\u00f3n de la Calidad de la Atenci\u00f3n M\u00e9dica del CDC. <\/p>\n\n\n\n<p>Agreg\u00f3, adem\u00e1s, que \u201csabemos que la prevenci\u00f3n basada en evidencia\npermite detener amenazas como la resistencia antimicrobiana y otras\nenfermedades infecciosas. Estos nuevos programas llenar\u00e1n vac\u00edos de\nconocimiento relacionados al control de infecciones para mantener la seguridad\nde los pacientes y contener tempranamente futuras amenazas infecciosas, las que\nsurgir\u00e1n inevitablemente\u201d. <\/p>\n\n\n\n<p>Entre las 28 instituciones que recibir\u00e1n estos fondos se encuentran la\nFacultad de Medicina Cl\u00ednica Alemana Universidad del Desarrollo (UDD); la\nOrganizaci\u00f3n Mundial de la Salud (OMS); la Sociedad Americana de Microbiolog\u00eda\n(ASM); la Universidad Johns Hopkins; la Universidad Americana de Beirut; la\nUniversidad de Oxford; y la Universidad de Pennsylvania.<\/p>\n\n\n\n<p>El Dr. Jos\u00e9 Munita, director del Programa de Gen\u00f3mica Microbiana del\nInstituto de Ciencias e Innovaci\u00f3n en Medicina (ICIM) de la UDD, explica que\n\u201c\u00e9ste es un grant que sigue robusteciendo nuestro trabajo colaborativo junto al\nCDC, adem\u00e1s de ser una oportunidad invaluable para el pa\u00eds, pues permite\nestablecer capacidades para la vigilancia de la resistencia antimicrobiana, no\ns\u00f3lo a nivel hospitalario, sino que tambi\u00e9n a nivel comunitario. A su vez,\npotencialmente permitir\u00e1 explorar otras alternativas de vigilancia, como las\naguas servidas, los animales y los alimentos, y establecer el rol que estos\ntienen en la diseminaci\u00f3n de las bacterias resistentes que finalmente terminan\ninfectando a los humanos\u201d.<\/p>\n\n\n\n<p><strong>Sobre las redes<\/strong><\/p>\n\n\n\n<p>La visi\u00f3n del CDC para la Red de Acci\u00f3n Global en Salud (GAIHN) es\ncrear un instancia colaborativa de pa\u00edses, instituciones y socios a nivel\nglobal, regional y nacional que aborde y reduzca las infecciones emergentes\nprioritarias en relaci\u00f3n a la atenci\u00f3n m\u00e9dica, lo que se realizar\u00e1 mediante la\ndetecci\u00f3n, prevenci\u00f3n y control de enfermedades infecciosas. A su vez, se busca\nreducir las infecciones asociadas a la atenci\u00f3n de salud, haci\u00e9ndola m\u00e1s\nsegura, junto con establecer capacidades para que los pa\u00edses se encuentren mejor\npreparados para responder a amenazas emergentes, lo que permitir\u00e1 controlar\nbrotes y futuras pandemias. &nbsp;<\/p>\n\n\n\n<p>En tanto, la Red Global de Respuesta y Laboratorio AR busca mejorar la\ndetecci\u00f3n de emergencias de bacterias resistentes a los antibi\u00f3ticos e identificar\nlos factores de riesgo que impulsan su aparici\u00f3n y propagaci\u00f3n en los\nhospitales, la comunidad y el medio ambiente. Esta red apuntar\u00e1 a la vigilancia\nde amenazas existentes y emergentes, incluyendo bacterias que circulan en los\ncentros hospitalarios, pat\u00f3genos ent\u00e9ricos resistentes a f\u00e1rmacos, hongos,\npat\u00f3genos respiratorios y pat\u00f3genos causantes de enfermedades de transmisi\u00f3n\nsexual, como la <em>Neisseria gonorrhoeae. <\/em><\/p>\n\n\n\n<p>Adem\u00e1s de estas redes, el CDC tambi\u00e9n ha invertido en proyectos de\ninvestigaci\u00f3n de innovaci\u00f3n de resistencia antimicrobiana global a corto plazo,\ntrabajando con investigadores para identificar nuevas soluciones de salud\np\u00fablica para prevenir infecciones resistentes a los antimicrobianos y su\npropagaci\u00f3n. Los hallazgos se integrar\u00e1n m\u00e1s adelante a la Red de Respuesta y\nLaboratorios para transformar la forma en que el mundo responde a la\nresistencia a los antibi\u00f3ticos.<\/p>\n","protected":false},"excerpt":{"rendered":"<p>El Centro para el Control y la Prevenci\u00f3n de Enfermedades de Estados Unidos (CDC por su sigla en ingl\u00e9s) anunci\u00f3 que otorgar\u00e1n 22 millones de d\u00f3lares a casi 30 organizaciones de todo el mundo para combatir la resistencia a los antimicrobianos (RA) y otras amenazas a la salud p\u00fablica global, a trav\u00e9s del establecimiento de [&hellip;]<\/p>\n","protected":false},"author":42,"featured_media":9972,"comment_status":"open","ping_status":"open","sticky":false,"template":"","format":"standard","meta":{"footnotes":""},"categories":[4],"tags":[],"class_list":["post-10001","post","type-post","status-publish","format-standard","has-post-thumbnail","hentry","category-noticias"],"yoast_head":"<!-- This site is optimized with the Yoast SEO plugin v26.9 - https:\/\/yoast.com\/product\/yoast-seo-wordpress\/ -->\n<title>ICIM recibir\u00e1 fondos del CDC para combatir la resistencia a los antibi\u00f3ticos y las enfermedades infecciosas - ICIM<\/title>\n<meta name=\"robots\" content=\"index, follow, max-snippet:-1, max-image-preview:large, max-video-preview:-1\" \/>\n<link rel=\"canonical\" href=\"https:\/\/medicina.udd.cl\/icim\/2021\/12\/07\/icim-recibira-fondos-del-cdc-para-combatir-la-resistencia-a-los-antibioticos-y-las-enfermedades-infecciosas\/\" \/>\n<meta property=\"og:locale\" content=\"es_ES\" \/>\n<meta property=\"og:type\" content=\"article\" \/>\n<meta property=\"og:title\" content=\"ICIM recibir\u00e1 fondos del CDC para combatir la resistencia a los antibi\u00f3ticos y las enfermedades infecciosas - ICIM\" \/>\n<meta property=\"og:description\" content=\"El Centro para el Control y la Prevenci\u00f3n de Enfermedades de Estados Unidos (CDC por su sigla en ingl\u00e9s) anunci\u00f3 que otorgar\u00e1n 22 millones de d\u00f3lares a casi 30 organizaciones de todo el mundo para combatir la resistencia a los antimicrobianos (RA) y otras amenazas a la salud p\u00fablica global, a trav\u00e9s del establecimiento de [&hellip;]\" \/>\n<meta property=\"og:url\" content=\"https:\/\/medicina.udd.cl\/icim\/2021\/12\/07\/icim-recibira-fondos-del-cdc-para-combatir-la-resistencia-a-los-antibioticos-y-las-enfermedades-infecciosas\/\" \/>\n<meta property=\"og:site_name\" content=\"ICIM\" \/>\n<meta property=\"article:published_time\" content=\"2021-12-07T19:25:04+00:00\" \/>\n<meta property=\"article:modified_time\" content=\"2021-12-10T15:52:03+00:00\" \/>\n<meta property=\"og:image\" content=\"https:\/\/medicina.udd.cl\/icim\/files\/2021\/11\/lanzan-estudio-scaled.jpg\" \/>\n\t<meta property=\"og:image:width\" content=\"2560\" \/>\n\t<meta property=\"og:image:height\" content=\"1709\" \/>\n\t<meta property=\"og:image:type\" content=\"image\/jpeg\" \/>\n<meta name=\"twitter:card\" content=\"summary_large_image\" \/>\n<meta name=\"twitter:label1\" content=\"Escrito por\" \/>\n\t<meta name=\"twitter:data1\" content=\"\" \/>\n\t<meta name=\"twitter:label2\" content=\"Tiempo de lectura\" \/>\n\t<meta name=\"twitter:data2\" content=\"4 minutos\" \/>\n<script type=\"application\/ld+json\" class=\"yoast-schema-graph\">{\"@context\":\"https:\/\/schema.org\",\"@graph\":[{\"@type\":\"Article\",\"@id\":\"https:\/\/medicina.udd.cl\/icim\/2021\/12\/07\/icim-recibira-fondos-del-cdc-para-combatir-la-resistencia-a-los-antibioticos-y-las-enfermedades-infecciosas\/#article\",\"isPartOf\":{\"@id\":\"https:\/\/medicina.udd.cl\/icim\/2021\/12\/07\/icim-recibira-fondos-del-cdc-para-combatir-la-resistencia-a-los-antibioticos-y-las-enfermedades-infecciosas\/\"},\"author\":{\"name\":\"\",\"@id\":\"\"},\"headline\":\"ICIM recibir\u00e1 fondos del CDC para combatir la resistencia a los antibi\u00f3ticos y las enfermedades infecciosas\",\"datePublished\":\"2021-12-07T19:25:04+00:00\",\"dateModified\":\"2021-12-10T15:52:03+00:00\",\"mainEntityOfPage\":{\"@id\":\"https:\/\/medicina.udd.cl\/icim\/2021\/12\/07\/icim-recibira-fondos-del-cdc-para-combatir-la-resistencia-a-los-antibioticos-y-las-enfermedades-infecciosas\/\"},\"wordCount\":766,\"commentCount\":0,\"image\":{\"@id\":\"https:\/\/medicina.udd.cl\/icim\/2021\/12\/07\/icim-recibira-fondos-del-cdc-para-combatir-la-resistencia-a-los-antibioticos-y-las-enfermedades-infecciosas\/#primaryimage\"},\"thumbnailUrl\":\"https:\/\/medicina.udd.cl\/icim\/files\/2021\/11\/lanzan-estudio-scaled.jpg\",\"articleSection\":[\"Noticias\"],\"inLanguage\":\"es\",\"potentialAction\":[{\"@type\":\"CommentAction\",\"name\":\"Comment\",\"target\":[\"https:\/\/medicina.udd.cl\/icim\/2021\/12\/07\/icim-recibira-fondos-del-cdc-para-combatir-la-resistencia-a-los-antibioticos-y-las-enfermedades-infecciosas\/#respond\"]}]},{\"@type\":\"WebPage\",\"@id\":\"https:\/\/medicina.udd.cl\/icim\/2021\/12\/07\/icim-recibira-fondos-del-cdc-para-combatir-la-resistencia-a-los-antibioticos-y-las-enfermedades-infecciosas\/\",\"url\":\"https:\/\/medicina.udd.cl\/icim\/2021\/12\/07\/icim-recibira-fondos-del-cdc-para-combatir-la-resistencia-a-los-antibioticos-y-las-enfermedades-infecciosas\/\",\"name\":\"ICIM recibir\u00e1 fondos del CDC para combatir la resistencia a los antibi\u00f3ticos y las enfermedades infecciosas - ICIM\",\"isPartOf\":{\"@id\":\"https:\/\/medicina.udd.cl\/icim\/#website\"},\"primaryImageOfPage\":{\"@id\":\"https:\/\/medicina.udd.cl\/icim\/2021\/12\/07\/icim-recibira-fondos-del-cdc-para-combatir-la-resistencia-a-los-antibioticos-y-las-enfermedades-infecciosas\/#primaryimage\"},\"image\":{\"@id\":\"https:\/\/medicina.udd.cl\/icim\/2021\/12\/07\/icim-recibira-fondos-del-cdc-para-combatir-la-resistencia-a-los-antibioticos-y-las-enfermedades-infecciosas\/#primaryimage\"},\"thumbnailUrl\":\"https:\/\/medicina.udd.cl\/icim\/files\/2021\/11\/lanzan-estudio-scaled.jpg\",\"datePublished\":\"2021-12-07T19:25:04+00:00\",\"dateModified\":\"2021-12-10T15:52:03+00:00\",\"author\":{\"@id\":\"\"},\"breadcrumb\":{\"@id\":\"https:\/\/medicina.udd.cl\/icim\/2021\/12\/07\/icim-recibira-fondos-del-cdc-para-combatir-la-resistencia-a-los-antibioticos-y-las-enfermedades-infecciosas\/#breadcrumb\"},\"inLanguage\":\"es\",\"potentialAction\":[{\"@type\":\"ReadAction\",\"target\":[\"https:\/\/medicina.udd.cl\/icim\/2021\/12\/07\/icim-recibira-fondos-del-cdc-para-combatir-la-resistencia-a-los-antibioticos-y-las-enfermedades-infecciosas\/\"]}]},{\"@type\":\"ImageObject\",\"inLanguage\":\"es\",\"@id\":\"https:\/\/medicina.udd.cl\/icim\/2021\/12\/07\/icim-recibira-fondos-del-cdc-para-combatir-la-resistencia-a-los-antibioticos-y-las-enfermedades-infecciosas\/#primaryimage\",\"url\":\"https:\/\/medicina.udd.cl\/icim\/files\/2021\/11\/lanzan-estudio-scaled.jpg\",\"contentUrl\":\"https:\/\/medicina.udd.cl\/icim\/files\/2021\/11\/lanzan-estudio-scaled.jpg\",\"width\":2560,\"height\":1709},{\"@type\":\"BreadcrumbList\",\"@id\":\"https:\/\/medicina.udd.cl\/icim\/2021\/12\/07\/icim-recibira-fondos-del-cdc-para-combatir-la-resistencia-a-los-antibioticos-y-las-enfermedades-infecciosas\/#breadcrumb\",\"itemListElement\":[{\"@type\":\"ListItem\",\"position\":1,\"name\":\"Inicio\",\"item\":\"https:\/\/medicina.udd.cl\/icim\/\"},{\"@type\":\"ListItem\",\"position\":2,\"name\":\"ICIM recibir\u00e1 fondos del CDC para combatir la resistencia a los antibi\u00f3ticos y las enfermedades infecciosas\"}]},{\"@type\":\"WebSite\",\"@id\":\"https:\/\/medicina.udd.cl\/icim\/#website\",\"url\":\"https:\/\/medicina.udd.cl\/icim\/\",\"name\":\"ICIM\",\"description\":\"Una iniciativa de Universidad del Desarrollo y Cl\u00ednica Alemana\",\"inLanguage\":\"es\"},{\"@type\":\"Person\",\"@id\":\"\",\"url\":\"https:\/\/medicina.udd.cl\/icim\/author\/\"}]}<\/script>\n<!-- \/ Yoast SEO plugin. -->","yoast_head_json":{"title":"ICIM recibir\u00e1 fondos del CDC para combatir la resistencia a los antibi\u00f3ticos y las enfermedades infecciosas - ICIM","robots":{"index":"index","follow":"follow","max-snippet":"max-snippet:-1","max-image-preview":"max-image-preview:large","max-video-preview":"max-video-preview:-1"},"canonical":"https:\/\/medicina.udd.cl\/icim\/2021\/12\/07\/icim-recibira-fondos-del-cdc-para-combatir-la-resistencia-a-los-antibioticos-y-las-enfermedades-infecciosas\/","og_locale":"es_ES","og_type":"article","og_title":"ICIM recibir\u00e1 fondos del CDC para combatir la resistencia a los antibi\u00f3ticos y las enfermedades infecciosas - ICIM","og_description":"El Centro para el Control y la Prevenci\u00f3n de Enfermedades de Estados Unidos (CDC por su sigla en ingl\u00e9s) anunci\u00f3 que otorgar\u00e1n 22 millones de d\u00f3lares a casi 30 organizaciones de todo el mundo para combatir la resistencia a los antimicrobianos (RA) y otras amenazas a la salud p\u00fablica global, a trav\u00e9s del establecimiento de [&hellip;]","og_url":"https:\/\/medicina.udd.cl\/icim\/2021\/12\/07\/icim-recibira-fondos-del-cdc-para-combatir-la-resistencia-a-los-antibioticos-y-las-enfermedades-infecciosas\/","og_site_name":"ICIM","article_published_time":"2021-12-07T19:25:04+00:00","article_modified_time":"2021-12-10T15:52:03+00:00","og_image":[{"width":2560,"height":1709,"url":"https:\/\/medicina.udd.cl\/icim\/files\/2021\/11\/lanzan-estudio-scaled.jpg","type":"image\/jpeg"}],"twitter_card":"summary_large_image","twitter_misc":{"Escrito por":"","Tiempo de lectura":"4 minutos"},"schema":{"@context":"https:\/\/schema.org","@graph":[{"@type":"Article","@id":"https:\/\/medicina.udd.cl\/icim\/2021\/12\/07\/icim-recibira-fondos-del-cdc-para-combatir-la-resistencia-a-los-antibioticos-y-las-enfermedades-infecciosas\/#article","isPartOf":{"@id":"https:\/\/medicina.udd.cl\/icim\/2021\/12\/07\/icim-recibira-fondos-del-cdc-para-combatir-la-resistencia-a-los-antibioticos-y-las-enfermedades-infecciosas\/"},"author":{"name":"","@id":""},"headline":"ICIM recibir\u00e1 fondos del CDC para combatir la resistencia a los antibi\u00f3ticos y las enfermedades infecciosas","datePublished":"2021-12-07T19:25:04+00:00","dateModified":"2021-12-10T15:52:03+00:00","mainEntityOfPage":{"@id":"https:\/\/medicina.udd.cl\/icim\/2021\/12\/07\/icim-recibira-fondos-del-cdc-para-combatir-la-resistencia-a-los-antibioticos-y-las-enfermedades-infecciosas\/"},"wordCount":766,"commentCount":0,"image":{"@id":"https:\/\/medicina.udd.cl\/icim\/2021\/12\/07\/icim-recibira-fondos-del-cdc-para-combatir-la-resistencia-a-los-antibioticos-y-las-enfermedades-infecciosas\/#primaryimage"},"thumbnailUrl":"https:\/\/medicina.udd.cl\/icim\/files\/2021\/11\/lanzan-estudio-scaled.jpg","articleSection":["Noticias"],"inLanguage":"es","potentialAction":[{"@type":"CommentAction","name":"Comment","target":["https:\/\/medicina.udd.cl\/icim\/2021\/12\/07\/icim-recibira-fondos-del-cdc-para-combatir-la-resistencia-a-los-antibioticos-y-las-enfermedades-infecciosas\/#respond"]}]},{"@type":"WebPage","@id":"https:\/\/medicina.udd.cl\/icim\/2021\/12\/07\/icim-recibira-fondos-del-cdc-para-combatir-la-resistencia-a-los-antibioticos-y-las-enfermedades-infecciosas\/","url":"https:\/\/medicina.udd.cl\/icim\/2021\/12\/07\/icim-recibira-fondos-del-cdc-para-combatir-la-resistencia-a-los-antibioticos-y-las-enfermedades-infecciosas\/","name":"ICIM recibir\u00e1 fondos del CDC para combatir la resistencia a los antibi\u00f3ticos y las enfermedades infecciosas - ICIM","isPartOf":{"@id":"https:\/\/medicina.udd.cl\/icim\/#website"},"primaryImageOfPage":{"@id":"https:\/\/medicina.udd.cl\/icim\/2021\/12\/07\/icim-recibira-fondos-del-cdc-para-combatir-la-resistencia-a-los-antibioticos-y-las-enfermedades-infecciosas\/#primaryimage"},"image":{"@id":"https:\/\/medicina.udd.cl\/icim\/2021\/12\/07\/icim-recibira-fondos-del-cdc-para-combatir-la-resistencia-a-los-antibioticos-y-las-enfermedades-infecciosas\/#primaryimage"},"thumbnailUrl":"https:\/\/medicina.udd.cl\/icim\/files\/2021\/11\/lanzan-estudio-scaled.jpg","datePublished":"2021-12-07T19:25:04+00:00","dateModified":"2021-12-10T15:52:03+00:00","author":{"@id":""},"breadcrumb":{"@id":"https:\/\/medicina.udd.cl\/icim\/2021\/12\/07\/icim-recibira-fondos-del-cdc-para-combatir-la-resistencia-a-los-antibioticos-y-las-enfermedades-infecciosas\/#breadcrumb"},"inLanguage":"es","potentialAction":[{"@type":"ReadAction","target":["https:\/\/medicina.udd.cl\/icim\/2021\/12\/07\/icim-recibira-fondos-del-cdc-para-combatir-la-resistencia-a-los-antibioticos-y-las-enfermedades-infecciosas\/"]}]},{"@type":"ImageObject","inLanguage":"es","@id":"https:\/\/medicina.udd.cl\/icim\/2021\/12\/07\/icim-recibira-fondos-del-cdc-para-combatir-la-resistencia-a-los-antibioticos-y-las-enfermedades-infecciosas\/#primaryimage","url":"https:\/\/medicina.udd.cl\/icim\/files\/2021\/11\/lanzan-estudio-scaled.jpg","contentUrl":"https:\/\/medicina.udd.cl\/icim\/files\/2021\/11\/lanzan-estudio-scaled.jpg","width":2560,"height":1709},{"@type":"BreadcrumbList","@id":"https:\/\/medicina.udd.cl\/icim\/2021\/12\/07\/icim-recibira-fondos-del-cdc-para-combatir-la-resistencia-a-los-antibioticos-y-las-enfermedades-infecciosas\/#breadcrumb","itemListElement":[{"@type":"ListItem","position":1,"name":"Inicio","item":"https:\/\/medicina.udd.cl\/icim\/"},{"@type":"ListItem","position":2,"name":"ICIM recibir\u00e1 fondos del CDC para combatir la resistencia a los antibi\u00f3ticos y las enfermedades infecciosas"}]},{"@type":"WebSite","@id":"https:\/\/medicina.udd.cl\/icim\/#website","url":"https:\/\/medicina.udd.cl\/icim\/","name":"ICIM","description":"Una iniciativa de Universidad del Desarrollo y Cl\u00ednica Alemana","inLanguage":"es"},{"@type":"Person","@id":"","url":"https:\/\/medicina.udd.cl\/icim\/author\/"}]}},"featured_image_url":"https:\/\/medicina.udd.cl\/icim\/files\/2021\/11\/lanzan-estudio-scaled.jpg","_links":{"self":[{"href":"https:\/\/medicina.udd.cl\/icim\/wp-json\/wp\/v2\/posts\/10001","targetHints":{"allow":["GET"]}}],"collection":[{"href":"https:\/\/medicina.udd.cl\/icim\/wp-json\/wp\/v2\/posts"}],"about":[{"href":"https:\/\/medicina.udd.cl\/icim\/wp-json\/wp\/v2\/types\/post"}],"author":[{"embeddable":true,"href":"https:\/\/medicina.udd.cl\/icim\/wp-json\/wp\/v2\/users\/42"}],"replies":[{"embeddable":true,"href":"https:\/\/medicina.udd.cl\/icim\/wp-json\/wp\/v2\/comments?post=10001"}],"version-history":[{"count":4,"href":"https:\/\/medicina.udd.cl\/icim\/wp-json\/wp\/v2\/posts\/10001\/revisions"}],"predecessor-version":[{"id":10006,"href":"https:\/\/medicina.udd.cl\/icim\/wp-json\/wp\/v2\/posts\/10001\/revisions\/10006"}],"wp:featuredmedia":[{"embeddable":true,"href":"https:\/\/medicina.udd.cl\/icim\/wp-json\/wp\/v2\/media\/9972"}],"wp:attachment":[{"href":"https:\/\/medicina.udd.cl\/icim\/wp-json\/wp\/v2\/media?parent=10001"}],"wp:term":[{"taxonomy":"category","embeddable":true,"href":"https:\/\/medicina.udd.cl\/icim\/wp-json\/wp\/v2\/categories?post=10001"},{"taxonomy":"post_tag","embeddable":true,"href":"https:\/\/medicina.udd.cl\/icim\/wp-json\/wp\/v2\/tags?post=10001"}],"curies":[{"name":"wp","href":"https:\/\/api.w.org\/{rel}","templated":true}]}}