{"id":10531,"date":"2022-04-22T10:30:45","date_gmt":"2022-04-22T14:30:45","guid":{"rendered":"https:\/\/medicina.udd.cl\/icim\/?p=10531"},"modified":"2022-04-22T11:35:23","modified_gmt":"2022-04-22T15:35:23","slug":"carolina-torrealba-expuso-sobre-el-ecosistema-de-ciencias-e-innovacion-en-chile-en-seminario-del-icim","status":"publish","type":"post","link":"https:\/\/medicina.udd.cl\/icim\/2022\/04\/22\/carolina-torrealba-expuso-sobre-el-ecosistema-de-ciencias-e-innovacion-en-chile-en-seminario-del-icim\/","title":{"rendered":"Carolina Torrealba expuso sobre el ecosistema de ciencias e innovaci\u00f3n en Chile en seminario del ICIM"},"content":{"rendered":"\n<figure class=\"wp-block-gallery columns-2 is-cropped wp-block-gallery-1 is-layout-flex wp-block-gallery-is-layout-flex\"><ul class=\"blocks-gallery-grid\"><li class=\"blocks-gallery-item\"><figure><img loading=\"lazy\" decoding=\"async\" width=\"1024\" height=\"657\" src=\"https:\/\/medicina.udd.cl\/icim\/files\/2022\/04\/IMG_9013-1024x657.jpg\" alt=\"\" data-id=\"10545\" data-full-url=\"https:\/\/medicina.udd.cl\/icim\/files\/2022\/04\/IMG_9013-scaled.jpg\" data-link=\"https:\/\/medicina.udd.cl\/icim\/?attachment_id=10545\" class=\"wp-image-10545\" srcset=\"https:\/\/medicina.udd.cl\/icim\/files\/2022\/04\/IMG_9013-1024x657.jpg 1024w, https:\/\/medicina.udd.cl\/icim\/files\/2022\/04\/IMG_9013-300x192.jpg 300w, https:\/\/medicina.udd.cl\/icim\/files\/2022\/04\/IMG_9013-768x493.jpg 768w, https:\/\/medicina.udd.cl\/icim\/files\/2022\/04\/IMG_9013-1536x985.jpg 1536w, https:\/\/medicina.udd.cl\/icim\/files\/2022\/04\/IMG_9013-2048x1314.jpg 2048w\" sizes=\"auto, (max-width: 1024px) 100vw, 1024px\" \/><\/figure><\/li><li class=\"blocks-gallery-item\"><figure><img loading=\"lazy\" decoding=\"async\" width=\"1024\" height=\"768\" src=\"https:\/\/medicina.udd.cl\/icim\/files\/2022\/04\/IMG_9010-1024x768.jpg\" alt=\"\" data-id=\"10543\" data-full-url=\"https:\/\/medicina.udd.cl\/icim\/files\/2022\/04\/IMG_9010-scaled.jpg\" data-link=\"https:\/\/medicina.udd.cl\/icim\/?attachment_id=10543\" class=\"wp-image-10543\" srcset=\"https:\/\/medicina.udd.cl\/icim\/files\/2022\/04\/IMG_9010-1024x768.jpg 1024w, https:\/\/medicina.udd.cl\/icim\/files\/2022\/04\/IMG_9010-300x225.jpg 300w, https:\/\/medicina.udd.cl\/icim\/files\/2022\/04\/IMG_9010-768x576.jpg 768w, https:\/\/medicina.udd.cl\/icim\/files\/2022\/04\/IMG_9010-1536x1152.jpg 1536w, https:\/\/medicina.udd.cl\/icim\/files\/2022\/04\/IMG_9010-2048x1536.jpg 2048w\" sizes=\"auto, (max-width: 1024px) 100vw, 1024px\" \/><\/figure><\/li><li class=\"blocks-gallery-item\"><figure><img loading=\"lazy\" decoding=\"async\" width=\"1024\" height=\"768\" src=\"https:\/\/medicina.udd.cl\/icim\/files\/2022\/04\/IMG_9016-1024x768.jpg\" alt=\"\" data-id=\"10548\" data-full-url=\"https:\/\/medicina.udd.cl\/icim\/files\/2022\/04\/IMG_9016-scaled.jpg\" data-link=\"https:\/\/medicina.udd.cl\/icim\/?attachment_id=10548\" class=\"wp-image-10548\" srcset=\"https:\/\/medicina.udd.cl\/icim\/files\/2022\/04\/IMG_9016-1024x768.jpg 1024w, https:\/\/medicina.udd.cl\/icim\/files\/2022\/04\/IMG_9016-300x225.jpg 300w, https:\/\/medicina.udd.cl\/icim\/files\/2022\/04\/IMG_9016-768x576.jpg 768w, https:\/\/medicina.udd.cl\/icim\/files\/2022\/04\/IMG_9016-1536x1152.jpg 1536w, https:\/\/medicina.udd.cl\/icim\/files\/2022\/04\/IMG_9016-2048x1536.jpg 2048w\" sizes=\"auto, (max-width: 1024px) 100vw, 1024px\" \/><\/figure><\/li><li class=\"blocks-gallery-item\"><figure><img loading=\"lazy\" decoding=\"async\" width=\"1024\" height=\"768\" src=\"https:\/\/medicina.udd.cl\/icim\/files\/2022\/04\/IMG_9008-1024x768.jpg\" alt=\"\" data-id=\"10542\" data-full-url=\"https:\/\/medicina.udd.cl\/icim\/files\/2022\/04\/IMG_9008-scaled.jpg\" data-link=\"https:\/\/medicina.udd.cl\/icim\/?attachment_id=10542\" class=\"wp-image-10542\" srcset=\"https:\/\/medicina.udd.cl\/icim\/files\/2022\/04\/IMG_9008-1024x768.jpg 1024w, https:\/\/medicina.udd.cl\/icim\/files\/2022\/04\/IMG_9008-300x225.jpg 300w, https:\/\/medicina.udd.cl\/icim\/files\/2022\/04\/IMG_9008-768x576.jpg 768w, https:\/\/medicina.udd.cl\/icim\/files\/2022\/04\/IMG_9008-1536x1152.jpg 1536w, https:\/\/medicina.udd.cl\/icim\/files\/2022\/04\/IMG_9008-2048x1536.jpg 2048w\" sizes=\"auto, (max-width: 1024px) 100vw, 1024px\" \/><\/figure><\/li><\/ul><\/figure>\n\n\n\n<p>Carolina Torrealba, ex subsecretaria del\nMinisterio de Ciencia, Tecnolog\u00eda, Conocimiento e Innovaci\u00f3n, particip\u00f3 en un\nnuevo Seminario Acad\u00e9mico del Instituto de Ciencias e Innovaci\u00f3n en Medicina\n(ICIM) de la Universidad del Desarrollo (UDD), instancia en la que abord\u00f3 el\ntema \u00abEcosistema de ciencias e innovaci\u00f3n en Chile: d\u00f3nde estamos y hacia d\u00f3nde\ndebemos ir\u00bb.<\/p>\n\n\n\n<p>El encuentro cont\u00f3 con la participaci\u00f3n de\nautoridades de la UDD, entre ellas, el vicerrector de Innovaci\u00f3n y Desarrollo,\nDaniel Contesse; y el director del ICIM-UDD, Dr. Jos\u00e9 Manuel Munita; adem\u00e1s de\ndiversos investigadores, docentes y alumnos de doctorado de la casa de estudios,\nquienes profundizaron en los desaf\u00edos del \u00e1rea.<\/p>\n\n\n\n<p>En la ocasi\u00f3n, Carolina Torrealba cont\u00f3 su paso por el Ministerio y el trabajo realizado, adem\u00e1s de plantear diversos temas para generar una discusi\u00f3n con los asistentes, por ejemplo, la igualdad de g\u00e9nero en el \u00e1rea de la ciencia, la tecnolog\u00eda, el conocimiento y la innovaci\u00f3n; el emprendimiento de base cient\u00edfico-tecnol\u00f3gica; la importancia de la transparencia y de contar con un ministerio \u201cabierto\u201d; y c\u00f3mo se gener\u00f3 la respuesta a la pandemia desde la cartera, con la creaci\u00f3n de una red chilena de laboratorios de diagn\u00f3stico. <\/p>\n\n\n\n<p>En cuanto a los desaf\u00edos para el \u00e1rea, se discuti\u00f3,\nentre otros temas, c\u00f3mo trabajar y liderar procesos en una sociedad cambiante;\nla necesidad de actualizaci\u00f3n, pues \u201clas herramientas que nos llevaron a estar\ndonde estamos hoy, no ser\u00e1n suficientes para el ma\u00f1ana y quedar\u00e1n obsoletas\u201d,\nplante\u00f3; la importancia de la sustentabilidad, la integridad, equidad y\ndemocratizaci\u00f3n; qu\u00e9 hacer con la experiencia de la pandemia; adem\u00e1s de\nprofundizar en el concepto de innovaci\u00f3n, en cuanto a riesgo y colaboraci\u00f3n en\nla Academia.<\/p>\n\n\n\n<p>En cuanto a los aprendizajes de la pandemia, &nbsp;reflexion\u00f3 que \u201cdescubrimos un s\u00faper poder. \u00bfQu\u00e9 vamos a hacer con \u00e9l? (\u2026) \u00bfvamos a ser inquietos? Tal vez algunas de las estructuras que hoy operan no son tan efectivas para producir los cambios que necesitamos producir. Y eso es inc\u00f3modo, es dif\u00edcil, pero hay que plante\u00e1rselo para innovar\u201d. <\/p>\n\n\n\n<p>Sobre el concepto de innovaci\u00f3n, se\u00f1al\u00f3 que el riesgo es fundamental y la colaboraci\u00f3n, especialmente con la Academia, es indispensable para la creaci\u00f3n de conocimiento. \u201cEl ejemplo es la pandemia, donde se logr\u00f3 avanzar hacia una colaboraci\u00f3n extrema y se rompieron estructuras habituales (\u2026) Gente dedicada a la investigaci\u00f3n comenz\u00f3 a hacer PCR, es decir, el nivel de sentido que hab\u00eda en las personas era grande. Estaban siendo parte de algo m\u00e1s grande\u201d. <\/p>\n\n\n\n<p>En este sentido, hizo un llamado a quienes son parte de la Academia, para que tomen riesgos m\u00e1s all\u00e1 de lo intelectual, que busquen \u201cincomodar\u201d, ya que as\u00ed se logra avanzar en la ciencia e innovaci\u00f3n y generar conocimiento. \u00abA veces correr riesgo es s\u00f3lo sentarte a hablar con otro; si no est\u00e1s dispuesto a salir del lugar com\u00fan, no vas a llegar a ning\u00fan lado\u00bb, enfatiz\u00f3. <\/p>\n\n\n\n<p>Para ver este Seminario Acad\u00e9mico y los encuentros realizados anteriormente, <a href=\"https:\/\/medicina.udd.cl\/icim\/seminarios-academicos\/\">ingresar aqu\u00ed. <\/a><\/p>\n\n\n\n<p><\/p>\n","protected":false},"excerpt":{"rendered":"<p>Carolina Torrealba, ex subsecretaria del Ministerio de Ciencia, Tecnolog\u00eda, Conocimiento e Innovaci\u00f3n, particip\u00f3 en un nuevo Seminario Acad\u00e9mico del Instituto de Ciencias e Innovaci\u00f3n en Medicina (ICIM) de la Universidad del Desarrollo (UDD), instancia en la que abord\u00f3 el tema \u00abEcosistema de ciencias e innovaci\u00f3n en Chile: d\u00f3nde estamos y hacia d\u00f3nde debemos ir\u00bb. El [&hellip;]<\/p>\n","protected":false},"author":42,"featured_media":10548,"comment_status":"open","ping_status":"open","sticky":false,"template":"","format":"standard","meta":{"footnotes":""},"categories":[4],"tags":[],"class_list":["post-10531","post","type-post","status-publish","format-standard","has-post-thumbnail","hentry","category-noticias"],"yoast_head":"<!-- This site is optimized with the Yoast SEO plugin v26.9 - https:\/\/yoast.com\/product\/yoast-seo-wordpress\/ -->\n<title>Carolina Torrealba expuso sobre el ecosistema de ciencias e innovaci\u00f3n en Chile en seminario del ICIM - ICIM<\/title>\n<meta name=\"robots\" content=\"index, follow, max-snippet:-1, max-image-preview:large, max-video-preview:-1\" \/>\n<link rel=\"canonical\" href=\"https:\/\/medicina.udd.cl\/icim\/2022\/04\/22\/carolina-torrealba-expuso-sobre-el-ecosistema-de-ciencias-e-innovacion-en-chile-en-seminario-del-icim\/\" \/>\n<meta property=\"og:locale\" content=\"es_ES\" \/>\n<meta property=\"og:type\" content=\"article\" \/>\n<meta property=\"og:title\" content=\"Carolina Torrealba expuso sobre el ecosistema de ciencias e innovaci\u00f3n en Chile en seminario del ICIM - ICIM\" \/>\n<meta property=\"og:description\" content=\"Carolina Torrealba, ex subsecretaria del Ministerio de Ciencia, Tecnolog\u00eda, Conocimiento e Innovaci\u00f3n, particip\u00f3 en un nuevo Seminario Acad\u00e9mico del Instituto de Ciencias e Innovaci\u00f3n en Medicina (ICIM) de la Universidad del Desarrollo (UDD), instancia en la que abord\u00f3 el tema \u00abEcosistema de ciencias e innovaci\u00f3n en Chile: d\u00f3nde estamos y hacia d\u00f3nde debemos ir\u00bb. El [&hellip;]\" \/>\n<meta property=\"og:url\" content=\"https:\/\/medicina.udd.cl\/icim\/2022\/04\/22\/carolina-torrealba-expuso-sobre-el-ecosistema-de-ciencias-e-innovacion-en-chile-en-seminario-del-icim\/\" \/>\n<meta property=\"og:site_name\" content=\"ICIM\" \/>\n<meta property=\"article:published_time\" content=\"2022-04-22T14:30:45+00:00\" \/>\n<meta property=\"article:modified_time\" content=\"2022-04-22T15:35:23+00:00\" \/>\n<meta property=\"og:image\" content=\"https:\/\/medicina.udd.cl\/icim\/files\/2022\/04\/IMG_9016-scaled.jpg\" \/>\n\t<meta property=\"og:image:width\" content=\"2560\" \/>\n\t<meta property=\"og:image:height\" content=\"1920\" \/>\n\t<meta property=\"og:image:type\" content=\"image\/jpeg\" \/>\n<meta name=\"twitter:card\" content=\"summary_large_image\" \/>\n<meta name=\"twitter:label1\" content=\"Escrito por\" \/>\n\t<meta name=\"twitter:data1\" content=\"\" \/>\n\t<meta name=\"twitter:label2\" content=\"Tiempo de lectura\" \/>\n\t<meta name=\"twitter:data2\" content=\"3 minutos\" \/>\n<script type=\"application\/ld+json\" class=\"yoast-schema-graph\">{\"@context\":\"https:\/\/schema.org\",\"@graph\":[{\"@type\":\"Article\",\"@id\":\"https:\/\/medicina.udd.cl\/icim\/2022\/04\/22\/carolina-torrealba-expuso-sobre-el-ecosistema-de-ciencias-e-innovacion-en-chile-en-seminario-del-icim\/#article\",\"isPartOf\":{\"@id\":\"https:\/\/medicina.udd.cl\/icim\/2022\/04\/22\/carolina-torrealba-expuso-sobre-el-ecosistema-de-ciencias-e-innovacion-en-chile-en-seminario-del-icim\/\"},\"author\":{\"name\":\"\",\"@id\":\"\"},\"headline\":\"Carolina Torrealba expuso sobre el ecosistema de ciencias e innovaci\u00f3n en Chile en seminario del ICIM\",\"datePublished\":\"2022-04-22T14:30:45+00:00\",\"dateModified\":\"2022-04-22T15:35:23+00:00\",\"mainEntityOfPage\":{\"@id\":\"https:\/\/medicina.udd.cl\/icim\/2022\/04\/22\/carolina-torrealba-expuso-sobre-el-ecosistema-de-ciencias-e-innovacion-en-chile-en-seminario-del-icim\/\"},\"wordCount\":549,\"commentCount\":0,\"image\":{\"@id\":\"https:\/\/medicina.udd.cl\/icim\/2022\/04\/22\/carolina-torrealba-expuso-sobre-el-ecosistema-de-ciencias-e-innovacion-en-chile-en-seminario-del-icim\/#primaryimage\"},\"thumbnailUrl\":\"https:\/\/medicina.udd.cl\/icim\/files\/2022\/04\/IMG_9016-scaled.jpg\",\"articleSection\":[\"Noticias\"],\"inLanguage\":\"es\",\"potentialAction\":[{\"@type\":\"CommentAction\",\"name\":\"Comment\",\"target\":[\"https:\/\/medicina.udd.cl\/icim\/2022\/04\/22\/carolina-torrealba-expuso-sobre-el-ecosistema-de-ciencias-e-innovacion-en-chile-en-seminario-del-icim\/#respond\"]}]},{\"@type\":\"WebPage\",\"@id\":\"https:\/\/medicina.udd.cl\/icim\/2022\/04\/22\/carolina-torrealba-expuso-sobre-el-ecosistema-de-ciencias-e-innovacion-en-chile-en-seminario-del-icim\/\",\"url\":\"https:\/\/medicina.udd.cl\/icim\/2022\/04\/22\/carolina-torrealba-expuso-sobre-el-ecosistema-de-ciencias-e-innovacion-en-chile-en-seminario-del-icim\/\",\"name\":\"Carolina Torrealba expuso sobre el ecosistema de ciencias e innovaci\u00f3n en Chile en seminario del ICIM - ICIM\",\"isPartOf\":{\"@id\":\"https:\/\/medicina.udd.cl\/icim\/#website\"},\"primaryImageOfPage\":{\"@id\":\"https:\/\/medicina.udd.cl\/icim\/2022\/04\/22\/carolina-torrealba-expuso-sobre-el-ecosistema-de-ciencias-e-innovacion-en-chile-en-seminario-del-icim\/#primaryimage\"},\"image\":{\"@id\":\"https:\/\/medicina.udd.cl\/icim\/2022\/04\/22\/carolina-torrealba-expuso-sobre-el-ecosistema-de-ciencias-e-innovacion-en-chile-en-seminario-del-icim\/#primaryimage\"},\"thumbnailUrl\":\"https:\/\/medicina.udd.cl\/icim\/files\/2022\/04\/IMG_9016-scaled.jpg\",\"datePublished\":\"2022-04-22T14:30:45+00:00\",\"dateModified\":\"2022-04-22T15:35:23+00:00\",\"author\":{\"@id\":\"\"},\"breadcrumb\":{\"@id\":\"https:\/\/medicina.udd.cl\/icim\/2022\/04\/22\/carolina-torrealba-expuso-sobre-el-ecosistema-de-ciencias-e-innovacion-en-chile-en-seminario-del-icim\/#breadcrumb\"},\"inLanguage\":\"es\",\"potentialAction\":[{\"@type\":\"ReadAction\",\"target\":[\"https:\/\/medicina.udd.cl\/icim\/2022\/04\/22\/carolina-torrealba-expuso-sobre-el-ecosistema-de-ciencias-e-innovacion-en-chile-en-seminario-del-icim\/\"]}]},{\"@type\":\"ImageObject\",\"inLanguage\":\"es\",\"@id\":\"https:\/\/medicina.udd.cl\/icim\/2022\/04\/22\/carolina-torrealba-expuso-sobre-el-ecosistema-de-ciencias-e-innovacion-en-chile-en-seminario-del-icim\/#primaryimage\",\"url\":\"https:\/\/medicina.udd.cl\/icim\/files\/2022\/04\/IMG_9016-scaled.jpg\",\"contentUrl\":\"https:\/\/medicina.udd.cl\/icim\/files\/2022\/04\/IMG_9016-scaled.jpg\",\"width\":2560,\"height\":1920},{\"@type\":\"BreadcrumbList\",\"@id\":\"https:\/\/medicina.udd.cl\/icim\/2022\/04\/22\/carolina-torrealba-expuso-sobre-el-ecosistema-de-ciencias-e-innovacion-en-chile-en-seminario-del-icim\/#breadcrumb\",\"itemListElement\":[{\"@type\":\"ListItem\",\"position\":1,\"name\":\"Inicio\",\"item\":\"https:\/\/medicina.udd.cl\/icim\/\"},{\"@type\":\"ListItem\",\"position\":2,\"name\":\"Carolina Torrealba expuso sobre el ecosistema de ciencias e innovaci\u00f3n en Chile en seminario del ICIM\"}]},{\"@type\":\"WebSite\",\"@id\":\"https:\/\/medicina.udd.cl\/icim\/#website\",\"url\":\"https:\/\/medicina.udd.cl\/icim\/\",\"name\":\"ICIM\",\"description\":\"Una iniciativa de Universidad del Desarrollo y Cl\u00ednica Alemana\",\"inLanguage\":\"es\"},{\"@type\":\"Person\",\"@id\":\"\",\"url\":\"https:\/\/medicina.udd.cl\/icim\/author\/\"}]}<\/script>\n<!-- \/ Yoast SEO plugin. -->","yoast_head_json":{"title":"Carolina Torrealba expuso sobre el ecosistema de ciencias e innovaci\u00f3n en Chile en seminario del ICIM - ICIM","robots":{"index":"index","follow":"follow","max-snippet":"max-snippet:-1","max-image-preview":"max-image-preview:large","max-video-preview":"max-video-preview:-1"},"canonical":"https:\/\/medicina.udd.cl\/icim\/2022\/04\/22\/carolina-torrealba-expuso-sobre-el-ecosistema-de-ciencias-e-innovacion-en-chile-en-seminario-del-icim\/","og_locale":"es_ES","og_type":"article","og_title":"Carolina Torrealba expuso sobre el ecosistema de ciencias e innovaci\u00f3n en Chile en seminario del ICIM - ICIM","og_description":"Carolina Torrealba, ex subsecretaria del Ministerio de Ciencia, Tecnolog\u00eda, Conocimiento e Innovaci\u00f3n, particip\u00f3 en un nuevo Seminario Acad\u00e9mico del Instituto de Ciencias e Innovaci\u00f3n en Medicina (ICIM) de la Universidad del Desarrollo (UDD), instancia en la que abord\u00f3 el tema \u00abEcosistema de ciencias e innovaci\u00f3n en Chile: d\u00f3nde estamos y hacia d\u00f3nde debemos ir\u00bb. El [&hellip;]","og_url":"https:\/\/medicina.udd.cl\/icim\/2022\/04\/22\/carolina-torrealba-expuso-sobre-el-ecosistema-de-ciencias-e-innovacion-en-chile-en-seminario-del-icim\/","og_site_name":"ICIM","article_published_time":"2022-04-22T14:30:45+00:00","article_modified_time":"2022-04-22T15:35:23+00:00","og_image":[{"width":2560,"height":1920,"url":"https:\/\/medicina.udd.cl\/icim\/files\/2022\/04\/IMG_9016-scaled.jpg","type":"image\/jpeg"}],"twitter_card":"summary_large_image","twitter_misc":{"Escrito por":"","Tiempo de lectura":"3 minutos"},"schema":{"@context":"https:\/\/schema.org","@graph":[{"@type":"Article","@id":"https:\/\/medicina.udd.cl\/icim\/2022\/04\/22\/carolina-torrealba-expuso-sobre-el-ecosistema-de-ciencias-e-innovacion-en-chile-en-seminario-del-icim\/#article","isPartOf":{"@id":"https:\/\/medicina.udd.cl\/icim\/2022\/04\/22\/carolina-torrealba-expuso-sobre-el-ecosistema-de-ciencias-e-innovacion-en-chile-en-seminario-del-icim\/"},"author":{"name":"","@id":""},"headline":"Carolina Torrealba expuso sobre el ecosistema de ciencias e innovaci\u00f3n en Chile en seminario del ICIM","datePublished":"2022-04-22T14:30:45+00:00","dateModified":"2022-04-22T15:35:23+00:00","mainEntityOfPage":{"@id":"https:\/\/medicina.udd.cl\/icim\/2022\/04\/22\/carolina-torrealba-expuso-sobre-el-ecosistema-de-ciencias-e-innovacion-en-chile-en-seminario-del-icim\/"},"wordCount":549,"commentCount":0,"image":{"@id":"https:\/\/medicina.udd.cl\/icim\/2022\/04\/22\/carolina-torrealba-expuso-sobre-el-ecosistema-de-ciencias-e-innovacion-en-chile-en-seminario-del-icim\/#primaryimage"},"thumbnailUrl":"https:\/\/medicina.udd.cl\/icim\/files\/2022\/04\/IMG_9016-scaled.jpg","articleSection":["Noticias"],"inLanguage":"es","potentialAction":[{"@type":"CommentAction","name":"Comment","target":["https:\/\/medicina.udd.cl\/icim\/2022\/04\/22\/carolina-torrealba-expuso-sobre-el-ecosistema-de-ciencias-e-innovacion-en-chile-en-seminario-del-icim\/#respond"]}]},{"@type":"WebPage","@id":"https:\/\/medicina.udd.cl\/icim\/2022\/04\/22\/carolina-torrealba-expuso-sobre-el-ecosistema-de-ciencias-e-innovacion-en-chile-en-seminario-del-icim\/","url":"https:\/\/medicina.udd.cl\/icim\/2022\/04\/22\/carolina-torrealba-expuso-sobre-el-ecosistema-de-ciencias-e-innovacion-en-chile-en-seminario-del-icim\/","name":"Carolina Torrealba expuso sobre el ecosistema de ciencias e innovaci\u00f3n en Chile en seminario del ICIM - ICIM","isPartOf":{"@id":"https:\/\/medicina.udd.cl\/icim\/#website"},"primaryImageOfPage":{"@id":"https:\/\/medicina.udd.cl\/icim\/2022\/04\/22\/carolina-torrealba-expuso-sobre-el-ecosistema-de-ciencias-e-innovacion-en-chile-en-seminario-del-icim\/#primaryimage"},"image":{"@id":"https:\/\/medicina.udd.cl\/icim\/2022\/04\/22\/carolina-torrealba-expuso-sobre-el-ecosistema-de-ciencias-e-innovacion-en-chile-en-seminario-del-icim\/#primaryimage"},"thumbnailUrl":"https:\/\/medicina.udd.cl\/icim\/files\/2022\/04\/IMG_9016-scaled.jpg","datePublished":"2022-04-22T14:30:45+00:00","dateModified":"2022-04-22T15:35:23+00:00","author":{"@id":""},"breadcrumb":{"@id":"https:\/\/medicina.udd.cl\/icim\/2022\/04\/22\/carolina-torrealba-expuso-sobre-el-ecosistema-de-ciencias-e-innovacion-en-chile-en-seminario-del-icim\/#breadcrumb"},"inLanguage":"es","potentialAction":[{"@type":"ReadAction","target":["https:\/\/medicina.udd.cl\/icim\/2022\/04\/22\/carolina-torrealba-expuso-sobre-el-ecosistema-de-ciencias-e-innovacion-en-chile-en-seminario-del-icim\/"]}]},{"@type":"ImageObject","inLanguage":"es","@id":"https:\/\/medicina.udd.cl\/icim\/2022\/04\/22\/carolina-torrealba-expuso-sobre-el-ecosistema-de-ciencias-e-innovacion-en-chile-en-seminario-del-icim\/#primaryimage","url":"https:\/\/medicina.udd.cl\/icim\/files\/2022\/04\/IMG_9016-scaled.jpg","contentUrl":"https:\/\/medicina.udd.cl\/icim\/files\/2022\/04\/IMG_9016-scaled.jpg","width":2560,"height":1920},{"@type":"BreadcrumbList","@id":"https:\/\/medicina.udd.cl\/icim\/2022\/04\/22\/carolina-torrealba-expuso-sobre-el-ecosistema-de-ciencias-e-innovacion-en-chile-en-seminario-del-icim\/#breadcrumb","itemListElement":[{"@type":"ListItem","position":1,"name":"Inicio","item":"https:\/\/medicina.udd.cl\/icim\/"},{"@type":"ListItem","position":2,"name":"Carolina Torrealba expuso sobre el ecosistema de ciencias e innovaci\u00f3n en Chile en seminario del ICIM"}]},{"@type":"WebSite","@id":"https:\/\/medicina.udd.cl\/icim\/#website","url":"https:\/\/medicina.udd.cl\/icim\/","name":"ICIM","description":"Una iniciativa de Universidad del Desarrollo y Cl\u00ednica Alemana","inLanguage":"es"},{"@type":"Person","@id":"","url":"https:\/\/medicina.udd.cl\/icim\/author\/"}]}},"featured_image_url":"https:\/\/medicina.udd.cl\/icim\/files\/2022\/04\/IMG_9016-scaled.jpg","_links":{"self":[{"href":"https:\/\/medicina.udd.cl\/icim\/wp-json\/wp\/v2\/posts\/10531","targetHints":{"allow":["GET"]}}],"collection":[{"href":"https:\/\/medicina.udd.cl\/icim\/wp-json\/wp\/v2\/posts"}],"about":[{"href":"https:\/\/medicina.udd.cl\/icim\/wp-json\/wp\/v2\/types\/post"}],"author":[{"embeddable":true,"href":"https:\/\/medicina.udd.cl\/icim\/wp-json\/wp\/v2\/users\/42"}],"replies":[{"embeddable":true,"href":"https:\/\/medicina.udd.cl\/icim\/wp-json\/wp\/v2\/comments?post=10531"}],"version-history":[{"count":12,"href":"https:\/\/medicina.udd.cl\/icim\/wp-json\/wp\/v2\/posts\/10531\/revisions"}],"predecessor-version":[{"id":10562,"href":"https:\/\/medicina.udd.cl\/icim\/wp-json\/wp\/v2\/posts\/10531\/revisions\/10562"}],"wp:featuredmedia":[{"embeddable":true,"href":"https:\/\/medicina.udd.cl\/icim\/wp-json\/wp\/v2\/media\/10548"}],"wp:attachment":[{"href":"https:\/\/medicina.udd.cl\/icim\/wp-json\/wp\/v2\/media?parent=10531"}],"wp:term":[{"taxonomy":"category","embeddable":true,"href":"https:\/\/medicina.udd.cl\/icim\/wp-json\/wp\/v2\/categories?post=10531"},{"taxonomy":"post_tag","embeddable":true,"href":"https:\/\/medicina.udd.cl\/icim\/wp-json\/wp\/v2\/tags?post=10531"}],"curies":[{"name":"wp","href":"https:\/\/api.w.org\/{rel}","templated":true}]}}