{"id":10752,"date":"2022-05-18T14:33:58","date_gmt":"2022-05-18T18:33:58","guid":{"rendered":"https:\/\/medicina.udd.cl\/icim\/?p=10752"},"modified":"2022-05-25T14:54:52","modified_gmt":"2022-05-25T18:54:52","slug":"proessa-udd-participo-en-la-creacion-de-plataforma-sobre-salud-y-migracion-en-las-americas-de-la-ops","status":"publish","type":"post","link":"https:\/\/medicina.udd.cl\/icim\/2022\/05\/18\/proessa-udd-participo-en-la-creacion-de-plataforma-sobre-salud-y-migracion-en-las-americas-de-la-ops\/","title":{"rendered":"Proessa UDD particip\u00f3 en la creaci\u00f3n de plataforma sobre salud y migraci\u00f3n en las Am\u00e9ricas de la OPS"},"content":{"rendered":"\n<figure class=\"wp-block-image size-large\"><img loading=\"lazy\" decoding=\"async\" width=\"686\" height=\"410\" src=\"https:\/\/medicina.udd.cl\/icim\/files\/2022\/05\/Captura-de-Pantalla-2022-05-25-a-las-14.53.39.png\" alt=\"\" class=\"wp-image-10787\" srcset=\"https:\/\/medicina.udd.cl\/icim\/files\/2022\/05\/Captura-de-Pantalla-2022-05-25-a-las-14.53.39.png 686w, https:\/\/medicina.udd.cl\/icim\/files\/2022\/05\/Captura-de-Pantalla-2022-05-25-a-las-14.53.39-300x179.png 300w\" sizes=\"auto, (max-width: 686px) 100vw, 686px\" \/><\/figure>\n\n\n\n<p>El Programa de Estudios Sociales en Salud (Proessa) del Instituto de Ciencias e Innovaci\u00f3n en Medicina (ICIM) de la Universidad del Desarrollo (UDD), particip\u00f3 en la elaboraci\u00f3n de la recientemente lanzada Plataforma Informativa de Salud y Migraci\u00f3n para las Am\u00e9ricas, de la Organizaci\u00f3n Panamericana de la Salud (OPS).<\/p>\n\n\n\n<p>Se trata de una iniciativa que busca sistematizar la informaci\u00f3n, con el fin de facilitar su almacenamiento, difusi\u00f3n e intercambio de conocimiento para orientar la elaboraci\u00f3n de pol\u00edticas, intervenciones en salud p\u00fablica y diversas iniciativas sobre salud y migraci\u00f3n. Esto, en un contexto en el que la cifra de migrantes en Am\u00e9rica Latina y el Caribe lleg\u00f3 a los 15 millones en 2022, movimientos que han aumentado las brechas de datos sobre ambas tem\u00e1ticas.<\/p>\n\n\n\n<p>El trabajo del equipo de Proessa consisti\u00f3 en la recopilaci\u00f3n de literatura cient\u00edfica sobre migraci\u00f3n en salud de toda Am\u00e9rica. \u201cHicimos una revisi\u00f3n y sistematizaci\u00f3n de m\u00e1s de 700 art\u00edculos cient\u00edficos para todo el continente, de Alaska a Magallanes, con filtro de los \u00faltimos cinco a\u00f1os, en bases de de alto nivel. Esto permiti\u00f3 elaborar un tablero que hoy est\u00e1 publicado en el sitio, primero en su tipo, por lo que es un importante reconocimiento para nosotros\u201d, se\u00f1ala B\u00e1ltica Cabieses, investigadora UDD.<\/p>\n\n\n\n<p>La implementaci\u00f3n de esta herramienta fue liderada por la OPS e incluye, entre otros elementos, tableros interactivos sobre marcos pol\u00edticos, legales y regulatorios, as\u00ed como el de literatura cient\u00edfica ya mencionado, donde se pueden explorar los datos a trav\u00e9s de paneles din\u00e1micos y utilizar diversos filtros de an\u00e1lisis. Estos datos que buscan ser un insumo para informar la formulaci\u00f3n de pol\u00edticas basadas en la evidencia, la legislaci\u00f3n y derechos humanos, el dise\u00f1o de materiales de capacitaci\u00f3n, la elaboraci\u00f3n de proyectos e intervenciones en salud p\u00fablica y el desarrollo de iniciativas de investigaci\u00f3n sobre salud y migraci\u00f3n.<\/p>\n\n\n\n<p>Para conocer esta plataforma, <a href=\"https:\/\/www.paho.org\/es\/migracion-salud-americas\/salud-migracion-americas-plataforma-informativa\">ingresar aqu\u00ed.<\/a> <\/p>\n","protected":false},"excerpt":{"rendered":"<p>El Programa de Estudios Sociales en Salud (Proessa) del Instituto de Ciencias e Innovaci\u00f3n en Medicina (ICIM) de la Universidad del Desarrollo (UDD), particip\u00f3 en la elaboraci\u00f3n de la recientemente lanzada Plataforma Informativa de Salud y Migraci\u00f3n para las Am\u00e9ricas, de la Organizaci\u00f3n Panamericana de la Salud (OPS). Se trata de una iniciativa que busca [&hellip;]<\/p>\n","protected":false},"author":42,"featured_media":10763,"comment_status":"open","ping_status":"open","sticky":false,"template":"","format":"standard","meta":{"footnotes":""},"categories":[4],"tags":[],"class_list":["post-10752","post","type-post","status-publish","format-standard","has-post-thumbnail","hentry","category-noticias"],"yoast_head":"<!-- This site is optimized with the Yoast SEO plugin v26.9 - https:\/\/yoast.com\/product\/yoast-seo-wordpress\/ -->\n<title>Proessa UDD particip\u00f3 en la creaci\u00f3n de plataforma sobre salud y migraci\u00f3n en las Am\u00e9ricas de la OPS - ICIM<\/title>\n<meta name=\"robots\" content=\"index, follow, max-snippet:-1, max-image-preview:large, max-video-preview:-1\" \/>\n<link rel=\"canonical\" href=\"https:\/\/medicina.udd.cl\/icim\/2022\/05\/18\/proessa-udd-participo-en-la-creacion-de-plataforma-sobre-salud-y-migracion-en-las-americas-de-la-ops\/\" \/>\n<meta property=\"og:locale\" content=\"es_ES\" \/>\n<meta property=\"og:type\" content=\"article\" \/>\n<meta property=\"og:title\" content=\"Proessa UDD particip\u00f3 en la creaci\u00f3n de plataforma sobre salud y migraci\u00f3n en las Am\u00e9ricas de la OPS - ICIM\" \/>\n<meta property=\"og:description\" content=\"El Programa de Estudios Sociales en Salud (Proessa) del Instituto de Ciencias e Innovaci\u00f3n en Medicina (ICIM) de la Universidad del Desarrollo (UDD), particip\u00f3 en la elaboraci\u00f3n de la recientemente lanzada Plataforma Informativa de Salud y Migraci\u00f3n para las Am\u00e9ricas, de la Organizaci\u00f3n Panamericana de la Salud (OPS). Se trata de una iniciativa que busca [&hellip;]\" \/>\n<meta property=\"og:url\" content=\"https:\/\/medicina.udd.cl\/icim\/2022\/05\/18\/proessa-udd-participo-en-la-creacion-de-plataforma-sobre-salud-y-migracion-en-las-americas-de-la-ops\/\" \/>\n<meta property=\"og:site_name\" content=\"ICIM\" \/>\n<meta property=\"article:published_time\" content=\"2022-05-18T18:33:58+00:00\" \/>\n<meta property=\"article:modified_time\" content=\"2022-05-25T18:54:52+00:00\" \/>\n<meta property=\"og:image\" content=\"https:\/\/medicina.udd.cl\/icim\/files\/2022\/05\/Captura-de-pantalla-2022-05-19-a-las-15.20.49.png\" \/>\n\t<meta property=\"og:image:width\" content=\"2390\" \/>\n\t<meta property=\"og:image:height\" content=\"1692\" \/>\n\t<meta property=\"og:image:type\" content=\"image\/png\" \/>\n<meta name=\"twitter:card\" content=\"summary_large_image\" \/>\n<meta name=\"twitter:label1\" content=\"Escrito por\" \/>\n\t<meta name=\"twitter:data1\" content=\"\" \/>\n\t<meta name=\"twitter:label2\" content=\"Tiempo de lectura\" \/>\n\t<meta name=\"twitter:data2\" content=\"2 minutos\" \/>\n<script type=\"application\/ld+json\" class=\"yoast-schema-graph\">{\"@context\":\"https:\/\/schema.org\",\"@graph\":[{\"@type\":\"Article\",\"@id\":\"https:\/\/medicina.udd.cl\/icim\/2022\/05\/18\/proessa-udd-participo-en-la-creacion-de-plataforma-sobre-salud-y-migracion-en-las-americas-de-la-ops\/#article\",\"isPartOf\":{\"@id\":\"https:\/\/medicina.udd.cl\/icim\/2022\/05\/18\/proessa-udd-participo-en-la-creacion-de-plataforma-sobre-salud-y-migracion-en-las-americas-de-la-ops\/\"},\"author\":{\"name\":\"\",\"@id\":\"\"},\"headline\":\"Proessa UDD particip\u00f3 en la creaci\u00f3n de plataforma sobre salud y migraci\u00f3n en las Am\u00e9ricas de la OPS\",\"datePublished\":\"2022-05-18T18:33:58+00:00\",\"dateModified\":\"2022-05-25T18:54:52+00:00\",\"mainEntityOfPage\":{\"@id\":\"https:\/\/medicina.udd.cl\/icim\/2022\/05\/18\/proessa-udd-participo-en-la-creacion-de-plataforma-sobre-salud-y-migracion-en-las-americas-de-la-ops\/\"},\"wordCount\":364,\"commentCount\":0,\"image\":{\"@id\":\"https:\/\/medicina.udd.cl\/icim\/2022\/05\/18\/proessa-udd-participo-en-la-creacion-de-plataforma-sobre-salud-y-migracion-en-las-americas-de-la-ops\/#primaryimage\"},\"thumbnailUrl\":\"https:\/\/medicina.udd.cl\/icim\/files\/2022\/05\/Captura-de-pantalla-2022-05-19-a-las-15.20.49.png\",\"articleSection\":[\"Noticias\"],\"inLanguage\":\"es\",\"potentialAction\":[{\"@type\":\"CommentAction\",\"name\":\"Comment\",\"target\":[\"https:\/\/medicina.udd.cl\/icim\/2022\/05\/18\/proessa-udd-participo-en-la-creacion-de-plataforma-sobre-salud-y-migracion-en-las-americas-de-la-ops\/#respond\"]}]},{\"@type\":\"WebPage\",\"@id\":\"https:\/\/medicina.udd.cl\/icim\/2022\/05\/18\/proessa-udd-participo-en-la-creacion-de-plataforma-sobre-salud-y-migracion-en-las-americas-de-la-ops\/\",\"url\":\"https:\/\/medicina.udd.cl\/icim\/2022\/05\/18\/proessa-udd-participo-en-la-creacion-de-plataforma-sobre-salud-y-migracion-en-las-americas-de-la-ops\/\",\"name\":\"Proessa UDD particip\u00f3 en la creaci\u00f3n de plataforma sobre salud y migraci\u00f3n en las Am\u00e9ricas de la OPS - ICIM\",\"isPartOf\":{\"@id\":\"https:\/\/medicina.udd.cl\/icim\/#website\"},\"primaryImageOfPage\":{\"@id\":\"https:\/\/medicina.udd.cl\/icim\/2022\/05\/18\/proessa-udd-participo-en-la-creacion-de-plataforma-sobre-salud-y-migracion-en-las-americas-de-la-ops\/#primaryimage\"},\"image\":{\"@id\":\"https:\/\/medicina.udd.cl\/icim\/2022\/05\/18\/proessa-udd-participo-en-la-creacion-de-plataforma-sobre-salud-y-migracion-en-las-americas-de-la-ops\/#primaryimage\"},\"thumbnailUrl\":\"https:\/\/medicina.udd.cl\/icim\/files\/2022\/05\/Captura-de-pantalla-2022-05-19-a-las-15.20.49.png\",\"datePublished\":\"2022-05-18T18:33:58+00:00\",\"dateModified\":\"2022-05-25T18:54:52+00:00\",\"author\":{\"@id\":\"\"},\"breadcrumb\":{\"@id\":\"https:\/\/medicina.udd.cl\/icim\/2022\/05\/18\/proessa-udd-participo-en-la-creacion-de-plataforma-sobre-salud-y-migracion-en-las-americas-de-la-ops\/#breadcrumb\"},\"inLanguage\":\"es\",\"potentialAction\":[{\"@type\":\"ReadAction\",\"target\":[\"https:\/\/medicina.udd.cl\/icim\/2022\/05\/18\/proessa-udd-participo-en-la-creacion-de-plataforma-sobre-salud-y-migracion-en-las-americas-de-la-ops\/\"]}]},{\"@type\":\"ImageObject\",\"inLanguage\":\"es\",\"@id\":\"https:\/\/medicina.udd.cl\/icim\/2022\/05\/18\/proessa-udd-participo-en-la-creacion-de-plataforma-sobre-salud-y-migracion-en-las-americas-de-la-ops\/#primaryimage\",\"url\":\"https:\/\/medicina.udd.cl\/icim\/files\/2022\/05\/Captura-de-pantalla-2022-05-19-a-las-15.20.49.png\",\"contentUrl\":\"https:\/\/medicina.udd.cl\/icim\/files\/2022\/05\/Captura-de-pantalla-2022-05-19-a-las-15.20.49.png\",\"width\":2390,\"height\":1692},{\"@type\":\"BreadcrumbList\",\"@id\":\"https:\/\/medicina.udd.cl\/icim\/2022\/05\/18\/proessa-udd-participo-en-la-creacion-de-plataforma-sobre-salud-y-migracion-en-las-americas-de-la-ops\/#breadcrumb\",\"itemListElement\":[{\"@type\":\"ListItem\",\"position\":1,\"name\":\"Inicio\",\"item\":\"https:\/\/medicina.udd.cl\/icim\/\"},{\"@type\":\"ListItem\",\"position\":2,\"name\":\"Proessa UDD particip\u00f3 en la creaci\u00f3n de plataforma sobre salud y migraci\u00f3n en las Am\u00e9ricas de la OPS\"}]},{\"@type\":\"WebSite\",\"@id\":\"https:\/\/medicina.udd.cl\/icim\/#website\",\"url\":\"https:\/\/medicina.udd.cl\/icim\/\",\"name\":\"ICIM\",\"description\":\"Una iniciativa de Universidad del Desarrollo y Cl\u00ednica Alemana\",\"inLanguage\":\"es\"},{\"@type\":\"Person\",\"@id\":\"\",\"url\":\"https:\/\/medicina.udd.cl\/icim\/author\/\"}]}<\/script>\n<!-- \/ Yoast SEO plugin. -->","yoast_head_json":{"title":"Proessa UDD particip\u00f3 en la creaci\u00f3n de plataforma sobre salud y migraci\u00f3n en las Am\u00e9ricas de la OPS - ICIM","robots":{"index":"index","follow":"follow","max-snippet":"max-snippet:-1","max-image-preview":"max-image-preview:large","max-video-preview":"max-video-preview:-1"},"canonical":"https:\/\/medicina.udd.cl\/icim\/2022\/05\/18\/proessa-udd-participo-en-la-creacion-de-plataforma-sobre-salud-y-migracion-en-las-americas-de-la-ops\/","og_locale":"es_ES","og_type":"article","og_title":"Proessa UDD particip\u00f3 en la creaci\u00f3n de plataforma sobre salud y migraci\u00f3n en las Am\u00e9ricas de la OPS - ICIM","og_description":"El Programa de Estudios Sociales en Salud (Proessa) del Instituto de Ciencias e Innovaci\u00f3n en Medicina (ICIM) de la Universidad del Desarrollo (UDD), particip\u00f3 en la elaboraci\u00f3n de la recientemente lanzada Plataforma Informativa de Salud y Migraci\u00f3n para las Am\u00e9ricas, de la Organizaci\u00f3n Panamericana de la Salud (OPS). Se trata de una iniciativa que busca [&hellip;]","og_url":"https:\/\/medicina.udd.cl\/icim\/2022\/05\/18\/proessa-udd-participo-en-la-creacion-de-plataforma-sobre-salud-y-migracion-en-las-americas-de-la-ops\/","og_site_name":"ICIM","article_published_time":"2022-05-18T18:33:58+00:00","article_modified_time":"2022-05-25T18:54:52+00:00","og_image":[{"width":2390,"height":1692,"url":"https:\/\/medicina.udd.cl\/icim\/files\/2022\/05\/Captura-de-pantalla-2022-05-19-a-las-15.20.49.png","type":"image\/png"}],"twitter_card":"summary_large_image","twitter_misc":{"Escrito por":"","Tiempo de lectura":"2 minutos"},"schema":{"@context":"https:\/\/schema.org","@graph":[{"@type":"Article","@id":"https:\/\/medicina.udd.cl\/icim\/2022\/05\/18\/proessa-udd-participo-en-la-creacion-de-plataforma-sobre-salud-y-migracion-en-las-americas-de-la-ops\/#article","isPartOf":{"@id":"https:\/\/medicina.udd.cl\/icim\/2022\/05\/18\/proessa-udd-participo-en-la-creacion-de-plataforma-sobre-salud-y-migracion-en-las-americas-de-la-ops\/"},"author":{"name":"","@id":""},"headline":"Proessa UDD particip\u00f3 en la creaci\u00f3n de plataforma sobre salud y migraci\u00f3n en las Am\u00e9ricas de la OPS","datePublished":"2022-05-18T18:33:58+00:00","dateModified":"2022-05-25T18:54:52+00:00","mainEntityOfPage":{"@id":"https:\/\/medicina.udd.cl\/icim\/2022\/05\/18\/proessa-udd-participo-en-la-creacion-de-plataforma-sobre-salud-y-migracion-en-las-americas-de-la-ops\/"},"wordCount":364,"commentCount":0,"image":{"@id":"https:\/\/medicina.udd.cl\/icim\/2022\/05\/18\/proessa-udd-participo-en-la-creacion-de-plataforma-sobre-salud-y-migracion-en-las-americas-de-la-ops\/#primaryimage"},"thumbnailUrl":"https:\/\/medicina.udd.cl\/icim\/files\/2022\/05\/Captura-de-pantalla-2022-05-19-a-las-15.20.49.png","articleSection":["Noticias"],"inLanguage":"es","potentialAction":[{"@type":"CommentAction","name":"Comment","target":["https:\/\/medicina.udd.cl\/icim\/2022\/05\/18\/proessa-udd-participo-en-la-creacion-de-plataforma-sobre-salud-y-migracion-en-las-americas-de-la-ops\/#respond"]}]},{"@type":"WebPage","@id":"https:\/\/medicina.udd.cl\/icim\/2022\/05\/18\/proessa-udd-participo-en-la-creacion-de-plataforma-sobre-salud-y-migracion-en-las-americas-de-la-ops\/","url":"https:\/\/medicina.udd.cl\/icim\/2022\/05\/18\/proessa-udd-participo-en-la-creacion-de-plataforma-sobre-salud-y-migracion-en-las-americas-de-la-ops\/","name":"Proessa UDD particip\u00f3 en la creaci\u00f3n de plataforma sobre salud y migraci\u00f3n en las Am\u00e9ricas de la OPS - ICIM","isPartOf":{"@id":"https:\/\/medicina.udd.cl\/icim\/#website"},"primaryImageOfPage":{"@id":"https:\/\/medicina.udd.cl\/icim\/2022\/05\/18\/proessa-udd-participo-en-la-creacion-de-plataforma-sobre-salud-y-migracion-en-las-americas-de-la-ops\/#primaryimage"},"image":{"@id":"https:\/\/medicina.udd.cl\/icim\/2022\/05\/18\/proessa-udd-participo-en-la-creacion-de-plataforma-sobre-salud-y-migracion-en-las-americas-de-la-ops\/#primaryimage"},"thumbnailUrl":"https:\/\/medicina.udd.cl\/icim\/files\/2022\/05\/Captura-de-pantalla-2022-05-19-a-las-15.20.49.png","datePublished":"2022-05-18T18:33:58+00:00","dateModified":"2022-05-25T18:54:52+00:00","author":{"@id":""},"breadcrumb":{"@id":"https:\/\/medicina.udd.cl\/icim\/2022\/05\/18\/proessa-udd-participo-en-la-creacion-de-plataforma-sobre-salud-y-migracion-en-las-americas-de-la-ops\/#breadcrumb"},"inLanguage":"es","potentialAction":[{"@type":"ReadAction","target":["https:\/\/medicina.udd.cl\/icim\/2022\/05\/18\/proessa-udd-participo-en-la-creacion-de-plataforma-sobre-salud-y-migracion-en-las-americas-de-la-ops\/"]}]},{"@type":"ImageObject","inLanguage":"es","@id":"https:\/\/medicina.udd.cl\/icim\/2022\/05\/18\/proessa-udd-participo-en-la-creacion-de-plataforma-sobre-salud-y-migracion-en-las-americas-de-la-ops\/#primaryimage","url":"https:\/\/medicina.udd.cl\/icim\/files\/2022\/05\/Captura-de-pantalla-2022-05-19-a-las-15.20.49.png","contentUrl":"https:\/\/medicina.udd.cl\/icim\/files\/2022\/05\/Captura-de-pantalla-2022-05-19-a-las-15.20.49.png","width":2390,"height":1692},{"@type":"BreadcrumbList","@id":"https:\/\/medicina.udd.cl\/icim\/2022\/05\/18\/proessa-udd-participo-en-la-creacion-de-plataforma-sobre-salud-y-migracion-en-las-americas-de-la-ops\/#breadcrumb","itemListElement":[{"@type":"ListItem","position":1,"name":"Inicio","item":"https:\/\/medicina.udd.cl\/icim\/"},{"@type":"ListItem","position":2,"name":"Proessa UDD particip\u00f3 en la creaci\u00f3n de plataforma sobre salud y migraci\u00f3n en las Am\u00e9ricas de la OPS"}]},{"@type":"WebSite","@id":"https:\/\/medicina.udd.cl\/icim\/#website","url":"https:\/\/medicina.udd.cl\/icim\/","name":"ICIM","description":"Una iniciativa de Universidad del Desarrollo y Cl\u00ednica Alemana","inLanguage":"es"},{"@type":"Person","@id":"","url":"https:\/\/medicina.udd.cl\/icim\/author\/"}]}},"featured_image_url":"https:\/\/medicina.udd.cl\/icim\/files\/2022\/05\/Captura-de-pantalla-2022-05-19-a-las-15.20.49.png","_links":{"self":[{"href":"https:\/\/medicina.udd.cl\/icim\/wp-json\/wp\/v2\/posts\/10752","targetHints":{"allow":["GET"]}}],"collection":[{"href":"https:\/\/medicina.udd.cl\/icim\/wp-json\/wp\/v2\/posts"}],"about":[{"href":"https:\/\/medicina.udd.cl\/icim\/wp-json\/wp\/v2\/types\/post"}],"author":[{"embeddable":true,"href":"https:\/\/medicina.udd.cl\/icim\/wp-json\/wp\/v2\/users\/42"}],"replies":[{"embeddable":true,"href":"https:\/\/medicina.udd.cl\/icim\/wp-json\/wp\/v2\/comments?post=10752"}],"version-history":[{"count":8,"href":"https:\/\/medicina.udd.cl\/icim\/wp-json\/wp\/v2\/posts\/10752\/revisions"}],"predecessor-version":[{"id":10788,"href":"https:\/\/medicina.udd.cl\/icim\/wp-json\/wp\/v2\/posts\/10752\/revisions\/10788"}],"wp:featuredmedia":[{"embeddable":true,"href":"https:\/\/medicina.udd.cl\/icim\/wp-json\/wp\/v2\/media\/10763"}],"wp:attachment":[{"href":"https:\/\/medicina.udd.cl\/icim\/wp-json\/wp\/v2\/media?parent=10752"}],"wp:term":[{"taxonomy":"category","embeddable":true,"href":"https:\/\/medicina.udd.cl\/icim\/wp-json\/wp\/v2\/categories?post=10752"},{"taxonomy":"post_tag","embeddable":true,"href":"https:\/\/medicina.udd.cl\/icim\/wp-json\/wp\/v2\/tags?post=10752"}],"curies":[{"name":"wp","href":"https:\/\/api.w.org\/{rel}","templated":true}]}}