{"id":10866,"date":"2022-07-28T13:36:26","date_gmt":"2022-07-28T17:36:26","guid":{"rendered":"https:\/\/medicina.udd.cl\/icim\/?p=10866"},"modified":"2022-08-18T16:16:20","modified_gmt":"2022-08-18T20:16:20","slug":"docente-udd-expuso-en-el-xvi-congreso-mundial-de-bioetica","status":"publish","type":"post","link":"https:\/\/medicina.udd.cl\/icim\/2022\/07\/28\/docente-udd-expuso-en-el-xvi-congreso-mundial-de-bioetica\/","title":{"rendered":"Docente UDD expuso en el XVI Congreso Mundial de Bio\u00e9tica"},"content":{"rendered":"\n<div class=\"wp-block-image\"><figure class=\"alignright size-large is-resized\"><img loading=\"lazy\" decoding=\"async\" src=\"https:\/\/medicina.udd.cl\/icim\/files\/2022\/07\/Sof\u00eda-Salas-Congreso-2-768x1024.jpg\" alt=\"\" class=\"wp-image-10867\" width=\"576\" height=\"768\" srcset=\"https:\/\/medicina.udd.cl\/icim\/files\/2022\/07\/Sof\u00eda-Salas-Congreso-2-768x1024.jpg 768w, https:\/\/medicina.udd.cl\/icim\/files\/2022\/07\/Sof\u00eda-Salas-Congreso-2-225x300.jpg 225w, https:\/\/medicina.udd.cl\/icim\/files\/2022\/07\/Sof\u00eda-Salas-Congreso-2.jpg 960w\" sizes=\"auto, (max-width: 576px) 100vw, 576px\" \/><figcaption>Dra. Sof\u00eda Salas.<\/figcaption><\/figure><\/div>\n\n\n\n<p>La docente investigadora del Centro de Bio\u00e9tica de la Facultad&nbsp;de Medicina Cl\u00ednica Alemana Universidad del Desarrollo, Dra. Sof\u00eda Salas, asisti\u00f3 al &nbsp;XVI Congreso Mundial de Bio\u00e9tica, realizado de manera presencial y virtual entre el 20 y 22 de julio en Basilea, Suiza. En esta oportunidad, el tema que se trat\u00f3 fue \u201cBio\u00e9tica post COVID-19: Responsabilidad y transparencia en un mundo globalizado e interconectado\u00bb.<\/p>\n\n\n\n<p>Salas present\u00f3 en esta ocasi\u00f3n dos ponencias orales y particip\u00f3 activamente en las distintas sesiones. Su primera exposici\u00f3n fue un trabajo de coautor\u00eda con tres alumnas del Mag\u00edster de Bio\u00e9tica UDD (Mariana Dittborn, Constanza Micolich y Daniela Rojas), titulado \u00abEthical challenges experienced by health care workers during health emergencies: A Rapid Review of the evidence before COVID-19\u00bb, Su segunda participaci\u00f3n fue en representaci\u00f3n del Centro Colaborador de la OPS, en un workshop sobre las experiencias en \u00e9tica de investigaci\u00f3n aprendidas durante la pandemia.<\/p>\n\n\n\n<p>Para la docente UDD, la asistencia a estos eventos internacionales permite no s\u00f3lo compartir con acad\u00e9micos de distintos lugares del mundo, sino que tambi\u00e9n darse cuenta que aquellos temas que desarrolla en sus clases con alumnos de pre y posgrado son los mismos que preocupan a bioeticistas a nivel mundial. \u201cLo que m\u00e1s me llam\u00f3 la atenci\u00f3n fue la discusi\u00f3n plenaria del \u00faltimo d\u00eda, la cual estuvo dedicada a la construcci\u00f3n de liderazgos en bio\u00e9tica: el ambiente de trabajo acad\u00e9mico y \u00e9tica. En dicha sesi\u00f3n, destacados bioeticistas de distintas regiones compartieron su experiencia sobre los a\u00f1os iniciales de sus respectivas carreras y dieron luces respecto de c\u00f3mo construir un liderazgo efectivo, que permita a las nuevas generaciones florecer en la carrera acad\u00e9mica. Esto s\u00f3lo se logra si el l\u00edder es apoyador e inspirador\u201d, explic\u00f3.<\/p>\n","protected":false},"excerpt":{"rendered":"<p>La docente investigadora del Centro de Bio\u00e9tica de la Facultad&nbsp;de Medicina Cl\u00ednica Alemana Universidad del Desarrollo, Dra. Sof\u00eda Salas, asisti\u00f3 al &nbsp;XVI Congreso Mundial de Bio\u00e9tica, realizado de manera presencial y virtual entre el 20 y 22 de julio en Basilea, Suiza. En esta oportunidad, el tema que se trat\u00f3 fue \u201cBio\u00e9tica post COVID-19: Responsabilidad [&hellip;]<\/p>\n","protected":false},"author":9192219,"featured_media":10923,"comment_status":"open","ping_status":"open","sticky":false,"template":"","format":"standard","meta":{"footnotes":""},"categories":[4],"tags":[],"class_list":["post-10866","post","type-post","status-publish","format-standard","has-post-thumbnail","hentry","category-noticias"],"yoast_head":"<!-- This site is optimized with the Yoast SEO plugin v26.9 - https:\/\/yoast.com\/product\/yoast-seo-wordpress\/ -->\n<title>Docente UDD expuso en el XVI Congreso Mundial de Bio\u00e9tica - ICIM<\/title>\n<meta name=\"robots\" content=\"index, follow, max-snippet:-1, max-image-preview:large, max-video-preview:-1\" \/>\n<link rel=\"canonical\" href=\"https:\/\/medicina.udd.cl\/icim\/2022\/07\/28\/docente-udd-expuso-en-el-xvi-congreso-mundial-de-bioetica\/\" \/>\n<meta property=\"og:locale\" content=\"es_ES\" \/>\n<meta property=\"og:type\" content=\"article\" \/>\n<meta property=\"og:title\" content=\"Docente UDD expuso en el XVI Congreso Mundial de Bio\u00e9tica - ICIM\" \/>\n<meta property=\"og:description\" content=\"La docente investigadora del Centro de Bio\u00e9tica de la Facultad&nbsp;de Medicina Cl\u00ednica Alemana Universidad del Desarrollo, Dra. Sof\u00eda Salas, asisti\u00f3 al &nbsp;XVI Congreso Mundial de Bio\u00e9tica, realizado de manera presencial y virtual entre el 20 y 22 de julio en Basilea, Suiza. En esta oportunidad, el tema que se trat\u00f3 fue \u201cBio\u00e9tica post COVID-19: Responsabilidad [&hellip;]\" \/>\n<meta property=\"og:url\" content=\"https:\/\/medicina.udd.cl\/icim\/2022\/07\/28\/docente-udd-expuso-en-el-xvi-congreso-mundial-de-bioetica\/\" \/>\n<meta property=\"og:site_name\" content=\"ICIM\" \/>\n<meta property=\"article:published_time\" content=\"2022-07-28T17:36:26+00:00\" \/>\n<meta property=\"article:modified_time\" content=\"2022-08-18T20:16:20+00:00\" \/>\n<meta property=\"og:image\" content=\"https:\/\/medicina.udd.cl\/icim\/files\/2022\/07\/Sof\u00edaSalas-Congreso.jpg\" \/>\n\t<meta property=\"og:image:width\" content=\"432\" \/>\n\t<meta property=\"og:image:height\" content=\"368\" \/>\n\t<meta property=\"og:image:type\" content=\"image\/jpeg\" \/>\n<meta name=\"author\" content=\"rbraidy\" \/>\n<meta name=\"twitter:card\" content=\"summary_large_image\" \/>\n<meta name=\"twitter:label1\" content=\"Escrito por\" \/>\n\t<meta name=\"twitter:data1\" content=\"rbraidy\" \/>\n\t<meta name=\"twitter:label2\" content=\"Tiempo de lectura\" \/>\n\t<meta name=\"twitter:data2\" content=\"2 minutos\" \/>\n<script type=\"application\/ld+json\" class=\"yoast-schema-graph\">{\"@context\":\"https:\/\/schema.org\",\"@graph\":[{\"@type\":\"Article\",\"@id\":\"https:\/\/medicina.udd.cl\/icim\/2022\/07\/28\/docente-udd-expuso-en-el-xvi-congreso-mundial-de-bioetica\/#article\",\"isPartOf\":{\"@id\":\"https:\/\/medicina.udd.cl\/icim\/2022\/07\/28\/docente-udd-expuso-en-el-xvi-congreso-mundial-de-bioetica\/\"},\"author\":{\"name\":\"rbraidy\",\"@id\":\"https:\/\/medicina.udd.cl\/icim\/#\/schema\/person\/dbc3705bf3a93e8be1ba6de0ef950341\"},\"headline\":\"Docente UDD expuso en el XVI Congreso Mundial de Bio\u00e9tica\",\"datePublished\":\"2022-07-28T17:36:26+00:00\",\"dateModified\":\"2022-08-18T20:16:20+00:00\",\"mainEntityOfPage\":{\"@id\":\"https:\/\/medicina.udd.cl\/icim\/2022\/07\/28\/docente-udd-expuso-en-el-xvi-congreso-mundial-de-bioetica\/\"},\"wordCount\":325,\"commentCount\":0,\"image\":{\"@id\":\"https:\/\/medicina.udd.cl\/icim\/2022\/07\/28\/docente-udd-expuso-en-el-xvi-congreso-mundial-de-bioetica\/#primaryimage\"},\"thumbnailUrl\":\"https:\/\/medicina.udd.cl\/icim\/files\/2022\/07\/Sof\u00edaSalas-Congreso.jpg\",\"articleSection\":[\"Noticias\"],\"inLanguage\":\"es\",\"potentialAction\":[{\"@type\":\"CommentAction\",\"name\":\"Comment\",\"target\":[\"https:\/\/medicina.udd.cl\/icim\/2022\/07\/28\/docente-udd-expuso-en-el-xvi-congreso-mundial-de-bioetica\/#respond\"]}]},{\"@type\":\"WebPage\",\"@id\":\"https:\/\/medicina.udd.cl\/icim\/2022\/07\/28\/docente-udd-expuso-en-el-xvi-congreso-mundial-de-bioetica\/\",\"url\":\"https:\/\/medicina.udd.cl\/icim\/2022\/07\/28\/docente-udd-expuso-en-el-xvi-congreso-mundial-de-bioetica\/\",\"name\":\"Docente UDD expuso en el XVI Congreso Mundial de Bio\u00e9tica - ICIM\",\"isPartOf\":{\"@id\":\"https:\/\/medicina.udd.cl\/icim\/#website\"},\"primaryImageOfPage\":{\"@id\":\"https:\/\/medicina.udd.cl\/icim\/2022\/07\/28\/docente-udd-expuso-en-el-xvi-congreso-mundial-de-bioetica\/#primaryimage\"},\"image\":{\"@id\":\"https:\/\/medicina.udd.cl\/icim\/2022\/07\/28\/docente-udd-expuso-en-el-xvi-congreso-mundial-de-bioetica\/#primaryimage\"},\"thumbnailUrl\":\"https:\/\/medicina.udd.cl\/icim\/files\/2022\/07\/Sof\u00edaSalas-Congreso.jpg\",\"datePublished\":\"2022-07-28T17:36:26+00:00\",\"dateModified\":\"2022-08-18T20:16:20+00:00\",\"author\":{\"@id\":\"https:\/\/medicina.udd.cl\/icim\/#\/schema\/person\/dbc3705bf3a93e8be1ba6de0ef950341\"},\"breadcrumb\":{\"@id\":\"https:\/\/medicina.udd.cl\/icim\/2022\/07\/28\/docente-udd-expuso-en-el-xvi-congreso-mundial-de-bioetica\/#breadcrumb\"},\"inLanguage\":\"es\",\"potentialAction\":[{\"@type\":\"ReadAction\",\"target\":[\"https:\/\/medicina.udd.cl\/icim\/2022\/07\/28\/docente-udd-expuso-en-el-xvi-congreso-mundial-de-bioetica\/\"]}]},{\"@type\":\"ImageObject\",\"inLanguage\":\"es\",\"@id\":\"https:\/\/medicina.udd.cl\/icim\/2022\/07\/28\/docente-udd-expuso-en-el-xvi-congreso-mundial-de-bioetica\/#primaryimage\",\"url\":\"https:\/\/medicina.udd.cl\/icim\/files\/2022\/07\/Sof\u00edaSalas-Congreso.jpg\",\"contentUrl\":\"https:\/\/medicina.udd.cl\/icim\/files\/2022\/07\/Sof\u00edaSalas-Congreso.jpg\",\"width\":432,\"height\":368},{\"@type\":\"BreadcrumbList\",\"@id\":\"https:\/\/medicina.udd.cl\/icim\/2022\/07\/28\/docente-udd-expuso-en-el-xvi-congreso-mundial-de-bioetica\/#breadcrumb\",\"itemListElement\":[{\"@type\":\"ListItem\",\"position\":1,\"name\":\"Inicio\",\"item\":\"https:\/\/medicina.udd.cl\/icim\/\"},{\"@type\":\"ListItem\",\"position\":2,\"name\":\"Docente UDD expuso en el XVI Congreso Mundial de Bio\u00e9tica\"}]},{\"@type\":\"WebSite\",\"@id\":\"https:\/\/medicina.udd.cl\/icim\/#website\",\"url\":\"https:\/\/medicina.udd.cl\/icim\/\",\"name\":\"ICIM\",\"description\":\"Una iniciativa de Universidad del Desarrollo y Cl\u00ednica Alemana\",\"inLanguage\":\"es\"},{\"@type\":\"Person\",\"@id\":\"https:\/\/medicina.udd.cl\/icim\/#\/schema\/person\/dbc3705bf3a93e8be1ba6de0ef950341\",\"name\":\"rbraidy\",\"image\":{\"@type\":\"ImageObject\",\"inLanguage\":\"es\",\"@id\":\"https:\/\/medicina.udd.cl\/icim\/#\/schema\/person\/image\/\",\"url\":\"https:\/\/secure.gravatar.com\/avatar\/0f8bc94637401590e45d2ce17eb65c274cb8870a219de6177f3f23e63fd8cdf3?s=96&d=mm&r=g\",\"contentUrl\":\"https:\/\/secure.gravatar.com\/avatar\/0f8bc94637401590e45d2ce17eb65c274cb8870a219de6177f3f23e63fd8cdf3?s=96&d=mm&r=g\",\"caption\":\"rbraidy\"},\"url\":\"https:\/\/medicina.udd.cl\/icim\/author\/rbraidy\/\"}]}<\/script>\n<!-- \/ Yoast SEO plugin. -->","yoast_head_json":{"title":"Docente UDD expuso en el XVI Congreso Mundial de Bio\u00e9tica - ICIM","robots":{"index":"index","follow":"follow","max-snippet":"max-snippet:-1","max-image-preview":"max-image-preview:large","max-video-preview":"max-video-preview:-1"},"canonical":"https:\/\/medicina.udd.cl\/icim\/2022\/07\/28\/docente-udd-expuso-en-el-xvi-congreso-mundial-de-bioetica\/","og_locale":"es_ES","og_type":"article","og_title":"Docente UDD expuso en el XVI Congreso Mundial de Bio\u00e9tica - ICIM","og_description":"La docente investigadora del Centro de Bio\u00e9tica de la Facultad&nbsp;de Medicina Cl\u00ednica Alemana Universidad del Desarrollo, Dra. Sof\u00eda Salas, asisti\u00f3 al &nbsp;XVI Congreso Mundial de Bio\u00e9tica, realizado de manera presencial y virtual entre el 20 y 22 de julio en Basilea, Suiza. En esta oportunidad, el tema que se trat\u00f3 fue \u201cBio\u00e9tica post COVID-19: Responsabilidad [&hellip;]","og_url":"https:\/\/medicina.udd.cl\/icim\/2022\/07\/28\/docente-udd-expuso-en-el-xvi-congreso-mundial-de-bioetica\/","og_site_name":"ICIM","article_published_time":"2022-07-28T17:36:26+00:00","article_modified_time":"2022-08-18T20:16:20+00:00","og_image":[{"width":432,"height":368,"url":"https:\/\/medicina.udd.cl\/icim\/files\/2022\/07\/Sof\u00edaSalas-Congreso.jpg","type":"image\/jpeg"}],"author":"rbraidy","twitter_card":"summary_large_image","twitter_misc":{"Escrito por":"rbraidy","Tiempo de lectura":"2 minutos"},"schema":{"@context":"https:\/\/schema.org","@graph":[{"@type":"Article","@id":"https:\/\/medicina.udd.cl\/icim\/2022\/07\/28\/docente-udd-expuso-en-el-xvi-congreso-mundial-de-bioetica\/#article","isPartOf":{"@id":"https:\/\/medicina.udd.cl\/icim\/2022\/07\/28\/docente-udd-expuso-en-el-xvi-congreso-mundial-de-bioetica\/"},"author":{"name":"rbraidy","@id":"https:\/\/medicina.udd.cl\/icim\/#\/schema\/person\/dbc3705bf3a93e8be1ba6de0ef950341"},"headline":"Docente UDD expuso en el XVI Congreso Mundial de Bio\u00e9tica","datePublished":"2022-07-28T17:36:26+00:00","dateModified":"2022-08-18T20:16:20+00:00","mainEntityOfPage":{"@id":"https:\/\/medicina.udd.cl\/icim\/2022\/07\/28\/docente-udd-expuso-en-el-xvi-congreso-mundial-de-bioetica\/"},"wordCount":325,"commentCount":0,"image":{"@id":"https:\/\/medicina.udd.cl\/icim\/2022\/07\/28\/docente-udd-expuso-en-el-xvi-congreso-mundial-de-bioetica\/#primaryimage"},"thumbnailUrl":"https:\/\/medicina.udd.cl\/icim\/files\/2022\/07\/Sof\u00edaSalas-Congreso.jpg","articleSection":["Noticias"],"inLanguage":"es","potentialAction":[{"@type":"CommentAction","name":"Comment","target":["https:\/\/medicina.udd.cl\/icim\/2022\/07\/28\/docente-udd-expuso-en-el-xvi-congreso-mundial-de-bioetica\/#respond"]}]},{"@type":"WebPage","@id":"https:\/\/medicina.udd.cl\/icim\/2022\/07\/28\/docente-udd-expuso-en-el-xvi-congreso-mundial-de-bioetica\/","url":"https:\/\/medicina.udd.cl\/icim\/2022\/07\/28\/docente-udd-expuso-en-el-xvi-congreso-mundial-de-bioetica\/","name":"Docente UDD expuso en el XVI Congreso Mundial de Bio\u00e9tica - ICIM","isPartOf":{"@id":"https:\/\/medicina.udd.cl\/icim\/#website"},"primaryImageOfPage":{"@id":"https:\/\/medicina.udd.cl\/icim\/2022\/07\/28\/docente-udd-expuso-en-el-xvi-congreso-mundial-de-bioetica\/#primaryimage"},"image":{"@id":"https:\/\/medicina.udd.cl\/icim\/2022\/07\/28\/docente-udd-expuso-en-el-xvi-congreso-mundial-de-bioetica\/#primaryimage"},"thumbnailUrl":"https:\/\/medicina.udd.cl\/icim\/files\/2022\/07\/Sof\u00edaSalas-Congreso.jpg","datePublished":"2022-07-28T17:36:26+00:00","dateModified":"2022-08-18T20:16:20+00:00","author":{"@id":"https:\/\/medicina.udd.cl\/icim\/#\/schema\/person\/dbc3705bf3a93e8be1ba6de0ef950341"},"breadcrumb":{"@id":"https:\/\/medicina.udd.cl\/icim\/2022\/07\/28\/docente-udd-expuso-en-el-xvi-congreso-mundial-de-bioetica\/#breadcrumb"},"inLanguage":"es","potentialAction":[{"@type":"ReadAction","target":["https:\/\/medicina.udd.cl\/icim\/2022\/07\/28\/docente-udd-expuso-en-el-xvi-congreso-mundial-de-bioetica\/"]}]},{"@type":"ImageObject","inLanguage":"es","@id":"https:\/\/medicina.udd.cl\/icim\/2022\/07\/28\/docente-udd-expuso-en-el-xvi-congreso-mundial-de-bioetica\/#primaryimage","url":"https:\/\/medicina.udd.cl\/icim\/files\/2022\/07\/Sof\u00edaSalas-Congreso.jpg","contentUrl":"https:\/\/medicina.udd.cl\/icim\/files\/2022\/07\/Sof\u00edaSalas-Congreso.jpg","width":432,"height":368},{"@type":"BreadcrumbList","@id":"https:\/\/medicina.udd.cl\/icim\/2022\/07\/28\/docente-udd-expuso-en-el-xvi-congreso-mundial-de-bioetica\/#breadcrumb","itemListElement":[{"@type":"ListItem","position":1,"name":"Inicio","item":"https:\/\/medicina.udd.cl\/icim\/"},{"@type":"ListItem","position":2,"name":"Docente UDD expuso en el XVI Congreso Mundial de Bio\u00e9tica"}]},{"@type":"WebSite","@id":"https:\/\/medicina.udd.cl\/icim\/#website","url":"https:\/\/medicina.udd.cl\/icim\/","name":"ICIM","description":"Una iniciativa de Universidad del Desarrollo y Cl\u00ednica Alemana","inLanguage":"es"},{"@type":"Person","@id":"https:\/\/medicina.udd.cl\/icim\/#\/schema\/person\/dbc3705bf3a93e8be1ba6de0ef950341","name":"rbraidy","image":{"@type":"ImageObject","inLanguage":"es","@id":"https:\/\/medicina.udd.cl\/icim\/#\/schema\/person\/image\/","url":"https:\/\/secure.gravatar.com\/avatar\/0f8bc94637401590e45d2ce17eb65c274cb8870a219de6177f3f23e63fd8cdf3?s=96&d=mm&r=g","contentUrl":"https:\/\/secure.gravatar.com\/avatar\/0f8bc94637401590e45d2ce17eb65c274cb8870a219de6177f3f23e63fd8cdf3?s=96&d=mm&r=g","caption":"rbraidy"},"url":"https:\/\/medicina.udd.cl\/icim\/author\/rbraidy\/"}]}},"featured_image_url":"https:\/\/medicina.udd.cl\/icim\/files\/2022\/07\/Sof\u00edaSalas-Congreso.jpg","_links":{"self":[{"href":"https:\/\/medicina.udd.cl\/icim\/wp-json\/wp\/v2\/posts\/10866","targetHints":{"allow":["GET"]}}],"collection":[{"href":"https:\/\/medicina.udd.cl\/icim\/wp-json\/wp\/v2\/posts"}],"about":[{"href":"https:\/\/medicina.udd.cl\/icim\/wp-json\/wp\/v2\/types\/post"}],"author":[{"embeddable":true,"href":"https:\/\/medicina.udd.cl\/icim\/wp-json\/wp\/v2\/users\/9192219"}],"replies":[{"embeddable":true,"href":"https:\/\/medicina.udd.cl\/icim\/wp-json\/wp\/v2\/comments?post=10866"}],"version-history":[{"count":1,"href":"https:\/\/medicina.udd.cl\/icim\/wp-json\/wp\/v2\/posts\/10866\/revisions"}],"predecessor-version":[{"id":10870,"href":"https:\/\/medicina.udd.cl\/icim\/wp-json\/wp\/v2\/posts\/10866\/revisions\/10870"}],"wp:featuredmedia":[{"embeddable":true,"href":"https:\/\/medicina.udd.cl\/icim\/wp-json\/wp\/v2\/media\/10923"}],"wp:attachment":[{"href":"https:\/\/medicina.udd.cl\/icim\/wp-json\/wp\/v2\/media?parent=10866"}],"wp:term":[{"taxonomy":"category","embeddable":true,"href":"https:\/\/medicina.udd.cl\/icim\/wp-json\/wp\/v2\/categories?post=10866"},{"taxonomy":"post_tag","embeddable":true,"href":"https:\/\/medicina.udd.cl\/icim\/wp-json\/wp\/v2\/tags?post=10866"}],"curies":[{"name":"wp","href":"https:\/\/api.w.org\/{rel}","templated":true}]}}