{"id":11036,"date":"2022-10-20T12:45:00","date_gmt":"2022-10-20T15:45:00","guid":{"rendered":"https:\/\/medicina.udd.cl\/icim\/?p=11036"},"modified":"2022-10-21T12:49:36","modified_gmt":"2022-10-21T15:49:36","slug":"presentan-estudio-cualitativo-sobre-experiencias-de-los-profesionales-de-la-salud-por-covid-19","status":"publish","type":"post","link":"https:\/\/medicina.udd.cl\/icim\/2022\/10\/20\/presentan-estudio-cualitativo-sobre-experiencias-de-los-profesionales-de-la-salud-por-covid-19\/","title":{"rendered":"Presentan estudio cualitativo sobre experiencias de los profesionales de la salud por Covid-19"},"content":{"rendered":"\n<figure class=\"wp-block-image aligncenter size-large\"><img loading=\"lazy\" decoding=\"async\" width=\"1024\" height=\"683\" src=\"https:\/\/medicina.udd.cl\/icim\/files\/2022\/10\/seminarios-acaemicos-icim-carla-benaglio-9-1024x683.jpg\" alt=\"\" class=\"wp-image-11042\" srcset=\"https:\/\/medicina.udd.cl\/icim\/files\/2022\/10\/seminarios-acaemicos-icim-carla-benaglio-9-1024x683.jpg 1024w, https:\/\/medicina.udd.cl\/icim\/files\/2022\/10\/seminarios-acaemicos-icim-carla-benaglio-9-300x200.jpg 300w, https:\/\/medicina.udd.cl\/icim\/files\/2022\/10\/seminarios-acaemicos-icim-carla-benaglio-9-768x512.jpg 768w, https:\/\/medicina.udd.cl\/icim\/files\/2022\/10\/seminarios-acaemicos-icim-carla-benaglio-9-1536x1024.jpg 1536w, https:\/\/medicina.udd.cl\/icim\/files\/2022\/10\/seminarios-acaemicos-icim-carla-benaglio-9-2048x1365.jpg 2048w\" sizes=\"auto, (max-width: 1024px) 100vw, 1024px\" \/><figcaption>Carla Benaglio exponiendo sobre su investigaci\u00f3n realizada en los Seminarios Acad\u00e9micos ICIM<\/figcaption><\/figure>\n\n\n\n<p>En el marco de los Seminarios Acad\u00e9micos que organiza el Instituto de Ciencias e Innovaci\u00f3n en Medicina (ICIM), de la Facultad de Medicina Cl\u00ednica Alemana Universidad del Desarrollo, la vicedecana de Desarrollo y directora del Centro de Desarrollo Educacional (CDE) de la Facultad, Carla Benaglio, present\u00f3 el tema \u201cCOVID-19: las experiencias de los profesionales de la salud. Un estudio cualitativo\u201d, estudio que muestra el impacto de caus\u00f3 la pandemia en la salud mental de las personas.<\/p>\n\n\n\n<p>Benaglio en su exposici\u00f3n indic\u00f3 que, el estudio mostr\u00f3 un aumento de la ansiedad y depresi\u00f3n, as\u00ed como una disminuci\u00f3n de la percepci\u00f3n de bienestar personal, en este caso de los profesionales de la salud.<\/p>\n\n\n\n<p><em>\u201cLos profesionales de la salud se encuentran entre las personas m\u00e1s expuestas a las consecuencias como el sufrimiento, riesgo de contagio, muerte y ritmos de trabajo. El prop\u00f3sito de este estudio, es explorar la experiencia de los profesionales y recoger sus vivencias para poder desarrollar una mejor comprensi\u00f3n de las experiencias y as\u00ed mejorar la gesti\u00f3n relacional y organizacional\u201d,&nbsp;<\/em>se\u00f1al\u00f3 la Vicedecana de Desarrollo de la Facultad de Medicina Cl\u00ednica Alemana Universidad del Desarrollo.<\/p>\n\n\n\n<p>Cabe destacar que, este estudio cualitativo, es parte de la investigaci\u00f3n que est\u00e1 llevando a cabo Carla Benaglio, en su Doctorado en Ciencias Humanas en la Universidad de Verona, Italia, mediante una encuesta con preguntas abiertas y narrativas que se realiz\u00f3 en tres idiomas: ingl\u00e9s, castellano e italiano, a un total de 501 participantes, entre ellos m\u00e9dicos, enfermeras (o), kinesi\u00f3logas (o), matronas (es), entre otros. Los profesionales de la salud encuestados fueron de distintos pa\u00edses como Italia, Tailandia, Portugal, Canad\u00e1, Venezuela, Colombia, Argentina y Chile.<\/p>\n\n\n\n<p>Puedes ver la exposici\u00f3n de Carla Benaglio en los Seminarios Acad\u00e9micos del ICIM, a continuaci\u00f3n:<\/p>\n\n\n\n<figure class=\"wp-block-embed is-type-video is-provider-youtube wp-block-embed-youtube wp-embed-aspect-16-9 wp-has-aspect-ratio\"><div class=\"wp-block-embed__wrapper\">\n<iframe loading=\"lazy\" title=\"Seminario Acad\u00e9mico | Covid - 19: las experiencias de los profesionales de la salud\" width=\"500\" height=\"281\" src=\"https:\/\/www.youtube.com\/embed\/tTRWskoZcyE?start=6&#038;feature=oembed\" frameborder=\"0\" allow=\"accelerometer; autoplay; clipboard-write; encrypted-media; gyroscope; picture-in-picture; web-share\" referrerpolicy=\"strict-origin-when-cross-origin\" allowfullscreen><\/iframe>\n<\/div><\/figure>\n\n\n\n<figure class=\"wp-block-gallery has-nested-images columns-default is-cropped wp-block-gallery-1 is-layout-flex wp-block-gallery-is-layout-flex\">\n<figure class=\"wp-block-image size-large\"><img loading=\"lazy\" decoding=\"async\" width=\"2560\" height=\"1707\" data-id=\"11037\" src=\"https:\/\/medicina.udd.cl\/icim\/files\/2022\/10\/seminarios-acaemicos-icim-carla-benaglio-1-scaled.jpg\" alt=\"\" class=\"wp-image-11037\" srcset=\"https:\/\/medicina.udd.cl\/icim\/files\/2022\/10\/seminarios-acaemicos-icim-carla-benaglio-1-scaled.jpg 2560w, https:\/\/medicina.udd.cl\/icim\/files\/2022\/10\/seminarios-acaemicos-icim-carla-benaglio-1-300x200.jpg 300w, https:\/\/medicina.udd.cl\/icim\/files\/2022\/10\/seminarios-acaemicos-icim-carla-benaglio-1-1024x683.jpg 1024w, https:\/\/medicina.udd.cl\/icim\/files\/2022\/10\/seminarios-acaemicos-icim-carla-benaglio-1-768x512.jpg 768w, https:\/\/medicina.udd.cl\/icim\/files\/2022\/10\/seminarios-acaemicos-icim-carla-benaglio-1-1536x1024.jpg 1536w, https:\/\/medicina.udd.cl\/icim\/files\/2022\/10\/seminarios-acaemicos-icim-carla-benaglio-1-2048x1365.jpg 2048w\" sizes=\"auto, (max-width: 2560px) 100vw, 2560px\" \/><\/figure>\n\n\n\n<figure class=\"wp-block-image size-large\"><img loading=\"lazy\" decoding=\"async\" width=\"2560\" height=\"1707\" data-id=\"11038\" src=\"https:\/\/medicina.udd.cl\/icim\/files\/2022\/10\/seminarios-acaemicos-icim-carla-benaglio-2-scaled.jpg\" alt=\"\" class=\"wp-image-11038\" srcset=\"https:\/\/medicina.udd.cl\/icim\/files\/2022\/10\/seminarios-acaemicos-icim-carla-benaglio-2-scaled.jpg 2560w, https:\/\/medicina.udd.cl\/icim\/files\/2022\/10\/seminarios-acaemicos-icim-carla-benaglio-2-300x200.jpg 300w, https:\/\/medicina.udd.cl\/icim\/files\/2022\/10\/seminarios-acaemicos-icim-carla-benaglio-2-1024x683.jpg 1024w, https:\/\/medicina.udd.cl\/icim\/files\/2022\/10\/seminarios-acaemicos-icim-carla-benaglio-2-768x512.jpg 768w, https:\/\/medicina.udd.cl\/icim\/files\/2022\/10\/seminarios-acaemicos-icim-carla-benaglio-2-1536x1024.jpg 1536w, https:\/\/medicina.udd.cl\/icim\/files\/2022\/10\/seminarios-acaemicos-icim-carla-benaglio-2-2048x1365.jpg 2048w\" sizes=\"auto, (max-width: 2560px) 100vw, 2560px\" \/><\/figure>\n\n\n\n<figure class=\"wp-block-image size-large\"><img loading=\"lazy\" decoding=\"async\" width=\"2560\" height=\"1707\" data-id=\"11040\" src=\"https:\/\/medicina.udd.cl\/icim\/files\/2022\/10\/seminarios-acaemicos-icim-carla-benaglio-6-scaled.jpg\" alt=\"\" class=\"wp-image-11040\" srcset=\"https:\/\/medicina.udd.cl\/icim\/files\/2022\/10\/seminarios-acaemicos-icim-carla-benaglio-6-scaled.jpg 2560w, https:\/\/medicina.udd.cl\/icim\/files\/2022\/10\/seminarios-acaemicos-icim-carla-benaglio-6-300x200.jpg 300w, https:\/\/medicina.udd.cl\/icim\/files\/2022\/10\/seminarios-acaemicos-icim-carla-benaglio-6-1024x683.jpg 1024w, https:\/\/medicina.udd.cl\/icim\/files\/2022\/10\/seminarios-acaemicos-icim-carla-benaglio-6-768x512.jpg 768w, https:\/\/medicina.udd.cl\/icim\/files\/2022\/10\/seminarios-acaemicos-icim-carla-benaglio-6-1536x1024.jpg 1536w, https:\/\/medicina.udd.cl\/icim\/files\/2022\/10\/seminarios-acaemicos-icim-carla-benaglio-6-2048x1365.jpg 2048w\" sizes=\"auto, (max-width: 2560px) 100vw, 2560px\" \/><\/figure>\n\n\n\n<figure class=\"wp-block-image size-large\"><img loading=\"lazy\" decoding=\"async\" width=\"2560\" height=\"1707\" data-id=\"11039\" src=\"https:\/\/medicina.udd.cl\/icim\/files\/2022\/10\/seminarios-acaemicos-icim-carla-benaglio-4-scaled.jpg\" alt=\"\" class=\"wp-image-11039\" srcset=\"https:\/\/medicina.udd.cl\/icim\/files\/2022\/10\/seminarios-acaemicos-icim-carla-benaglio-4-scaled.jpg 2560w, https:\/\/medicina.udd.cl\/icim\/files\/2022\/10\/seminarios-acaemicos-icim-carla-benaglio-4-300x200.jpg 300w, https:\/\/medicina.udd.cl\/icim\/files\/2022\/10\/seminarios-acaemicos-icim-carla-benaglio-4-1024x683.jpg 1024w, https:\/\/medicina.udd.cl\/icim\/files\/2022\/10\/seminarios-acaemicos-icim-carla-benaglio-4-768x512.jpg 768w, https:\/\/medicina.udd.cl\/icim\/files\/2022\/10\/seminarios-acaemicos-icim-carla-benaglio-4-1536x1024.jpg 1536w, https:\/\/medicina.udd.cl\/icim\/files\/2022\/10\/seminarios-acaemicos-icim-carla-benaglio-4-2048x1365.jpg 2048w\" sizes=\"auto, (max-width: 2560px) 100vw, 2560px\" \/><\/figure>\n<\/figure>\n","protected":false},"excerpt":{"rendered":"<p>En el marco de los Seminarios Acad\u00e9micos que organiza el Instituto de Ciencias e Innovaci\u00f3n en Medicina (ICIM), de la Facultad de Medicina Cl\u00ednica Alemana Universidad del Desarrollo, la vicedecana de Desarrollo y directora del Centro de Desarrollo Educacional (CDE) de la Facultad, Carla Benaglio, present\u00f3 el tema \u201cCOVID-19: las experiencias de los profesionales de [&hellip;]<\/p>\n","protected":false},"author":9192219,"featured_media":11042,"comment_status":"open","ping_status":"open","sticky":false,"template":"","format":"standard","meta":{"footnotes":""},"categories":[4],"tags":[],"class_list":["post-11036","post","type-post","status-publish","format-standard","has-post-thumbnail","hentry","category-noticias"],"yoast_head":"<!-- This site is optimized with the Yoast SEO plugin v26.9 - https:\/\/yoast.com\/product\/yoast-seo-wordpress\/ -->\n<title>Presentan estudio cualitativo sobre experiencias de los profesionales de la salud por Covid-19 - ICIM<\/title>\n<meta name=\"robots\" content=\"index, follow, max-snippet:-1, max-image-preview:large, max-video-preview:-1\" \/>\n<link rel=\"canonical\" href=\"https:\/\/medicina.udd.cl\/icim\/2022\/10\/20\/presentan-estudio-cualitativo-sobre-experiencias-de-los-profesionales-de-la-salud-por-covid-19\/\" \/>\n<meta property=\"og:locale\" content=\"es_ES\" \/>\n<meta property=\"og:type\" content=\"article\" \/>\n<meta property=\"og:title\" content=\"Presentan estudio cualitativo sobre experiencias de los profesionales de la salud por Covid-19 - ICIM\" \/>\n<meta property=\"og:description\" content=\"En el marco de los Seminarios Acad\u00e9micos que organiza el Instituto de Ciencias e Innovaci\u00f3n en Medicina (ICIM), de la Facultad de Medicina Cl\u00ednica Alemana Universidad del Desarrollo, la vicedecana de Desarrollo y directora del Centro de Desarrollo Educacional (CDE) de la Facultad, Carla Benaglio, present\u00f3 el tema \u201cCOVID-19: las experiencias de los profesionales de [&hellip;]\" \/>\n<meta property=\"og:url\" content=\"https:\/\/medicina.udd.cl\/icim\/2022\/10\/20\/presentan-estudio-cualitativo-sobre-experiencias-de-los-profesionales-de-la-salud-por-covid-19\/\" \/>\n<meta property=\"og:site_name\" content=\"ICIM\" \/>\n<meta property=\"article:published_time\" content=\"2022-10-20T15:45:00+00:00\" \/>\n<meta property=\"article:modified_time\" content=\"2022-10-21T15:49:36+00:00\" \/>\n<meta property=\"og:image\" content=\"https:\/\/medicina.udd.cl\/icim\/files\/2022\/10\/seminarios-acaemicos-icim-carla-benaglio-9-scaled.jpg\" \/>\n\t<meta property=\"og:image:width\" content=\"2560\" \/>\n\t<meta property=\"og:image:height\" content=\"1707\" \/>\n\t<meta property=\"og:image:type\" content=\"image\/jpeg\" \/>\n<meta name=\"author\" content=\"rbraidy\" \/>\n<meta name=\"twitter:card\" content=\"summary_large_image\" \/>\n<meta name=\"twitter:label1\" content=\"Escrito por\" \/>\n\t<meta name=\"twitter:data1\" content=\"rbraidy\" \/>\n\t<meta name=\"twitter:label2\" content=\"Tiempo de lectura\" \/>\n\t<meta name=\"twitter:data2\" content=\"3 minutos\" \/>\n<script type=\"application\/ld+json\" class=\"yoast-schema-graph\">{\"@context\":\"https:\/\/schema.org\",\"@graph\":[{\"@type\":\"Article\",\"@id\":\"https:\/\/medicina.udd.cl\/icim\/2022\/10\/20\/presentan-estudio-cualitativo-sobre-experiencias-de-los-profesionales-de-la-salud-por-covid-19\/#article\",\"isPartOf\":{\"@id\":\"https:\/\/medicina.udd.cl\/icim\/2022\/10\/20\/presentan-estudio-cualitativo-sobre-experiencias-de-los-profesionales-de-la-salud-por-covid-19\/\"},\"author\":{\"name\":\"rbraidy\",\"@id\":\"https:\/\/medicina.udd.cl\/icim\/#\/schema\/person\/dbc3705bf3a93e8be1ba6de0ef950341\"},\"headline\":\"Presentan estudio cualitativo sobre experiencias de los profesionales de la salud por Covid-19\",\"datePublished\":\"2022-10-20T15:45:00+00:00\",\"dateModified\":\"2022-10-21T15:49:36+00:00\",\"mainEntityOfPage\":{\"@id\":\"https:\/\/medicina.udd.cl\/icim\/2022\/10\/20\/presentan-estudio-cualitativo-sobre-experiencias-de-los-profesionales-de-la-salud-por-covid-19\/\"},\"wordCount\":343,\"commentCount\":0,\"image\":{\"@id\":\"https:\/\/medicina.udd.cl\/icim\/2022\/10\/20\/presentan-estudio-cualitativo-sobre-experiencias-de-los-profesionales-de-la-salud-por-covid-19\/#primaryimage\"},\"thumbnailUrl\":\"https:\/\/medicina.udd.cl\/icim\/files\/2022\/10\/seminarios-acaemicos-icim-carla-benaglio-9-scaled.jpg\",\"articleSection\":[\"Noticias\"],\"inLanguage\":\"es\",\"potentialAction\":[{\"@type\":\"CommentAction\",\"name\":\"Comment\",\"target\":[\"https:\/\/medicina.udd.cl\/icim\/2022\/10\/20\/presentan-estudio-cualitativo-sobre-experiencias-de-los-profesionales-de-la-salud-por-covid-19\/#respond\"]}]},{\"@type\":\"WebPage\",\"@id\":\"https:\/\/medicina.udd.cl\/icim\/2022\/10\/20\/presentan-estudio-cualitativo-sobre-experiencias-de-los-profesionales-de-la-salud-por-covid-19\/\",\"url\":\"https:\/\/medicina.udd.cl\/icim\/2022\/10\/20\/presentan-estudio-cualitativo-sobre-experiencias-de-los-profesionales-de-la-salud-por-covid-19\/\",\"name\":\"Presentan estudio cualitativo sobre experiencias de los profesionales de la salud por Covid-19 - ICIM\",\"isPartOf\":{\"@id\":\"https:\/\/medicina.udd.cl\/icim\/#website\"},\"primaryImageOfPage\":{\"@id\":\"https:\/\/medicina.udd.cl\/icim\/2022\/10\/20\/presentan-estudio-cualitativo-sobre-experiencias-de-los-profesionales-de-la-salud-por-covid-19\/#primaryimage\"},\"image\":{\"@id\":\"https:\/\/medicina.udd.cl\/icim\/2022\/10\/20\/presentan-estudio-cualitativo-sobre-experiencias-de-los-profesionales-de-la-salud-por-covid-19\/#primaryimage\"},\"thumbnailUrl\":\"https:\/\/medicina.udd.cl\/icim\/files\/2022\/10\/seminarios-acaemicos-icim-carla-benaglio-9-scaled.jpg\",\"datePublished\":\"2022-10-20T15:45:00+00:00\",\"dateModified\":\"2022-10-21T15:49:36+00:00\",\"author\":{\"@id\":\"https:\/\/medicina.udd.cl\/icim\/#\/schema\/person\/dbc3705bf3a93e8be1ba6de0ef950341\"},\"breadcrumb\":{\"@id\":\"https:\/\/medicina.udd.cl\/icim\/2022\/10\/20\/presentan-estudio-cualitativo-sobre-experiencias-de-los-profesionales-de-la-salud-por-covid-19\/#breadcrumb\"},\"inLanguage\":\"es\",\"potentialAction\":[{\"@type\":\"ReadAction\",\"target\":[\"https:\/\/medicina.udd.cl\/icim\/2022\/10\/20\/presentan-estudio-cualitativo-sobre-experiencias-de-los-profesionales-de-la-salud-por-covid-19\/\"]}]},{\"@type\":\"ImageObject\",\"inLanguage\":\"es\",\"@id\":\"https:\/\/medicina.udd.cl\/icim\/2022\/10\/20\/presentan-estudio-cualitativo-sobre-experiencias-de-los-profesionales-de-la-salud-por-covid-19\/#primaryimage\",\"url\":\"https:\/\/medicina.udd.cl\/icim\/files\/2022\/10\/seminarios-acaemicos-icim-carla-benaglio-9-scaled.jpg\",\"contentUrl\":\"https:\/\/medicina.udd.cl\/icim\/files\/2022\/10\/seminarios-acaemicos-icim-carla-benaglio-9-scaled.jpg\",\"width\":2560,\"height\":1707},{\"@type\":\"BreadcrumbList\",\"@id\":\"https:\/\/medicina.udd.cl\/icim\/2022\/10\/20\/presentan-estudio-cualitativo-sobre-experiencias-de-los-profesionales-de-la-salud-por-covid-19\/#breadcrumb\",\"itemListElement\":[{\"@type\":\"ListItem\",\"position\":1,\"name\":\"Inicio\",\"item\":\"https:\/\/medicina.udd.cl\/icim\/\"},{\"@type\":\"ListItem\",\"position\":2,\"name\":\"Presentan estudio cualitativo sobre experiencias de los profesionales de la salud por Covid-19\"}]},{\"@type\":\"WebSite\",\"@id\":\"https:\/\/medicina.udd.cl\/icim\/#website\",\"url\":\"https:\/\/medicina.udd.cl\/icim\/\",\"name\":\"ICIM\",\"description\":\"Una iniciativa de Universidad del Desarrollo y Cl\u00ednica Alemana\",\"inLanguage\":\"es\"},{\"@type\":\"Person\",\"@id\":\"https:\/\/medicina.udd.cl\/icim\/#\/schema\/person\/dbc3705bf3a93e8be1ba6de0ef950341\",\"name\":\"rbraidy\",\"image\":{\"@type\":\"ImageObject\",\"inLanguage\":\"es\",\"@id\":\"https:\/\/medicina.udd.cl\/icim\/#\/schema\/person\/image\/\",\"url\":\"https:\/\/secure.gravatar.com\/avatar\/0f8bc94637401590e45d2ce17eb65c274cb8870a219de6177f3f23e63fd8cdf3?s=96&d=mm&r=g\",\"contentUrl\":\"https:\/\/secure.gravatar.com\/avatar\/0f8bc94637401590e45d2ce17eb65c274cb8870a219de6177f3f23e63fd8cdf3?s=96&d=mm&r=g\",\"caption\":\"rbraidy\"},\"url\":\"https:\/\/medicina.udd.cl\/icim\/author\/rbraidy\/\"}]}<\/script>\n<!-- \/ Yoast SEO plugin. -->","yoast_head_json":{"title":"Presentan estudio cualitativo sobre experiencias de los profesionales de la salud por Covid-19 - ICIM","robots":{"index":"index","follow":"follow","max-snippet":"max-snippet:-1","max-image-preview":"max-image-preview:large","max-video-preview":"max-video-preview:-1"},"canonical":"https:\/\/medicina.udd.cl\/icim\/2022\/10\/20\/presentan-estudio-cualitativo-sobre-experiencias-de-los-profesionales-de-la-salud-por-covid-19\/","og_locale":"es_ES","og_type":"article","og_title":"Presentan estudio cualitativo sobre experiencias de los profesionales de la salud por Covid-19 - ICIM","og_description":"En el marco de los Seminarios Acad\u00e9micos que organiza el Instituto de Ciencias e Innovaci\u00f3n en Medicina (ICIM), de la Facultad de Medicina Cl\u00ednica Alemana Universidad del Desarrollo, la vicedecana de Desarrollo y directora del Centro de Desarrollo Educacional (CDE) de la Facultad, Carla Benaglio, present\u00f3 el tema \u201cCOVID-19: las experiencias de los profesionales de [&hellip;]","og_url":"https:\/\/medicina.udd.cl\/icim\/2022\/10\/20\/presentan-estudio-cualitativo-sobre-experiencias-de-los-profesionales-de-la-salud-por-covid-19\/","og_site_name":"ICIM","article_published_time":"2022-10-20T15:45:00+00:00","article_modified_time":"2022-10-21T15:49:36+00:00","og_image":[{"width":2560,"height":1707,"url":"https:\/\/medicina.udd.cl\/icim\/files\/2022\/10\/seminarios-acaemicos-icim-carla-benaglio-9-scaled.jpg","type":"image\/jpeg"}],"author":"rbraidy","twitter_card":"summary_large_image","twitter_misc":{"Escrito por":"rbraidy","Tiempo de lectura":"3 minutos"},"schema":{"@context":"https:\/\/schema.org","@graph":[{"@type":"Article","@id":"https:\/\/medicina.udd.cl\/icim\/2022\/10\/20\/presentan-estudio-cualitativo-sobre-experiencias-de-los-profesionales-de-la-salud-por-covid-19\/#article","isPartOf":{"@id":"https:\/\/medicina.udd.cl\/icim\/2022\/10\/20\/presentan-estudio-cualitativo-sobre-experiencias-de-los-profesionales-de-la-salud-por-covid-19\/"},"author":{"name":"rbraidy","@id":"https:\/\/medicina.udd.cl\/icim\/#\/schema\/person\/dbc3705bf3a93e8be1ba6de0ef950341"},"headline":"Presentan estudio cualitativo sobre experiencias de los profesionales de la salud por Covid-19","datePublished":"2022-10-20T15:45:00+00:00","dateModified":"2022-10-21T15:49:36+00:00","mainEntityOfPage":{"@id":"https:\/\/medicina.udd.cl\/icim\/2022\/10\/20\/presentan-estudio-cualitativo-sobre-experiencias-de-los-profesionales-de-la-salud-por-covid-19\/"},"wordCount":343,"commentCount":0,"image":{"@id":"https:\/\/medicina.udd.cl\/icim\/2022\/10\/20\/presentan-estudio-cualitativo-sobre-experiencias-de-los-profesionales-de-la-salud-por-covid-19\/#primaryimage"},"thumbnailUrl":"https:\/\/medicina.udd.cl\/icim\/files\/2022\/10\/seminarios-acaemicos-icim-carla-benaglio-9-scaled.jpg","articleSection":["Noticias"],"inLanguage":"es","potentialAction":[{"@type":"CommentAction","name":"Comment","target":["https:\/\/medicina.udd.cl\/icim\/2022\/10\/20\/presentan-estudio-cualitativo-sobre-experiencias-de-los-profesionales-de-la-salud-por-covid-19\/#respond"]}]},{"@type":"WebPage","@id":"https:\/\/medicina.udd.cl\/icim\/2022\/10\/20\/presentan-estudio-cualitativo-sobre-experiencias-de-los-profesionales-de-la-salud-por-covid-19\/","url":"https:\/\/medicina.udd.cl\/icim\/2022\/10\/20\/presentan-estudio-cualitativo-sobre-experiencias-de-los-profesionales-de-la-salud-por-covid-19\/","name":"Presentan estudio cualitativo sobre experiencias de los profesionales de la salud por Covid-19 - ICIM","isPartOf":{"@id":"https:\/\/medicina.udd.cl\/icim\/#website"},"primaryImageOfPage":{"@id":"https:\/\/medicina.udd.cl\/icim\/2022\/10\/20\/presentan-estudio-cualitativo-sobre-experiencias-de-los-profesionales-de-la-salud-por-covid-19\/#primaryimage"},"image":{"@id":"https:\/\/medicina.udd.cl\/icim\/2022\/10\/20\/presentan-estudio-cualitativo-sobre-experiencias-de-los-profesionales-de-la-salud-por-covid-19\/#primaryimage"},"thumbnailUrl":"https:\/\/medicina.udd.cl\/icim\/files\/2022\/10\/seminarios-acaemicos-icim-carla-benaglio-9-scaled.jpg","datePublished":"2022-10-20T15:45:00+00:00","dateModified":"2022-10-21T15:49:36+00:00","author":{"@id":"https:\/\/medicina.udd.cl\/icim\/#\/schema\/person\/dbc3705bf3a93e8be1ba6de0ef950341"},"breadcrumb":{"@id":"https:\/\/medicina.udd.cl\/icim\/2022\/10\/20\/presentan-estudio-cualitativo-sobre-experiencias-de-los-profesionales-de-la-salud-por-covid-19\/#breadcrumb"},"inLanguage":"es","potentialAction":[{"@type":"ReadAction","target":["https:\/\/medicina.udd.cl\/icim\/2022\/10\/20\/presentan-estudio-cualitativo-sobre-experiencias-de-los-profesionales-de-la-salud-por-covid-19\/"]}]},{"@type":"ImageObject","inLanguage":"es","@id":"https:\/\/medicina.udd.cl\/icim\/2022\/10\/20\/presentan-estudio-cualitativo-sobre-experiencias-de-los-profesionales-de-la-salud-por-covid-19\/#primaryimage","url":"https:\/\/medicina.udd.cl\/icim\/files\/2022\/10\/seminarios-acaemicos-icim-carla-benaglio-9-scaled.jpg","contentUrl":"https:\/\/medicina.udd.cl\/icim\/files\/2022\/10\/seminarios-acaemicos-icim-carla-benaglio-9-scaled.jpg","width":2560,"height":1707},{"@type":"BreadcrumbList","@id":"https:\/\/medicina.udd.cl\/icim\/2022\/10\/20\/presentan-estudio-cualitativo-sobre-experiencias-de-los-profesionales-de-la-salud-por-covid-19\/#breadcrumb","itemListElement":[{"@type":"ListItem","position":1,"name":"Inicio","item":"https:\/\/medicina.udd.cl\/icim\/"},{"@type":"ListItem","position":2,"name":"Presentan estudio cualitativo sobre experiencias de los profesionales de la salud por Covid-19"}]},{"@type":"WebSite","@id":"https:\/\/medicina.udd.cl\/icim\/#website","url":"https:\/\/medicina.udd.cl\/icim\/","name":"ICIM","description":"Una iniciativa de Universidad del Desarrollo y Cl\u00ednica Alemana","inLanguage":"es"},{"@type":"Person","@id":"https:\/\/medicina.udd.cl\/icim\/#\/schema\/person\/dbc3705bf3a93e8be1ba6de0ef950341","name":"rbraidy","image":{"@type":"ImageObject","inLanguage":"es","@id":"https:\/\/medicina.udd.cl\/icim\/#\/schema\/person\/image\/","url":"https:\/\/secure.gravatar.com\/avatar\/0f8bc94637401590e45d2ce17eb65c274cb8870a219de6177f3f23e63fd8cdf3?s=96&d=mm&r=g","contentUrl":"https:\/\/secure.gravatar.com\/avatar\/0f8bc94637401590e45d2ce17eb65c274cb8870a219de6177f3f23e63fd8cdf3?s=96&d=mm&r=g","caption":"rbraidy"},"url":"https:\/\/medicina.udd.cl\/icim\/author\/rbraidy\/"}]}},"featured_image_url":"https:\/\/medicina.udd.cl\/icim\/files\/2022\/10\/seminarios-acaemicos-icim-carla-benaglio-9-scaled.jpg","_links":{"self":[{"href":"https:\/\/medicina.udd.cl\/icim\/wp-json\/wp\/v2\/posts\/11036","targetHints":{"allow":["GET"]}}],"collection":[{"href":"https:\/\/medicina.udd.cl\/icim\/wp-json\/wp\/v2\/posts"}],"about":[{"href":"https:\/\/medicina.udd.cl\/icim\/wp-json\/wp\/v2\/types\/post"}],"author":[{"embeddable":true,"href":"https:\/\/medicina.udd.cl\/icim\/wp-json\/wp\/v2\/users\/9192219"}],"replies":[{"embeddable":true,"href":"https:\/\/medicina.udd.cl\/icim\/wp-json\/wp\/v2\/comments?post=11036"}],"version-history":[{"count":1,"href":"https:\/\/medicina.udd.cl\/icim\/wp-json\/wp\/v2\/posts\/11036\/revisions"}],"predecessor-version":[{"id":11043,"href":"https:\/\/medicina.udd.cl\/icim\/wp-json\/wp\/v2\/posts\/11036\/revisions\/11043"}],"wp:featuredmedia":[{"embeddable":true,"href":"https:\/\/medicina.udd.cl\/icim\/wp-json\/wp\/v2\/media\/11042"}],"wp:attachment":[{"href":"https:\/\/medicina.udd.cl\/icim\/wp-json\/wp\/v2\/media?parent=11036"}],"wp:term":[{"taxonomy":"category","embeddable":true,"href":"https:\/\/medicina.udd.cl\/icim\/wp-json\/wp\/v2\/categories?post=11036"},{"taxonomy":"post_tag","embeddable":true,"href":"https:\/\/medicina.udd.cl\/icim\/wp-json\/wp\/v2\/tags?post=11036"}],"curies":[{"name":"wp","href":"https:\/\/api.w.org\/{rel}","templated":true}]}}