{"id":11075,"date":"2022-11-11T16:03:22","date_gmt":"2022-11-11T19:03:22","guid":{"rendered":"https:\/\/medicina.udd.cl\/icim\/?p=11075"},"modified":"2022-11-11T16:17:28","modified_gmt":"2022-11-11T19:17:28","slug":"icim-realizo-seminario-estrategias-de-vigilancia-de-resistencia-antimicrobiana-en-chile","status":"publish","type":"post","link":"https:\/\/medicina.udd.cl\/icim\/2022\/11\/11\/icim-realizo-seminario-estrategias-de-vigilancia-de-resistencia-antimicrobiana-en-chile\/","title":{"rendered":"ICIM realiz\u00f3 Seminario Estrategias de vigilancia de Resistencia Antimicrobiana en Chile"},"content":{"rendered":"\n<figure class=\"wp-block-image alignright size-large is-resized\"><img loading=\"lazy\" decoding=\"async\" src=\"https:\/\/medicina.udd.cl\/icim\/files\/2022\/11\/img_5770-1024x683.jpg\" alt=\"\" class=\"wp-image-11082\" width=\"512\" height=\"342\" srcset=\"https:\/\/medicina.udd.cl\/icim\/files\/2022\/11\/img_5770-1024x683.jpg 1024w, https:\/\/medicina.udd.cl\/icim\/files\/2022\/11\/img_5770-300x200.jpg 300w, https:\/\/medicina.udd.cl\/icim\/files\/2022\/11\/img_5770-768x512.jpg 768w, https:\/\/medicina.udd.cl\/icim\/files\/2022\/11\/img_5770-1536x1024.jpg 1536w, https:\/\/medicina.udd.cl\/icim\/files\/2022\/11\/img_5770-2048x1365.jpg 2048w\" sizes=\"auto, (max-width: 512px) 100vw, 512px\" \/><\/figure>\n\n\n\n<p>El Instituto de Ciencias e Innovaci\u00f3n en Medicina (ICIM), de la Facultad de Medicina Cl\u00ednica Alemana Universidad del Desarrollo, organiz\u00f3 y llev\u00f3 a cabo este jueves 10 de noviembre, el Seminario \u201cEstrategias de Vigilancia de Resistencia Antimicrobiana en Chile\u201d, encuentro que se realiz\u00f3 en el campus Rector Ernesto Silva Bafalluy, y que cont\u00f3 con transmisi\u00f3n remota a trav\u00e9s de Zoom y UDDTV.<\/p>\n\n\n\n<p>El encuentro inici\u00f3 con las palabras de bienvenida por parte del Dr. Rafael Araos, investigador UDD y principal del estudio de Colonizaci\u00f3n y Adquisici\u00f3n de Bacterias Resistentes a los Antimicrobianos en Hospitales chilenos y en la comunidad (ChAOS), quien indic\u00f3 que este seminario estuvo enfocado en la vigilancia de la colonizaci\u00f3n&nbsp;<em>\u201cya que es un paso que precede a la infecci\u00f3n y se busca mejorar los resultados en salud y tomar las mejores decisiones\u201d.<\/em><\/p>\n\n\n\n<p>A continuaci\u00f3n, la jefa de la Divisi\u00f3n de Planificaci\u00f3n Sanitaria del Ministerio de Salud, Tania Herrera, present\u00f3 el Plan Nacional de Resistencia Antimicrobiana, en donde mostr\u00f3 cifras actuales y el trabajo que se est\u00e1 llevando a cabo desde el MINSAL. Por su parte, el jefe del Subdepartamento de Enfermedades Infecciosas del Instituto de Salud P\u00fablica de Chile (ISP), Juan Carlos Hormaz\u00e1bal, se refiri\u00f3 sobre la Vigilancia de Resistencia Antimicrobiana en Chile y cu\u00e1les son sus desaf\u00edos.<\/p>\n\n\n\n<p>Luego, el jefe del Departamento de Calidad y Seguridad de la Atenci\u00f3n correspondiente a la Divisi\u00f3n de Gesti\u00f3n de Redes Asistencial (DIGERA) del MINSAL, Mauro Orsini, desarroll\u00f3 el tema \u201cPandemia: brotes de infecciones asociadas a la atenci\u00f3n de salud (IAAS) por Resistencia Antimicrobiana\u201d.<\/p>\n\n\n\n<p>Asimismo, la investigadora estadounidense del U.S Centers for Disease Control and Prevention, Ashley Styczynski, present\u00f3 el programa de control de infecci\u00f3n internacional denominado \u201cAntibiotic Resistance in Communities and Hospitals (ARCH)\u201d, el cual aportar\u00e1 al trabajo de investigaci\u00f3n que se est\u00e1 llevando a cabo a trav\u00e9s del proyecto ChAOS UDD.<\/p>\n\n\n\n<p>A continuaci\u00f3n, la investigadora ChAOS UDD, Johanna Acevedo, expuso sobre las plataformas de monitoreo de la Resistencia Antimicrobiana en Chile que se est\u00e1 llevando a cabo en Hospitales y en la comunidad chilena. Luego, los investigadores UDD, Dino Sep\u00falveda y Rodrigo Mart\u00ednez, tomaron la palabra para exponer sobre la prevalencia y la gen\u00f3mica de la Resistencia Antimicrobiana en Chile y la Regi\u00f3n, respectivamente.<\/p>\n\n\n\n<p>Revive el Seminario \u201cEstrategias de Vigilancia de Resistencia Antimicrobiana en Chile\u201d:<\/p>\n\n\n\n<figure class=\"wp-block-embed is-type-video is-provider-youtube wp-block-embed-youtube wp-embed-aspect-16-9 wp-has-aspect-ratio\"><div class=\"wp-block-embed__wrapper\">\n<iframe loading=\"lazy\" title=\"Seminario | Estrategias de vigilancia de resistencia antimicrobiana en Chile\" width=\"500\" height=\"281\" src=\"https:\/\/www.youtube.com\/embed\/WC1WYpC1LaE?feature=oembed\" frameborder=\"0\" allow=\"accelerometer; autoplay; clipboard-write; encrypted-media; gyroscope; picture-in-picture; web-share\" referrerpolicy=\"strict-origin-when-cross-origin\" allowfullscreen><\/iframe>\n<\/div><\/figure>\n\n\n\n<figure class=\"wp-block-gallery has-nested-images columns-default is-cropped wp-block-gallery-1 is-layout-flex wp-block-gallery-is-layout-flex\">\n<figure class=\"wp-block-image size-large\"><img loading=\"lazy\" decoding=\"async\" width=\"2560\" height=\"1707\" data-id=\"11076\" src=\"https:\/\/medicina.udd.cl\/icim\/files\/2022\/11\/img_5738-scaled.jpg\" alt=\"\" class=\"wp-image-11076\" srcset=\"https:\/\/medicina.udd.cl\/icim\/files\/2022\/11\/img_5738-scaled.jpg 2560w, https:\/\/medicina.udd.cl\/icim\/files\/2022\/11\/img_5738-300x200.jpg 300w, https:\/\/medicina.udd.cl\/icim\/files\/2022\/11\/img_5738-1024x683.jpg 1024w, https:\/\/medicina.udd.cl\/icim\/files\/2022\/11\/img_5738-768x512.jpg 768w, https:\/\/medicina.udd.cl\/icim\/files\/2022\/11\/img_5738-1536x1024.jpg 1536w, https:\/\/medicina.udd.cl\/icim\/files\/2022\/11\/img_5738-2048x1365.jpg 2048w\" sizes=\"auto, (max-width: 2560px) 100vw, 2560px\" \/><figcaption>Tania Herrera<\/figcaption><\/figure>\n\n\n\n<figure class=\"wp-block-image size-large\"><img loading=\"lazy\" decoding=\"async\" width=\"2560\" height=\"1707\" data-id=\"11077\" src=\"https:\/\/medicina.udd.cl\/icim\/files\/2022\/11\/img_5743-scaled.jpg\" alt=\"\" class=\"wp-image-11077\" srcset=\"https:\/\/medicina.udd.cl\/icim\/files\/2022\/11\/img_5743-scaled.jpg 2560w, https:\/\/medicina.udd.cl\/icim\/files\/2022\/11\/img_5743-300x200.jpg 300w, https:\/\/medicina.udd.cl\/icim\/files\/2022\/11\/img_5743-1024x683.jpg 1024w, https:\/\/medicina.udd.cl\/icim\/files\/2022\/11\/img_5743-768x512.jpg 768w, https:\/\/medicina.udd.cl\/icim\/files\/2022\/11\/img_5743-1536x1024.jpg 1536w, https:\/\/medicina.udd.cl\/icim\/files\/2022\/11\/img_5743-2048x1365.jpg 2048w\" sizes=\"auto, (max-width: 2560px) 100vw, 2560px\" \/><figcaption>Juan Carlos Hormaz\u00e1bal<\/figcaption><\/figure>\n\n\n\n<figure class=\"wp-block-image size-large\"><img loading=\"lazy\" decoding=\"async\" width=\"2560\" height=\"1707\" data-id=\"11079\" src=\"https:\/\/medicina.udd.cl\/icim\/files\/2022\/11\/img_5753-scaled.jpg\" alt=\"\" class=\"wp-image-11079\" srcset=\"https:\/\/medicina.udd.cl\/icim\/files\/2022\/11\/img_5753-scaled.jpg 2560w, https:\/\/medicina.udd.cl\/icim\/files\/2022\/11\/img_5753-300x200.jpg 300w, https:\/\/medicina.udd.cl\/icim\/files\/2022\/11\/img_5753-1024x683.jpg 1024w, https:\/\/medicina.udd.cl\/icim\/files\/2022\/11\/img_5753-768x512.jpg 768w, https:\/\/medicina.udd.cl\/icim\/files\/2022\/11\/img_5753-1536x1024.jpg 1536w, https:\/\/medicina.udd.cl\/icim\/files\/2022\/11\/img_5753-2048x1365.jpg 2048w\" sizes=\"auto, (max-width: 2560px) 100vw, 2560px\" \/><figcaption>Mauro Orsini<\/figcaption><\/figure>\n\n\n\n<figure class=\"wp-block-image size-large\"><img loading=\"lazy\" decoding=\"async\" width=\"2560\" height=\"1707\" data-id=\"11089\" src=\"https:\/\/medicina.udd.cl\/icim\/files\/2022\/11\/img_5756-scaled.jpg\" alt=\"\" class=\"wp-image-11089\" srcset=\"https:\/\/medicina.udd.cl\/icim\/files\/2022\/11\/img_5756-scaled.jpg 2560w, https:\/\/medicina.udd.cl\/icim\/files\/2022\/11\/img_5756-300x200.jpg 300w, https:\/\/medicina.udd.cl\/icim\/files\/2022\/11\/img_5756-1024x683.jpg 1024w, https:\/\/medicina.udd.cl\/icim\/files\/2022\/11\/img_5756-768x512.jpg 768w, https:\/\/medicina.udd.cl\/icim\/files\/2022\/11\/img_5756-1536x1024.jpg 1536w, https:\/\/medicina.udd.cl\/icim\/files\/2022\/11\/img_5756-2048x1365.jpg 2048w\" sizes=\"auto, (max-width: 2560px) 100vw, 2560px\" \/><\/figure>\n\n\n\n<figure class=\"wp-block-image size-large\"><img loading=\"lazy\" decoding=\"async\" width=\"2560\" height=\"1707\" data-id=\"11090\" src=\"https:\/\/medicina.udd.cl\/icim\/files\/2022\/11\/ram-1-scaled.jpg\" alt=\"\" class=\"wp-image-11090\" srcset=\"https:\/\/medicina.udd.cl\/icim\/files\/2022\/11\/ram-1-scaled.jpg 2560w, https:\/\/medicina.udd.cl\/icim\/files\/2022\/11\/ram-1-300x200.jpg 300w, https:\/\/medicina.udd.cl\/icim\/files\/2022\/11\/ram-1-1024x683.jpg 1024w, https:\/\/medicina.udd.cl\/icim\/files\/2022\/11\/ram-1-768x512.jpg 768w, https:\/\/medicina.udd.cl\/icim\/files\/2022\/11\/ram-1-1536x1024.jpg 1536w, https:\/\/medicina.udd.cl\/icim\/files\/2022\/11\/ram-1-2048x1365.jpg 2048w\" sizes=\"auto, (max-width: 2560px) 100vw, 2560px\" \/><figcaption>Ashley Styczynski<\/figcaption><\/figure>\n\n\n\n<figure class=\"wp-block-image size-large\"><img loading=\"lazy\" decoding=\"async\" width=\"2560\" height=\"1707\" data-id=\"11080\" src=\"https:\/\/medicina.udd.cl\/icim\/files\/2022\/11\/img_5760-scaled.jpg\" alt=\"\" class=\"wp-image-11080\" srcset=\"https:\/\/medicina.udd.cl\/icim\/files\/2022\/11\/img_5760-scaled.jpg 2560w, https:\/\/medicina.udd.cl\/icim\/files\/2022\/11\/img_5760-300x200.jpg 300w, https:\/\/medicina.udd.cl\/icim\/files\/2022\/11\/img_5760-1024x683.jpg 1024w, https:\/\/medicina.udd.cl\/icim\/files\/2022\/11\/img_5760-768x512.jpg 768w, https:\/\/medicina.udd.cl\/icim\/files\/2022\/11\/img_5760-1536x1024.jpg 1536w, https:\/\/medicina.udd.cl\/icim\/files\/2022\/11\/img_5760-2048x1365.jpg 2048w\" sizes=\"auto, (max-width: 2560px) 100vw, 2560px\" \/><\/figure>\n\n\n\n<figure class=\"wp-block-image size-large\"><img loading=\"lazy\" decoding=\"async\" width=\"2560\" height=\"1707\" data-id=\"11081\" src=\"https:\/\/medicina.udd.cl\/icim\/files\/2022\/11\/img_5764-scaled.jpg\" alt=\"\" class=\"wp-image-11081\" srcset=\"https:\/\/medicina.udd.cl\/icim\/files\/2022\/11\/img_5764-scaled.jpg 2560w, https:\/\/medicina.udd.cl\/icim\/files\/2022\/11\/img_5764-300x200.jpg 300w, https:\/\/medicina.udd.cl\/icim\/files\/2022\/11\/img_5764-1024x683.jpg 1024w, https:\/\/medicina.udd.cl\/icim\/files\/2022\/11\/img_5764-768x512.jpg 768w, https:\/\/medicina.udd.cl\/icim\/files\/2022\/11\/img_5764-1536x1024.jpg 1536w, https:\/\/medicina.udd.cl\/icim\/files\/2022\/11\/img_5764-2048x1365.jpg 2048w\" sizes=\"auto, (max-width: 2560px) 100vw, 2560px\" \/><figcaption>Johanna Acevedo<\/figcaption><\/figure>\n\n\n\n<figure class=\"wp-block-image size-large\"><img loading=\"lazy\" decoding=\"async\" width=\"2560\" height=\"1707\" data-id=\"11082\" src=\"https:\/\/medicina.udd.cl\/icim\/files\/2022\/11\/img_5770-scaled.jpg\" alt=\"\" class=\"wp-image-11082\" srcset=\"https:\/\/medicina.udd.cl\/icim\/files\/2022\/11\/img_5770-scaled.jpg 2560w, https:\/\/medicina.udd.cl\/icim\/files\/2022\/11\/img_5770-300x200.jpg 300w, https:\/\/medicina.udd.cl\/icim\/files\/2022\/11\/img_5770-1024x683.jpg 1024w, https:\/\/medicina.udd.cl\/icim\/files\/2022\/11\/img_5770-768x512.jpg 768w, https:\/\/medicina.udd.cl\/icim\/files\/2022\/11\/img_5770-1536x1024.jpg 1536w, https:\/\/medicina.udd.cl\/icim\/files\/2022\/11\/img_5770-2048x1365.jpg 2048w\" sizes=\"auto, (max-width: 2560px) 100vw, 2560px\" \/><\/figure>\n\n\n\n<figure class=\"wp-block-image size-large\"><img loading=\"lazy\" decoding=\"async\" width=\"2560\" height=\"1707\" data-id=\"11083\" src=\"https:\/\/medicina.udd.cl\/icim\/files\/2022\/11\/img_5773-scaled.jpg\" alt=\"\" class=\"wp-image-11083\" srcset=\"https:\/\/medicina.udd.cl\/icim\/files\/2022\/11\/img_5773-scaled.jpg 2560w, https:\/\/medicina.udd.cl\/icim\/files\/2022\/11\/img_5773-300x200.jpg 300w, https:\/\/medicina.udd.cl\/icim\/files\/2022\/11\/img_5773-1024x683.jpg 1024w, https:\/\/medicina.udd.cl\/icim\/files\/2022\/11\/img_5773-768x512.jpg 768w, https:\/\/medicina.udd.cl\/icim\/files\/2022\/11\/img_5773-1536x1024.jpg 1536w, https:\/\/medicina.udd.cl\/icim\/files\/2022\/11\/img_5773-2048x1365.jpg 2048w\" sizes=\"auto, (max-width: 2560px) 100vw, 2560px\" \/><figcaption>Dino Sep\u00falveda<\/figcaption><\/figure>\n\n\n\n<figure class=\"wp-block-image size-large\"><img loading=\"lazy\" decoding=\"async\" width=\"2560\" height=\"1707\" data-id=\"11084\" src=\"https:\/\/medicina.udd.cl\/icim\/files\/2022\/11\/img_5778-scaled.jpg\" alt=\"\" class=\"wp-image-11084\" srcset=\"https:\/\/medicina.udd.cl\/icim\/files\/2022\/11\/img_5778-scaled.jpg 2560w, https:\/\/medicina.udd.cl\/icim\/files\/2022\/11\/img_5778-300x200.jpg 300w, https:\/\/medicina.udd.cl\/icim\/files\/2022\/11\/img_5778-1024x683.jpg 1024w, https:\/\/medicina.udd.cl\/icim\/files\/2022\/11\/img_5778-768x512.jpg 768w, https:\/\/medicina.udd.cl\/icim\/files\/2022\/11\/img_5778-1536x1024.jpg 1536w, https:\/\/medicina.udd.cl\/icim\/files\/2022\/11\/img_5778-2048x1365.jpg 2048w\" sizes=\"auto, (max-width: 2560px) 100vw, 2560px\" \/><figcaption>Rodrigo Mart\u00ednez<\/figcaption><\/figure>\n\n\n\n<figure class=\"wp-block-image size-large\"><img loading=\"lazy\" decoding=\"async\" width=\"2560\" height=\"1707\" data-id=\"11085\" src=\"https:\/\/medicina.udd.cl\/icim\/files\/2022\/11\/img_5789-scaled.jpg\" alt=\"\" class=\"wp-image-11085\" srcset=\"https:\/\/medicina.udd.cl\/icim\/files\/2022\/11\/img_5789-scaled.jpg 2560w, https:\/\/medicina.udd.cl\/icim\/files\/2022\/11\/img_5789-300x200.jpg 300w, https:\/\/medicina.udd.cl\/icim\/files\/2022\/11\/img_5789-1024x683.jpg 1024w, https:\/\/medicina.udd.cl\/icim\/files\/2022\/11\/img_5789-768x512.jpg 768w, https:\/\/medicina.udd.cl\/icim\/files\/2022\/11\/img_5789-1536x1024.jpg 1536w, https:\/\/medicina.udd.cl\/icim\/files\/2022\/11\/img_5789-2048x1365.jpg 2048w\" sizes=\"auto, (max-width: 2560px) 100vw, 2560px\" \/><figcaption>Rafael Araos<\/figcaption><\/figure>\n\n\n\n<figure class=\"wp-block-image size-large\"><img loading=\"lazy\" decoding=\"async\" width=\"2560\" height=\"1707\" data-id=\"11086\" src=\"https:\/\/medicina.udd.cl\/icim\/files\/2022\/11\/img_5794-scaled.jpg\" alt=\"\" class=\"wp-image-11086\" srcset=\"https:\/\/medicina.udd.cl\/icim\/files\/2022\/11\/img_5794-scaled.jpg 2560w, https:\/\/medicina.udd.cl\/icim\/files\/2022\/11\/img_5794-300x200.jpg 300w, https:\/\/medicina.udd.cl\/icim\/files\/2022\/11\/img_5794-1024x683.jpg 1024w, https:\/\/medicina.udd.cl\/icim\/files\/2022\/11\/img_5794-768x512.jpg 768w, https:\/\/medicina.udd.cl\/icim\/files\/2022\/11\/img_5794-1536x1024.jpg 1536w, https:\/\/medicina.udd.cl\/icim\/files\/2022\/11\/img_5794-2048x1365.jpg 2048w\" sizes=\"auto, (max-width: 2560px) 100vw, 2560px\" \/><\/figure>\n\n\n\n<figure class=\"wp-block-image size-large\"><img loading=\"lazy\" decoding=\"async\" width=\"2560\" height=\"1707\" data-id=\"11088\" src=\"https:\/\/medicina.udd.cl\/icim\/files\/2022\/11\/img_5799-scaled.jpg\" alt=\"\" class=\"wp-image-11088\" srcset=\"https:\/\/medicina.udd.cl\/icim\/files\/2022\/11\/img_5799-scaled.jpg 2560w, https:\/\/medicina.udd.cl\/icim\/files\/2022\/11\/img_5799-300x200.jpg 300w, https:\/\/medicina.udd.cl\/icim\/files\/2022\/11\/img_5799-1024x683.jpg 1024w, https:\/\/medicina.udd.cl\/icim\/files\/2022\/11\/img_5799-768x512.jpg 768w, https:\/\/medicina.udd.cl\/icim\/files\/2022\/11\/img_5799-1536x1024.jpg 1536w, https:\/\/medicina.udd.cl\/icim\/files\/2022\/11\/img_5799-2048x1365.jpg 2048w\" sizes=\"auto, (max-width: 2560px) 100vw, 2560px\" \/><\/figure>\n\n\n\n<figure class=\"wp-block-image size-large\"><img loading=\"lazy\" decoding=\"async\" width=\"2560\" height=\"1707\" data-id=\"11087\" src=\"https:\/\/medicina.udd.cl\/icim\/files\/2022\/11\/img_5795-scaled.jpg\" alt=\"\" class=\"wp-image-11087\" srcset=\"https:\/\/medicina.udd.cl\/icim\/files\/2022\/11\/img_5795-scaled.jpg 2560w, https:\/\/medicina.udd.cl\/icim\/files\/2022\/11\/img_5795-300x200.jpg 300w, https:\/\/medicina.udd.cl\/icim\/files\/2022\/11\/img_5795-1024x683.jpg 1024w, https:\/\/medicina.udd.cl\/icim\/files\/2022\/11\/img_5795-768x512.jpg 768w, https:\/\/medicina.udd.cl\/icim\/files\/2022\/11\/img_5795-1536x1024.jpg 1536w, https:\/\/medicina.udd.cl\/icim\/files\/2022\/11\/img_5795-2048x1365.jpg 2048w\" sizes=\"auto, (max-width: 2560px) 100vw, 2560px\" \/><\/figure>\n<\/figure>\n","protected":false},"excerpt":{"rendered":"<p>El Instituto de Ciencias e Innovaci\u00f3n en Medicina (ICIM), de la Facultad de Medicina Cl\u00ednica Alemana Universidad del Desarrollo, organiz\u00f3 y llev\u00f3 a cabo este jueves 10 de noviembre, el Seminario \u201cEstrategias de Vigilancia de Resistencia Antimicrobiana en Chile\u201d, encuentro que se realiz\u00f3 en el campus Rector Ernesto Silva Bafalluy, y que cont\u00f3 con transmisi\u00f3n [&hellip;]<\/p>\n","protected":false},"author":9192219,"featured_media":11080,"comment_status":"open","ping_status":"open","sticky":false,"template":"","format":"standard","meta":{"footnotes":""},"categories":[4],"tags":[],"class_list":["post-11075","post","type-post","status-publish","format-standard","has-post-thumbnail","hentry","category-noticias"],"yoast_head":"<!-- This site is optimized with the Yoast SEO plugin v26.9 - https:\/\/yoast.com\/product\/yoast-seo-wordpress\/ -->\n<title>ICIM realiz\u00f3 Seminario Estrategias de vigilancia de Resistencia Antimicrobiana en Chile - ICIM<\/title>\n<meta name=\"robots\" content=\"index, follow, max-snippet:-1, max-image-preview:large, max-video-preview:-1\" \/>\n<link rel=\"canonical\" href=\"https:\/\/medicina.udd.cl\/icim\/2022\/11\/11\/icim-realizo-seminario-estrategias-de-vigilancia-de-resistencia-antimicrobiana-en-chile\/\" \/>\n<meta property=\"og:locale\" content=\"es_ES\" \/>\n<meta property=\"og:type\" content=\"article\" \/>\n<meta property=\"og:title\" content=\"ICIM realiz\u00f3 Seminario Estrategias de vigilancia de Resistencia Antimicrobiana en Chile - ICIM\" \/>\n<meta property=\"og:description\" content=\"El Instituto de Ciencias e Innovaci\u00f3n en Medicina (ICIM), de la Facultad de Medicina Cl\u00ednica Alemana Universidad del Desarrollo, organiz\u00f3 y llev\u00f3 a cabo este jueves 10 de noviembre, el Seminario \u201cEstrategias de Vigilancia de Resistencia Antimicrobiana en Chile\u201d, encuentro que se realiz\u00f3 en el campus Rector Ernesto Silva Bafalluy, y que cont\u00f3 con transmisi\u00f3n [&hellip;]\" \/>\n<meta property=\"og:url\" content=\"https:\/\/medicina.udd.cl\/icim\/2022\/11\/11\/icim-realizo-seminario-estrategias-de-vigilancia-de-resistencia-antimicrobiana-en-chile\/\" \/>\n<meta property=\"og:site_name\" content=\"ICIM\" \/>\n<meta property=\"article:published_time\" content=\"2022-11-11T19:03:22+00:00\" \/>\n<meta property=\"article:modified_time\" content=\"2022-11-11T19:17:28+00:00\" \/>\n<meta property=\"og:image\" content=\"https:\/\/medicina.udd.cl\/icim\/files\/2022\/11\/img_5760-scaled.jpg\" \/>\n\t<meta property=\"og:image:width\" content=\"2560\" \/>\n\t<meta property=\"og:image:height\" content=\"1707\" \/>\n\t<meta property=\"og:image:type\" content=\"image\/jpeg\" \/>\n<meta name=\"author\" content=\"rbraidy\" \/>\n<meta name=\"twitter:card\" content=\"summary_large_image\" \/>\n<meta name=\"twitter:label1\" content=\"Escrito por\" \/>\n\t<meta name=\"twitter:data1\" content=\"rbraidy\" \/>\n\t<meta name=\"twitter:label2\" content=\"Tiempo de lectura\" \/>\n\t<meta name=\"twitter:data2\" content=\"5 minutos\" \/>\n<script type=\"application\/ld+json\" class=\"yoast-schema-graph\">{\"@context\":\"https:\/\/schema.org\",\"@graph\":[{\"@type\":\"Article\",\"@id\":\"https:\/\/medicina.udd.cl\/icim\/2022\/11\/11\/icim-realizo-seminario-estrategias-de-vigilancia-de-resistencia-antimicrobiana-en-chile\/#article\",\"isPartOf\":{\"@id\":\"https:\/\/medicina.udd.cl\/icim\/2022\/11\/11\/icim-realizo-seminario-estrategias-de-vigilancia-de-resistencia-antimicrobiana-en-chile\/\"},\"author\":{\"name\":\"rbraidy\",\"@id\":\"https:\/\/medicina.udd.cl\/icim\/#\/schema\/person\/dbc3705bf3a93e8be1ba6de0ef950341\"},\"headline\":\"ICIM realiz\u00f3 Seminario Estrategias de vigilancia de Resistencia Antimicrobiana en Chile\",\"datePublished\":\"2022-11-11T19:03:22+00:00\",\"dateModified\":\"2022-11-11T19:17:28+00:00\",\"mainEntityOfPage\":{\"@id\":\"https:\/\/medicina.udd.cl\/icim\/2022\/11\/11\/icim-realizo-seminario-estrategias-de-vigilancia-de-resistencia-antimicrobiana-en-chile\/\"},\"wordCount\":446,\"commentCount\":0,\"image\":{\"@id\":\"https:\/\/medicina.udd.cl\/icim\/2022\/11\/11\/icim-realizo-seminario-estrategias-de-vigilancia-de-resistencia-antimicrobiana-en-chile\/#primaryimage\"},\"thumbnailUrl\":\"https:\/\/medicina.udd.cl\/icim\/files\/2022\/11\/img_5760-scaled.jpg\",\"articleSection\":[\"Noticias\"],\"inLanguage\":\"es\",\"potentialAction\":[{\"@type\":\"CommentAction\",\"name\":\"Comment\",\"target\":[\"https:\/\/medicina.udd.cl\/icim\/2022\/11\/11\/icim-realizo-seminario-estrategias-de-vigilancia-de-resistencia-antimicrobiana-en-chile\/#respond\"]}]},{\"@type\":\"WebPage\",\"@id\":\"https:\/\/medicina.udd.cl\/icim\/2022\/11\/11\/icim-realizo-seminario-estrategias-de-vigilancia-de-resistencia-antimicrobiana-en-chile\/\",\"url\":\"https:\/\/medicina.udd.cl\/icim\/2022\/11\/11\/icim-realizo-seminario-estrategias-de-vigilancia-de-resistencia-antimicrobiana-en-chile\/\",\"name\":\"ICIM realiz\u00f3 Seminario Estrategias de vigilancia de Resistencia Antimicrobiana en Chile - ICIM\",\"isPartOf\":{\"@id\":\"https:\/\/medicina.udd.cl\/icim\/#website\"},\"primaryImageOfPage\":{\"@id\":\"https:\/\/medicina.udd.cl\/icim\/2022\/11\/11\/icim-realizo-seminario-estrategias-de-vigilancia-de-resistencia-antimicrobiana-en-chile\/#primaryimage\"},\"image\":{\"@id\":\"https:\/\/medicina.udd.cl\/icim\/2022\/11\/11\/icim-realizo-seminario-estrategias-de-vigilancia-de-resistencia-antimicrobiana-en-chile\/#primaryimage\"},\"thumbnailUrl\":\"https:\/\/medicina.udd.cl\/icim\/files\/2022\/11\/img_5760-scaled.jpg\",\"datePublished\":\"2022-11-11T19:03:22+00:00\",\"dateModified\":\"2022-11-11T19:17:28+00:00\",\"author\":{\"@id\":\"https:\/\/medicina.udd.cl\/icim\/#\/schema\/person\/dbc3705bf3a93e8be1ba6de0ef950341\"},\"breadcrumb\":{\"@id\":\"https:\/\/medicina.udd.cl\/icim\/2022\/11\/11\/icim-realizo-seminario-estrategias-de-vigilancia-de-resistencia-antimicrobiana-en-chile\/#breadcrumb\"},\"inLanguage\":\"es\",\"potentialAction\":[{\"@type\":\"ReadAction\",\"target\":[\"https:\/\/medicina.udd.cl\/icim\/2022\/11\/11\/icim-realizo-seminario-estrategias-de-vigilancia-de-resistencia-antimicrobiana-en-chile\/\"]}]},{\"@type\":\"ImageObject\",\"inLanguage\":\"es\",\"@id\":\"https:\/\/medicina.udd.cl\/icim\/2022\/11\/11\/icim-realizo-seminario-estrategias-de-vigilancia-de-resistencia-antimicrobiana-en-chile\/#primaryimage\",\"url\":\"https:\/\/medicina.udd.cl\/icim\/files\/2022\/11\/img_5760-scaled.jpg\",\"contentUrl\":\"https:\/\/medicina.udd.cl\/icim\/files\/2022\/11\/img_5760-scaled.jpg\",\"width\":2560,\"height\":1707},{\"@type\":\"BreadcrumbList\",\"@id\":\"https:\/\/medicina.udd.cl\/icim\/2022\/11\/11\/icim-realizo-seminario-estrategias-de-vigilancia-de-resistencia-antimicrobiana-en-chile\/#breadcrumb\",\"itemListElement\":[{\"@type\":\"ListItem\",\"position\":1,\"name\":\"Inicio\",\"item\":\"https:\/\/medicina.udd.cl\/icim\/\"},{\"@type\":\"ListItem\",\"position\":2,\"name\":\"ICIM realiz\u00f3 Seminario Estrategias de vigilancia de Resistencia Antimicrobiana en Chile\"}]},{\"@type\":\"WebSite\",\"@id\":\"https:\/\/medicina.udd.cl\/icim\/#website\",\"url\":\"https:\/\/medicina.udd.cl\/icim\/\",\"name\":\"ICIM\",\"description\":\"Una iniciativa de Universidad del Desarrollo y Cl\u00ednica Alemana\",\"inLanguage\":\"es\"},{\"@type\":\"Person\",\"@id\":\"https:\/\/medicina.udd.cl\/icim\/#\/schema\/person\/dbc3705bf3a93e8be1ba6de0ef950341\",\"name\":\"rbraidy\",\"image\":{\"@type\":\"ImageObject\",\"inLanguage\":\"es\",\"@id\":\"https:\/\/medicina.udd.cl\/icim\/#\/schema\/person\/image\/\",\"url\":\"https:\/\/secure.gravatar.com\/avatar\/0f8bc94637401590e45d2ce17eb65c274cb8870a219de6177f3f23e63fd8cdf3?s=96&d=mm&r=g\",\"contentUrl\":\"https:\/\/secure.gravatar.com\/avatar\/0f8bc94637401590e45d2ce17eb65c274cb8870a219de6177f3f23e63fd8cdf3?s=96&d=mm&r=g\",\"caption\":\"rbraidy\"},\"url\":\"https:\/\/medicina.udd.cl\/icim\/author\/rbraidy\/\"}]}<\/script>\n<!-- \/ Yoast SEO plugin. -->","yoast_head_json":{"title":"ICIM realiz\u00f3 Seminario Estrategias de vigilancia de Resistencia Antimicrobiana en Chile - ICIM","robots":{"index":"index","follow":"follow","max-snippet":"max-snippet:-1","max-image-preview":"max-image-preview:large","max-video-preview":"max-video-preview:-1"},"canonical":"https:\/\/medicina.udd.cl\/icim\/2022\/11\/11\/icim-realizo-seminario-estrategias-de-vigilancia-de-resistencia-antimicrobiana-en-chile\/","og_locale":"es_ES","og_type":"article","og_title":"ICIM realiz\u00f3 Seminario Estrategias de vigilancia de Resistencia Antimicrobiana en Chile - ICIM","og_description":"El Instituto de Ciencias e Innovaci\u00f3n en Medicina (ICIM), de la Facultad de Medicina Cl\u00ednica Alemana Universidad del Desarrollo, organiz\u00f3 y llev\u00f3 a cabo este jueves 10 de noviembre, el Seminario \u201cEstrategias de Vigilancia de Resistencia Antimicrobiana en Chile\u201d, encuentro que se realiz\u00f3 en el campus Rector Ernesto Silva Bafalluy, y que cont\u00f3 con transmisi\u00f3n [&hellip;]","og_url":"https:\/\/medicina.udd.cl\/icim\/2022\/11\/11\/icim-realizo-seminario-estrategias-de-vigilancia-de-resistencia-antimicrobiana-en-chile\/","og_site_name":"ICIM","article_published_time":"2022-11-11T19:03:22+00:00","article_modified_time":"2022-11-11T19:17:28+00:00","og_image":[{"width":2560,"height":1707,"url":"https:\/\/medicina.udd.cl\/icim\/files\/2022\/11\/img_5760-scaled.jpg","type":"image\/jpeg"}],"author":"rbraidy","twitter_card":"summary_large_image","twitter_misc":{"Escrito por":"rbraidy","Tiempo de lectura":"5 minutos"},"schema":{"@context":"https:\/\/schema.org","@graph":[{"@type":"Article","@id":"https:\/\/medicina.udd.cl\/icim\/2022\/11\/11\/icim-realizo-seminario-estrategias-de-vigilancia-de-resistencia-antimicrobiana-en-chile\/#article","isPartOf":{"@id":"https:\/\/medicina.udd.cl\/icim\/2022\/11\/11\/icim-realizo-seminario-estrategias-de-vigilancia-de-resistencia-antimicrobiana-en-chile\/"},"author":{"name":"rbraidy","@id":"https:\/\/medicina.udd.cl\/icim\/#\/schema\/person\/dbc3705bf3a93e8be1ba6de0ef950341"},"headline":"ICIM realiz\u00f3 Seminario Estrategias de vigilancia de Resistencia Antimicrobiana en Chile","datePublished":"2022-11-11T19:03:22+00:00","dateModified":"2022-11-11T19:17:28+00:00","mainEntityOfPage":{"@id":"https:\/\/medicina.udd.cl\/icim\/2022\/11\/11\/icim-realizo-seminario-estrategias-de-vigilancia-de-resistencia-antimicrobiana-en-chile\/"},"wordCount":446,"commentCount":0,"image":{"@id":"https:\/\/medicina.udd.cl\/icim\/2022\/11\/11\/icim-realizo-seminario-estrategias-de-vigilancia-de-resistencia-antimicrobiana-en-chile\/#primaryimage"},"thumbnailUrl":"https:\/\/medicina.udd.cl\/icim\/files\/2022\/11\/img_5760-scaled.jpg","articleSection":["Noticias"],"inLanguage":"es","potentialAction":[{"@type":"CommentAction","name":"Comment","target":["https:\/\/medicina.udd.cl\/icim\/2022\/11\/11\/icim-realizo-seminario-estrategias-de-vigilancia-de-resistencia-antimicrobiana-en-chile\/#respond"]}]},{"@type":"WebPage","@id":"https:\/\/medicina.udd.cl\/icim\/2022\/11\/11\/icim-realizo-seminario-estrategias-de-vigilancia-de-resistencia-antimicrobiana-en-chile\/","url":"https:\/\/medicina.udd.cl\/icim\/2022\/11\/11\/icim-realizo-seminario-estrategias-de-vigilancia-de-resistencia-antimicrobiana-en-chile\/","name":"ICIM realiz\u00f3 Seminario Estrategias de vigilancia de Resistencia Antimicrobiana en Chile - ICIM","isPartOf":{"@id":"https:\/\/medicina.udd.cl\/icim\/#website"},"primaryImageOfPage":{"@id":"https:\/\/medicina.udd.cl\/icim\/2022\/11\/11\/icim-realizo-seminario-estrategias-de-vigilancia-de-resistencia-antimicrobiana-en-chile\/#primaryimage"},"image":{"@id":"https:\/\/medicina.udd.cl\/icim\/2022\/11\/11\/icim-realizo-seminario-estrategias-de-vigilancia-de-resistencia-antimicrobiana-en-chile\/#primaryimage"},"thumbnailUrl":"https:\/\/medicina.udd.cl\/icim\/files\/2022\/11\/img_5760-scaled.jpg","datePublished":"2022-11-11T19:03:22+00:00","dateModified":"2022-11-11T19:17:28+00:00","author":{"@id":"https:\/\/medicina.udd.cl\/icim\/#\/schema\/person\/dbc3705bf3a93e8be1ba6de0ef950341"},"breadcrumb":{"@id":"https:\/\/medicina.udd.cl\/icim\/2022\/11\/11\/icim-realizo-seminario-estrategias-de-vigilancia-de-resistencia-antimicrobiana-en-chile\/#breadcrumb"},"inLanguage":"es","potentialAction":[{"@type":"ReadAction","target":["https:\/\/medicina.udd.cl\/icim\/2022\/11\/11\/icim-realizo-seminario-estrategias-de-vigilancia-de-resistencia-antimicrobiana-en-chile\/"]}]},{"@type":"ImageObject","inLanguage":"es","@id":"https:\/\/medicina.udd.cl\/icim\/2022\/11\/11\/icim-realizo-seminario-estrategias-de-vigilancia-de-resistencia-antimicrobiana-en-chile\/#primaryimage","url":"https:\/\/medicina.udd.cl\/icim\/files\/2022\/11\/img_5760-scaled.jpg","contentUrl":"https:\/\/medicina.udd.cl\/icim\/files\/2022\/11\/img_5760-scaled.jpg","width":2560,"height":1707},{"@type":"BreadcrumbList","@id":"https:\/\/medicina.udd.cl\/icim\/2022\/11\/11\/icim-realizo-seminario-estrategias-de-vigilancia-de-resistencia-antimicrobiana-en-chile\/#breadcrumb","itemListElement":[{"@type":"ListItem","position":1,"name":"Inicio","item":"https:\/\/medicina.udd.cl\/icim\/"},{"@type":"ListItem","position":2,"name":"ICIM realiz\u00f3 Seminario Estrategias de vigilancia de Resistencia Antimicrobiana en Chile"}]},{"@type":"WebSite","@id":"https:\/\/medicina.udd.cl\/icim\/#website","url":"https:\/\/medicina.udd.cl\/icim\/","name":"ICIM","description":"Una iniciativa de Universidad del Desarrollo y Cl\u00ednica Alemana","inLanguage":"es"},{"@type":"Person","@id":"https:\/\/medicina.udd.cl\/icim\/#\/schema\/person\/dbc3705bf3a93e8be1ba6de0ef950341","name":"rbraidy","image":{"@type":"ImageObject","inLanguage":"es","@id":"https:\/\/medicina.udd.cl\/icim\/#\/schema\/person\/image\/","url":"https:\/\/secure.gravatar.com\/avatar\/0f8bc94637401590e45d2ce17eb65c274cb8870a219de6177f3f23e63fd8cdf3?s=96&d=mm&r=g","contentUrl":"https:\/\/secure.gravatar.com\/avatar\/0f8bc94637401590e45d2ce17eb65c274cb8870a219de6177f3f23e63fd8cdf3?s=96&d=mm&r=g","caption":"rbraidy"},"url":"https:\/\/medicina.udd.cl\/icim\/author\/rbraidy\/"}]}},"featured_image_url":"https:\/\/medicina.udd.cl\/icim\/files\/2022\/11\/img_5760-scaled.jpg","_links":{"self":[{"href":"https:\/\/medicina.udd.cl\/icim\/wp-json\/wp\/v2\/posts\/11075","targetHints":{"allow":["GET"]}}],"collection":[{"href":"https:\/\/medicina.udd.cl\/icim\/wp-json\/wp\/v2\/posts"}],"about":[{"href":"https:\/\/medicina.udd.cl\/icim\/wp-json\/wp\/v2\/types\/post"}],"author":[{"embeddable":true,"href":"https:\/\/medicina.udd.cl\/icim\/wp-json\/wp\/v2\/users\/9192219"}],"replies":[{"embeddable":true,"href":"https:\/\/medicina.udd.cl\/icim\/wp-json\/wp\/v2\/comments?post=11075"}],"version-history":[{"count":2,"href":"https:\/\/medicina.udd.cl\/icim\/wp-json\/wp\/v2\/posts\/11075\/revisions"}],"predecessor-version":[{"id":11092,"href":"https:\/\/medicina.udd.cl\/icim\/wp-json\/wp\/v2\/posts\/11075\/revisions\/11092"}],"wp:featuredmedia":[{"embeddable":true,"href":"https:\/\/medicina.udd.cl\/icim\/wp-json\/wp\/v2\/media\/11080"}],"wp:attachment":[{"href":"https:\/\/medicina.udd.cl\/icim\/wp-json\/wp\/v2\/media?parent=11075"}],"wp:term":[{"taxonomy":"category","embeddable":true,"href":"https:\/\/medicina.udd.cl\/icim\/wp-json\/wp\/v2\/categories?post=11075"},{"taxonomy":"post_tag","embeddable":true,"href":"https:\/\/medicina.udd.cl\/icim\/wp-json\/wp\/v2\/tags?post=11075"}],"curies":[{"name":"wp","href":"https:\/\/api.w.org\/{rel}","templated":true}]}}