{"id":11097,"date":"2022-11-18T17:49:50","date_gmt":"2022-11-18T20:49:50","guid":{"rendered":"https:\/\/medicina.udd.cl\/icim\/?p=11097"},"modified":"2022-11-18T17:49:51","modified_gmt":"2022-11-18T20:49:51","slug":"presentan-proyecto-fondef-idea-optimizacion-de-la-capacidad-predictiva-del-examen-de-medicina-preventiva-del-adulto-mayor","status":"publish","type":"post","link":"https:\/\/medicina.udd.cl\/icim\/2022\/11\/18\/presentan-proyecto-fondef-idea-optimizacion-de-la-capacidad-predictiva-del-examen-de-medicina-preventiva-del-adulto-mayor\/","title":{"rendered":"Presentan Proyecto FONDEF IDeA \u201cOptimizaci\u00f3n de la capacidad predictiva del Examen de Medicina Preventiva del Adulto Mayor\u201d"},"content":{"rendered":"\n<figure class=\"wp-block-image alignright size-large is-resized\"><img loading=\"lazy\" decoding=\"async\" src=\"https:\/\/medicina.udd.cl\/icim\/files\/2022\/11\/ceps-proyecto-fondef-irene-36-1024x716.jpg\" alt=\"\" class=\"wp-image-11103\" width=\"512\" height=\"358\" srcset=\"https:\/\/medicina.udd.cl\/icim\/files\/2022\/11\/ceps-proyecto-fondef-irene-36-1024x716.jpg 1024w, https:\/\/medicina.udd.cl\/icim\/files\/2022\/11\/ceps-proyecto-fondef-irene-36-300x210.jpg 300w, https:\/\/medicina.udd.cl\/icim\/files\/2022\/11\/ceps-proyecto-fondef-irene-36-768x537.jpg 768w, https:\/\/medicina.udd.cl\/icim\/files\/2022\/11\/ceps-proyecto-fondef-irene-36-87x62.jpg 87w, https:\/\/medicina.udd.cl\/icim\/files\/2022\/11\/ceps-proyecto-fondef-irene-36-1536x1074.jpg 1536w, https:\/\/medicina.udd.cl\/icim\/files\/2022\/11\/ceps-proyecto-fondef-irene-36-2048x1433.jpg 2048w\" sizes=\"auto, (max-width: 512px) 100vw, 512px\" \/><\/figure>\n\n\n\n<p>Este 17 de noviembre, se present\u00f3 en el campus Rector Ernesto Silva Bafalluy de la Universidad del Desarrollo, el Proyecto FONDEF ID19I10319, denominado&nbsp;<em>\u201cOptimizaci\u00f3n de la capacidad predictiva del Examen de Medicina Preventiva del Adulto Mayor (EMPAM) a trav\u00e9s del desarrollo de una herramienta digital y el uso de machine learning\u201d,<\/em>&nbsp;investigaci\u00f3n desarrollada por el Centro de Epidemiolog\u00eda y Pol\u00edticas de Salud (CEPS) y la carrera de Nutrici\u00f3n y Diet\u00e9tica de la Facultad de Medicina Cl\u00ednica Alemana Universidad del Desarrollo, con la participaci\u00f3n del Centro de Inform\u00e1tica Biom\u00e9dica del Instituto de Ciencias e Innovaci\u00f3n en Medicina (ICIM) y la Facultad de Gobierno UDD.<\/p>\n\n\n\n<p>Este proyecto que recibi\u00f3 financiamiento de la Agencia Nacional de Investigaci\u00f3n y Desarrollo de Chile (ANID), dirigido por Iris Delgado (CEPS) y por Dominique Masferrer (Nutrici\u00f3n y Diet\u00e9tica UDD), es un proyecto de an\u00e1lisis de datos utilizando t\u00e9cnicas de inteligencia artificial, para generar un modelo predictivo del riesgo de la p\u00e9rdida de funcionalidad en personas de 65 y m\u00e1s a\u00f1os. Adem\u00e1s, incluye la creaci\u00f3n de una herramienta digital denominada IRENE (Integrated Risk Estimation for the New Elderly), para utilizar el modelo predictivo. La herramienta IRENE quedar\u00e1 a disposici\u00f3n del Ministerio de Salud y del Servicio de Salud Metropolitano Occidente (SSMOC).<\/p>\n\n\n\n<p>A la presentaci\u00f3n del proyecto, asistieron el se\u00f1or Ernesto Silva M\u00e9ndez, Prorrector UDD; Dra. Ximena Aguilera, Ministra de Salud; Jorge Lafrentz, Gerente General de la Corporaci\u00f3n Chileno Alemana de Beneficencia; Dr. Ricardo Ronco, decano de la Facultad de Medicina Cl\u00ednica Alemana Universidad del Desarrollo; Dra. Liliana Jadue, vicedecana de las carreras de la salud de la Facultad de Medicina; Dr. Jos\u00e9 Munita, director del ICIM; Dra. Andrea Olea, directora del CEPS; Nut. Rinat Ratner, directora de Nutrici\u00f3n y Diet\u00e9tica UDD; Dra. Mar\u00eda Jos\u00e9 D\u00edaz, directora de Atenci\u00f3n Primaria de Salud del SSMOC; se\u00f1ora Rogelia Fuentes, presidenta de la Uni\u00f3n Comunal de Adultos Mayores de Lo Prado; autoridades de otras instituciones asociadas y unidades de la UDD, investigadores y docentes.<\/p>\n\n\n\n<figure class=\"wp-block-image alignleft size-large is-resized\"><img loading=\"lazy\" decoding=\"async\" src=\"https:\/\/medicina.udd.cl\/icim\/files\/2022\/11\/ceps-proyecto-fondef-irene-28-1024x820.jpg\" alt=\"\" class=\"wp-image-11100\" width=\"512\" height=\"410\" srcset=\"https:\/\/medicina.udd.cl\/icim\/files\/2022\/11\/ceps-proyecto-fondef-irene-28-1024x820.jpg 1024w, https:\/\/medicina.udd.cl\/icim\/files\/2022\/11\/ceps-proyecto-fondef-irene-28-300x240.jpg 300w, https:\/\/medicina.udd.cl\/icim\/files\/2022\/11\/ceps-proyecto-fondef-irene-28-768x615.jpg 768w, https:\/\/medicina.udd.cl\/icim\/files\/2022\/11\/ceps-proyecto-fondef-irene-28-1536x1231.jpg 1536w, https:\/\/medicina.udd.cl\/icim\/files\/2022\/11\/ceps-proyecto-fondef-irene-28-2048x1641.jpg 2048w\" sizes=\"auto, (max-width: 512px) 100vw, 512px\" \/><figcaption>Dra. Ximena Aguilera, Ministra de Salud.<\/figcaption><\/figure>\n\n\n\n<p>Para la Ministra de Salud, Dra. Ximena Aguilera, quien tambi\u00e9n forma parte del equipo investigadoras del proyecto, cuando a\u00fan era directora del CEPS, indic\u00f3 que&nbsp;<em>\u201cel tema de la Atenci\u00f3n Primaria no es solo extensi\u00f3n de cobertura sino que implica repensar la cartera de servicios, los mecanismos de pago, y para eso tenemos un pr\u00e9stamo con el Banco Mundial de 250 millones de d\u00f3lares, que incluye estudios y despu\u00e9s inversi\u00f3n en mejorar la tecnolog\u00eda y el enfrentamiento de los programas y dentro de esto, \u00e9sta propuesta calza perfecto en la idea de explorar como en los pilotos se podr\u00eda incorporar el proyecto IRENE de manera de ir viendo en terreno c\u00f3mo funciona la aplicaci\u00f3n y si realmente sirve y si los equipos son capaces de incorporarlos. Es por esto que, encontr\u00e9 muy oportuno venir a apoyar esta idea de Dominique e Iris que ha sido muy bien llevada. Cuenten con mi compromiso en tratar de incorporar estos nuevos desarrollos en lo que es la gesti\u00f3n del sector y especialmente en lo que son los pilotos de Atenci\u00f3n Primaria , que yo creo va ser muy \u00fatil incorporarlos\u201d, se\u00f1al\u00f3 la Dra. Ximena Aguilera.<\/em><\/p>\n\n\n\n<p>Por su parte, las responsables del proyecto, Iris Delgado y Dominique Masferrer, concluyeron que, como continuidad de este proyecto, es necesario observar y medir el uso de los distintos tipos o categor\u00edas de usuarios de la plataforma, obtener indicadores, validaciones y confirmaciones de aspectos tales como: el valor percibido por los usuarios; los tipos o categor\u00edas de usuarios m\u00e1s frecuentes, as\u00ed como para recibir retroalimentaci\u00f3n sobre el uso de la plataforma y las actuales funcionalidades que est\u00e1n disponibles.&nbsp;<em>\u201cCon estos y otros indicadores que se recopilar\u00e1n, se podr\u00e1n realizar an\u00e1lisis y tomar decisiones sobre los pasos a seguir para evolucionar y mejorar la plataforma, sus proyecciones y funcionalidades\u201d<\/em><\/p>\n\n\n\n<p>Asimismo, indicaron que es necesario continuar en esta l\u00ednea de trabajo para probar y ajustar la herramienta a realidades de otros territorios del pa\u00eds; perfeccionar y ampliar la plataforma IRENE Salud, incorpor\u00e1ndole interfaces de conexi\u00f3n (integraci\u00f3n) con registros cl\u00ednicos electr\u00f3nicos u otros sistemas de informaci\u00f3n de los distintos territorios del pa\u00eds.<\/p>\n\n\n\n<p>Cabe mencionar que, el proyecto tiene como instituciones asociadas al Ministerio de Salud; al Servicio de Salud Metropolitano Occidente y a la Fundaci\u00f3n Pa\u00eds Digital.<\/p>\n\n\n\n<p>Pueden ver a continuaci\u00f3n, la presentaci\u00f3n del Proyecto Fondef ID19I10319, denominado\u00a0<em>\u201cOptimizaci\u00f3n de la capacidad predictiva del Examen de Medicina Preventiva del Adulto Mayor (EMPAM) a trav\u00e9s del desarrollo de una herramienta digital y el uso de machine learning\u201d:<\/em><\/p>\n\n\n\n<figure class=\"wp-block-embed is-type-video is-provider-youtube wp-block-embed-youtube wp-embed-aspect-16-9 wp-has-aspect-ratio\"><div class=\"wp-block-embed__wrapper\">\n<iframe loading=\"lazy\" title=\"Seminario Cierre Proyecto Fondef IDeA | Examen de Medicina Preventiva del Adulto Mayor\" width=\"500\" height=\"281\" src=\"https:\/\/www.youtube.com\/embed\/cs5mieIXAKY?start=67&#038;feature=oembed\" frameborder=\"0\" allow=\"accelerometer; autoplay; clipboard-write; encrypted-media; gyroscope; picture-in-picture; web-share\" referrerpolicy=\"strict-origin-when-cross-origin\" allowfullscreen><\/iframe>\n<\/div><\/figure>\n\n\n\n<h2 class=\"wp-block-heading\"><strong>GALER\u00cdA<\/strong><\/h2>\n\n\n\n<figure class=\"wp-block-gallery has-nested-images columns-default is-cropped wp-block-gallery-1 is-layout-flex wp-block-gallery-is-layout-flex\">\n<figure class=\"wp-block-image size-large\"><img loading=\"lazy\" decoding=\"async\" width=\"2560\" height=\"1556\" data-id=\"11099\" src=\"https:\/\/medicina.udd.cl\/icim\/files\/2022\/11\/ceps-proyecto-fondef-irene-27-scaled.jpg\" alt=\"\" class=\"wp-image-11099\" srcset=\"https:\/\/medicina.udd.cl\/icim\/files\/2022\/11\/ceps-proyecto-fondef-irene-27-scaled.jpg 2560w, https:\/\/medicina.udd.cl\/icim\/files\/2022\/11\/ceps-proyecto-fondef-irene-27-300x182.jpg 300w, https:\/\/medicina.udd.cl\/icim\/files\/2022\/11\/ceps-proyecto-fondef-irene-27-1024x622.jpg 1024w, https:\/\/medicina.udd.cl\/icim\/files\/2022\/11\/ceps-proyecto-fondef-irene-27-768x467.jpg 768w, https:\/\/medicina.udd.cl\/icim\/files\/2022\/11\/ceps-proyecto-fondef-irene-27-1536x934.jpg 1536w, https:\/\/medicina.udd.cl\/icim\/files\/2022\/11\/ceps-proyecto-fondef-irene-27-2048x1245.jpg 2048w\" sizes=\"auto, (max-width: 2560px) 100vw, 2560px\" \/><\/figure>\n\n\n\n<figure class=\"wp-block-image size-large\"><img loading=\"lazy\" decoding=\"async\" width=\"2560\" height=\"1748\" data-id=\"11098\" src=\"https:\/\/medicina.udd.cl\/icim\/files\/2022\/11\/ceps-proyecto-fondef-irene-22-scaled.jpg\" alt=\"\" class=\"wp-image-11098\" srcset=\"https:\/\/medicina.udd.cl\/icim\/files\/2022\/11\/ceps-proyecto-fondef-irene-22-scaled.jpg 2560w, https:\/\/medicina.udd.cl\/icim\/files\/2022\/11\/ceps-proyecto-fondef-irene-22-300x205.jpg 300w, https:\/\/medicina.udd.cl\/icim\/files\/2022\/11\/ceps-proyecto-fondef-irene-22-1024x699.jpg 1024w, https:\/\/medicina.udd.cl\/icim\/files\/2022\/11\/ceps-proyecto-fondef-irene-22-768x524.jpg 768w, https:\/\/medicina.udd.cl\/icim\/files\/2022\/11\/ceps-proyecto-fondef-irene-22-1536x1049.jpg 1536w, https:\/\/medicina.udd.cl\/icim\/files\/2022\/11\/ceps-proyecto-fondef-irene-22-2048x1398.jpg 2048w\" sizes=\"auto, (max-width: 2560px) 100vw, 2560px\" \/><\/figure>\n\n\n\n<figure class=\"wp-block-image size-large\"><img loading=\"lazy\" decoding=\"async\" width=\"2560\" height=\"1861\" data-id=\"11104\" src=\"https:\/\/medicina.udd.cl\/icim\/files\/2022\/11\/ceps-proyecto-fondef-irene-38-scaled.jpg\" alt=\"\" class=\"wp-image-11104\" srcset=\"https:\/\/medicina.udd.cl\/icim\/files\/2022\/11\/ceps-proyecto-fondef-irene-38-scaled.jpg 2560w, https:\/\/medicina.udd.cl\/icim\/files\/2022\/11\/ceps-proyecto-fondef-irene-38-300x218.jpg 300w, https:\/\/medicina.udd.cl\/icim\/files\/2022\/11\/ceps-proyecto-fondef-irene-38-1024x744.jpg 1024w, https:\/\/medicina.udd.cl\/icim\/files\/2022\/11\/ceps-proyecto-fondef-irene-38-768x558.jpg 768w, https:\/\/medicina.udd.cl\/icim\/files\/2022\/11\/ceps-proyecto-fondef-irene-38-87x62.jpg 87w, https:\/\/medicina.udd.cl\/icim\/files\/2022\/11\/ceps-proyecto-fondef-irene-38-1536x1116.jpg 1536w, https:\/\/medicina.udd.cl\/icim\/files\/2022\/11\/ceps-proyecto-fondef-irene-38-2048x1488.jpg 2048w\" sizes=\"auto, (max-width: 2560px) 100vw, 2560px\" \/><\/figure>\n\n\n\n<figure class=\"wp-block-image size-large\"><img loading=\"lazy\" decoding=\"async\" width=\"2560\" height=\"1790\" data-id=\"11102\" src=\"https:\/\/medicina.udd.cl\/icim\/files\/2022\/11\/ceps-proyecto-fondef-irene-35-scaled.jpg\" alt=\"\" class=\"wp-image-11102\" srcset=\"https:\/\/medicina.udd.cl\/icim\/files\/2022\/11\/ceps-proyecto-fondef-irene-35-scaled.jpg 2560w, https:\/\/medicina.udd.cl\/icim\/files\/2022\/11\/ceps-proyecto-fondef-irene-35-300x210.jpg 300w, https:\/\/medicina.udd.cl\/icim\/files\/2022\/11\/ceps-proyecto-fondef-irene-35-1024x716.jpg 1024w, https:\/\/medicina.udd.cl\/icim\/files\/2022\/11\/ceps-proyecto-fondef-irene-35-768x537.jpg 768w, https:\/\/medicina.udd.cl\/icim\/files\/2022\/11\/ceps-proyecto-fondef-irene-35-87x62.jpg 87w, https:\/\/medicina.udd.cl\/icim\/files\/2022\/11\/ceps-proyecto-fondef-irene-35-1536x1074.jpg 1536w, https:\/\/medicina.udd.cl\/icim\/files\/2022\/11\/ceps-proyecto-fondef-irene-35-2048x1432.jpg 2048w\" sizes=\"auto, (max-width: 2560px) 100vw, 2560px\" \/><\/figure>\n\n\n\n<figure class=\"wp-block-image size-large\"><img loading=\"lazy\" decoding=\"async\" width=\"2560\" height=\"1673\" data-id=\"11107\" src=\"https:\/\/medicina.udd.cl\/icim\/files\/2022\/11\/ceps-proyecto-fondef-irene-46-scaled.jpg\" alt=\"\" class=\"wp-image-11107\" srcset=\"https:\/\/medicina.udd.cl\/icim\/files\/2022\/11\/ceps-proyecto-fondef-irene-46-scaled.jpg 2560w, https:\/\/medicina.udd.cl\/icim\/files\/2022\/11\/ceps-proyecto-fondef-irene-46-300x196.jpg 300w, https:\/\/medicina.udd.cl\/icim\/files\/2022\/11\/ceps-proyecto-fondef-irene-46-1024x669.jpg 1024w, https:\/\/medicina.udd.cl\/icim\/files\/2022\/11\/ceps-proyecto-fondef-irene-46-768x502.jpg 768w, https:\/\/medicina.udd.cl\/icim\/files\/2022\/11\/ceps-proyecto-fondef-irene-46-1536x1004.jpg 1536w, https:\/\/medicina.udd.cl\/icim\/files\/2022\/11\/ceps-proyecto-fondef-irene-46-2048x1339.jpg 2048w\" sizes=\"auto, (max-width: 2560px) 100vw, 2560px\" \/><\/figure>\n\n\n\n<figure class=\"wp-block-image size-large\"><img loading=\"lazy\" decoding=\"async\" width=\"2560\" height=\"1788\" data-id=\"11106\" src=\"https:\/\/medicina.udd.cl\/icim\/files\/2022\/11\/ceps-proyecto-fondef-irene-45-scaled.jpg\" alt=\"\" class=\"wp-image-11106\" srcset=\"https:\/\/medicina.udd.cl\/icim\/files\/2022\/11\/ceps-proyecto-fondef-irene-45-scaled.jpg 2560w, https:\/\/medicina.udd.cl\/icim\/files\/2022\/11\/ceps-proyecto-fondef-irene-45-300x210.jpg 300w, https:\/\/medicina.udd.cl\/icim\/files\/2022\/11\/ceps-proyecto-fondef-irene-45-1024x715.jpg 1024w, https:\/\/medicina.udd.cl\/icim\/files\/2022\/11\/ceps-proyecto-fondef-irene-45-768x536.jpg 768w, https:\/\/medicina.udd.cl\/icim\/files\/2022\/11\/ceps-proyecto-fondef-irene-45-87x62.jpg 87w, https:\/\/medicina.udd.cl\/icim\/files\/2022\/11\/ceps-proyecto-fondef-irene-45-1536x1073.jpg 1536w, https:\/\/medicina.udd.cl\/icim\/files\/2022\/11\/ceps-proyecto-fondef-irene-45-2048x1430.jpg 2048w\" sizes=\"auto, (max-width: 2560px) 100vw, 2560px\" \/><\/figure>\n\n\n\n<figure class=\"wp-block-image size-large\"><img loading=\"lazy\" decoding=\"async\" width=\"2560\" height=\"1909\" data-id=\"11105\" src=\"https:\/\/medicina.udd.cl\/icim\/files\/2022\/11\/ceps-proyecto-fondef-irene-42-scaled.jpg\" alt=\"\" class=\"wp-image-11105\" srcset=\"https:\/\/medicina.udd.cl\/icim\/files\/2022\/11\/ceps-proyecto-fondef-irene-42-scaled.jpg 2560w, https:\/\/medicina.udd.cl\/icim\/files\/2022\/11\/ceps-proyecto-fondef-irene-42-300x224.jpg 300w, https:\/\/medicina.udd.cl\/icim\/files\/2022\/11\/ceps-proyecto-fondef-irene-42-1024x764.jpg 1024w, https:\/\/medicina.udd.cl\/icim\/files\/2022\/11\/ceps-proyecto-fondef-irene-42-768x573.jpg 768w, https:\/\/medicina.udd.cl\/icim\/files\/2022\/11\/ceps-proyecto-fondef-irene-42-1536x1146.jpg 1536w, https:\/\/medicina.udd.cl\/icim\/files\/2022\/11\/ceps-proyecto-fondef-irene-42-2048x1527.jpg 2048w\" sizes=\"auto, (max-width: 2560px) 100vw, 2560px\" \/><\/figure>\n\n\n\n<figure class=\"wp-block-image size-large\"><img loading=\"lazy\" decoding=\"async\" width=\"2560\" height=\"1840\" data-id=\"11108\" src=\"https:\/\/medicina.udd.cl\/icim\/files\/2022\/11\/ceps-proyecto-fondef-irene-56-scaled.jpg\" alt=\"\" class=\"wp-image-11108\" srcset=\"https:\/\/medicina.udd.cl\/icim\/files\/2022\/11\/ceps-proyecto-fondef-irene-56-scaled.jpg 2560w, https:\/\/medicina.udd.cl\/icim\/files\/2022\/11\/ceps-proyecto-fondef-irene-56-300x216.jpg 300w, https:\/\/medicina.udd.cl\/icim\/files\/2022\/11\/ceps-proyecto-fondef-irene-56-1024x736.jpg 1024w, https:\/\/medicina.udd.cl\/icim\/files\/2022\/11\/ceps-proyecto-fondef-irene-56-768x552.jpg 768w, https:\/\/medicina.udd.cl\/icim\/files\/2022\/11\/ceps-proyecto-fondef-irene-56-286x205.jpg 286w, https:\/\/medicina.udd.cl\/icim\/files\/2022\/11\/ceps-proyecto-fondef-irene-56-87x62.jpg 87w, https:\/\/medicina.udd.cl\/icim\/files\/2022\/11\/ceps-proyecto-fondef-irene-56-1536x1104.jpg 1536w, https:\/\/medicina.udd.cl\/icim\/files\/2022\/11\/ceps-proyecto-fondef-irene-56-2048x1472.jpg 2048w\" sizes=\"auto, (max-width: 2560px) 100vw, 2560px\" \/><\/figure>\n\n\n\n<figure class=\"wp-block-image size-large\"><img loading=\"lazy\" decoding=\"async\" width=\"2560\" height=\"1707\" data-id=\"11101\" src=\"https:\/\/medicina.udd.cl\/icim\/files\/2022\/11\/ceps-proyecto-fondef-irene-30-scaled.jpg\" alt=\"\" class=\"wp-image-11101\" srcset=\"https:\/\/medicina.udd.cl\/icim\/files\/2022\/11\/ceps-proyecto-fondef-irene-30-scaled.jpg 2560w, https:\/\/medicina.udd.cl\/icim\/files\/2022\/11\/ceps-proyecto-fondef-irene-30-300x200.jpg 300w, https:\/\/medicina.udd.cl\/icim\/files\/2022\/11\/ceps-proyecto-fondef-irene-30-1024x683.jpg 1024w, https:\/\/medicina.udd.cl\/icim\/files\/2022\/11\/ceps-proyecto-fondef-irene-30-768x512.jpg 768w, https:\/\/medicina.udd.cl\/icim\/files\/2022\/11\/ceps-proyecto-fondef-irene-30-1536x1024.jpg 1536w, https:\/\/medicina.udd.cl\/icim\/files\/2022\/11\/ceps-proyecto-fondef-irene-30-2048x1365.jpg 2048w\" sizes=\"auto, (max-width: 2560px) 100vw, 2560px\" \/><\/figure>\n<\/figure>\n","protected":false},"excerpt":{"rendered":"<p>Este 17 de noviembre, se present\u00f3 en el campus Rector Ernesto Silva Bafalluy de la Universidad del Desarrollo, el Proyecto FONDEF ID19I10319, denominado&nbsp;\u201cOptimizaci\u00f3n de la capacidad predictiva del Examen de Medicina Preventiva del Adulto Mayor (EMPAM) a trav\u00e9s del desarrollo de una herramienta digital y el uso de machine learning\u201d,&nbsp;investigaci\u00f3n desarrollada por el Centro de [&hellip;]<\/p>\n","protected":false},"author":9192219,"featured_media":11103,"comment_status":"open","ping_status":"open","sticky":false,"template":"","format":"standard","meta":{"footnotes":""},"categories":[4],"tags":[],"class_list":["post-11097","post","type-post","status-publish","format-standard","has-post-thumbnail","hentry","category-noticias"],"yoast_head":"<!-- This site is optimized with the Yoast SEO plugin v26.9 - https:\/\/yoast.com\/product\/yoast-seo-wordpress\/ -->\n<title>Presentan Proyecto FONDEF IDeA \u201cOptimizaci\u00f3n de la capacidad predictiva del Examen de Medicina Preventiva del Adulto Mayor\u201d - ICIM<\/title>\n<meta name=\"robots\" content=\"index, follow, max-snippet:-1, max-image-preview:large, max-video-preview:-1\" \/>\n<link rel=\"canonical\" href=\"https:\/\/medicina.udd.cl\/icim\/2022\/11\/18\/presentan-proyecto-fondef-idea-optimizacion-de-la-capacidad-predictiva-del-examen-de-medicina-preventiva-del-adulto-mayor\/\" \/>\n<meta property=\"og:locale\" content=\"es_ES\" \/>\n<meta property=\"og:type\" content=\"article\" \/>\n<meta property=\"og:title\" content=\"Presentan Proyecto FONDEF IDeA \u201cOptimizaci\u00f3n de la capacidad predictiva del Examen de Medicina Preventiva del Adulto Mayor\u201d - ICIM\" \/>\n<meta property=\"og:description\" content=\"Este 17 de noviembre, se present\u00f3 en el campus Rector Ernesto Silva Bafalluy de la Universidad del Desarrollo, el Proyecto FONDEF ID19I10319, denominado&nbsp;\u201cOptimizaci\u00f3n de la capacidad predictiva del Examen de Medicina Preventiva del Adulto Mayor (EMPAM) a trav\u00e9s del desarrollo de una herramienta digital y el uso de machine learning\u201d,&nbsp;investigaci\u00f3n desarrollada por el Centro de [&hellip;]\" \/>\n<meta property=\"og:url\" content=\"https:\/\/medicina.udd.cl\/icim\/2022\/11\/18\/presentan-proyecto-fondef-idea-optimizacion-de-la-capacidad-predictiva-del-examen-de-medicina-preventiva-del-adulto-mayor\/\" \/>\n<meta property=\"og:site_name\" content=\"ICIM\" \/>\n<meta property=\"article:published_time\" content=\"2022-11-18T20:49:50+00:00\" \/>\n<meta property=\"article:modified_time\" content=\"2022-11-18T20:49:51+00:00\" \/>\n<meta property=\"og:image\" content=\"https:\/\/medicina.udd.cl\/icim\/files\/2022\/11\/ceps-proyecto-fondef-irene-36-scaled.jpg\" \/>\n\t<meta property=\"og:image:width\" content=\"2560\" \/>\n\t<meta property=\"og:image:height\" content=\"1791\" \/>\n\t<meta property=\"og:image:type\" content=\"image\/jpeg\" \/>\n<meta name=\"author\" content=\"rbraidy\" \/>\n<meta name=\"twitter:card\" content=\"summary_large_image\" \/>\n<meta name=\"twitter:label1\" content=\"Escrito por\" \/>\n\t<meta name=\"twitter:data1\" content=\"rbraidy\" \/>\n\t<meta name=\"twitter:label2\" content=\"Tiempo de lectura\" \/>\n\t<meta name=\"twitter:data2\" content=\"6 minutos\" \/>\n<script type=\"application\/ld+json\" class=\"yoast-schema-graph\">{\"@context\":\"https:\/\/schema.org\",\"@graph\":[{\"@type\":\"Article\",\"@id\":\"https:\/\/medicina.udd.cl\/icim\/2022\/11\/18\/presentan-proyecto-fondef-idea-optimizacion-de-la-capacidad-predictiva-del-examen-de-medicina-preventiva-del-adulto-mayor\/#article\",\"isPartOf\":{\"@id\":\"https:\/\/medicina.udd.cl\/icim\/2022\/11\/18\/presentan-proyecto-fondef-idea-optimizacion-de-la-capacidad-predictiva-del-examen-de-medicina-preventiva-del-adulto-mayor\/\"},\"author\":{\"name\":\"rbraidy\",\"@id\":\"https:\/\/medicina.udd.cl\/icim\/#\/schema\/person\/dbc3705bf3a93e8be1ba6de0ef950341\"},\"headline\":\"Presentan Proyecto FONDEF IDeA \u201cOptimizaci\u00f3n de la capacidad predictiva del Examen de Medicina Preventiva del Adulto Mayor\u201d\",\"datePublished\":\"2022-11-18T20:49:50+00:00\",\"dateModified\":\"2022-11-18T20:49:51+00:00\",\"mainEntityOfPage\":{\"@id\":\"https:\/\/medicina.udd.cl\/icim\/2022\/11\/18\/presentan-proyecto-fondef-idea-optimizacion-de-la-capacidad-predictiva-del-examen-de-medicina-preventiva-del-adulto-mayor\/\"},\"wordCount\":849,\"commentCount\":0,\"image\":{\"@id\":\"https:\/\/medicina.udd.cl\/icim\/2022\/11\/18\/presentan-proyecto-fondef-idea-optimizacion-de-la-capacidad-predictiva-del-examen-de-medicina-preventiva-del-adulto-mayor\/#primaryimage\"},\"thumbnailUrl\":\"https:\/\/medicina.udd.cl\/icim\/files\/2022\/11\/ceps-proyecto-fondef-irene-36-scaled.jpg\",\"articleSection\":[\"Noticias\"],\"inLanguage\":\"es\",\"potentialAction\":[{\"@type\":\"CommentAction\",\"name\":\"Comment\",\"target\":[\"https:\/\/medicina.udd.cl\/icim\/2022\/11\/18\/presentan-proyecto-fondef-idea-optimizacion-de-la-capacidad-predictiva-del-examen-de-medicina-preventiva-del-adulto-mayor\/#respond\"]}]},{\"@type\":\"WebPage\",\"@id\":\"https:\/\/medicina.udd.cl\/icim\/2022\/11\/18\/presentan-proyecto-fondef-idea-optimizacion-de-la-capacidad-predictiva-del-examen-de-medicina-preventiva-del-adulto-mayor\/\",\"url\":\"https:\/\/medicina.udd.cl\/icim\/2022\/11\/18\/presentan-proyecto-fondef-idea-optimizacion-de-la-capacidad-predictiva-del-examen-de-medicina-preventiva-del-adulto-mayor\/\",\"name\":\"Presentan Proyecto FONDEF IDeA \u201cOptimizaci\u00f3n de la capacidad predictiva del Examen de Medicina Preventiva del Adulto Mayor\u201d - ICIM\",\"isPartOf\":{\"@id\":\"https:\/\/medicina.udd.cl\/icim\/#website\"},\"primaryImageOfPage\":{\"@id\":\"https:\/\/medicina.udd.cl\/icim\/2022\/11\/18\/presentan-proyecto-fondef-idea-optimizacion-de-la-capacidad-predictiva-del-examen-de-medicina-preventiva-del-adulto-mayor\/#primaryimage\"},\"image\":{\"@id\":\"https:\/\/medicina.udd.cl\/icim\/2022\/11\/18\/presentan-proyecto-fondef-idea-optimizacion-de-la-capacidad-predictiva-del-examen-de-medicina-preventiva-del-adulto-mayor\/#primaryimage\"},\"thumbnailUrl\":\"https:\/\/medicina.udd.cl\/icim\/files\/2022\/11\/ceps-proyecto-fondef-irene-36-scaled.jpg\",\"datePublished\":\"2022-11-18T20:49:50+00:00\",\"dateModified\":\"2022-11-18T20:49:51+00:00\",\"author\":{\"@id\":\"https:\/\/medicina.udd.cl\/icim\/#\/schema\/person\/dbc3705bf3a93e8be1ba6de0ef950341\"},\"breadcrumb\":{\"@id\":\"https:\/\/medicina.udd.cl\/icim\/2022\/11\/18\/presentan-proyecto-fondef-idea-optimizacion-de-la-capacidad-predictiva-del-examen-de-medicina-preventiva-del-adulto-mayor\/#breadcrumb\"},\"inLanguage\":\"es\",\"potentialAction\":[{\"@type\":\"ReadAction\",\"target\":[\"https:\/\/medicina.udd.cl\/icim\/2022\/11\/18\/presentan-proyecto-fondef-idea-optimizacion-de-la-capacidad-predictiva-del-examen-de-medicina-preventiva-del-adulto-mayor\/\"]}]},{\"@type\":\"ImageObject\",\"inLanguage\":\"es\",\"@id\":\"https:\/\/medicina.udd.cl\/icim\/2022\/11\/18\/presentan-proyecto-fondef-idea-optimizacion-de-la-capacidad-predictiva-del-examen-de-medicina-preventiva-del-adulto-mayor\/#primaryimage\",\"url\":\"https:\/\/medicina.udd.cl\/icim\/files\/2022\/11\/ceps-proyecto-fondef-irene-36-scaled.jpg\",\"contentUrl\":\"https:\/\/medicina.udd.cl\/icim\/files\/2022\/11\/ceps-proyecto-fondef-irene-36-scaled.jpg\",\"width\":2560,\"height\":1791},{\"@type\":\"BreadcrumbList\",\"@id\":\"https:\/\/medicina.udd.cl\/icim\/2022\/11\/18\/presentan-proyecto-fondef-idea-optimizacion-de-la-capacidad-predictiva-del-examen-de-medicina-preventiva-del-adulto-mayor\/#breadcrumb\",\"itemListElement\":[{\"@type\":\"ListItem\",\"position\":1,\"name\":\"Inicio\",\"item\":\"https:\/\/medicina.udd.cl\/icim\/\"},{\"@type\":\"ListItem\",\"position\":2,\"name\":\"Presentan Proyecto FONDEF IDeA \u201cOptimizaci\u00f3n de la capacidad predictiva del Examen de Medicina Preventiva del Adulto Mayor\u201d\"}]},{\"@type\":\"WebSite\",\"@id\":\"https:\/\/medicina.udd.cl\/icim\/#website\",\"url\":\"https:\/\/medicina.udd.cl\/icim\/\",\"name\":\"ICIM\",\"description\":\"Una iniciativa de Universidad del Desarrollo y Cl\u00ednica Alemana\",\"inLanguage\":\"es\"},{\"@type\":\"Person\",\"@id\":\"https:\/\/medicina.udd.cl\/icim\/#\/schema\/person\/dbc3705bf3a93e8be1ba6de0ef950341\",\"name\":\"rbraidy\",\"image\":{\"@type\":\"ImageObject\",\"inLanguage\":\"es\",\"@id\":\"https:\/\/medicina.udd.cl\/icim\/#\/schema\/person\/image\/\",\"url\":\"https:\/\/secure.gravatar.com\/avatar\/0f8bc94637401590e45d2ce17eb65c274cb8870a219de6177f3f23e63fd8cdf3?s=96&d=mm&r=g\",\"contentUrl\":\"https:\/\/secure.gravatar.com\/avatar\/0f8bc94637401590e45d2ce17eb65c274cb8870a219de6177f3f23e63fd8cdf3?s=96&d=mm&r=g\",\"caption\":\"rbraidy\"},\"url\":\"https:\/\/medicina.udd.cl\/icim\/author\/rbraidy\/\"}]}<\/script>\n<!-- \/ Yoast SEO plugin. -->","yoast_head_json":{"title":"Presentan Proyecto FONDEF IDeA \u201cOptimizaci\u00f3n de la capacidad predictiva del Examen de Medicina Preventiva del Adulto Mayor\u201d - ICIM","robots":{"index":"index","follow":"follow","max-snippet":"max-snippet:-1","max-image-preview":"max-image-preview:large","max-video-preview":"max-video-preview:-1"},"canonical":"https:\/\/medicina.udd.cl\/icim\/2022\/11\/18\/presentan-proyecto-fondef-idea-optimizacion-de-la-capacidad-predictiva-del-examen-de-medicina-preventiva-del-adulto-mayor\/","og_locale":"es_ES","og_type":"article","og_title":"Presentan Proyecto FONDEF IDeA \u201cOptimizaci\u00f3n de la capacidad predictiva del Examen de Medicina Preventiva del Adulto Mayor\u201d - ICIM","og_description":"Este 17 de noviembre, se present\u00f3 en el campus Rector Ernesto Silva Bafalluy de la Universidad del Desarrollo, el Proyecto FONDEF ID19I10319, denominado&nbsp;\u201cOptimizaci\u00f3n de la capacidad predictiva del Examen de Medicina Preventiva del Adulto Mayor (EMPAM) a trav\u00e9s del desarrollo de una herramienta digital y el uso de machine learning\u201d,&nbsp;investigaci\u00f3n desarrollada por el Centro de [&hellip;]","og_url":"https:\/\/medicina.udd.cl\/icim\/2022\/11\/18\/presentan-proyecto-fondef-idea-optimizacion-de-la-capacidad-predictiva-del-examen-de-medicina-preventiva-del-adulto-mayor\/","og_site_name":"ICIM","article_published_time":"2022-11-18T20:49:50+00:00","article_modified_time":"2022-11-18T20:49:51+00:00","og_image":[{"width":2560,"height":1791,"url":"https:\/\/medicina.udd.cl\/icim\/files\/2022\/11\/ceps-proyecto-fondef-irene-36-scaled.jpg","type":"image\/jpeg"}],"author":"rbraidy","twitter_card":"summary_large_image","twitter_misc":{"Escrito por":"rbraidy","Tiempo de lectura":"6 minutos"},"schema":{"@context":"https:\/\/schema.org","@graph":[{"@type":"Article","@id":"https:\/\/medicina.udd.cl\/icim\/2022\/11\/18\/presentan-proyecto-fondef-idea-optimizacion-de-la-capacidad-predictiva-del-examen-de-medicina-preventiva-del-adulto-mayor\/#article","isPartOf":{"@id":"https:\/\/medicina.udd.cl\/icim\/2022\/11\/18\/presentan-proyecto-fondef-idea-optimizacion-de-la-capacidad-predictiva-del-examen-de-medicina-preventiva-del-adulto-mayor\/"},"author":{"name":"rbraidy","@id":"https:\/\/medicina.udd.cl\/icim\/#\/schema\/person\/dbc3705bf3a93e8be1ba6de0ef950341"},"headline":"Presentan Proyecto FONDEF IDeA \u201cOptimizaci\u00f3n de la capacidad predictiva del Examen de Medicina Preventiva del Adulto Mayor\u201d","datePublished":"2022-11-18T20:49:50+00:00","dateModified":"2022-11-18T20:49:51+00:00","mainEntityOfPage":{"@id":"https:\/\/medicina.udd.cl\/icim\/2022\/11\/18\/presentan-proyecto-fondef-idea-optimizacion-de-la-capacidad-predictiva-del-examen-de-medicina-preventiva-del-adulto-mayor\/"},"wordCount":849,"commentCount":0,"image":{"@id":"https:\/\/medicina.udd.cl\/icim\/2022\/11\/18\/presentan-proyecto-fondef-idea-optimizacion-de-la-capacidad-predictiva-del-examen-de-medicina-preventiva-del-adulto-mayor\/#primaryimage"},"thumbnailUrl":"https:\/\/medicina.udd.cl\/icim\/files\/2022\/11\/ceps-proyecto-fondef-irene-36-scaled.jpg","articleSection":["Noticias"],"inLanguage":"es","potentialAction":[{"@type":"CommentAction","name":"Comment","target":["https:\/\/medicina.udd.cl\/icim\/2022\/11\/18\/presentan-proyecto-fondef-idea-optimizacion-de-la-capacidad-predictiva-del-examen-de-medicina-preventiva-del-adulto-mayor\/#respond"]}]},{"@type":"WebPage","@id":"https:\/\/medicina.udd.cl\/icim\/2022\/11\/18\/presentan-proyecto-fondef-idea-optimizacion-de-la-capacidad-predictiva-del-examen-de-medicina-preventiva-del-adulto-mayor\/","url":"https:\/\/medicina.udd.cl\/icim\/2022\/11\/18\/presentan-proyecto-fondef-idea-optimizacion-de-la-capacidad-predictiva-del-examen-de-medicina-preventiva-del-adulto-mayor\/","name":"Presentan Proyecto FONDEF IDeA \u201cOptimizaci\u00f3n de la capacidad predictiva del Examen de Medicina Preventiva del Adulto Mayor\u201d - ICIM","isPartOf":{"@id":"https:\/\/medicina.udd.cl\/icim\/#website"},"primaryImageOfPage":{"@id":"https:\/\/medicina.udd.cl\/icim\/2022\/11\/18\/presentan-proyecto-fondef-idea-optimizacion-de-la-capacidad-predictiva-del-examen-de-medicina-preventiva-del-adulto-mayor\/#primaryimage"},"image":{"@id":"https:\/\/medicina.udd.cl\/icim\/2022\/11\/18\/presentan-proyecto-fondef-idea-optimizacion-de-la-capacidad-predictiva-del-examen-de-medicina-preventiva-del-adulto-mayor\/#primaryimage"},"thumbnailUrl":"https:\/\/medicina.udd.cl\/icim\/files\/2022\/11\/ceps-proyecto-fondef-irene-36-scaled.jpg","datePublished":"2022-11-18T20:49:50+00:00","dateModified":"2022-11-18T20:49:51+00:00","author":{"@id":"https:\/\/medicina.udd.cl\/icim\/#\/schema\/person\/dbc3705bf3a93e8be1ba6de0ef950341"},"breadcrumb":{"@id":"https:\/\/medicina.udd.cl\/icim\/2022\/11\/18\/presentan-proyecto-fondef-idea-optimizacion-de-la-capacidad-predictiva-del-examen-de-medicina-preventiva-del-adulto-mayor\/#breadcrumb"},"inLanguage":"es","potentialAction":[{"@type":"ReadAction","target":["https:\/\/medicina.udd.cl\/icim\/2022\/11\/18\/presentan-proyecto-fondef-idea-optimizacion-de-la-capacidad-predictiva-del-examen-de-medicina-preventiva-del-adulto-mayor\/"]}]},{"@type":"ImageObject","inLanguage":"es","@id":"https:\/\/medicina.udd.cl\/icim\/2022\/11\/18\/presentan-proyecto-fondef-idea-optimizacion-de-la-capacidad-predictiva-del-examen-de-medicina-preventiva-del-adulto-mayor\/#primaryimage","url":"https:\/\/medicina.udd.cl\/icim\/files\/2022\/11\/ceps-proyecto-fondef-irene-36-scaled.jpg","contentUrl":"https:\/\/medicina.udd.cl\/icim\/files\/2022\/11\/ceps-proyecto-fondef-irene-36-scaled.jpg","width":2560,"height":1791},{"@type":"BreadcrumbList","@id":"https:\/\/medicina.udd.cl\/icim\/2022\/11\/18\/presentan-proyecto-fondef-idea-optimizacion-de-la-capacidad-predictiva-del-examen-de-medicina-preventiva-del-adulto-mayor\/#breadcrumb","itemListElement":[{"@type":"ListItem","position":1,"name":"Inicio","item":"https:\/\/medicina.udd.cl\/icim\/"},{"@type":"ListItem","position":2,"name":"Presentan Proyecto FONDEF IDeA \u201cOptimizaci\u00f3n de la capacidad predictiva del Examen de Medicina Preventiva del Adulto Mayor\u201d"}]},{"@type":"WebSite","@id":"https:\/\/medicina.udd.cl\/icim\/#website","url":"https:\/\/medicina.udd.cl\/icim\/","name":"ICIM","description":"Una iniciativa de Universidad del Desarrollo y Cl\u00ednica Alemana","inLanguage":"es"},{"@type":"Person","@id":"https:\/\/medicina.udd.cl\/icim\/#\/schema\/person\/dbc3705bf3a93e8be1ba6de0ef950341","name":"rbraidy","image":{"@type":"ImageObject","inLanguage":"es","@id":"https:\/\/medicina.udd.cl\/icim\/#\/schema\/person\/image\/","url":"https:\/\/secure.gravatar.com\/avatar\/0f8bc94637401590e45d2ce17eb65c274cb8870a219de6177f3f23e63fd8cdf3?s=96&d=mm&r=g","contentUrl":"https:\/\/secure.gravatar.com\/avatar\/0f8bc94637401590e45d2ce17eb65c274cb8870a219de6177f3f23e63fd8cdf3?s=96&d=mm&r=g","caption":"rbraidy"},"url":"https:\/\/medicina.udd.cl\/icim\/author\/rbraidy\/"}]}},"featured_image_url":"https:\/\/medicina.udd.cl\/icim\/files\/2022\/11\/ceps-proyecto-fondef-irene-36-scaled.jpg","_links":{"self":[{"href":"https:\/\/medicina.udd.cl\/icim\/wp-json\/wp\/v2\/posts\/11097","targetHints":{"allow":["GET"]}}],"collection":[{"href":"https:\/\/medicina.udd.cl\/icim\/wp-json\/wp\/v2\/posts"}],"about":[{"href":"https:\/\/medicina.udd.cl\/icim\/wp-json\/wp\/v2\/types\/post"}],"author":[{"embeddable":true,"href":"https:\/\/medicina.udd.cl\/icim\/wp-json\/wp\/v2\/users\/9192219"}],"replies":[{"embeddable":true,"href":"https:\/\/medicina.udd.cl\/icim\/wp-json\/wp\/v2\/comments?post=11097"}],"version-history":[{"count":1,"href":"https:\/\/medicina.udd.cl\/icim\/wp-json\/wp\/v2\/posts\/11097\/revisions"}],"predecessor-version":[{"id":11109,"href":"https:\/\/medicina.udd.cl\/icim\/wp-json\/wp\/v2\/posts\/11097\/revisions\/11109"}],"wp:featuredmedia":[{"embeddable":true,"href":"https:\/\/medicina.udd.cl\/icim\/wp-json\/wp\/v2\/media\/11103"}],"wp:attachment":[{"href":"https:\/\/medicina.udd.cl\/icim\/wp-json\/wp\/v2\/media?parent=11097"}],"wp:term":[{"taxonomy":"category","embeddable":true,"href":"https:\/\/medicina.udd.cl\/icim\/wp-json\/wp\/v2\/categories?post=11097"},{"taxonomy":"post_tag","embeddable":true,"href":"https:\/\/medicina.udd.cl\/icim\/wp-json\/wp\/v2\/tags?post=11097"}],"curies":[{"name":"wp","href":"https:\/\/api.w.org\/{rel}","templated":true}]}}