{"id":11156,"date":"2022-12-06T09:23:00","date_gmt":"2022-12-06T12:23:00","guid":{"rendered":"https:\/\/medicina.udd.cl\/icim\/?p=11156"},"modified":"2022-12-07T09:25:19","modified_gmt":"2022-12-07T12:25:19","slug":"investigadora-del-icim-udd-expuso-en-el-foro-global-de-bioetica-en-investigacion","status":"publish","type":"post","link":"https:\/\/medicina.udd.cl\/icim\/2022\/12\/06\/investigadora-del-icim-udd-expuso-en-el-foro-global-de-bioetica-en-investigacion\/","title":{"rendered":"Investigadora del ICIM-UDD expuso en el Foro Global de Bio\u00e9tica en Investigaci\u00f3n"},"content":{"rendered":"\n<p><strong><em>El encuentro se realiz\u00f3 en Ciudad del Cabo, Sud\u00e1frica, y cont\u00f3 con la participaci\u00f3n de aproximadamente 85 expertos internacionales, provenientes de 30 pa\u00edses.<\/em><\/strong><\/p>\n\n\n\n<figure class=\"wp-block-gallery has-nested-images columns-default is-cropped wp-block-gallery-1 is-layout-flex wp-block-gallery-is-layout-flex\">\n<figure class=\"wp-block-image size-large\"><img loading=\"lazy\" decoding=\"async\" width=\"898\" height=\"654\" data-id=\"11157\" src=\"https:\/\/medicina.udd.cl\/icim\/files\/2022\/12\/sofiasalas-surafrica.png\" alt=\"\" class=\"wp-image-11157\" srcset=\"https:\/\/medicina.udd.cl\/icim\/files\/2022\/12\/sofiasalas-surafrica.png 898w, https:\/\/medicina.udd.cl\/icim\/files\/2022\/12\/sofiasalas-surafrica-300x218.png 300w, https:\/\/medicina.udd.cl\/icim\/files\/2022\/12\/sofiasalas-surafrica-768x559.png 768w, https:\/\/medicina.udd.cl\/icim\/files\/2022\/12\/sofiasalas-surafrica-87x62.png 87w\" sizes=\"auto, (max-width: 898px) 100vw, 898px\" \/><figcaption>Dra. Sof\u00eda Salas<\/figcaption><\/figure>\n\n\n\n<figure class=\"wp-block-image size-large\"><img loading=\"lazy\" decoding=\"async\" width=\"1024\" height=\"681\" data-id=\"11158\" src=\"https:\/\/medicina.udd.cl\/icim\/files\/2022\/12\/sofiasalas-surafrica2-1024x681.png\" alt=\"\" class=\"wp-image-11158\" srcset=\"https:\/\/medicina.udd.cl\/icim\/files\/2022\/12\/sofiasalas-surafrica2-1024x681.png 1024w, https:\/\/medicina.udd.cl\/icim\/files\/2022\/12\/sofiasalas-surafrica2-300x200.png 300w, https:\/\/medicina.udd.cl\/icim\/files\/2022\/12\/sofiasalas-surafrica2-768x511.png 768w, https:\/\/medicina.udd.cl\/icim\/files\/2022\/12\/sofiasalas-surafrica2.png 1536w\" sizes=\"auto, (max-width: 1024px) 100vw, 1024px\" \/><\/figure>\n<\/figure>\n\n\n\n<p>La docente investigadora del Centro de Bio\u00e9tica del Instituto de Ciencias e Innovaci\u00f3n en Medicina de la Facultad de Medicina Cl\u00ednica Alemana Universidad del Desarrollo, Dra. Sof\u00eda Salas, particip\u00f3 en el Foro Global de Bio\u00e9tica en Investigaci\u00f3n, el cual se realiz\u00f3 en Ciudad del Cabo, Sud\u00e1frica, los d\u00edas 29 y 30 de noviembre. El evento cont\u00f3 con la asistencia de aproximadamente 85 especialistas internacionales, provenientes de 30 pa\u00edses (13 de los cuales eran del continente africano).<\/p>\n\n\n\n<p>Este a\u00f1o el encuentro estuvo enfocado en el tema de la Inteligencia Artificial (IA) y sus usos con fines de investigaci\u00f3n, considerando que la IA es una herramienta que est\u00e1 siendo usada intensamente en diversos proyectos, seg\u00fan explic\u00f3 la Dra. Salas, \u201cpero no todos los pa\u00edses cuentan con regulaciones actualizadas, ni los miembros de los Comit\u00e9s \u00c9tico Cient\u00edficos, que revisan y supervisan los proyectos de investigaci\u00f3n, cuentan con las competencias suficientes para realizar dicha evaluaci\u00f3n\u201d.<\/p>\n\n\n\n<p>En esta oportunidad, la docente expuso sobre el tema How to translate universal principles to local realities: The Chilean experience in AI. Dado que la modalidad utilizada en su presentaci\u00f3n fue de \u201cPecha Kucha\u201d (20 diapositivas que van cambiando cada 20 segundos), la Dra. Salas incluy\u00f3 una diapositiva -entregada por la investigadora del ICIM, Iris Delgado-, que da cuenta c\u00f3mo el Proyecto Irene Salud us\u00f3 estrategias de IA y \u201c<em>machine learning<\/em>\u201d para el procesamiento de datos, lo que fue muy bien recibido por los asistentes, puesto que es una evidencia pr\u00e1ctica del uso de estas innovadoras herramientas en este medio.<\/p>\n\n\n\n<p><em>\u201cComo ha sido tradici\u00f3n en estos Foros, a los que asisto desde el 2015, el n\u00famero relativamente peque\u00f1o de asistentes permiti\u00f3 un rico intercambio de ideas y se generaron instancias de discusi\u00f3n grupal, donde compartimos muchas experiencias. Asimismo, en cada encuentro se hizo un balance entre nuevos asistentes y otros antiguos, lo que foment\u00f3 el aprendizaje entre pares\u201d<\/em>, destac\u00f3 la investigadora del Centro de Bio\u00e9tica.<\/p>\n","protected":false},"excerpt":{"rendered":"<p>El encuentro se realiz\u00f3 en Ciudad del Cabo, Sud\u00e1frica, y cont\u00f3 con la participaci\u00f3n de aproximadamente 85 expertos internacionales, provenientes de 30 pa\u00edses. La docente investigadora del Centro de Bio\u00e9tica del Instituto de Ciencias e Innovaci\u00f3n en Medicina de la Facultad de Medicina Cl\u00ednica Alemana Universidad del Desarrollo, Dra. Sof\u00eda Salas, particip\u00f3 en el Foro [&hellip;]<\/p>\n","protected":false},"author":9192219,"featured_media":11157,"comment_status":"open","ping_status":"open","sticky":false,"template":"","format":"standard","meta":{"footnotes":""},"categories":[4],"tags":[],"class_list":["post-11156","post","type-post","status-publish","format-standard","has-post-thumbnail","hentry","category-noticias"],"yoast_head":"<!-- This site is optimized with the Yoast SEO plugin v26.9 - https:\/\/yoast.com\/product\/yoast-seo-wordpress\/ -->\n<title>Investigadora del ICIM-UDD expuso en el Foro Global de Bio\u00e9tica en Investigaci\u00f3n - ICIM<\/title>\n<meta name=\"robots\" content=\"index, follow, max-snippet:-1, max-image-preview:large, max-video-preview:-1\" \/>\n<link rel=\"canonical\" href=\"https:\/\/medicina.udd.cl\/icim\/2022\/12\/06\/investigadora-del-icim-udd-expuso-en-el-foro-global-de-bioetica-en-investigacion\/\" \/>\n<meta property=\"og:locale\" content=\"es_ES\" \/>\n<meta property=\"og:type\" content=\"article\" \/>\n<meta property=\"og:title\" content=\"Investigadora del ICIM-UDD expuso en el Foro Global de Bio\u00e9tica en Investigaci\u00f3n - ICIM\" \/>\n<meta property=\"og:description\" content=\"El encuentro se realiz\u00f3 en Ciudad del Cabo, Sud\u00e1frica, y cont\u00f3 con la participaci\u00f3n de aproximadamente 85 expertos internacionales, provenientes de 30 pa\u00edses. La docente investigadora del Centro de Bio\u00e9tica del Instituto de Ciencias e Innovaci\u00f3n en Medicina de la Facultad de Medicina Cl\u00ednica Alemana Universidad del Desarrollo, Dra. Sof\u00eda Salas, particip\u00f3 en el Foro [&hellip;]\" \/>\n<meta property=\"og:url\" content=\"https:\/\/medicina.udd.cl\/icim\/2022\/12\/06\/investigadora-del-icim-udd-expuso-en-el-foro-global-de-bioetica-en-investigacion\/\" \/>\n<meta property=\"og:site_name\" content=\"ICIM\" \/>\n<meta property=\"article:published_time\" content=\"2022-12-06T12:23:00+00:00\" \/>\n<meta property=\"article:modified_time\" content=\"2022-12-07T12:25:19+00:00\" \/>\n<meta property=\"og:image\" content=\"https:\/\/medicina.udd.cl\/icim\/files\/2022\/12\/sofiasalas-surafrica.png\" \/>\n\t<meta property=\"og:image:width\" content=\"898\" \/>\n\t<meta property=\"og:image:height\" content=\"654\" \/>\n\t<meta property=\"og:image:type\" content=\"image\/png\" \/>\n<meta name=\"author\" content=\"rbraidy\" \/>\n<meta name=\"twitter:card\" content=\"summary_large_image\" \/>\n<meta name=\"twitter:label1\" content=\"Escrito por\" \/>\n\t<meta name=\"twitter:data1\" content=\"rbraidy\" \/>\n\t<meta name=\"twitter:label2\" content=\"Tiempo de lectura\" \/>\n\t<meta name=\"twitter:data2\" content=\"2 minutos\" \/>\n<script type=\"application\/ld+json\" class=\"yoast-schema-graph\">{\"@context\":\"https:\/\/schema.org\",\"@graph\":[{\"@type\":\"Article\",\"@id\":\"https:\/\/medicina.udd.cl\/icim\/2022\/12\/06\/investigadora-del-icim-udd-expuso-en-el-foro-global-de-bioetica-en-investigacion\/#article\",\"isPartOf\":{\"@id\":\"https:\/\/medicina.udd.cl\/icim\/2022\/12\/06\/investigadora-del-icim-udd-expuso-en-el-foro-global-de-bioetica-en-investigacion\/\"},\"author\":{\"name\":\"rbraidy\",\"@id\":\"https:\/\/medicina.udd.cl\/icim\/#\/schema\/person\/dbc3705bf3a93e8be1ba6de0ef950341\"},\"headline\":\"Investigadora del ICIM-UDD expuso en el Foro Global de Bio\u00e9tica en Investigaci\u00f3n\",\"datePublished\":\"2022-12-06T12:23:00+00:00\",\"dateModified\":\"2022-12-07T12:25:19+00:00\",\"mainEntityOfPage\":{\"@id\":\"https:\/\/medicina.udd.cl\/icim\/2022\/12\/06\/investigadora-del-icim-udd-expuso-en-el-foro-global-de-bioetica-en-investigacion\/\"},\"wordCount\":375,\"commentCount\":0,\"image\":{\"@id\":\"https:\/\/medicina.udd.cl\/icim\/2022\/12\/06\/investigadora-del-icim-udd-expuso-en-el-foro-global-de-bioetica-en-investigacion\/#primaryimage\"},\"thumbnailUrl\":\"https:\/\/medicina.udd.cl\/icim\/files\/2022\/12\/sofiasalas-surafrica.png\",\"articleSection\":[\"Noticias\"],\"inLanguage\":\"es\",\"potentialAction\":[{\"@type\":\"CommentAction\",\"name\":\"Comment\",\"target\":[\"https:\/\/medicina.udd.cl\/icim\/2022\/12\/06\/investigadora-del-icim-udd-expuso-en-el-foro-global-de-bioetica-en-investigacion\/#respond\"]}]},{\"@type\":\"WebPage\",\"@id\":\"https:\/\/medicina.udd.cl\/icim\/2022\/12\/06\/investigadora-del-icim-udd-expuso-en-el-foro-global-de-bioetica-en-investigacion\/\",\"url\":\"https:\/\/medicina.udd.cl\/icim\/2022\/12\/06\/investigadora-del-icim-udd-expuso-en-el-foro-global-de-bioetica-en-investigacion\/\",\"name\":\"Investigadora del ICIM-UDD expuso en el Foro Global de Bio\u00e9tica en Investigaci\u00f3n - ICIM\",\"isPartOf\":{\"@id\":\"https:\/\/medicina.udd.cl\/icim\/#website\"},\"primaryImageOfPage\":{\"@id\":\"https:\/\/medicina.udd.cl\/icim\/2022\/12\/06\/investigadora-del-icim-udd-expuso-en-el-foro-global-de-bioetica-en-investigacion\/#primaryimage\"},\"image\":{\"@id\":\"https:\/\/medicina.udd.cl\/icim\/2022\/12\/06\/investigadora-del-icim-udd-expuso-en-el-foro-global-de-bioetica-en-investigacion\/#primaryimage\"},\"thumbnailUrl\":\"https:\/\/medicina.udd.cl\/icim\/files\/2022\/12\/sofiasalas-surafrica.png\",\"datePublished\":\"2022-12-06T12:23:00+00:00\",\"dateModified\":\"2022-12-07T12:25:19+00:00\",\"author\":{\"@id\":\"https:\/\/medicina.udd.cl\/icim\/#\/schema\/person\/dbc3705bf3a93e8be1ba6de0ef950341\"},\"breadcrumb\":{\"@id\":\"https:\/\/medicina.udd.cl\/icim\/2022\/12\/06\/investigadora-del-icim-udd-expuso-en-el-foro-global-de-bioetica-en-investigacion\/#breadcrumb\"},\"inLanguage\":\"es\",\"potentialAction\":[{\"@type\":\"ReadAction\",\"target\":[\"https:\/\/medicina.udd.cl\/icim\/2022\/12\/06\/investigadora-del-icim-udd-expuso-en-el-foro-global-de-bioetica-en-investigacion\/\"]}]},{\"@type\":\"ImageObject\",\"inLanguage\":\"es\",\"@id\":\"https:\/\/medicina.udd.cl\/icim\/2022\/12\/06\/investigadora-del-icim-udd-expuso-en-el-foro-global-de-bioetica-en-investigacion\/#primaryimage\",\"url\":\"https:\/\/medicina.udd.cl\/icim\/files\/2022\/12\/sofiasalas-surafrica.png\",\"contentUrl\":\"https:\/\/medicina.udd.cl\/icim\/files\/2022\/12\/sofiasalas-surafrica.png\",\"width\":898,\"height\":654},{\"@type\":\"BreadcrumbList\",\"@id\":\"https:\/\/medicina.udd.cl\/icim\/2022\/12\/06\/investigadora-del-icim-udd-expuso-en-el-foro-global-de-bioetica-en-investigacion\/#breadcrumb\",\"itemListElement\":[{\"@type\":\"ListItem\",\"position\":1,\"name\":\"Inicio\",\"item\":\"https:\/\/medicina.udd.cl\/icim\/\"},{\"@type\":\"ListItem\",\"position\":2,\"name\":\"Investigadora del ICIM-UDD expuso en el Foro Global de Bio\u00e9tica en Investigaci\u00f3n\"}]},{\"@type\":\"WebSite\",\"@id\":\"https:\/\/medicina.udd.cl\/icim\/#website\",\"url\":\"https:\/\/medicina.udd.cl\/icim\/\",\"name\":\"ICIM\",\"description\":\"Una iniciativa de Universidad del Desarrollo y Cl\u00ednica Alemana\",\"inLanguage\":\"es\"},{\"@type\":\"Person\",\"@id\":\"https:\/\/medicina.udd.cl\/icim\/#\/schema\/person\/dbc3705bf3a93e8be1ba6de0ef950341\",\"name\":\"rbraidy\",\"image\":{\"@type\":\"ImageObject\",\"inLanguage\":\"es\",\"@id\":\"https:\/\/medicina.udd.cl\/icim\/#\/schema\/person\/image\/\",\"url\":\"https:\/\/secure.gravatar.com\/avatar\/0f8bc94637401590e45d2ce17eb65c274cb8870a219de6177f3f23e63fd8cdf3?s=96&d=mm&r=g\",\"contentUrl\":\"https:\/\/secure.gravatar.com\/avatar\/0f8bc94637401590e45d2ce17eb65c274cb8870a219de6177f3f23e63fd8cdf3?s=96&d=mm&r=g\",\"caption\":\"rbraidy\"},\"url\":\"https:\/\/medicina.udd.cl\/icim\/author\/rbraidy\/\"}]}<\/script>\n<!-- \/ Yoast SEO plugin. -->","yoast_head_json":{"title":"Investigadora del ICIM-UDD expuso en el Foro Global de Bio\u00e9tica en Investigaci\u00f3n - ICIM","robots":{"index":"index","follow":"follow","max-snippet":"max-snippet:-1","max-image-preview":"max-image-preview:large","max-video-preview":"max-video-preview:-1"},"canonical":"https:\/\/medicina.udd.cl\/icim\/2022\/12\/06\/investigadora-del-icim-udd-expuso-en-el-foro-global-de-bioetica-en-investigacion\/","og_locale":"es_ES","og_type":"article","og_title":"Investigadora del ICIM-UDD expuso en el Foro Global de Bio\u00e9tica en Investigaci\u00f3n - ICIM","og_description":"El encuentro se realiz\u00f3 en Ciudad del Cabo, Sud\u00e1frica, y cont\u00f3 con la participaci\u00f3n de aproximadamente 85 expertos internacionales, provenientes de 30 pa\u00edses. La docente investigadora del Centro de Bio\u00e9tica del Instituto de Ciencias e Innovaci\u00f3n en Medicina de la Facultad de Medicina Cl\u00ednica Alemana Universidad del Desarrollo, Dra. Sof\u00eda Salas, particip\u00f3 en el Foro [&hellip;]","og_url":"https:\/\/medicina.udd.cl\/icim\/2022\/12\/06\/investigadora-del-icim-udd-expuso-en-el-foro-global-de-bioetica-en-investigacion\/","og_site_name":"ICIM","article_published_time":"2022-12-06T12:23:00+00:00","article_modified_time":"2022-12-07T12:25:19+00:00","og_image":[{"width":898,"height":654,"url":"https:\/\/medicina.udd.cl\/icim\/files\/2022\/12\/sofiasalas-surafrica.png","type":"image\/png"}],"author":"rbraidy","twitter_card":"summary_large_image","twitter_misc":{"Escrito por":"rbraidy","Tiempo de lectura":"2 minutos"},"schema":{"@context":"https:\/\/schema.org","@graph":[{"@type":"Article","@id":"https:\/\/medicina.udd.cl\/icim\/2022\/12\/06\/investigadora-del-icim-udd-expuso-en-el-foro-global-de-bioetica-en-investigacion\/#article","isPartOf":{"@id":"https:\/\/medicina.udd.cl\/icim\/2022\/12\/06\/investigadora-del-icim-udd-expuso-en-el-foro-global-de-bioetica-en-investigacion\/"},"author":{"name":"rbraidy","@id":"https:\/\/medicina.udd.cl\/icim\/#\/schema\/person\/dbc3705bf3a93e8be1ba6de0ef950341"},"headline":"Investigadora del ICIM-UDD expuso en el Foro Global de Bio\u00e9tica en Investigaci\u00f3n","datePublished":"2022-12-06T12:23:00+00:00","dateModified":"2022-12-07T12:25:19+00:00","mainEntityOfPage":{"@id":"https:\/\/medicina.udd.cl\/icim\/2022\/12\/06\/investigadora-del-icim-udd-expuso-en-el-foro-global-de-bioetica-en-investigacion\/"},"wordCount":375,"commentCount":0,"image":{"@id":"https:\/\/medicina.udd.cl\/icim\/2022\/12\/06\/investigadora-del-icim-udd-expuso-en-el-foro-global-de-bioetica-en-investigacion\/#primaryimage"},"thumbnailUrl":"https:\/\/medicina.udd.cl\/icim\/files\/2022\/12\/sofiasalas-surafrica.png","articleSection":["Noticias"],"inLanguage":"es","potentialAction":[{"@type":"CommentAction","name":"Comment","target":["https:\/\/medicina.udd.cl\/icim\/2022\/12\/06\/investigadora-del-icim-udd-expuso-en-el-foro-global-de-bioetica-en-investigacion\/#respond"]}]},{"@type":"WebPage","@id":"https:\/\/medicina.udd.cl\/icim\/2022\/12\/06\/investigadora-del-icim-udd-expuso-en-el-foro-global-de-bioetica-en-investigacion\/","url":"https:\/\/medicina.udd.cl\/icim\/2022\/12\/06\/investigadora-del-icim-udd-expuso-en-el-foro-global-de-bioetica-en-investigacion\/","name":"Investigadora del ICIM-UDD expuso en el Foro Global de Bio\u00e9tica en Investigaci\u00f3n - ICIM","isPartOf":{"@id":"https:\/\/medicina.udd.cl\/icim\/#website"},"primaryImageOfPage":{"@id":"https:\/\/medicina.udd.cl\/icim\/2022\/12\/06\/investigadora-del-icim-udd-expuso-en-el-foro-global-de-bioetica-en-investigacion\/#primaryimage"},"image":{"@id":"https:\/\/medicina.udd.cl\/icim\/2022\/12\/06\/investigadora-del-icim-udd-expuso-en-el-foro-global-de-bioetica-en-investigacion\/#primaryimage"},"thumbnailUrl":"https:\/\/medicina.udd.cl\/icim\/files\/2022\/12\/sofiasalas-surafrica.png","datePublished":"2022-12-06T12:23:00+00:00","dateModified":"2022-12-07T12:25:19+00:00","author":{"@id":"https:\/\/medicina.udd.cl\/icim\/#\/schema\/person\/dbc3705bf3a93e8be1ba6de0ef950341"},"breadcrumb":{"@id":"https:\/\/medicina.udd.cl\/icim\/2022\/12\/06\/investigadora-del-icim-udd-expuso-en-el-foro-global-de-bioetica-en-investigacion\/#breadcrumb"},"inLanguage":"es","potentialAction":[{"@type":"ReadAction","target":["https:\/\/medicina.udd.cl\/icim\/2022\/12\/06\/investigadora-del-icim-udd-expuso-en-el-foro-global-de-bioetica-en-investigacion\/"]}]},{"@type":"ImageObject","inLanguage":"es","@id":"https:\/\/medicina.udd.cl\/icim\/2022\/12\/06\/investigadora-del-icim-udd-expuso-en-el-foro-global-de-bioetica-en-investigacion\/#primaryimage","url":"https:\/\/medicina.udd.cl\/icim\/files\/2022\/12\/sofiasalas-surafrica.png","contentUrl":"https:\/\/medicina.udd.cl\/icim\/files\/2022\/12\/sofiasalas-surafrica.png","width":898,"height":654},{"@type":"BreadcrumbList","@id":"https:\/\/medicina.udd.cl\/icim\/2022\/12\/06\/investigadora-del-icim-udd-expuso-en-el-foro-global-de-bioetica-en-investigacion\/#breadcrumb","itemListElement":[{"@type":"ListItem","position":1,"name":"Inicio","item":"https:\/\/medicina.udd.cl\/icim\/"},{"@type":"ListItem","position":2,"name":"Investigadora del ICIM-UDD expuso en el Foro Global de Bio\u00e9tica en Investigaci\u00f3n"}]},{"@type":"WebSite","@id":"https:\/\/medicina.udd.cl\/icim\/#website","url":"https:\/\/medicina.udd.cl\/icim\/","name":"ICIM","description":"Una iniciativa de Universidad del Desarrollo y Cl\u00ednica Alemana","inLanguage":"es"},{"@type":"Person","@id":"https:\/\/medicina.udd.cl\/icim\/#\/schema\/person\/dbc3705bf3a93e8be1ba6de0ef950341","name":"rbraidy","image":{"@type":"ImageObject","inLanguage":"es","@id":"https:\/\/medicina.udd.cl\/icim\/#\/schema\/person\/image\/","url":"https:\/\/secure.gravatar.com\/avatar\/0f8bc94637401590e45d2ce17eb65c274cb8870a219de6177f3f23e63fd8cdf3?s=96&d=mm&r=g","contentUrl":"https:\/\/secure.gravatar.com\/avatar\/0f8bc94637401590e45d2ce17eb65c274cb8870a219de6177f3f23e63fd8cdf3?s=96&d=mm&r=g","caption":"rbraidy"},"url":"https:\/\/medicina.udd.cl\/icim\/author\/rbraidy\/"}]}},"featured_image_url":"https:\/\/medicina.udd.cl\/icim\/files\/2022\/12\/sofiasalas-surafrica.png","_links":{"self":[{"href":"https:\/\/medicina.udd.cl\/icim\/wp-json\/wp\/v2\/posts\/11156","targetHints":{"allow":["GET"]}}],"collection":[{"href":"https:\/\/medicina.udd.cl\/icim\/wp-json\/wp\/v2\/posts"}],"about":[{"href":"https:\/\/medicina.udd.cl\/icim\/wp-json\/wp\/v2\/types\/post"}],"author":[{"embeddable":true,"href":"https:\/\/medicina.udd.cl\/icim\/wp-json\/wp\/v2\/users\/9192219"}],"replies":[{"embeddable":true,"href":"https:\/\/medicina.udd.cl\/icim\/wp-json\/wp\/v2\/comments?post=11156"}],"version-history":[{"count":1,"href":"https:\/\/medicina.udd.cl\/icim\/wp-json\/wp\/v2\/posts\/11156\/revisions"}],"predecessor-version":[{"id":11159,"href":"https:\/\/medicina.udd.cl\/icim\/wp-json\/wp\/v2\/posts\/11156\/revisions\/11159"}],"wp:featuredmedia":[{"embeddable":true,"href":"https:\/\/medicina.udd.cl\/icim\/wp-json\/wp\/v2\/media\/11157"}],"wp:attachment":[{"href":"https:\/\/medicina.udd.cl\/icim\/wp-json\/wp\/v2\/media?parent=11156"}],"wp:term":[{"taxonomy":"category","embeddable":true,"href":"https:\/\/medicina.udd.cl\/icim\/wp-json\/wp\/v2\/categories?post=11156"},{"taxonomy":"post_tag","embeddable":true,"href":"https:\/\/medicina.udd.cl\/icim\/wp-json\/wp\/v2\/tags?post=11156"}],"curies":[{"name":"wp","href":"https:\/\/api.w.org\/{rel}","templated":true}]}}