{"id":11178,"date":"2022-12-16T10:24:00","date_gmt":"2022-12-16T13:24:00","guid":{"rendered":"https:\/\/medicina.udd.cl\/icim\/?p=11178"},"modified":"2022-12-19T10:36:34","modified_gmt":"2022-12-19T13:36:34","slug":"udd-y-coaniquem-firman-quinto-convenio-de-cooperacion-academica","status":"publish","type":"post","link":"https:\/\/medicina.udd.cl\/icim\/2022\/12\/16\/udd-y-coaniquem-firman-quinto-convenio-de-cooperacion-academica\/","title":{"rendered":"UDD y COANIQUEM firman quinto convenio de cooperaci\u00f3n acad\u00e9mica"},"content":{"rendered":"\n<figure class=\"wp-block-image alignright size-large is-resized\"><img loading=\"lazy\" decoding=\"async\" src=\"https:\/\/medicina.udd.cl\/icim\/files\/2022\/12\/icim-fm-firma-convenio-coaniquem-98-1024x683.jpg\" alt=\"\" class=\"wp-image-11198\" width=\"512\" height=\"342\" srcset=\"https:\/\/medicina.udd.cl\/icim\/files\/2022\/12\/icim-fm-firma-convenio-coaniquem-98-1024x683.jpg 1024w, https:\/\/medicina.udd.cl\/icim\/files\/2022\/12\/icim-fm-firma-convenio-coaniquem-98-300x200.jpg 300w, https:\/\/medicina.udd.cl\/icim\/files\/2022\/12\/icim-fm-firma-convenio-coaniquem-98-768x512.jpg 768w, https:\/\/medicina.udd.cl\/icim\/files\/2022\/12\/icim-fm-firma-convenio-coaniquem-98-1536x1024.jpg 1536w, https:\/\/medicina.udd.cl\/icim\/files\/2022\/12\/icim-fm-firma-convenio-coaniquem-98-2048x1365.jpg 2048w\" sizes=\"auto, (max-width: 512px) 100vw, 512px\" \/><figcaption>Jorge Rojas Goldsack (presidente ejecutivo COANIQUEM) y Ernesto Silva M\u00e9ndez (prorrector UDD) formalizando los v\u00ednculos de cooperaci\u00f3n acad\u00e9mica entre ambas instituciones.<\/figcaption><\/figure>\n\n\n\n<p>Este jueves 15 de diciembre, se realiz\u00f3 un encuentro entre autoridades de la Corporaci\u00f3n de Ayuda al Ni\u00f1o Quemado (COANIQUEM) y de la Universidad del Desarrollo, con motivo de formalizar los v\u00ednculos de cooperaci\u00f3n acad\u00e9mica entre ambas instituciones, que abarca, por ejemplo, intercambios de transferencias en materia cient\u00edfica y tecnol\u00f3gica, generaci\u00f3n de programas, entre otros afines, cuyo&nbsp; objetivo es el de fomentar el desarrollo de l\u00edneas de docencia, capacitaci\u00f3n e investigaci\u00f3n en \u00e1reas consideradas de mutuo inter\u00e9s.<\/p>\n\n\n\n<p>La jornada que se llev\u00f3 a cabo en el Centro de Rehabilitaci\u00f3n Santiago de COANIQUEM, ubicada en la comuna de Pudahuel, cont\u00f3 con la presencia del presidente ejecutivo, Sr. Jorge Rojas Goldsack; el director de Direcci\u00f3n de Extensi\u00f3n, Docencia e Investigaci\u00f3n (DEDI), Dr. Jorge Rojas Zegers; el director de Gesti\u00f3n M\u00e9dica del Centro de Rehabilitaci\u00f3n Santiago, Dr. Rolando Saavedra; y el director del \u00e1rea de Investigaci\u00f3n de COANIQUEM, Dr. Orlando Flores. Por la UDD estuvo el prorrector, sr. Ernesto Silva M\u00e9ndez; el decano de la Facultad de Medicina, Dr. Ricardo Ronco; director del Instituto de Ciencias e Innovaci\u00f3n en Medicina (ICIM), Dr. Jos\u00e9 Munita; la directora ejecutiva del Centro de Pol\u00edticas P\u00fablicas e Innovaci\u00f3n en Salud (Cips), Dra. Paula Daza; el director de Transferencia Tecnol\u00f3gica, iCono UDD, Dr. Rodrigo del Canto; la jefa de Proyectos, Direcci\u00f3n de Vinculaci\u00f3n con la Industria en I+D, Mar\u00eda Jos\u00e9 Morgado; la directora de Extensi\u00f3n y Educaci\u00f3n ICIM, Isabel Abarz\u00faa; la directora del Programa de Estudios Sociales en Salud, Alexandra Obach; el director del Mag\u00edster en Terapia F\u00edsica y Rehabilitaci\u00f3n; Jaime Leppe; y la investigadora ICIM en Hantavirus y Gen\u00f3mica Humana, Cecilia Vial.<\/p>\n\n\n\n<p><em>\u201cSiempre he cre\u00eddo que la sociedad civil y las personas organizadas pueden colaborar en abordar problemas p\u00fablicos o de cualquier tipo, desarrollando e innovando, sin duda que es muy positivo. Para nosotros como Universidad es muy importante este proyecto, por eso hay que concentrar toda la energ\u00eda y sumar a m\u00e1s personas, para transformar esta iniciativa en algo \u00fanico. Por eso que ac\u00e1 est\u00e1n concentradas distintas \u00e1reas de la Universidad para seguir conectados y sacarle el mejor provecho. Felicito a COANIQUEM por el gran trabajo que realizan\u201d<\/em>, destac\u00f3 el prorrrector UDD, Ernesto Silva M\u00e9ndez.<\/p>\n\n\n\n<p>Por su parte, el presidente ejecutivo de COANIQUEM, Sr. Jorge Rojas Goldsack, agradeci\u00f3 a la Universidad del Desarrollo por estar activamente colaborando con COANIQUEM por m\u00e1s de 15 a\u00f1os.&nbsp;<em>\u201cEste es un convenio en beneficio de los pacientes de la fundaci\u00f3n que involucra investigaciones, trabajo en terreno de alumnos y docentes. Hoy, la Universidad del Desarrollo y COANIQUEM formalizan esta alianza fortaleciendo esta colaboraci\u00f3n para continuar con potentes proyecciones que se acercan\u201d<\/em>, se\u00f1al\u00f3.<\/p>\n\n\n\n<p>Cabe destacar que, este convenio se une a una larga y fruct\u00edfera relaci\u00f3n por m\u00e1s de 15 a\u00f1os entre la UDD y COANIQUEM, ya que en el 2006, iniciaron con un convenio Docente Asistencial con la Facultad de Medicina; luego en el 2018, se firm\u00f3 otro convenio, esta vez de cooperaci\u00f3n acad\u00e9mica entre la Corporaci\u00f3n y el Centro de Innovaci\u00f3n Interdisciplinaria iCubo UDD; Mientras que en el 2020, se firmaron par de convenios marco entre la Fundaci\u00f3n COANIQUEM y la UDD, y la Fundaci\u00f3n Avances Tecnol\u00f3gicos de la Corporaci\u00f3n con la Facultad de Ingenier\u00eda UDD.<\/p>\n\n\n\n<figure class=\"wp-block-gallery has-nested-images columns-default is-cropped wp-block-gallery-1 is-layout-flex wp-block-gallery-is-layout-flex\">\n<figure class=\"wp-block-image size-large\"><img loading=\"lazy\" decoding=\"async\" width=\"2560\" height=\"1707\" data-id=\"11180\" src=\"https:\/\/medicina.udd.cl\/icim\/files\/2022\/12\/icim-fm-firma-convenio-coaniquem-8-scaled.jpg\" alt=\"\" class=\"wp-image-11180\" srcset=\"https:\/\/medicina.udd.cl\/icim\/files\/2022\/12\/icim-fm-firma-convenio-coaniquem-8-scaled.jpg 2560w, https:\/\/medicina.udd.cl\/icim\/files\/2022\/12\/icim-fm-firma-convenio-coaniquem-8-300x200.jpg 300w, https:\/\/medicina.udd.cl\/icim\/files\/2022\/12\/icim-fm-firma-convenio-coaniquem-8-1024x683.jpg 1024w, https:\/\/medicina.udd.cl\/icim\/files\/2022\/12\/icim-fm-firma-convenio-coaniquem-8-768x512.jpg 768w, https:\/\/medicina.udd.cl\/icim\/files\/2022\/12\/icim-fm-firma-convenio-coaniquem-8-1536x1024.jpg 1536w, https:\/\/medicina.udd.cl\/icim\/files\/2022\/12\/icim-fm-firma-convenio-coaniquem-8-2048x1365.jpg 2048w\" sizes=\"auto, (max-width: 2560px) 100vw, 2560px\" \/><\/figure>\n\n\n\n<figure class=\"wp-block-image size-large\"><img loading=\"lazy\" decoding=\"async\" width=\"2560\" height=\"1707\" data-id=\"11181\" src=\"https:\/\/medicina.udd.cl\/icim\/files\/2022\/12\/icim-fm-firma-convenio-coaniquem-10-scaled.jpg\" alt=\"\" class=\"wp-image-11181\" srcset=\"https:\/\/medicina.udd.cl\/icim\/files\/2022\/12\/icim-fm-firma-convenio-coaniquem-10-scaled.jpg 2560w, https:\/\/medicina.udd.cl\/icim\/files\/2022\/12\/icim-fm-firma-convenio-coaniquem-10-300x200.jpg 300w, https:\/\/medicina.udd.cl\/icim\/files\/2022\/12\/icim-fm-firma-convenio-coaniquem-10-1024x683.jpg 1024w, https:\/\/medicina.udd.cl\/icim\/files\/2022\/12\/icim-fm-firma-convenio-coaniquem-10-768x512.jpg 768w, https:\/\/medicina.udd.cl\/icim\/files\/2022\/12\/icim-fm-firma-convenio-coaniquem-10-1536x1024.jpg 1536w, https:\/\/medicina.udd.cl\/icim\/files\/2022\/12\/icim-fm-firma-convenio-coaniquem-10-2048x1365.jpg 2048w\" sizes=\"auto, (max-width: 2560px) 100vw, 2560px\" \/><\/figure>\n\n\n\n<figure class=\"wp-block-image size-large\"><img loading=\"lazy\" decoding=\"async\" width=\"2560\" height=\"1707\" data-id=\"11182\" src=\"https:\/\/medicina.udd.cl\/icim\/files\/2022\/12\/icim-fm-firma-convenio-coaniquem-11-scaled.jpg\" alt=\"\" class=\"wp-image-11182\" srcset=\"https:\/\/medicina.udd.cl\/icim\/files\/2022\/12\/icim-fm-firma-convenio-coaniquem-11-scaled.jpg 2560w, https:\/\/medicina.udd.cl\/icim\/files\/2022\/12\/icim-fm-firma-convenio-coaniquem-11-300x200.jpg 300w, https:\/\/medicina.udd.cl\/icim\/files\/2022\/12\/icim-fm-firma-convenio-coaniquem-11-1024x683.jpg 1024w, https:\/\/medicina.udd.cl\/icim\/files\/2022\/12\/icim-fm-firma-convenio-coaniquem-11-768x512.jpg 768w, https:\/\/medicina.udd.cl\/icim\/files\/2022\/12\/icim-fm-firma-convenio-coaniquem-11-1536x1024.jpg 1536w, https:\/\/medicina.udd.cl\/icim\/files\/2022\/12\/icim-fm-firma-convenio-coaniquem-11-2048x1365.jpg 2048w\" sizes=\"auto, (max-width: 2560px) 100vw, 2560px\" \/><\/figure>\n\n\n\n<figure class=\"wp-block-image size-large\"><img loading=\"lazy\" decoding=\"async\" width=\"2560\" height=\"1707\" data-id=\"11183\" src=\"https:\/\/medicina.udd.cl\/icim\/files\/2022\/12\/icim-fm-firma-convenio-coaniquem-14-scaled.jpg\" alt=\"\" class=\"wp-image-11183\" srcset=\"https:\/\/medicina.udd.cl\/icim\/files\/2022\/12\/icim-fm-firma-convenio-coaniquem-14-scaled.jpg 2560w, https:\/\/medicina.udd.cl\/icim\/files\/2022\/12\/icim-fm-firma-convenio-coaniquem-14-300x200.jpg 300w, https:\/\/medicina.udd.cl\/icim\/files\/2022\/12\/icim-fm-firma-convenio-coaniquem-14-1024x683.jpg 1024w, https:\/\/medicina.udd.cl\/icim\/files\/2022\/12\/icim-fm-firma-convenio-coaniquem-14-768x512.jpg 768w, https:\/\/medicina.udd.cl\/icim\/files\/2022\/12\/icim-fm-firma-convenio-coaniquem-14-1536x1024.jpg 1536w, https:\/\/medicina.udd.cl\/icim\/files\/2022\/12\/icim-fm-firma-convenio-coaniquem-14-2048x1365.jpg 2048w\" sizes=\"auto, (max-width: 2560px) 100vw, 2560px\" \/><\/figure>\n\n\n\n<figure class=\"wp-block-image size-large\"><img loading=\"lazy\" decoding=\"async\" width=\"2560\" height=\"1707\" data-id=\"11184\" src=\"https:\/\/medicina.udd.cl\/icim\/files\/2022\/12\/icim-fm-firma-convenio-coaniquem-17-scaled.jpg\" alt=\"\" class=\"wp-image-11184\" srcset=\"https:\/\/medicina.udd.cl\/icim\/files\/2022\/12\/icim-fm-firma-convenio-coaniquem-17-scaled.jpg 2560w, https:\/\/medicina.udd.cl\/icim\/files\/2022\/12\/icim-fm-firma-convenio-coaniquem-17-300x200.jpg 300w, https:\/\/medicina.udd.cl\/icim\/files\/2022\/12\/icim-fm-firma-convenio-coaniquem-17-1024x683.jpg 1024w, https:\/\/medicina.udd.cl\/icim\/files\/2022\/12\/icim-fm-firma-convenio-coaniquem-17-768x512.jpg 768w, https:\/\/medicina.udd.cl\/icim\/files\/2022\/12\/icim-fm-firma-convenio-coaniquem-17-1536x1024.jpg 1536w, https:\/\/medicina.udd.cl\/icim\/files\/2022\/12\/icim-fm-firma-convenio-coaniquem-17-2048x1365.jpg 2048w\" sizes=\"auto, (max-width: 2560px) 100vw, 2560px\" \/><\/figure>\n\n\n\n<figure class=\"wp-block-image size-large\"><img loading=\"lazy\" decoding=\"async\" width=\"2560\" height=\"1707\" data-id=\"11185\" src=\"https:\/\/medicina.udd.cl\/icim\/files\/2022\/12\/icim-fm-firma-convenio-coaniquem-21-scaled.jpg\" alt=\"\" class=\"wp-image-11185\" srcset=\"https:\/\/medicina.udd.cl\/icim\/files\/2022\/12\/icim-fm-firma-convenio-coaniquem-21-scaled.jpg 2560w, https:\/\/medicina.udd.cl\/icim\/files\/2022\/12\/icim-fm-firma-convenio-coaniquem-21-300x200.jpg 300w, https:\/\/medicina.udd.cl\/icim\/files\/2022\/12\/icim-fm-firma-convenio-coaniquem-21-1024x683.jpg 1024w, https:\/\/medicina.udd.cl\/icim\/files\/2022\/12\/icim-fm-firma-convenio-coaniquem-21-768x512.jpg 768w, https:\/\/medicina.udd.cl\/icim\/files\/2022\/12\/icim-fm-firma-convenio-coaniquem-21-1536x1024.jpg 1536w, https:\/\/medicina.udd.cl\/icim\/files\/2022\/12\/icim-fm-firma-convenio-coaniquem-21-2048x1365.jpg 2048w\" sizes=\"auto, (max-width: 2560px) 100vw, 2560px\" \/><\/figure>\n\n\n\n<figure class=\"wp-block-image size-large\"><img loading=\"lazy\" decoding=\"async\" width=\"2560\" height=\"1707\" data-id=\"11186\" src=\"https:\/\/medicina.udd.cl\/icim\/files\/2022\/12\/icim-fm-firma-convenio-coaniquem-25-scaled.jpg\" alt=\"\" class=\"wp-image-11186\" srcset=\"https:\/\/medicina.udd.cl\/icim\/files\/2022\/12\/icim-fm-firma-convenio-coaniquem-25-scaled.jpg 2560w, https:\/\/medicina.udd.cl\/icim\/files\/2022\/12\/icim-fm-firma-convenio-coaniquem-25-300x200.jpg 300w, https:\/\/medicina.udd.cl\/icim\/files\/2022\/12\/icim-fm-firma-convenio-coaniquem-25-1024x683.jpg 1024w, https:\/\/medicina.udd.cl\/icim\/files\/2022\/12\/icim-fm-firma-convenio-coaniquem-25-768x512.jpg 768w, https:\/\/medicina.udd.cl\/icim\/files\/2022\/12\/icim-fm-firma-convenio-coaniquem-25-1536x1024.jpg 1536w, https:\/\/medicina.udd.cl\/icim\/files\/2022\/12\/icim-fm-firma-convenio-coaniquem-25-2048x1365.jpg 2048w\" sizes=\"auto, (max-width: 2560px) 100vw, 2560px\" \/><\/figure>\n\n\n\n<figure class=\"wp-block-image size-large\"><img loading=\"lazy\" decoding=\"async\" width=\"2560\" height=\"1707\" data-id=\"11187\" src=\"https:\/\/medicina.udd.cl\/icim\/files\/2022\/12\/icim-fm-firma-convenio-coaniquem-35-scaled.jpg\" alt=\"\" class=\"wp-image-11187\" srcset=\"https:\/\/medicina.udd.cl\/icim\/files\/2022\/12\/icim-fm-firma-convenio-coaniquem-35-scaled.jpg 2560w, https:\/\/medicina.udd.cl\/icim\/files\/2022\/12\/icim-fm-firma-convenio-coaniquem-35-300x200.jpg 300w, https:\/\/medicina.udd.cl\/icim\/files\/2022\/12\/icim-fm-firma-convenio-coaniquem-35-1024x683.jpg 1024w, https:\/\/medicina.udd.cl\/icim\/files\/2022\/12\/icim-fm-firma-convenio-coaniquem-35-768x512.jpg 768w, https:\/\/medicina.udd.cl\/icim\/files\/2022\/12\/icim-fm-firma-convenio-coaniquem-35-1536x1024.jpg 1536w, https:\/\/medicina.udd.cl\/icim\/files\/2022\/12\/icim-fm-firma-convenio-coaniquem-35-2048x1365.jpg 2048w\" sizes=\"auto, (max-width: 2560px) 100vw, 2560px\" \/><\/figure>\n\n\n\n<figure class=\"wp-block-image size-large\"><img loading=\"lazy\" decoding=\"async\" width=\"2560\" height=\"1707\" data-id=\"11188\" src=\"https:\/\/medicina.udd.cl\/icim\/files\/2022\/12\/icim-fm-firma-convenio-coaniquem-37-scaled.jpg\" alt=\"\" class=\"wp-image-11188\" srcset=\"https:\/\/medicina.udd.cl\/icim\/files\/2022\/12\/icim-fm-firma-convenio-coaniquem-37-scaled.jpg 2560w, https:\/\/medicina.udd.cl\/icim\/files\/2022\/12\/icim-fm-firma-convenio-coaniquem-37-300x200.jpg 300w, https:\/\/medicina.udd.cl\/icim\/files\/2022\/12\/icim-fm-firma-convenio-coaniquem-37-1024x683.jpg 1024w, https:\/\/medicina.udd.cl\/icim\/files\/2022\/12\/icim-fm-firma-convenio-coaniquem-37-768x512.jpg 768w, https:\/\/medicina.udd.cl\/icim\/files\/2022\/12\/icim-fm-firma-convenio-coaniquem-37-1536x1024.jpg 1536w, https:\/\/medicina.udd.cl\/icim\/files\/2022\/12\/icim-fm-firma-convenio-coaniquem-37-2048x1365.jpg 2048w\" sizes=\"auto, (max-width: 2560px) 100vw, 2560px\" \/><\/figure>\n\n\n\n<figure class=\"wp-block-image size-large\"><img loading=\"lazy\" decoding=\"async\" width=\"2560\" height=\"1707\" data-id=\"11189\" src=\"https:\/\/medicina.udd.cl\/icim\/files\/2022\/12\/icim-fm-firma-convenio-coaniquem-41-scaled.jpg\" alt=\"\" class=\"wp-image-11189\" srcset=\"https:\/\/medicina.udd.cl\/icim\/files\/2022\/12\/icim-fm-firma-convenio-coaniquem-41-scaled.jpg 2560w, https:\/\/medicina.udd.cl\/icim\/files\/2022\/12\/icim-fm-firma-convenio-coaniquem-41-300x200.jpg 300w, https:\/\/medicina.udd.cl\/icim\/files\/2022\/12\/icim-fm-firma-convenio-coaniquem-41-1024x683.jpg 1024w, https:\/\/medicina.udd.cl\/icim\/files\/2022\/12\/icim-fm-firma-convenio-coaniquem-41-768x512.jpg 768w, https:\/\/medicina.udd.cl\/icim\/files\/2022\/12\/icim-fm-firma-convenio-coaniquem-41-1536x1024.jpg 1536w, https:\/\/medicina.udd.cl\/icim\/files\/2022\/12\/icim-fm-firma-convenio-coaniquem-41-2048x1365.jpg 2048w\" sizes=\"auto, (max-width: 2560px) 100vw, 2560px\" \/><\/figure>\n\n\n\n<figure class=\"wp-block-image size-large\"><img loading=\"lazy\" decoding=\"async\" width=\"2560\" height=\"1707\" data-id=\"11190\" src=\"https:\/\/medicina.udd.cl\/icim\/files\/2022\/12\/icim-fm-firma-convenio-coaniquem-50-scaled.jpg\" alt=\"\" class=\"wp-image-11190\" srcset=\"https:\/\/medicina.udd.cl\/icim\/files\/2022\/12\/icim-fm-firma-convenio-coaniquem-50-scaled.jpg 2560w, https:\/\/medicina.udd.cl\/icim\/files\/2022\/12\/icim-fm-firma-convenio-coaniquem-50-300x200.jpg 300w, https:\/\/medicina.udd.cl\/icim\/files\/2022\/12\/icim-fm-firma-convenio-coaniquem-50-1024x683.jpg 1024w, https:\/\/medicina.udd.cl\/icim\/files\/2022\/12\/icim-fm-firma-convenio-coaniquem-50-768x512.jpg 768w, https:\/\/medicina.udd.cl\/icim\/files\/2022\/12\/icim-fm-firma-convenio-coaniquem-50-1536x1024.jpg 1536w, https:\/\/medicina.udd.cl\/icim\/files\/2022\/12\/icim-fm-firma-convenio-coaniquem-50-2048x1365.jpg 2048w\" sizes=\"auto, (max-width: 2560px) 100vw, 2560px\" \/><\/figure>\n\n\n\n<figure class=\"wp-block-image size-large\"><img loading=\"lazy\" decoding=\"async\" width=\"2560\" height=\"1707\" data-id=\"11191\" src=\"https:\/\/medicina.udd.cl\/icim\/files\/2022\/12\/icim-fm-firma-convenio-coaniquem-51-scaled.jpg\" alt=\"\" class=\"wp-image-11191\" srcset=\"https:\/\/medicina.udd.cl\/icim\/files\/2022\/12\/icim-fm-firma-convenio-coaniquem-51-scaled.jpg 2560w, https:\/\/medicina.udd.cl\/icim\/files\/2022\/12\/icim-fm-firma-convenio-coaniquem-51-300x200.jpg 300w, https:\/\/medicina.udd.cl\/icim\/files\/2022\/12\/icim-fm-firma-convenio-coaniquem-51-1024x683.jpg 1024w, https:\/\/medicina.udd.cl\/icim\/files\/2022\/12\/icim-fm-firma-convenio-coaniquem-51-768x512.jpg 768w, https:\/\/medicina.udd.cl\/icim\/files\/2022\/12\/icim-fm-firma-convenio-coaniquem-51-1536x1024.jpg 1536w, https:\/\/medicina.udd.cl\/icim\/files\/2022\/12\/icim-fm-firma-convenio-coaniquem-51-2048x1365.jpg 2048w\" sizes=\"auto, (max-width: 2560px) 100vw, 2560px\" \/><\/figure>\n\n\n\n<figure class=\"wp-block-image size-large\"><img loading=\"lazy\" decoding=\"async\" width=\"2560\" height=\"1707\" data-id=\"11192\" src=\"https:\/\/medicina.udd.cl\/icim\/files\/2022\/12\/icim-fm-firma-convenio-coaniquem-61-scaled.jpg\" alt=\"\" class=\"wp-image-11192\" srcset=\"https:\/\/medicina.udd.cl\/icim\/files\/2022\/12\/icim-fm-firma-convenio-coaniquem-61-scaled.jpg 2560w, https:\/\/medicina.udd.cl\/icim\/files\/2022\/12\/icim-fm-firma-convenio-coaniquem-61-300x200.jpg 300w, https:\/\/medicina.udd.cl\/icim\/files\/2022\/12\/icim-fm-firma-convenio-coaniquem-61-1024x683.jpg 1024w, https:\/\/medicina.udd.cl\/icim\/files\/2022\/12\/icim-fm-firma-convenio-coaniquem-61-768x512.jpg 768w, https:\/\/medicina.udd.cl\/icim\/files\/2022\/12\/icim-fm-firma-convenio-coaniquem-61-1536x1024.jpg 1536w, https:\/\/medicina.udd.cl\/icim\/files\/2022\/12\/icim-fm-firma-convenio-coaniquem-61-2048x1365.jpg 2048w\" sizes=\"auto, (max-width: 2560px) 100vw, 2560px\" \/><\/figure>\n\n\n\n<figure class=\"wp-block-image size-large\"><img loading=\"lazy\" decoding=\"async\" width=\"2560\" height=\"1707\" data-id=\"11194\" src=\"https:\/\/medicina.udd.cl\/icim\/files\/2022\/12\/icim-fm-firma-convenio-coaniquem-76-scaled.jpg\" alt=\"\" class=\"wp-image-11194\" srcset=\"https:\/\/medicina.udd.cl\/icim\/files\/2022\/12\/icim-fm-firma-convenio-coaniquem-76-scaled.jpg 2560w, https:\/\/medicina.udd.cl\/icim\/files\/2022\/12\/icim-fm-firma-convenio-coaniquem-76-300x200.jpg 300w, https:\/\/medicina.udd.cl\/icim\/files\/2022\/12\/icim-fm-firma-convenio-coaniquem-76-1024x683.jpg 1024w, https:\/\/medicina.udd.cl\/icim\/files\/2022\/12\/icim-fm-firma-convenio-coaniquem-76-768x512.jpg 768w, https:\/\/medicina.udd.cl\/icim\/files\/2022\/12\/icim-fm-firma-convenio-coaniquem-76-1536x1024.jpg 1536w, https:\/\/medicina.udd.cl\/icim\/files\/2022\/12\/icim-fm-firma-convenio-coaniquem-76-2048x1365.jpg 2048w\" sizes=\"auto, (max-width: 2560px) 100vw, 2560px\" \/><\/figure>\n\n\n\n<figure class=\"wp-block-image size-large\"><img loading=\"lazy\" decoding=\"async\" width=\"2560\" height=\"1707\" data-id=\"11193\" src=\"https:\/\/medicina.udd.cl\/icim\/files\/2022\/12\/icim-fm-firma-convenio-coaniquem-67-scaled.jpg\" alt=\"\" class=\"wp-image-11193\" srcset=\"https:\/\/medicina.udd.cl\/icim\/files\/2022\/12\/icim-fm-firma-convenio-coaniquem-67-scaled.jpg 2560w, https:\/\/medicina.udd.cl\/icim\/files\/2022\/12\/icim-fm-firma-convenio-coaniquem-67-300x200.jpg 300w, https:\/\/medicina.udd.cl\/icim\/files\/2022\/12\/icim-fm-firma-convenio-coaniquem-67-1024x683.jpg 1024w, https:\/\/medicina.udd.cl\/icim\/files\/2022\/12\/icim-fm-firma-convenio-coaniquem-67-768x512.jpg 768w, https:\/\/medicina.udd.cl\/icim\/files\/2022\/12\/icim-fm-firma-convenio-coaniquem-67-1536x1024.jpg 1536w, https:\/\/medicina.udd.cl\/icim\/files\/2022\/12\/icim-fm-firma-convenio-coaniquem-67-2048x1365.jpg 2048w\" sizes=\"auto, (max-width: 2560px) 100vw, 2560px\" \/><\/figure>\n\n\n\n<figure class=\"wp-block-image size-large\"><img loading=\"lazy\" decoding=\"async\" width=\"2560\" height=\"1707\" data-id=\"11195\" src=\"https:\/\/medicina.udd.cl\/icim\/files\/2022\/12\/icim-fm-firma-convenio-coaniquem-87-scaled.jpg\" alt=\"\" class=\"wp-image-11195\" srcset=\"https:\/\/medicina.udd.cl\/icim\/files\/2022\/12\/icim-fm-firma-convenio-coaniquem-87-scaled.jpg 2560w, https:\/\/medicina.udd.cl\/icim\/files\/2022\/12\/icim-fm-firma-convenio-coaniquem-87-300x200.jpg 300w, https:\/\/medicina.udd.cl\/icim\/files\/2022\/12\/icim-fm-firma-convenio-coaniquem-87-1024x683.jpg 1024w, https:\/\/medicina.udd.cl\/icim\/files\/2022\/12\/icim-fm-firma-convenio-coaniquem-87-768x512.jpg 768w, https:\/\/medicina.udd.cl\/icim\/files\/2022\/12\/icim-fm-firma-convenio-coaniquem-87-1536x1024.jpg 1536w, https:\/\/medicina.udd.cl\/icim\/files\/2022\/12\/icim-fm-firma-convenio-coaniquem-87-2048x1365.jpg 2048w\" sizes=\"auto, (max-width: 2560px) 100vw, 2560px\" \/><\/figure>\n\n\n\n<figure class=\"wp-block-image size-large\"><img loading=\"lazy\" decoding=\"async\" width=\"2560\" height=\"1707\" data-id=\"11196\" src=\"https:\/\/medicina.udd.cl\/icim\/files\/2022\/12\/icim-fm-firma-convenio-coaniquem-93-scaled.jpg\" alt=\"\" class=\"wp-image-11196\" srcset=\"https:\/\/medicina.udd.cl\/icim\/files\/2022\/12\/icim-fm-firma-convenio-coaniquem-93-scaled.jpg 2560w, https:\/\/medicina.udd.cl\/icim\/files\/2022\/12\/icim-fm-firma-convenio-coaniquem-93-300x200.jpg 300w, https:\/\/medicina.udd.cl\/icim\/files\/2022\/12\/icim-fm-firma-convenio-coaniquem-93-1024x683.jpg 1024w, https:\/\/medicina.udd.cl\/icim\/files\/2022\/12\/icim-fm-firma-convenio-coaniquem-93-768x512.jpg 768w, https:\/\/medicina.udd.cl\/icim\/files\/2022\/12\/icim-fm-firma-convenio-coaniquem-93-1536x1024.jpg 1536w, https:\/\/medicina.udd.cl\/icim\/files\/2022\/12\/icim-fm-firma-convenio-coaniquem-93-2048x1365.jpg 2048w\" sizes=\"auto, (max-width: 2560px) 100vw, 2560px\" \/><\/figure>\n\n\n\n<figure class=\"wp-block-image size-large\"><img loading=\"lazy\" decoding=\"async\" width=\"2560\" height=\"1707\" data-id=\"11197\" src=\"https:\/\/medicina.udd.cl\/icim\/files\/2022\/12\/icim-fm-firma-convenio-coaniquem-96-scaled.jpg\" alt=\"\" class=\"wp-image-11197\" srcset=\"https:\/\/medicina.udd.cl\/icim\/files\/2022\/12\/icim-fm-firma-convenio-coaniquem-96-scaled.jpg 2560w, https:\/\/medicina.udd.cl\/icim\/files\/2022\/12\/icim-fm-firma-convenio-coaniquem-96-300x200.jpg 300w, https:\/\/medicina.udd.cl\/icim\/files\/2022\/12\/icim-fm-firma-convenio-coaniquem-96-1024x683.jpg 1024w, https:\/\/medicina.udd.cl\/icim\/files\/2022\/12\/icim-fm-firma-convenio-coaniquem-96-768x512.jpg 768w, https:\/\/medicina.udd.cl\/icim\/files\/2022\/12\/icim-fm-firma-convenio-coaniquem-96-1536x1024.jpg 1536w, https:\/\/medicina.udd.cl\/icim\/files\/2022\/12\/icim-fm-firma-convenio-coaniquem-96-2048x1365.jpg 2048w\" sizes=\"auto, (max-width: 2560px) 100vw, 2560px\" \/><\/figure>\n\n\n\n<figure class=\"wp-block-image size-large\"><img loading=\"lazy\" decoding=\"async\" width=\"1024\" height=\"683\" data-id=\"11200\" src=\"https:\/\/medicina.udd.cl\/icim\/files\/2022\/12\/icim-fm-firma-convenio-coaniquem-103-1024x683.jpg\" alt=\"\" class=\"wp-image-11200\" srcset=\"https:\/\/medicina.udd.cl\/icim\/files\/2022\/12\/icim-fm-firma-convenio-coaniquem-103-1024x683.jpg 1024w, https:\/\/medicina.udd.cl\/icim\/files\/2022\/12\/icim-fm-firma-convenio-coaniquem-103-300x200.jpg 300w, https:\/\/medicina.udd.cl\/icim\/files\/2022\/12\/icim-fm-firma-convenio-coaniquem-103-768x512.jpg 768w, https:\/\/medicina.udd.cl\/icim\/files\/2022\/12\/icim-fm-firma-convenio-coaniquem-103-1536x1024.jpg 1536w, https:\/\/medicina.udd.cl\/icim\/files\/2022\/12\/icim-fm-firma-convenio-coaniquem-103-2048x1365.jpg 2048w\" sizes=\"auto, (max-width: 1024px) 100vw, 1024px\" \/><\/figure>\n<\/figure>\n","protected":false},"excerpt":{"rendered":"<p>Este jueves 15 de diciembre, se realiz\u00f3 un encuentro entre autoridades de la Corporaci\u00f3n de Ayuda al Ni\u00f1o Quemado (COANIQUEM) y de la Universidad del Desarrollo, con motivo de formalizar los v\u00ednculos de cooperaci\u00f3n acad\u00e9mica entre ambas instituciones, que abarca, por ejemplo, intercambios de transferencias en materia cient\u00edfica y tecnol\u00f3gica, generaci\u00f3n de programas, entre otros [&hellip;]<\/p>\n","protected":false},"author":9192219,"featured_media":11179,"comment_status":"open","ping_status":"open","sticky":false,"template":"","format":"standard","meta":{"footnotes":""},"categories":[4],"tags":[],"class_list":["post-11178","post","type-post","status-publish","format-standard","has-post-thumbnail","hentry","category-noticias"],"yoast_head":"<!-- This site is optimized with the Yoast SEO plugin v26.9 - https:\/\/yoast.com\/product\/yoast-seo-wordpress\/ -->\n<title>UDD y COANIQUEM firman quinto convenio de cooperaci\u00f3n acad\u00e9mica - ICIM<\/title>\n<meta name=\"robots\" content=\"index, follow, max-snippet:-1, max-image-preview:large, max-video-preview:-1\" \/>\n<link rel=\"canonical\" href=\"https:\/\/medicina.udd.cl\/icim\/2022\/12\/16\/udd-y-coaniquem-firman-quinto-convenio-de-cooperacion-academica\/\" \/>\n<meta property=\"og:locale\" content=\"es_ES\" \/>\n<meta property=\"og:type\" content=\"article\" \/>\n<meta property=\"og:title\" content=\"UDD y COANIQUEM firman quinto convenio de cooperaci\u00f3n acad\u00e9mica - ICIM\" \/>\n<meta property=\"og:description\" content=\"Este jueves 15 de diciembre, se realiz\u00f3 un encuentro entre autoridades de la Corporaci\u00f3n de Ayuda al Ni\u00f1o Quemado (COANIQUEM) y de la Universidad del Desarrollo, con motivo de formalizar los v\u00ednculos de cooperaci\u00f3n acad\u00e9mica entre ambas instituciones, que abarca, por ejemplo, intercambios de transferencias en materia cient\u00edfica y tecnol\u00f3gica, generaci\u00f3n de programas, entre otros [&hellip;]\" \/>\n<meta property=\"og:url\" content=\"https:\/\/medicina.udd.cl\/icim\/2022\/12\/16\/udd-y-coaniquem-firman-quinto-convenio-de-cooperacion-academica\/\" \/>\n<meta property=\"og:site_name\" content=\"ICIM\" \/>\n<meta property=\"article:published_time\" content=\"2022-12-16T13:24:00+00:00\" \/>\n<meta property=\"article:modified_time\" content=\"2022-12-19T13:36:34+00:00\" \/>\n<meta property=\"og:image\" content=\"https:\/\/medicina.udd.cl\/icim\/files\/2022\/12\/icim-fm-firma-convenio-coaniquem-4-scaled.jpg\" \/>\n\t<meta property=\"og:image:width\" content=\"2560\" \/>\n\t<meta property=\"og:image:height\" content=\"1707\" \/>\n\t<meta property=\"og:image:type\" content=\"image\/jpeg\" \/>\n<meta name=\"author\" content=\"rbraidy\" \/>\n<meta name=\"twitter:card\" content=\"summary_large_image\" \/>\n<meta name=\"twitter:label1\" content=\"Escrito por\" \/>\n\t<meta name=\"twitter:data1\" content=\"rbraidy\" \/>\n\t<meta name=\"twitter:label2\" content=\"Tiempo de lectura\" \/>\n\t<meta name=\"twitter:data2\" content=\"7 minutos\" \/>\n<script type=\"application\/ld+json\" class=\"yoast-schema-graph\">{\"@context\":\"https:\/\/schema.org\",\"@graph\":[{\"@type\":\"Article\",\"@id\":\"https:\/\/medicina.udd.cl\/icim\/2022\/12\/16\/udd-y-coaniquem-firman-quinto-convenio-de-cooperacion-academica\/#article\",\"isPartOf\":{\"@id\":\"https:\/\/medicina.udd.cl\/icim\/2022\/12\/16\/udd-y-coaniquem-firman-quinto-convenio-de-cooperacion-academica\/\"},\"author\":{\"name\":\"rbraidy\",\"@id\":\"https:\/\/medicina.udd.cl\/icim\/#\/schema\/person\/dbc3705bf3a93e8be1ba6de0ef950341\"},\"headline\":\"UDD y COANIQUEM firman quinto convenio de cooperaci\u00f3n acad\u00e9mica\",\"datePublished\":\"2022-12-16T13:24:00+00:00\",\"dateModified\":\"2022-12-19T13:36:34+00:00\",\"mainEntityOfPage\":{\"@id\":\"https:\/\/medicina.udd.cl\/icim\/2022\/12\/16\/udd-y-coaniquem-firman-quinto-convenio-de-cooperacion-academica\/\"},\"wordCount\":620,\"commentCount\":0,\"image\":{\"@id\":\"https:\/\/medicina.udd.cl\/icim\/2022\/12\/16\/udd-y-coaniquem-firman-quinto-convenio-de-cooperacion-academica\/#primaryimage\"},\"thumbnailUrl\":\"https:\/\/medicina.udd.cl\/icim\/files\/2022\/12\/icim-fm-firma-convenio-coaniquem-4-scaled.jpg\",\"articleSection\":[\"Noticias\"],\"inLanguage\":\"es\",\"potentialAction\":[{\"@type\":\"CommentAction\",\"name\":\"Comment\",\"target\":[\"https:\/\/medicina.udd.cl\/icim\/2022\/12\/16\/udd-y-coaniquem-firman-quinto-convenio-de-cooperacion-academica\/#respond\"]}]},{\"@type\":\"WebPage\",\"@id\":\"https:\/\/medicina.udd.cl\/icim\/2022\/12\/16\/udd-y-coaniquem-firman-quinto-convenio-de-cooperacion-academica\/\",\"url\":\"https:\/\/medicina.udd.cl\/icim\/2022\/12\/16\/udd-y-coaniquem-firman-quinto-convenio-de-cooperacion-academica\/\",\"name\":\"UDD y COANIQUEM firman quinto convenio de cooperaci\u00f3n acad\u00e9mica - ICIM\",\"isPartOf\":{\"@id\":\"https:\/\/medicina.udd.cl\/icim\/#website\"},\"primaryImageOfPage\":{\"@id\":\"https:\/\/medicina.udd.cl\/icim\/2022\/12\/16\/udd-y-coaniquem-firman-quinto-convenio-de-cooperacion-academica\/#primaryimage\"},\"image\":{\"@id\":\"https:\/\/medicina.udd.cl\/icim\/2022\/12\/16\/udd-y-coaniquem-firman-quinto-convenio-de-cooperacion-academica\/#primaryimage\"},\"thumbnailUrl\":\"https:\/\/medicina.udd.cl\/icim\/files\/2022\/12\/icim-fm-firma-convenio-coaniquem-4-scaled.jpg\",\"datePublished\":\"2022-12-16T13:24:00+00:00\",\"dateModified\":\"2022-12-19T13:36:34+00:00\",\"author\":{\"@id\":\"https:\/\/medicina.udd.cl\/icim\/#\/schema\/person\/dbc3705bf3a93e8be1ba6de0ef950341\"},\"breadcrumb\":{\"@id\":\"https:\/\/medicina.udd.cl\/icim\/2022\/12\/16\/udd-y-coaniquem-firman-quinto-convenio-de-cooperacion-academica\/#breadcrumb\"},\"inLanguage\":\"es\",\"potentialAction\":[{\"@type\":\"ReadAction\",\"target\":[\"https:\/\/medicina.udd.cl\/icim\/2022\/12\/16\/udd-y-coaniquem-firman-quinto-convenio-de-cooperacion-academica\/\"]}]},{\"@type\":\"ImageObject\",\"inLanguage\":\"es\",\"@id\":\"https:\/\/medicina.udd.cl\/icim\/2022\/12\/16\/udd-y-coaniquem-firman-quinto-convenio-de-cooperacion-academica\/#primaryimage\",\"url\":\"https:\/\/medicina.udd.cl\/icim\/files\/2022\/12\/icim-fm-firma-convenio-coaniquem-4-scaled.jpg\",\"contentUrl\":\"https:\/\/medicina.udd.cl\/icim\/files\/2022\/12\/icim-fm-firma-convenio-coaniquem-4-scaled.jpg\",\"width\":2560,\"height\":1707},{\"@type\":\"BreadcrumbList\",\"@id\":\"https:\/\/medicina.udd.cl\/icim\/2022\/12\/16\/udd-y-coaniquem-firman-quinto-convenio-de-cooperacion-academica\/#breadcrumb\",\"itemListElement\":[{\"@type\":\"ListItem\",\"position\":1,\"name\":\"Inicio\",\"item\":\"https:\/\/medicina.udd.cl\/icim\/\"},{\"@type\":\"ListItem\",\"position\":2,\"name\":\"UDD y COANIQUEM firman quinto convenio de cooperaci\u00f3n acad\u00e9mica\"}]},{\"@type\":\"WebSite\",\"@id\":\"https:\/\/medicina.udd.cl\/icim\/#website\",\"url\":\"https:\/\/medicina.udd.cl\/icim\/\",\"name\":\"ICIM\",\"description\":\"Una iniciativa de Universidad del Desarrollo y Cl\u00ednica Alemana\",\"inLanguage\":\"es\"},{\"@type\":\"Person\",\"@id\":\"https:\/\/medicina.udd.cl\/icim\/#\/schema\/person\/dbc3705bf3a93e8be1ba6de0ef950341\",\"name\":\"rbraidy\",\"image\":{\"@type\":\"ImageObject\",\"inLanguage\":\"es\",\"@id\":\"https:\/\/medicina.udd.cl\/icim\/#\/schema\/person\/image\/\",\"url\":\"https:\/\/secure.gravatar.com\/avatar\/0f8bc94637401590e45d2ce17eb65c274cb8870a219de6177f3f23e63fd8cdf3?s=96&d=mm&r=g\",\"contentUrl\":\"https:\/\/secure.gravatar.com\/avatar\/0f8bc94637401590e45d2ce17eb65c274cb8870a219de6177f3f23e63fd8cdf3?s=96&d=mm&r=g\",\"caption\":\"rbraidy\"},\"url\":\"https:\/\/medicina.udd.cl\/icim\/author\/rbraidy\/\"}]}<\/script>\n<!-- \/ Yoast SEO plugin. -->","yoast_head_json":{"title":"UDD y COANIQUEM firman quinto convenio de cooperaci\u00f3n acad\u00e9mica - ICIM","robots":{"index":"index","follow":"follow","max-snippet":"max-snippet:-1","max-image-preview":"max-image-preview:large","max-video-preview":"max-video-preview:-1"},"canonical":"https:\/\/medicina.udd.cl\/icim\/2022\/12\/16\/udd-y-coaniquem-firman-quinto-convenio-de-cooperacion-academica\/","og_locale":"es_ES","og_type":"article","og_title":"UDD y COANIQUEM firman quinto convenio de cooperaci\u00f3n acad\u00e9mica - ICIM","og_description":"Este jueves 15 de diciembre, se realiz\u00f3 un encuentro entre autoridades de la Corporaci\u00f3n de Ayuda al Ni\u00f1o Quemado (COANIQUEM) y de la Universidad del Desarrollo, con motivo de formalizar los v\u00ednculos de cooperaci\u00f3n acad\u00e9mica entre ambas instituciones, que abarca, por ejemplo, intercambios de transferencias en materia cient\u00edfica y tecnol\u00f3gica, generaci\u00f3n de programas, entre otros [&hellip;]","og_url":"https:\/\/medicina.udd.cl\/icim\/2022\/12\/16\/udd-y-coaniquem-firman-quinto-convenio-de-cooperacion-academica\/","og_site_name":"ICIM","article_published_time":"2022-12-16T13:24:00+00:00","article_modified_time":"2022-12-19T13:36:34+00:00","og_image":[{"width":2560,"height":1707,"url":"https:\/\/medicina.udd.cl\/icim\/files\/2022\/12\/icim-fm-firma-convenio-coaniquem-4-scaled.jpg","type":"image\/jpeg"}],"author":"rbraidy","twitter_card":"summary_large_image","twitter_misc":{"Escrito por":"rbraidy","Tiempo de lectura":"7 minutos"},"schema":{"@context":"https:\/\/schema.org","@graph":[{"@type":"Article","@id":"https:\/\/medicina.udd.cl\/icim\/2022\/12\/16\/udd-y-coaniquem-firman-quinto-convenio-de-cooperacion-academica\/#article","isPartOf":{"@id":"https:\/\/medicina.udd.cl\/icim\/2022\/12\/16\/udd-y-coaniquem-firman-quinto-convenio-de-cooperacion-academica\/"},"author":{"name":"rbraidy","@id":"https:\/\/medicina.udd.cl\/icim\/#\/schema\/person\/dbc3705bf3a93e8be1ba6de0ef950341"},"headline":"UDD y COANIQUEM firman quinto convenio de cooperaci\u00f3n acad\u00e9mica","datePublished":"2022-12-16T13:24:00+00:00","dateModified":"2022-12-19T13:36:34+00:00","mainEntityOfPage":{"@id":"https:\/\/medicina.udd.cl\/icim\/2022\/12\/16\/udd-y-coaniquem-firman-quinto-convenio-de-cooperacion-academica\/"},"wordCount":620,"commentCount":0,"image":{"@id":"https:\/\/medicina.udd.cl\/icim\/2022\/12\/16\/udd-y-coaniquem-firman-quinto-convenio-de-cooperacion-academica\/#primaryimage"},"thumbnailUrl":"https:\/\/medicina.udd.cl\/icim\/files\/2022\/12\/icim-fm-firma-convenio-coaniquem-4-scaled.jpg","articleSection":["Noticias"],"inLanguage":"es","potentialAction":[{"@type":"CommentAction","name":"Comment","target":["https:\/\/medicina.udd.cl\/icim\/2022\/12\/16\/udd-y-coaniquem-firman-quinto-convenio-de-cooperacion-academica\/#respond"]}]},{"@type":"WebPage","@id":"https:\/\/medicina.udd.cl\/icim\/2022\/12\/16\/udd-y-coaniquem-firman-quinto-convenio-de-cooperacion-academica\/","url":"https:\/\/medicina.udd.cl\/icim\/2022\/12\/16\/udd-y-coaniquem-firman-quinto-convenio-de-cooperacion-academica\/","name":"UDD y COANIQUEM firman quinto convenio de cooperaci\u00f3n acad\u00e9mica - ICIM","isPartOf":{"@id":"https:\/\/medicina.udd.cl\/icim\/#website"},"primaryImageOfPage":{"@id":"https:\/\/medicina.udd.cl\/icim\/2022\/12\/16\/udd-y-coaniquem-firman-quinto-convenio-de-cooperacion-academica\/#primaryimage"},"image":{"@id":"https:\/\/medicina.udd.cl\/icim\/2022\/12\/16\/udd-y-coaniquem-firman-quinto-convenio-de-cooperacion-academica\/#primaryimage"},"thumbnailUrl":"https:\/\/medicina.udd.cl\/icim\/files\/2022\/12\/icim-fm-firma-convenio-coaniquem-4-scaled.jpg","datePublished":"2022-12-16T13:24:00+00:00","dateModified":"2022-12-19T13:36:34+00:00","author":{"@id":"https:\/\/medicina.udd.cl\/icim\/#\/schema\/person\/dbc3705bf3a93e8be1ba6de0ef950341"},"breadcrumb":{"@id":"https:\/\/medicina.udd.cl\/icim\/2022\/12\/16\/udd-y-coaniquem-firman-quinto-convenio-de-cooperacion-academica\/#breadcrumb"},"inLanguage":"es","potentialAction":[{"@type":"ReadAction","target":["https:\/\/medicina.udd.cl\/icim\/2022\/12\/16\/udd-y-coaniquem-firman-quinto-convenio-de-cooperacion-academica\/"]}]},{"@type":"ImageObject","inLanguage":"es","@id":"https:\/\/medicina.udd.cl\/icim\/2022\/12\/16\/udd-y-coaniquem-firman-quinto-convenio-de-cooperacion-academica\/#primaryimage","url":"https:\/\/medicina.udd.cl\/icim\/files\/2022\/12\/icim-fm-firma-convenio-coaniquem-4-scaled.jpg","contentUrl":"https:\/\/medicina.udd.cl\/icim\/files\/2022\/12\/icim-fm-firma-convenio-coaniquem-4-scaled.jpg","width":2560,"height":1707},{"@type":"BreadcrumbList","@id":"https:\/\/medicina.udd.cl\/icim\/2022\/12\/16\/udd-y-coaniquem-firman-quinto-convenio-de-cooperacion-academica\/#breadcrumb","itemListElement":[{"@type":"ListItem","position":1,"name":"Inicio","item":"https:\/\/medicina.udd.cl\/icim\/"},{"@type":"ListItem","position":2,"name":"UDD y COANIQUEM firman quinto convenio de cooperaci\u00f3n acad\u00e9mica"}]},{"@type":"WebSite","@id":"https:\/\/medicina.udd.cl\/icim\/#website","url":"https:\/\/medicina.udd.cl\/icim\/","name":"ICIM","description":"Una iniciativa de Universidad del Desarrollo y Cl\u00ednica Alemana","inLanguage":"es"},{"@type":"Person","@id":"https:\/\/medicina.udd.cl\/icim\/#\/schema\/person\/dbc3705bf3a93e8be1ba6de0ef950341","name":"rbraidy","image":{"@type":"ImageObject","inLanguage":"es","@id":"https:\/\/medicina.udd.cl\/icim\/#\/schema\/person\/image\/","url":"https:\/\/secure.gravatar.com\/avatar\/0f8bc94637401590e45d2ce17eb65c274cb8870a219de6177f3f23e63fd8cdf3?s=96&d=mm&r=g","contentUrl":"https:\/\/secure.gravatar.com\/avatar\/0f8bc94637401590e45d2ce17eb65c274cb8870a219de6177f3f23e63fd8cdf3?s=96&d=mm&r=g","caption":"rbraidy"},"url":"https:\/\/medicina.udd.cl\/icim\/author\/rbraidy\/"}]}},"featured_image_url":"https:\/\/medicina.udd.cl\/icim\/files\/2022\/12\/icim-fm-firma-convenio-coaniquem-4-scaled.jpg","_links":{"self":[{"href":"https:\/\/medicina.udd.cl\/icim\/wp-json\/wp\/v2\/posts\/11178","targetHints":{"allow":["GET"]}}],"collection":[{"href":"https:\/\/medicina.udd.cl\/icim\/wp-json\/wp\/v2\/posts"}],"about":[{"href":"https:\/\/medicina.udd.cl\/icim\/wp-json\/wp\/v2\/types\/post"}],"author":[{"embeddable":true,"href":"https:\/\/medicina.udd.cl\/icim\/wp-json\/wp\/v2\/users\/9192219"}],"replies":[{"embeddable":true,"href":"https:\/\/medicina.udd.cl\/icim\/wp-json\/wp\/v2\/comments?post=11178"}],"version-history":[{"count":1,"href":"https:\/\/medicina.udd.cl\/icim\/wp-json\/wp\/v2\/posts\/11178\/revisions"}],"predecessor-version":[{"id":11201,"href":"https:\/\/medicina.udd.cl\/icim\/wp-json\/wp\/v2\/posts\/11178\/revisions\/11201"}],"wp:featuredmedia":[{"embeddable":true,"href":"https:\/\/medicina.udd.cl\/icim\/wp-json\/wp\/v2\/media\/11179"}],"wp:attachment":[{"href":"https:\/\/medicina.udd.cl\/icim\/wp-json\/wp\/v2\/media?parent=11178"}],"wp:term":[{"taxonomy":"category","embeddable":true,"href":"https:\/\/medicina.udd.cl\/icim\/wp-json\/wp\/v2\/categories?post=11178"},{"taxonomy":"post_tag","embeddable":true,"href":"https:\/\/medicina.udd.cl\/icim\/wp-json\/wp\/v2\/tags?post=11178"}],"curies":[{"name":"wp","href":"https:\/\/api.w.org\/{rel}","templated":true}]}}