{"id":11419,"date":"2023-04-04T12:10:08","date_gmt":"2023-04-04T16:10:08","guid":{"rendered":"https:\/\/medicina.udd.cl\/icim\/?p=11419"},"modified":"2023-04-04T12:10:09","modified_gmt":"2023-04-04T16:10:09","slug":"exitoso-seminario-aborda-desafios-de-la-vacunacion-en-chile-como-recuperar-la-confianza-en-tiempo-de-crisis","status":"publish","type":"post","link":"https:\/\/medicina.udd.cl\/icim\/2023\/04\/04\/exitoso-seminario-aborda-desafios-de-la-vacunacion-en-chile-como-recuperar-la-confianza-en-tiempo-de-crisis\/","title":{"rendered":"Exitoso seminario aborda desaf\u00edos de la vacunaci\u00f3n en Chile: \u00bfC\u00f3mo recuperar la confianza en tiempo de crisis?"},"content":{"rendered":"\n<figure class=\"wp-block-gallery has-nested-images columns-default is-cropped wp-block-gallery-1 is-layout-flex wp-block-gallery-is-layout-flex\">\n<figure class=\"wp-block-image size-large\"><img loading=\"lazy\" decoding=\"async\" width=\"1600\" height=\"693\" data-id=\"11423\" src=\"https:\/\/medicina.udd.cl\/icim\/files\/2023\/04\/icim-seminario-desafios-vacunacion-chile.jpg\" alt=\"\" class=\"wp-image-11423\" srcset=\"https:\/\/medicina.udd.cl\/icim\/files\/2023\/04\/icim-seminario-desafios-vacunacion-chile.jpg 1600w, https:\/\/medicina.udd.cl\/icim\/files\/2023\/04\/icim-seminario-desafios-vacunacion-chile-300x130.jpg 300w, https:\/\/medicina.udd.cl\/icim\/files\/2023\/04\/icim-seminario-desafios-vacunacion-chile-1024x444.jpg 1024w, https:\/\/medicina.udd.cl\/icim\/files\/2023\/04\/icim-seminario-desafios-vacunacion-chile-768x333.jpg 768w, https:\/\/medicina.udd.cl\/icim\/files\/2023\/04\/icim-seminario-desafios-vacunacion-chile-1536x665.jpg 1536w\" sizes=\"auto, (max-width: 1600px) 100vw, 1600px\" \/><\/figure>\n\n\n\n<figure class=\"wp-block-image size-large\"><img loading=\"lazy\" decoding=\"async\" width=\"1600\" height=\"1200\" data-id=\"11421\" src=\"https:\/\/medicina.udd.cl\/icim\/files\/2023\/04\/icim-seminario-desafios-vacunacion-chile-2.jpg\" alt=\"\" class=\"wp-image-11421\" srcset=\"https:\/\/medicina.udd.cl\/icim\/files\/2023\/04\/icim-seminario-desafios-vacunacion-chile-2.jpg 1600w, https:\/\/medicina.udd.cl\/icim\/files\/2023\/04\/icim-seminario-desafios-vacunacion-chile-2-300x225.jpg 300w, https:\/\/medicina.udd.cl\/icim\/files\/2023\/04\/icim-seminario-desafios-vacunacion-chile-2-1024x768.jpg 1024w, https:\/\/medicina.udd.cl\/icim\/files\/2023\/04\/icim-seminario-desafios-vacunacion-chile-2-768x576.jpg 768w, https:\/\/medicina.udd.cl\/icim\/files\/2023\/04\/icim-seminario-desafios-vacunacion-chile-2-1536x1152.jpg 1536w\" sizes=\"auto, (max-width: 1600px) 100vw, 1600px\" \/><\/figure>\n\n\n\n<figure class=\"wp-block-image size-large\"><img loading=\"lazy\" decoding=\"async\" width=\"1280\" height=\"958\" data-id=\"11422\" src=\"https:\/\/medicina.udd.cl\/icim\/files\/2023\/04\/icim-seminario-desafios-vacunacion-chile-3.jpg\" alt=\"\" class=\"wp-image-11422\" srcset=\"https:\/\/medicina.udd.cl\/icim\/files\/2023\/04\/icim-seminario-desafios-vacunacion-chile-3.jpg 1280w, https:\/\/medicina.udd.cl\/icim\/files\/2023\/04\/icim-seminario-desafios-vacunacion-chile-3-300x225.jpg 300w, https:\/\/medicina.udd.cl\/icim\/files\/2023\/04\/icim-seminario-desafios-vacunacion-chile-3-1024x766.jpg 1024w, https:\/\/medicina.udd.cl\/icim\/files\/2023\/04\/icim-seminario-desafios-vacunacion-chile-3-768x575.jpg 768w\" sizes=\"auto, (max-width: 1280px) 100vw, 1280px\" \/><\/figure>\n<\/figure>\n\n\n\n<p>El Centro de Salud Global Intercultural (CeSGI) del Instituto de Ciencias e Innovaci\u00f3n en Medicina (ICIM) de la Facultad de Medicina Cl\u00ednica Alemana Universidad del Desarrollo (UDD), en colaboraci\u00f3n con el Ministerio de Salud de Chile, Lancet Migration Am\u00e9rica Latina, Colegio M\u00e9dico de Chile Regional Santiago, Sociedad Chilena de Infectolog\u00eda (SOCHINF) y Red Chilena de Investigaci\u00f3n en Salud y Migraci\u00f3n (RECHISAM), organiz\u00f3 el exitoso seminario h\u00edbrido titulado \u00abDesaf\u00edos de la vacunaci\u00f3n en el Chile actual \u00bfC\u00f3mo recuperar la confianza en tiempo de crisis?\u00bb el pasado 30 de marzo.<\/p>\n\n\n\n<p>El evento se llev\u00f3 a cabo en el Sal\u00f3n Alma Alta del Ministerio de Salud, con la participaci\u00f3n virtual de la subsecretaria de Salud P\u00fablica, Dra. Andrea Albagli; la presidenta de COLMED, Dra. Francisca Crispi; y el director del ICIM, Dr. Jos\u00e9 Munita, cont\u00f3 con destacados expertos en el tema de la vacunaci\u00f3n, quienes abordaron diferentes aspectos sobre la situaci\u00f3n actual y los desaf\u00edos que enfrenta Chile en relaci\u00f3n con la confianza en las vacunas.<\/p>\n\n\n\n<p>La directora ejecutiva e investigadora del CeSGI, Alexandra Obach, present\u00f3 reflexiones basadas en la evidencia sobre la vacunaci\u00f3n como desaf\u00edo global, mientras que la Dra. Mar\u00eda Paz Bertoglia y Sara Correa del MINSAL, expusieron sobre el estado actual y los desaf\u00edos de la vacunaci\u00f3n en Chile, as\u00ed como sobre las actitudes ciudadanas hacia las vacunas contra el COVID-19.<\/p>\n\n\n\n<p>Para finalizar, se llev\u00f3 a cabo un panel de conversaci\u00f3n moderado igualmente por B\u00e1ltica Cabieses, donde participaron destacados expertos en la materia, como la Dra. Mar\u00eda Soledad Mart\u00ednez (DIVAP), Dra. Francisca Crispi (COLMED), y la Dra. Jeaanette Dabanch (SOCHINF).<\/p>\n\n\n\n<p>A continuaci\u00f3n, puedes ver lo que fue esta presentaci\u00f3n del seminario \u00abDesaf\u00edos de la vacunaci\u00f3n en el Chile actual \u00bfC\u00f3mo recuperar la confianza en tiempo de crisis?\u00bb:<\/p>\n\n\n\n<figure class=\"wp-block-embed is-type-video is-provider-youtube wp-block-embed-youtube wp-embed-aspect-16-9 wp-has-aspect-ratio\"><div class=\"wp-block-embed__wrapper\">\n<iframe loading=\"lazy\" title=\"Seminario | Desaf\u00edos de la Vacunaci\u00f3n en el Chile actual \u00bfC\u00f3mo recuperar la confianza en crisis?\" width=\"500\" height=\"281\" src=\"https:\/\/www.youtube.com\/embed\/0YwZ9iI7W48?start=131&#038;feature=oembed\" frameborder=\"0\" allow=\"accelerometer; autoplay; clipboard-write; encrypted-media; gyroscope; picture-in-picture; web-share\" referrerpolicy=\"strict-origin-when-cross-origin\" allowfullscreen><\/iframe>\n<\/div><\/figure>\n","protected":false},"excerpt":{"rendered":"<p>El Centro de Salud Global Intercultural (CeSGI) del Instituto de Ciencias e Innovaci\u00f3n en Medicina (ICIM) de la Facultad de Medicina Cl\u00ednica Alemana Universidad del Desarrollo (UDD), en colaboraci\u00f3n con el Ministerio de Salud de Chile, Lancet Migration Am\u00e9rica Latina, Colegio M\u00e9dico de Chile Regional Santiago, Sociedad Chilena de Infectolog\u00eda (SOCHINF) y Red Chilena de [&hellip;]<\/p>\n","protected":false},"author":9192219,"featured_media":11422,"comment_status":"closed","ping_status":"open","sticky":false,"template":"","format":"standard","meta":{"footnotes":""},"categories":[4],"tags":[],"class_list":["post-11419","post","type-post","status-publish","format-standard","has-post-thumbnail","hentry","category-noticias"],"yoast_head":"<!-- This site is optimized with the Yoast SEO plugin v26.9 - https:\/\/yoast.com\/product\/yoast-seo-wordpress\/ -->\n<title>Exitoso seminario aborda desaf\u00edos de la vacunaci\u00f3n en Chile: \u00bfC\u00f3mo recuperar la confianza en tiempo de crisis? - ICIM<\/title>\n<meta name=\"robots\" content=\"index, follow, max-snippet:-1, max-image-preview:large, max-video-preview:-1\" \/>\n<link rel=\"canonical\" href=\"https:\/\/medicina.udd.cl\/icim\/2023\/04\/04\/exitoso-seminario-aborda-desafios-de-la-vacunacion-en-chile-como-recuperar-la-confianza-en-tiempo-de-crisis\/\" \/>\n<meta property=\"og:locale\" content=\"es_ES\" \/>\n<meta property=\"og:type\" content=\"article\" \/>\n<meta property=\"og:title\" content=\"Exitoso seminario aborda desaf\u00edos de la vacunaci\u00f3n en Chile: \u00bfC\u00f3mo recuperar la confianza en tiempo de crisis? - ICIM\" \/>\n<meta property=\"og:description\" content=\"El Centro de Salud Global Intercultural (CeSGI) del Instituto de Ciencias e Innovaci\u00f3n en Medicina (ICIM) de la Facultad de Medicina Cl\u00ednica Alemana Universidad del Desarrollo (UDD), en colaboraci\u00f3n con el Ministerio de Salud de Chile, Lancet Migration Am\u00e9rica Latina, Colegio M\u00e9dico de Chile Regional Santiago, Sociedad Chilena de Infectolog\u00eda (SOCHINF) y Red Chilena de [&hellip;]\" \/>\n<meta property=\"og:url\" content=\"https:\/\/medicina.udd.cl\/icim\/2023\/04\/04\/exitoso-seminario-aborda-desafios-de-la-vacunacion-en-chile-como-recuperar-la-confianza-en-tiempo-de-crisis\/\" \/>\n<meta property=\"og:site_name\" content=\"ICIM\" \/>\n<meta property=\"article:published_time\" content=\"2023-04-04T16:10:08+00:00\" \/>\n<meta property=\"article:modified_time\" content=\"2023-04-04T16:10:09+00:00\" \/>\n<meta property=\"og:image\" content=\"https:\/\/medicina.udd.cl\/icim\/files\/2023\/04\/icim-seminario-desafios-vacunacion-chile-3.jpg\" \/>\n\t<meta property=\"og:image:width\" content=\"1280\" \/>\n\t<meta property=\"og:image:height\" content=\"958\" \/>\n\t<meta property=\"og:image:type\" content=\"image\/jpeg\" \/>\n<meta name=\"author\" content=\"rbraidy\" \/>\n<meta name=\"twitter:card\" content=\"summary_large_image\" \/>\n<meta name=\"twitter:label1\" content=\"Escrito por\" \/>\n\t<meta name=\"twitter:data1\" content=\"rbraidy\" \/>\n\t<meta name=\"twitter:label2\" content=\"Tiempo de lectura\" \/>\n\t<meta name=\"twitter:data2\" content=\"2 minutos\" \/>\n<script type=\"application\/ld+json\" class=\"yoast-schema-graph\">{\"@context\":\"https:\/\/schema.org\",\"@graph\":[{\"@type\":\"Article\",\"@id\":\"https:\/\/medicina.udd.cl\/icim\/2023\/04\/04\/exitoso-seminario-aborda-desafios-de-la-vacunacion-en-chile-como-recuperar-la-confianza-en-tiempo-de-crisis\/#article\",\"isPartOf\":{\"@id\":\"https:\/\/medicina.udd.cl\/icim\/2023\/04\/04\/exitoso-seminario-aborda-desafios-de-la-vacunacion-en-chile-como-recuperar-la-confianza-en-tiempo-de-crisis\/\"},\"author\":{\"name\":\"rbraidy\",\"@id\":\"https:\/\/medicina.udd.cl\/icim\/#\/schema\/person\/dbc3705bf3a93e8be1ba6de0ef950341\"},\"headline\":\"Exitoso seminario aborda desaf\u00edos de la vacunaci\u00f3n en Chile: \u00bfC\u00f3mo recuperar la confianza en tiempo de crisis?\",\"datePublished\":\"2023-04-04T16:10:08+00:00\",\"dateModified\":\"2023-04-04T16:10:09+00:00\",\"mainEntityOfPage\":{\"@id\":\"https:\/\/medicina.udd.cl\/icim\/2023\/04\/04\/exitoso-seminario-aborda-desafios-de-la-vacunacion-en-chile-como-recuperar-la-confianza-en-tiempo-de-crisis\/\"},\"wordCount\":351,\"image\":{\"@id\":\"https:\/\/medicina.udd.cl\/icim\/2023\/04\/04\/exitoso-seminario-aborda-desafios-de-la-vacunacion-en-chile-como-recuperar-la-confianza-en-tiempo-de-crisis\/#primaryimage\"},\"thumbnailUrl\":\"https:\/\/medicina.udd.cl\/icim\/files\/2023\/04\/icim-seminario-desafios-vacunacion-chile-3.jpg\",\"articleSection\":[\"Noticias\"],\"inLanguage\":\"es\"},{\"@type\":\"WebPage\",\"@id\":\"https:\/\/medicina.udd.cl\/icim\/2023\/04\/04\/exitoso-seminario-aborda-desafios-de-la-vacunacion-en-chile-como-recuperar-la-confianza-en-tiempo-de-crisis\/\",\"url\":\"https:\/\/medicina.udd.cl\/icim\/2023\/04\/04\/exitoso-seminario-aborda-desafios-de-la-vacunacion-en-chile-como-recuperar-la-confianza-en-tiempo-de-crisis\/\",\"name\":\"Exitoso seminario aborda desaf\u00edos de la vacunaci\u00f3n en Chile: \u00bfC\u00f3mo recuperar la confianza en tiempo de crisis? - ICIM\",\"isPartOf\":{\"@id\":\"https:\/\/medicina.udd.cl\/icim\/#website\"},\"primaryImageOfPage\":{\"@id\":\"https:\/\/medicina.udd.cl\/icim\/2023\/04\/04\/exitoso-seminario-aborda-desafios-de-la-vacunacion-en-chile-como-recuperar-la-confianza-en-tiempo-de-crisis\/#primaryimage\"},\"image\":{\"@id\":\"https:\/\/medicina.udd.cl\/icim\/2023\/04\/04\/exitoso-seminario-aborda-desafios-de-la-vacunacion-en-chile-como-recuperar-la-confianza-en-tiempo-de-crisis\/#primaryimage\"},\"thumbnailUrl\":\"https:\/\/medicina.udd.cl\/icim\/files\/2023\/04\/icim-seminario-desafios-vacunacion-chile-3.jpg\",\"datePublished\":\"2023-04-04T16:10:08+00:00\",\"dateModified\":\"2023-04-04T16:10:09+00:00\",\"author\":{\"@id\":\"https:\/\/medicina.udd.cl\/icim\/#\/schema\/person\/dbc3705bf3a93e8be1ba6de0ef950341\"},\"breadcrumb\":{\"@id\":\"https:\/\/medicina.udd.cl\/icim\/2023\/04\/04\/exitoso-seminario-aborda-desafios-de-la-vacunacion-en-chile-como-recuperar-la-confianza-en-tiempo-de-crisis\/#breadcrumb\"},\"inLanguage\":\"es\",\"potentialAction\":[{\"@type\":\"ReadAction\",\"target\":[\"https:\/\/medicina.udd.cl\/icim\/2023\/04\/04\/exitoso-seminario-aborda-desafios-de-la-vacunacion-en-chile-como-recuperar-la-confianza-en-tiempo-de-crisis\/\"]}]},{\"@type\":\"ImageObject\",\"inLanguage\":\"es\",\"@id\":\"https:\/\/medicina.udd.cl\/icim\/2023\/04\/04\/exitoso-seminario-aborda-desafios-de-la-vacunacion-en-chile-como-recuperar-la-confianza-en-tiempo-de-crisis\/#primaryimage\",\"url\":\"https:\/\/medicina.udd.cl\/icim\/files\/2023\/04\/icim-seminario-desafios-vacunacion-chile-3.jpg\",\"contentUrl\":\"https:\/\/medicina.udd.cl\/icim\/files\/2023\/04\/icim-seminario-desafios-vacunacion-chile-3.jpg\",\"width\":1280,\"height\":958},{\"@type\":\"BreadcrumbList\",\"@id\":\"https:\/\/medicina.udd.cl\/icim\/2023\/04\/04\/exitoso-seminario-aborda-desafios-de-la-vacunacion-en-chile-como-recuperar-la-confianza-en-tiempo-de-crisis\/#breadcrumb\",\"itemListElement\":[{\"@type\":\"ListItem\",\"position\":1,\"name\":\"Inicio\",\"item\":\"https:\/\/medicina.udd.cl\/icim\/\"},{\"@type\":\"ListItem\",\"position\":2,\"name\":\"Exitoso seminario aborda desaf\u00edos de la vacunaci\u00f3n en Chile: \u00bfC\u00f3mo recuperar la confianza en tiempo de crisis?\"}]},{\"@type\":\"WebSite\",\"@id\":\"https:\/\/medicina.udd.cl\/icim\/#website\",\"url\":\"https:\/\/medicina.udd.cl\/icim\/\",\"name\":\"ICIM\",\"description\":\"Una iniciativa de Universidad del Desarrollo y Cl\u00ednica Alemana\",\"inLanguage\":\"es\"},{\"@type\":\"Person\",\"@id\":\"https:\/\/medicina.udd.cl\/icim\/#\/schema\/person\/dbc3705bf3a93e8be1ba6de0ef950341\",\"name\":\"rbraidy\",\"image\":{\"@type\":\"ImageObject\",\"inLanguage\":\"es\",\"@id\":\"https:\/\/medicina.udd.cl\/icim\/#\/schema\/person\/image\/\",\"url\":\"https:\/\/secure.gravatar.com\/avatar\/0f8bc94637401590e45d2ce17eb65c274cb8870a219de6177f3f23e63fd8cdf3?s=96&d=mm&r=g\",\"contentUrl\":\"https:\/\/secure.gravatar.com\/avatar\/0f8bc94637401590e45d2ce17eb65c274cb8870a219de6177f3f23e63fd8cdf3?s=96&d=mm&r=g\",\"caption\":\"rbraidy\"},\"url\":\"https:\/\/medicina.udd.cl\/icim\/author\/rbraidy\/\"}]}<\/script>\n<!-- \/ Yoast SEO plugin. -->","yoast_head_json":{"title":"Exitoso seminario aborda desaf\u00edos de la vacunaci\u00f3n en Chile: \u00bfC\u00f3mo recuperar la confianza en tiempo de crisis? - ICIM","robots":{"index":"index","follow":"follow","max-snippet":"max-snippet:-1","max-image-preview":"max-image-preview:large","max-video-preview":"max-video-preview:-1"},"canonical":"https:\/\/medicina.udd.cl\/icim\/2023\/04\/04\/exitoso-seminario-aborda-desafios-de-la-vacunacion-en-chile-como-recuperar-la-confianza-en-tiempo-de-crisis\/","og_locale":"es_ES","og_type":"article","og_title":"Exitoso seminario aborda desaf\u00edos de la vacunaci\u00f3n en Chile: \u00bfC\u00f3mo recuperar la confianza en tiempo de crisis? - ICIM","og_description":"El Centro de Salud Global Intercultural (CeSGI) del Instituto de Ciencias e Innovaci\u00f3n en Medicina (ICIM) de la Facultad de Medicina Cl\u00ednica Alemana Universidad del Desarrollo (UDD), en colaboraci\u00f3n con el Ministerio de Salud de Chile, Lancet Migration Am\u00e9rica Latina, Colegio M\u00e9dico de Chile Regional Santiago, Sociedad Chilena de Infectolog\u00eda (SOCHINF) y Red Chilena de [&hellip;]","og_url":"https:\/\/medicina.udd.cl\/icim\/2023\/04\/04\/exitoso-seminario-aborda-desafios-de-la-vacunacion-en-chile-como-recuperar-la-confianza-en-tiempo-de-crisis\/","og_site_name":"ICIM","article_published_time":"2023-04-04T16:10:08+00:00","article_modified_time":"2023-04-04T16:10:09+00:00","og_image":[{"width":1280,"height":958,"url":"https:\/\/medicina.udd.cl\/icim\/files\/2023\/04\/icim-seminario-desafios-vacunacion-chile-3.jpg","type":"image\/jpeg"}],"author":"rbraidy","twitter_card":"summary_large_image","twitter_misc":{"Escrito por":"rbraidy","Tiempo de lectura":"2 minutos"},"schema":{"@context":"https:\/\/schema.org","@graph":[{"@type":"Article","@id":"https:\/\/medicina.udd.cl\/icim\/2023\/04\/04\/exitoso-seminario-aborda-desafios-de-la-vacunacion-en-chile-como-recuperar-la-confianza-en-tiempo-de-crisis\/#article","isPartOf":{"@id":"https:\/\/medicina.udd.cl\/icim\/2023\/04\/04\/exitoso-seminario-aborda-desafios-de-la-vacunacion-en-chile-como-recuperar-la-confianza-en-tiempo-de-crisis\/"},"author":{"name":"rbraidy","@id":"https:\/\/medicina.udd.cl\/icim\/#\/schema\/person\/dbc3705bf3a93e8be1ba6de0ef950341"},"headline":"Exitoso seminario aborda desaf\u00edos de la vacunaci\u00f3n en Chile: \u00bfC\u00f3mo recuperar la confianza en tiempo de crisis?","datePublished":"2023-04-04T16:10:08+00:00","dateModified":"2023-04-04T16:10:09+00:00","mainEntityOfPage":{"@id":"https:\/\/medicina.udd.cl\/icim\/2023\/04\/04\/exitoso-seminario-aborda-desafios-de-la-vacunacion-en-chile-como-recuperar-la-confianza-en-tiempo-de-crisis\/"},"wordCount":351,"image":{"@id":"https:\/\/medicina.udd.cl\/icim\/2023\/04\/04\/exitoso-seminario-aborda-desafios-de-la-vacunacion-en-chile-como-recuperar-la-confianza-en-tiempo-de-crisis\/#primaryimage"},"thumbnailUrl":"https:\/\/medicina.udd.cl\/icim\/files\/2023\/04\/icim-seminario-desafios-vacunacion-chile-3.jpg","articleSection":["Noticias"],"inLanguage":"es"},{"@type":"WebPage","@id":"https:\/\/medicina.udd.cl\/icim\/2023\/04\/04\/exitoso-seminario-aborda-desafios-de-la-vacunacion-en-chile-como-recuperar-la-confianza-en-tiempo-de-crisis\/","url":"https:\/\/medicina.udd.cl\/icim\/2023\/04\/04\/exitoso-seminario-aborda-desafios-de-la-vacunacion-en-chile-como-recuperar-la-confianza-en-tiempo-de-crisis\/","name":"Exitoso seminario aborda desaf\u00edos de la vacunaci\u00f3n en Chile: \u00bfC\u00f3mo recuperar la confianza en tiempo de crisis? - ICIM","isPartOf":{"@id":"https:\/\/medicina.udd.cl\/icim\/#website"},"primaryImageOfPage":{"@id":"https:\/\/medicina.udd.cl\/icim\/2023\/04\/04\/exitoso-seminario-aborda-desafios-de-la-vacunacion-en-chile-como-recuperar-la-confianza-en-tiempo-de-crisis\/#primaryimage"},"image":{"@id":"https:\/\/medicina.udd.cl\/icim\/2023\/04\/04\/exitoso-seminario-aborda-desafios-de-la-vacunacion-en-chile-como-recuperar-la-confianza-en-tiempo-de-crisis\/#primaryimage"},"thumbnailUrl":"https:\/\/medicina.udd.cl\/icim\/files\/2023\/04\/icim-seminario-desafios-vacunacion-chile-3.jpg","datePublished":"2023-04-04T16:10:08+00:00","dateModified":"2023-04-04T16:10:09+00:00","author":{"@id":"https:\/\/medicina.udd.cl\/icim\/#\/schema\/person\/dbc3705bf3a93e8be1ba6de0ef950341"},"breadcrumb":{"@id":"https:\/\/medicina.udd.cl\/icim\/2023\/04\/04\/exitoso-seminario-aborda-desafios-de-la-vacunacion-en-chile-como-recuperar-la-confianza-en-tiempo-de-crisis\/#breadcrumb"},"inLanguage":"es","potentialAction":[{"@type":"ReadAction","target":["https:\/\/medicina.udd.cl\/icim\/2023\/04\/04\/exitoso-seminario-aborda-desafios-de-la-vacunacion-en-chile-como-recuperar-la-confianza-en-tiempo-de-crisis\/"]}]},{"@type":"ImageObject","inLanguage":"es","@id":"https:\/\/medicina.udd.cl\/icim\/2023\/04\/04\/exitoso-seminario-aborda-desafios-de-la-vacunacion-en-chile-como-recuperar-la-confianza-en-tiempo-de-crisis\/#primaryimage","url":"https:\/\/medicina.udd.cl\/icim\/files\/2023\/04\/icim-seminario-desafios-vacunacion-chile-3.jpg","contentUrl":"https:\/\/medicina.udd.cl\/icim\/files\/2023\/04\/icim-seminario-desafios-vacunacion-chile-3.jpg","width":1280,"height":958},{"@type":"BreadcrumbList","@id":"https:\/\/medicina.udd.cl\/icim\/2023\/04\/04\/exitoso-seminario-aborda-desafios-de-la-vacunacion-en-chile-como-recuperar-la-confianza-en-tiempo-de-crisis\/#breadcrumb","itemListElement":[{"@type":"ListItem","position":1,"name":"Inicio","item":"https:\/\/medicina.udd.cl\/icim\/"},{"@type":"ListItem","position":2,"name":"Exitoso seminario aborda desaf\u00edos de la vacunaci\u00f3n en Chile: \u00bfC\u00f3mo recuperar la confianza en tiempo de crisis?"}]},{"@type":"WebSite","@id":"https:\/\/medicina.udd.cl\/icim\/#website","url":"https:\/\/medicina.udd.cl\/icim\/","name":"ICIM","description":"Una iniciativa de Universidad del Desarrollo y Cl\u00ednica Alemana","inLanguage":"es"},{"@type":"Person","@id":"https:\/\/medicina.udd.cl\/icim\/#\/schema\/person\/dbc3705bf3a93e8be1ba6de0ef950341","name":"rbraidy","image":{"@type":"ImageObject","inLanguage":"es","@id":"https:\/\/medicina.udd.cl\/icim\/#\/schema\/person\/image\/","url":"https:\/\/secure.gravatar.com\/avatar\/0f8bc94637401590e45d2ce17eb65c274cb8870a219de6177f3f23e63fd8cdf3?s=96&d=mm&r=g","contentUrl":"https:\/\/secure.gravatar.com\/avatar\/0f8bc94637401590e45d2ce17eb65c274cb8870a219de6177f3f23e63fd8cdf3?s=96&d=mm&r=g","caption":"rbraidy"},"url":"https:\/\/medicina.udd.cl\/icim\/author\/rbraidy\/"}]}},"featured_image_url":"https:\/\/medicina.udd.cl\/icim\/files\/2023\/04\/icim-seminario-desafios-vacunacion-chile-3.jpg","_links":{"self":[{"href":"https:\/\/medicina.udd.cl\/icim\/wp-json\/wp\/v2\/posts\/11419","targetHints":{"allow":["GET"]}}],"collection":[{"href":"https:\/\/medicina.udd.cl\/icim\/wp-json\/wp\/v2\/posts"}],"about":[{"href":"https:\/\/medicina.udd.cl\/icim\/wp-json\/wp\/v2\/types\/post"}],"author":[{"embeddable":true,"href":"https:\/\/medicina.udd.cl\/icim\/wp-json\/wp\/v2\/users\/9192219"}],"replies":[{"embeddable":true,"href":"https:\/\/medicina.udd.cl\/icim\/wp-json\/wp\/v2\/comments?post=11419"}],"version-history":[{"count":1,"href":"https:\/\/medicina.udd.cl\/icim\/wp-json\/wp\/v2\/posts\/11419\/revisions"}],"predecessor-version":[{"id":11424,"href":"https:\/\/medicina.udd.cl\/icim\/wp-json\/wp\/v2\/posts\/11419\/revisions\/11424"}],"wp:featuredmedia":[{"embeddable":true,"href":"https:\/\/medicina.udd.cl\/icim\/wp-json\/wp\/v2\/media\/11422"}],"wp:attachment":[{"href":"https:\/\/medicina.udd.cl\/icim\/wp-json\/wp\/v2\/media?parent=11419"}],"wp:term":[{"taxonomy":"category","embeddable":true,"href":"https:\/\/medicina.udd.cl\/icim\/wp-json\/wp\/v2\/categories?post=11419"},{"taxonomy":"post_tag","embeddable":true,"href":"https:\/\/medicina.udd.cl\/icim\/wp-json\/wp\/v2\/tags?post=11419"}],"curies":[{"name":"wp","href":"https:\/\/api.w.org\/{rel}","templated":true}]}}