{"id":11474,"date":"2023-05-05T11:16:00","date_gmt":"2023-05-05T15:16:00","guid":{"rendered":"https:\/\/medicina.udd.cl\/icim\/?p=11474"},"modified":"2023-05-08T11:21:36","modified_gmt":"2023-05-08T15:21:36","slug":"se-presenta-solicitud-de-patente-para-peptido-que-disminuye-la-propagacion-del-cancer","status":"publish","type":"post","link":"https:\/\/medicina.udd.cl\/icim\/2023\/05\/05\/se-presenta-solicitud-de-patente-para-peptido-que-disminuye-la-propagacion-del-cancer\/","title":{"rendered":"Se presenta solicitud de patente para p\u00e9ptido que disminuye la propagaci\u00f3n del c\u00e1ncer"},"content":{"rendered":"\n<figure class=\"wp-block-image alignright size-large is-resized\"><img loading=\"lazy\" decoding=\"async\" src=\"https:\/\/medicina.udd.cl\/icim\/files\/2023\/05\/mauricio-retamal-conexinas-2-1024x683.png\" alt=\"\" class=\"wp-image-11475\" width=\"512\" height=\"342\" srcset=\"https:\/\/medicina.udd.cl\/icim\/files\/2023\/05\/mauricio-retamal-conexinas-2-1024x683.png 1024w, https:\/\/medicina.udd.cl\/icim\/files\/2023\/05\/mauricio-retamal-conexinas-2-300x200.png 300w, https:\/\/medicina.udd.cl\/icim\/files\/2023\/05\/mauricio-retamal-conexinas-2-768x512.png 768w, https:\/\/medicina.udd.cl\/icim\/files\/2023\/05\/mauricio-retamal-conexinas-2-1536x1024.png 1536w, https:\/\/medicina.udd.cl\/icim\/files\/2023\/05\/mauricio-retamal-conexinas-2-2048x1365.png 2048w\" sizes=\"auto, (max-width: 512px) 100vw, 512px\" \/><figcaption>Dr. Mauricio Retamal<\/figcaption><\/figure>\n\n\n\n<p>Una nueva solicitud de patente de una tecnolog\u00eda de la Facultad de Medicina Cl\u00ednica Alemana Universidad del Desarrollo, fue presentada ante United States Patent and Trademark Office (USPTO). Se trata de <strong>Connexin 46 Peptid Modulator (18\/191,023)<\/strong>, un p\u00e9ptido que inhibe a la prote\u00edna llamada conexina 46 que permite la comunicaci\u00f3n entre c\u00e9lulas madre cancer\u00edgenas, lo cual se ha asociado con una mayor agresividad de algunos tipos de c\u00e1ncer, como el de mama, melanoma y glioblastoma.<\/p>\n\n\n\n<p>El inventor es el Dr. Mauricio Retamal, investigador y director del Programa de Comunicaci\u00f3n Celular en C\u00e1ncer del Instituto de Ciencias e Investigaci\u00f3n en Medicina (ICIM) de la UDD, y en los \u00faltimos a\u00f1os ha estudiado la responsabilidad de la conexina 46 en la potenciaci\u00f3n de la agresividad de las c\u00e9lulas madre cancer\u00edgenas, e ide\u00f3 esta novedosa tecnolog\u00eda.<\/p>\n\n\n\n<p><strong><u>C\u00e9lulas y c\u00e1ncer<\/u><\/strong><\/p>\n\n\n\n<p>Las c\u00e9lulas madre cancer\u00edgenas, si bien son muy pocas, se caracterizan por tener una mayor agresividad y resistencia a los diferentes tratamientos. Como dice la palabra, \u201cc\u00e9lula madre\u201d es desde donde nacen tanto las <strong>c\u00e9lulas cancer\u00edgenas tumorales<\/strong>, que se encuentran en mayor cantidad, y m\u00e1s <strong>c\u00e9lulas madre cancer\u00edgenas (autorrenovaci\u00f3n). <\/strong>Estas \u00faltimas, adem\u00e1s se han asociado a la aparici\u00f3n y met\u00e1stasis del c\u00e1ncer.<\/p>\n\n\n\n<p>Despu\u00e9s de la aplicaci\u00f3n de tratamientos m\u00e1s utilizados para tratar el c\u00e1ncer, como quimioterapia o radioterapia, puede parecer que la enfermedad se ha controlado, sin embargo, las c\u00e9lulas madre cancer\u00edgenas suelen ser resistentes a estos tratamientos y m\u00e1s a\u00fan, suelen dormirse por un largo tiempo, haci\u00e9ndose indetectables. Pero tiempo despu\u00e9s (meses a a\u00f1os) vuelven a activarse, produciendo nuevas c\u00e9lulas tumorales que inciden en la gravedad del c\u00e1ncer y la met\u00e1stasis hacia otros \u00f3rganos del cuerpo.<\/p>\n\n\n\n<p><em>\u201cUtilizando como ejemplo una abeja reina y su colmena. Si les aplico insecticida puedo espantar a las abejas y lograr despejar el \u00e1rea por un tiempo. Pero la abeja reina, la m\u00e1s resistente y madre de todas las dem\u00e1s, es mucho m\u00e1s dif\u00edcil de erradicar. Con el tiempo, probablemente dar\u00e1 a luz a nuevas abejas y la colmena volver\u00e1 a estar rodeada de ellas. Pero si eliminamos la reina de ra\u00edz, no vuelven m\u00e1s. Este es solo ejemplo, ya que no queremos matar abejas porque est\u00e1n en peligro de extinci\u00f3n\u201d,<\/em> comenta el investigador.&nbsp;<\/p>\n\n\n\n<p><strong>Tecnolog\u00eda<\/strong><\/p>\n\n\n\n<p>Las nuevas c\u00e9lulas madre cancer\u00edgenas se generan principalmente por la interacci\u00f3n entre c\u00e9lulas a trav\u00e9s de la prote\u00edna <strong>conexina 46 <\/strong>que act\u00faa como canal, creando un c\u00e1ncer m\u00e1s potente y peligroso. Sin embargo, el Dr. Retamal observ\u00f3 que, inhibiendo esa prote\u00edna, y, por ende, esta interacci\u00f3n, era posible disminuir la agresividad de este tipo de c\u00e9lulas.<\/p>\n\n\n\n<p><strong><em>\u201cNo existen mol\u00e9culas que inhiban a la conexina 46. Hay correlaciones entre la presencia de la conexina 46 y c\u00e9lulas madre cancer\u00edgenas. Si eliminamos la conexina, podemos eliminar las propiedades de c\u00e1ncer, dado que no hay nada espec\u00edfico que modular<\/em><\/strong>\u201d, se\u00f1ala Mauricio. <strong><em>&nbsp;<\/em><\/strong>As\u00ed, en su laboratorio logr\u00f3 crear una mol\u00e9cula que inhibe la conexina 46, evitando las conexiones que generan nuevas c\u00e9lulas cancer\u00edgenas.<\/p>\n\n\n\n<p>Tras varios experimentos, elaboraron un p\u00e9ptido que logr\u00f3 este efecto inhibitorio, un modelo de estudio en cultivo que tiene como foco la eliminaci\u00f3n del origen celular del c\u00e1ncer y para el cual recientemente se envi\u00f3 la solicitud de patentamiento.<\/p>\n","protected":false},"excerpt":{"rendered":"<p>Una nueva solicitud de patente de una tecnolog\u00eda de la Facultad de Medicina Cl\u00ednica Alemana Universidad del Desarrollo, fue presentada ante United States Patent and Trademark Office (USPTO). Se trata de Connexin 46 Peptid Modulator (18\/191,023), un p\u00e9ptido que inhibe a la prote\u00edna llamada conexina 46 que permite la comunicaci\u00f3n entre c\u00e9lulas madre cancer\u00edgenas, lo [&hellip;]<\/p>\n","protected":false},"author":9192219,"featured_media":11475,"comment_status":"closed","ping_status":"open","sticky":false,"template":"","format":"standard","meta":{"footnotes":""},"categories":[4],"tags":[],"class_list":["post-11474","post","type-post","status-publish","format-standard","has-post-thumbnail","hentry","category-noticias"],"yoast_head":"<!-- This site is optimized with the Yoast SEO plugin v26.9 - https:\/\/yoast.com\/product\/yoast-seo-wordpress\/ -->\n<title>Se presenta solicitud de patente para p\u00e9ptido que disminuye la propagaci\u00f3n del c\u00e1ncer - ICIM<\/title>\n<meta name=\"robots\" content=\"index, follow, max-snippet:-1, max-image-preview:large, max-video-preview:-1\" \/>\n<link rel=\"canonical\" href=\"https:\/\/medicina.udd.cl\/icim\/2023\/05\/05\/se-presenta-solicitud-de-patente-para-peptido-que-disminuye-la-propagacion-del-cancer\/\" \/>\n<meta property=\"og:locale\" content=\"es_ES\" \/>\n<meta property=\"og:type\" content=\"article\" \/>\n<meta property=\"og:title\" content=\"Se presenta solicitud de patente para p\u00e9ptido que disminuye la propagaci\u00f3n del c\u00e1ncer - ICIM\" \/>\n<meta property=\"og:description\" content=\"Una nueva solicitud de patente de una tecnolog\u00eda de la Facultad de Medicina Cl\u00ednica Alemana Universidad del Desarrollo, fue presentada ante United States Patent and Trademark Office (USPTO). Se trata de Connexin 46 Peptid Modulator (18\/191,023), un p\u00e9ptido que inhibe a la prote\u00edna llamada conexina 46 que permite la comunicaci\u00f3n entre c\u00e9lulas madre cancer\u00edgenas, lo [&hellip;]\" \/>\n<meta property=\"og:url\" content=\"https:\/\/medicina.udd.cl\/icim\/2023\/05\/05\/se-presenta-solicitud-de-patente-para-peptido-que-disminuye-la-propagacion-del-cancer\/\" \/>\n<meta property=\"og:site_name\" content=\"ICIM\" \/>\n<meta property=\"article:published_time\" content=\"2023-05-05T15:16:00+00:00\" \/>\n<meta property=\"article:modified_time\" content=\"2023-05-08T15:21:36+00:00\" \/>\n<meta property=\"og:image\" content=\"https:\/\/medicina.udd.cl\/icim\/files\/2023\/05\/mauricio-retamal-conexinas-2-1024x683.png\" \/>\n\t<meta property=\"og:image:width\" content=\"1024\" \/>\n\t<meta property=\"og:image:height\" content=\"683\" \/>\n\t<meta property=\"og:image:type\" content=\"image\/png\" \/>\n<meta name=\"author\" content=\"rbraidy\" \/>\n<meta name=\"twitter:card\" content=\"summary_large_image\" \/>\n<meta name=\"twitter:label1\" content=\"Escrito por\" \/>\n\t<meta name=\"twitter:data1\" content=\"rbraidy\" \/>\n\t<meta name=\"twitter:label2\" content=\"Tiempo de lectura\" \/>\n\t<meta name=\"twitter:data2\" content=\"3 minutos\" \/>\n<script type=\"application\/ld+json\" class=\"yoast-schema-graph\">{\"@context\":\"https:\/\/schema.org\",\"@graph\":[{\"@type\":\"Article\",\"@id\":\"https:\/\/medicina.udd.cl\/icim\/2023\/05\/05\/se-presenta-solicitud-de-patente-para-peptido-que-disminuye-la-propagacion-del-cancer\/#article\",\"isPartOf\":{\"@id\":\"https:\/\/medicina.udd.cl\/icim\/2023\/05\/05\/se-presenta-solicitud-de-patente-para-peptido-que-disminuye-la-propagacion-del-cancer\/\"},\"author\":{\"name\":\"rbraidy\",\"@id\":\"https:\/\/medicina.udd.cl\/icim\/#\/schema\/person\/dbc3705bf3a93e8be1ba6de0ef950341\"},\"headline\":\"Se presenta solicitud de patente para p\u00e9ptido que disminuye la propagaci\u00f3n del c\u00e1ncer\",\"datePublished\":\"2023-05-05T15:16:00+00:00\",\"dateModified\":\"2023-05-08T15:21:36+00:00\",\"mainEntityOfPage\":{\"@id\":\"https:\/\/medicina.udd.cl\/icim\/2023\/05\/05\/se-presenta-solicitud-de-patente-para-peptido-que-disminuye-la-propagacion-del-cancer\/\"},\"wordCount\":616,\"image\":{\"@id\":\"https:\/\/medicina.udd.cl\/icim\/2023\/05\/05\/se-presenta-solicitud-de-patente-para-peptido-que-disminuye-la-propagacion-del-cancer\/#primaryimage\"},\"thumbnailUrl\":\"https:\/\/medicina.udd.cl\/icim\/files\/2023\/05\/mauricio-retamal-conexinas-2.png\",\"articleSection\":[\"Noticias\"],\"inLanguage\":\"es\"},{\"@type\":\"WebPage\",\"@id\":\"https:\/\/medicina.udd.cl\/icim\/2023\/05\/05\/se-presenta-solicitud-de-patente-para-peptido-que-disminuye-la-propagacion-del-cancer\/\",\"url\":\"https:\/\/medicina.udd.cl\/icim\/2023\/05\/05\/se-presenta-solicitud-de-patente-para-peptido-que-disminuye-la-propagacion-del-cancer\/\",\"name\":\"Se presenta solicitud de patente para p\u00e9ptido que disminuye la propagaci\u00f3n del c\u00e1ncer - ICIM\",\"isPartOf\":{\"@id\":\"https:\/\/medicina.udd.cl\/icim\/#website\"},\"primaryImageOfPage\":{\"@id\":\"https:\/\/medicina.udd.cl\/icim\/2023\/05\/05\/se-presenta-solicitud-de-patente-para-peptido-que-disminuye-la-propagacion-del-cancer\/#primaryimage\"},\"image\":{\"@id\":\"https:\/\/medicina.udd.cl\/icim\/2023\/05\/05\/se-presenta-solicitud-de-patente-para-peptido-que-disminuye-la-propagacion-del-cancer\/#primaryimage\"},\"thumbnailUrl\":\"https:\/\/medicina.udd.cl\/icim\/files\/2023\/05\/mauricio-retamal-conexinas-2.png\",\"datePublished\":\"2023-05-05T15:16:00+00:00\",\"dateModified\":\"2023-05-08T15:21:36+00:00\",\"author\":{\"@id\":\"https:\/\/medicina.udd.cl\/icim\/#\/schema\/person\/dbc3705bf3a93e8be1ba6de0ef950341\"},\"breadcrumb\":{\"@id\":\"https:\/\/medicina.udd.cl\/icim\/2023\/05\/05\/se-presenta-solicitud-de-patente-para-peptido-que-disminuye-la-propagacion-del-cancer\/#breadcrumb\"},\"inLanguage\":\"es\",\"potentialAction\":[{\"@type\":\"ReadAction\",\"target\":[\"https:\/\/medicina.udd.cl\/icim\/2023\/05\/05\/se-presenta-solicitud-de-patente-para-peptido-que-disminuye-la-propagacion-del-cancer\/\"]}]},{\"@type\":\"ImageObject\",\"inLanguage\":\"es\",\"@id\":\"https:\/\/medicina.udd.cl\/icim\/2023\/05\/05\/se-presenta-solicitud-de-patente-para-peptido-que-disminuye-la-propagacion-del-cancer\/#primaryimage\",\"url\":\"https:\/\/medicina.udd.cl\/icim\/files\/2023\/05\/mauricio-retamal-conexinas-2.png\",\"contentUrl\":\"https:\/\/medicina.udd.cl\/icim\/files\/2023\/05\/mauricio-retamal-conexinas-2.png\",\"width\":3456,\"height\":2304},{\"@type\":\"BreadcrumbList\",\"@id\":\"https:\/\/medicina.udd.cl\/icim\/2023\/05\/05\/se-presenta-solicitud-de-patente-para-peptido-que-disminuye-la-propagacion-del-cancer\/#breadcrumb\",\"itemListElement\":[{\"@type\":\"ListItem\",\"position\":1,\"name\":\"Inicio\",\"item\":\"https:\/\/medicina.udd.cl\/icim\/\"},{\"@type\":\"ListItem\",\"position\":2,\"name\":\"Se presenta solicitud de patente para p\u00e9ptido que disminuye la propagaci\u00f3n del c\u00e1ncer\"}]},{\"@type\":\"WebSite\",\"@id\":\"https:\/\/medicina.udd.cl\/icim\/#website\",\"url\":\"https:\/\/medicina.udd.cl\/icim\/\",\"name\":\"ICIM\",\"description\":\"Una iniciativa de Universidad del Desarrollo y Cl\u00ednica Alemana\",\"inLanguage\":\"es\"},{\"@type\":\"Person\",\"@id\":\"https:\/\/medicina.udd.cl\/icim\/#\/schema\/person\/dbc3705bf3a93e8be1ba6de0ef950341\",\"name\":\"rbraidy\",\"image\":{\"@type\":\"ImageObject\",\"inLanguage\":\"es\",\"@id\":\"https:\/\/medicina.udd.cl\/icim\/#\/schema\/person\/image\/\",\"url\":\"https:\/\/secure.gravatar.com\/avatar\/0f8bc94637401590e45d2ce17eb65c274cb8870a219de6177f3f23e63fd8cdf3?s=96&d=mm&r=g\",\"contentUrl\":\"https:\/\/secure.gravatar.com\/avatar\/0f8bc94637401590e45d2ce17eb65c274cb8870a219de6177f3f23e63fd8cdf3?s=96&d=mm&r=g\",\"caption\":\"rbraidy\"},\"url\":\"https:\/\/medicina.udd.cl\/icim\/author\/rbraidy\/\"}]}<\/script>\n<!-- \/ Yoast SEO plugin. -->","yoast_head_json":{"title":"Se presenta solicitud de patente para p\u00e9ptido que disminuye la propagaci\u00f3n del c\u00e1ncer - ICIM","robots":{"index":"index","follow":"follow","max-snippet":"max-snippet:-1","max-image-preview":"max-image-preview:large","max-video-preview":"max-video-preview:-1"},"canonical":"https:\/\/medicina.udd.cl\/icim\/2023\/05\/05\/se-presenta-solicitud-de-patente-para-peptido-que-disminuye-la-propagacion-del-cancer\/","og_locale":"es_ES","og_type":"article","og_title":"Se presenta solicitud de patente para p\u00e9ptido que disminuye la propagaci\u00f3n del c\u00e1ncer - ICIM","og_description":"Una nueva solicitud de patente de una tecnolog\u00eda de la Facultad de Medicina Cl\u00ednica Alemana Universidad del Desarrollo, fue presentada ante United States Patent and Trademark Office (USPTO). Se trata de Connexin 46 Peptid Modulator (18\/191,023), un p\u00e9ptido que inhibe a la prote\u00edna llamada conexina 46 que permite la comunicaci\u00f3n entre c\u00e9lulas madre cancer\u00edgenas, lo [&hellip;]","og_url":"https:\/\/medicina.udd.cl\/icim\/2023\/05\/05\/se-presenta-solicitud-de-patente-para-peptido-que-disminuye-la-propagacion-del-cancer\/","og_site_name":"ICIM","article_published_time":"2023-05-05T15:16:00+00:00","article_modified_time":"2023-05-08T15:21:36+00:00","og_image":[{"width":1024,"height":683,"url":"https:\/\/medicina.udd.cl\/icim\/files\/2023\/05\/mauricio-retamal-conexinas-2-1024x683.png","type":"image\/png"}],"author":"rbraidy","twitter_card":"summary_large_image","twitter_misc":{"Escrito por":"rbraidy","Tiempo de lectura":"3 minutos"},"schema":{"@context":"https:\/\/schema.org","@graph":[{"@type":"Article","@id":"https:\/\/medicina.udd.cl\/icim\/2023\/05\/05\/se-presenta-solicitud-de-patente-para-peptido-que-disminuye-la-propagacion-del-cancer\/#article","isPartOf":{"@id":"https:\/\/medicina.udd.cl\/icim\/2023\/05\/05\/se-presenta-solicitud-de-patente-para-peptido-que-disminuye-la-propagacion-del-cancer\/"},"author":{"name":"rbraidy","@id":"https:\/\/medicina.udd.cl\/icim\/#\/schema\/person\/dbc3705bf3a93e8be1ba6de0ef950341"},"headline":"Se presenta solicitud de patente para p\u00e9ptido que disminuye la propagaci\u00f3n del c\u00e1ncer","datePublished":"2023-05-05T15:16:00+00:00","dateModified":"2023-05-08T15:21:36+00:00","mainEntityOfPage":{"@id":"https:\/\/medicina.udd.cl\/icim\/2023\/05\/05\/se-presenta-solicitud-de-patente-para-peptido-que-disminuye-la-propagacion-del-cancer\/"},"wordCount":616,"image":{"@id":"https:\/\/medicina.udd.cl\/icim\/2023\/05\/05\/se-presenta-solicitud-de-patente-para-peptido-que-disminuye-la-propagacion-del-cancer\/#primaryimage"},"thumbnailUrl":"https:\/\/medicina.udd.cl\/icim\/files\/2023\/05\/mauricio-retamal-conexinas-2.png","articleSection":["Noticias"],"inLanguage":"es"},{"@type":"WebPage","@id":"https:\/\/medicina.udd.cl\/icim\/2023\/05\/05\/se-presenta-solicitud-de-patente-para-peptido-que-disminuye-la-propagacion-del-cancer\/","url":"https:\/\/medicina.udd.cl\/icim\/2023\/05\/05\/se-presenta-solicitud-de-patente-para-peptido-que-disminuye-la-propagacion-del-cancer\/","name":"Se presenta solicitud de patente para p\u00e9ptido que disminuye la propagaci\u00f3n del c\u00e1ncer - ICIM","isPartOf":{"@id":"https:\/\/medicina.udd.cl\/icim\/#website"},"primaryImageOfPage":{"@id":"https:\/\/medicina.udd.cl\/icim\/2023\/05\/05\/se-presenta-solicitud-de-patente-para-peptido-que-disminuye-la-propagacion-del-cancer\/#primaryimage"},"image":{"@id":"https:\/\/medicina.udd.cl\/icim\/2023\/05\/05\/se-presenta-solicitud-de-patente-para-peptido-que-disminuye-la-propagacion-del-cancer\/#primaryimage"},"thumbnailUrl":"https:\/\/medicina.udd.cl\/icim\/files\/2023\/05\/mauricio-retamal-conexinas-2.png","datePublished":"2023-05-05T15:16:00+00:00","dateModified":"2023-05-08T15:21:36+00:00","author":{"@id":"https:\/\/medicina.udd.cl\/icim\/#\/schema\/person\/dbc3705bf3a93e8be1ba6de0ef950341"},"breadcrumb":{"@id":"https:\/\/medicina.udd.cl\/icim\/2023\/05\/05\/se-presenta-solicitud-de-patente-para-peptido-que-disminuye-la-propagacion-del-cancer\/#breadcrumb"},"inLanguage":"es","potentialAction":[{"@type":"ReadAction","target":["https:\/\/medicina.udd.cl\/icim\/2023\/05\/05\/se-presenta-solicitud-de-patente-para-peptido-que-disminuye-la-propagacion-del-cancer\/"]}]},{"@type":"ImageObject","inLanguage":"es","@id":"https:\/\/medicina.udd.cl\/icim\/2023\/05\/05\/se-presenta-solicitud-de-patente-para-peptido-que-disminuye-la-propagacion-del-cancer\/#primaryimage","url":"https:\/\/medicina.udd.cl\/icim\/files\/2023\/05\/mauricio-retamal-conexinas-2.png","contentUrl":"https:\/\/medicina.udd.cl\/icim\/files\/2023\/05\/mauricio-retamal-conexinas-2.png","width":3456,"height":2304},{"@type":"BreadcrumbList","@id":"https:\/\/medicina.udd.cl\/icim\/2023\/05\/05\/se-presenta-solicitud-de-patente-para-peptido-que-disminuye-la-propagacion-del-cancer\/#breadcrumb","itemListElement":[{"@type":"ListItem","position":1,"name":"Inicio","item":"https:\/\/medicina.udd.cl\/icim\/"},{"@type":"ListItem","position":2,"name":"Se presenta solicitud de patente para p\u00e9ptido que disminuye la propagaci\u00f3n del c\u00e1ncer"}]},{"@type":"WebSite","@id":"https:\/\/medicina.udd.cl\/icim\/#website","url":"https:\/\/medicina.udd.cl\/icim\/","name":"ICIM","description":"Una iniciativa de Universidad del Desarrollo y Cl\u00ednica Alemana","inLanguage":"es"},{"@type":"Person","@id":"https:\/\/medicina.udd.cl\/icim\/#\/schema\/person\/dbc3705bf3a93e8be1ba6de0ef950341","name":"rbraidy","image":{"@type":"ImageObject","inLanguage":"es","@id":"https:\/\/medicina.udd.cl\/icim\/#\/schema\/person\/image\/","url":"https:\/\/secure.gravatar.com\/avatar\/0f8bc94637401590e45d2ce17eb65c274cb8870a219de6177f3f23e63fd8cdf3?s=96&d=mm&r=g","contentUrl":"https:\/\/secure.gravatar.com\/avatar\/0f8bc94637401590e45d2ce17eb65c274cb8870a219de6177f3f23e63fd8cdf3?s=96&d=mm&r=g","caption":"rbraidy"},"url":"https:\/\/medicina.udd.cl\/icim\/author\/rbraidy\/"}]}},"featured_image_url":"https:\/\/medicina.udd.cl\/icim\/files\/2023\/05\/mauricio-retamal-conexinas-2.png","_links":{"self":[{"href":"https:\/\/medicina.udd.cl\/icim\/wp-json\/wp\/v2\/posts\/11474","targetHints":{"allow":["GET"]}}],"collection":[{"href":"https:\/\/medicina.udd.cl\/icim\/wp-json\/wp\/v2\/posts"}],"about":[{"href":"https:\/\/medicina.udd.cl\/icim\/wp-json\/wp\/v2\/types\/post"}],"author":[{"embeddable":true,"href":"https:\/\/medicina.udd.cl\/icim\/wp-json\/wp\/v2\/users\/9192219"}],"replies":[{"embeddable":true,"href":"https:\/\/medicina.udd.cl\/icim\/wp-json\/wp\/v2\/comments?post=11474"}],"version-history":[{"count":1,"href":"https:\/\/medicina.udd.cl\/icim\/wp-json\/wp\/v2\/posts\/11474\/revisions"}],"predecessor-version":[{"id":11477,"href":"https:\/\/medicina.udd.cl\/icim\/wp-json\/wp\/v2\/posts\/11474\/revisions\/11477"}],"wp:featuredmedia":[{"embeddable":true,"href":"https:\/\/medicina.udd.cl\/icim\/wp-json\/wp\/v2\/media\/11475"}],"wp:attachment":[{"href":"https:\/\/medicina.udd.cl\/icim\/wp-json\/wp\/v2\/media?parent=11474"}],"wp:term":[{"taxonomy":"category","embeddable":true,"href":"https:\/\/medicina.udd.cl\/icim\/wp-json\/wp\/v2\/categories?post=11474"},{"taxonomy":"post_tag","embeddable":true,"href":"https:\/\/medicina.udd.cl\/icim\/wp-json\/wp\/v2\/tags?post=11474"}],"curies":[{"name":"wp","href":"https:\/\/api.w.org\/{rel}","templated":true}]}}