{"id":11819,"date":"2023-11-08T16:35:44","date_gmt":"2023-11-08T19:35:44","guid":{"rendered":"https:\/\/medicina.udd.cl\/icim\/?p=11819"},"modified":"2023-11-08T16:35:45","modified_gmt":"2023-11-08T19:35:45","slug":"investigacion-de-la-dra-cecilia-poli-es-publicada-en-la-revista-nature","status":"publish","type":"post","link":"https:\/\/medicina.udd.cl\/icim\/2023\/11\/08\/investigacion-de-la-dra-cecilia-poli-es-publicada-en-la-revista-nature\/","title":{"rendered":"Investigaci\u00f3n de la Dra. Cecilia Poli es publicada en la revista Nature"},"content":{"rendered":"\n<figure class=\"wp-block-image alignleft size-full is-resized\"><img loading=\"lazy\" decoding=\"async\" src=\"https:\/\/medicina.udd.cl\/icim\/files\/2023\/11\/dra-cecilia-poli-750x750-1.jpg\" alt=\"\" class=\"wp-image-11820\" width=\"312\" height=\"312\" srcset=\"https:\/\/medicina.udd.cl\/icim\/files\/2023\/11\/dra-cecilia-poli-750x750-1.jpg 750w, https:\/\/medicina.udd.cl\/icim\/files\/2023\/11\/dra-cecilia-poli-750x750-1-300x300.jpg 300w, https:\/\/medicina.udd.cl\/icim\/files\/2023\/11\/dra-cecilia-poli-750x750-1-150x150.jpg 150w, https:\/\/medicina.udd.cl\/icim\/files\/2023\/11\/dra-cecilia-poli-750x750-1-62x62.jpg 62w, https:\/\/medicina.udd.cl\/icim\/files\/2023\/11\/dra-cecilia-poli-750x750-1-500x500.jpg 500w, https:\/\/medicina.udd.cl\/icim\/files\/2023\/11\/dra-cecilia-poli-750x750-1-250x250.jpg 250w, https:\/\/medicina.udd.cl\/icim\/files\/2023\/11\/dra-cecilia-poli-750x750-1-126x126.jpg 126w\" sizes=\"auto, (max-width: 312px) 100vw, 312px\" \/><figcaption>Dra. Cecilia Poli<\/figcaption><\/figure>\n\n\n\n<p><\/p>\n\n\n\n<p>El art\u00edculo \u201c<a href=\"https:\/\/www.nature.com\/articles\/s41586-023-06717-x\" target=\"_blank\" rel=\"noreferrer noopener\">Autoantibodies against type I IFNs in humans with alternative NF-\u03baB pathway deficiency<\/a>\u201d re\u00fane el trabajo de m\u00e1s de 80 investigadores de importantes centros de investigaci\u00f3n del mundo, cuyo trabajo permitir\u00e1 saber, a trav\u00e9s de la medici\u00f3n de anticuerpos contra el interfer\u00f3n tipo I, si es que la respuesta de un paciente al Covid ser\u00e1 grave o no.&nbsp;<\/p>\n\n\n\n<p>\u201c<em>En este trabajo se demuestra el gran valor de estudiar los errores innatos (cong\u00e9nitos) de la inmunidad), ya que nos permiten entender c\u00f3mo funciona el sistema inmune humano<\/em>\u201d, comenta la Dra. Cecilia Poli. En el art\u00edculo, se describe c\u00f3mo los pacientes con defectos gen\u00e9ticos en la v\u00eda de\u00a0NF-\u03baB alteran el desarrollo de las c\u00e9lulas que expresan el gen\u00a0<em>AIRE,<\/em>\u00a0que es responsable de educar a las c\u00e9lulas del sistema inmune para prevenir la autoinmunidad. \u201c<em>En este estudio se demuestra que producto de este defecto, estos pacientes tienen anticuerpos contra interferones tipo I que son fundamentales en la respuesta antiviral y por lo tanto los hacen susceptibles de infecciones graves tales como COVID19<\/em>\u201d, explica la Dra. Poli. \u00a0<\/p>\n\n\n\n<p>El estudio, liderado por el investigador PhD \u00a9 Tom Le Voyer, del\u00a0Laboratorio de Gen\u00e9tica Humana de Enfermedades Infecciosas\u00a0del Imagine Institute for Genetic Diseases, fue realizado a partir de investigaciones previas del consorcio \u201c<a href=\"https:\/\/www.covidhge.com\/\" target=\"_blank\" rel=\"noreferrer noopener\">Covid Human Gentic Effort<\/a>\u201d liderado por el\u00a0 Dr. Jean-Laurent Casanova en que se ha comprobado la importancia de la v\u00eda de interferones tipo 1 en COVID grave demostrando que tanto los pacientes con defectos gen\u00e9ticos y autoanticuerpos contra este tipo de interferones son susceptibles de desarrollar COVID grave.<em> \u201cLa importancia de esto radica en que se podr\u00edan medir los anticuerpos contra el interfer\u00f3n tipo 1 y as\u00ed determinar el riesgo de los individuos a desarrollar COVID grave e intervenirlos precozmente con aplicaci\u00f3n de interferones tipos 1 para prevenir consecuencias letales<\/em>\u201d destaca la Dra. Poli.\u00a0<\/p>\n\n\n\n<p>En palabras simples, los interferones son prote\u00ednas producidas y liberadas por las c\u00e9lulas del sistema inmunol\u00f3gico en respuesta a la presencia de virus, bacterias, par\u00e1sitos o tumores, as\u00ed como a otras sustancias extra\u00f1as. Estas prote\u00ednas desempe\u00f1an un papel crucial en la regulaci\u00f3n de la respuesta inmune del cuerpo. La investigaci\u00f3n realizada respalda la relevancia de los anticuerpos anti interfer\u00f3n tipo I en la predisposici\u00f3n a enfermedades virales graves. Los pacientes con errores cong\u00e9nitos en la v\u00eda alternativa de NF-\u03baB presentan una baja expresi\u00f3n t\u00edmica de AIRE, lo que conduce al desarrollo de autoanticuerpos que neutralizan los interferones tipo I y debilitan la respuesta inmune antiviral.&nbsp;<\/p>\n\n\n\n<p>La&nbsp; Dra. Poli es directora del Centro Jeffrey Modell Foundation para investigaci\u00f3n y diagn\u00f3stico de inmunodeficiencias y cuenta con financiamiento Fondecyt Regular \u201cGen\u00f3mica funcional en las enfermedades autoinflamatorias\u201d los que hicieron posible el reclutamiento de pacientes con este defecto gen\u00e9tico espec\u00edfico. &nbsp;<\/p>\n","protected":false},"excerpt":{"rendered":"<p>El art\u00edculo \u201cAutoantibodies against type I IFNs in humans with alternative NF-\u03baB pathway deficiency\u201d re\u00fane el trabajo de m\u00e1s de 80 investigadores de importantes centros de investigaci\u00f3n del mundo, cuyo trabajo permitir\u00e1 saber, a trav\u00e9s de la medici\u00f3n de anticuerpos contra el interfer\u00f3n tipo I, si es que la respuesta de un paciente al Covid [&hellip;]<\/p>\n","protected":false},"author":9192254,"featured_media":11821,"comment_status":"closed","ping_status":"open","sticky":false,"template":"","format":"standard","meta":{"footnotes":""},"categories":[4],"tags":[],"class_list":["post-11819","post","type-post","status-publish","format-standard","has-post-thumbnail","hentry","category-noticias"],"yoast_head":"<!-- This site is optimized with the Yoast SEO plugin v26.9 - https:\/\/yoast.com\/product\/yoast-seo-wordpress\/ -->\n<title>Investigaci\u00f3n de la Dra. Cecilia Poli es publicada en la revista Nature - ICIM<\/title>\n<meta name=\"robots\" content=\"index, follow, max-snippet:-1, max-image-preview:large, max-video-preview:-1\" \/>\n<link rel=\"canonical\" href=\"https:\/\/medicina.udd.cl\/icim\/2023\/11\/08\/investigacion-de-la-dra-cecilia-poli-es-publicada-en-la-revista-nature\/\" \/>\n<meta property=\"og:locale\" content=\"es_ES\" \/>\n<meta property=\"og:type\" content=\"article\" \/>\n<meta property=\"og:title\" content=\"Investigaci\u00f3n de la Dra. Cecilia Poli es publicada en la revista Nature - ICIM\" \/>\n<meta property=\"og:description\" content=\"El art\u00edculo \u201cAutoantibodies against type I IFNs in humans with alternative NF-\u03baB pathway deficiency\u201d re\u00fane el trabajo de m\u00e1s de 80 investigadores de importantes centros de investigaci\u00f3n del mundo, cuyo trabajo permitir\u00e1 saber, a trav\u00e9s de la medici\u00f3n de anticuerpos contra el interfer\u00f3n tipo I, si es que la respuesta de un paciente al Covid [&hellip;]\" \/>\n<meta property=\"og:url\" content=\"https:\/\/medicina.udd.cl\/icim\/2023\/11\/08\/investigacion-de-la-dra-cecilia-poli-es-publicada-en-la-revista-nature\/\" \/>\n<meta property=\"og:site_name\" content=\"ICIM\" \/>\n<meta property=\"article:published_time\" content=\"2023-11-08T19:35:44+00:00\" \/>\n<meta property=\"article:modified_time\" content=\"2023-11-08T19:35:45+00:00\" \/>\n<meta property=\"og:image\" content=\"https:\/\/medicina.udd.cl\/icim\/files\/2023\/11\/maqueta-tema-revista-nature_23-2148311980.png\" \/>\n\t<meta property=\"og:image:width\" content=\"626\" \/>\n\t<meta property=\"og:image:height\" content=\"470\" \/>\n\t<meta property=\"og:image:type\" content=\"image\/png\" \/>\n<meta name=\"author\" content=\"magdalenaestay\" \/>\n<meta name=\"twitter:card\" content=\"summary_large_image\" \/>\n<meta name=\"twitter:label1\" content=\"Escrito por\" \/>\n\t<meta name=\"twitter:data1\" content=\"magdalenaestay\" \/>\n\t<meta name=\"twitter:label2\" content=\"Tiempo de lectura\" \/>\n\t<meta name=\"twitter:data2\" content=\"3 minutos\" \/>\n<script type=\"application\/ld+json\" class=\"yoast-schema-graph\">{\"@context\":\"https:\/\/schema.org\",\"@graph\":[{\"@type\":\"Article\",\"@id\":\"https:\/\/medicina.udd.cl\/icim\/2023\/11\/08\/investigacion-de-la-dra-cecilia-poli-es-publicada-en-la-revista-nature\/#article\",\"isPartOf\":{\"@id\":\"https:\/\/medicina.udd.cl\/icim\/2023\/11\/08\/investigacion-de-la-dra-cecilia-poli-es-publicada-en-la-revista-nature\/\"},\"author\":{\"name\":\"magdalenaestay\",\"@id\":\"https:\/\/medicina.udd.cl\/icim\/#\/schema\/person\/ed6f79d59c0f820f128a5bb9801ef1f2\"},\"headline\":\"Investigaci\u00f3n de la Dra. Cecilia Poli es publicada en la revista Nature\",\"datePublished\":\"2023-11-08T19:35:44+00:00\",\"dateModified\":\"2023-11-08T19:35:45+00:00\",\"mainEntityOfPage\":{\"@id\":\"https:\/\/medicina.udd.cl\/icim\/2023\/11\/08\/investigacion-de-la-dra-cecilia-poli-es-publicada-en-la-revista-nature\/\"},\"wordCount\":509,\"image\":{\"@id\":\"https:\/\/medicina.udd.cl\/icim\/2023\/11\/08\/investigacion-de-la-dra-cecilia-poli-es-publicada-en-la-revista-nature\/#primaryimage\"},\"thumbnailUrl\":\"https:\/\/medicina.udd.cl\/icim\/files\/2023\/11\/maqueta-tema-revista-nature_23-2148311980.png\",\"articleSection\":[\"Noticias\"],\"inLanguage\":\"es\"},{\"@type\":\"WebPage\",\"@id\":\"https:\/\/medicina.udd.cl\/icim\/2023\/11\/08\/investigacion-de-la-dra-cecilia-poli-es-publicada-en-la-revista-nature\/\",\"url\":\"https:\/\/medicina.udd.cl\/icim\/2023\/11\/08\/investigacion-de-la-dra-cecilia-poli-es-publicada-en-la-revista-nature\/\",\"name\":\"Investigaci\u00f3n de la Dra. Cecilia Poli es publicada en la revista Nature - ICIM\",\"isPartOf\":{\"@id\":\"https:\/\/medicina.udd.cl\/icim\/#website\"},\"primaryImageOfPage\":{\"@id\":\"https:\/\/medicina.udd.cl\/icim\/2023\/11\/08\/investigacion-de-la-dra-cecilia-poli-es-publicada-en-la-revista-nature\/#primaryimage\"},\"image\":{\"@id\":\"https:\/\/medicina.udd.cl\/icim\/2023\/11\/08\/investigacion-de-la-dra-cecilia-poli-es-publicada-en-la-revista-nature\/#primaryimage\"},\"thumbnailUrl\":\"https:\/\/medicina.udd.cl\/icim\/files\/2023\/11\/maqueta-tema-revista-nature_23-2148311980.png\",\"datePublished\":\"2023-11-08T19:35:44+00:00\",\"dateModified\":\"2023-11-08T19:35:45+00:00\",\"author\":{\"@id\":\"https:\/\/medicina.udd.cl\/icim\/#\/schema\/person\/ed6f79d59c0f820f128a5bb9801ef1f2\"},\"breadcrumb\":{\"@id\":\"https:\/\/medicina.udd.cl\/icim\/2023\/11\/08\/investigacion-de-la-dra-cecilia-poli-es-publicada-en-la-revista-nature\/#breadcrumb\"},\"inLanguage\":\"es\",\"potentialAction\":[{\"@type\":\"ReadAction\",\"target\":[\"https:\/\/medicina.udd.cl\/icim\/2023\/11\/08\/investigacion-de-la-dra-cecilia-poli-es-publicada-en-la-revista-nature\/\"]}]},{\"@type\":\"ImageObject\",\"inLanguage\":\"es\",\"@id\":\"https:\/\/medicina.udd.cl\/icim\/2023\/11\/08\/investigacion-de-la-dra-cecilia-poli-es-publicada-en-la-revista-nature\/#primaryimage\",\"url\":\"https:\/\/medicina.udd.cl\/icim\/files\/2023\/11\/maqueta-tema-revista-nature_23-2148311980.png\",\"contentUrl\":\"https:\/\/medicina.udd.cl\/icim\/files\/2023\/11\/maqueta-tema-revista-nature_23-2148311980.png\",\"width\":626,\"height\":470},{\"@type\":\"BreadcrumbList\",\"@id\":\"https:\/\/medicina.udd.cl\/icim\/2023\/11\/08\/investigacion-de-la-dra-cecilia-poli-es-publicada-en-la-revista-nature\/#breadcrumb\",\"itemListElement\":[{\"@type\":\"ListItem\",\"position\":1,\"name\":\"Inicio\",\"item\":\"https:\/\/medicina.udd.cl\/icim\/\"},{\"@type\":\"ListItem\",\"position\":2,\"name\":\"Investigaci\u00f3n de la Dra. Cecilia Poli es publicada en la revista Nature\"}]},{\"@type\":\"WebSite\",\"@id\":\"https:\/\/medicina.udd.cl\/icim\/#website\",\"url\":\"https:\/\/medicina.udd.cl\/icim\/\",\"name\":\"ICIM\",\"description\":\"Una iniciativa de Universidad del Desarrollo y Cl\u00ednica Alemana\",\"inLanguage\":\"es\"},{\"@type\":\"Person\",\"@id\":\"https:\/\/medicina.udd.cl\/icim\/#\/schema\/person\/ed6f79d59c0f820f128a5bb9801ef1f2\",\"name\":\"magdalenaestay\",\"image\":{\"@type\":\"ImageObject\",\"inLanguage\":\"es\",\"@id\":\"https:\/\/medicina.udd.cl\/icim\/#\/schema\/person\/image\/\",\"url\":\"https:\/\/secure.gravatar.com\/avatar\/b068ccaa115501438dab22979d0ff56e6306c4f89777269db483369ec65d8dc1?s=96&d=mm&r=g\",\"contentUrl\":\"https:\/\/secure.gravatar.com\/avatar\/b068ccaa115501438dab22979d0ff56e6306c4f89777269db483369ec65d8dc1?s=96&d=mm&r=g\",\"caption\":\"magdalenaestay\"},\"url\":\"https:\/\/medicina.udd.cl\/icim\/author\/magdalenaestay\/\"}]}<\/script>\n<!-- \/ Yoast SEO plugin. -->","yoast_head_json":{"title":"Investigaci\u00f3n de la Dra. Cecilia Poli es publicada en la revista Nature - ICIM","robots":{"index":"index","follow":"follow","max-snippet":"max-snippet:-1","max-image-preview":"max-image-preview:large","max-video-preview":"max-video-preview:-1"},"canonical":"https:\/\/medicina.udd.cl\/icim\/2023\/11\/08\/investigacion-de-la-dra-cecilia-poli-es-publicada-en-la-revista-nature\/","og_locale":"es_ES","og_type":"article","og_title":"Investigaci\u00f3n de la Dra. Cecilia Poli es publicada en la revista Nature - ICIM","og_description":"El art\u00edculo \u201cAutoantibodies against type I IFNs in humans with alternative NF-\u03baB pathway deficiency\u201d re\u00fane el trabajo de m\u00e1s de 80 investigadores de importantes centros de investigaci\u00f3n del mundo, cuyo trabajo permitir\u00e1 saber, a trav\u00e9s de la medici\u00f3n de anticuerpos contra el interfer\u00f3n tipo I, si es que la respuesta de un paciente al Covid [&hellip;]","og_url":"https:\/\/medicina.udd.cl\/icim\/2023\/11\/08\/investigacion-de-la-dra-cecilia-poli-es-publicada-en-la-revista-nature\/","og_site_name":"ICIM","article_published_time":"2023-11-08T19:35:44+00:00","article_modified_time":"2023-11-08T19:35:45+00:00","og_image":[{"width":626,"height":470,"url":"https:\/\/medicina.udd.cl\/icim\/files\/2023\/11\/maqueta-tema-revista-nature_23-2148311980.png","type":"image\/png"}],"author":"magdalenaestay","twitter_card":"summary_large_image","twitter_misc":{"Escrito por":"magdalenaestay","Tiempo de lectura":"3 minutos"},"schema":{"@context":"https:\/\/schema.org","@graph":[{"@type":"Article","@id":"https:\/\/medicina.udd.cl\/icim\/2023\/11\/08\/investigacion-de-la-dra-cecilia-poli-es-publicada-en-la-revista-nature\/#article","isPartOf":{"@id":"https:\/\/medicina.udd.cl\/icim\/2023\/11\/08\/investigacion-de-la-dra-cecilia-poli-es-publicada-en-la-revista-nature\/"},"author":{"name":"magdalenaestay","@id":"https:\/\/medicina.udd.cl\/icim\/#\/schema\/person\/ed6f79d59c0f820f128a5bb9801ef1f2"},"headline":"Investigaci\u00f3n de la Dra. Cecilia Poli es publicada en la revista Nature","datePublished":"2023-11-08T19:35:44+00:00","dateModified":"2023-11-08T19:35:45+00:00","mainEntityOfPage":{"@id":"https:\/\/medicina.udd.cl\/icim\/2023\/11\/08\/investigacion-de-la-dra-cecilia-poli-es-publicada-en-la-revista-nature\/"},"wordCount":509,"image":{"@id":"https:\/\/medicina.udd.cl\/icim\/2023\/11\/08\/investigacion-de-la-dra-cecilia-poli-es-publicada-en-la-revista-nature\/#primaryimage"},"thumbnailUrl":"https:\/\/medicina.udd.cl\/icim\/files\/2023\/11\/maqueta-tema-revista-nature_23-2148311980.png","articleSection":["Noticias"],"inLanguage":"es"},{"@type":"WebPage","@id":"https:\/\/medicina.udd.cl\/icim\/2023\/11\/08\/investigacion-de-la-dra-cecilia-poli-es-publicada-en-la-revista-nature\/","url":"https:\/\/medicina.udd.cl\/icim\/2023\/11\/08\/investigacion-de-la-dra-cecilia-poli-es-publicada-en-la-revista-nature\/","name":"Investigaci\u00f3n de la Dra. Cecilia Poli es publicada en la revista Nature - ICIM","isPartOf":{"@id":"https:\/\/medicina.udd.cl\/icim\/#website"},"primaryImageOfPage":{"@id":"https:\/\/medicina.udd.cl\/icim\/2023\/11\/08\/investigacion-de-la-dra-cecilia-poli-es-publicada-en-la-revista-nature\/#primaryimage"},"image":{"@id":"https:\/\/medicina.udd.cl\/icim\/2023\/11\/08\/investigacion-de-la-dra-cecilia-poli-es-publicada-en-la-revista-nature\/#primaryimage"},"thumbnailUrl":"https:\/\/medicina.udd.cl\/icim\/files\/2023\/11\/maqueta-tema-revista-nature_23-2148311980.png","datePublished":"2023-11-08T19:35:44+00:00","dateModified":"2023-11-08T19:35:45+00:00","author":{"@id":"https:\/\/medicina.udd.cl\/icim\/#\/schema\/person\/ed6f79d59c0f820f128a5bb9801ef1f2"},"breadcrumb":{"@id":"https:\/\/medicina.udd.cl\/icim\/2023\/11\/08\/investigacion-de-la-dra-cecilia-poli-es-publicada-en-la-revista-nature\/#breadcrumb"},"inLanguage":"es","potentialAction":[{"@type":"ReadAction","target":["https:\/\/medicina.udd.cl\/icim\/2023\/11\/08\/investigacion-de-la-dra-cecilia-poli-es-publicada-en-la-revista-nature\/"]}]},{"@type":"ImageObject","inLanguage":"es","@id":"https:\/\/medicina.udd.cl\/icim\/2023\/11\/08\/investigacion-de-la-dra-cecilia-poli-es-publicada-en-la-revista-nature\/#primaryimage","url":"https:\/\/medicina.udd.cl\/icim\/files\/2023\/11\/maqueta-tema-revista-nature_23-2148311980.png","contentUrl":"https:\/\/medicina.udd.cl\/icim\/files\/2023\/11\/maqueta-tema-revista-nature_23-2148311980.png","width":626,"height":470},{"@type":"BreadcrumbList","@id":"https:\/\/medicina.udd.cl\/icim\/2023\/11\/08\/investigacion-de-la-dra-cecilia-poli-es-publicada-en-la-revista-nature\/#breadcrumb","itemListElement":[{"@type":"ListItem","position":1,"name":"Inicio","item":"https:\/\/medicina.udd.cl\/icim\/"},{"@type":"ListItem","position":2,"name":"Investigaci\u00f3n de la Dra. Cecilia Poli es publicada en la revista Nature"}]},{"@type":"WebSite","@id":"https:\/\/medicina.udd.cl\/icim\/#website","url":"https:\/\/medicina.udd.cl\/icim\/","name":"ICIM","description":"Una iniciativa de Universidad del Desarrollo y Cl\u00ednica Alemana","inLanguage":"es"},{"@type":"Person","@id":"https:\/\/medicina.udd.cl\/icim\/#\/schema\/person\/ed6f79d59c0f820f128a5bb9801ef1f2","name":"magdalenaestay","image":{"@type":"ImageObject","inLanguage":"es","@id":"https:\/\/medicina.udd.cl\/icim\/#\/schema\/person\/image\/","url":"https:\/\/secure.gravatar.com\/avatar\/b068ccaa115501438dab22979d0ff56e6306c4f89777269db483369ec65d8dc1?s=96&d=mm&r=g","contentUrl":"https:\/\/secure.gravatar.com\/avatar\/b068ccaa115501438dab22979d0ff56e6306c4f89777269db483369ec65d8dc1?s=96&d=mm&r=g","caption":"magdalenaestay"},"url":"https:\/\/medicina.udd.cl\/icim\/author\/magdalenaestay\/"}]}},"featured_image_url":"https:\/\/medicina.udd.cl\/icim\/files\/2023\/11\/maqueta-tema-revista-nature_23-2148311980.png","_links":{"self":[{"href":"https:\/\/medicina.udd.cl\/icim\/wp-json\/wp\/v2\/posts\/11819","targetHints":{"allow":["GET"]}}],"collection":[{"href":"https:\/\/medicina.udd.cl\/icim\/wp-json\/wp\/v2\/posts"}],"about":[{"href":"https:\/\/medicina.udd.cl\/icim\/wp-json\/wp\/v2\/types\/post"}],"author":[{"embeddable":true,"href":"https:\/\/medicina.udd.cl\/icim\/wp-json\/wp\/v2\/users\/9192254"}],"replies":[{"embeddable":true,"href":"https:\/\/medicina.udd.cl\/icim\/wp-json\/wp\/v2\/comments?post=11819"}],"version-history":[{"count":1,"href":"https:\/\/medicina.udd.cl\/icim\/wp-json\/wp\/v2\/posts\/11819\/revisions"}],"predecessor-version":[{"id":11822,"href":"https:\/\/medicina.udd.cl\/icim\/wp-json\/wp\/v2\/posts\/11819\/revisions\/11822"}],"wp:featuredmedia":[{"embeddable":true,"href":"https:\/\/medicina.udd.cl\/icim\/wp-json\/wp\/v2\/media\/11821"}],"wp:attachment":[{"href":"https:\/\/medicina.udd.cl\/icim\/wp-json\/wp\/v2\/media?parent=11819"}],"wp:term":[{"taxonomy":"category","embeddable":true,"href":"https:\/\/medicina.udd.cl\/icim\/wp-json\/wp\/v2\/categories?post=11819"},{"taxonomy":"post_tag","embeddable":true,"href":"https:\/\/medicina.udd.cl\/icim\/wp-json\/wp\/v2\/tags?post=11819"}],"curies":[{"name":"wp","href":"https:\/\/api.w.org\/{rel}","templated":true}]}}