{"id":12195,"date":"2024-01-19T17:39:30","date_gmt":"2024-01-19T20:39:30","guid":{"rendered":"https:\/\/medicina.udd.cl\/icim\/?p=12195"},"modified":"2024-01-19T17:39:31","modified_gmt":"2024-01-19T20:39:31","slug":"dra-gabriela-repetto-es-electa-lider-del-global-genomic-medicine-consortium","status":"publish","type":"post","link":"https:\/\/medicina.udd.cl\/icim\/2024\/01\/19\/dra-gabriela-repetto-es-electa-lider-del-global-genomic-medicine-consortium\/","title":{"rendered":"Dra. Gabriela Repetto es electa l\u00edder del Global Genomic Medicine Consortium"},"content":{"rendered":"\n<figure class=\"wp-block-image alignleft size-full\"><img loading=\"lazy\" decoding=\"async\" width=\"300\" height=\"300\" src=\"https:\/\/medicina.udd.cl\/icim\/files\/2024\/01\/gabriela-repetto-1.jpg\" alt=\"\" class=\"wp-image-12198\" srcset=\"https:\/\/medicina.udd.cl\/icim\/files\/2024\/01\/gabriela-repetto-1.jpg 300w, https:\/\/medicina.udd.cl\/icim\/files\/2024\/01\/gabriela-repetto-1-150x150.jpg 150w, https:\/\/medicina.udd.cl\/icim\/files\/2024\/01\/gabriela-repetto-1-62x62.jpg 62w, https:\/\/medicina.udd.cl\/icim\/files\/2024\/01\/gabriela-repetto-1-250x250.jpg 250w, https:\/\/medicina.udd.cl\/icim\/files\/2024\/01\/gabriela-repetto-1-126x126.jpg 126w\" sizes=\"auto, (max-width: 300px) 100vw, 300px\" \/><figcaption>Dra. Gabriela Repetto<\/figcaption><\/figure>\n\n\n\n<p>La Dra. Gabriela Repetto fue electa como una de los <a href=\"https:\/\/g2mc.org\/our-team\/\">tres co-chair<\/a> del Global Genomic Medicine Consortium (G2MC), iniciativa global en la que participa desde el 2018, cuya misi\u00f3n es la implementaci\u00f3n de Medicina Gen\u00f3mica con especial foco en pa\u00edses de recursos limitados.<\/p>\n\n\n\n<p>\u201cEsta agrupaci\u00f3n ha sido mi principal conexi\u00f3n acad\u00e9mica global en los \u00faltimos a\u00f1os. Una buena parte de la inspiraci\u00f3n de mis proyectos de investigaci\u00f3n y de docencia actuales, as\u00ed como mis roles en la OMS, ERCAL y en un nuevo consorcio de Educaci\u00f3n en Gen\u00f3mica que esperamos lanzar antes de fin de a\u00f1o, se deben a lo aprendido de y con ellos. G2MC tambi\u00e9n ha sido una plataforma relevante para mostrar lo que hacemos en la UDD y en el programa de Enfermedades Poco Frecuentes, en la que han participado tambi\u00e9n varios miembros del Centro de Gen\u00e9tica y Gen\u00f3mica\u201d, explica la Dra. Repetto.<\/p>\n\n\n\n<p>Respecto al anuncio del nombramiento, el Dr. Jos\u00e9 Manuel Munita, director del Instituto de Ciencias e Innovaci\u00f3n en Medicina, celebra que \u201ces una gran noticia, que se condice con la amplia trayectoria que ha tenido Gabriela en el \u00e1mbito de la gen\u00f3mica humana y en el estudio de las enfermedades raras\u201d.<\/p>\n\n\n\n<p>El Global Genomic Medicine Consortium es una organizaci\u00f3n independiente sin fines de lucro que busca mejorar la salud global catalizando la implementaci\u00f3n de herramientas y conocimientos gen\u00f3micos en la prestaci\u00f3n de atenci\u00f3n m\u00e9dica a nivel mundial.<\/p>\n\n\n\n<p>\u201cEspero que, con el trabajo conjunto entre estas y otras instituciones continuemos avanzando en lograr que los pacientes reciban los beneficios de servicios cl\u00ednicos y descubrimientos gen\u00f3micos. que necesitan. Y me enorgullece mucho co-dirigir una agrupaci\u00f3n internacional desde ac\u00e1\u201d, comenta la Dra. Repetto.<\/p>\n\n\n\n<p>La Doctora Gabriela Repetto es acad\u00e9mica del Centro de Gen\u00e9tica y Gen\u00f3mica de la Facultad de Medicina. Trabaja en la integraci\u00f3n de la gen\u00e9tica y gen\u00f3mica a la docencia de la Medicina, como un eje transversal a lo largo de pre y post grado. Investiga sobre enfermedades poco frecuentes, que son en su mayor\u00eda de causa gen\u00e9tica y causan discapacidad y muerte precoz, sobre todo en ni\u00f1os. Participa en el desarrollo e implementaci\u00f3n de ex\u00e1menes gen\u00e9ticos relevantes para la poblaci\u00f3n chilena, y en la educaci\u00f3n de los profesionales de la salud y la comunidad sobre su uso e interpretaci\u00f3n. Este a\u00f1o, fue incorporada como Miembro de N\u00famero de la Academia Chilena de Medicina gracias a su gran labor en la gen\u00e9tica cl\u00ednica, enfocada en la investigaci\u00f3n e implementaci\u00f3n gen\u00f3mica para enfermedades no diagnosticadas. Adem\u00e1s, tambi\u00e9n fue electa miembro del Grupo Asesor T\u00e9cnico en Gen\u00f3mica de la Organizaci\u00f3n Mundial de la Salud. Previo a su nombramiento como co-chair de G2MC era parte de su comit\u00e9 directivo.<\/p>\n","protected":false},"excerpt":{"rendered":"<p>La Dra. Gabriela Repetto fue electa como una de los tres co-chair del Global Genomic Medicine Consortium (G2MC), iniciativa global en la que participa desde el 2018, cuya misi\u00f3n es la implementaci\u00f3n de Medicina Gen\u00f3mica con especial foco en pa\u00edses de recursos limitados. \u201cEsta agrupaci\u00f3n ha sido mi principal conexi\u00f3n acad\u00e9mica global en los \u00faltimos [&hellip;]<\/p>\n","protected":false},"author":9192254,"featured_media":12198,"comment_status":"closed","ping_status":"open","sticky":false,"template":"","format":"standard","meta":{"footnotes":""},"categories":[4],"tags":[],"class_list":["post-12195","post","type-post","status-publish","format-standard","has-post-thumbnail","hentry","category-noticias"],"yoast_head":"<!-- This site is optimized with the Yoast SEO plugin v26.9 - https:\/\/yoast.com\/product\/yoast-seo-wordpress\/ -->\n<title>Dra. Gabriela Repetto es electa l\u00edder del Global Genomic Medicine Consortium - ICIM<\/title>\n<meta name=\"robots\" content=\"index, follow, max-snippet:-1, max-image-preview:large, max-video-preview:-1\" \/>\n<link rel=\"canonical\" href=\"https:\/\/medicina.udd.cl\/icim\/2024\/01\/19\/dra-gabriela-repetto-es-electa-lider-del-global-genomic-medicine-consortium\/\" \/>\n<meta property=\"og:locale\" content=\"es_ES\" \/>\n<meta property=\"og:type\" content=\"article\" \/>\n<meta property=\"og:title\" content=\"Dra. Gabriela Repetto es electa l\u00edder del Global Genomic Medicine Consortium - ICIM\" \/>\n<meta property=\"og:description\" content=\"La Dra. Gabriela Repetto fue electa como una de los tres co-chair del Global Genomic Medicine Consortium (G2MC), iniciativa global en la que participa desde el 2018, cuya misi\u00f3n es la implementaci\u00f3n de Medicina Gen\u00f3mica con especial foco en pa\u00edses de recursos limitados. \u201cEsta agrupaci\u00f3n ha sido mi principal conexi\u00f3n acad\u00e9mica global en los \u00faltimos [&hellip;]\" \/>\n<meta property=\"og:url\" content=\"https:\/\/medicina.udd.cl\/icim\/2024\/01\/19\/dra-gabriela-repetto-es-electa-lider-del-global-genomic-medicine-consortium\/\" \/>\n<meta property=\"og:site_name\" content=\"ICIM\" \/>\n<meta property=\"article:published_time\" content=\"2024-01-19T20:39:30+00:00\" \/>\n<meta property=\"article:modified_time\" content=\"2024-01-19T20:39:31+00:00\" \/>\n<meta property=\"og:image\" content=\"https:\/\/medicina.udd.cl\/icim\/files\/2024\/01\/gabriela-repetto-1.jpg\" \/>\n\t<meta property=\"og:image:width\" content=\"300\" \/>\n\t<meta property=\"og:image:height\" content=\"300\" \/>\n\t<meta property=\"og:image:type\" content=\"image\/jpeg\" \/>\n<meta name=\"author\" content=\"magdalenaestay\" \/>\n<meta name=\"twitter:card\" content=\"summary_large_image\" \/>\n<meta name=\"twitter:label1\" content=\"Escrito por\" \/>\n\t<meta name=\"twitter:data1\" content=\"magdalenaestay\" \/>\n\t<meta name=\"twitter:label2\" content=\"Tiempo de lectura\" \/>\n\t<meta name=\"twitter:data2\" content=\"3 minutos\" \/>\n<script type=\"application\/ld+json\" class=\"yoast-schema-graph\">{\"@context\":\"https:\/\/schema.org\",\"@graph\":[{\"@type\":\"Article\",\"@id\":\"https:\/\/medicina.udd.cl\/icim\/2024\/01\/19\/dra-gabriela-repetto-es-electa-lider-del-global-genomic-medicine-consortium\/#article\",\"isPartOf\":{\"@id\":\"https:\/\/medicina.udd.cl\/icim\/2024\/01\/19\/dra-gabriela-repetto-es-electa-lider-del-global-genomic-medicine-consortium\/\"},\"author\":{\"name\":\"magdalenaestay\",\"@id\":\"https:\/\/medicina.udd.cl\/icim\/#\/schema\/person\/ed6f79d59c0f820f128a5bb9801ef1f2\"},\"headline\":\"Dra. Gabriela Repetto es electa l\u00edder del Global Genomic Medicine Consortium\",\"datePublished\":\"2024-01-19T20:39:30+00:00\",\"dateModified\":\"2024-01-19T20:39:31+00:00\",\"mainEntityOfPage\":{\"@id\":\"https:\/\/medicina.udd.cl\/icim\/2024\/01\/19\/dra-gabriela-repetto-es-electa-lider-del-global-genomic-medicine-consortium\/\"},\"wordCount\":513,\"image\":{\"@id\":\"https:\/\/medicina.udd.cl\/icim\/2024\/01\/19\/dra-gabriela-repetto-es-electa-lider-del-global-genomic-medicine-consortium\/#primaryimage\"},\"thumbnailUrl\":\"https:\/\/medicina.udd.cl\/icim\/files\/2024\/01\/gabriela-repetto-1.jpg\",\"articleSection\":[\"Noticias\"],\"inLanguage\":\"es\"},{\"@type\":\"WebPage\",\"@id\":\"https:\/\/medicina.udd.cl\/icim\/2024\/01\/19\/dra-gabriela-repetto-es-electa-lider-del-global-genomic-medicine-consortium\/\",\"url\":\"https:\/\/medicina.udd.cl\/icim\/2024\/01\/19\/dra-gabriela-repetto-es-electa-lider-del-global-genomic-medicine-consortium\/\",\"name\":\"Dra. Gabriela Repetto es electa l\u00edder del Global Genomic Medicine Consortium - ICIM\",\"isPartOf\":{\"@id\":\"https:\/\/medicina.udd.cl\/icim\/#website\"},\"primaryImageOfPage\":{\"@id\":\"https:\/\/medicina.udd.cl\/icim\/2024\/01\/19\/dra-gabriela-repetto-es-electa-lider-del-global-genomic-medicine-consortium\/#primaryimage\"},\"image\":{\"@id\":\"https:\/\/medicina.udd.cl\/icim\/2024\/01\/19\/dra-gabriela-repetto-es-electa-lider-del-global-genomic-medicine-consortium\/#primaryimage\"},\"thumbnailUrl\":\"https:\/\/medicina.udd.cl\/icim\/files\/2024\/01\/gabriela-repetto-1.jpg\",\"datePublished\":\"2024-01-19T20:39:30+00:00\",\"dateModified\":\"2024-01-19T20:39:31+00:00\",\"author\":{\"@id\":\"https:\/\/medicina.udd.cl\/icim\/#\/schema\/person\/ed6f79d59c0f820f128a5bb9801ef1f2\"},\"breadcrumb\":{\"@id\":\"https:\/\/medicina.udd.cl\/icim\/2024\/01\/19\/dra-gabriela-repetto-es-electa-lider-del-global-genomic-medicine-consortium\/#breadcrumb\"},\"inLanguage\":\"es\",\"potentialAction\":[{\"@type\":\"ReadAction\",\"target\":[\"https:\/\/medicina.udd.cl\/icim\/2024\/01\/19\/dra-gabriela-repetto-es-electa-lider-del-global-genomic-medicine-consortium\/\"]}]},{\"@type\":\"ImageObject\",\"inLanguage\":\"es\",\"@id\":\"https:\/\/medicina.udd.cl\/icim\/2024\/01\/19\/dra-gabriela-repetto-es-electa-lider-del-global-genomic-medicine-consortium\/#primaryimage\",\"url\":\"https:\/\/medicina.udd.cl\/icim\/files\/2024\/01\/gabriela-repetto-1.jpg\",\"contentUrl\":\"https:\/\/medicina.udd.cl\/icim\/files\/2024\/01\/gabriela-repetto-1.jpg\",\"width\":300,\"height\":300},{\"@type\":\"BreadcrumbList\",\"@id\":\"https:\/\/medicina.udd.cl\/icim\/2024\/01\/19\/dra-gabriela-repetto-es-electa-lider-del-global-genomic-medicine-consortium\/#breadcrumb\",\"itemListElement\":[{\"@type\":\"ListItem\",\"position\":1,\"name\":\"Inicio\",\"item\":\"https:\/\/medicina.udd.cl\/icim\/\"},{\"@type\":\"ListItem\",\"position\":2,\"name\":\"Dra. Gabriela Repetto es electa l\u00edder del Global Genomic Medicine Consortium\"}]},{\"@type\":\"WebSite\",\"@id\":\"https:\/\/medicina.udd.cl\/icim\/#website\",\"url\":\"https:\/\/medicina.udd.cl\/icim\/\",\"name\":\"ICIM\",\"description\":\"Una iniciativa de Universidad del Desarrollo y Cl\u00ednica Alemana\",\"inLanguage\":\"es\"},{\"@type\":\"Person\",\"@id\":\"https:\/\/medicina.udd.cl\/icim\/#\/schema\/person\/ed6f79d59c0f820f128a5bb9801ef1f2\",\"name\":\"magdalenaestay\",\"image\":{\"@type\":\"ImageObject\",\"inLanguage\":\"es\",\"@id\":\"https:\/\/medicina.udd.cl\/icim\/#\/schema\/person\/image\/\",\"url\":\"https:\/\/secure.gravatar.com\/avatar\/b068ccaa115501438dab22979d0ff56e6306c4f89777269db483369ec65d8dc1?s=96&d=mm&r=g\",\"contentUrl\":\"https:\/\/secure.gravatar.com\/avatar\/b068ccaa115501438dab22979d0ff56e6306c4f89777269db483369ec65d8dc1?s=96&d=mm&r=g\",\"caption\":\"magdalenaestay\"},\"url\":\"https:\/\/medicina.udd.cl\/icim\/author\/magdalenaestay\/\"}]}<\/script>\n<!-- \/ Yoast SEO plugin. -->","yoast_head_json":{"title":"Dra. Gabriela Repetto es electa l\u00edder del Global Genomic Medicine Consortium - ICIM","robots":{"index":"index","follow":"follow","max-snippet":"max-snippet:-1","max-image-preview":"max-image-preview:large","max-video-preview":"max-video-preview:-1"},"canonical":"https:\/\/medicina.udd.cl\/icim\/2024\/01\/19\/dra-gabriela-repetto-es-electa-lider-del-global-genomic-medicine-consortium\/","og_locale":"es_ES","og_type":"article","og_title":"Dra. Gabriela Repetto es electa l\u00edder del Global Genomic Medicine Consortium - ICIM","og_description":"La Dra. Gabriela Repetto fue electa como una de los tres co-chair del Global Genomic Medicine Consortium (G2MC), iniciativa global en la que participa desde el 2018, cuya misi\u00f3n es la implementaci\u00f3n de Medicina Gen\u00f3mica con especial foco en pa\u00edses de recursos limitados. \u201cEsta agrupaci\u00f3n ha sido mi principal conexi\u00f3n acad\u00e9mica global en los \u00faltimos [&hellip;]","og_url":"https:\/\/medicina.udd.cl\/icim\/2024\/01\/19\/dra-gabriela-repetto-es-electa-lider-del-global-genomic-medicine-consortium\/","og_site_name":"ICIM","article_published_time":"2024-01-19T20:39:30+00:00","article_modified_time":"2024-01-19T20:39:31+00:00","og_image":[{"width":300,"height":300,"url":"https:\/\/medicina.udd.cl\/icim\/files\/2024\/01\/gabriela-repetto-1.jpg","type":"image\/jpeg"}],"author":"magdalenaestay","twitter_card":"summary_large_image","twitter_misc":{"Escrito por":"magdalenaestay","Tiempo de lectura":"3 minutos"},"schema":{"@context":"https:\/\/schema.org","@graph":[{"@type":"Article","@id":"https:\/\/medicina.udd.cl\/icim\/2024\/01\/19\/dra-gabriela-repetto-es-electa-lider-del-global-genomic-medicine-consortium\/#article","isPartOf":{"@id":"https:\/\/medicina.udd.cl\/icim\/2024\/01\/19\/dra-gabriela-repetto-es-electa-lider-del-global-genomic-medicine-consortium\/"},"author":{"name":"magdalenaestay","@id":"https:\/\/medicina.udd.cl\/icim\/#\/schema\/person\/ed6f79d59c0f820f128a5bb9801ef1f2"},"headline":"Dra. Gabriela Repetto es electa l\u00edder del Global Genomic Medicine Consortium","datePublished":"2024-01-19T20:39:30+00:00","dateModified":"2024-01-19T20:39:31+00:00","mainEntityOfPage":{"@id":"https:\/\/medicina.udd.cl\/icim\/2024\/01\/19\/dra-gabriela-repetto-es-electa-lider-del-global-genomic-medicine-consortium\/"},"wordCount":513,"image":{"@id":"https:\/\/medicina.udd.cl\/icim\/2024\/01\/19\/dra-gabriela-repetto-es-electa-lider-del-global-genomic-medicine-consortium\/#primaryimage"},"thumbnailUrl":"https:\/\/medicina.udd.cl\/icim\/files\/2024\/01\/gabriela-repetto-1.jpg","articleSection":["Noticias"],"inLanguage":"es"},{"@type":"WebPage","@id":"https:\/\/medicina.udd.cl\/icim\/2024\/01\/19\/dra-gabriela-repetto-es-electa-lider-del-global-genomic-medicine-consortium\/","url":"https:\/\/medicina.udd.cl\/icim\/2024\/01\/19\/dra-gabriela-repetto-es-electa-lider-del-global-genomic-medicine-consortium\/","name":"Dra. Gabriela Repetto es electa l\u00edder del Global Genomic Medicine Consortium - ICIM","isPartOf":{"@id":"https:\/\/medicina.udd.cl\/icim\/#website"},"primaryImageOfPage":{"@id":"https:\/\/medicina.udd.cl\/icim\/2024\/01\/19\/dra-gabriela-repetto-es-electa-lider-del-global-genomic-medicine-consortium\/#primaryimage"},"image":{"@id":"https:\/\/medicina.udd.cl\/icim\/2024\/01\/19\/dra-gabriela-repetto-es-electa-lider-del-global-genomic-medicine-consortium\/#primaryimage"},"thumbnailUrl":"https:\/\/medicina.udd.cl\/icim\/files\/2024\/01\/gabriela-repetto-1.jpg","datePublished":"2024-01-19T20:39:30+00:00","dateModified":"2024-01-19T20:39:31+00:00","author":{"@id":"https:\/\/medicina.udd.cl\/icim\/#\/schema\/person\/ed6f79d59c0f820f128a5bb9801ef1f2"},"breadcrumb":{"@id":"https:\/\/medicina.udd.cl\/icim\/2024\/01\/19\/dra-gabriela-repetto-es-electa-lider-del-global-genomic-medicine-consortium\/#breadcrumb"},"inLanguage":"es","potentialAction":[{"@type":"ReadAction","target":["https:\/\/medicina.udd.cl\/icim\/2024\/01\/19\/dra-gabriela-repetto-es-electa-lider-del-global-genomic-medicine-consortium\/"]}]},{"@type":"ImageObject","inLanguage":"es","@id":"https:\/\/medicina.udd.cl\/icim\/2024\/01\/19\/dra-gabriela-repetto-es-electa-lider-del-global-genomic-medicine-consortium\/#primaryimage","url":"https:\/\/medicina.udd.cl\/icim\/files\/2024\/01\/gabriela-repetto-1.jpg","contentUrl":"https:\/\/medicina.udd.cl\/icim\/files\/2024\/01\/gabriela-repetto-1.jpg","width":300,"height":300},{"@type":"BreadcrumbList","@id":"https:\/\/medicina.udd.cl\/icim\/2024\/01\/19\/dra-gabriela-repetto-es-electa-lider-del-global-genomic-medicine-consortium\/#breadcrumb","itemListElement":[{"@type":"ListItem","position":1,"name":"Inicio","item":"https:\/\/medicina.udd.cl\/icim\/"},{"@type":"ListItem","position":2,"name":"Dra. Gabriela Repetto es electa l\u00edder del Global Genomic Medicine Consortium"}]},{"@type":"WebSite","@id":"https:\/\/medicina.udd.cl\/icim\/#website","url":"https:\/\/medicina.udd.cl\/icim\/","name":"ICIM","description":"Una iniciativa de Universidad del Desarrollo y Cl\u00ednica Alemana","inLanguage":"es"},{"@type":"Person","@id":"https:\/\/medicina.udd.cl\/icim\/#\/schema\/person\/ed6f79d59c0f820f128a5bb9801ef1f2","name":"magdalenaestay","image":{"@type":"ImageObject","inLanguage":"es","@id":"https:\/\/medicina.udd.cl\/icim\/#\/schema\/person\/image\/","url":"https:\/\/secure.gravatar.com\/avatar\/b068ccaa115501438dab22979d0ff56e6306c4f89777269db483369ec65d8dc1?s=96&d=mm&r=g","contentUrl":"https:\/\/secure.gravatar.com\/avatar\/b068ccaa115501438dab22979d0ff56e6306c4f89777269db483369ec65d8dc1?s=96&d=mm&r=g","caption":"magdalenaestay"},"url":"https:\/\/medicina.udd.cl\/icim\/author\/magdalenaestay\/"}]}},"featured_image_url":"https:\/\/medicina.udd.cl\/icim\/files\/2024\/01\/gabriela-repetto-1.jpg","_links":{"self":[{"href":"https:\/\/medicina.udd.cl\/icim\/wp-json\/wp\/v2\/posts\/12195","targetHints":{"allow":["GET"]}}],"collection":[{"href":"https:\/\/medicina.udd.cl\/icim\/wp-json\/wp\/v2\/posts"}],"about":[{"href":"https:\/\/medicina.udd.cl\/icim\/wp-json\/wp\/v2\/types\/post"}],"author":[{"embeddable":true,"href":"https:\/\/medicina.udd.cl\/icim\/wp-json\/wp\/v2\/users\/9192254"}],"replies":[{"embeddable":true,"href":"https:\/\/medicina.udd.cl\/icim\/wp-json\/wp\/v2\/comments?post=12195"}],"version-history":[{"count":1,"href":"https:\/\/medicina.udd.cl\/icim\/wp-json\/wp\/v2\/posts\/12195\/revisions"}],"predecessor-version":[{"id":12201,"href":"https:\/\/medicina.udd.cl\/icim\/wp-json\/wp\/v2\/posts\/12195\/revisions\/12201"}],"wp:featuredmedia":[{"embeddable":true,"href":"https:\/\/medicina.udd.cl\/icim\/wp-json\/wp\/v2\/media\/12198"}],"wp:attachment":[{"href":"https:\/\/medicina.udd.cl\/icim\/wp-json\/wp\/v2\/media?parent=12195"}],"wp:term":[{"taxonomy":"category","embeddable":true,"href":"https:\/\/medicina.udd.cl\/icim\/wp-json\/wp\/v2\/categories?post=12195"},{"taxonomy":"post_tag","embeddable":true,"href":"https:\/\/medicina.udd.cl\/icim\/wp-json\/wp\/v2\/tags?post=12195"}],"curies":[{"name":"wp","href":"https:\/\/api.w.org\/{rel}","templated":true}]}}