{"id":13384,"date":"2024-07-01T10:24:51","date_gmt":"2024-07-01T14:24:51","guid":{"rendered":"https:\/\/medicina.udd.cl\/icim\/?p=13384"},"modified":"2024-07-02T13:34:36","modified_gmt":"2024-07-02T17:34:36","slug":"exitosa-jornada-de-asesoramiento-genetico-y-medicina-de-precision-en-la-universidad-del-desarrollo","status":"publish","type":"post","link":"https:\/\/medicina.udd.cl\/icim\/2024\/07\/01\/exitosa-jornada-de-asesoramiento-genetico-y-medicina-de-precision-en-la-universidad-del-desarrollo\/","title":{"rendered":"Exitosa Jornada de Asesoramiento Gen\u00e9tico y Medicina de Precisi\u00f3n en la Universidad del Desarrollo"},"content":{"rendered":"\n<figure class=\"wp-block-gallery has-nested-images columns-default is-cropped wp-block-gallery-1 is-layout-flex wp-block-gallery-is-layout-flex\">\n<figure class=\"wp-block-image size-large\"><img loading=\"lazy\" decoding=\"async\" width=\"1024\" height=\"683\" data-id=\"13390\" src=\"https:\/\/medicina.udd.cl\/icim\/files\/2024\/07\/icim-jornada-asesoramiento-genetico-medicina-precision-6-1024x683.jpg\" alt=\"\" class=\"wp-image-13390\" srcset=\"https:\/\/medicina.udd.cl\/icim\/files\/2024\/07\/icim-jornada-asesoramiento-genetico-medicina-precision-6-1024x683.jpg 1024w, https:\/\/medicina.udd.cl\/icim\/files\/2024\/07\/icim-jornada-asesoramiento-genetico-medicina-precision-6-300x200.jpg 300w, https:\/\/medicina.udd.cl\/icim\/files\/2024\/07\/icim-jornada-asesoramiento-genetico-medicina-precision-6-768x512.jpg 768w, https:\/\/medicina.udd.cl\/icim\/files\/2024\/07\/icim-jornada-asesoramiento-genetico-medicina-precision-6-1536x1024.jpg 1536w, https:\/\/medicina.udd.cl\/icim\/files\/2024\/07\/icim-jornada-asesoramiento-genetico-medicina-precision-6-2048x1365.jpg 2048w\" sizes=\"auto, (max-width: 1024px) 100vw, 1024px\" \/><figcaption class=\"wp-element-caption\">Sonia Margarit, asesora gen\u00e9tica y docente ICIM<\/figcaption><\/figure>\n\n\n\n<figure class=\"wp-block-image size-large\"><img loading=\"lazy\" decoding=\"async\" width=\"1024\" height=\"683\" data-id=\"13408\" src=\"https:\/\/medicina.udd.cl\/icim\/files\/2024\/07\/icim-jornada-asesoramiento-genetico-medicina-precision-36-1024x683.jpg\" alt=\"\" class=\"wp-image-13408\" srcset=\"https:\/\/medicina.udd.cl\/icim\/files\/2024\/07\/icim-jornada-asesoramiento-genetico-medicina-precision-36-1024x683.jpg 1024w, https:\/\/medicina.udd.cl\/icim\/files\/2024\/07\/icim-jornada-asesoramiento-genetico-medicina-precision-36-300x200.jpg 300w, https:\/\/medicina.udd.cl\/icim\/files\/2024\/07\/icim-jornada-asesoramiento-genetico-medicina-precision-36-768x512.jpg 768w, https:\/\/medicina.udd.cl\/icim\/files\/2024\/07\/icim-jornada-asesoramiento-genetico-medicina-precision-36-1536x1024.jpg 1536w, https:\/\/medicina.udd.cl\/icim\/files\/2024\/07\/icim-jornada-asesoramiento-genetico-medicina-precision-36-2048x1365.jpg 2048w\" sizes=\"auto, (max-width: 1024px) 100vw, 1024px\" \/><\/figure>\n\n\n\n<figure class=\"wp-block-image size-large\"><img loading=\"lazy\" decoding=\"async\" width=\"1024\" height=\"683\" data-id=\"13453\" src=\"https:\/\/medicina.udd.cl\/icim\/files\/2024\/07\/icim-jornada-asesoramiento-genetico-medicina-precision-95-1024x683.jpg\" alt=\"\" class=\"wp-image-13453\" srcset=\"https:\/\/medicina.udd.cl\/icim\/files\/2024\/07\/icim-jornada-asesoramiento-genetico-medicina-precision-95-1024x683.jpg 1024w, https:\/\/medicina.udd.cl\/icim\/files\/2024\/07\/icim-jornada-asesoramiento-genetico-medicina-precision-95-300x200.jpg 300w, https:\/\/medicina.udd.cl\/icim\/files\/2024\/07\/icim-jornada-asesoramiento-genetico-medicina-precision-95-768x512.jpg 768w, https:\/\/medicina.udd.cl\/icim\/files\/2024\/07\/icim-jornada-asesoramiento-genetico-medicina-precision-95-1536x1024.jpg 1536w, https:\/\/medicina.udd.cl\/icim\/files\/2024\/07\/icim-jornada-asesoramiento-genetico-medicina-precision-95-2048x1365.jpg 2048w\" sizes=\"auto, (max-width: 1024px) 100vw, 1024px\" \/><figcaption class=\"wp-element-caption\">Carolina Goic, directora ejecutiva CECAN<\/figcaption><\/figure>\n<\/figure>\n\n\n\n<p>El pasado jueves 27 de junio, se llev\u00f3 a cabo la <em>Jornada de Asesoramiento Gen\u00e9tico y Medicina de Precisi\u00f3n<\/em>, organizada por el Grupo Chileno de C\u00e1ncer Hereditario (GCCH), en colaboraci\u00f3n con el Instituto de Ciencias e Innovaci\u00f3n en Medicina (ICIM) de la Facultad de Medicina Cl\u00ednica Alemana Universidad del Desarrollo (UDD). El evento, realizado en el campus Rector Ernesto Silva Bafalluy de la UDD, tuvo como objetivo principal explorar los avances y desaf\u00edos en la pr\u00e1ctica cl\u00ednica del asesoramiento gen\u00e9tico en oncolog\u00eda.<\/p>\n\n\n\n<p>La jornada fue una excelente oportunidad para reunir a profesionales de la salud, investigadores y estudiantes, con el prop\u00f3sito de actualizar conocimientos, intercambiar experiencias y promover la colaboraci\u00f3n interdisciplinaria en torno a la importancia del asesoramiento gen\u00e9tico en el diagn\u00f3stico, tratamiento y prevenci\u00f3n del c\u00e1ncer.<\/p>\n\n\n\n<p><em>\u201cEstamos en presencia de esta evoluci\u00f3n del asesoramiento gen\u00e9tico en c\u00e1ncer que va tomado de la medicina de precisi\u00f3n. Todos somos testigos y en cierto grado tambi\u00e9n protagonistas de esta evoluci\u00f3n del asesoramiento gen\u00e9tico. Esta jornada est\u00e1 enfocada en c\u00e1ncer porque es donde ha habido m\u00e1s transformaci\u00f3n debido a la medicina de precisi\u00f3n con nuevas terapias de tratamiento y con la participaci\u00f3n tambi\u00e9n de otros profesionales, de otras \u00e1reas, y otras especialidades y, que no solamente es en c\u00e1ncer que vemos que el asesoramiento tiene relevancia, sino tambi\u00e9n en otras \u00e1reas como en medicina reproductiva, en el cuidado prenatal y en otras enfermedades comunes del adulto, como en las enfermedades neurol\u00f3gicas. Por eso con el asesoramiento gen\u00e9tico en c\u00e1ncer podemos ser el modelo para otras \u00e1reas y otras especialidades\u201d<\/em>, se\u00f1al\u00f3 Sonia Margarit, asesora gen\u00e9tica y docente del Centro de Gen\u00e9tica y Gen\u00f3mica del ICIM y una de las principales expositoras de la jornada.<\/p>\n\n\n\n<p>El evento cont\u00f3 con la participaci\u00f3n de destacados expertos nacionales e internacionales provenientes de pa\u00edses como Argentina, Brasil, Per\u00fa y Francia. Entre los temas abordados estuvieron: paneles o exomas como estudios gen\u00e9ticos en Am\u00e9rica Latina, la terapia en c\u00e1ncer de pulm\u00f3n a trav\u00e9s de la secuenciaci\u00f3n de \u00faltima generaci\u00f3n, redes bayesianas para el seguimiento de familias con c\u00e1ncer hereditario, los desaf\u00edos del sistema de salud para el acceso a consejer\u00eda gen\u00e9tica como una pol\u00edtica p\u00fablica, y la ley del c\u00e1ncer, entre otros. .<a href=\"https:\/\/medicina.udd.cl\/icim\/files\/2024\/06\/ii-update-timetable-vf.png\"> [Ver programa + expositores].<\/a><\/p>\n\n\n\n<p>La jornada estuvo dirigida a genetistas, m\u00e9dicos, enfermeros, bi\u00f3logos, psic\u00f3logos y estudiantes de carreras afines interesados en integrar el asesoramiento gen\u00e9tico y la medicina de precisi\u00f3n en la pr\u00e1ctica cl\u00ednica oncol\u00f3gica.<\/p>\n\n\n\n<p>Este encuentro fue una oportunidad \u00fanica para estar a la vanguardia de la gen\u00e9tica m\u00e9dica, conocer a expertos en el campo y aumentar la concienciaci\u00f3n sobre la importancia del asesoramiento gen\u00e9tico y la medicina de precisi\u00f3n en la mejora de los resultados de salud.<\/p>\n\n\n\n<p>Revive la Jornada de Asesoramiento Gen\u00e9tico y Medicina de Precisi\u00f3n realizada en la Universidad del Desarrollo:<\/p>\n\n\n\n<figure class=\"wp-block-embed is-type-video is-provider-youtube wp-block-embed-youtube wp-embed-aspect-16-9 wp-has-aspect-ratio\"><div class=\"wp-block-embed__wrapper\">\n<iframe loading=\"lazy\" title=\"Charla | Jornada Internacional de Asesoramiento Gen\u00e9tico y Medicina de Precisi\u00f3n\" width=\"500\" height=\"281\" src=\"https:\/\/www.youtube.com\/embed\/HvotTZ70K3Q?start=2&#038;feature=oembed\" frameborder=\"0\" allow=\"accelerometer; autoplay; clipboard-write; encrypted-media; gyroscope; picture-in-picture; web-share\" referrerpolicy=\"strict-origin-when-cross-origin\" allowfullscreen><\/iframe>\n<\/div><\/figure>\n\n\n\n<h2 class=\"wp-block-heading\">GALER\u00cdA<\/h2>\n\n\n\n<figure class=\"wp-block-gallery has-nested-images columns-default is-cropped wp-block-gallery-2 is-layout-flex wp-block-gallery-is-layout-flex\">\n<figure class=\"wp-block-image size-large\"><img loading=\"lazy\" decoding=\"async\" width=\"1024\" height=\"683\" data-id=\"13387\" src=\"https:\/\/medicina.udd.cl\/icim\/files\/2024\/07\/icim-jornada-asesoramiento-genetico-medicina-precision-1-1024x683.jpg\" alt=\"\" class=\"wp-image-13387\" srcset=\"https:\/\/medicina.udd.cl\/icim\/files\/2024\/07\/icim-jornada-asesoramiento-genetico-medicina-precision-1-1024x683.jpg 1024w, https:\/\/medicina.udd.cl\/icim\/files\/2024\/07\/icim-jornada-asesoramiento-genetico-medicina-precision-1-300x200.jpg 300w, https:\/\/medicina.udd.cl\/icim\/files\/2024\/07\/icim-jornada-asesoramiento-genetico-medicina-precision-1-768x512.jpg 768w, https:\/\/medicina.udd.cl\/icim\/files\/2024\/07\/icim-jornada-asesoramiento-genetico-medicina-precision-1-1536x1024.jpg 1536w, https:\/\/medicina.udd.cl\/icim\/files\/2024\/07\/icim-jornada-asesoramiento-genetico-medicina-precision-1-2048x1365.jpg 2048w\" sizes=\"auto, (max-width: 1024px) 100vw, 1024px\" \/><figcaption class=\"wp-element-caption\">Ricardo Ramires, representante GCCH<\/figcaption><\/figure>\n\n\n\n<figure class=\"wp-block-image size-large\"><img loading=\"lazy\" decoding=\"async\" width=\"1024\" height=\"683\" data-id=\"13396\" src=\"https:\/\/medicina.udd.cl\/icim\/files\/2024\/07\/icim-jornada-asesoramiento-genetico-medicina-precision-14-1024x683.jpg\" alt=\"\" class=\"wp-image-13396\" srcset=\"https:\/\/medicina.udd.cl\/icim\/files\/2024\/07\/icim-jornada-asesoramiento-genetico-medicina-precision-14-1024x683.jpg 1024w, https:\/\/medicina.udd.cl\/icim\/files\/2024\/07\/icim-jornada-asesoramiento-genetico-medicina-precision-14-300x200.jpg 300w, https:\/\/medicina.udd.cl\/icim\/files\/2024\/07\/icim-jornada-asesoramiento-genetico-medicina-precision-14-768x512.jpg 768w, https:\/\/medicina.udd.cl\/icim\/files\/2024\/07\/icim-jornada-asesoramiento-genetico-medicina-precision-14-1536x1024.jpg 1536w, https:\/\/medicina.udd.cl\/icim\/files\/2024\/07\/icim-jornada-asesoramiento-genetico-medicina-precision-14-2048x1365.jpg 2048w\" sizes=\"auto, (max-width: 1024px) 100vw, 1024px\" \/><\/figure>\n\n\n\n<figure class=\"wp-block-image size-large\"><img loading=\"lazy\" decoding=\"async\" width=\"1024\" height=\"683\" data-id=\"13399\" src=\"https:\/\/medicina.udd.cl\/icim\/files\/2024\/07\/icim-jornada-asesoramiento-genetico-medicina-precision-18-1024x683.jpg\" alt=\"\" class=\"wp-image-13399\" srcset=\"https:\/\/medicina.udd.cl\/icim\/files\/2024\/07\/icim-jornada-asesoramiento-genetico-medicina-precision-18-1024x683.jpg 1024w, https:\/\/medicina.udd.cl\/icim\/files\/2024\/07\/icim-jornada-asesoramiento-genetico-medicina-precision-18-300x200.jpg 300w, https:\/\/medicina.udd.cl\/icim\/files\/2024\/07\/icim-jornada-asesoramiento-genetico-medicina-precision-18-768x512.jpg 768w, https:\/\/medicina.udd.cl\/icim\/files\/2024\/07\/icim-jornada-asesoramiento-genetico-medicina-precision-18-1536x1024.jpg 1536w, https:\/\/medicina.udd.cl\/icim\/files\/2024\/07\/icim-jornada-asesoramiento-genetico-medicina-precision-18-2048x1365.jpg 2048w\" sizes=\"auto, (max-width: 1024px) 100vw, 1024px\" \/><figcaption class=\"wp-element-caption\">Gabriela Norese, asesora gen\u00e9tica argentina<\/figcaption><\/figure>\n\n\n\n<figure class=\"wp-block-image size-large\"><img loading=\"lazy\" decoding=\"async\" width=\"1024\" height=\"683\" data-id=\"13405\" src=\"https:\/\/medicina.udd.cl\/icim\/files\/2024\/07\/icim-jornada-asesoramiento-genetico-medicina-precision-35-1024x683.jpg\" alt=\"\" class=\"wp-image-13405\" srcset=\"https:\/\/medicina.udd.cl\/icim\/files\/2024\/07\/icim-jornada-asesoramiento-genetico-medicina-precision-35-1024x683.jpg 1024w, https:\/\/medicina.udd.cl\/icim\/files\/2024\/07\/icim-jornada-asesoramiento-genetico-medicina-precision-35-300x200.jpg 300w, https:\/\/medicina.udd.cl\/icim\/files\/2024\/07\/icim-jornada-asesoramiento-genetico-medicina-precision-35-768x512.jpg 768w, https:\/\/medicina.udd.cl\/icim\/files\/2024\/07\/icim-jornada-asesoramiento-genetico-medicina-precision-35-1536x1024.jpg 1536w, https:\/\/medicina.udd.cl\/icim\/files\/2024\/07\/icim-jornada-asesoramiento-genetico-medicina-precision-35-2048x1365.jpg 2048w\" sizes=\"auto, (max-width: 1024px) 100vw, 1024px\" \/><figcaption class=\"wp-element-caption\">Yasser Sullcahuaman, asesor gen\u00e9tico peruano<\/figcaption><\/figure>\n\n\n\n<figure class=\"wp-block-image size-large\"><img loading=\"lazy\" decoding=\"async\" width=\"1024\" height=\"683\" data-id=\"13402\" src=\"https:\/\/medicina.udd.cl\/icim\/files\/2024\/07\/icim-jornada-asesoramiento-genetico-medicina-precision-25-1024x683.jpg\" alt=\"\" class=\"wp-image-13402\" srcset=\"https:\/\/medicina.udd.cl\/icim\/files\/2024\/07\/icim-jornada-asesoramiento-genetico-medicina-precision-25-1024x683.jpg 1024w, https:\/\/medicina.udd.cl\/icim\/files\/2024\/07\/icim-jornada-asesoramiento-genetico-medicina-precision-25-300x200.jpg 300w, https:\/\/medicina.udd.cl\/icim\/files\/2024\/07\/icim-jornada-asesoramiento-genetico-medicina-precision-25-768x512.jpg 768w, https:\/\/medicina.udd.cl\/icim\/files\/2024\/07\/icim-jornada-asesoramiento-genetico-medicina-precision-25-1536x1024.jpg 1536w, https:\/\/medicina.udd.cl\/icim\/files\/2024\/07\/icim-jornada-asesoramiento-genetico-medicina-precision-25-2048x1365.jpg 2048w\" sizes=\"auto, (max-width: 1024px) 100vw, 1024px\" \/><\/figure>\n\n\n\n<figure class=\"wp-block-image size-large\"><img loading=\"lazy\" decoding=\"async\" width=\"1024\" height=\"683\" data-id=\"13414\" src=\"https:\/\/medicina.udd.cl\/icim\/files\/2024\/07\/icim-jornada-asesoramiento-genetico-medicina-precision-40-1024x683.jpg\" alt=\"\" class=\"wp-image-13414\" srcset=\"https:\/\/medicina.udd.cl\/icim\/files\/2024\/07\/icim-jornada-asesoramiento-genetico-medicina-precision-40-1024x683.jpg 1024w, https:\/\/medicina.udd.cl\/icim\/files\/2024\/07\/icim-jornada-asesoramiento-genetico-medicina-precision-40-300x200.jpg 300w, https:\/\/medicina.udd.cl\/icim\/files\/2024\/07\/icim-jornada-asesoramiento-genetico-medicina-precision-40-768x512.jpg 768w, https:\/\/medicina.udd.cl\/icim\/files\/2024\/07\/icim-jornada-asesoramiento-genetico-medicina-precision-40-1536x1024.jpg 1536w, https:\/\/medicina.udd.cl\/icim\/files\/2024\/07\/icim-jornada-asesoramiento-genetico-medicina-precision-40-2048x1365.jpg 2048w\" sizes=\"auto, (max-width: 1024px) 100vw, 1024px\" \/><\/figure>\n\n\n\n<figure class=\"wp-block-image size-large\"><img loading=\"lazy\" decoding=\"async\" width=\"1024\" height=\"683\" data-id=\"13417\" src=\"https:\/\/medicina.udd.cl\/icim\/files\/2024\/07\/icim-jornada-asesoramiento-genetico-medicina-precision-47-1024x683.jpg\" alt=\"\" class=\"wp-image-13417\" srcset=\"https:\/\/medicina.udd.cl\/icim\/files\/2024\/07\/icim-jornada-asesoramiento-genetico-medicina-precision-47-1024x683.jpg 1024w, https:\/\/medicina.udd.cl\/icim\/files\/2024\/07\/icim-jornada-asesoramiento-genetico-medicina-precision-47-300x200.jpg 300w, https:\/\/medicina.udd.cl\/icim\/files\/2024\/07\/icim-jornada-asesoramiento-genetico-medicina-precision-47-768x512.jpg 768w, https:\/\/medicina.udd.cl\/icim\/files\/2024\/07\/icim-jornada-asesoramiento-genetico-medicina-precision-47-1536x1024.jpg 1536w, https:\/\/medicina.udd.cl\/icim\/files\/2024\/07\/icim-jornada-asesoramiento-genetico-medicina-precision-47-2048x1365.jpg 2048w\" sizes=\"auto, (max-width: 1024px) 100vw, 1024px\" \/><\/figure>\n\n\n\n<figure class=\"wp-block-image size-large\"><img loading=\"lazy\" decoding=\"async\" width=\"1024\" height=\"683\" data-id=\"13423\" src=\"https:\/\/medicina.udd.cl\/icim\/files\/2024\/07\/icim-jornada-asesoramiento-genetico-medicina-precision-58-1024x683.jpg\" alt=\"\" class=\"wp-image-13423\" srcset=\"https:\/\/medicina.udd.cl\/icim\/files\/2024\/07\/icim-jornada-asesoramiento-genetico-medicina-precision-58-1024x683.jpg 1024w, https:\/\/medicina.udd.cl\/icim\/files\/2024\/07\/icim-jornada-asesoramiento-genetico-medicina-precision-58-300x200.jpg 300w, https:\/\/medicina.udd.cl\/icim\/files\/2024\/07\/icim-jornada-asesoramiento-genetico-medicina-precision-58-768x512.jpg 768w, https:\/\/medicina.udd.cl\/icim\/files\/2024\/07\/icim-jornada-asesoramiento-genetico-medicina-precision-58-1536x1024.jpg 1536w, https:\/\/medicina.udd.cl\/icim\/files\/2024\/07\/icim-jornada-asesoramiento-genetico-medicina-precision-58-2048x1365.jpg 2048w\" sizes=\"auto, (max-width: 1024px) 100vw, 1024px\" \/><\/figure>\n\n\n\n<figure class=\"wp-block-image size-large\"><img loading=\"lazy\" decoding=\"async\" width=\"1024\" height=\"683\" data-id=\"13411\" src=\"https:\/\/medicina.udd.cl\/icim\/files\/2024\/07\/icim-jornada-asesoramiento-genetico-medicina-precision-38-1024x683.jpg\" alt=\"\" class=\"wp-image-13411\" srcset=\"https:\/\/medicina.udd.cl\/icim\/files\/2024\/07\/icim-jornada-asesoramiento-genetico-medicina-precision-38-1024x683.jpg 1024w, https:\/\/medicina.udd.cl\/icim\/files\/2024\/07\/icim-jornada-asesoramiento-genetico-medicina-precision-38-300x200.jpg 300w, https:\/\/medicina.udd.cl\/icim\/files\/2024\/07\/icim-jornada-asesoramiento-genetico-medicina-precision-38-768x512.jpg 768w, https:\/\/medicina.udd.cl\/icim\/files\/2024\/07\/icim-jornada-asesoramiento-genetico-medicina-precision-38-1536x1024.jpg 1536w, https:\/\/medicina.udd.cl\/icim\/files\/2024\/07\/icim-jornada-asesoramiento-genetico-medicina-precision-38-2048x1365.jpg 2048w\" sizes=\"auto, (max-width: 1024px) 100vw, 1024px\" \/><\/figure>\n\n\n\n<figure class=\"wp-block-image size-large\"><img loading=\"lazy\" decoding=\"async\" width=\"1024\" height=\"683\" data-id=\"13426\" src=\"https:\/\/medicina.udd.cl\/icim\/files\/2024\/07\/icim-jornada-asesoramiento-genetico-medicina-precision-59-1024x683.jpg\" alt=\"\" class=\"wp-image-13426\" srcset=\"https:\/\/medicina.udd.cl\/icim\/files\/2024\/07\/icim-jornada-asesoramiento-genetico-medicina-precision-59-1024x683.jpg 1024w, https:\/\/medicina.udd.cl\/icim\/files\/2024\/07\/icim-jornada-asesoramiento-genetico-medicina-precision-59-300x200.jpg 300w, https:\/\/medicina.udd.cl\/icim\/files\/2024\/07\/icim-jornada-asesoramiento-genetico-medicina-precision-59-768x512.jpg 768w, https:\/\/medicina.udd.cl\/icim\/files\/2024\/07\/icim-jornada-asesoramiento-genetico-medicina-precision-59-1536x1024.jpg 1536w, https:\/\/medicina.udd.cl\/icim\/files\/2024\/07\/icim-jornada-asesoramiento-genetico-medicina-precision-59-2048x1365.jpg 2048w\" sizes=\"auto, (max-width: 1024px) 100vw, 1024px\" \/><\/figure>\n\n\n\n<figure class=\"wp-block-image size-large\"><img loading=\"lazy\" decoding=\"async\" width=\"1024\" height=\"683\" data-id=\"13432\" src=\"https:\/\/medicina.udd.cl\/icim\/files\/2024\/07\/icim-jornada-asesoramiento-genetico-medicina-precision-67-1024x683.jpg\" alt=\"\" class=\"wp-image-13432\" srcset=\"https:\/\/medicina.udd.cl\/icim\/files\/2024\/07\/icim-jornada-asesoramiento-genetico-medicina-precision-67-1024x683.jpg 1024w, https:\/\/medicina.udd.cl\/icim\/files\/2024\/07\/icim-jornada-asesoramiento-genetico-medicina-precision-67-300x200.jpg 300w, https:\/\/medicina.udd.cl\/icim\/files\/2024\/07\/icim-jornada-asesoramiento-genetico-medicina-precision-67-768x512.jpg 768w, https:\/\/medicina.udd.cl\/icim\/files\/2024\/07\/icim-jornada-asesoramiento-genetico-medicina-precision-67-1536x1024.jpg 1536w, https:\/\/medicina.udd.cl\/icim\/files\/2024\/07\/icim-jornada-asesoramiento-genetico-medicina-precision-67-2048x1365.jpg 2048w\" sizes=\"auto, (max-width: 1024px) 100vw, 1024px\" \/><figcaption class=\"wp-element-caption\">Guilherme Gischkow, psicooncologo GCCH<\/figcaption><\/figure>\n\n\n\n<figure class=\"wp-block-image size-large\"><img loading=\"lazy\" decoding=\"async\" width=\"1024\" height=\"683\" data-id=\"13435\" src=\"https:\/\/medicina.udd.cl\/icim\/files\/2024\/07\/icim-jornada-asesoramiento-genetico-medicina-precision-70-1024x683.jpg\" alt=\"\" class=\"wp-image-13435\" srcset=\"https:\/\/medicina.udd.cl\/icim\/files\/2024\/07\/icim-jornada-asesoramiento-genetico-medicina-precision-70-1024x683.jpg 1024w, https:\/\/medicina.udd.cl\/icim\/files\/2024\/07\/icim-jornada-asesoramiento-genetico-medicina-precision-70-300x200.jpg 300w, https:\/\/medicina.udd.cl\/icim\/files\/2024\/07\/icim-jornada-asesoramiento-genetico-medicina-precision-70-768x512.jpg 768w, https:\/\/medicina.udd.cl\/icim\/files\/2024\/07\/icim-jornada-asesoramiento-genetico-medicina-precision-70-1536x1024.jpg 1536w, https:\/\/medicina.udd.cl\/icim\/files\/2024\/07\/icim-jornada-asesoramiento-genetico-medicina-precision-70-2048x1365.jpg 2048w\" sizes=\"auto, (max-width: 1024px) 100vw, 1024px\" \/><\/figure>\n\n\n\n<figure class=\"wp-block-image size-large\"><img loading=\"lazy\" decoding=\"async\" width=\"1024\" height=\"683\" data-id=\"13438\" src=\"https:\/\/medicina.udd.cl\/icim\/files\/2024\/07\/icim-jornada-asesoramiento-genetico-medicina-precision-72-1024x683.jpg\" alt=\"\" class=\"wp-image-13438\" srcset=\"https:\/\/medicina.udd.cl\/icim\/files\/2024\/07\/icim-jornada-asesoramiento-genetico-medicina-precision-72-1024x683.jpg 1024w, https:\/\/medicina.udd.cl\/icim\/files\/2024\/07\/icim-jornada-asesoramiento-genetico-medicina-precision-72-300x200.jpg 300w, https:\/\/medicina.udd.cl\/icim\/files\/2024\/07\/icim-jornada-asesoramiento-genetico-medicina-precision-72-768x512.jpg 768w, https:\/\/medicina.udd.cl\/icim\/files\/2024\/07\/icim-jornada-asesoramiento-genetico-medicina-precision-72-1536x1024.jpg 1536w, https:\/\/medicina.udd.cl\/icim\/files\/2024\/07\/icim-jornada-asesoramiento-genetico-medicina-precision-72-2048x1365.jpg 2048w\" sizes=\"auto, (max-width: 1024px) 100vw, 1024px\" \/><\/figure>\n\n\n\n<figure class=\"wp-block-image size-large\"><img loading=\"lazy\" decoding=\"async\" width=\"1024\" height=\"683\" data-id=\"13441\" src=\"https:\/\/medicina.udd.cl\/icim\/files\/2024\/07\/icim-jornada-asesoramiento-genetico-medicina-precision-77-1024x683.jpg\" alt=\"\" class=\"wp-image-13441\" srcset=\"https:\/\/medicina.udd.cl\/icim\/files\/2024\/07\/icim-jornada-asesoramiento-genetico-medicina-precision-77-1024x683.jpg 1024w, https:\/\/medicina.udd.cl\/icim\/files\/2024\/07\/icim-jornada-asesoramiento-genetico-medicina-precision-77-300x200.jpg 300w, https:\/\/medicina.udd.cl\/icim\/files\/2024\/07\/icim-jornada-asesoramiento-genetico-medicina-precision-77-768x512.jpg 768w, https:\/\/medicina.udd.cl\/icim\/files\/2024\/07\/icim-jornada-asesoramiento-genetico-medicina-precision-77-1536x1024.jpg 1536w, https:\/\/medicina.udd.cl\/icim\/files\/2024\/07\/icim-jornada-asesoramiento-genetico-medicina-precision-77-2048x1365.jpg 2048w\" sizes=\"auto, (max-width: 1024px) 100vw, 1024px\" \/><figcaption class=\"wp-element-caption\">Dr. Suraj Samtani, m\u00e9dico onc\u00f3logo y exalumno Medicina UDD<\/figcaption><\/figure>\n\n\n\n<figure class=\"wp-block-image size-large\"><img loading=\"lazy\" decoding=\"async\" width=\"1024\" height=\"683\" data-id=\"13444\" src=\"https:\/\/medicina.udd.cl\/icim\/files\/2024\/07\/icim-jornada-asesoramiento-genetico-medicina-precision-79-1024x683.jpg\" alt=\"\" class=\"wp-image-13444\" srcset=\"https:\/\/medicina.udd.cl\/icim\/files\/2024\/07\/icim-jornada-asesoramiento-genetico-medicina-precision-79-1024x683.jpg 1024w, https:\/\/medicina.udd.cl\/icim\/files\/2024\/07\/icim-jornada-asesoramiento-genetico-medicina-precision-79-300x200.jpg 300w, https:\/\/medicina.udd.cl\/icim\/files\/2024\/07\/icim-jornada-asesoramiento-genetico-medicina-precision-79-768x512.jpg 768w, https:\/\/medicina.udd.cl\/icim\/files\/2024\/07\/icim-jornada-asesoramiento-genetico-medicina-precision-79-1536x1024.jpg 1536w, https:\/\/medicina.udd.cl\/icim\/files\/2024\/07\/icim-jornada-asesoramiento-genetico-medicina-precision-79-2048x1365.jpg 2048w\" sizes=\"auto, (max-width: 1024px) 100vw, 1024px\" \/><\/figure>\n\n\n\n<figure class=\"wp-block-image size-large\"><img loading=\"lazy\" decoding=\"async\" width=\"1024\" height=\"683\" data-id=\"13447\" src=\"https:\/\/medicina.udd.cl\/icim\/files\/2024\/07\/icim-jornada-asesoramiento-genetico-medicina-precision-85-1024x683.jpg\" alt=\"\" class=\"wp-image-13447\" srcset=\"https:\/\/medicina.udd.cl\/icim\/files\/2024\/07\/icim-jornada-asesoramiento-genetico-medicina-precision-85-1024x683.jpg 1024w, https:\/\/medicina.udd.cl\/icim\/files\/2024\/07\/icim-jornada-asesoramiento-genetico-medicina-precision-85-300x200.jpg 300w, https:\/\/medicina.udd.cl\/icim\/files\/2024\/07\/icim-jornada-asesoramiento-genetico-medicina-precision-85-768x512.jpg 768w, https:\/\/medicina.udd.cl\/icim\/files\/2024\/07\/icim-jornada-asesoramiento-genetico-medicina-precision-85-1536x1024.jpg 1536w, https:\/\/medicina.udd.cl\/icim\/files\/2024\/07\/icim-jornada-asesoramiento-genetico-medicina-precision-85-2048x1365.jpg 2048w\" sizes=\"auto, (max-width: 1024px) 100vw, 1024px\" \/><\/figure>\n\n\n\n<figure class=\"wp-block-image size-large\"><img loading=\"lazy\" decoding=\"async\" width=\"1024\" height=\"683\" data-id=\"13450\" src=\"https:\/\/medicina.udd.cl\/icim\/files\/2024\/07\/icim-jornada-asesoramiento-genetico-medicina-precision-90-1024x683.jpg\" alt=\"\" class=\"wp-image-13450\" srcset=\"https:\/\/medicina.udd.cl\/icim\/files\/2024\/07\/icim-jornada-asesoramiento-genetico-medicina-precision-90-1024x683.jpg 1024w, https:\/\/medicina.udd.cl\/icim\/files\/2024\/07\/icim-jornada-asesoramiento-genetico-medicina-precision-90-300x200.jpg 300w, https:\/\/medicina.udd.cl\/icim\/files\/2024\/07\/icim-jornada-asesoramiento-genetico-medicina-precision-90-768x512.jpg 768w, https:\/\/medicina.udd.cl\/icim\/files\/2024\/07\/icim-jornada-asesoramiento-genetico-medicina-precision-90-1536x1024.jpg 1536w, https:\/\/medicina.udd.cl\/icim\/files\/2024\/07\/icim-jornada-asesoramiento-genetico-medicina-precision-90-2048x1365.jpg 2048w\" sizes=\"auto, (max-width: 1024px) 100vw, 1024px\" \/><\/figure>\n\n\n\n<figure class=\"wp-block-image size-large\"><img loading=\"lazy\" decoding=\"async\" width=\"1024\" height=\"683\" data-id=\"13456\" src=\"https:\/\/medicina.udd.cl\/icim\/files\/2024\/07\/icim-jornada-asesoramiento-genetico-medicina-precision-97-1024x683.jpg\" alt=\"\" class=\"wp-image-13456\" srcset=\"https:\/\/medicina.udd.cl\/icim\/files\/2024\/07\/icim-jornada-asesoramiento-genetico-medicina-precision-97-1024x683.jpg 1024w, https:\/\/medicina.udd.cl\/icim\/files\/2024\/07\/icim-jornada-asesoramiento-genetico-medicina-precision-97-300x200.jpg 300w, https:\/\/medicina.udd.cl\/icim\/files\/2024\/07\/icim-jornada-asesoramiento-genetico-medicina-precision-97-768x512.jpg 768w, https:\/\/medicina.udd.cl\/icim\/files\/2024\/07\/icim-jornada-asesoramiento-genetico-medicina-precision-97-1536x1024.jpg 1536w, https:\/\/medicina.udd.cl\/icim\/files\/2024\/07\/icim-jornada-asesoramiento-genetico-medicina-precision-97-2048x1365.jpg 2048w\" sizes=\"auto, (max-width: 1024px) 100vw, 1024px\" \/><\/figure>\n<\/figure>\n","protected":false},"excerpt":{"rendered":"<p>El pasado jueves 27 de junio, se llev\u00f3 a cabo la Jornada de Asesoramiento Gen\u00e9tico y Medicina de Precisi\u00f3n, organizada por el Grupo Chileno de C\u00e1ncer Hereditario (GCCH), en colaboraci\u00f3n con el Instituto de Ciencias e Innovaci\u00f3n en Medicina (ICIM) de la Facultad de Medicina Cl\u00ednica Alemana Universidad del Desarrollo (UDD). El evento, realizado en [&hellip;]<\/p>\n","protected":false},"author":9192219,"featured_media":13417,"comment_status":"closed","ping_status":"open","sticky":false,"template":"","format":"standard","meta":{"footnotes":""},"categories":[4],"tags":[],"class_list":["post-13384","post","type-post","status-publish","format-standard","has-post-thumbnail","hentry","category-noticias"],"yoast_head":"<!-- This site is optimized with the Yoast SEO plugin v26.9 - https:\/\/yoast.com\/product\/yoast-seo-wordpress\/ -->\n<title>Exitosa Jornada de Asesoramiento Gen\u00e9tico y Medicina de Precisi\u00f3n en la Universidad del Desarrollo - ICIM<\/title>\n<meta name=\"robots\" content=\"index, follow, max-snippet:-1, max-image-preview:large, max-video-preview:-1\" \/>\n<link rel=\"canonical\" href=\"https:\/\/medicina.udd.cl\/icim\/2024\/07\/01\/exitosa-jornada-de-asesoramiento-genetico-y-medicina-de-precision-en-la-universidad-del-desarrollo\/\" \/>\n<meta property=\"og:locale\" content=\"es_ES\" \/>\n<meta property=\"og:type\" content=\"article\" \/>\n<meta property=\"og:title\" content=\"Exitosa Jornada de Asesoramiento Gen\u00e9tico y Medicina de Precisi\u00f3n en la Universidad del Desarrollo - ICIM\" \/>\n<meta property=\"og:description\" content=\"El pasado jueves 27 de junio, se llev\u00f3 a cabo la Jornada de Asesoramiento Gen\u00e9tico y Medicina de Precisi\u00f3n, organizada por el Grupo Chileno de C\u00e1ncer Hereditario (GCCH), en colaboraci\u00f3n con el Instituto de Ciencias e Innovaci\u00f3n en Medicina (ICIM) de la Facultad de Medicina Cl\u00ednica Alemana Universidad del Desarrollo (UDD). El evento, realizado en [&hellip;]\" \/>\n<meta property=\"og:url\" content=\"https:\/\/medicina.udd.cl\/icim\/2024\/07\/01\/exitosa-jornada-de-asesoramiento-genetico-y-medicina-de-precision-en-la-universidad-del-desarrollo\/\" \/>\n<meta property=\"og:site_name\" content=\"ICIM\" \/>\n<meta property=\"article:published_time\" content=\"2024-07-01T14:24:51+00:00\" \/>\n<meta property=\"article:modified_time\" content=\"2024-07-02T17:34:36+00:00\" \/>\n<meta property=\"og:image\" content=\"https:\/\/medicina.udd.cl\/icim\/files\/2024\/07\/icim-jornada-asesoramiento-genetico-medicina-precision-47-scaled.jpg\" \/>\n\t<meta property=\"og:image:width\" content=\"2560\" \/>\n\t<meta property=\"og:image:height\" content=\"1707\" \/>\n\t<meta property=\"og:image:type\" content=\"image\/jpeg\" \/>\n<meta name=\"author\" content=\"rbraidy\" \/>\n<meta name=\"twitter:card\" content=\"summary_large_image\" \/>\n<meta name=\"twitter:label1\" content=\"Escrito por\" \/>\n\t<meta name=\"twitter:data1\" content=\"rbraidy\" \/>\n\t<meta name=\"twitter:label2\" content=\"Tiempo de lectura\" \/>\n\t<meta name=\"twitter:data2\" content=\"7 minutos\" \/>\n<script type=\"application\/ld+json\" class=\"yoast-schema-graph\">{\"@context\":\"https:\/\/schema.org\",\"@graph\":[{\"@type\":\"Article\",\"@id\":\"https:\/\/medicina.udd.cl\/icim\/2024\/07\/01\/exitosa-jornada-de-asesoramiento-genetico-y-medicina-de-precision-en-la-universidad-del-desarrollo\/#article\",\"isPartOf\":{\"@id\":\"https:\/\/medicina.udd.cl\/icim\/2024\/07\/01\/exitosa-jornada-de-asesoramiento-genetico-y-medicina-de-precision-en-la-universidad-del-desarrollo\/\"},\"author\":{\"name\":\"rbraidy\",\"@id\":\"https:\/\/medicina.udd.cl\/icim\/#\/schema\/person\/dbc3705bf3a93e8be1ba6de0ef950341\"},\"headline\":\"Exitosa Jornada de Asesoramiento Gen\u00e9tico y Medicina de Precisi\u00f3n en la Universidad del Desarrollo\",\"datePublished\":\"2024-07-01T14:24:51+00:00\",\"dateModified\":\"2024-07-02T17:34:36+00:00\",\"mainEntityOfPage\":{\"@id\":\"https:\/\/medicina.udd.cl\/icim\/2024\/07\/01\/exitosa-jornada-de-asesoramiento-genetico-y-medicina-de-precision-en-la-universidad-del-desarrollo\/\"},\"wordCount\":599,\"image\":{\"@id\":\"https:\/\/medicina.udd.cl\/icim\/2024\/07\/01\/exitosa-jornada-de-asesoramiento-genetico-y-medicina-de-precision-en-la-universidad-del-desarrollo\/#primaryimage\"},\"thumbnailUrl\":\"https:\/\/medicina.udd.cl\/icim\/files\/2024\/07\/icim-jornada-asesoramiento-genetico-medicina-precision-47-scaled.jpg\",\"articleSection\":[\"Noticias\"],\"inLanguage\":\"es\"},{\"@type\":\"WebPage\",\"@id\":\"https:\/\/medicina.udd.cl\/icim\/2024\/07\/01\/exitosa-jornada-de-asesoramiento-genetico-y-medicina-de-precision-en-la-universidad-del-desarrollo\/\",\"url\":\"https:\/\/medicina.udd.cl\/icim\/2024\/07\/01\/exitosa-jornada-de-asesoramiento-genetico-y-medicina-de-precision-en-la-universidad-del-desarrollo\/\",\"name\":\"Exitosa Jornada de Asesoramiento Gen\u00e9tico y Medicina de Precisi\u00f3n en la Universidad del Desarrollo - ICIM\",\"isPartOf\":{\"@id\":\"https:\/\/medicina.udd.cl\/icim\/#website\"},\"primaryImageOfPage\":{\"@id\":\"https:\/\/medicina.udd.cl\/icim\/2024\/07\/01\/exitosa-jornada-de-asesoramiento-genetico-y-medicina-de-precision-en-la-universidad-del-desarrollo\/#primaryimage\"},\"image\":{\"@id\":\"https:\/\/medicina.udd.cl\/icim\/2024\/07\/01\/exitosa-jornada-de-asesoramiento-genetico-y-medicina-de-precision-en-la-universidad-del-desarrollo\/#primaryimage\"},\"thumbnailUrl\":\"https:\/\/medicina.udd.cl\/icim\/files\/2024\/07\/icim-jornada-asesoramiento-genetico-medicina-precision-47-scaled.jpg\",\"datePublished\":\"2024-07-01T14:24:51+00:00\",\"dateModified\":\"2024-07-02T17:34:36+00:00\",\"author\":{\"@id\":\"https:\/\/medicina.udd.cl\/icim\/#\/schema\/person\/dbc3705bf3a93e8be1ba6de0ef950341\"},\"breadcrumb\":{\"@id\":\"https:\/\/medicina.udd.cl\/icim\/2024\/07\/01\/exitosa-jornada-de-asesoramiento-genetico-y-medicina-de-precision-en-la-universidad-del-desarrollo\/#breadcrumb\"},\"inLanguage\":\"es\",\"potentialAction\":[{\"@type\":\"ReadAction\",\"target\":[\"https:\/\/medicina.udd.cl\/icim\/2024\/07\/01\/exitosa-jornada-de-asesoramiento-genetico-y-medicina-de-precision-en-la-universidad-del-desarrollo\/\"]}]},{\"@type\":\"ImageObject\",\"inLanguage\":\"es\",\"@id\":\"https:\/\/medicina.udd.cl\/icim\/2024\/07\/01\/exitosa-jornada-de-asesoramiento-genetico-y-medicina-de-precision-en-la-universidad-del-desarrollo\/#primaryimage\",\"url\":\"https:\/\/medicina.udd.cl\/icim\/files\/2024\/07\/icim-jornada-asesoramiento-genetico-medicina-precision-47-scaled.jpg\",\"contentUrl\":\"https:\/\/medicina.udd.cl\/icim\/files\/2024\/07\/icim-jornada-asesoramiento-genetico-medicina-precision-47-scaled.jpg\",\"width\":2560,\"height\":1707},{\"@type\":\"BreadcrumbList\",\"@id\":\"https:\/\/medicina.udd.cl\/icim\/2024\/07\/01\/exitosa-jornada-de-asesoramiento-genetico-y-medicina-de-precision-en-la-universidad-del-desarrollo\/#breadcrumb\",\"itemListElement\":[{\"@type\":\"ListItem\",\"position\":1,\"name\":\"Inicio\",\"item\":\"https:\/\/medicina.udd.cl\/icim\/\"},{\"@type\":\"ListItem\",\"position\":2,\"name\":\"Exitosa Jornada de Asesoramiento Gen\u00e9tico y Medicina de Precisi\u00f3n en la Universidad del Desarrollo\"}]},{\"@type\":\"WebSite\",\"@id\":\"https:\/\/medicina.udd.cl\/icim\/#website\",\"url\":\"https:\/\/medicina.udd.cl\/icim\/\",\"name\":\"ICIM\",\"description\":\"Una iniciativa de Universidad del Desarrollo y Cl\u00ednica Alemana\",\"inLanguage\":\"es\"},{\"@type\":\"Person\",\"@id\":\"https:\/\/medicina.udd.cl\/icim\/#\/schema\/person\/dbc3705bf3a93e8be1ba6de0ef950341\",\"name\":\"rbraidy\",\"image\":{\"@type\":\"ImageObject\",\"inLanguage\":\"es\",\"@id\":\"https:\/\/medicina.udd.cl\/icim\/#\/schema\/person\/image\/\",\"url\":\"https:\/\/secure.gravatar.com\/avatar\/0f8bc94637401590e45d2ce17eb65c274cb8870a219de6177f3f23e63fd8cdf3?s=96&d=mm&r=g\",\"contentUrl\":\"https:\/\/secure.gravatar.com\/avatar\/0f8bc94637401590e45d2ce17eb65c274cb8870a219de6177f3f23e63fd8cdf3?s=96&d=mm&r=g\",\"caption\":\"rbraidy\"},\"url\":\"https:\/\/medicina.udd.cl\/icim\/author\/rbraidy\/\"}]}<\/script>\n<!-- \/ Yoast SEO plugin. -->","yoast_head_json":{"title":"Exitosa Jornada de Asesoramiento Gen\u00e9tico y Medicina de Precisi\u00f3n en la Universidad del Desarrollo - ICIM","robots":{"index":"index","follow":"follow","max-snippet":"max-snippet:-1","max-image-preview":"max-image-preview:large","max-video-preview":"max-video-preview:-1"},"canonical":"https:\/\/medicina.udd.cl\/icim\/2024\/07\/01\/exitosa-jornada-de-asesoramiento-genetico-y-medicina-de-precision-en-la-universidad-del-desarrollo\/","og_locale":"es_ES","og_type":"article","og_title":"Exitosa Jornada de Asesoramiento Gen\u00e9tico y Medicina de Precisi\u00f3n en la Universidad del Desarrollo - ICIM","og_description":"El pasado jueves 27 de junio, se llev\u00f3 a cabo la Jornada de Asesoramiento Gen\u00e9tico y Medicina de Precisi\u00f3n, organizada por el Grupo Chileno de C\u00e1ncer Hereditario (GCCH), en colaboraci\u00f3n con el Instituto de Ciencias e Innovaci\u00f3n en Medicina (ICIM) de la Facultad de Medicina Cl\u00ednica Alemana Universidad del Desarrollo (UDD). El evento, realizado en [&hellip;]","og_url":"https:\/\/medicina.udd.cl\/icim\/2024\/07\/01\/exitosa-jornada-de-asesoramiento-genetico-y-medicina-de-precision-en-la-universidad-del-desarrollo\/","og_site_name":"ICIM","article_published_time":"2024-07-01T14:24:51+00:00","article_modified_time":"2024-07-02T17:34:36+00:00","og_image":[{"width":2560,"height":1707,"url":"https:\/\/medicina.udd.cl\/icim\/files\/2024\/07\/icim-jornada-asesoramiento-genetico-medicina-precision-47-scaled.jpg","type":"image\/jpeg"}],"author":"rbraidy","twitter_card":"summary_large_image","twitter_misc":{"Escrito por":"rbraidy","Tiempo de lectura":"7 minutos"},"schema":{"@context":"https:\/\/schema.org","@graph":[{"@type":"Article","@id":"https:\/\/medicina.udd.cl\/icim\/2024\/07\/01\/exitosa-jornada-de-asesoramiento-genetico-y-medicina-de-precision-en-la-universidad-del-desarrollo\/#article","isPartOf":{"@id":"https:\/\/medicina.udd.cl\/icim\/2024\/07\/01\/exitosa-jornada-de-asesoramiento-genetico-y-medicina-de-precision-en-la-universidad-del-desarrollo\/"},"author":{"name":"rbraidy","@id":"https:\/\/medicina.udd.cl\/icim\/#\/schema\/person\/dbc3705bf3a93e8be1ba6de0ef950341"},"headline":"Exitosa Jornada de Asesoramiento Gen\u00e9tico y Medicina de Precisi\u00f3n en la Universidad del Desarrollo","datePublished":"2024-07-01T14:24:51+00:00","dateModified":"2024-07-02T17:34:36+00:00","mainEntityOfPage":{"@id":"https:\/\/medicina.udd.cl\/icim\/2024\/07\/01\/exitosa-jornada-de-asesoramiento-genetico-y-medicina-de-precision-en-la-universidad-del-desarrollo\/"},"wordCount":599,"image":{"@id":"https:\/\/medicina.udd.cl\/icim\/2024\/07\/01\/exitosa-jornada-de-asesoramiento-genetico-y-medicina-de-precision-en-la-universidad-del-desarrollo\/#primaryimage"},"thumbnailUrl":"https:\/\/medicina.udd.cl\/icim\/files\/2024\/07\/icim-jornada-asesoramiento-genetico-medicina-precision-47-scaled.jpg","articleSection":["Noticias"],"inLanguage":"es"},{"@type":"WebPage","@id":"https:\/\/medicina.udd.cl\/icim\/2024\/07\/01\/exitosa-jornada-de-asesoramiento-genetico-y-medicina-de-precision-en-la-universidad-del-desarrollo\/","url":"https:\/\/medicina.udd.cl\/icim\/2024\/07\/01\/exitosa-jornada-de-asesoramiento-genetico-y-medicina-de-precision-en-la-universidad-del-desarrollo\/","name":"Exitosa Jornada de Asesoramiento Gen\u00e9tico y Medicina de Precisi\u00f3n en la Universidad del Desarrollo - ICIM","isPartOf":{"@id":"https:\/\/medicina.udd.cl\/icim\/#website"},"primaryImageOfPage":{"@id":"https:\/\/medicina.udd.cl\/icim\/2024\/07\/01\/exitosa-jornada-de-asesoramiento-genetico-y-medicina-de-precision-en-la-universidad-del-desarrollo\/#primaryimage"},"image":{"@id":"https:\/\/medicina.udd.cl\/icim\/2024\/07\/01\/exitosa-jornada-de-asesoramiento-genetico-y-medicina-de-precision-en-la-universidad-del-desarrollo\/#primaryimage"},"thumbnailUrl":"https:\/\/medicina.udd.cl\/icim\/files\/2024\/07\/icim-jornada-asesoramiento-genetico-medicina-precision-47-scaled.jpg","datePublished":"2024-07-01T14:24:51+00:00","dateModified":"2024-07-02T17:34:36+00:00","author":{"@id":"https:\/\/medicina.udd.cl\/icim\/#\/schema\/person\/dbc3705bf3a93e8be1ba6de0ef950341"},"breadcrumb":{"@id":"https:\/\/medicina.udd.cl\/icim\/2024\/07\/01\/exitosa-jornada-de-asesoramiento-genetico-y-medicina-de-precision-en-la-universidad-del-desarrollo\/#breadcrumb"},"inLanguage":"es","potentialAction":[{"@type":"ReadAction","target":["https:\/\/medicina.udd.cl\/icim\/2024\/07\/01\/exitosa-jornada-de-asesoramiento-genetico-y-medicina-de-precision-en-la-universidad-del-desarrollo\/"]}]},{"@type":"ImageObject","inLanguage":"es","@id":"https:\/\/medicina.udd.cl\/icim\/2024\/07\/01\/exitosa-jornada-de-asesoramiento-genetico-y-medicina-de-precision-en-la-universidad-del-desarrollo\/#primaryimage","url":"https:\/\/medicina.udd.cl\/icim\/files\/2024\/07\/icim-jornada-asesoramiento-genetico-medicina-precision-47-scaled.jpg","contentUrl":"https:\/\/medicina.udd.cl\/icim\/files\/2024\/07\/icim-jornada-asesoramiento-genetico-medicina-precision-47-scaled.jpg","width":2560,"height":1707},{"@type":"BreadcrumbList","@id":"https:\/\/medicina.udd.cl\/icim\/2024\/07\/01\/exitosa-jornada-de-asesoramiento-genetico-y-medicina-de-precision-en-la-universidad-del-desarrollo\/#breadcrumb","itemListElement":[{"@type":"ListItem","position":1,"name":"Inicio","item":"https:\/\/medicina.udd.cl\/icim\/"},{"@type":"ListItem","position":2,"name":"Exitosa Jornada de Asesoramiento Gen\u00e9tico y Medicina de Precisi\u00f3n en la Universidad del Desarrollo"}]},{"@type":"WebSite","@id":"https:\/\/medicina.udd.cl\/icim\/#website","url":"https:\/\/medicina.udd.cl\/icim\/","name":"ICIM","description":"Una iniciativa de Universidad del Desarrollo y Cl\u00ednica Alemana","inLanguage":"es"},{"@type":"Person","@id":"https:\/\/medicina.udd.cl\/icim\/#\/schema\/person\/dbc3705bf3a93e8be1ba6de0ef950341","name":"rbraidy","image":{"@type":"ImageObject","inLanguage":"es","@id":"https:\/\/medicina.udd.cl\/icim\/#\/schema\/person\/image\/","url":"https:\/\/secure.gravatar.com\/avatar\/0f8bc94637401590e45d2ce17eb65c274cb8870a219de6177f3f23e63fd8cdf3?s=96&d=mm&r=g","contentUrl":"https:\/\/secure.gravatar.com\/avatar\/0f8bc94637401590e45d2ce17eb65c274cb8870a219de6177f3f23e63fd8cdf3?s=96&d=mm&r=g","caption":"rbraidy"},"url":"https:\/\/medicina.udd.cl\/icim\/author\/rbraidy\/"}]}},"featured_image_url":"https:\/\/medicina.udd.cl\/icim\/files\/2024\/07\/icim-jornada-asesoramiento-genetico-medicina-precision-47-scaled.jpg","_links":{"self":[{"href":"https:\/\/medicina.udd.cl\/icim\/wp-json\/wp\/v2\/posts\/13384","targetHints":{"allow":["GET"]}}],"collection":[{"href":"https:\/\/medicina.udd.cl\/icim\/wp-json\/wp\/v2\/posts"}],"about":[{"href":"https:\/\/medicina.udd.cl\/icim\/wp-json\/wp\/v2\/types\/post"}],"author":[{"embeddable":true,"href":"https:\/\/medicina.udd.cl\/icim\/wp-json\/wp\/v2\/users\/9192219"}],"replies":[{"embeddable":true,"href":"https:\/\/medicina.udd.cl\/icim\/wp-json\/wp\/v2\/comments?post=13384"}],"version-history":[{"count":5,"href":"https:\/\/medicina.udd.cl\/icim\/wp-json\/wp\/v2\/posts\/13384\/revisions"}],"predecessor-version":[{"id":13480,"href":"https:\/\/medicina.udd.cl\/icim\/wp-json\/wp\/v2\/posts\/13384\/revisions\/13480"}],"wp:featuredmedia":[{"embeddable":true,"href":"https:\/\/medicina.udd.cl\/icim\/wp-json\/wp\/v2\/media\/13417"}],"wp:attachment":[{"href":"https:\/\/medicina.udd.cl\/icim\/wp-json\/wp\/v2\/media?parent=13384"}],"wp:term":[{"taxonomy":"category","embeddable":true,"href":"https:\/\/medicina.udd.cl\/icim\/wp-json\/wp\/v2\/categories?post=13384"},{"taxonomy":"post_tag","embeddable":true,"href":"https:\/\/medicina.udd.cl\/icim\/wp-json\/wp\/v2\/tags?post=13384"}],"curies":[{"name":"wp","href":"https:\/\/api.w.org\/{rel}","templated":true}]}}