{"id":13842,"date":"2024-12-12T15:34:52","date_gmt":"2024-12-12T18:34:52","guid":{"rendered":"https:\/\/medicina.udd.cl\/icim\/?p=13842"},"modified":"2024-12-16T15:48:59","modified_gmt":"2024-12-16T18:48:59","slug":"udd-y-uc-davis-lanzan-fondo-de-investigacion-para-promover-el-trabajo-colaborativo-de-ambas-universidades-en-id-aplicada","status":"publish","type":"post","link":"https:\/\/medicina.udd.cl\/icim\/2024\/12\/12\/udd-y-uc-davis-lanzan-fondo-de-investigacion-para-promover-el-trabajo-colaborativo-de-ambas-universidades-en-id-aplicada\/","title":{"rendered":"UDD y UC Davis lanzan fondo de investigaci\u00f3n para promover el trabajo colaborativo de ambas universidades en I+D Aplicada"},"content":{"rendered":"\n<figure class=\"wp-block-image aligncenter size-full\"><img loading=\"lazy\" decoding=\"async\" width=\"960\" height=\"576\" src=\"https:\/\/medicina.udd.cl\/icim\/files\/2024\/12\/udd_ucdavis.png\" alt=\"\" class=\"wp-image-13844\" srcset=\"https:\/\/medicina.udd.cl\/icim\/files\/2024\/12\/udd_ucdavis.png 960w, https:\/\/medicina.udd.cl\/icim\/files\/2024\/12\/udd_ucdavis-300x180.png 300w, https:\/\/medicina.udd.cl\/icim\/files\/2024\/12\/udd_ucdavis-768x461.png 768w\" sizes=\"auto, (max-width: 960px) 100vw, 960px\" \/><\/figure>\n\n\n\n<p><em>El programa busca apoyar proyectos innovadores con impacto social o comercial, promover el intercambio acad\u00e9mico entre investigadores y estudiantes, y crear redes internacionales para ampliar el alcance de sus hallazgos.<\/em><\/p>\n\n\n\n<p>La Direcci\u00f3n de Transferencia Tecnol\u00f3gica \u2013 iCono UDD lanz\u00f3 esta semana el nuevo fondo Ignition Grant, que busca promover la internacionalizaci\u00f3n de la I+D entre la UDD y UC Davis, mediante un trabajo colaborativo entre investigadores de ambas universidades.<\/p>\n\n\n\n<p>En el lanzamiento del fondo, realizado en las oficinas de la Vicerrector\u00eda de Investigaci\u00f3n y Doctorados, se reunieron miembros de la UDD con UC Davis Chile, liderados por el Executive Director, Dario Cant\u00f9, quien viajo desde EE.UU. Participaron tambi\u00e9n el General Manager de UC Davis Chile, Juan Ladr\u00f3n de Guevara, as\u00ed como el Partnerships Coordinator, Rodrigo Riquelme y la Partnerships Assistant, Gabriela Jim\u00e9nez.<\/p>\n\n\n\n<p>El vicerrector de Investigaci\u00f3n y Doctorados de la UDD, Sergio Hern\u00e1ndez hizo especial \u00e9nfasis en la importancia de la Investigaci\u00f3n con Impacto, destacando esta colaboraci\u00f3n y el enfoque que busca el fondo Ignition Grant de promover la Transferencia Tecnol\u00f3gica.<\/p>\n\n\n\n<p>Dario Cant\u00f9, tras el mensaje del vicerrector, afirm\u00f3 que \u201cno existe investigaci\u00f3n con impacto sin transferencia tecnol\u00f3gica\u201d, y se refiri\u00f3 a la importancia de realizar investigaci\u00f3n que tenga un efecto en la sociedad. Para eso, Rodrigo Riquelme hizo hincapi\u00e9 en que para desarrollar la Investigaci\u00f3n con Impacto \u201cdebemos saber qu\u00e9 est\u00e1 ocurriendo en el mundo y c\u00f3mo colaboramos\u201d.<\/p>\n\n\n\n<p>Al lanzamiento asistieron la directora de Vinculaci\u00f3n de la I+D con el Entorno, Magali Maida; la directora de Vinculaci\u00f3n con el Medio de la Facultad de Arquitectura y Arte, Carolina Flores; as\u00ed como tambi\u00e9n investigadores de la UDD, tales como Solange Brevis, de la carrera de Nutrici\u00f3n y Diet\u00e9tica; Jorge Varela, del IBEM; e Iv\u00e1n Alfaro, del ICIM.<\/p>\n\n\n\n<p>\u201cEsperamos que este fondo cumpla su objetivo, que es promover la I+D aplicada, entendiendo la importancia de desarrollar Investigaci\u00f3n con Impacto, para que la ciencia y la innovaci\u00f3n est\u00e9n al servicio de la sociedad, presentando soluciones a distintas problem\u00e1ticas\u201d, dijo el director de iCono UDD, Rodrigo del Canto.<\/p>\n","protected":false},"excerpt":{"rendered":"<p>El programa busca apoyar proyectos innovadores con impacto social o comercial, promover el intercambio acad\u00e9mico entre investigadores y estudiantes, y crear redes internacionales para ampliar el alcance de sus hallazgos. La Direcci\u00f3n de Transferencia Tecnol\u00f3gica \u2013 iCono UDD lanz\u00f3 esta semana el nuevo fondo Ignition Grant, que busca promover la internacionalizaci\u00f3n de la I+D entre [&hellip;]<\/p>\n","protected":false},"author":9192219,"featured_media":13846,"comment_status":"closed","ping_status":"open","sticky":false,"template":"","format":"standard","meta":{"footnotes":""},"categories":[4],"tags":[],"class_list":["post-13842","post","type-post","status-publish","format-standard","has-post-thumbnail","hentry","category-noticias"],"yoast_head":"<!-- This site is optimized with the Yoast SEO plugin v26.9 - https:\/\/yoast.com\/product\/yoast-seo-wordpress\/ -->\n<title>UDD y UC Davis lanzan fondo de investigaci\u00f3n para promover el trabajo colaborativo de ambas universidades en I+D Aplicada - ICIM<\/title>\n<meta name=\"robots\" content=\"index, follow, max-snippet:-1, max-image-preview:large, max-video-preview:-1\" \/>\n<link rel=\"canonical\" href=\"https:\/\/medicina.udd.cl\/icim\/2024\/12\/12\/udd-y-uc-davis-lanzan-fondo-de-investigacion-para-promover-el-trabajo-colaborativo-de-ambas-universidades-en-id-aplicada\/\" \/>\n<meta property=\"og:locale\" content=\"es_ES\" \/>\n<meta property=\"og:type\" content=\"article\" \/>\n<meta property=\"og:title\" content=\"UDD y UC Davis lanzan fondo de investigaci\u00f3n para promover el trabajo colaborativo de ambas universidades en I+D Aplicada - ICIM\" \/>\n<meta property=\"og:description\" content=\"El programa busca apoyar proyectos innovadores con impacto social o comercial, promover el intercambio acad\u00e9mico entre investigadores y estudiantes, y crear redes internacionales para ampliar el alcance de sus hallazgos. La Direcci\u00f3n de Transferencia Tecnol\u00f3gica \u2013 iCono UDD lanz\u00f3 esta semana el nuevo fondo Ignition Grant, que busca promover la internacionalizaci\u00f3n de la I+D entre [&hellip;]\" \/>\n<meta property=\"og:url\" content=\"https:\/\/medicina.udd.cl\/icim\/2024\/12\/12\/udd-y-uc-davis-lanzan-fondo-de-investigacion-para-promover-el-trabajo-colaborativo-de-ambas-universidades-en-id-aplicada\/\" \/>\n<meta property=\"og:site_name\" content=\"ICIM\" \/>\n<meta property=\"article:published_time\" content=\"2024-12-12T18:34:52+00:00\" \/>\n<meta property=\"article:modified_time\" content=\"2024-12-16T18:48:59+00:00\" \/>\n<meta property=\"og:image\" content=\"https:\/\/medicina.udd.cl\/icim\/files\/2024\/12\/udd_ucdavis_portada.png\" \/>\n\t<meta property=\"og:image:width\" content=\"280\" \/>\n\t<meta property=\"og:image:height\" content=\"180\" \/>\n\t<meta property=\"og:image:type\" content=\"image\/png\" \/>\n<meta name=\"author\" content=\"rbraidy\" \/>\n<meta name=\"twitter:card\" content=\"summary_large_image\" \/>\n<meta name=\"twitter:label1\" content=\"Escrito por\" \/>\n\t<meta name=\"twitter:data1\" content=\"rbraidy\" \/>\n\t<meta name=\"twitter:label2\" content=\"Tiempo de lectura\" \/>\n\t<meta name=\"twitter:data2\" content=\"2 minutos\" \/>\n<script type=\"application\/ld+json\" class=\"yoast-schema-graph\">{\"@context\":\"https:\/\/schema.org\",\"@graph\":[{\"@type\":\"Article\",\"@id\":\"https:\/\/medicina.udd.cl\/icim\/2024\/12\/12\/udd-y-uc-davis-lanzan-fondo-de-investigacion-para-promover-el-trabajo-colaborativo-de-ambas-universidades-en-id-aplicada\/#article\",\"isPartOf\":{\"@id\":\"https:\/\/medicina.udd.cl\/icim\/2024\/12\/12\/udd-y-uc-davis-lanzan-fondo-de-investigacion-para-promover-el-trabajo-colaborativo-de-ambas-universidades-en-id-aplicada\/\"},\"author\":{\"name\":\"rbraidy\",\"@id\":\"https:\/\/medicina.udd.cl\/icim\/#\/schema\/person\/dbc3705bf3a93e8be1ba6de0ef950341\"},\"headline\":\"UDD y UC Davis lanzan fondo de investigaci\u00f3n para promover el trabajo colaborativo de ambas universidades en I+D Aplicada\",\"datePublished\":\"2024-12-12T18:34:52+00:00\",\"dateModified\":\"2024-12-16T18:48:59+00:00\",\"mainEntityOfPage\":{\"@id\":\"https:\/\/medicina.udd.cl\/icim\/2024\/12\/12\/udd-y-uc-davis-lanzan-fondo-de-investigacion-para-promover-el-trabajo-colaborativo-de-ambas-universidades-en-id-aplicada\/\"},\"wordCount\":388,\"image\":{\"@id\":\"https:\/\/medicina.udd.cl\/icim\/2024\/12\/12\/udd-y-uc-davis-lanzan-fondo-de-investigacion-para-promover-el-trabajo-colaborativo-de-ambas-universidades-en-id-aplicada\/#primaryimage\"},\"thumbnailUrl\":\"https:\/\/medicina.udd.cl\/icim\/files\/2024\/12\/udd_ucdavis_portada.png\",\"articleSection\":[\"Noticias\"],\"inLanguage\":\"es\"},{\"@type\":\"WebPage\",\"@id\":\"https:\/\/medicina.udd.cl\/icim\/2024\/12\/12\/udd-y-uc-davis-lanzan-fondo-de-investigacion-para-promover-el-trabajo-colaborativo-de-ambas-universidades-en-id-aplicada\/\",\"url\":\"https:\/\/medicina.udd.cl\/icim\/2024\/12\/12\/udd-y-uc-davis-lanzan-fondo-de-investigacion-para-promover-el-trabajo-colaborativo-de-ambas-universidades-en-id-aplicada\/\",\"name\":\"UDD y UC Davis lanzan fondo de investigaci\u00f3n para promover el trabajo colaborativo de ambas universidades en I+D Aplicada - ICIM\",\"isPartOf\":{\"@id\":\"https:\/\/medicina.udd.cl\/icim\/#website\"},\"primaryImageOfPage\":{\"@id\":\"https:\/\/medicina.udd.cl\/icim\/2024\/12\/12\/udd-y-uc-davis-lanzan-fondo-de-investigacion-para-promover-el-trabajo-colaborativo-de-ambas-universidades-en-id-aplicada\/#primaryimage\"},\"image\":{\"@id\":\"https:\/\/medicina.udd.cl\/icim\/2024\/12\/12\/udd-y-uc-davis-lanzan-fondo-de-investigacion-para-promover-el-trabajo-colaborativo-de-ambas-universidades-en-id-aplicada\/#primaryimage\"},\"thumbnailUrl\":\"https:\/\/medicina.udd.cl\/icim\/files\/2024\/12\/udd_ucdavis_portada.png\",\"datePublished\":\"2024-12-12T18:34:52+00:00\",\"dateModified\":\"2024-12-16T18:48:59+00:00\",\"author\":{\"@id\":\"https:\/\/medicina.udd.cl\/icim\/#\/schema\/person\/dbc3705bf3a93e8be1ba6de0ef950341\"},\"breadcrumb\":{\"@id\":\"https:\/\/medicina.udd.cl\/icim\/2024\/12\/12\/udd-y-uc-davis-lanzan-fondo-de-investigacion-para-promover-el-trabajo-colaborativo-de-ambas-universidades-en-id-aplicada\/#breadcrumb\"},\"inLanguage\":\"es\",\"potentialAction\":[{\"@type\":\"ReadAction\",\"target\":[\"https:\/\/medicina.udd.cl\/icim\/2024\/12\/12\/udd-y-uc-davis-lanzan-fondo-de-investigacion-para-promover-el-trabajo-colaborativo-de-ambas-universidades-en-id-aplicada\/\"]}]},{\"@type\":\"ImageObject\",\"inLanguage\":\"es\",\"@id\":\"https:\/\/medicina.udd.cl\/icim\/2024\/12\/12\/udd-y-uc-davis-lanzan-fondo-de-investigacion-para-promover-el-trabajo-colaborativo-de-ambas-universidades-en-id-aplicada\/#primaryimage\",\"url\":\"https:\/\/medicina.udd.cl\/icim\/files\/2024\/12\/udd_ucdavis_portada.png\",\"contentUrl\":\"https:\/\/medicina.udd.cl\/icim\/files\/2024\/12\/udd_ucdavis_portada.png\",\"width\":280,\"height\":180},{\"@type\":\"BreadcrumbList\",\"@id\":\"https:\/\/medicina.udd.cl\/icim\/2024\/12\/12\/udd-y-uc-davis-lanzan-fondo-de-investigacion-para-promover-el-trabajo-colaborativo-de-ambas-universidades-en-id-aplicada\/#breadcrumb\",\"itemListElement\":[{\"@type\":\"ListItem\",\"position\":1,\"name\":\"Inicio\",\"item\":\"https:\/\/medicina.udd.cl\/icim\/\"},{\"@type\":\"ListItem\",\"position\":2,\"name\":\"UDD y UC Davis lanzan fondo de investigaci\u00f3n para promover el trabajo colaborativo de ambas universidades en I+D Aplicada\"}]},{\"@type\":\"WebSite\",\"@id\":\"https:\/\/medicina.udd.cl\/icim\/#website\",\"url\":\"https:\/\/medicina.udd.cl\/icim\/\",\"name\":\"ICIM\",\"description\":\"Una iniciativa de Universidad del Desarrollo y Cl\u00ednica Alemana\",\"inLanguage\":\"es\"},{\"@type\":\"Person\",\"@id\":\"https:\/\/medicina.udd.cl\/icim\/#\/schema\/person\/dbc3705bf3a93e8be1ba6de0ef950341\",\"name\":\"rbraidy\",\"image\":{\"@type\":\"ImageObject\",\"inLanguage\":\"es\",\"@id\":\"https:\/\/medicina.udd.cl\/icim\/#\/schema\/person\/image\/\",\"url\":\"https:\/\/secure.gravatar.com\/avatar\/0f8bc94637401590e45d2ce17eb65c274cb8870a219de6177f3f23e63fd8cdf3?s=96&d=mm&r=g\",\"contentUrl\":\"https:\/\/secure.gravatar.com\/avatar\/0f8bc94637401590e45d2ce17eb65c274cb8870a219de6177f3f23e63fd8cdf3?s=96&d=mm&r=g\",\"caption\":\"rbraidy\"},\"url\":\"https:\/\/medicina.udd.cl\/icim\/author\/rbraidy\/\"}]}<\/script>\n<!-- \/ Yoast SEO plugin. -->","yoast_head_json":{"title":"UDD y UC Davis lanzan fondo de investigaci\u00f3n para promover el trabajo colaborativo de ambas universidades en I+D Aplicada - ICIM","robots":{"index":"index","follow":"follow","max-snippet":"max-snippet:-1","max-image-preview":"max-image-preview:large","max-video-preview":"max-video-preview:-1"},"canonical":"https:\/\/medicina.udd.cl\/icim\/2024\/12\/12\/udd-y-uc-davis-lanzan-fondo-de-investigacion-para-promover-el-trabajo-colaborativo-de-ambas-universidades-en-id-aplicada\/","og_locale":"es_ES","og_type":"article","og_title":"UDD y UC Davis lanzan fondo de investigaci\u00f3n para promover el trabajo colaborativo de ambas universidades en I+D Aplicada - ICIM","og_description":"El programa busca apoyar proyectos innovadores con impacto social o comercial, promover el intercambio acad\u00e9mico entre investigadores y estudiantes, y crear redes internacionales para ampliar el alcance de sus hallazgos. La Direcci\u00f3n de Transferencia Tecnol\u00f3gica \u2013 iCono UDD lanz\u00f3 esta semana el nuevo fondo Ignition Grant, que busca promover la internacionalizaci\u00f3n de la I+D entre [&hellip;]","og_url":"https:\/\/medicina.udd.cl\/icim\/2024\/12\/12\/udd-y-uc-davis-lanzan-fondo-de-investigacion-para-promover-el-trabajo-colaborativo-de-ambas-universidades-en-id-aplicada\/","og_site_name":"ICIM","article_published_time":"2024-12-12T18:34:52+00:00","article_modified_time":"2024-12-16T18:48:59+00:00","og_image":[{"width":280,"height":180,"url":"https:\/\/medicina.udd.cl\/icim\/files\/2024\/12\/udd_ucdavis_portada.png","type":"image\/png"}],"author":"rbraidy","twitter_card":"summary_large_image","twitter_misc":{"Escrito por":"rbraidy","Tiempo de lectura":"2 minutos"},"schema":{"@context":"https:\/\/schema.org","@graph":[{"@type":"Article","@id":"https:\/\/medicina.udd.cl\/icim\/2024\/12\/12\/udd-y-uc-davis-lanzan-fondo-de-investigacion-para-promover-el-trabajo-colaborativo-de-ambas-universidades-en-id-aplicada\/#article","isPartOf":{"@id":"https:\/\/medicina.udd.cl\/icim\/2024\/12\/12\/udd-y-uc-davis-lanzan-fondo-de-investigacion-para-promover-el-trabajo-colaborativo-de-ambas-universidades-en-id-aplicada\/"},"author":{"name":"rbraidy","@id":"https:\/\/medicina.udd.cl\/icim\/#\/schema\/person\/dbc3705bf3a93e8be1ba6de0ef950341"},"headline":"UDD y UC Davis lanzan fondo de investigaci\u00f3n para promover el trabajo colaborativo de ambas universidades en I+D Aplicada","datePublished":"2024-12-12T18:34:52+00:00","dateModified":"2024-12-16T18:48:59+00:00","mainEntityOfPage":{"@id":"https:\/\/medicina.udd.cl\/icim\/2024\/12\/12\/udd-y-uc-davis-lanzan-fondo-de-investigacion-para-promover-el-trabajo-colaborativo-de-ambas-universidades-en-id-aplicada\/"},"wordCount":388,"image":{"@id":"https:\/\/medicina.udd.cl\/icim\/2024\/12\/12\/udd-y-uc-davis-lanzan-fondo-de-investigacion-para-promover-el-trabajo-colaborativo-de-ambas-universidades-en-id-aplicada\/#primaryimage"},"thumbnailUrl":"https:\/\/medicina.udd.cl\/icim\/files\/2024\/12\/udd_ucdavis_portada.png","articleSection":["Noticias"],"inLanguage":"es"},{"@type":"WebPage","@id":"https:\/\/medicina.udd.cl\/icim\/2024\/12\/12\/udd-y-uc-davis-lanzan-fondo-de-investigacion-para-promover-el-trabajo-colaborativo-de-ambas-universidades-en-id-aplicada\/","url":"https:\/\/medicina.udd.cl\/icim\/2024\/12\/12\/udd-y-uc-davis-lanzan-fondo-de-investigacion-para-promover-el-trabajo-colaborativo-de-ambas-universidades-en-id-aplicada\/","name":"UDD y UC Davis lanzan fondo de investigaci\u00f3n para promover el trabajo colaborativo de ambas universidades en I+D Aplicada - ICIM","isPartOf":{"@id":"https:\/\/medicina.udd.cl\/icim\/#website"},"primaryImageOfPage":{"@id":"https:\/\/medicina.udd.cl\/icim\/2024\/12\/12\/udd-y-uc-davis-lanzan-fondo-de-investigacion-para-promover-el-trabajo-colaborativo-de-ambas-universidades-en-id-aplicada\/#primaryimage"},"image":{"@id":"https:\/\/medicina.udd.cl\/icim\/2024\/12\/12\/udd-y-uc-davis-lanzan-fondo-de-investigacion-para-promover-el-trabajo-colaborativo-de-ambas-universidades-en-id-aplicada\/#primaryimage"},"thumbnailUrl":"https:\/\/medicina.udd.cl\/icim\/files\/2024\/12\/udd_ucdavis_portada.png","datePublished":"2024-12-12T18:34:52+00:00","dateModified":"2024-12-16T18:48:59+00:00","author":{"@id":"https:\/\/medicina.udd.cl\/icim\/#\/schema\/person\/dbc3705bf3a93e8be1ba6de0ef950341"},"breadcrumb":{"@id":"https:\/\/medicina.udd.cl\/icim\/2024\/12\/12\/udd-y-uc-davis-lanzan-fondo-de-investigacion-para-promover-el-trabajo-colaborativo-de-ambas-universidades-en-id-aplicada\/#breadcrumb"},"inLanguage":"es","potentialAction":[{"@type":"ReadAction","target":["https:\/\/medicina.udd.cl\/icim\/2024\/12\/12\/udd-y-uc-davis-lanzan-fondo-de-investigacion-para-promover-el-trabajo-colaborativo-de-ambas-universidades-en-id-aplicada\/"]}]},{"@type":"ImageObject","inLanguage":"es","@id":"https:\/\/medicina.udd.cl\/icim\/2024\/12\/12\/udd-y-uc-davis-lanzan-fondo-de-investigacion-para-promover-el-trabajo-colaborativo-de-ambas-universidades-en-id-aplicada\/#primaryimage","url":"https:\/\/medicina.udd.cl\/icim\/files\/2024\/12\/udd_ucdavis_portada.png","contentUrl":"https:\/\/medicina.udd.cl\/icim\/files\/2024\/12\/udd_ucdavis_portada.png","width":280,"height":180},{"@type":"BreadcrumbList","@id":"https:\/\/medicina.udd.cl\/icim\/2024\/12\/12\/udd-y-uc-davis-lanzan-fondo-de-investigacion-para-promover-el-trabajo-colaborativo-de-ambas-universidades-en-id-aplicada\/#breadcrumb","itemListElement":[{"@type":"ListItem","position":1,"name":"Inicio","item":"https:\/\/medicina.udd.cl\/icim\/"},{"@type":"ListItem","position":2,"name":"UDD y UC Davis lanzan fondo de investigaci\u00f3n para promover el trabajo colaborativo de ambas universidades en I+D Aplicada"}]},{"@type":"WebSite","@id":"https:\/\/medicina.udd.cl\/icim\/#website","url":"https:\/\/medicina.udd.cl\/icim\/","name":"ICIM","description":"Una iniciativa de Universidad del Desarrollo y Cl\u00ednica Alemana","inLanguage":"es"},{"@type":"Person","@id":"https:\/\/medicina.udd.cl\/icim\/#\/schema\/person\/dbc3705bf3a93e8be1ba6de0ef950341","name":"rbraidy","image":{"@type":"ImageObject","inLanguage":"es","@id":"https:\/\/medicina.udd.cl\/icim\/#\/schema\/person\/image\/","url":"https:\/\/secure.gravatar.com\/avatar\/0f8bc94637401590e45d2ce17eb65c274cb8870a219de6177f3f23e63fd8cdf3?s=96&d=mm&r=g","contentUrl":"https:\/\/secure.gravatar.com\/avatar\/0f8bc94637401590e45d2ce17eb65c274cb8870a219de6177f3f23e63fd8cdf3?s=96&d=mm&r=g","caption":"rbraidy"},"url":"https:\/\/medicina.udd.cl\/icim\/author\/rbraidy\/"}]}},"featured_image_url":"https:\/\/medicina.udd.cl\/icim\/files\/2024\/12\/udd_ucdavis_portada.png","_links":{"self":[{"href":"https:\/\/medicina.udd.cl\/icim\/wp-json\/wp\/v2\/posts\/13842","targetHints":{"allow":["GET"]}}],"collection":[{"href":"https:\/\/medicina.udd.cl\/icim\/wp-json\/wp\/v2\/posts"}],"about":[{"href":"https:\/\/medicina.udd.cl\/icim\/wp-json\/wp\/v2\/types\/post"}],"author":[{"embeddable":true,"href":"https:\/\/medicina.udd.cl\/icim\/wp-json\/wp\/v2\/users\/9192219"}],"replies":[{"embeddable":true,"href":"https:\/\/medicina.udd.cl\/icim\/wp-json\/wp\/v2\/comments?post=13842"}],"version-history":[{"count":1,"href":"https:\/\/medicina.udd.cl\/icim\/wp-json\/wp\/v2\/posts\/13842\/revisions"}],"predecessor-version":[{"id":13845,"href":"https:\/\/medicina.udd.cl\/icim\/wp-json\/wp\/v2\/posts\/13842\/revisions\/13845"}],"wp:featuredmedia":[{"embeddable":true,"href":"https:\/\/medicina.udd.cl\/icim\/wp-json\/wp\/v2\/media\/13846"}],"wp:attachment":[{"href":"https:\/\/medicina.udd.cl\/icim\/wp-json\/wp\/v2\/media?parent=13842"}],"wp:term":[{"taxonomy":"category","embeddable":true,"href":"https:\/\/medicina.udd.cl\/icim\/wp-json\/wp\/v2\/categories?post=13842"},{"taxonomy":"post_tag","embeddable":true,"href":"https:\/\/medicina.udd.cl\/icim\/wp-json\/wp\/v2\/tags?post=13842"}],"curies":[{"name":"wp","href":"https:\/\/api.w.org\/{rel}","templated":true}]}}