{"id":13964,"date":"2025-03-03T11:33:20","date_gmt":"2025-03-03T14:33:20","guid":{"rendered":"https:\/\/medicina.udd.cl\/icim\/?p=13964"},"modified":"2025-03-04T11:35:02","modified_gmt":"2025-03-04T14:35:02","slug":"facultad-de-medicina-e-icim-conmemoran-el-dia-de-las-enfermedades-raras-con-una-jornada-de-sensibilizacion","status":"publish","type":"post","link":"https:\/\/medicina.udd.cl\/icim\/2025\/03\/03\/facultad-de-medicina-e-icim-conmemoran-el-dia-de-las-enfermedades-raras-con-una-jornada-de-sensibilizacion\/","title":{"rendered":"Facultad de Medicina e ICIM conmemoran el D\u00eda de las Enfermedades Raras con una jornada de sensibilizaci\u00f3n"},"content":{"rendered":"\n<figure class=\"wp-block-image aligncenter size-large\"><img loading=\"lazy\" decoding=\"async\" width=\"1024\" height=\"683\" src=\"https:\/\/medicina.udd.cl\/icim\/files\/2025\/03\/semana_puente_2025_vst-0041-1024x683.jpg\" alt=\"\" class=\"wp-image-13965\" srcset=\"https:\/\/medicina.udd.cl\/icim\/files\/2025\/03\/semana_puente_2025_vst-0041-1024x683.jpg 1024w, https:\/\/medicina.udd.cl\/icim\/files\/2025\/03\/semana_puente_2025_vst-0041-300x200.jpg 300w, https:\/\/medicina.udd.cl\/icim\/files\/2025\/03\/semana_puente_2025_vst-0041-768x512.jpg 768w, https:\/\/medicina.udd.cl\/icim\/files\/2025\/03\/semana_puente_2025_vst-0041-1536x1024.jpg 1536w, https:\/\/medicina.udd.cl\/icim\/files\/2025\/03\/semana_puente_2025_vst-0041.jpg 1620w\" sizes=\"auto, (max-width: 1024px) 100vw, 1024px\" \/><\/figure>\n\n\n\n<p>Cada 29 de febrero se conmemora el D\u00eda Mundial de las Enfermedades Raras, una fecha dedicada a visibilizar los desaf\u00edos que enfrentan quienes viven con estas patolog\u00edas y fomentar la investigaci\u00f3n y el acceso a tratamientos. Este a\u00f1o, la Facultad de Medicina Cl\u00ednica Alemana Universidad del Desarrollo y el Instituto de Ciencias e Innovaci\u00f3n en Medicina (ICIM) se unieron a esta causa visti\u00e9ndose de blanco y negro en una jornada de sensibilizaci\u00f3n y compromiso con la comunidad.<\/p>\n\n\n\n<p>La actividad, que cont\u00f3 con la participaci\u00f3n de acad\u00e9micos, colaboradores e investigadores, tuvo como objetivo generar conciencia sobre la realidad de las enfermedades raras, las cuales afectan a una minor\u00eda de la poblaci\u00f3n pero tienen un impacto significativo en la calidad de vida de los pacientes y sus familias. <\/p>\n\n\n\n<p>En el marco del D\u00eda de las Enfermedades Raras, queremos destacar el trabajo de los investigadores del ICIM que desarrollan estudios en gen\u00e9tica y enfermedades poco frecuentes, contribuyendo con hallazgos que pueden mejorar el diagn\u00f3stico y tratamiento de estos pacientes. El programa de investigaci\u00f3n\u00a0<a href=\"https:\/\/www.pocofrecuentes.cl\/\">Poco Frecuentes<\/a>\u00a0se enfoca en las personas con enfermedades raras o poco frecuentes que a\u00fan no tienen diagn\u00f3stico. De las 167 familias que participan en el programa, el 37% recibi\u00f3 un diagn\u00f3stico despu\u00e9s del exoma. De estos, el 30% recibi\u00f3 recomendaciones en base a ese resultado. La mitad de las variantes gen\u00e9ticas encontradas no hab\u00edan sido reportadas previamente, por lo que tambi\u00e9n fue una contribuci\u00f3n al conocimiento global.<\/p>\n\n\n\n<p>Con iniciativas como esta, la Facultad de Medicina UDD reafirma su compromiso con la educaci\u00f3n, la investigaci\u00f3n y la concientizaci\u00f3n en salud, promoviendo espacios de reflexi\u00f3n y aprendizaje que benefician a la comunidad m\u00e9dica y a la sociedad en su conjunto.<\/p>\n","protected":false},"excerpt":{"rendered":"<p>Cada 29 de febrero se conmemora el D\u00eda Mundial de las Enfermedades Raras, una fecha dedicada a visibilizar los desaf\u00edos que enfrentan quienes viven con estas patolog\u00edas y fomentar la investigaci\u00f3n y el acceso a tratamientos. Este a\u00f1o, la Facultad de Medicina Cl\u00ednica Alemana Universidad del Desarrollo y el Instituto de Ciencias e Innovaci\u00f3n en [&hellip;]<\/p>\n","protected":false},"author":9192254,"featured_media":13965,"comment_status":"closed","ping_status":"open","sticky":false,"template":"","format":"standard","meta":{"footnotes":""},"categories":[4],"tags":[],"class_list":["post-13964","post","type-post","status-publish","format-standard","has-post-thumbnail","hentry","category-noticias"],"yoast_head":"<!-- This site is optimized with the Yoast SEO plugin v26.9 - https:\/\/yoast.com\/product\/yoast-seo-wordpress\/ -->\n<title>Facultad de Medicina e ICIM conmemoran el D\u00eda de las Enfermedades Raras con una jornada de sensibilizaci\u00f3n - ICIM<\/title>\n<meta name=\"robots\" content=\"index, follow, max-snippet:-1, max-image-preview:large, max-video-preview:-1\" \/>\n<link rel=\"canonical\" href=\"https:\/\/medicina.udd.cl\/icim\/2025\/03\/03\/facultad-de-medicina-e-icim-conmemoran-el-dia-de-las-enfermedades-raras-con-una-jornada-de-sensibilizacion\/\" \/>\n<meta property=\"og:locale\" content=\"es_ES\" \/>\n<meta property=\"og:type\" content=\"article\" \/>\n<meta property=\"og:title\" content=\"Facultad de Medicina e ICIM conmemoran el D\u00eda de las Enfermedades Raras con una jornada de sensibilizaci\u00f3n - ICIM\" \/>\n<meta property=\"og:description\" content=\"Cada 29 de febrero se conmemora el D\u00eda Mundial de las Enfermedades Raras, una fecha dedicada a visibilizar los desaf\u00edos que enfrentan quienes viven con estas patolog\u00edas y fomentar la investigaci\u00f3n y el acceso a tratamientos. Este a\u00f1o, la Facultad de Medicina Cl\u00ednica Alemana Universidad del Desarrollo y el Instituto de Ciencias e Innovaci\u00f3n en [&hellip;]\" \/>\n<meta property=\"og:url\" content=\"https:\/\/medicina.udd.cl\/icim\/2025\/03\/03\/facultad-de-medicina-e-icim-conmemoran-el-dia-de-las-enfermedades-raras-con-una-jornada-de-sensibilizacion\/\" \/>\n<meta property=\"og:site_name\" content=\"ICIM\" \/>\n<meta property=\"article:published_time\" content=\"2025-03-03T14:33:20+00:00\" \/>\n<meta property=\"article:modified_time\" content=\"2025-03-04T14:35:02+00:00\" \/>\n<meta property=\"og:image\" content=\"https:\/\/medicina.udd.cl\/icim\/files\/2025\/03\/semana_puente_2025_vst-0041.jpg\" \/>\n\t<meta property=\"og:image:width\" content=\"1620\" \/>\n\t<meta property=\"og:image:height\" content=\"1080\" \/>\n\t<meta property=\"og:image:type\" content=\"image\/jpeg\" \/>\n<meta name=\"author\" content=\"magdalenaestay\" \/>\n<meta name=\"twitter:card\" content=\"summary_large_image\" \/>\n<meta name=\"twitter:label1\" content=\"Escrito por\" \/>\n\t<meta name=\"twitter:data1\" content=\"magdalenaestay\" \/>\n\t<meta name=\"twitter:label2\" content=\"Tiempo de lectura\" \/>\n\t<meta name=\"twitter:data2\" content=\"2 minutos\" \/>\n<script type=\"application\/ld+json\" class=\"yoast-schema-graph\">{\"@context\":\"https:\/\/schema.org\",\"@graph\":[{\"@type\":\"Article\",\"@id\":\"https:\/\/medicina.udd.cl\/icim\/2025\/03\/03\/facultad-de-medicina-e-icim-conmemoran-el-dia-de-las-enfermedades-raras-con-una-jornada-de-sensibilizacion\/#article\",\"isPartOf\":{\"@id\":\"https:\/\/medicina.udd.cl\/icim\/2025\/03\/03\/facultad-de-medicina-e-icim-conmemoran-el-dia-de-las-enfermedades-raras-con-una-jornada-de-sensibilizacion\/\"},\"author\":{\"name\":\"magdalenaestay\",\"@id\":\"https:\/\/medicina.udd.cl\/icim\/#\/schema\/person\/ed6f79d59c0f820f128a5bb9801ef1f2\"},\"headline\":\"Facultad de Medicina e ICIM conmemoran el D\u00eda de las Enfermedades Raras con una jornada de sensibilizaci\u00f3n\",\"datePublished\":\"2025-03-03T14:33:20+00:00\",\"dateModified\":\"2025-03-04T14:35:02+00:00\",\"mainEntityOfPage\":{\"@id\":\"https:\/\/medicina.udd.cl\/icim\/2025\/03\/03\/facultad-de-medicina-e-icim-conmemoran-el-dia-de-las-enfermedades-raras-con-una-jornada-de-sensibilizacion\/\"},\"wordCount\":324,\"image\":{\"@id\":\"https:\/\/medicina.udd.cl\/icim\/2025\/03\/03\/facultad-de-medicina-e-icim-conmemoran-el-dia-de-las-enfermedades-raras-con-una-jornada-de-sensibilizacion\/#primaryimage\"},\"thumbnailUrl\":\"https:\/\/medicina.udd.cl\/icim\/files\/2025\/03\/semana_puente_2025_vst-0041.jpg\",\"articleSection\":[\"Noticias\"],\"inLanguage\":\"es\"},{\"@type\":\"WebPage\",\"@id\":\"https:\/\/medicina.udd.cl\/icim\/2025\/03\/03\/facultad-de-medicina-e-icim-conmemoran-el-dia-de-las-enfermedades-raras-con-una-jornada-de-sensibilizacion\/\",\"url\":\"https:\/\/medicina.udd.cl\/icim\/2025\/03\/03\/facultad-de-medicina-e-icim-conmemoran-el-dia-de-las-enfermedades-raras-con-una-jornada-de-sensibilizacion\/\",\"name\":\"Facultad de Medicina e ICIM conmemoran el D\u00eda de las Enfermedades Raras con una jornada de sensibilizaci\u00f3n - ICIM\",\"isPartOf\":{\"@id\":\"https:\/\/medicina.udd.cl\/icim\/#website\"},\"primaryImageOfPage\":{\"@id\":\"https:\/\/medicina.udd.cl\/icim\/2025\/03\/03\/facultad-de-medicina-e-icim-conmemoran-el-dia-de-las-enfermedades-raras-con-una-jornada-de-sensibilizacion\/#primaryimage\"},\"image\":{\"@id\":\"https:\/\/medicina.udd.cl\/icim\/2025\/03\/03\/facultad-de-medicina-e-icim-conmemoran-el-dia-de-las-enfermedades-raras-con-una-jornada-de-sensibilizacion\/#primaryimage\"},\"thumbnailUrl\":\"https:\/\/medicina.udd.cl\/icim\/files\/2025\/03\/semana_puente_2025_vst-0041.jpg\",\"datePublished\":\"2025-03-03T14:33:20+00:00\",\"dateModified\":\"2025-03-04T14:35:02+00:00\",\"author\":{\"@id\":\"https:\/\/medicina.udd.cl\/icim\/#\/schema\/person\/ed6f79d59c0f820f128a5bb9801ef1f2\"},\"breadcrumb\":{\"@id\":\"https:\/\/medicina.udd.cl\/icim\/2025\/03\/03\/facultad-de-medicina-e-icim-conmemoran-el-dia-de-las-enfermedades-raras-con-una-jornada-de-sensibilizacion\/#breadcrumb\"},\"inLanguage\":\"es\",\"potentialAction\":[{\"@type\":\"ReadAction\",\"target\":[\"https:\/\/medicina.udd.cl\/icim\/2025\/03\/03\/facultad-de-medicina-e-icim-conmemoran-el-dia-de-las-enfermedades-raras-con-una-jornada-de-sensibilizacion\/\"]}]},{\"@type\":\"ImageObject\",\"inLanguage\":\"es\",\"@id\":\"https:\/\/medicina.udd.cl\/icim\/2025\/03\/03\/facultad-de-medicina-e-icim-conmemoran-el-dia-de-las-enfermedades-raras-con-una-jornada-de-sensibilizacion\/#primaryimage\",\"url\":\"https:\/\/medicina.udd.cl\/icim\/files\/2025\/03\/semana_puente_2025_vst-0041.jpg\",\"contentUrl\":\"https:\/\/medicina.udd.cl\/icim\/files\/2025\/03\/semana_puente_2025_vst-0041.jpg\",\"width\":1620,\"height\":1080},{\"@type\":\"BreadcrumbList\",\"@id\":\"https:\/\/medicina.udd.cl\/icim\/2025\/03\/03\/facultad-de-medicina-e-icim-conmemoran-el-dia-de-las-enfermedades-raras-con-una-jornada-de-sensibilizacion\/#breadcrumb\",\"itemListElement\":[{\"@type\":\"ListItem\",\"position\":1,\"name\":\"Inicio\",\"item\":\"https:\/\/medicina.udd.cl\/icim\/\"},{\"@type\":\"ListItem\",\"position\":2,\"name\":\"Facultad de Medicina e ICIM conmemoran el D\u00eda de las Enfermedades Raras con una jornada de sensibilizaci\u00f3n\"}]},{\"@type\":\"WebSite\",\"@id\":\"https:\/\/medicina.udd.cl\/icim\/#website\",\"url\":\"https:\/\/medicina.udd.cl\/icim\/\",\"name\":\"ICIM\",\"description\":\"Una iniciativa de Universidad del Desarrollo y Cl\u00ednica Alemana\",\"inLanguage\":\"es\"},{\"@type\":\"Person\",\"@id\":\"https:\/\/medicina.udd.cl\/icim\/#\/schema\/person\/ed6f79d59c0f820f128a5bb9801ef1f2\",\"name\":\"magdalenaestay\",\"image\":{\"@type\":\"ImageObject\",\"inLanguage\":\"es\",\"@id\":\"https:\/\/medicina.udd.cl\/icim\/#\/schema\/person\/image\/\",\"url\":\"https:\/\/secure.gravatar.com\/avatar\/b068ccaa115501438dab22979d0ff56e6306c4f89777269db483369ec65d8dc1?s=96&d=mm&r=g\",\"contentUrl\":\"https:\/\/secure.gravatar.com\/avatar\/b068ccaa115501438dab22979d0ff56e6306c4f89777269db483369ec65d8dc1?s=96&d=mm&r=g\",\"caption\":\"magdalenaestay\"},\"url\":\"https:\/\/medicina.udd.cl\/icim\/author\/magdalenaestay\/\"}]}<\/script>\n<!-- \/ Yoast SEO plugin. -->","yoast_head_json":{"title":"Facultad de Medicina e ICIM conmemoran el D\u00eda de las Enfermedades Raras con una jornada de sensibilizaci\u00f3n - ICIM","robots":{"index":"index","follow":"follow","max-snippet":"max-snippet:-1","max-image-preview":"max-image-preview:large","max-video-preview":"max-video-preview:-1"},"canonical":"https:\/\/medicina.udd.cl\/icim\/2025\/03\/03\/facultad-de-medicina-e-icim-conmemoran-el-dia-de-las-enfermedades-raras-con-una-jornada-de-sensibilizacion\/","og_locale":"es_ES","og_type":"article","og_title":"Facultad de Medicina e ICIM conmemoran el D\u00eda de las Enfermedades Raras con una jornada de sensibilizaci\u00f3n - ICIM","og_description":"Cada 29 de febrero se conmemora el D\u00eda Mundial de las Enfermedades Raras, una fecha dedicada a visibilizar los desaf\u00edos que enfrentan quienes viven con estas patolog\u00edas y fomentar la investigaci\u00f3n y el acceso a tratamientos. Este a\u00f1o, la Facultad de Medicina Cl\u00ednica Alemana Universidad del Desarrollo y el Instituto de Ciencias e Innovaci\u00f3n en [&hellip;]","og_url":"https:\/\/medicina.udd.cl\/icim\/2025\/03\/03\/facultad-de-medicina-e-icim-conmemoran-el-dia-de-las-enfermedades-raras-con-una-jornada-de-sensibilizacion\/","og_site_name":"ICIM","article_published_time":"2025-03-03T14:33:20+00:00","article_modified_time":"2025-03-04T14:35:02+00:00","og_image":[{"width":1620,"height":1080,"url":"https:\/\/medicina.udd.cl\/icim\/files\/2025\/03\/semana_puente_2025_vst-0041.jpg","type":"image\/jpeg"}],"author":"magdalenaestay","twitter_card":"summary_large_image","twitter_misc":{"Escrito por":"magdalenaestay","Tiempo de lectura":"2 minutos"},"schema":{"@context":"https:\/\/schema.org","@graph":[{"@type":"Article","@id":"https:\/\/medicina.udd.cl\/icim\/2025\/03\/03\/facultad-de-medicina-e-icim-conmemoran-el-dia-de-las-enfermedades-raras-con-una-jornada-de-sensibilizacion\/#article","isPartOf":{"@id":"https:\/\/medicina.udd.cl\/icim\/2025\/03\/03\/facultad-de-medicina-e-icim-conmemoran-el-dia-de-las-enfermedades-raras-con-una-jornada-de-sensibilizacion\/"},"author":{"name":"magdalenaestay","@id":"https:\/\/medicina.udd.cl\/icim\/#\/schema\/person\/ed6f79d59c0f820f128a5bb9801ef1f2"},"headline":"Facultad de Medicina e ICIM conmemoran el D\u00eda de las Enfermedades Raras con una jornada de sensibilizaci\u00f3n","datePublished":"2025-03-03T14:33:20+00:00","dateModified":"2025-03-04T14:35:02+00:00","mainEntityOfPage":{"@id":"https:\/\/medicina.udd.cl\/icim\/2025\/03\/03\/facultad-de-medicina-e-icim-conmemoran-el-dia-de-las-enfermedades-raras-con-una-jornada-de-sensibilizacion\/"},"wordCount":324,"image":{"@id":"https:\/\/medicina.udd.cl\/icim\/2025\/03\/03\/facultad-de-medicina-e-icim-conmemoran-el-dia-de-las-enfermedades-raras-con-una-jornada-de-sensibilizacion\/#primaryimage"},"thumbnailUrl":"https:\/\/medicina.udd.cl\/icim\/files\/2025\/03\/semana_puente_2025_vst-0041.jpg","articleSection":["Noticias"],"inLanguage":"es"},{"@type":"WebPage","@id":"https:\/\/medicina.udd.cl\/icim\/2025\/03\/03\/facultad-de-medicina-e-icim-conmemoran-el-dia-de-las-enfermedades-raras-con-una-jornada-de-sensibilizacion\/","url":"https:\/\/medicina.udd.cl\/icim\/2025\/03\/03\/facultad-de-medicina-e-icim-conmemoran-el-dia-de-las-enfermedades-raras-con-una-jornada-de-sensibilizacion\/","name":"Facultad de Medicina e ICIM conmemoran el D\u00eda de las Enfermedades Raras con una jornada de sensibilizaci\u00f3n - ICIM","isPartOf":{"@id":"https:\/\/medicina.udd.cl\/icim\/#website"},"primaryImageOfPage":{"@id":"https:\/\/medicina.udd.cl\/icim\/2025\/03\/03\/facultad-de-medicina-e-icim-conmemoran-el-dia-de-las-enfermedades-raras-con-una-jornada-de-sensibilizacion\/#primaryimage"},"image":{"@id":"https:\/\/medicina.udd.cl\/icim\/2025\/03\/03\/facultad-de-medicina-e-icim-conmemoran-el-dia-de-las-enfermedades-raras-con-una-jornada-de-sensibilizacion\/#primaryimage"},"thumbnailUrl":"https:\/\/medicina.udd.cl\/icim\/files\/2025\/03\/semana_puente_2025_vst-0041.jpg","datePublished":"2025-03-03T14:33:20+00:00","dateModified":"2025-03-04T14:35:02+00:00","author":{"@id":"https:\/\/medicina.udd.cl\/icim\/#\/schema\/person\/ed6f79d59c0f820f128a5bb9801ef1f2"},"breadcrumb":{"@id":"https:\/\/medicina.udd.cl\/icim\/2025\/03\/03\/facultad-de-medicina-e-icim-conmemoran-el-dia-de-las-enfermedades-raras-con-una-jornada-de-sensibilizacion\/#breadcrumb"},"inLanguage":"es","potentialAction":[{"@type":"ReadAction","target":["https:\/\/medicina.udd.cl\/icim\/2025\/03\/03\/facultad-de-medicina-e-icim-conmemoran-el-dia-de-las-enfermedades-raras-con-una-jornada-de-sensibilizacion\/"]}]},{"@type":"ImageObject","inLanguage":"es","@id":"https:\/\/medicina.udd.cl\/icim\/2025\/03\/03\/facultad-de-medicina-e-icim-conmemoran-el-dia-de-las-enfermedades-raras-con-una-jornada-de-sensibilizacion\/#primaryimage","url":"https:\/\/medicina.udd.cl\/icim\/files\/2025\/03\/semana_puente_2025_vst-0041.jpg","contentUrl":"https:\/\/medicina.udd.cl\/icim\/files\/2025\/03\/semana_puente_2025_vst-0041.jpg","width":1620,"height":1080},{"@type":"BreadcrumbList","@id":"https:\/\/medicina.udd.cl\/icim\/2025\/03\/03\/facultad-de-medicina-e-icim-conmemoran-el-dia-de-las-enfermedades-raras-con-una-jornada-de-sensibilizacion\/#breadcrumb","itemListElement":[{"@type":"ListItem","position":1,"name":"Inicio","item":"https:\/\/medicina.udd.cl\/icim\/"},{"@type":"ListItem","position":2,"name":"Facultad de Medicina e ICIM conmemoran el D\u00eda de las Enfermedades Raras con una jornada de sensibilizaci\u00f3n"}]},{"@type":"WebSite","@id":"https:\/\/medicina.udd.cl\/icim\/#website","url":"https:\/\/medicina.udd.cl\/icim\/","name":"ICIM","description":"Una iniciativa de Universidad del Desarrollo y Cl\u00ednica Alemana","inLanguage":"es"},{"@type":"Person","@id":"https:\/\/medicina.udd.cl\/icim\/#\/schema\/person\/ed6f79d59c0f820f128a5bb9801ef1f2","name":"magdalenaestay","image":{"@type":"ImageObject","inLanguage":"es","@id":"https:\/\/medicina.udd.cl\/icim\/#\/schema\/person\/image\/","url":"https:\/\/secure.gravatar.com\/avatar\/b068ccaa115501438dab22979d0ff56e6306c4f89777269db483369ec65d8dc1?s=96&d=mm&r=g","contentUrl":"https:\/\/secure.gravatar.com\/avatar\/b068ccaa115501438dab22979d0ff56e6306c4f89777269db483369ec65d8dc1?s=96&d=mm&r=g","caption":"magdalenaestay"},"url":"https:\/\/medicina.udd.cl\/icim\/author\/magdalenaestay\/"}]}},"featured_image_url":"https:\/\/medicina.udd.cl\/icim\/files\/2025\/03\/semana_puente_2025_vst-0041.jpg","_links":{"self":[{"href":"https:\/\/medicina.udd.cl\/icim\/wp-json\/wp\/v2\/posts\/13964","targetHints":{"allow":["GET"]}}],"collection":[{"href":"https:\/\/medicina.udd.cl\/icim\/wp-json\/wp\/v2\/posts"}],"about":[{"href":"https:\/\/medicina.udd.cl\/icim\/wp-json\/wp\/v2\/types\/post"}],"author":[{"embeddable":true,"href":"https:\/\/medicina.udd.cl\/icim\/wp-json\/wp\/v2\/users\/9192254"}],"replies":[{"embeddable":true,"href":"https:\/\/medicina.udd.cl\/icim\/wp-json\/wp\/v2\/comments?post=13964"}],"version-history":[{"count":3,"href":"https:\/\/medicina.udd.cl\/icim\/wp-json\/wp\/v2\/posts\/13964\/revisions"}],"predecessor-version":[{"id":13968,"href":"https:\/\/medicina.udd.cl\/icim\/wp-json\/wp\/v2\/posts\/13964\/revisions\/13968"}],"wp:featuredmedia":[{"embeddable":true,"href":"https:\/\/medicina.udd.cl\/icim\/wp-json\/wp\/v2\/media\/13965"}],"wp:attachment":[{"href":"https:\/\/medicina.udd.cl\/icim\/wp-json\/wp\/v2\/media?parent=13964"}],"wp:term":[{"taxonomy":"category","embeddable":true,"href":"https:\/\/medicina.udd.cl\/icim\/wp-json\/wp\/v2\/categories?post=13964"},{"taxonomy":"post_tag","embeddable":true,"href":"https:\/\/medicina.udd.cl\/icim\/wp-json\/wp\/v2\/tags?post=13964"}],"curies":[{"name":"wp","href":"https:\/\/api.w.org\/{rel}","templated":true}]}}