{"id":14414,"date":"2025-10-09T10:31:16","date_gmt":"2025-10-09T13:31:16","guid":{"rendered":"https:\/\/medicina.udd.cl\/icim\/?p=14414"},"modified":"2025-10-09T10:31:17","modified_gmt":"2025-10-09T13:31:17","slug":"proyecto-del-centro-de-salud-global-intercultural-icim-udd-obtiene-el-primer-lugar-nacional-en-concurso-fonis","status":"publish","type":"post","link":"https:\/\/medicina.udd.cl\/icim\/2025\/10\/09\/proyecto-del-centro-de-salud-global-intercultural-icim-udd-obtiene-el-primer-lugar-nacional-en-concurso-fonis\/","title":{"rendered":"Proyecto del Centro de Salud Global Intercultural ICIM UDD obtiene el primer lugar nacional en concurso FONIS"},"content":{"rendered":"\n<figure class=\"wp-block-image alignright size-large is-resized\"><img loading=\"lazy\" decoding=\"async\" width=\"1024\" height=\"1024\" src=\"https:\/\/medicina.udd.cl\/icim\/files\/2024\/06\/cesgi-baltica-cabieses-copia-1024x1024.jpg\" alt=\"\" class=\"wp-image-13126\" style=\"width:585px;height:auto\" srcset=\"https:\/\/medicina.udd.cl\/icim\/files\/2024\/06\/cesgi-baltica-cabieses-copia-1024x1024.jpg 1024w, https:\/\/medicina.udd.cl\/icim\/files\/2024\/06\/cesgi-baltica-cabieses-copia-300x300.jpg 300w, https:\/\/medicina.udd.cl\/icim\/files\/2024\/06\/cesgi-baltica-cabieses-copia-150x150.jpg 150w, https:\/\/medicina.udd.cl\/icim\/files\/2024\/06\/cesgi-baltica-cabieses-copia-768x768.jpg 768w, https:\/\/medicina.udd.cl\/icim\/files\/2024\/06\/cesgi-baltica-cabieses-copia-62x62.jpg 62w, https:\/\/medicina.udd.cl\/icim\/files\/2024\/06\/cesgi-baltica-cabieses-copia-1536x1536.jpg 1536w, https:\/\/medicina.udd.cl\/icim\/files\/2024\/06\/cesgi-baltica-cabieses-copia-2048x2048.jpg 2048w, https:\/\/medicina.udd.cl\/icim\/files\/2024\/06\/cesgi-baltica-cabieses-copia-750x750.jpg 750w, https:\/\/medicina.udd.cl\/icim\/files\/2024\/06\/cesgi-baltica-cabieses-copia-500x500.jpg 500w, https:\/\/medicina.udd.cl\/icim\/files\/2024\/06\/cesgi-baltica-cabieses-copia-250x250.jpg 250w, https:\/\/medicina.udd.cl\/icim\/files\/2024\/06\/cesgi-baltica-cabieses-copia-126x126.jpg 126w\" sizes=\"auto, (max-width: 1024px) 100vw, 1024px\" \/><figcaption class=\"wp-element-caption\">B\u00e1ltica Cabieses lidera el proyecto que obtuvo el primer lugar nacional del concurso FONIS<\/figcaption><\/figure>\n\n\n\n<p>La&nbsp;<strong>Facultad de Medicina Cl\u00ednica Alemana Universidad del Desarrollo (UDD)<\/strong>&nbsp;celebra un importante logro en investigaci\u00f3n en salud, luego de que el proyecto liderado por&nbsp;<strong><a href=\"https:\/\/cesgi.udd.cl\/persona\/baltica-cabieses\/\">B\u00e1ltica Cabieses<\/a><\/strong>, desde el&nbsp;<strong><a href=\"https:\/\/cesgi.udd.cl\/\">Centro de Salud Global Intercultural<\/a>&nbsp;<\/strong>del<strong>&nbsp;<a href=\"https:\/\/medicina.udd.cl\/icim\/\">Instituto de Ciencias e Innovaci\u00f3n en Medicina (ICIM UDD)<\/a><\/strong>, obtuviera el&nbsp;<strong>primer lugar a nivel nacional<\/strong>&nbsp;en la m\u00e1s reciente convocatoria del&nbsp;<a href=\"https:\/\/anid.cl\/investigacion-aplicada-e-innovacion\/investigacion-y-desarrollo-en-salud-fonis\/\"><strong>Fondo Nacional de Investigaci\u00f3n y Desarrollo en Salud (FONIS)<\/strong>.<\/a><\/p>\n\n\n\n<p>El concurso, que recibi\u00f3 m\u00e1s de&nbsp;<strong>300 postulaciones<\/strong>&nbsp;y seleccion\u00f3&nbsp;<strong>solo 12 proyectos en todo el pa\u00eds<\/strong>, reconoci\u00f3 la calidad, pertinencia y potencial de impacto social del trabajo desarrollado por la UDD, instituci\u00f3n que alcanz\u00f3 una tasa de adjudicaci\u00f3n del&nbsp;<strong>17%<\/strong>, adjudic\u00e1ndose&nbsp;<strong>dos proyectos<\/strong>&nbsp;en total.<\/p>\n\n\n\n<p>El proyecto encabezado por<strong>&nbsp;Cabieses<\/strong>, y co-dirigido por&nbsp;<strong><a href=\"https:\/\/cesgi.udd.cl\/persona\/antonia-roberts-pozo\/\">Antonia Roberts<\/a><\/strong>, lleva por t\u00edtulo&nbsp;<em>\u201cGenerando estrategias para fortalecer la mediaci\u00f3n intercultural de facilitadores interculturales con foco en poblaci\u00f3n migrante en Atenci\u00f3n Primaria\u201d<\/em>. Su prop\u00f3sito es&nbsp;<strong>mejorar la calidad y equidad de la atenci\u00f3n en salud de personas migrantes en Chile<\/strong>, abordando barreras idiom\u00e1ticas, culturales y estructurales presentes en el sistema sanitario, y fortaleciendo el rol de los&nbsp;<strong>facilitadores interculturales<\/strong>&nbsp;como puente entre los equipos de salud y las comunidades migrantes.<\/p>\n\n\n\n<p>A partir de un estudio en las regiones de&nbsp;<strong>Antofagasta, Metropolitana y La Araucan\u00eda<\/strong>, la iniciativa generar\u00e1 evidencia para orientar pol\u00edticas y pr\u00e1cticas en salud intercultural. Adem\u00e1s, contempla la elaboraci\u00f3n de una&nbsp;<strong>gu\u00eda pr\u00e1ctica de mediaci\u00f3n intercultural<\/strong>&nbsp;y un&nbsp;<strong>curso virtual de capacitaci\u00f3n<\/strong>, herramientas que contribuir\u00e1n a una&nbsp;<strong>atenci\u00f3n primaria m\u00e1s inclusiva, pertinente y con enfoque de derechos<\/strong>.<\/p>\n\n\n\n<p>El segundo proyecto adjudicado, liderado por&nbsp;<strong>Andrea Palma<\/strong>&nbsp;de la&nbsp;<strong>Universidad del B\u00edo-B\u00edo<\/strong>, cuenta con la participaci\u00f3n de&nbsp;<strong>Josefina Larra\u00edn<\/strong>, acad\u00e9mica de la&nbsp;<strong>Facultad de Educaci\u00f3n UDD<\/strong>, como directora alterna. Bajo el t\u00edtulo&nbsp;<em>\u201cEfectividad de una intervenci\u00f3n grupal con enfoque familiar centrada en la capacidad autorregulatoria de mujeres con sobrepeso u obesidad para incrementar h\u00e1bitos saludables\u201d<\/em>, esta iniciativa busca fortalecer la autorregulaci\u00f3n emocional, f\u00edsica y relacional de mujeres en situaci\u00f3n de vulnerabilidad, aportando evidencia aplicable a la atenci\u00f3n primaria y a la&nbsp;<strong>Estrategia Nacional de Salud 2030<\/strong>.<\/p>\n\n\n\n<p>Respecto a estos resultados,&nbsp;<strong>V\u00edctor Mart\u00ednez<\/strong>, director de Investigaci\u00f3n UDD, destac\u00f3 que&nbsp;<em>\u201cestos logros reflejan el alto nivel de nuestras investigadoras e investigadores, adem\u00e1s del compromiso institucional con una ciencia que responde a las necesidades del pa\u00eds\u201d.<\/em><\/p>\n\n\n\n<p>Finalmente, agreg\u00f3 que&nbsp;<em>\u201cel liderazgo alcanzado por nuestra universidad en este concurso confirma el camino que hemos trazado: fortalecer la investigaci\u00f3n aplicada y colaborativa para generar conocimiento con impacto real en la sociedad\u201d.<\/em><\/p>\n","protected":false},"excerpt":{"rendered":"<p>La&nbsp;Facultad de Medicina Cl\u00ednica Alemana Universidad del Desarrollo (UDD)&nbsp;celebra un importante logro en investigaci\u00f3n en salud, luego de que el proyecto liderado por&nbsp;B\u00e1ltica Cabieses, desde el&nbsp;Centro de Salud Global Intercultural&nbsp;del&nbsp;Instituto de Ciencias e Innovaci\u00f3n en Medicina (ICIM UDD), obtuviera el&nbsp;primer lugar a nivel nacional&nbsp;en la m\u00e1s reciente convocatoria del&nbsp;Fondo Nacional de Investigaci\u00f3n y Desarrollo en [&hellip;]<\/p>\n","protected":false},"author":9192219,"featured_media":13126,"comment_status":"closed","ping_status":"open","sticky":false,"template":"","format":"standard","meta":{"footnotes":""},"categories":[4],"tags":[],"class_list":["post-14414","post","type-post","status-publish","format-standard","has-post-thumbnail","hentry","category-noticias"],"yoast_head":"<!-- This site is optimized with the Yoast SEO plugin v26.9 - https:\/\/yoast.com\/product\/yoast-seo-wordpress\/ -->\n<title>Proyecto del Centro de Salud Global Intercultural ICIM UDD obtiene el primer lugar nacional en concurso FONIS - ICIM<\/title>\n<meta name=\"robots\" content=\"index, follow, max-snippet:-1, max-image-preview:large, max-video-preview:-1\" \/>\n<link rel=\"canonical\" href=\"https:\/\/medicina.udd.cl\/icim\/2025\/10\/09\/proyecto-del-centro-de-salud-global-intercultural-icim-udd-obtiene-el-primer-lugar-nacional-en-concurso-fonis\/\" \/>\n<meta property=\"og:locale\" content=\"es_ES\" \/>\n<meta property=\"og:type\" content=\"article\" \/>\n<meta property=\"og:title\" content=\"Proyecto del Centro de Salud Global Intercultural ICIM UDD obtiene el primer lugar nacional en concurso FONIS - ICIM\" \/>\n<meta property=\"og:description\" content=\"La&nbsp;Facultad de Medicina Cl\u00ednica Alemana Universidad del Desarrollo (UDD)&nbsp;celebra un importante logro en investigaci\u00f3n en salud, luego de que el proyecto liderado por&nbsp;B\u00e1ltica Cabieses, desde el&nbsp;Centro de Salud Global Intercultural&nbsp;del&nbsp;Instituto de Ciencias e Innovaci\u00f3n en Medicina (ICIM UDD), obtuviera el&nbsp;primer lugar a nivel nacional&nbsp;en la m\u00e1s reciente convocatoria del&nbsp;Fondo Nacional de Investigaci\u00f3n y Desarrollo en [&hellip;]\" \/>\n<meta property=\"og:url\" content=\"https:\/\/medicina.udd.cl\/icim\/2025\/10\/09\/proyecto-del-centro-de-salud-global-intercultural-icim-udd-obtiene-el-primer-lugar-nacional-en-concurso-fonis\/\" \/>\n<meta property=\"og:site_name\" content=\"ICIM\" \/>\n<meta property=\"article:published_time\" content=\"2025-10-09T13:31:16+00:00\" \/>\n<meta property=\"article:modified_time\" content=\"2025-10-09T13:31:17+00:00\" \/>\n<meta property=\"og:image\" content=\"https:\/\/medicina.udd.cl\/icim\/files\/2024\/06\/cesgi-baltica-cabieses-copia-scaled.jpg\" \/>\n\t<meta property=\"og:image:width\" content=\"2560\" \/>\n\t<meta property=\"og:image:height\" content=\"2560\" \/>\n\t<meta property=\"og:image:type\" content=\"image\/jpeg\" \/>\n<meta name=\"author\" content=\"rbraidy\" \/>\n<meta name=\"twitter:card\" content=\"summary_large_image\" \/>\n<meta name=\"twitter:label1\" content=\"Escrito por\" \/>\n\t<meta name=\"twitter:data1\" content=\"rbraidy\" \/>\n\t<meta name=\"twitter:label2\" content=\"Tiempo de lectura\" \/>\n\t<meta name=\"twitter:data2\" content=\"3 minutos\" \/>\n<script type=\"application\/ld+json\" class=\"yoast-schema-graph\">{\"@context\":\"https:\/\/schema.org\",\"@graph\":[{\"@type\":\"Article\",\"@id\":\"https:\/\/medicina.udd.cl\/icim\/2025\/10\/09\/proyecto-del-centro-de-salud-global-intercultural-icim-udd-obtiene-el-primer-lugar-nacional-en-concurso-fonis\/#article\",\"isPartOf\":{\"@id\":\"https:\/\/medicina.udd.cl\/icim\/2025\/10\/09\/proyecto-del-centro-de-salud-global-intercultural-icim-udd-obtiene-el-primer-lugar-nacional-en-concurso-fonis\/\"},\"author\":{\"name\":\"rbraidy\",\"@id\":\"https:\/\/medicina.udd.cl\/icim\/#\/schema\/person\/dbc3705bf3a93e8be1ba6de0ef950341\"},\"headline\":\"Proyecto del Centro de Salud Global Intercultural ICIM UDD obtiene el primer lugar nacional en concurso FONIS\",\"datePublished\":\"2025-10-09T13:31:16+00:00\",\"dateModified\":\"2025-10-09T13:31:17+00:00\",\"mainEntityOfPage\":{\"@id\":\"https:\/\/medicina.udd.cl\/icim\/2025\/10\/09\/proyecto-del-centro-de-salud-global-intercultural-icim-udd-obtiene-el-primer-lugar-nacional-en-concurso-fonis\/\"},\"wordCount\":519,\"image\":{\"@id\":\"https:\/\/medicina.udd.cl\/icim\/2025\/10\/09\/proyecto-del-centro-de-salud-global-intercultural-icim-udd-obtiene-el-primer-lugar-nacional-en-concurso-fonis\/#primaryimage\"},\"thumbnailUrl\":\"https:\/\/medicina.udd.cl\/icim\/files\/2024\/06\/cesgi-baltica-cabieses-copia-scaled.jpg\",\"articleSection\":[\"Noticias\"],\"inLanguage\":\"es\"},{\"@type\":\"WebPage\",\"@id\":\"https:\/\/medicina.udd.cl\/icim\/2025\/10\/09\/proyecto-del-centro-de-salud-global-intercultural-icim-udd-obtiene-el-primer-lugar-nacional-en-concurso-fonis\/\",\"url\":\"https:\/\/medicina.udd.cl\/icim\/2025\/10\/09\/proyecto-del-centro-de-salud-global-intercultural-icim-udd-obtiene-el-primer-lugar-nacional-en-concurso-fonis\/\",\"name\":\"Proyecto del Centro de Salud Global Intercultural ICIM UDD obtiene el primer lugar nacional en concurso FONIS - ICIM\",\"isPartOf\":{\"@id\":\"https:\/\/medicina.udd.cl\/icim\/#website\"},\"primaryImageOfPage\":{\"@id\":\"https:\/\/medicina.udd.cl\/icim\/2025\/10\/09\/proyecto-del-centro-de-salud-global-intercultural-icim-udd-obtiene-el-primer-lugar-nacional-en-concurso-fonis\/#primaryimage\"},\"image\":{\"@id\":\"https:\/\/medicina.udd.cl\/icim\/2025\/10\/09\/proyecto-del-centro-de-salud-global-intercultural-icim-udd-obtiene-el-primer-lugar-nacional-en-concurso-fonis\/#primaryimage\"},\"thumbnailUrl\":\"https:\/\/medicina.udd.cl\/icim\/files\/2024\/06\/cesgi-baltica-cabieses-copia-scaled.jpg\",\"datePublished\":\"2025-10-09T13:31:16+00:00\",\"dateModified\":\"2025-10-09T13:31:17+00:00\",\"author\":{\"@id\":\"https:\/\/medicina.udd.cl\/icim\/#\/schema\/person\/dbc3705bf3a93e8be1ba6de0ef950341\"},\"breadcrumb\":{\"@id\":\"https:\/\/medicina.udd.cl\/icim\/2025\/10\/09\/proyecto-del-centro-de-salud-global-intercultural-icim-udd-obtiene-el-primer-lugar-nacional-en-concurso-fonis\/#breadcrumb\"},\"inLanguage\":\"es\",\"potentialAction\":[{\"@type\":\"ReadAction\",\"target\":[\"https:\/\/medicina.udd.cl\/icim\/2025\/10\/09\/proyecto-del-centro-de-salud-global-intercultural-icim-udd-obtiene-el-primer-lugar-nacional-en-concurso-fonis\/\"]}]},{\"@type\":\"ImageObject\",\"inLanguage\":\"es\",\"@id\":\"https:\/\/medicina.udd.cl\/icim\/2025\/10\/09\/proyecto-del-centro-de-salud-global-intercultural-icim-udd-obtiene-el-primer-lugar-nacional-en-concurso-fonis\/#primaryimage\",\"url\":\"https:\/\/medicina.udd.cl\/icim\/files\/2024\/06\/cesgi-baltica-cabieses-copia-scaled.jpg\",\"contentUrl\":\"https:\/\/medicina.udd.cl\/icim\/files\/2024\/06\/cesgi-baltica-cabieses-copia-scaled.jpg\",\"width\":2560,\"height\":2560},{\"@type\":\"BreadcrumbList\",\"@id\":\"https:\/\/medicina.udd.cl\/icim\/2025\/10\/09\/proyecto-del-centro-de-salud-global-intercultural-icim-udd-obtiene-el-primer-lugar-nacional-en-concurso-fonis\/#breadcrumb\",\"itemListElement\":[{\"@type\":\"ListItem\",\"position\":1,\"name\":\"Inicio\",\"item\":\"https:\/\/medicina.udd.cl\/icim\/\"},{\"@type\":\"ListItem\",\"position\":2,\"name\":\"Proyecto del Centro de Salud Global Intercultural ICIM UDD obtiene el primer lugar nacional en concurso FONIS\"}]},{\"@type\":\"WebSite\",\"@id\":\"https:\/\/medicina.udd.cl\/icim\/#website\",\"url\":\"https:\/\/medicina.udd.cl\/icim\/\",\"name\":\"ICIM\",\"description\":\"Una iniciativa de Universidad del Desarrollo y Cl\u00ednica Alemana\",\"inLanguage\":\"es\"},{\"@type\":\"Person\",\"@id\":\"https:\/\/medicina.udd.cl\/icim\/#\/schema\/person\/dbc3705bf3a93e8be1ba6de0ef950341\",\"name\":\"rbraidy\",\"image\":{\"@type\":\"ImageObject\",\"inLanguage\":\"es\",\"@id\":\"https:\/\/medicina.udd.cl\/icim\/#\/schema\/person\/image\/\",\"url\":\"https:\/\/secure.gravatar.com\/avatar\/0f8bc94637401590e45d2ce17eb65c274cb8870a219de6177f3f23e63fd8cdf3?s=96&d=mm&r=g\",\"contentUrl\":\"https:\/\/secure.gravatar.com\/avatar\/0f8bc94637401590e45d2ce17eb65c274cb8870a219de6177f3f23e63fd8cdf3?s=96&d=mm&r=g\",\"caption\":\"rbraidy\"},\"url\":\"https:\/\/medicina.udd.cl\/icim\/author\/rbraidy\/\"}]}<\/script>\n<!-- \/ Yoast SEO plugin. -->","yoast_head_json":{"title":"Proyecto del Centro de Salud Global Intercultural ICIM UDD obtiene el primer lugar nacional en concurso FONIS - ICIM","robots":{"index":"index","follow":"follow","max-snippet":"max-snippet:-1","max-image-preview":"max-image-preview:large","max-video-preview":"max-video-preview:-1"},"canonical":"https:\/\/medicina.udd.cl\/icim\/2025\/10\/09\/proyecto-del-centro-de-salud-global-intercultural-icim-udd-obtiene-el-primer-lugar-nacional-en-concurso-fonis\/","og_locale":"es_ES","og_type":"article","og_title":"Proyecto del Centro de Salud Global Intercultural ICIM UDD obtiene el primer lugar nacional en concurso FONIS - ICIM","og_description":"La&nbsp;Facultad de Medicina Cl\u00ednica Alemana Universidad del Desarrollo (UDD)&nbsp;celebra un importante logro en investigaci\u00f3n en salud, luego de que el proyecto liderado por&nbsp;B\u00e1ltica Cabieses, desde el&nbsp;Centro de Salud Global Intercultural&nbsp;del&nbsp;Instituto de Ciencias e Innovaci\u00f3n en Medicina (ICIM UDD), obtuviera el&nbsp;primer lugar a nivel nacional&nbsp;en la m\u00e1s reciente convocatoria del&nbsp;Fondo Nacional de Investigaci\u00f3n y Desarrollo en [&hellip;]","og_url":"https:\/\/medicina.udd.cl\/icim\/2025\/10\/09\/proyecto-del-centro-de-salud-global-intercultural-icim-udd-obtiene-el-primer-lugar-nacional-en-concurso-fonis\/","og_site_name":"ICIM","article_published_time":"2025-10-09T13:31:16+00:00","article_modified_time":"2025-10-09T13:31:17+00:00","og_image":[{"width":2560,"height":2560,"url":"https:\/\/medicina.udd.cl\/icim\/files\/2024\/06\/cesgi-baltica-cabieses-copia-scaled.jpg","type":"image\/jpeg"}],"author":"rbraidy","twitter_card":"summary_large_image","twitter_misc":{"Escrito por":"rbraidy","Tiempo de lectura":"3 minutos"},"schema":{"@context":"https:\/\/schema.org","@graph":[{"@type":"Article","@id":"https:\/\/medicina.udd.cl\/icim\/2025\/10\/09\/proyecto-del-centro-de-salud-global-intercultural-icim-udd-obtiene-el-primer-lugar-nacional-en-concurso-fonis\/#article","isPartOf":{"@id":"https:\/\/medicina.udd.cl\/icim\/2025\/10\/09\/proyecto-del-centro-de-salud-global-intercultural-icim-udd-obtiene-el-primer-lugar-nacional-en-concurso-fonis\/"},"author":{"name":"rbraidy","@id":"https:\/\/medicina.udd.cl\/icim\/#\/schema\/person\/dbc3705bf3a93e8be1ba6de0ef950341"},"headline":"Proyecto del Centro de Salud Global Intercultural ICIM UDD obtiene el primer lugar nacional en concurso FONIS","datePublished":"2025-10-09T13:31:16+00:00","dateModified":"2025-10-09T13:31:17+00:00","mainEntityOfPage":{"@id":"https:\/\/medicina.udd.cl\/icim\/2025\/10\/09\/proyecto-del-centro-de-salud-global-intercultural-icim-udd-obtiene-el-primer-lugar-nacional-en-concurso-fonis\/"},"wordCount":519,"image":{"@id":"https:\/\/medicina.udd.cl\/icim\/2025\/10\/09\/proyecto-del-centro-de-salud-global-intercultural-icim-udd-obtiene-el-primer-lugar-nacional-en-concurso-fonis\/#primaryimage"},"thumbnailUrl":"https:\/\/medicina.udd.cl\/icim\/files\/2024\/06\/cesgi-baltica-cabieses-copia-scaled.jpg","articleSection":["Noticias"],"inLanguage":"es"},{"@type":"WebPage","@id":"https:\/\/medicina.udd.cl\/icim\/2025\/10\/09\/proyecto-del-centro-de-salud-global-intercultural-icim-udd-obtiene-el-primer-lugar-nacional-en-concurso-fonis\/","url":"https:\/\/medicina.udd.cl\/icim\/2025\/10\/09\/proyecto-del-centro-de-salud-global-intercultural-icim-udd-obtiene-el-primer-lugar-nacional-en-concurso-fonis\/","name":"Proyecto del Centro de Salud Global Intercultural ICIM UDD obtiene el primer lugar nacional en concurso FONIS - ICIM","isPartOf":{"@id":"https:\/\/medicina.udd.cl\/icim\/#website"},"primaryImageOfPage":{"@id":"https:\/\/medicina.udd.cl\/icim\/2025\/10\/09\/proyecto-del-centro-de-salud-global-intercultural-icim-udd-obtiene-el-primer-lugar-nacional-en-concurso-fonis\/#primaryimage"},"image":{"@id":"https:\/\/medicina.udd.cl\/icim\/2025\/10\/09\/proyecto-del-centro-de-salud-global-intercultural-icim-udd-obtiene-el-primer-lugar-nacional-en-concurso-fonis\/#primaryimage"},"thumbnailUrl":"https:\/\/medicina.udd.cl\/icim\/files\/2024\/06\/cesgi-baltica-cabieses-copia-scaled.jpg","datePublished":"2025-10-09T13:31:16+00:00","dateModified":"2025-10-09T13:31:17+00:00","author":{"@id":"https:\/\/medicina.udd.cl\/icim\/#\/schema\/person\/dbc3705bf3a93e8be1ba6de0ef950341"},"breadcrumb":{"@id":"https:\/\/medicina.udd.cl\/icim\/2025\/10\/09\/proyecto-del-centro-de-salud-global-intercultural-icim-udd-obtiene-el-primer-lugar-nacional-en-concurso-fonis\/#breadcrumb"},"inLanguage":"es","potentialAction":[{"@type":"ReadAction","target":["https:\/\/medicina.udd.cl\/icim\/2025\/10\/09\/proyecto-del-centro-de-salud-global-intercultural-icim-udd-obtiene-el-primer-lugar-nacional-en-concurso-fonis\/"]}]},{"@type":"ImageObject","inLanguage":"es","@id":"https:\/\/medicina.udd.cl\/icim\/2025\/10\/09\/proyecto-del-centro-de-salud-global-intercultural-icim-udd-obtiene-el-primer-lugar-nacional-en-concurso-fonis\/#primaryimage","url":"https:\/\/medicina.udd.cl\/icim\/files\/2024\/06\/cesgi-baltica-cabieses-copia-scaled.jpg","contentUrl":"https:\/\/medicina.udd.cl\/icim\/files\/2024\/06\/cesgi-baltica-cabieses-copia-scaled.jpg","width":2560,"height":2560},{"@type":"BreadcrumbList","@id":"https:\/\/medicina.udd.cl\/icim\/2025\/10\/09\/proyecto-del-centro-de-salud-global-intercultural-icim-udd-obtiene-el-primer-lugar-nacional-en-concurso-fonis\/#breadcrumb","itemListElement":[{"@type":"ListItem","position":1,"name":"Inicio","item":"https:\/\/medicina.udd.cl\/icim\/"},{"@type":"ListItem","position":2,"name":"Proyecto del Centro de Salud Global Intercultural ICIM UDD obtiene el primer lugar nacional en concurso FONIS"}]},{"@type":"WebSite","@id":"https:\/\/medicina.udd.cl\/icim\/#website","url":"https:\/\/medicina.udd.cl\/icim\/","name":"ICIM","description":"Una iniciativa de Universidad del Desarrollo y Cl\u00ednica Alemana","inLanguage":"es"},{"@type":"Person","@id":"https:\/\/medicina.udd.cl\/icim\/#\/schema\/person\/dbc3705bf3a93e8be1ba6de0ef950341","name":"rbraidy","image":{"@type":"ImageObject","inLanguage":"es","@id":"https:\/\/medicina.udd.cl\/icim\/#\/schema\/person\/image\/","url":"https:\/\/secure.gravatar.com\/avatar\/0f8bc94637401590e45d2ce17eb65c274cb8870a219de6177f3f23e63fd8cdf3?s=96&d=mm&r=g","contentUrl":"https:\/\/secure.gravatar.com\/avatar\/0f8bc94637401590e45d2ce17eb65c274cb8870a219de6177f3f23e63fd8cdf3?s=96&d=mm&r=g","caption":"rbraidy"},"url":"https:\/\/medicina.udd.cl\/icim\/author\/rbraidy\/"}]}},"featured_image_url":"https:\/\/medicina.udd.cl\/icim\/files\/2024\/06\/cesgi-baltica-cabieses-copia-scaled.jpg","_links":{"self":[{"href":"https:\/\/medicina.udd.cl\/icim\/wp-json\/wp\/v2\/posts\/14414","targetHints":{"allow":["GET"]}}],"collection":[{"href":"https:\/\/medicina.udd.cl\/icim\/wp-json\/wp\/v2\/posts"}],"about":[{"href":"https:\/\/medicina.udd.cl\/icim\/wp-json\/wp\/v2\/types\/post"}],"author":[{"embeddable":true,"href":"https:\/\/medicina.udd.cl\/icim\/wp-json\/wp\/v2\/users\/9192219"}],"replies":[{"embeddable":true,"href":"https:\/\/medicina.udd.cl\/icim\/wp-json\/wp\/v2\/comments?post=14414"}],"version-history":[{"count":1,"href":"https:\/\/medicina.udd.cl\/icim\/wp-json\/wp\/v2\/posts\/14414\/revisions"}],"predecessor-version":[{"id":14415,"href":"https:\/\/medicina.udd.cl\/icim\/wp-json\/wp\/v2\/posts\/14414\/revisions\/14415"}],"wp:featuredmedia":[{"embeddable":true,"href":"https:\/\/medicina.udd.cl\/icim\/wp-json\/wp\/v2\/media\/13126"}],"wp:attachment":[{"href":"https:\/\/medicina.udd.cl\/icim\/wp-json\/wp\/v2\/media?parent=14414"}],"wp:term":[{"taxonomy":"category","embeddable":true,"href":"https:\/\/medicina.udd.cl\/icim\/wp-json\/wp\/v2\/categories?post=14414"},{"taxonomy":"post_tag","embeddable":true,"href":"https:\/\/medicina.udd.cl\/icim\/wp-json\/wp\/v2\/tags?post=14414"}],"curies":[{"name":"wp","href":"https:\/\/api.w.org\/{rel}","templated":true}]}}