{"id":2257,"date":"2015-12-14T13:07:54","date_gmt":"2015-12-14T16:07:54","guid":{"rendered":"http:\/\/medicina.udd.cl\/centro-medicina-regenerativa\/?p=2257"},"modified":"2015-12-14T13:07:54","modified_gmt":"2015-12-14T16:07:54","slug":"investigadora-udd-expone-en-seminario-de-capacitacion-apicola","status":"publish","type":"post","link":"https:\/\/medicina.udd.cl\/icim\/2015\/12\/14\/investigadora-udd-expone-en-seminario-de-capacitacion-apicola\/","title":{"rendered":"Investigadora UDD expone en Seminario de Capacitaci\u00f3n Ap\u00edcola"},"content":{"rendered":"<p style=\"text-align: justify\"><a href=\"http:\/\/medicina.udd.cl\/icim\/files\/2015\/12\/Jessica-Martinez-en-Seminario.jpg\"><img loading=\"lazy\" decoding=\"async\" class=\"size-medium wp-image-2258 alignleft\" alt=\"Jessica Martinez en Seminario\" src=\"http:\/\/medicina.udd.cl\/icim\/files\/2015\/12\/Jessica-Martinez-en-Seminario-300x148.jpg\" width=\"300\" height=\"148\" \/><\/a>\u201cSanidad Ap\u00edcola en Chile\u201d fue el nombre de la charla realizada por la doctora Jessica Mart\u00ednez, docente e investigadora del Centro de Medicina Regenerativa de la Facultad de Medicina CAS-UDD, en el marco de un Seminario de Capacitaci\u00f3n T\u00e9cnica organizado por el del Programa de Transferencia para el desarrollo de la Apicultura en la Regi\u00f3n de Los Lagos.<\/p>\n<p style=\"text-align: justify\">Esta iniciativa tiene como principal objetivo la capacitaci\u00f3n de apicultores de las ciudades de Puerto Montt y Chilo\u00e9, zona que concentra un alto n\u00famero de la productividad ap\u00edcola nacional.<\/p>\n<p style=\"text-align: justify\">En este contexto, el Seminario \u2013que se desarroll\u00f3 los d\u00edas 5 y 6 de diciembre pasados- fue un evento de car\u00e1cter informativo, educativo y de difusi\u00f3n en materias relevantes del \u00e1rea, tanto a nivel nacional como internacional.<\/p>\n<p style=\"text-align: justify\">Jessica Mart\u00ednez present\u00f3 la charla \u201cSanidad Ap\u00edcola en Chile\u201d y, seg\u00fan cuenta, \u201cestuvo centrada en la actualizaci\u00f3n tecnol\u00f3gica y fomento del uso de t\u00e9cnicas de diagn\u00f3stico desarrolladas en nuestro laboratorio y que apoyan el desarrollo de la apicultura\u00a0 a trav\u00e9s de programas de alianzas productivas (PAP) y el programa de desarrollo de proveedores (PDP)\u201d.<\/p>\n<p style=\"text-align: justify\">A su vez, se\u00f1ala que la exposici\u00f3n tuvo como finalidad entregar informaci\u00f3n actualizada sobre la presencia y distribuci\u00f3n a nivel mundial de enfermedades que atacan a la Apis Mel\u00edfera (abeja mel\u00edfera), aquellas que est\u00e1n presentes en Chile y mostrar c\u00f3mo el equipo de la doctora Mart\u00ednez ha abordado la problem\u00e1tica, \u201creafirmando as\u00ed el compromiso que tiene la UDD con el desarrollo de la apicultura\u201d.<\/p>\n","protected":false},"excerpt":{"rendered":"<p>Jessica Mart\u00ednez, del Centro de Medicina Regenerativa, realiz\u00f3 una charla en el marco de un encuentro orientado a capacitar a los usuarios del Programa de Transferencia para el desarrollo de la Apicultura en la Regi\u00f3n de Los Lagos.<\/p>\n","protected":false},"author":42,"featured_media":2259,"comment_status":"open","ping_status":"open","sticky":false,"template":"","format":"standard","meta":{"footnotes":""},"categories":[4],"tags":[],"class_list":["post-2257","post","type-post","status-publish","format-standard","has-post-thumbnail","hentry","category-noticias"],"yoast_head":"<!-- This site is optimized with the Yoast SEO plugin v26.9 - https:\/\/yoast.com\/product\/yoast-seo-wordpress\/ -->\n<title>Investigadora UDD expone en Seminario de Capacitaci\u00f3n Ap\u00edcola - ICIM<\/title>\n<meta name=\"robots\" content=\"index, follow, max-snippet:-1, max-image-preview:large, max-video-preview:-1\" \/>\n<link rel=\"canonical\" href=\"https:\/\/medicina.udd.cl\/icim\/2015\/12\/14\/investigadora-udd-expone-en-seminario-de-capacitacion-apicola\/\" \/>\n<meta property=\"og:locale\" content=\"es_ES\" \/>\n<meta property=\"og:type\" content=\"article\" \/>\n<meta property=\"og:title\" content=\"Investigadora UDD expone en Seminario de Capacitaci\u00f3n Ap\u00edcola - ICIM\" \/>\n<meta property=\"og:description\" content=\"Jessica Mart\u00ednez, del Centro de Medicina Regenerativa, realiz\u00f3 una charla en el marco de un encuentro orientado a capacitar a los usuarios del Programa de Transferencia para el desarrollo de la Apicultura en la Regi\u00f3n de Los Lagos.\" \/>\n<meta property=\"og:url\" content=\"https:\/\/medicina.udd.cl\/icim\/2015\/12\/14\/investigadora-udd-expone-en-seminario-de-capacitacion-apicola\/\" \/>\n<meta property=\"og:site_name\" content=\"ICIM\" \/>\n<meta property=\"article:published_time\" content=\"2015-12-14T16:07:54+00:00\" \/>\n<meta property=\"og:image\" content=\"https:\/\/medicina.udd.cl\/icim\/files\/2015\/12\/Jessica-Martinez-en-Seminario1.jpg\" \/>\n\t<meta property=\"og:image:width\" content=\"3900\" \/>\n\t<meta property=\"og:image:height\" content=\"1934\" \/>\n\t<meta property=\"og:image:type\" content=\"image\/jpeg\" \/>\n<meta name=\"twitter:card\" content=\"summary_large_image\" \/>\n<meta name=\"twitter:label1\" content=\"Escrito por\" \/>\n\t<meta name=\"twitter:data1\" content=\"\" \/>\n\t<meta name=\"twitter:label2\" content=\"Tiempo de lectura\" \/>\n\t<meta name=\"twitter:data2\" content=\"1 minuto\" \/>\n<script type=\"application\/ld+json\" class=\"yoast-schema-graph\">{\"@context\":\"https:\/\/schema.org\",\"@graph\":[{\"@type\":\"Article\",\"@id\":\"https:\/\/medicina.udd.cl\/icim\/2015\/12\/14\/investigadora-udd-expone-en-seminario-de-capacitacion-apicola\/#article\",\"isPartOf\":{\"@id\":\"https:\/\/medicina.udd.cl\/icim\/2015\/12\/14\/investigadora-udd-expone-en-seminario-de-capacitacion-apicola\/\"},\"author\":{\"name\":\"\",\"@id\":\"\"},\"headline\":\"Investigadora UDD expone en Seminario de Capacitaci\u00f3n Ap\u00edcola\",\"datePublished\":\"2015-12-14T16:07:54+00:00\",\"mainEntityOfPage\":{\"@id\":\"https:\/\/medicina.udd.cl\/icim\/2015\/12\/14\/investigadora-udd-expone-en-seminario-de-capacitacion-apicola\/\"},\"wordCount\":279,\"commentCount\":0,\"image\":{\"@id\":\"https:\/\/medicina.udd.cl\/icim\/2015\/12\/14\/investigadora-udd-expone-en-seminario-de-capacitacion-apicola\/#primaryimage\"},\"thumbnailUrl\":\"https:\/\/medicina.udd.cl\/icim\/files\/2015\/12\/Jessica-Martinez-en-Seminario1.jpg\",\"articleSection\":[\"Noticias\"],\"inLanguage\":\"es\",\"potentialAction\":[{\"@type\":\"CommentAction\",\"name\":\"Comment\",\"target\":[\"https:\/\/medicina.udd.cl\/icim\/2015\/12\/14\/investigadora-udd-expone-en-seminario-de-capacitacion-apicola\/#respond\"]}]},{\"@type\":\"WebPage\",\"@id\":\"https:\/\/medicina.udd.cl\/icim\/2015\/12\/14\/investigadora-udd-expone-en-seminario-de-capacitacion-apicola\/\",\"url\":\"https:\/\/medicina.udd.cl\/icim\/2015\/12\/14\/investigadora-udd-expone-en-seminario-de-capacitacion-apicola\/\",\"name\":\"Investigadora UDD expone en Seminario de Capacitaci\u00f3n Ap\u00edcola - ICIM\",\"isPartOf\":{\"@id\":\"https:\/\/medicina.udd.cl\/icim\/#website\"},\"primaryImageOfPage\":{\"@id\":\"https:\/\/medicina.udd.cl\/icim\/2015\/12\/14\/investigadora-udd-expone-en-seminario-de-capacitacion-apicola\/#primaryimage\"},\"image\":{\"@id\":\"https:\/\/medicina.udd.cl\/icim\/2015\/12\/14\/investigadora-udd-expone-en-seminario-de-capacitacion-apicola\/#primaryimage\"},\"thumbnailUrl\":\"https:\/\/medicina.udd.cl\/icim\/files\/2015\/12\/Jessica-Martinez-en-Seminario1.jpg\",\"datePublished\":\"2015-12-14T16:07:54+00:00\",\"author\":{\"@id\":\"\"},\"breadcrumb\":{\"@id\":\"https:\/\/medicina.udd.cl\/icim\/2015\/12\/14\/investigadora-udd-expone-en-seminario-de-capacitacion-apicola\/#breadcrumb\"},\"inLanguage\":\"es\",\"potentialAction\":[{\"@type\":\"ReadAction\",\"target\":[\"https:\/\/medicina.udd.cl\/icim\/2015\/12\/14\/investigadora-udd-expone-en-seminario-de-capacitacion-apicola\/\"]}]},{\"@type\":\"ImageObject\",\"inLanguage\":\"es\",\"@id\":\"https:\/\/medicina.udd.cl\/icim\/2015\/12\/14\/investigadora-udd-expone-en-seminario-de-capacitacion-apicola\/#primaryimage\",\"url\":\"https:\/\/medicina.udd.cl\/icim\/files\/2015\/12\/Jessica-Martinez-en-Seminario1.jpg\",\"contentUrl\":\"https:\/\/medicina.udd.cl\/icim\/files\/2015\/12\/Jessica-Martinez-en-Seminario1.jpg\",\"width\":3900,\"height\":1934},{\"@type\":\"BreadcrumbList\",\"@id\":\"https:\/\/medicina.udd.cl\/icim\/2015\/12\/14\/investigadora-udd-expone-en-seminario-de-capacitacion-apicola\/#breadcrumb\",\"itemListElement\":[{\"@type\":\"ListItem\",\"position\":1,\"name\":\"Inicio\",\"item\":\"https:\/\/medicina.udd.cl\/icim\/\"},{\"@type\":\"ListItem\",\"position\":2,\"name\":\"Investigadora UDD expone en Seminario de Capacitaci\u00f3n Ap\u00edcola\"}]},{\"@type\":\"WebSite\",\"@id\":\"https:\/\/medicina.udd.cl\/icim\/#website\",\"url\":\"https:\/\/medicina.udd.cl\/icim\/\",\"name\":\"ICIM\",\"description\":\"Una iniciativa de Universidad del Desarrollo y Cl\u00ednica Alemana\",\"inLanguage\":\"es\"},{\"@type\":\"Person\",\"@id\":\"\",\"url\":\"https:\/\/medicina.udd.cl\/icim\/author\/\"}]}<\/script>\n<!-- \/ Yoast SEO plugin. -->","yoast_head_json":{"title":"Investigadora UDD expone en Seminario de Capacitaci\u00f3n Ap\u00edcola - ICIM","robots":{"index":"index","follow":"follow","max-snippet":"max-snippet:-1","max-image-preview":"max-image-preview:large","max-video-preview":"max-video-preview:-1"},"canonical":"https:\/\/medicina.udd.cl\/icim\/2015\/12\/14\/investigadora-udd-expone-en-seminario-de-capacitacion-apicola\/","og_locale":"es_ES","og_type":"article","og_title":"Investigadora UDD expone en Seminario de Capacitaci\u00f3n Ap\u00edcola - ICIM","og_description":"Jessica Mart\u00ednez, del Centro de Medicina Regenerativa, realiz\u00f3 una charla en el marco de un encuentro orientado a capacitar a los usuarios del Programa de Transferencia para el desarrollo de la Apicultura en la Regi\u00f3n de Los Lagos.","og_url":"https:\/\/medicina.udd.cl\/icim\/2015\/12\/14\/investigadora-udd-expone-en-seminario-de-capacitacion-apicola\/","og_site_name":"ICIM","article_published_time":"2015-12-14T16:07:54+00:00","og_image":[{"width":3900,"height":1934,"url":"https:\/\/medicina.udd.cl\/icim\/files\/2015\/12\/Jessica-Martinez-en-Seminario1.jpg","type":"image\/jpeg"}],"twitter_card":"summary_large_image","twitter_misc":{"Escrito por":"","Tiempo de lectura":"1 minuto"},"schema":{"@context":"https:\/\/schema.org","@graph":[{"@type":"Article","@id":"https:\/\/medicina.udd.cl\/icim\/2015\/12\/14\/investigadora-udd-expone-en-seminario-de-capacitacion-apicola\/#article","isPartOf":{"@id":"https:\/\/medicina.udd.cl\/icim\/2015\/12\/14\/investigadora-udd-expone-en-seminario-de-capacitacion-apicola\/"},"author":{"name":"","@id":""},"headline":"Investigadora UDD expone en Seminario de Capacitaci\u00f3n Ap\u00edcola","datePublished":"2015-12-14T16:07:54+00:00","mainEntityOfPage":{"@id":"https:\/\/medicina.udd.cl\/icim\/2015\/12\/14\/investigadora-udd-expone-en-seminario-de-capacitacion-apicola\/"},"wordCount":279,"commentCount":0,"image":{"@id":"https:\/\/medicina.udd.cl\/icim\/2015\/12\/14\/investigadora-udd-expone-en-seminario-de-capacitacion-apicola\/#primaryimage"},"thumbnailUrl":"https:\/\/medicina.udd.cl\/icim\/files\/2015\/12\/Jessica-Martinez-en-Seminario1.jpg","articleSection":["Noticias"],"inLanguage":"es","potentialAction":[{"@type":"CommentAction","name":"Comment","target":["https:\/\/medicina.udd.cl\/icim\/2015\/12\/14\/investigadora-udd-expone-en-seminario-de-capacitacion-apicola\/#respond"]}]},{"@type":"WebPage","@id":"https:\/\/medicina.udd.cl\/icim\/2015\/12\/14\/investigadora-udd-expone-en-seminario-de-capacitacion-apicola\/","url":"https:\/\/medicina.udd.cl\/icim\/2015\/12\/14\/investigadora-udd-expone-en-seminario-de-capacitacion-apicola\/","name":"Investigadora UDD expone en Seminario de Capacitaci\u00f3n Ap\u00edcola - ICIM","isPartOf":{"@id":"https:\/\/medicina.udd.cl\/icim\/#website"},"primaryImageOfPage":{"@id":"https:\/\/medicina.udd.cl\/icim\/2015\/12\/14\/investigadora-udd-expone-en-seminario-de-capacitacion-apicola\/#primaryimage"},"image":{"@id":"https:\/\/medicina.udd.cl\/icim\/2015\/12\/14\/investigadora-udd-expone-en-seminario-de-capacitacion-apicola\/#primaryimage"},"thumbnailUrl":"https:\/\/medicina.udd.cl\/icim\/files\/2015\/12\/Jessica-Martinez-en-Seminario1.jpg","datePublished":"2015-12-14T16:07:54+00:00","author":{"@id":""},"breadcrumb":{"@id":"https:\/\/medicina.udd.cl\/icim\/2015\/12\/14\/investigadora-udd-expone-en-seminario-de-capacitacion-apicola\/#breadcrumb"},"inLanguage":"es","potentialAction":[{"@type":"ReadAction","target":["https:\/\/medicina.udd.cl\/icim\/2015\/12\/14\/investigadora-udd-expone-en-seminario-de-capacitacion-apicola\/"]}]},{"@type":"ImageObject","inLanguage":"es","@id":"https:\/\/medicina.udd.cl\/icim\/2015\/12\/14\/investigadora-udd-expone-en-seminario-de-capacitacion-apicola\/#primaryimage","url":"https:\/\/medicina.udd.cl\/icim\/files\/2015\/12\/Jessica-Martinez-en-Seminario1.jpg","contentUrl":"https:\/\/medicina.udd.cl\/icim\/files\/2015\/12\/Jessica-Martinez-en-Seminario1.jpg","width":3900,"height":1934},{"@type":"BreadcrumbList","@id":"https:\/\/medicina.udd.cl\/icim\/2015\/12\/14\/investigadora-udd-expone-en-seminario-de-capacitacion-apicola\/#breadcrumb","itemListElement":[{"@type":"ListItem","position":1,"name":"Inicio","item":"https:\/\/medicina.udd.cl\/icim\/"},{"@type":"ListItem","position":2,"name":"Investigadora UDD expone en Seminario de Capacitaci\u00f3n Ap\u00edcola"}]},{"@type":"WebSite","@id":"https:\/\/medicina.udd.cl\/icim\/#website","url":"https:\/\/medicina.udd.cl\/icim\/","name":"ICIM","description":"Una iniciativa de Universidad del Desarrollo y Cl\u00ednica Alemana","inLanguage":"es"},{"@type":"Person","@id":"","url":"https:\/\/medicina.udd.cl\/icim\/author\/"}]}},"featured_image_url":"https:\/\/medicina.udd.cl\/icim\/files\/2015\/12\/Jessica-Martinez-en-Seminario1.jpg","_links":{"self":[{"href":"https:\/\/medicina.udd.cl\/icim\/wp-json\/wp\/v2\/posts\/2257","targetHints":{"allow":["GET"]}}],"collection":[{"href":"https:\/\/medicina.udd.cl\/icim\/wp-json\/wp\/v2\/posts"}],"about":[{"href":"https:\/\/medicina.udd.cl\/icim\/wp-json\/wp\/v2\/types\/post"}],"author":[{"embeddable":true,"href":"https:\/\/medicina.udd.cl\/icim\/wp-json\/wp\/v2\/users\/42"}],"replies":[{"embeddable":true,"href":"https:\/\/medicina.udd.cl\/icim\/wp-json\/wp\/v2\/comments?post=2257"}],"version-history":[{"count":0,"href":"https:\/\/medicina.udd.cl\/icim\/wp-json\/wp\/v2\/posts\/2257\/revisions"}],"wp:featuredmedia":[{"embeddable":true,"href":"https:\/\/medicina.udd.cl\/icim\/wp-json\/wp\/v2\/media\/2259"}],"wp:attachment":[{"href":"https:\/\/medicina.udd.cl\/icim\/wp-json\/wp\/v2\/media?parent=2257"}],"wp:term":[{"taxonomy":"category","embeddable":true,"href":"https:\/\/medicina.udd.cl\/icim\/wp-json\/wp\/v2\/categories?post=2257"},{"taxonomy":"post_tag","embeddable":true,"href":"https:\/\/medicina.udd.cl\/icim\/wp-json\/wp\/v2\/tags?post=2257"}],"curies":[{"name":"wp","href":"https:\/\/api.w.org\/{rel}","templated":true}]}}