{"id":227,"date":"2014-08-08T16:02:08","date_gmt":"2014-08-08T16:02:08","guid":{"rendered":"http:\/\/medicina.udd.cl\/centro-fisiologia-celular-integrativa\/?p=227"},"modified":"2014-08-08T16:02:08","modified_gmt":"2014-08-08T16:02:08","slug":"udd-lanza-politica-de-propiedad-intelectual-5","status":"publish","type":"post","link":"https:\/\/medicina.udd.cl\/icim\/2014\/08\/08\/udd-lanza-politica-de-propiedad-intelectual-5\/","title":{"rendered":"UDD lanza Pol\u00edtica de Propiedad Intelectual"},"content":{"rendered":"<div id=\"gallery-1\" class=\"carousel slide carousel-gallery\" data-ride=\"false\" data-interval=\"false\"><div class=\"carousel-inner\" role=\"listbox\"><figure class=\"carousel-item active\"><img loading=\"lazy\" decoding=\"async\" width=\"917\" height=\"534\" src=\"https:\/\/medicina.udd.cl\/icim\/files\/2014\/08\/Maximiliano-Santa-Cruz-director-INAPI-y-vicerrector-Juan-Eduardo-Vargas-4-440x245.jpg\" class=\"attachment-landscape_952 size-landscape_952 lazyload\" alt=\"\" sizes=\"auto, (max-width: 917px) 100vw, 917px\" data-src=\"https:\/\/medicina.udd.cl\/icim\/files\/2014\/08\/Maximiliano-Santa-Cruz-director-INAPI-y-vicerrector-Juan-Eduardo-Vargas-4.jpg\" data-srcset=\"https:\/\/medicina.udd.cl\/icim\/files\/2014\/08\/Maximiliano-Santa-Cruz-director-INAPI-y-vicerrector-Juan-Eduardo-Vargas-4.jpg 2860w, https:\/\/medicina.udd.cl\/icim\/files\/2014\/08\/Maximiliano-Santa-Cruz-director-INAPI-y-vicerrector-Juan-Eduardo-Vargas-4-300x175.jpg 300w, https:\/\/medicina.udd.cl\/icim\/files\/2014\/08\/Maximiliano-Santa-Cruz-director-INAPI-y-vicerrector-Juan-Eduardo-Vargas-4-768x447.jpg 768w, https:\/\/medicina.udd.cl\/icim\/files\/2014\/08\/Maximiliano-Santa-Cruz-director-INAPI-y-vicerrector-Juan-Eduardo-Vargas-4-1024x596.jpg 1024w\" \/><\/figure><figure class=\"carousel-item\"><img loading=\"lazy\" decoding=\"async\" width=\"802\" height=\"534\" src=\"https:\/\/medicina.udd.cl\/icim\/files\/2014\/08\/Firma-convenio-UDD-INAPI-4-440x245.jpg\" class=\"attachment-landscape_952 size-landscape_952 lazyload\" alt=\"\" sizes=\"auto, (max-width: 802px) 100vw, 802px\" data-src=\"https:\/\/medicina.udd.cl\/icim\/files\/2014\/08\/Firma-convenio-UDD-INAPI-4.jpg\" data-srcset=\"https:\/\/medicina.udd.cl\/icim\/files\/2014\/08\/Firma-convenio-UDD-INAPI-4.jpg 4000w, https:\/\/medicina.udd.cl\/icim\/files\/2014\/08\/Firma-convenio-UDD-INAPI-4-300x200.jpg 300w, https:\/\/medicina.udd.cl\/icim\/files\/2014\/08\/Firma-convenio-UDD-INAPI-4-768x511.jpg 768w, https:\/\/medicina.udd.cl\/icim\/files\/2014\/08\/Firma-convenio-UDD-INAPI-4-1024x682.jpg 1024w\" \/><\/figure><figure class=\"carousel-item\"><img loading=\"lazy\" decoding=\"async\" width=\"802\" height=\"534\" src=\"https:\/\/medicina.udd.cl\/icim\/files\/2014\/08\/Ceremonia-lanzamiento-Pol\u00edtica-de-Propiedad-Intelectual-4-440x245.jpg\" class=\"attachment-landscape_952 size-landscape_952 lazyload\" alt=\"\" sizes=\"auto, (max-width: 802px) 100vw, 802px\" data-src=\"https:\/\/medicina.udd.cl\/icim\/files\/2014\/08\/Ceremonia-lanzamiento-Pol\u00edtica-de-Propiedad-Intelectual-4.jpg\" data-srcset=\"https:\/\/medicina.udd.cl\/icim\/files\/2014\/08\/Ceremonia-lanzamiento-Pol\u00edtica-de-Propiedad-Intelectual-4.jpg 4000w, https:\/\/medicina.udd.cl\/icim\/files\/2014\/08\/Ceremonia-lanzamiento-Pol\u00edtica-de-Propiedad-Intelectual-4-300x200.jpg 300w, https:\/\/medicina.udd.cl\/icim\/files\/2014\/08\/Ceremonia-lanzamiento-Pol\u00edtica-de-Propiedad-Intelectual-4-768x511.jpg 768w, https:\/\/medicina.udd.cl\/icim\/files\/2014\/08\/Ceremonia-lanzamiento-Pol\u00edtica-de-Propiedad-Intelectual-4-1024x682.jpg 1024w\" \/><\/figure><figure class=\"carousel-item\"><img loading=\"lazy\" decoding=\"async\" width=\"802\" height=\"534\" src=\"https:\/\/medicina.udd.cl\/icim\/files\/2014\/08\/Autoridades-e-Investigadores-UDD-4-440x245.jpg\" class=\"attachment-landscape_952 size-landscape_952 lazyload\" alt=\"\" sizes=\"auto, (max-width: 802px) 100vw, 802px\" data-src=\"https:\/\/medicina.udd.cl\/icim\/files\/2014\/08\/Autoridades-e-Investigadores-UDD-4.jpg\" data-srcset=\"https:\/\/medicina.udd.cl\/icim\/files\/2014\/08\/Autoridades-e-Investigadores-UDD-4.jpg 4000w, https:\/\/medicina.udd.cl\/icim\/files\/2014\/08\/Autoridades-e-Investigadores-UDD-4-300x200.jpg 300w, https:\/\/medicina.udd.cl\/icim\/files\/2014\/08\/Autoridades-e-Investigadores-UDD-4-768x511.jpg 768w, https:\/\/medicina.udd.cl\/icim\/files\/2014\/08\/Autoridades-e-Investigadores-UDD-4-1024x682.jpg 1024w\" \/><\/figure><\/div><footer class=\"carousel-footer\"><div class=\"carousel-counter\"><span class=\"carousel-counter-current\"><\/span> \/ <span class=\"carousel-counter-total\"><\/span><\/div><a class=\"carousel-control-prev\" href=\"#gallery-1\" role=\"button\" data-slide=\"prev\"><svg aria-hidden=\"true\" class=\"svg-chevron-left-dims\"><use xlink:href='https:\/\/medicina.udd.cl\/icim\/wp-content\/themes\/facultades-2018\/assets\/img\/svg\/dist\/main.svg?version=1695853099#chevron-left'><\/use><\/svg><span class=\"sr-only\">Anterior<\/span><\/a><a class=\"carousel-control-next\" href=\"#gallery-1\" role=\"button\" data-slide=\"next\"><svg aria-hidden=\"true\" class=\"svg-chevron-right-dims\"><use xlink:href='https:\/\/medicina.udd.cl\/icim\/wp-content\/themes\/facultades-2018\/assets\/img\/svg\/dist\/main.svg?version=1695853099#chevron-right'><\/use><\/svg><span class=\"sr-only\">Siguiente<\/span><\/a><\/footer><\/div>\n<p>Coherente con los objetivos de investigaci\u00f3n, innovaci\u00f3n y emprendimiento, la Universidad del Desarrollo lanz\u00f3 su\u00a0<strong>Reglamento de Pol\u00edtica de Gesti\u00f3n de Propiedad Intelectual y Transferencia de Tecnolog\u00eda<\/strong>\u00a0el jueves 7 de agosto.<\/p>\n<p>El reglamento tiene el objetivo de regular la difusi\u00f3n p\u00fablica de los descubrimiento, creaciones y tecnolog\u00edas generadas al interior de la UDD, a trav\u00e9s de procesos de transferencias efectivos, que buscan fomentar la innovaci\u00f3n y el emprendimiento, resguardando el debido respeto de los derechos y reconocimiento de los inventores y contribuciones de la Universidad.<\/p>\n<p>\u201cHemos crecido y madurado como Universidad para promulgar un reglamento de este tipo y hacerlo efectivo. Este instrumento orientar\u00e1 los lineamientos en nuestro trabajo, que tiene el sello de un investigaci\u00f3n transferible para poder resolver problemas reales y acuciantes de nuestra sociedad\u201d, explic\u00f3\u00a0<strong>Sergio Hern\u00e1ndez, vicerrector de Postgrado e Investigaci\u00f3n<\/strong>.<\/p>\n<p><strong>Hern\u00e1ndez destac\u00f3 el r\u00e1pido avance de esta \u00e1rea en la UDD, que comenz\u00f3 a consolidarse con la fundaci\u00f3n de la Facultad de Medicina Cl\u00ednica Alemana Universidad del Desarrollo en 2001 y con la creaci\u00f3n de la Vicerrector\u00eda de Postgrado e Investigaci\u00f3n<\/strong>.<\/p>\n<p>En la ceremonia, tambi\u00e9n se concret\u00f3 la\u00a0<strong>firma del convenio con el Instituto Nacional de Propiedad Intelectual<\/strong>\u00a0(INAPI), con el fin de implementar actividades de colaboraci\u00f3n en t\u00e9rminos de formaci\u00f3n de recursos humanos calificados, intercambio de informaci\u00f3n y cooperaci\u00f3n en el fomento de difusi\u00f3n de las actividades pertinentes tanto de INAPI como UDD.<\/p>\n<p>\u201cLa pauta que est\u00e1 haciendo la UDD es un trabajo serio de investigaci\u00f3n. Bienvenidos a este peque\u00f1o grupo de universidades que cuentan con una pol\u00edtica de propiedad intelectual y con una vicerrector\u00eda de Investigaci\u00f3n\u201d, coment\u00f3<strong>Maximiliano Santa Cruz, director de INAPI<\/strong>.<\/p>\n<p>\u201cNosotros estamos convencidos que el desaf\u00edo de Chile es pasar a una econom\u00eda basada en el conocimiento y para eso es fundamental el emprendimiento y la innovaci\u00f3n. Eso est\u00e1 en el ADN de nuestra Universidad y esta Pol\u00edtica de Propiedad Intelectual es reflejo de ello\u201d, concluy\u00f3\u00a0<strong>Daniel Contesse, vicerrector de Innovaci\u00f3n de la UDD<\/strong>.<\/p>\n<p><strong><a href=\"http:\/\/medicina.udd.cl\/files\/2014\/08\/Decreto-Reglamento-de-Pol%C3%ADtica-de-Gesti%C3%B3n-de-Propiedad-Intelectual-y-Transferencia-de-Tecnolog%C3%ADa-UDD-2014.pdf\">CONOCE NUESTRA POL\u00cdTICA DE PROPIEDAD INTELECTUAL AQU\u00cd<\/a><\/strong><\/p>\n","protected":false},"excerpt":{"rendered":"<p>Tambi\u00e9n firm\u00f3 un convenio de colaboraci\u00f3n con el Instituto Nacional de Pol\u00edtica de Propiedad Intelectual. Ambas hitos son resultados del PMI \u201cInnovaci\u00f3n en Salud\u201d.<\/p>\n","protected":false},"author":42,"featured_media":231,"comment_status":"open","ping_status":"open","sticky":false,"template":"","format":"standard","meta":{"footnotes":""},"categories":[4],"tags":[],"class_list":["post-227","post","type-post","status-publish","format-standard","has-post-thumbnail","hentry","category-noticias"],"yoast_head":"<!-- This site is optimized with the Yoast SEO plugin v26.9 - https:\/\/yoast.com\/product\/yoast-seo-wordpress\/ -->\n<title>UDD lanza Pol\u00edtica de Propiedad Intelectual - ICIM<\/title>\n<meta name=\"robots\" content=\"index, follow, max-snippet:-1, max-image-preview:large, max-video-preview:-1\" \/>\n<link rel=\"canonical\" href=\"https:\/\/medicina.udd.cl\/icim\/2014\/08\/08\/udd-lanza-politica-de-propiedad-intelectual-5\/\" \/>\n<meta property=\"og:locale\" content=\"es_ES\" \/>\n<meta property=\"og:type\" content=\"article\" \/>\n<meta property=\"og:title\" content=\"UDD lanza Pol\u00edtica de Propiedad Intelectual - ICIM\" \/>\n<meta property=\"og:description\" content=\"Tambi\u00e9n firm\u00f3 un convenio de colaboraci\u00f3n con el Instituto Nacional de Pol\u00edtica de Propiedad Intelectual. Ambas hitos son resultados del PMI \u201cInnovaci\u00f3n en Salud\u201d.\" \/>\n<meta property=\"og:url\" content=\"https:\/\/medicina.udd.cl\/icim\/2014\/08\/08\/udd-lanza-politica-de-propiedad-intelectual-5\/\" \/>\n<meta property=\"og:site_name\" content=\"ICIM\" \/>\n<meta property=\"article:published_time\" content=\"2014-08-08T16:02:08+00:00\" \/>\n<meta property=\"og:image\" content=\"https:\/\/medicina.udd.cl\/icim\/files\/2014\/08\/Maximiliano-Santa-Cruz-director-INAPI-y-vicerrector-Juan-Eduardo-Vargas-4.jpg\" \/>\n\t<meta property=\"og:image:width\" content=\"2860\" \/>\n\t<meta property=\"og:image:height\" content=\"1665\" \/>\n\t<meta property=\"og:image:type\" content=\"image\/jpeg\" \/>\n<meta name=\"twitter:card\" content=\"summary_large_image\" \/>\n<meta name=\"twitter:label1\" content=\"Escrito por\" \/>\n\t<meta name=\"twitter:data1\" content=\"\" \/>\n\t<meta name=\"twitter:label2\" content=\"Tiempo de lectura\" \/>\n\t<meta name=\"twitter:data2\" content=\"2 minutos\" \/>\n<script type=\"application\/ld+json\" class=\"yoast-schema-graph\">{\"@context\":\"https:\/\/schema.org\",\"@graph\":[{\"@type\":\"Article\",\"@id\":\"https:\/\/medicina.udd.cl\/icim\/2014\/08\/08\/udd-lanza-politica-de-propiedad-intelectual-5\/#article\",\"isPartOf\":{\"@id\":\"https:\/\/medicina.udd.cl\/icim\/2014\/08\/08\/udd-lanza-politica-de-propiedad-intelectual-5\/\"},\"author\":{\"name\":\"\",\"@id\":\"\"},\"headline\":\"UDD lanza Pol\u00edtica de Propiedad Intelectual\",\"datePublished\":\"2014-08-08T16:02:08+00:00\",\"mainEntityOfPage\":{\"@id\":\"https:\/\/medicina.udd.cl\/icim\/2014\/08\/08\/udd-lanza-politica-de-propiedad-intelectual-5\/\"},\"wordCount\":377,\"commentCount\":0,\"image\":{\"@id\":\"https:\/\/medicina.udd.cl\/icim\/2014\/08\/08\/udd-lanza-politica-de-propiedad-intelectual-5\/#primaryimage\"},\"thumbnailUrl\":\"https:\/\/medicina.udd.cl\/icim\/files\/2014\/08\/Maximiliano-Santa-Cruz-director-INAPI-y-vicerrector-Juan-Eduardo-Vargas-4.jpg\",\"articleSection\":[\"Noticias\"],\"inLanguage\":\"es\",\"potentialAction\":[{\"@type\":\"CommentAction\",\"name\":\"Comment\",\"target\":[\"https:\/\/medicina.udd.cl\/icim\/2014\/08\/08\/udd-lanza-politica-de-propiedad-intelectual-5\/#respond\"]}]},{\"@type\":\"WebPage\",\"@id\":\"https:\/\/medicina.udd.cl\/icim\/2014\/08\/08\/udd-lanza-politica-de-propiedad-intelectual-5\/\",\"url\":\"https:\/\/medicina.udd.cl\/icim\/2014\/08\/08\/udd-lanza-politica-de-propiedad-intelectual-5\/\",\"name\":\"UDD lanza Pol\u00edtica de Propiedad Intelectual - ICIM\",\"isPartOf\":{\"@id\":\"https:\/\/medicina.udd.cl\/icim\/#website\"},\"primaryImageOfPage\":{\"@id\":\"https:\/\/medicina.udd.cl\/icim\/2014\/08\/08\/udd-lanza-politica-de-propiedad-intelectual-5\/#primaryimage\"},\"image\":{\"@id\":\"https:\/\/medicina.udd.cl\/icim\/2014\/08\/08\/udd-lanza-politica-de-propiedad-intelectual-5\/#primaryimage\"},\"thumbnailUrl\":\"https:\/\/medicina.udd.cl\/icim\/files\/2014\/08\/Maximiliano-Santa-Cruz-director-INAPI-y-vicerrector-Juan-Eduardo-Vargas-4.jpg\",\"datePublished\":\"2014-08-08T16:02:08+00:00\",\"author\":{\"@id\":\"\"},\"breadcrumb\":{\"@id\":\"https:\/\/medicina.udd.cl\/icim\/2014\/08\/08\/udd-lanza-politica-de-propiedad-intelectual-5\/#breadcrumb\"},\"inLanguage\":\"es\",\"potentialAction\":[{\"@type\":\"ReadAction\",\"target\":[\"https:\/\/medicina.udd.cl\/icim\/2014\/08\/08\/udd-lanza-politica-de-propiedad-intelectual-5\/\"]}]},{\"@type\":\"ImageObject\",\"inLanguage\":\"es\",\"@id\":\"https:\/\/medicina.udd.cl\/icim\/2014\/08\/08\/udd-lanza-politica-de-propiedad-intelectual-5\/#primaryimage\",\"url\":\"https:\/\/medicina.udd.cl\/icim\/files\/2014\/08\/Maximiliano-Santa-Cruz-director-INAPI-y-vicerrector-Juan-Eduardo-Vargas-4.jpg\",\"contentUrl\":\"https:\/\/medicina.udd.cl\/icim\/files\/2014\/08\/Maximiliano-Santa-Cruz-director-INAPI-y-vicerrector-Juan-Eduardo-Vargas-4.jpg\",\"width\":2860,\"height\":1665},{\"@type\":\"BreadcrumbList\",\"@id\":\"https:\/\/medicina.udd.cl\/icim\/2014\/08\/08\/udd-lanza-politica-de-propiedad-intelectual-5\/#breadcrumb\",\"itemListElement\":[{\"@type\":\"ListItem\",\"position\":1,\"name\":\"Inicio\",\"item\":\"https:\/\/medicina.udd.cl\/icim\/\"},{\"@type\":\"ListItem\",\"position\":2,\"name\":\"UDD lanza Pol\u00edtica de Propiedad Intelectual\"}]},{\"@type\":\"WebSite\",\"@id\":\"https:\/\/medicina.udd.cl\/icim\/#website\",\"url\":\"https:\/\/medicina.udd.cl\/icim\/\",\"name\":\"ICIM\",\"description\":\"Una iniciativa de Universidad del Desarrollo y Cl\u00ednica Alemana\",\"inLanguage\":\"es\"},{\"@type\":\"Person\",\"@id\":\"\",\"url\":\"https:\/\/medicina.udd.cl\/icim\/author\/\"}]}<\/script>\n<!-- \/ Yoast SEO plugin. -->","yoast_head_json":{"title":"UDD lanza Pol\u00edtica de Propiedad Intelectual - ICIM","robots":{"index":"index","follow":"follow","max-snippet":"max-snippet:-1","max-image-preview":"max-image-preview:large","max-video-preview":"max-video-preview:-1"},"canonical":"https:\/\/medicina.udd.cl\/icim\/2014\/08\/08\/udd-lanza-politica-de-propiedad-intelectual-5\/","og_locale":"es_ES","og_type":"article","og_title":"UDD lanza Pol\u00edtica de Propiedad Intelectual - ICIM","og_description":"Tambi\u00e9n firm\u00f3 un convenio de colaboraci\u00f3n con el Instituto Nacional de Pol\u00edtica de Propiedad Intelectual. Ambas hitos son resultados del PMI \u201cInnovaci\u00f3n en Salud\u201d.","og_url":"https:\/\/medicina.udd.cl\/icim\/2014\/08\/08\/udd-lanza-politica-de-propiedad-intelectual-5\/","og_site_name":"ICIM","article_published_time":"2014-08-08T16:02:08+00:00","og_image":[{"width":2860,"height":1665,"url":"https:\/\/medicina.udd.cl\/icim\/files\/2014\/08\/Maximiliano-Santa-Cruz-director-INAPI-y-vicerrector-Juan-Eduardo-Vargas-4.jpg","type":"image\/jpeg"}],"twitter_card":"summary_large_image","twitter_misc":{"Escrito por":"","Tiempo de lectura":"2 minutos"},"schema":{"@context":"https:\/\/schema.org","@graph":[{"@type":"Article","@id":"https:\/\/medicina.udd.cl\/icim\/2014\/08\/08\/udd-lanza-politica-de-propiedad-intelectual-5\/#article","isPartOf":{"@id":"https:\/\/medicina.udd.cl\/icim\/2014\/08\/08\/udd-lanza-politica-de-propiedad-intelectual-5\/"},"author":{"name":"","@id":""},"headline":"UDD lanza Pol\u00edtica de Propiedad Intelectual","datePublished":"2014-08-08T16:02:08+00:00","mainEntityOfPage":{"@id":"https:\/\/medicina.udd.cl\/icim\/2014\/08\/08\/udd-lanza-politica-de-propiedad-intelectual-5\/"},"wordCount":377,"commentCount":0,"image":{"@id":"https:\/\/medicina.udd.cl\/icim\/2014\/08\/08\/udd-lanza-politica-de-propiedad-intelectual-5\/#primaryimage"},"thumbnailUrl":"https:\/\/medicina.udd.cl\/icim\/files\/2014\/08\/Maximiliano-Santa-Cruz-director-INAPI-y-vicerrector-Juan-Eduardo-Vargas-4.jpg","articleSection":["Noticias"],"inLanguage":"es","potentialAction":[{"@type":"CommentAction","name":"Comment","target":["https:\/\/medicina.udd.cl\/icim\/2014\/08\/08\/udd-lanza-politica-de-propiedad-intelectual-5\/#respond"]}]},{"@type":"WebPage","@id":"https:\/\/medicina.udd.cl\/icim\/2014\/08\/08\/udd-lanza-politica-de-propiedad-intelectual-5\/","url":"https:\/\/medicina.udd.cl\/icim\/2014\/08\/08\/udd-lanza-politica-de-propiedad-intelectual-5\/","name":"UDD lanza Pol\u00edtica de Propiedad Intelectual - ICIM","isPartOf":{"@id":"https:\/\/medicina.udd.cl\/icim\/#website"},"primaryImageOfPage":{"@id":"https:\/\/medicina.udd.cl\/icim\/2014\/08\/08\/udd-lanza-politica-de-propiedad-intelectual-5\/#primaryimage"},"image":{"@id":"https:\/\/medicina.udd.cl\/icim\/2014\/08\/08\/udd-lanza-politica-de-propiedad-intelectual-5\/#primaryimage"},"thumbnailUrl":"https:\/\/medicina.udd.cl\/icim\/files\/2014\/08\/Maximiliano-Santa-Cruz-director-INAPI-y-vicerrector-Juan-Eduardo-Vargas-4.jpg","datePublished":"2014-08-08T16:02:08+00:00","author":{"@id":""},"breadcrumb":{"@id":"https:\/\/medicina.udd.cl\/icim\/2014\/08\/08\/udd-lanza-politica-de-propiedad-intelectual-5\/#breadcrumb"},"inLanguage":"es","potentialAction":[{"@type":"ReadAction","target":["https:\/\/medicina.udd.cl\/icim\/2014\/08\/08\/udd-lanza-politica-de-propiedad-intelectual-5\/"]}]},{"@type":"ImageObject","inLanguage":"es","@id":"https:\/\/medicina.udd.cl\/icim\/2014\/08\/08\/udd-lanza-politica-de-propiedad-intelectual-5\/#primaryimage","url":"https:\/\/medicina.udd.cl\/icim\/files\/2014\/08\/Maximiliano-Santa-Cruz-director-INAPI-y-vicerrector-Juan-Eduardo-Vargas-4.jpg","contentUrl":"https:\/\/medicina.udd.cl\/icim\/files\/2014\/08\/Maximiliano-Santa-Cruz-director-INAPI-y-vicerrector-Juan-Eduardo-Vargas-4.jpg","width":2860,"height":1665},{"@type":"BreadcrumbList","@id":"https:\/\/medicina.udd.cl\/icim\/2014\/08\/08\/udd-lanza-politica-de-propiedad-intelectual-5\/#breadcrumb","itemListElement":[{"@type":"ListItem","position":1,"name":"Inicio","item":"https:\/\/medicina.udd.cl\/icim\/"},{"@type":"ListItem","position":2,"name":"UDD lanza Pol\u00edtica de Propiedad Intelectual"}]},{"@type":"WebSite","@id":"https:\/\/medicina.udd.cl\/icim\/#website","url":"https:\/\/medicina.udd.cl\/icim\/","name":"ICIM","description":"Una iniciativa de Universidad del Desarrollo y Cl\u00ednica Alemana","inLanguage":"es"},{"@type":"Person","@id":"","url":"https:\/\/medicina.udd.cl\/icim\/author\/"}]}},"featured_image_url":"https:\/\/medicina.udd.cl\/icim\/files\/2014\/08\/Maximiliano-Santa-Cruz-director-INAPI-y-vicerrector-Juan-Eduardo-Vargas-4.jpg","_links":{"self":[{"href":"https:\/\/medicina.udd.cl\/icim\/wp-json\/wp\/v2\/posts\/227","targetHints":{"allow":["GET"]}}],"collection":[{"href":"https:\/\/medicina.udd.cl\/icim\/wp-json\/wp\/v2\/posts"}],"about":[{"href":"https:\/\/medicina.udd.cl\/icim\/wp-json\/wp\/v2\/types\/post"}],"author":[{"embeddable":true,"href":"https:\/\/medicina.udd.cl\/icim\/wp-json\/wp\/v2\/users\/42"}],"replies":[{"embeddable":true,"href":"https:\/\/medicina.udd.cl\/icim\/wp-json\/wp\/v2\/comments?post=227"}],"version-history":[{"count":0,"href":"https:\/\/medicina.udd.cl\/icim\/wp-json\/wp\/v2\/posts\/227\/revisions"}],"wp:featuredmedia":[{"embeddable":true,"href":"https:\/\/medicina.udd.cl\/icim\/wp-json\/wp\/v2\/media\/231"}],"wp:attachment":[{"href":"https:\/\/medicina.udd.cl\/icim\/wp-json\/wp\/v2\/media?parent=227"}],"wp:term":[{"taxonomy":"category","embeddable":true,"href":"https:\/\/medicina.udd.cl\/icim\/wp-json\/wp\/v2\/categories?post=227"},{"taxonomy":"post_tag","embeddable":true,"href":"https:\/\/medicina.udd.cl\/icim\/wp-json\/wp\/v2\/tags?post=227"}],"curies":[{"name":"wp","href":"https:\/\/api.w.org\/{rel}","templated":true}]}}