{"id":2799,"date":"2014-05-05T10:22:06","date_gmt":"2014-05-05T14:22:06","guid":{"rendered":"http:\/\/medicina.udd.cl\/centro-bioetica\/?p=2799"},"modified":"2014-05-05T10:22:06","modified_gmt":"2014-05-05T14:22:06","slug":"resena-bioetica-narrativa","status":"publish","type":"post","link":"https:\/\/medicina.udd.cl\/icim\/2014\/05\/05\/resena-bioetica-narrativa\/","title":{"rendered":"Rese\u00f1a: Bio\u00e9tica Narrativa"},"content":{"rendered":"<p><strong>Libro: Bio\u00e9tica Narrativa<\/strong><br \/>\nTom\u00e1s Domingo Moratalla &amp; Lydia Feito<br \/>\nEscolar y Mayo. Madrid, 2013<\/p>\n<p><a href=\"http:\/\/medicina.udd.cl\/icim\/files\/2014\/05\/Bio\u00e9tica-Narrativa.jpg\"><img loading=\"lazy\" decoding=\"async\" class=\"size-medium wp-image-2800 alignright\" alt=\"Bio\u00e9tica Narrativa\" src=\"http:\/\/medicina.udd.cl\/icim\/files\/2014\/05\/Bio\u00e9tica-Narrativa-198x300.jpg\" width=\"198\" height=\"300\" \/><\/a>El texto Bio\u00e9tica Narrativa de los profesores Tom\u00e1s Domingo y Lydia Feito constituye una novedosa y ambiciosa propuesta en el contexto de las ampliamente discutidas teor\u00edas de fundamentaci\u00f3n de la bio\u00e9tica y sus m\u00e9todos de deliberaci\u00f3n.<\/p>\n<p>Es una propuesta novedosa porque desarrolla una construcci\u00f3n sistem\u00e1tica, aunque no exhaustiva, de fundamentaci\u00f3n te\u00f3rica y metodol\u00f3gica de la bio\u00e9tica desde la perspectiva de la \u00e9tica narrativa, la que cuenta con escasa literatura en nuestro medio, y tiene la gracia, adem\u00e1s, de extender esa fundamentaci\u00f3n al plano m\u00e1s pragm\u00e1tico de la aplicaci\u00f3n y la ense\u00f1anza de esta disciplina. Y es ambiciosa porque abre nuevos caminos al interior de un programa de investigaci\u00f3n muy promisorio, que comprende no s\u00f3lo la aplicaci\u00f3n de lo narrativo como herramienta en la ense\u00f1anza de la medicina y como instrumento para humanizar la relaci\u00f3n cl\u00ednica (medicina narrativa), sino tambi\u00e9n, los fundamentos de un m\u00e9todo de conocimiento y de deliberaci\u00f3n para la bio\u00e9tica.<\/p>\n<p>Por esta raz\u00f3n, el aporte principal de este libro no radica simplemente en profundizar la medicina narrativa o extender la \u00e9tica narrativa al campo bio\u00e9tico, sino que pretende avanzar en la construcci\u00f3n de nuevo paradigma de la bio\u00e9tica. Los autores declaran, desde un comienzo, que la tesis que quieren defender es que \u201clo narrativo en bio\u00e9tica no es tan solo una herramienta \u00fatil, no se trata \u00fanicamente de emplear las narraciones y los relatos como m\u00e9todo para logar una mejor relaci\u00f3n cl\u00ednica y una mayor ayuda al paciente sino que, adem\u00e1s, la bio\u00e9tica es una reflexi\u00f3n\u2026 que se enriquece de la perspectiva narrativa y hermen\u00e9utica\u201d.<\/p>\n<p>Construir una bio\u00e9tica narrativa, desde luego, no es un proyecto que se pueda agotar en un solo texto, y conscientes de ello los autores declaran que ofrecen s\u00f3lo algunos hitos para el trazado de este camino. Es importante recordar que los autores llevan varios a\u00f1os dedicados a explorar los rendimientos que la \u00e9tica narrativa tiene en la bio\u00e9tica, tanto desde la perspectiva de la fundamentaci\u00f3n y la metodolog\u00eda como de la ense\u00f1anza y la pr\u00e1ctica cl\u00ednica.<\/p>\n<p>A nuestro juicio, tres son los hitos claves que los autores logran posicionar en este libro: 1) La exposici\u00f3n del amplio panorama de las filosof\u00edas contempor\u00e1neas que han contribuido al giro narrativo, que comprende lo epistemol\u00f3gico, \u00e9tico y antropol\u00f3gico. Este marco hist\u00f3rico permite a los autores justificar la validez de los fundamentos de una bio\u00e9tica narrativa. En este punto merece un especial reconocimiento el tratamiento que hacen de las tesis del fil\u00f3sofo Paul Ricoeur, a quien consideran como el mejor exponente de este giro y, sin duda, quien m\u00e1s influye en la propuesta constructiva de la bio\u00e9tica narrativa de los autores, por la capacidad del pensamiento del fil\u00f3sofo franc\u00e9s de unir el aspecto te\u00f3rico de lo narrativo (experiencia, acci\u00f3n e identidad narrativa) con sus implicaciones pr\u00e1cticas (deliberaci\u00f3n y juicio prudencial). 2) Precisar los alcances y los l\u00edmites de la medicina narrativa, una perspectiva que mediante el uso de las t\u00e9cnicas narrativas mejora el encuentro cl\u00ednico y el tratamiento. Esta perspectiva es enmarcada por los autores dentro de las distintas orientaciones de la \u00e9tica cl\u00ednica narrativa. 3) Construir una bio\u00e9tica narrativa que vaya m\u00e1s all\u00e1 de una \u00e9tica narrativa aplicada \u00fanicamente a lo cl\u00ednico. Lo que significa ampliar la \u00e9tica, desde una perspectiva hermen\u00e9utica, a los problemas que suscita la biomedicina y, en general, a los problemas relacionados con la salud y la vida en nuestras sociedades contempor\u00e1neas, de tal modo que pueda plantearse como leg\u00edtimo paradigma bio\u00e9tico.<\/p>\n<p>Sin duda, lo m\u00e1s interesante de este \u00faltimo punto es el an\u00e1lisis que los autores hacen de la funci\u00f3n constructiva y deliberativa de lo narrativo, que sirve de fundamento del discurso moral y de m\u00e9todo para la toma decisiones prudentes y responsables. Por lo tanto, no reducen lo narrativo exclusivamente a una herramienta para humanizar la relaci\u00f3n cl\u00ednica o para ampliar la ense\u00f1anza de actitudes en la medicina.<\/p>\n<p>Siguiendo la \u00e9tica hermen\u00e9utica de Ricoeur y la bio\u00e9tica de la deliberaci\u00f3n de Diego Gracia, ambas tributarias de la \u00e9tica aristot\u00e9lica, los autores formulan una propuesta de deliberaci\u00f3n narrativa que tiene un alcance metodol\u00f3gico (m\u00e9todo de toma de decisiones para los conflictos morales concretos), y epistemol\u00f3gico (modo de conocimiento y actitud \u00e9tica para alcanzar consensos mediante el di\u00e1logo deliberativo en los sociedades democr\u00e1ticas), lo que permite sentar las bases de una bio\u00e9tica desde el enfoque narrativo.<\/p>\n<p>A lo largo del texto, los lectores pueden apreciar que lo caracter\u00edstico y novedoso de este enfoque est\u00e1 dado por la riqueza de sus rendimientos para la construcci\u00f3n de una bio\u00e9tica en el sentido m\u00e1s propio de una \u00e9tica c\u00edvica y plural. Y no cabe duda que los autores demuestran de un modo convincente que una bio\u00e9tica narrativa puede ir alcanzando un puesto relevante dentro de los paradigmas tradicionales de la bio\u00e9tica, en la medida que justifican sobradamente que a trav\u00e9s de lo narrativo es posible: 1) fundar el discurso moral, equilibrando los fundamentos o principios \u00e9ticos universales con las situaciones concretas vividas y expresadas a trav\u00e9s de los relatos; 2) desarrollar una metodolog\u00eda de deliberaci\u00f3n narrativa para abordar los conflictos morales concretos; 3) justificar los juicios evaluando su razonabilidad en los contextos vividos; 4) educar y formar las competencias narrativas y la sensibilidad moral de los profesionales de la salud en el encuentro cl\u00ednico; 5) mejorar la tarea terap\u00e9utica que cumple el relato del paciente en la relaci\u00f3n cl\u00ednica.<\/p>\n<p><strong>Prof. Alberto Lecaros Urz\u00faa<\/strong><\/p>\n<p>&nbsp;<\/p>\n","protected":false},"excerpt":{"rendered":"<p>De los autores Tom\u00e1s Domingo Moratalla y Lydia Feito, se presentar\u00e1 el 29 de mayo junto al libro \u00abBio\u00e9tica Cl\u00ednica Narrativa\u00bb. El comentario es del profesor Juan Alberto Lecaros.<\/p>\n","protected":false},"author":42,"featured_media":2813,"comment_status":"open","ping_status":"open","sticky":false,"template":"","format":"standard","meta":{"footnotes":""},"categories":[4],"tags":[],"class_list":["post-2799","post","type-post","status-publish","format-standard","has-post-thumbnail","hentry","category-noticias"],"yoast_head":"<!-- This site is optimized with the Yoast SEO plugin v26.9 - https:\/\/yoast.com\/product\/yoast-seo-wordpress\/ -->\n<title>Rese\u00f1a: Bio\u00e9tica Narrativa | Centro de Bio\u00e9tica<\/title>\n<meta name=\"description\" content=\"De los autores Tom\u00e1s Domingo Moratalla y Lydia Feito, se presentar\u00e1 el 29 de mayo junto al libro &quot;Bio\u00e9tica Cl\u00ednica Narrativa&quot;. El comentario es del profesor Juan Alberto Lecaros.\" \/>\n<meta name=\"robots\" content=\"index, follow, max-snippet:-1, max-image-preview:large, max-video-preview:-1\" \/>\n<link rel=\"canonical\" href=\"https:\/\/medicina.udd.cl\/icim\/2014\/05\/05\/resena-bioetica-narrativa\/\" \/>\n<meta property=\"og:locale\" content=\"es_ES\" \/>\n<meta property=\"og:type\" content=\"article\" \/>\n<meta property=\"og:title\" content=\"Rese\u00f1a: Bio\u00e9tica Narrativa | Centro de Bio\u00e9tica\" \/>\n<meta property=\"og:description\" content=\"De los autores Tom\u00e1s Domingo Moratalla y Lydia Feito, se presentar\u00e1 el 29 de mayo junto al libro &quot;Bio\u00e9tica Cl\u00ednica Narrativa&quot;. El comentario es del profesor Juan Alberto Lecaros.\" \/>\n<meta property=\"og:url\" content=\"https:\/\/medicina.udd.cl\/icim\/2014\/05\/05\/resena-bioetica-narrativa\/\" \/>\n<meta property=\"og:site_name\" content=\"ICIM\" \/>\n<meta property=\"article:published_time\" content=\"2014-05-05T14:22:06+00:00\" \/>\n<meta property=\"og:image\" content=\"https:\/\/medicina.udd.cl\/icim\/files\/2014\/05\/Portada-Libro-Bio\u00e9tica-Narrativa.jpg\" \/>\n\t<meta property=\"og:image:width\" content=\"215\" \/>\n\t<meta property=\"og:image:height\" content=\"149\" \/>\n\t<meta property=\"og:image:type\" content=\"image\/jpeg\" \/>\n<meta name=\"twitter:card\" content=\"summary_large_image\" \/>\n<meta name=\"twitter:label1\" content=\"Escrito por\" \/>\n\t<meta name=\"twitter:data1\" content=\"\" \/>\n\t<meta name=\"twitter:label2\" content=\"Tiempo de lectura\" \/>\n\t<meta name=\"twitter:data2\" content=\"5 minutos\" \/>\n<script type=\"application\/ld+json\" class=\"yoast-schema-graph\">{\"@context\":\"https:\/\/schema.org\",\"@graph\":[{\"@type\":\"Article\",\"@id\":\"https:\/\/medicina.udd.cl\/icim\/2014\/05\/05\/resena-bioetica-narrativa\/#article\",\"isPartOf\":{\"@id\":\"https:\/\/medicina.udd.cl\/icim\/2014\/05\/05\/resena-bioetica-narrativa\/\"},\"author\":{\"name\":\"\",\"@id\":\"\"},\"headline\":\"Rese\u00f1a: Bio\u00e9tica Narrativa\",\"datePublished\":\"2014-05-05T14:22:06+00:00\",\"mainEntityOfPage\":{\"@id\":\"https:\/\/medicina.udd.cl\/icim\/2014\/05\/05\/resena-bioetica-narrativa\/\"},\"wordCount\":1012,\"commentCount\":0,\"image\":{\"@id\":\"https:\/\/medicina.udd.cl\/icim\/2014\/05\/05\/resena-bioetica-narrativa\/#primaryimage\"},\"thumbnailUrl\":\"https:\/\/medicina.udd.cl\/icim\/files\/2014\/05\/Portada-Libro-Bio\u00e9tica-Narrativa.jpg\",\"articleSection\":[\"Noticias\"],\"inLanguage\":\"es\",\"potentialAction\":[{\"@type\":\"CommentAction\",\"name\":\"Comment\",\"target\":[\"https:\/\/medicina.udd.cl\/icim\/2014\/05\/05\/resena-bioetica-narrativa\/#respond\"]}]},{\"@type\":\"WebPage\",\"@id\":\"https:\/\/medicina.udd.cl\/icim\/2014\/05\/05\/resena-bioetica-narrativa\/\",\"url\":\"https:\/\/medicina.udd.cl\/icim\/2014\/05\/05\/resena-bioetica-narrativa\/\",\"name\":\"Rese\u00f1a: Bio\u00e9tica Narrativa | Centro de Bio\u00e9tica\",\"isPartOf\":{\"@id\":\"https:\/\/medicina.udd.cl\/icim\/#website\"},\"primaryImageOfPage\":{\"@id\":\"https:\/\/medicina.udd.cl\/icim\/2014\/05\/05\/resena-bioetica-narrativa\/#primaryimage\"},\"image\":{\"@id\":\"https:\/\/medicina.udd.cl\/icim\/2014\/05\/05\/resena-bioetica-narrativa\/#primaryimage\"},\"thumbnailUrl\":\"https:\/\/medicina.udd.cl\/icim\/files\/2014\/05\/Portada-Libro-Bio\u00e9tica-Narrativa.jpg\",\"datePublished\":\"2014-05-05T14:22:06+00:00\",\"author\":{\"@id\":\"\"},\"description\":\"De los autores Tom\u00e1s Domingo Moratalla y Lydia Feito, se presentar\u00e1 el 29 de mayo junto al libro \\\"Bio\u00e9tica Cl\u00ednica Narrativa\\\". El comentario es del profesor Juan Alberto Lecaros.\",\"breadcrumb\":{\"@id\":\"https:\/\/medicina.udd.cl\/icim\/2014\/05\/05\/resena-bioetica-narrativa\/#breadcrumb\"},\"inLanguage\":\"es\",\"potentialAction\":[{\"@type\":\"ReadAction\",\"target\":[\"https:\/\/medicina.udd.cl\/icim\/2014\/05\/05\/resena-bioetica-narrativa\/\"]}]},{\"@type\":\"ImageObject\",\"inLanguage\":\"es\",\"@id\":\"https:\/\/medicina.udd.cl\/icim\/2014\/05\/05\/resena-bioetica-narrativa\/#primaryimage\",\"url\":\"https:\/\/medicina.udd.cl\/icim\/files\/2014\/05\/Portada-Libro-Bio\u00e9tica-Narrativa.jpg\",\"contentUrl\":\"https:\/\/medicina.udd.cl\/icim\/files\/2014\/05\/Portada-Libro-Bio\u00e9tica-Narrativa.jpg\",\"width\":215,\"height\":149},{\"@type\":\"BreadcrumbList\",\"@id\":\"https:\/\/medicina.udd.cl\/icim\/2014\/05\/05\/resena-bioetica-narrativa\/#breadcrumb\",\"itemListElement\":[{\"@type\":\"ListItem\",\"position\":1,\"name\":\"Inicio\",\"item\":\"https:\/\/medicina.udd.cl\/icim\/\"},{\"@type\":\"ListItem\",\"position\":2,\"name\":\"Rese\u00f1a: Bio\u00e9tica Narrativa\"}]},{\"@type\":\"WebSite\",\"@id\":\"https:\/\/medicina.udd.cl\/icim\/#website\",\"url\":\"https:\/\/medicina.udd.cl\/icim\/\",\"name\":\"ICIM\",\"description\":\"Una iniciativa de Universidad del Desarrollo y Cl\u00ednica Alemana\",\"inLanguage\":\"es\"},{\"@type\":\"Person\",\"@id\":\"\",\"url\":\"https:\/\/medicina.udd.cl\/icim\/author\/\"}]}<\/script>\n<!-- \/ Yoast SEO plugin. -->","yoast_head_json":{"title":"Rese\u00f1a: Bio\u00e9tica Narrativa | Centro de Bio\u00e9tica","description":"De los autores Tom\u00e1s Domingo Moratalla y Lydia Feito, se presentar\u00e1 el 29 de mayo junto al libro \"Bio\u00e9tica Cl\u00ednica Narrativa\". El comentario es del profesor Juan Alberto Lecaros.","robots":{"index":"index","follow":"follow","max-snippet":"max-snippet:-1","max-image-preview":"max-image-preview:large","max-video-preview":"max-video-preview:-1"},"canonical":"https:\/\/medicina.udd.cl\/icim\/2014\/05\/05\/resena-bioetica-narrativa\/","og_locale":"es_ES","og_type":"article","og_title":"Rese\u00f1a: Bio\u00e9tica Narrativa | Centro de Bio\u00e9tica","og_description":"De los autores Tom\u00e1s Domingo Moratalla y Lydia Feito, se presentar\u00e1 el 29 de mayo junto al libro \"Bio\u00e9tica Cl\u00ednica Narrativa\". El comentario es del profesor Juan Alberto Lecaros.","og_url":"https:\/\/medicina.udd.cl\/icim\/2014\/05\/05\/resena-bioetica-narrativa\/","og_site_name":"ICIM","article_published_time":"2014-05-05T14:22:06+00:00","og_image":[{"width":215,"height":149,"url":"https:\/\/medicina.udd.cl\/icim\/files\/2014\/05\/Portada-Libro-Bio\u00e9tica-Narrativa.jpg","type":"image\/jpeg"}],"twitter_card":"summary_large_image","twitter_misc":{"Escrito por":"","Tiempo de lectura":"5 minutos"},"schema":{"@context":"https:\/\/schema.org","@graph":[{"@type":"Article","@id":"https:\/\/medicina.udd.cl\/icim\/2014\/05\/05\/resena-bioetica-narrativa\/#article","isPartOf":{"@id":"https:\/\/medicina.udd.cl\/icim\/2014\/05\/05\/resena-bioetica-narrativa\/"},"author":{"name":"","@id":""},"headline":"Rese\u00f1a: Bio\u00e9tica Narrativa","datePublished":"2014-05-05T14:22:06+00:00","mainEntityOfPage":{"@id":"https:\/\/medicina.udd.cl\/icim\/2014\/05\/05\/resena-bioetica-narrativa\/"},"wordCount":1012,"commentCount":0,"image":{"@id":"https:\/\/medicina.udd.cl\/icim\/2014\/05\/05\/resena-bioetica-narrativa\/#primaryimage"},"thumbnailUrl":"https:\/\/medicina.udd.cl\/icim\/files\/2014\/05\/Portada-Libro-Bio\u00e9tica-Narrativa.jpg","articleSection":["Noticias"],"inLanguage":"es","potentialAction":[{"@type":"CommentAction","name":"Comment","target":["https:\/\/medicina.udd.cl\/icim\/2014\/05\/05\/resena-bioetica-narrativa\/#respond"]}]},{"@type":"WebPage","@id":"https:\/\/medicina.udd.cl\/icim\/2014\/05\/05\/resena-bioetica-narrativa\/","url":"https:\/\/medicina.udd.cl\/icim\/2014\/05\/05\/resena-bioetica-narrativa\/","name":"Rese\u00f1a: Bio\u00e9tica Narrativa | Centro de Bio\u00e9tica","isPartOf":{"@id":"https:\/\/medicina.udd.cl\/icim\/#website"},"primaryImageOfPage":{"@id":"https:\/\/medicina.udd.cl\/icim\/2014\/05\/05\/resena-bioetica-narrativa\/#primaryimage"},"image":{"@id":"https:\/\/medicina.udd.cl\/icim\/2014\/05\/05\/resena-bioetica-narrativa\/#primaryimage"},"thumbnailUrl":"https:\/\/medicina.udd.cl\/icim\/files\/2014\/05\/Portada-Libro-Bio\u00e9tica-Narrativa.jpg","datePublished":"2014-05-05T14:22:06+00:00","author":{"@id":""},"description":"De los autores Tom\u00e1s Domingo Moratalla y Lydia Feito, se presentar\u00e1 el 29 de mayo junto al libro \"Bio\u00e9tica Cl\u00ednica Narrativa\". El comentario es del profesor Juan Alberto Lecaros.","breadcrumb":{"@id":"https:\/\/medicina.udd.cl\/icim\/2014\/05\/05\/resena-bioetica-narrativa\/#breadcrumb"},"inLanguage":"es","potentialAction":[{"@type":"ReadAction","target":["https:\/\/medicina.udd.cl\/icim\/2014\/05\/05\/resena-bioetica-narrativa\/"]}]},{"@type":"ImageObject","inLanguage":"es","@id":"https:\/\/medicina.udd.cl\/icim\/2014\/05\/05\/resena-bioetica-narrativa\/#primaryimage","url":"https:\/\/medicina.udd.cl\/icim\/files\/2014\/05\/Portada-Libro-Bio\u00e9tica-Narrativa.jpg","contentUrl":"https:\/\/medicina.udd.cl\/icim\/files\/2014\/05\/Portada-Libro-Bio\u00e9tica-Narrativa.jpg","width":215,"height":149},{"@type":"BreadcrumbList","@id":"https:\/\/medicina.udd.cl\/icim\/2014\/05\/05\/resena-bioetica-narrativa\/#breadcrumb","itemListElement":[{"@type":"ListItem","position":1,"name":"Inicio","item":"https:\/\/medicina.udd.cl\/icim\/"},{"@type":"ListItem","position":2,"name":"Rese\u00f1a: Bio\u00e9tica Narrativa"}]},{"@type":"WebSite","@id":"https:\/\/medicina.udd.cl\/icim\/#website","url":"https:\/\/medicina.udd.cl\/icim\/","name":"ICIM","description":"Una iniciativa de Universidad del Desarrollo y Cl\u00ednica Alemana","inLanguage":"es"},{"@type":"Person","@id":"","url":"https:\/\/medicina.udd.cl\/icim\/author\/"}]}},"featured_image_url":"https:\/\/medicina.udd.cl\/icim\/files\/2014\/05\/Portada-Libro-Bio\u00e9tica-Narrativa.jpg","_links":{"self":[{"href":"https:\/\/medicina.udd.cl\/icim\/wp-json\/wp\/v2\/posts\/2799","targetHints":{"allow":["GET"]}}],"collection":[{"href":"https:\/\/medicina.udd.cl\/icim\/wp-json\/wp\/v2\/posts"}],"about":[{"href":"https:\/\/medicina.udd.cl\/icim\/wp-json\/wp\/v2\/types\/post"}],"author":[{"embeddable":true,"href":"https:\/\/medicina.udd.cl\/icim\/wp-json\/wp\/v2\/users\/42"}],"replies":[{"embeddable":true,"href":"https:\/\/medicina.udd.cl\/icim\/wp-json\/wp\/v2\/comments?post=2799"}],"version-history":[{"count":0,"href":"https:\/\/medicina.udd.cl\/icim\/wp-json\/wp\/v2\/posts\/2799\/revisions"}],"wp:featuredmedia":[{"embeddable":true,"href":"https:\/\/medicina.udd.cl\/icim\/wp-json\/wp\/v2\/media\/2813"}],"wp:attachment":[{"href":"https:\/\/medicina.udd.cl\/icim\/wp-json\/wp\/v2\/media?parent=2799"}],"wp:term":[{"taxonomy":"category","embeddable":true,"href":"https:\/\/medicina.udd.cl\/icim\/wp-json\/wp\/v2\/categories?post=2799"},{"taxonomy":"post_tag","embeddable":true,"href":"https:\/\/medicina.udd.cl\/icim\/wp-json\/wp\/v2\/tags?post=2799"}],"curies":[{"name":"wp","href":"https:\/\/api.w.org\/{rel}","templated":true}]}}