{"id":4161,"date":"2016-11-11T15:09:21","date_gmt":"2016-11-11T15:09:21","guid":{"rendered":"http:\/\/medicina.udd.cl\/icim\/?p=4161"},"modified":"2016-12-14T15:47:24","modified_gmt":"2016-12-14T15:47:24","slug":"con-exito-se-realizo-segunda-feria-de-ciencias-e-innovacion","status":"publish","type":"post","link":"https:\/\/medicina.udd.cl\/icim\/2016\/11\/11\/con-exito-se-realizo-segunda-feria-de-ciencias-e-innovacion\/","title":{"rendered":"Con \u00e9xito se realiz\u00f3 segunda feria de ciencias e innovaci\u00f3n"},"content":{"rendered":"<div id=\"gallery-1\" class=\"carousel slide carousel-gallery\" data-ride=\"false\" data-interval=\"false\"><div class=\"carousel-inner\" role=\"listbox\"><figure class=\"carousel-item active\"><img loading=\"lazy\" decoding=\"async\" width=\"635\" height=\"450\" src=\"https:\/\/medicina.udd.cl\/icim\/files\/2016\/11\/Feria-Ciencias-e-Innovaci\u00f3n-2016-13-440x245.jpg\" class=\"attachment-landscape_952 size-landscape_952 lazyload\" alt=\"\" sizes=\"auto, (max-width: 635px) 100vw, 635px\" data-src=\"https:\/\/medicina.udd.cl\/icim\/files\/2016\/11\/Feria-Ciencias-e-Innovaci\u00f3n-2016-13.jpg\" data-srcset=\"https:\/\/medicina.udd.cl\/icim\/files\/2016\/11\/Feria-Ciencias-e-Innovaci\u00f3n-2016-13.jpg 635w, https:\/\/medicina.udd.cl\/icim\/files\/2016\/11\/Feria-Ciencias-e-Innovaci\u00f3n-2016-13-300x213.jpg 300w, https:\/\/medicina.udd.cl\/icim\/files\/2016\/11\/Feria-Ciencias-e-Innovaci\u00f3n-2016-13-316x224.jpg 316w, https:\/\/medicina.udd.cl\/icim\/files\/2016\/11\/Feria-Ciencias-e-Innovaci\u00f3n-2016-13-87x62.jpg 87w\" \/><\/figure><figure class=\"carousel-item\"><img loading=\"lazy\" decoding=\"async\" width=\"577\" height=\"450\" src=\"https:\/\/medicina.udd.cl\/icim\/files\/2016\/11\/Feria-Ciencias-e-Innovaci\u00f3n-2016-12-440x245.jpg\" class=\"attachment-landscape_952 size-landscape_952 lazyload\" alt=\"\" sizes=\"auto, (max-width: 577px) 100vw, 577px\" data-src=\"https:\/\/medicina.udd.cl\/icim\/files\/2016\/11\/Feria-Ciencias-e-Innovaci\u00f3n-2016-12.jpg\" data-srcset=\"https:\/\/medicina.udd.cl\/icim\/files\/2016\/11\/Feria-Ciencias-e-Innovaci\u00f3n-2016-12.jpg 577w, https:\/\/medicina.udd.cl\/icim\/files\/2016\/11\/Feria-Ciencias-e-Innovaci\u00f3n-2016-12-300x234.jpg 300w\" \/><\/figure><figure class=\"carousel-item\"><img loading=\"lazy\" decoding=\"async\" width=\"597\" height=\"450\" src=\"https:\/\/medicina.udd.cl\/icim\/files\/2016\/11\/Feria-Ciencias-e-Innovaci\u00f3n-2016-14-440x245.jpg\" class=\"attachment-landscape_952 size-landscape_952 lazyload\" alt=\"\" sizes=\"auto, (max-width: 597px) 100vw, 597px\" data-src=\"https:\/\/medicina.udd.cl\/icim\/files\/2016\/11\/Feria-Ciencias-e-Innovaci\u00f3n-2016-14.jpg\" data-srcset=\"https:\/\/medicina.udd.cl\/icim\/files\/2016\/11\/Feria-Ciencias-e-Innovaci\u00f3n-2016-14.jpg 597w, https:\/\/medicina.udd.cl\/icim\/files\/2016\/11\/Feria-Ciencias-e-Innovaci\u00f3n-2016-14-300x226.jpg 300w\" \/><\/figure><figure class=\"carousel-item\"><img loading=\"lazy\" decoding=\"async\" width=\"631\" height=\"450\" src=\"https:\/\/medicina.udd.cl\/icim\/files\/2016\/11\/Feria-Ciencias-e-Innovaci\u00f3n-2016-16-440x245.jpg\" class=\"attachment-landscape_952 size-landscape_952 lazyload\" alt=\"\" sizes=\"auto, (max-width: 631px) 100vw, 631px\" data-src=\"https:\/\/medicina.udd.cl\/icim\/files\/2016\/11\/Feria-Ciencias-e-Innovaci\u00f3n-2016-16.jpg\" data-srcset=\"https:\/\/medicina.udd.cl\/icim\/files\/2016\/11\/Feria-Ciencias-e-Innovaci\u00f3n-2016-16.jpg 631w, https:\/\/medicina.udd.cl\/icim\/files\/2016\/11\/Feria-Ciencias-e-Innovaci\u00f3n-2016-16-300x214.jpg 300w, https:\/\/medicina.udd.cl\/icim\/files\/2016\/11\/Feria-Ciencias-e-Innovaci\u00f3n-2016-16-316x224.jpg 316w, https:\/\/medicina.udd.cl\/icim\/files\/2016\/11\/Feria-Ciencias-e-Innovaci\u00f3n-2016-16-286x205.jpg 286w, https:\/\/medicina.udd.cl\/icim\/files\/2016\/11\/Feria-Ciencias-e-Innovaci\u00f3n-2016-16-87x62.jpg 87w\" \/><\/figure><figure class=\"carousel-item\"><img loading=\"lazy\" decoding=\"async\" width=\"680\" height=\"450\" src=\"https:\/\/medicina.udd.cl\/icim\/files\/2016\/11\/Feria-Ciencias-e-Innovaci\u00f3n-2016-15-440x245.jpg\" class=\"attachment-landscape_952 size-landscape_952 lazyload\" alt=\"\" sizes=\"auto, (max-width: 680px) 100vw, 680px\" data-src=\"https:\/\/medicina.udd.cl\/icim\/files\/2016\/11\/Feria-Ciencias-e-Innovaci\u00f3n-2016-15.jpg\" data-srcset=\"https:\/\/medicina.udd.cl\/icim\/files\/2016\/11\/Feria-Ciencias-e-Innovaci\u00f3n-2016-15.jpg 680w, https:\/\/medicina.udd.cl\/icim\/files\/2016\/11\/Feria-Ciencias-e-Innovaci\u00f3n-2016-15-300x199.jpg 300w\" \/><\/figure><figure class=\"carousel-item\"><img loading=\"lazy\" decoding=\"async\" width=\"535\" height=\"405\" src=\"https:\/\/medicina.udd.cl\/icim\/files\/2016\/11\/Feria-Ciencias-e-Innovaci\u00f3n-2016-18-440x245.jpg\" class=\"attachment-landscape_952 size-landscape_952 lazyload\" alt=\"\" sizes=\"auto, (max-width: 535px) 100vw, 535px\" data-src=\"https:\/\/medicina.udd.cl\/icim\/files\/2016\/11\/Feria-Ciencias-e-Innovaci\u00f3n-2016-18.jpg\" data-srcset=\"https:\/\/medicina.udd.cl\/icim\/files\/2016\/11\/Feria-Ciencias-e-Innovaci\u00f3n-2016-18.jpg 535w, https:\/\/medicina.udd.cl\/icim\/files\/2016\/11\/Feria-Ciencias-e-Innovaci\u00f3n-2016-18-300x227.jpg 300w\" \/><\/figure><figure class=\"carousel-item\"><img loading=\"lazy\" decoding=\"async\" width=\"594\" height=\"450\" src=\"https:\/\/medicina.udd.cl\/icim\/files\/2016\/11\/Feria-Ciencias-e-Innovaci\u00f3n-2016-17-440x245.jpg\" class=\"attachment-landscape_952 size-landscape_952 lazyload\" alt=\"\" sizes=\"auto, (max-width: 594px) 100vw, 594px\" data-src=\"https:\/\/medicina.udd.cl\/icim\/files\/2016\/11\/Feria-Ciencias-e-Innovaci\u00f3n-2016-17.jpg\" data-srcset=\"https:\/\/medicina.udd.cl\/icim\/files\/2016\/11\/Feria-Ciencias-e-Innovaci\u00f3n-2016-17.jpg 594w, https:\/\/medicina.udd.cl\/icim\/files\/2016\/11\/Feria-Ciencias-e-Innovaci\u00f3n-2016-17-300x227.jpg 300w\" \/><\/figure><figure class=\"carousel-item\"><img loading=\"lazy\" decoding=\"async\" width=\"617\" height=\"450\" src=\"https:\/\/medicina.udd.cl\/icim\/files\/2016\/11\/Feria-Ciencias-e-Innovaci\u00f3n-2016-19-440x245.jpg\" class=\"attachment-landscape_952 size-landscape_952 lazyload\" alt=\"\" sizes=\"auto, (max-width: 617px) 100vw, 617px\" data-src=\"https:\/\/medicina.udd.cl\/icim\/files\/2016\/11\/Feria-Ciencias-e-Innovaci\u00f3n-2016-19.jpg\" data-srcset=\"https:\/\/medicina.udd.cl\/icim\/files\/2016\/11\/Feria-Ciencias-e-Innovaci\u00f3n-2016-19.jpg 617w, https:\/\/medicina.udd.cl\/icim\/files\/2016\/11\/Feria-Ciencias-e-Innovaci\u00f3n-2016-19-300x219.jpg 300w, https:\/\/medicina.udd.cl\/icim\/files\/2016\/11\/Feria-Ciencias-e-Innovaci\u00f3n-2016-19-87x62.jpg 87w\" \/><\/figure><figure class=\"carousel-item\"><img loading=\"lazy\" decoding=\"async\" width=\"631\" height=\"450\" src=\"https:\/\/medicina.udd.cl\/icim\/files\/2016\/11\/Feria-Ciencias-e-Innovaci\u00f3n-2016-1-440x245.jpg\" class=\"attachment-landscape_952 size-landscape_952 lazyload\" alt=\"\" sizes=\"auto, (max-width: 631px) 100vw, 631px\" data-src=\"https:\/\/medicina.udd.cl\/icim\/files\/2016\/11\/Feria-Ciencias-e-Innovaci\u00f3n-2016-1.jpg\" data-srcset=\"https:\/\/medicina.udd.cl\/icim\/files\/2016\/11\/Feria-Ciencias-e-Innovaci\u00f3n-2016-1.jpg 631w, https:\/\/medicina.udd.cl\/icim\/files\/2016\/11\/Feria-Ciencias-e-Innovaci\u00f3n-2016-1-300x214.jpg 300w, https:\/\/medicina.udd.cl\/icim\/files\/2016\/11\/Feria-Ciencias-e-Innovaci\u00f3n-2016-1-316x224.jpg 316w, https:\/\/medicina.udd.cl\/icim\/files\/2016\/11\/Feria-Ciencias-e-Innovaci\u00f3n-2016-1-286x205.jpg 286w, https:\/\/medicina.udd.cl\/icim\/files\/2016\/11\/Feria-Ciencias-e-Innovaci\u00f3n-2016-1-87x62.jpg 87w\" \/><\/figure><figure class=\"carousel-item\"><img loading=\"lazy\" decoding=\"async\" width=\"636\" height=\"450\" src=\"https:\/\/medicina.udd.cl\/icim\/files\/2016\/11\/Feria-Ciencias-e-Innovaci\u00f3n-2016-2-440x245.jpg\" class=\"attachment-landscape_952 size-landscape_952 lazyload\" alt=\"\" sizes=\"auto, (max-width: 636px) 100vw, 636px\" data-src=\"https:\/\/medicina.udd.cl\/icim\/files\/2016\/11\/Feria-Ciencias-e-Innovaci\u00f3n-2016-2.jpg\" data-srcset=\"https:\/\/medicina.udd.cl\/icim\/files\/2016\/11\/Feria-Ciencias-e-Innovaci\u00f3n-2016-2.jpg 636w, https:\/\/medicina.udd.cl\/icim\/files\/2016\/11\/Feria-Ciencias-e-Innovaci\u00f3n-2016-2-300x212.jpg 300w, https:\/\/medicina.udd.cl\/icim\/files\/2016\/11\/Feria-Ciencias-e-Innovaci\u00f3n-2016-2-316x224.jpg 316w, https:\/\/medicina.udd.cl\/icim\/files\/2016\/11\/Feria-Ciencias-e-Innovaci\u00f3n-2016-2-87x62.jpg 87w\" \/><\/figure><figure class=\"carousel-item\"><img loading=\"lazy\" decoding=\"async\" width=\"586\" height=\"450\" src=\"https:\/\/medicina.udd.cl\/icim\/files\/2016\/11\/Feria-Ciencias-e-Innovaci\u00f3n-2016-3-440x245.jpg\" class=\"attachment-landscape_952 size-landscape_952 lazyload\" alt=\"\" sizes=\"auto, (max-width: 586px) 100vw, 586px\" data-src=\"https:\/\/medicina.udd.cl\/icim\/files\/2016\/11\/Feria-Ciencias-e-Innovaci\u00f3n-2016-3.jpg\" data-srcset=\"https:\/\/medicina.udd.cl\/icim\/files\/2016\/11\/Feria-Ciencias-e-Innovaci\u00f3n-2016-3.jpg 586w, https:\/\/medicina.udd.cl\/icim\/files\/2016\/11\/Feria-Ciencias-e-Innovaci\u00f3n-2016-3-300x230.jpg 300w, https:\/\/medicina.udd.cl\/icim\/files\/2016\/11\/Feria-Ciencias-e-Innovaci\u00f3n-2016-3-182x140.jpg 182w\" \/><\/figure><figure class=\"carousel-item\"><img loading=\"lazy\" decoding=\"async\" width=\"611\" height=\"450\" src=\"https:\/\/medicina.udd.cl\/icim\/files\/2016\/11\/Feria-Ciencias-e-Innovaci\u00f3n-2016-4-440x245.jpg\" class=\"attachment-landscape_952 size-landscape_952 lazyload\" alt=\"\" sizes=\"auto, (max-width: 611px) 100vw, 611px\" data-src=\"https:\/\/medicina.udd.cl\/icim\/files\/2016\/11\/Feria-Ciencias-e-Innovaci\u00f3n-2016-4.jpg\" data-srcset=\"https:\/\/medicina.udd.cl\/icim\/files\/2016\/11\/Feria-Ciencias-e-Innovaci\u00f3n-2016-4.jpg 611w, https:\/\/medicina.udd.cl\/icim\/files\/2016\/11\/Feria-Ciencias-e-Innovaci\u00f3n-2016-4-300x221.jpg 300w\" \/><\/figure><figure class=\"carousel-item\"><img loading=\"lazy\" decoding=\"async\" width=\"596\" height=\"450\" src=\"https:\/\/medicina.udd.cl\/icim\/files\/2016\/11\/Feria-Ciencias-e-Innovaci\u00f3n-2016-1-440x245.jpeg\" class=\"attachment-landscape_952 size-landscape_952 lazyload\" alt=\"\" sizes=\"auto, (max-width: 596px) 100vw, 596px\" data-src=\"https:\/\/medicina.udd.cl\/icim\/files\/2016\/11\/Feria-Ciencias-e-Innovaci\u00f3n-2016-1.jpeg\" data-srcset=\"https:\/\/medicina.udd.cl\/icim\/files\/2016\/11\/Feria-Ciencias-e-Innovaci\u00f3n-2016-1.jpeg 596w, https:\/\/medicina.udd.cl\/icim\/files\/2016\/11\/Feria-Ciencias-e-Innovaci\u00f3n-2016-1-300x227.jpeg 300w\" \/><\/figure><figure class=\"carousel-item\"><img loading=\"lazy\" decoding=\"async\" width=\"675\" height=\"450\" src=\"https:\/\/medicina.udd.cl\/icim\/files\/2016\/11\/Feria-Ciencias-e-Innovaci\u00f3n-2016-5-440x245.jpg\" class=\"attachment-landscape_952 size-landscape_952 lazyload\" alt=\"\" sizes=\"auto, (max-width: 675px) 100vw, 675px\" data-src=\"https:\/\/medicina.udd.cl\/icim\/files\/2016\/11\/Feria-Ciencias-e-Innovaci\u00f3n-2016-5.jpg\" data-srcset=\"https:\/\/medicina.udd.cl\/icim\/files\/2016\/11\/Feria-Ciencias-e-Innovaci\u00f3n-2016-5.jpg 675w, https:\/\/medicina.udd.cl\/icim\/files\/2016\/11\/Feria-Ciencias-e-Innovaci\u00f3n-2016-5-300x200.jpg 300w\" \/><\/figure><figure class=\"carousel-item\"><img loading=\"lazy\" decoding=\"async\" width=\"633\" height=\"450\" src=\"https:\/\/medicina.udd.cl\/icim\/files\/2016\/11\/Feria-Ciencias-e-Innovaci\u00f3n-2016-7-440x245.jpg\" class=\"attachment-landscape_952 size-landscape_952 lazyload\" alt=\"\" sizes=\"auto, (max-width: 633px) 100vw, 633px\" data-src=\"https:\/\/medicina.udd.cl\/icim\/files\/2016\/11\/Feria-Ciencias-e-Innovaci\u00f3n-2016-7.jpg\" data-srcset=\"https:\/\/medicina.udd.cl\/icim\/files\/2016\/11\/Feria-Ciencias-e-Innovaci\u00f3n-2016-7.jpg 633w, https:\/\/medicina.udd.cl\/icim\/files\/2016\/11\/Feria-Ciencias-e-Innovaci\u00f3n-2016-7-300x213.jpg 300w, https:\/\/medicina.udd.cl\/icim\/files\/2016\/11\/Feria-Ciencias-e-Innovaci\u00f3n-2016-7-316x224.jpg 316w, https:\/\/medicina.udd.cl\/icim\/files\/2016\/11\/Feria-Ciencias-e-Innovaci\u00f3n-2016-7-87x62.jpg 87w\" \/><\/figure><figure class=\"carousel-item\"><img loading=\"lazy\" decoding=\"async\" width=\"722\" height=\"450\" src=\"https:\/\/medicina.udd.cl\/icim\/files\/2016\/11\/Feria-Ciencias-e-Innovaci\u00f3n-2016-8-440x245.jpg\" class=\"attachment-landscape_952 size-landscape_952 lazyload\" alt=\"\" sizes=\"auto, (max-width: 722px) 100vw, 722px\" data-src=\"https:\/\/medicina.udd.cl\/icim\/files\/2016\/11\/Feria-Ciencias-e-Innovaci\u00f3n-2016-8.jpg\" data-srcset=\"https:\/\/medicina.udd.cl\/icim\/files\/2016\/11\/Feria-Ciencias-e-Innovaci\u00f3n-2016-8.jpg 722w, https:\/\/medicina.udd.cl\/icim\/files\/2016\/11\/Feria-Ciencias-e-Innovaci\u00f3n-2016-8-300x187.jpg 300w\" \/><\/figure><figure class=\"carousel-item\"><img loading=\"lazy\" decoding=\"async\" width=\"556\" height=\"450\" src=\"https:\/\/medicina.udd.cl\/icim\/files\/2016\/11\/Feria-de-Ciencias-e-Innovaci\u00f3n-en-Medicina-21-440x245.jpg\" class=\"attachment-landscape_952 size-landscape_952 lazyload\" alt=\"\" sizes=\"auto, (max-width: 556px) 100vw, 556px\" data-src=\"https:\/\/medicina.udd.cl\/icim\/files\/2016\/11\/Feria-de-Ciencias-e-Innovaci\u00f3n-en-Medicina-21.jpg\" data-srcset=\"https:\/\/medicina.udd.cl\/icim\/files\/2016\/11\/Feria-de-Ciencias-e-Innovaci\u00f3n-en-Medicina-21.jpg 556w, https:\/\/medicina.udd.cl\/icim\/files\/2016\/11\/Feria-de-Ciencias-e-Innovaci\u00f3n-en-Medicina-21-300x243.jpg 300w\" \/><\/figure><figure class=\"carousel-item\"><img loading=\"lazy\" decoding=\"async\" width=\"605\" height=\"450\" src=\"https:\/\/medicina.udd.cl\/icim\/files\/2016\/11\/Feria-Ciencias-e-Innovaci\u00f3n-2016-20-440x245.jpg\" class=\"attachment-landscape_952 size-landscape_952 lazyload\" alt=\"\" sizes=\"auto, (max-width: 605px) 100vw, 605px\" data-src=\"https:\/\/medicina.udd.cl\/icim\/files\/2016\/11\/Feria-Ciencias-e-Innovaci\u00f3n-2016-20.jpg\" data-srcset=\"https:\/\/medicina.udd.cl\/icim\/files\/2016\/11\/Feria-Ciencias-e-Innovaci\u00f3n-2016-20.jpg 605w, https:\/\/medicina.udd.cl\/icim\/files\/2016\/11\/Feria-Ciencias-e-Innovaci\u00f3n-2016-20-300x223.jpg 300w\" \/><\/figure><\/div><footer class=\"carousel-footer\"><div class=\"carousel-counter\"><span class=\"carousel-counter-current\"><\/span> \/ <span class=\"carousel-counter-total\"><\/span><\/div><a class=\"carousel-control-prev\" href=\"#gallery-1\" role=\"button\" data-slide=\"prev\"><svg aria-hidden=\"true\" class=\"svg-chevron-left-dims\"><use xlink:href='https:\/\/medicina.udd.cl\/icim\/wp-content\/themes\/facultades-2018\/assets\/img\/svg\/dist\/main.svg?version=1695853099#chevron-left'><\/use><\/svg><span class=\"sr-only\">Anterior<\/span><\/a><a class=\"carousel-control-next\" href=\"#gallery-1\" role=\"button\" data-slide=\"next\"><svg aria-hidden=\"true\" class=\"svg-chevron-right-dims\"><use xlink:href='https:\/\/medicina.udd.cl\/icim\/wp-content\/themes\/facultades-2018\/assets\/img\/svg\/dist\/main.svg?version=1695853099#chevron-right'><\/use><\/svg><span class=\"sr-only\">Siguiente<\/span><\/a><\/footer><\/div>\n<p style=\"text-align: justify;\">\u201cCon esta actividad, los alumnos est\u00e1n demostrando su compromiso con nuestro sello de responsabilidad p\u00fablica y la alta valoraci\u00f3n de contribuir con soluciones creativas y concretas a la comunidad, conscientes sobre el rol que debemos cumplir en la sociedad y los aportes profesionales que debemos realizar para integrar a todas las personas con necesidades especiales (\u2026) Alumnos de Medicina, los felicito de todo coraz\u00f3n por esta gran iniciativa de acercar a los alumnos a la investigaci\u00f3n cient\u00edfica y a la innovaci\u00f3n, adem\u00e1s por promover la investigaci\u00f3n multidisciplinaria\u201d.<\/p>\n<p style=\"text-align: justify;\">Con estas palabras, el rector de la Universidad del Desarrollo, Federico Vald\u00e9s, dio por inaugurada la Feria de Ciencias e Innovaci\u00f3n 2016, actividad organizada por la Academia Cient\u00edfica de Estudiantes de Medicina (ACEM CAS-UDD), con el objetivo de mostrar a la comunidad acad\u00e9mica y estudiantil la investigaci\u00f3n e innovaciones que se est\u00e1n llevando a cabo en nuestra casa de estudios, adem\u00e1s de generar contacto y un trabajo colaborativo entre los investigadores y estudiantes.<\/p>\n<p style=\"text-align: justify;\">La feria comenz\u00f3 con el simposio \u201cCiencia e Innovaci\u00f3n en Discapacidad: Desaf\u00edo en Chile\u201d, tem\u00e1tica que fue abordada por los expositores Eladio Recabarren, jefe del Departamento de Pol\u00edticas y Coordinaci\u00f3n Intersectorial del Servicio Nacional de Discapacidad; Andrea Boudeguer, directora ejecutiva de BAU Accesibilidad; Macarena Hirmas, investigadora del Centro de Epidemiolog\u00eda y Pol\u00edticas de Salud UDD; y Claudia Dur\u00e1n,\u00a0especialista en las enfermedades del\u00a0Alzheimer, de la Universidad de Chile.<\/p>\n<p style=\"text-align: justify;\">A su vez, se realiz\u00f3 un panel de discusi\u00f3n dirigido por la directora de iCono UDD, Nancy P\u00e9rez, donde se expusieron los proyectos de innovaci\u00f3n \u201cLazarillo\u201d, una aplicaci\u00f3n para personas ciegas o con poca visi\u00f3n, presentada por Ren\u00e9 Espinoza, emprendedor de la Universidad de Chile; y el desarrollo de un brazalete sensor para personas no videntes, trabajo expuesto por la alumna de Dise\u00f1o UDD Javiera de la Fuente.<\/p>\n<p style=\"text-align: justify;\">La actividad finaliz\u00f3 con una gran exposici\u00f3n realizada en el Patio de Aulas del campus Rector Ernesto Silva Bafalluy, instancia que permiti\u00f3 presentar a la comunidad universitaria cerca de 70 posters de estudios e investigaciones que est\u00e1n llevando a cabo docentes y alumnos de las distintas facultades la UDD.<\/p>\n<p style=\"text-align: justify;\">En la ocasi\u00f3n, a su vez, las vicerrector\u00edas de Investigaci\u00f3n y Doctorados y de Innovaci\u00f3n y Desarrollo, entregaron un reconocimiento a la directiva de la ACEM CAS-UDD, por su notable capacidad de emprendimiento y como un est\u00edmulo al esfuerzo de la realizaci\u00f3n de esta feria.<\/p>\n<p style=\"text-align: justify;\">Claudia L\u00f3pez, presidenta de la Academia Cient\u00edfica de Estudiantes de Medicina, cuenta que \u201cestamos muy contentos con los resultados, pues logramos nuestro objetivo de generar una instancia multidisciplinaria y de colaboraci\u00f3n entre todos los investigadores de la UDD\u201d.<\/p>\n<p style=\"text-align: justify;\">A su vez, agradeci\u00f3 el apoyo brindado por el Instituto de Ciencias e Innovaci\u00f3n en Medicina (ICIM), las vicerrector\u00edas de Investigaci\u00f3n y Doctorados y de Innovaci\u00f3n y Desarrollo, la Direcci\u00f3n de Desarrollo Tecnol\u00f3gico iCono UDD, y manifest\u00f3 que como Academia esperan que esta feria se consolide y siga desarroll\u00e1ndose durante los pr\u00f3ximos a\u00f1os.<\/p>\n<p style=\"text-align: justify;\"><strong>Ver video:<\/strong><\/p>\n<p><iframe loading=\"lazy\" title=\"Revive la Feria de Ciencias e Innovaci\u00f3n UDD 2016\" width=\"500\" height=\"281\" src=\"https:\/\/www.youtube.com\/embed\/pZL-64zCez0?feature=oembed\" frameborder=\"0\" allow=\"accelerometer; autoplay; clipboard-write; encrypted-media; gyroscope; picture-in-picture; web-share\" referrerpolicy=\"strict-origin-when-cross-origin\" allowfullscreen><\/iframe><\/p>\n","protected":false},"excerpt":{"rendered":"<p>Organizada por la Academia Cient\u00edfica de Estudiantes de Medicina (ACEM CAS-UDD), la actividad tuvo como objetivo mostrar a la comunidad acad\u00e9mica y estudiantil la investigaci\u00f3n que se est\u00e1 llevando a cabo en las distintas facultades de la Universidad del Desarrollo.<\/p>\n","protected":false},"author":42,"featured_media":4167,"comment_status":"open","ping_status":"open","sticky":false,"template":"","format":"standard","meta":{"footnotes":""},"categories":[4],"tags":[],"class_list":["post-4161","post","type-post","status-publish","format-standard","has-post-thumbnail","hentry","category-noticias"],"yoast_head":"<!-- This site is optimized with the Yoast SEO plugin v26.9 - https:\/\/yoast.com\/product\/yoast-seo-wordpress\/ -->\n<title>Con \u00e9xito se realiz\u00f3 segunda feria de ciencias e innovaci\u00f3n - ICIM<\/title>\n<meta name=\"description\" content=\"Organizada por la ACEM CAS-UDD, tuvo como objetivo mostrar a la comunidad acad\u00e9mica y estudiantil la investigaci\u00f3n que se est\u00e1 llevando a cabo en la UDD.\u00a0\" \/>\n<meta name=\"robots\" content=\"index, follow, max-snippet:-1, max-image-preview:large, max-video-preview:-1\" \/>\n<link rel=\"canonical\" href=\"https:\/\/medicina.udd.cl\/icim\/2016\/11\/11\/con-exito-se-realizo-segunda-feria-de-ciencias-e-innovacion\/\" \/>\n<meta property=\"og:locale\" content=\"es_ES\" \/>\n<meta property=\"og:type\" content=\"article\" \/>\n<meta property=\"og:title\" content=\"Con \u00e9xito se realiz\u00f3 segunda feria de ciencias e innovaci\u00f3n - ICIM\" \/>\n<meta property=\"og:description\" content=\"Organizada por la ACEM CAS-UDD, tuvo como objetivo mostrar a la comunidad acad\u00e9mica y estudiantil la investigaci\u00f3n que se est\u00e1 llevando a cabo en la UDD.\u00a0\" \/>\n<meta property=\"og:url\" content=\"https:\/\/medicina.udd.cl\/icim\/2016\/11\/11\/con-exito-se-realizo-segunda-feria-de-ciencias-e-innovacion\/\" \/>\n<meta property=\"og:site_name\" content=\"ICIM\" \/>\n<meta property=\"article:published_time\" content=\"2016-11-11T15:09:21+00:00\" \/>\n<meta property=\"article:modified_time\" content=\"2016-12-14T15:47:24+00:00\" \/>\n<meta property=\"og:image\" content=\"https:\/\/medicina.udd.cl\/icim\/files\/2016\/11\/Feria-Ciencias-e-Innovaci\u00f3n-2016-5.jpg\" \/>\n\t<meta property=\"og:image:width\" content=\"675\" \/>\n\t<meta property=\"og:image:height\" content=\"450\" \/>\n\t<meta property=\"og:image:type\" content=\"image\/jpeg\" \/>\n<meta name=\"twitter:card\" content=\"summary_large_image\" \/>\n<meta name=\"twitter:label1\" content=\"Escrito por\" \/>\n\t<meta name=\"twitter:data1\" content=\"\" \/>\n\t<meta name=\"twitter:label2\" content=\"Tiempo de lectura\" \/>\n\t<meta name=\"twitter:data2\" content=\"3 minutos\" \/>\n<script type=\"application\/ld+json\" class=\"yoast-schema-graph\">{\"@context\":\"https:\/\/schema.org\",\"@graph\":[{\"@type\":\"Article\",\"@id\":\"https:\/\/medicina.udd.cl\/icim\/2016\/11\/11\/con-exito-se-realizo-segunda-feria-de-ciencias-e-innovacion\/#article\",\"isPartOf\":{\"@id\":\"https:\/\/medicina.udd.cl\/icim\/2016\/11\/11\/con-exito-se-realizo-segunda-feria-de-ciencias-e-innovacion\/\"},\"author\":{\"name\":\"\",\"@id\":\"\"},\"headline\":\"Con \u00e9xito se realiz\u00f3 segunda feria de ciencias e innovaci\u00f3n\",\"datePublished\":\"2016-11-11T15:09:21+00:00\",\"dateModified\":\"2016-12-14T15:47:24+00:00\",\"mainEntityOfPage\":{\"@id\":\"https:\/\/medicina.udd.cl\/icim\/2016\/11\/11\/con-exito-se-realizo-segunda-feria-de-ciencias-e-innovacion\/\"},\"wordCount\":549,\"commentCount\":0,\"image\":{\"@id\":\"https:\/\/medicina.udd.cl\/icim\/2016\/11\/11\/con-exito-se-realizo-segunda-feria-de-ciencias-e-innovacion\/#primaryimage\"},\"thumbnailUrl\":\"https:\/\/medicina.udd.cl\/icim\/files\/2016\/11\/Feria-Ciencias-e-Innovaci\u00f3n-2016-5.jpg\",\"articleSection\":[\"Noticias\"],\"inLanguage\":\"es\",\"potentialAction\":[{\"@type\":\"CommentAction\",\"name\":\"Comment\",\"target\":[\"https:\/\/medicina.udd.cl\/icim\/2016\/11\/11\/con-exito-se-realizo-segunda-feria-de-ciencias-e-innovacion\/#respond\"]}]},{\"@type\":\"WebPage\",\"@id\":\"https:\/\/medicina.udd.cl\/icim\/2016\/11\/11\/con-exito-se-realizo-segunda-feria-de-ciencias-e-innovacion\/\",\"url\":\"https:\/\/medicina.udd.cl\/icim\/2016\/11\/11\/con-exito-se-realizo-segunda-feria-de-ciencias-e-innovacion\/\",\"name\":\"Con \u00e9xito se realiz\u00f3 segunda feria de ciencias e innovaci\u00f3n - ICIM\",\"isPartOf\":{\"@id\":\"https:\/\/medicina.udd.cl\/icim\/#website\"},\"primaryImageOfPage\":{\"@id\":\"https:\/\/medicina.udd.cl\/icim\/2016\/11\/11\/con-exito-se-realizo-segunda-feria-de-ciencias-e-innovacion\/#primaryimage\"},\"image\":{\"@id\":\"https:\/\/medicina.udd.cl\/icim\/2016\/11\/11\/con-exito-se-realizo-segunda-feria-de-ciencias-e-innovacion\/#primaryimage\"},\"thumbnailUrl\":\"https:\/\/medicina.udd.cl\/icim\/files\/2016\/11\/Feria-Ciencias-e-Innovaci\u00f3n-2016-5.jpg\",\"datePublished\":\"2016-11-11T15:09:21+00:00\",\"dateModified\":\"2016-12-14T15:47:24+00:00\",\"author\":{\"@id\":\"\"},\"description\":\"Organizada por la ACEM CAS-UDD, tuvo como objetivo mostrar a la comunidad acad\u00e9mica y estudiantil la investigaci\u00f3n que se est\u00e1 llevando a cabo en la UDD.\u00a0\",\"breadcrumb\":{\"@id\":\"https:\/\/medicina.udd.cl\/icim\/2016\/11\/11\/con-exito-se-realizo-segunda-feria-de-ciencias-e-innovacion\/#breadcrumb\"},\"inLanguage\":\"es\",\"potentialAction\":[{\"@type\":\"ReadAction\",\"target\":[\"https:\/\/medicina.udd.cl\/icim\/2016\/11\/11\/con-exito-se-realizo-segunda-feria-de-ciencias-e-innovacion\/\"]}]},{\"@type\":\"ImageObject\",\"inLanguage\":\"es\",\"@id\":\"https:\/\/medicina.udd.cl\/icim\/2016\/11\/11\/con-exito-se-realizo-segunda-feria-de-ciencias-e-innovacion\/#primaryimage\",\"url\":\"https:\/\/medicina.udd.cl\/icim\/files\/2016\/11\/Feria-Ciencias-e-Innovaci\u00f3n-2016-5.jpg\",\"contentUrl\":\"https:\/\/medicina.udd.cl\/icim\/files\/2016\/11\/Feria-Ciencias-e-Innovaci\u00f3n-2016-5.jpg\",\"width\":675,\"height\":450},{\"@type\":\"BreadcrumbList\",\"@id\":\"https:\/\/medicina.udd.cl\/icim\/2016\/11\/11\/con-exito-se-realizo-segunda-feria-de-ciencias-e-innovacion\/#breadcrumb\",\"itemListElement\":[{\"@type\":\"ListItem\",\"position\":1,\"name\":\"Inicio\",\"item\":\"https:\/\/medicina.udd.cl\/icim\/\"},{\"@type\":\"ListItem\",\"position\":2,\"name\":\"Con \u00e9xito se realiz\u00f3 segunda feria de ciencias e innovaci\u00f3n\"}]},{\"@type\":\"WebSite\",\"@id\":\"https:\/\/medicina.udd.cl\/icim\/#website\",\"url\":\"https:\/\/medicina.udd.cl\/icim\/\",\"name\":\"ICIM\",\"description\":\"Una iniciativa de Universidad del Desarrollo y Cl\u00ednica Alemana\",\"inLanguage\":\"es\"},{\"@type\":\"Person\",\"@id\":\"\",\"url\":\"https:\/\/medicina.udd.cl\/icim\/author\/\"}]}<\/script>\n<!-- \/ Yoast SEO plugin. -->","yoast_head_json":{"title":"Con \u00e9xito se realiz\u00f3 segunda feria de ciencias e innovaci\u00f3n - ICIM","description":"Organizada por la ACEM CAS-UDD, tuvo como objetivo mostrar a la comunidad acad\u00e9mica y estudiantil la investigaci\u00f3n que se est\u00e1 llevando a cabo en la UDD.\u00a0","robots":{"index":"index","follow":"follow","max-snippet":"max-snippet:-1","max-image-preview":"max-image-preview:large","max-video-preview":"max-video-preview:-1"},"canonical":"https:\/\/medicina.udd.cl\/icim\/2016\/11\/11\/con-exito-se-realizo-segunda-feria-de-ciencias-e-innovacion\/","og_locale":"es_ES","og_type":"article","og_title":"Con \u00e9xito se realiz\u00f3 segunda feria de ciencias e innovaci\u00f3n - ICIM","og_description":"Organizada por la ACEM CAS-UDD, tuvo como objetivo mostrar a la comunidad acad\u00e9mica y estudiantil la investigaci\u00f3n que se est\u00e1 llevando a cabo en la UDD.\u00a0","og_url":"https:\/\/medicina.udd.cl\/icim\/2016\/11\/11\/con-exito-se-realizo-segunda-feria-de-ciencias-e-innovacion\/","og_site_name":"ICIM","article_published_time":"2016-11-11T15:09:21+00:00","article_modified_time":"2016-12-14T15:47:24+00:00","og_image":[{"width":675,"height":450,"url":"https:\/\/medicina.udd.cl\/icim\/files\/2016\/11\/Feria-Ciencias-e-Innovaci\u00f3n-2016-5.jpg","type":"image\/jpeg"}],"twitter_card":"summary_large_image","twitter_misc":{"Escrito por":"","Tiempo de lectura":"3 minutos"},"schema":{"@context":"https:\/\/schema.org","@graph":[{"@type":"Article","@id":"https:\/\/medicina.udd.cl\/icim\/2016\/11\/11\/con-exito-se-realizo-segunda-feria-de-ciencias-e-innovacion\/#article","isPartOf":{"@id":"https:\/\/medicina.udd.cl\/icim\/2016\/11\/11\/con-exito-se-realizo-segunda-feria-de-ciencias-e-innovacion\/"},"author":{"name":"","@id":""},"headline":"Con \u00e9xito se realiz\u00f3 segunda feria de ciencias e innovaci\u00f3n","datePublished":"2016-11-11T15:09:21+00:00","dateModified":"2016-12-14T15:47:24+00:00","mainEntityOfPage":{"@id":"https:\/\/medicina.udd.cl\/icim\/2016\/11\/11\/con-exito-se-realizo-segunda-feria-de-ciencias-e-innovacion\/"},"wordCount":549,"commentCount":0,"image":{"@id":"https:\/\/medicina.udd.cl\/icim\/2016\/11\/11\/con-exito-se-realizo-segunda-feria-de-ciencias-e-innovacion\/#primaryimage"},"thumbnailUrl":"https:\/\/medicina.udd.cl\/icim\/files\/2016\/11\/Feria-Ciencias-e-Innovaci\u00f3n-2016-5.jpg","articleSection":["Noticias"],"inLanguage":"es","potentialAction":[{"@type":"CommentAction","name":"Comment","target":["https:\/\/medicina.udd.cl\/icim\/2016\/11\/11\/con-exito-se-realizo-segunda-feria-de-ciencias-e-innovacion\/#respond"]}]},{"@type":"WebPage","@id":"https:\/\/medicina.udd.cl\/icim\/2016\/11\/11\/con-exito-se-realizo-segunda-feria-de-ciencias-e-innovacion\/","url":"https:\/\/medicina.udd.cl\/icim\/2016\/11\/11\/con-exito-se-realizo-segunda-feria-de-ciencias-e-innovacion\/","name":"Con \u00e9xito se realiz\u00f3 segunda feria de ciencias e innovaci\u00f3n - ICIM","isPartOf":{"@id":"https:\/\/medicina.udd.cl\/icim\/#website"},"primaryImageOfPage":{"@id":"https:\/\/medicina.udd.cl\/icim\/2016\/11\/11\/con-exito-se-realizo-segunda-feria-de-ciencias-e-innovacion\/#primaryimage"},"image":{"@id":"https:\/\/medicina.udd.cl\/icim\/2016\/11\/11\/con-exito-se-realizo-segunda-feria-de-ciencias-e-innovacion\/#primaryimage"},"thumbnailUrl":"https:\/\/medicina.udd.cl\/icim\/files\/2016\/11\/Feria-Ciencias-e-Innovaci\u00f3n-2016-5.jpg","datePublished":"2016-11-11T15:09:21+00:00","dateModified":"2016-12-14T15:47:24+00:00","author":{"@id":""},"description":"Organizada por la ACEM CAS-UDD, tuvo como objetivo mostrar a la comunidad acad\u00e9mica y estudiantil la investigaci\u00f3n que se est\u00e1 llevando a cabo en la UDD.\u00a0","breadcrumb":{"@id":"https:\/\/medicina.udd.cl\/icim\/2016\/11\/11\/con-exito-se-realizo-segunda-feria-de-ciencias-e-innovacion\/#breadcrumb"},"inLanguage":"es","potentialAction":[{"@type":"ReadAction","target":["https:\/\/medicina.udd.cl\/icim\/2016\/11\/11\/con-exito-se-realizo-segunda-feria-de-ciencias-e-innovacion\/"]}]},{"@type":"ImageObject","inLanguage":"es","@id":"https:\/\/medicina.udd.cl\/icim\/2016\/11\/11\/con-exito-se-realizo-segunda-feria-de-ciencias-e-innovacion\/#primaryimage","url":"https:\/\/medicina.udd.cl\/icim\/files\/2016\/11\/Feria-Ciencias-e-Innovaci\u00f3n-2016-5.jpg","contentUrl":"https:\/\/medicina.udd.cl\/icim\/files\/2016\/11\/Feria-Ciencias-e-Innovaci\u00f3n-2016-5.jpg","width":675,"height":450},{"@type":"BreadcrumbList","@id":"https:\/\/medicina.udd.cl\/icim\/2016\/11\/11\/con-exito-se-realizo-segunda-feria-de-ciencias-e-innovacion\/#breadcrumb","itemListElement":[{"@type":"ListItem","position":1,"name":"Inicio","item":"https:\/\/medicina.udd.cl\/icim\/"},{"@type":"ListItem","position":2,"name":"Con \u00e9xito se realiz\u00f3 segunda feria de ciencias e innovaci\u00f3n"}]},{"@type":"WebSite","@id":"https:\/\/medicina.udd.cl\/icim\/#website","url":"https:\/\/medicina.udd.cl\/icim\/","name":"ICIM","description":"Una iniciativa de Universidad del Desarrollo y Cl\u00ednica Alemana","inLanguage":"es"},{"@type":"Person","@id":"","url":"https:\/\/medicina.udd.cl\/icim\/author\/"}]}},"featured_image_url":"https:\/\/medicina.udd.cl\/icim\/files\/2016\/11\/Feria-Ciencias-e-Innovaci\u00f3n-2016-5.jpg","_links":{"self":[{"href":"https:\/\/medicina.udd.cl\/icim\/wp-json\/wp\/v2\/posts\/4161","targetHints":{"allow":["GET"]}}],"collection":[{"href":"https:\/\/medicina.udd.cl\/icim\/wp-json\/wp\/v2\/posts"}],"about":[{"href":"https:\/\/medicina.udd.cl\/icim\/wp-json\/wp\/v2\/types\/post"}],"author":[{"embeddable":true,"href":"https:\/\/medicina.udd.cl\/icim\/wp-json\/wp\/v2\/users\/42"}],"replies":[{"embeddable":true,"href":"https:\/\/medicina.udd.cl\/icim\/wp-json\/wp\/v2\/comments?post=4161"}],"version-history":[{"count":2,"href":"https:\/\/medicina.udd.cl\/icim\/wp-json\/wp\/v2\/posts\/4161\/revisions"}],"predecessor-version":[{"id":4248,"href":"https:\/\/medicina.udd.cl\/icim\/wp-json\/wp\/v2\/posts\/4161\/revisions\/4248"}],"wp:featuredmedia":[{"embeddable":true,"href":"https:\/\/medicina.udd.cl\/icim\/wp-json\/wp\/v2\/media\/4167"}],"wp:attachment":[{"href":"https:\/\/medicina.udd.cl\/icim\/wp-json\/wp\/v2\/media?parent=4161"}],"wp:term":[{"taxonomy":"category","embeddable":true,"href":"https:\/\/medicina.udd.cl\/icim\/wp-json\/wp\/v2\/categories?post=4161"},{"taxonomy":"post_tag","embeddable":true,"href":"https:\/\/medicina.udd.cl\/icim\/wp-json\/wp\/v2\/tags?post=4161"}],"curies":[{"name":"wp","href":"https:\/\/api.w.org\/{rel}","templated":true}]}}