{"id":5725,"date":"2017-10-10T16:16:26","date_gmt":"2017-10-10T16:16:26","guid":{"rendered":"http:\/\/medicina.udd.cl\/icim\/?p=5725"},"modified":"2017-10-10T16:19:38","modified_gmt":"2017-10-10T16:19:38","slug":"la-academia-cientifica-de-estudiantes-de-medicina-invita-a-la-iii-feria-de-ciencias-e-innovacion","status":"publish","type":"post","link":"https:\/\/medicina.udd.cl\/icim\/2017\/10\/10\/la-academia-cientifica-de-estudiantes-de-medicina-invita-a-la-iii-feria-de-ciencias-e-innovacion\/","title":{"rendered":"La Academia Cient\u00edfica de Estudiantes de Medicina invita a la III Feria de Ciencias e Innovaci\u00f3n"},"content":{"rendered":"<p><iframe loading=\"lazy\" title=\"Revive la Feria de Ciencias e Innovaci\u00f3n UDD 2016\" width=\"500\" height=\"281\" src=\"https:\/\/www.youtube.com\/embed\/pZL-64zCez0?feature=oembed\" frameborder=\"0\" allow=\"accelerometer; autoplay; clipboard-write; encrypted-media; gyroscope; picture-in-picture; web-share\" referrerpolicy=\"strict-origin-when-cross-origin\" allowfullscreen><\/iframe><\/p>\n<p style=\"text-align: justify;\"><strong>La Academia Cient\u00edfica de Estudiantes de Medicina de la Facultad de Medicina Cl\u00ednica Alemana Universidad del Desarrollo (ACEM CAS-UDD) invita a toda la comunidad a participar en la Feria de Ciencias e Innovaci\u00f3n, que se realizar\u00e1 el jueves 19 de octubre, en el Patio de Aulas del campus RESB de la UDD.<\/strong><\/p>\n<p style=\"text-align: justify;\">Se trata de la tercera versi\u00f3n de la actividad \u2013 apoyada por el Instituto de Ciencias e Innovaci\u00f3n en Medicina (ICIM), su Oficina de Apoyo a la Investigaci\u00f3n y la Direcci\u00f3n de Investigaci\u00f3n y Doctorados UDD- cuyo objetivo es mostrar a la comunidad acad\u00e9mica y estudiantil la investigaci\u00f3n e innovaciones que se est\u00e1n llevando a cabo en nuestra casa de estudios, adem\u00e1s de generar contacto y un trabajo colaborativo entre los investigadores y estudiantes.<\/p>\n<p style=\"text-align: justify;\">Aquellos docentes e investigadores que est\u00e9n interesados en mostrar su investigaci\u00f3n y quieran participar en la Feria con un p\u00f3ster, deben hacerlo inscribi\u00e9ndose <strong><a href=\"https:\/\/goo.gl\/forms\/9ZUzMRaQdXUJY39i2\">aqu\u00ed.<\/a><\/strong><\/p>\n<p style=\"text-align: justify;\">El programa de la Feria es el siguiente:<\/p>\n<p style=\"text-align: justify;\">10:00 horas: serie de \u201c10-minute pitch\u201d en la AU114 del Campus RESB, en donde los alumnos de los programas de Doctorado de la UDD expondr\u00e1n sus investigaciones y se podr\u00e1 votar por los mejores proyectos.<\/p>\n<p style=\"text-align: justify;\">12:00 horas: inicio de la Feria, instancia en la que se realizar\u00e1 un recorrido y se podr\u00e1n conocer las investigaciones realizadas en la Universidad, en el Patio de Aulas del Campus RESB.<\/p>\n<p style=\"text-align: justify;\">\u00a1Los esperamos!<\/p>\n","protected":false},"excerpt":{"rendered":"<p>La actividad se realizar\u00e1 el jueves 19 de septiembre en el Patio de Aulas del campus RESB de la UDD, con el objetivo de dar a conocer a la comunidad acad\u00e9mica y estudiantil la investigaci\u00f3n que se realiza en la Universidad.<\/p>\n","protected":false},"author":42,"featured_media":5728,"comment_status":"open","ping_status":"open","sticky":false,"template":"","format":"standard","meta":{"footnotes":""},"categories":[4],"tags":[],"class_list":["post-5725","post","type-post","status-publish","format-standard","has-post-thumbnail","hentry","category-noticias"],"yoast_head":"<!-- This site is optimized with the Yoast SEO plugin v26.9 - https:\/\/yoast.com\/product\/yoast-seo-wordpress\/ -->\n<title>La Academia Cient\u00edfica de Estudiantes de Medicina invita a la III Feria de Ciencias e Innovaci\u00f3n - ICIM<\/title>\n<meta name=\"robots\" content=\"index, follow, max-snippet:-1, max-image-preview:large, max-video-preview:-1\" \/>\n<link rel=\"canonical\" href=\"https:\/\/medicina.udd.cl\/icim\/2017\/10\/10\/la-academia-cientifica-de-estudiantes-de-medicina-invita-a-la-iii-feria-de-ciencias-e-innovacion\/\" \/>\n<meta property=\"og:locale\" content=\"es_ES\" \/>\n<meta property=\"og:type\" content=\"article\" \/>\n<meta property=\"og:title\" content=\"La Academia Cient\u00edfica de Estudiantes de Medicina invita a la III Feria de Ciencias e Innovaci\u00f3n - ICIM\" \/>\n<meta property=\"og:description\" content=\"La actividad se realizar\u00e1 el jueves 19 de septiembre en el Patio de Aulas del campus RESB de la UDD, con el objetivo de dar a conocer a la comunidad acad\u00e9mica y estudiantil la investigaci\u00f3n que se realiza en la Universidad.\" \/>\n<meta property=\"og:url\" content=\"https:\/\/medicina.udd.cl\/icim\/2017\/10\/10\/la-academia-cientifica-de-estudiantes-de-medicina-invita-a-la-iii-feria-de-ciencias-e-innovacion\/\" \/>\n<meta property=\"og:site_name\" content=\"ICIM\" \/>\n<meta property=\"article:published_time\" content=\"2017-10-10T16:16:26+00:00\" \/>\n<meta property=\"article:modified_time\" content=\"2017-10-10T16:19:38+00:00\" \/>\n<meta property=\"og:image\" content=\"https:\/\/medicina.udd.cl\/icim\/files\/2017\/10\/Feria-ciencias-e-innovaci\u00f3n-copia.jpg\" \/>\n\t<meta property=\"og:image:width\" content=\"655\" \/>\n\t<meta property=\"og:image:height\" content=\"356\" \/>\n\t<meta property=\"og:image:type\" content=\"image\/jpeg\" \/>\n<meta name=\"twitter:card\" content=\"summary_large_image\" \/>\n<meta name=\"twitter:label1\" content=\"Escrito por\" \/>\n\t<meta name=\"twitter:data1\" content=\"\" \/>\n\t<meta name=\"twitter:label2\" content=\"Tiempo de lectura\" \/>\n\t<meta name=\"twitter:data2\" content=\"1 minuto\" \/>\n<script type=\"application\/ld+json\" class=\"yoast-schema-graph\">{\"@context\":\"https:\/\/schema.org\",\"@graph\":[{\"@type\":\"Article\",\"@id\":\"https:\/\/medicina.udd.cl\/icim\/2017\/10\/10\/la-academia-cientifica-de-estudiantes-de-medicina-invita-a-la-iii-feria-de-ciencias-e-innovacion\/#article\",\"isPartOf\":{\"@id\":\"https:\/\/medicina.udd.cl\/icim\/2017\/10\/10\/la-academia-cientifica-de-estudiantes-de-medicina-invita-a-la-iii-feria-de-ciencias-e-innovacion\/\"},\"author\":{\"name\":\"\",\"@id\":\"\"},\"headline\":\"La Academia Cient\u00edfica de Estudiantes de Medicina invita a la III Feria de Ciencias e Innovaci\u00f3n\",\"datePublished\":\"2017-10-10T16:16:26+00:00\",\"dateModified\":\"2017-10-10T16:19:38+00:00\",\"mainEntityOfPage\":{\"@id\":\"https:\/\/medicina.udd.cl\/icim\/2017\/10\/10\/la-academia-cientifica-de-estudiantes-de-medicina-invita-a-la-iii-feria-de-ciencias-e-innovacion\/\"},\"wordCount\":269,\"commentCount\":0,\"image\":{\"@id\":\"https:\/\/medicina.udd.cl\/icim\/2017\/10\/10\/la-academia-cientifica-de-estudiantes-de-medicina-invita-a-la-iii-feria-de-ciencias-e-innovacion\/#primaryimage\"},\"thumbnailUrl\":\"https:\/\/medicina.udd.cl\/icim\/files\/2017\/10\/Feria-ciencias-e-innovaci\u00f3n-copia.jpg\",\"articleSection\":[\"Noticias\"],\"inLanguage\":\"es\",\"potentialAction\":[{\"@type\":\"CommentAction\",\"name\":\"Comment\",\"target\":[\"https:\/\/medicina.udd.cl\/icim\/2017\/10\/10\/la-academia-cientifica-de-estudiantes-de-medicina-invita-a-la-iii-feria-de-ciencias-e-innovacion\/#respond\"]}]},{\"@type\":\"WebPage\",\"@id\":\"https:\/\/medicina.udd.cl\/icim\/2017\/10\/10\/la-academia-cientifica-de-estudiantes-de-medicina-invita-a-la-iii-feria-de-ciencias-e-innovacion\/\",\"url\":\"https:\/\/medicina.udd.cl\/icim\/2017\/10\/10\/la-academia-cientifica-de-estudiantes-de-medicina-invita-a-la-iii-feria-de-ciencias-e-innovacion\/\",\"name\":\"La Academia Cient\u00edfica de Estudiantes de Medicina invita a la III Feria de Ciencias e Innovaci\u00f3n - ICIM\",\"isPartOf\":{\"@id\":\"https:\/\/medicina.udd.cl\/icim\/#website\"},\"primaryImageOfPage\":{\"@id\":\"https:\/\/medicina.udd.cl\/icim\/2017\/10\/10\/la-academia-cientifica-de-estudiantes-de-medicina-invita-a-la-iii-feria-de-ciencias-e-innovacion\/#primaryimage\"},\"image\":{\"@id\":\"https:\/\/medicina.udd.cl\/icim\/2017\/10\/10\/la-academia-cientifica-de-estudiantes-de-medicina-invita-a-la-iii-feria-de-ciencias-e-innovacion\/#primaryimage\"},\"thumbnailUrl\":\"https:\/\/medicina.udd.cl\/icim\/files\/2017\/10\/Feria-ciencias-e-innovaci\u00f3n-copia.jpg\",\"datePublished\":\"2017-10-10T16:16:26+00:00\",\"dateModified\":\"2017-10-10T16:19:38+00:00\",\"author\":{\"@id\":\"\"},\"breadcrumb\":{\"@id\":\"https:\/\/medicina.udd.cl\/icim\/2017\/10\/10\/la-academia-cientifica-de-estudiantes-de-medicina-invita-a-la-iii-feria-de-ciencias-e-innovacion\/#breadcrumb\"},\"inLanguage\":\"es\",\"potentialAction\":[{\"@type\":\"ReadAction\",\"target\":[\"https:\/\/medicina.udd.cl\/icim\/2017\/10\/10\/la-academia-cientifica-de-estudiantes-de-medicina-invita-a-la-iii-feria-de-ciencias-e-innovacion\/\"]}]},{\"@type\":\"ImageObject\",\"inLanguage\":\"es\",\"@id\":\"https:\/\/medicina.udd.cl\/icim\/2017\/10\/10\/la-academia-cientifica-de-estudiantes-de-medicina-invita-a-la-iii-feria-de-ciencias-e-innovacion\/#primaryimage\",\"url\":\"https:\/\/medicina.udd.cl\/icim\/files\/2017\/10\/Feria-ciencias-e-innovaci\u00f3n-copia.jpg\",\"contentUrl\":\"https:\/\/medicina.udd.cl\/icim\/files\/2017\/10\/Feria-ciencias-e-innovaci\u00f3n-copia.jpg\",\"width\":655,\"height\":356},{\"@type\":\"BreadcrumbList\",\"@id\":\"https:\/\/medicina.udd.cl\/icim\/2017\/10\/10\/la-academia-cientifica-de-estudiantes-de-medicina-invita-a-la-iii-feria-de-ciencias-e-innovacion\/#breadcrumb\",\"itemListElement\":[{\"@type\":\"ListItem\",\"position\":1,\"name\":\"Inicio\",\"item\":\"https:\/\/medicina.udd.cl\/icim\/\"},{\"@type\":\"ListItem\",\"position\":2,\"name\":\"La Academia Cient\u00edfica de Estudiantes de Medicina invita a la III Feria de Ciencias e Innovaci\u00f3n\"}]},{\"@type\":\"WebSite\",\"@id\":\"https:\/\/medicina.udd.cl\/icim\/#website\",\"url\":\"https:\/\/medicina.udd.cl\/icim\/\",\"name\":\"ICIM\",\"description\":\"Una iniciativa de Universidad del Desarrollo y Cl\u00ednica Alemana\",\"inLanguage\":\"es\"},{\"@type\":\"Person\",\"@id\":\"\",\"url\":\"https:\/\/medicina.udd.cl\/icim\/author\/\"}]}<\/script>\n<!-- \/ Yoast SEO plugin. -->","yoast_head_json":{"title":"La Academia Cient\u00edfica de Estudiantes de Medicina invita a la III Feria de Ciencias e Innovaci\u00f3n - ICIM","robots":{"index":"index","follow":"follow","max-snippet":"max-snippet:-1","max-image-preview":"max-image-preview:large","max-video-preview":"max-video-preview:-1"},"canonical":"https:\/\/medicina.udd.cl\/icim\/2017\/10\/10\/la-academia-cientifica-de-estudiantes-de-medicina-invita-a-la-iii-feria-de-ciencias-e-innovacion\/","og_locale":"es_ES","og_type":"article","og_title":"La Academia Cient\u00edfica de Estudiantes de Medicina invita a la III Feria de Ciencias e Innovaci\u00f3n - ICIM","og_description":"La actividad se realizar\u00e1 el jueves 19 de septiembre en el Patio de Aulas del campus RESB de la UDD, con el objetivo de dar a conocer a la comunidad acad\u00e9mica y estudiantil la investigaci\u00f3n que se realiza en la Universidad.","og_url":"https:\/\/medicina.udd.cl\/icim\/2017\/10\/10\/la-academia-cientifica-de-estudiantes-de-medicina-invita-a-la-iii-feria-de-ciencias-e-innovacion\/","og_site_name":"ICIM","article_published_time":"2017-10-10T16:16:26+00:00","article_modified_time":"2017-10-10T16:19:38+00:00","og_image":[{"width":655,"height":356,"url":"https:\/\/medicina.udd.cl\/icim\/files\/2017\/10\/Feria-ciencias-e-innovaci\u00f3n-copia.jpg","type":"image\/jpeg"}],"twitter_card":"summary_large_image","twitter_misc":{"Escrito por":"","Tiempo de lectura":"1 minuto"},"schema":{"@context":"https:\/\/schema.org","@graph":[{"@type":"Article","@id":"https:\/\/medicina.udd.cl\/icim\/2017\/10\/10\/la-academia-cientifica-de-estudiantes-de-medicina-invita-a-la-iii-feria-de-ciencias-e-innovacion\/#article","isPartOf":{"@id":"https:\/\/medicina.udd.cl\/icim\/2017\/10\/10\/la-academia-cientifica-de-estudiantes-de-medicina-invita-a-la-iii-feria-de-ciencias-e-innovacion\/"},"author":{"name":"","@id":""},"headline":"La Academia Cient\u00edfica de Estudiantes de Medicina invita a la III Feria de Ciencias e Innovaci\u00f3n","datePublished":"2017-10-10T16:16:26+00:00","dateModified":"2017-10-10T16:19:38+00:00","mainEntityOfPage":{"@id":"https:\/\/medicina.udd.cl\/icim\/2017\/10\/10\/la-academia-cientifica-de-estudiantes-de-medicina-invita-a-la-iii-feria-de-ciencias-e-innovacion\/"},"wordCount":269,"commentCount":0,"image":{"@id":"https:\/\/medicina.udd.cl\/icim\/2017\/10\/10\/la-academia-cientifica-de-estudiantes-de-medicina-invita-a-la-iii-feria-de-ciencias-e-innovacion\/#primaryimage"},"thumbnailUrl":"https:\/\/medicina.udd.cl\/icim\/files\/2017\/10\/Feria-ciencias-e-innovaci\u00f3n-copia.jpg","articleSection":["Noticias"],"inLanguage":"es","potentialAction":[{"@type":"CommentAction","name":"Comment","target":["https:\/\/medicina.udd.cl\/icim\/2017\/10\/10\/la-academia-cientifica-de-estudiantes-de-medicina-invita-a-la-iii-feria-de-ciencias-e-innovacion\/#respond"]}]},{"@type":"WebPage","@id":"https:\/\/medicina.udd.cl\/icim\/2017\/10\/10\/la-academia-cientifica-de-estudiantes-de-medicina-invita-a-la-iii-feria-de-ciencias-e-innovacion\/","url":"https:\/\/medicina.udd.cl\/icim\/2017\/10\/10\/la-academia-cientifica-de-estudiantes-de-medicina-invita-a-la-iii-feria-de-ciencias-e-innovacion\/","name":"La Academia Cient\u00edfica de Estudiantes de Medicina invita a la III Feria de Ciencias e Innovaci\u00f3n - ICIM","isPartOf":{"@id":"https:\/\/medicina.udd.cl\/icim\/#website"},"primaryImageOfPage":{"@id":"https:\/\/medicina.udd.cl\/icim\/2017\/10\/10\/la-academia-cientifica-de-estudiantes-de-medicina-invita-a-la-iii-feria-de-ciencias-e-innovacion\/#primaryimage"},"image":{"@id":"https:\/\/medicina.udd.cl\/icim\/2017\/10\/10\/la-academia-cientifica-de-estudiantes-de-medicina-invita-a-la-iii-feria-de-ciencias-e-innovacion\/#primaryimage"},"thumbnailUrl":"https:\/\/medicina.udd.cl\/icim\/files\/2017\/10\/Feria-ciencias-e-innovaci\u00f3n-copia.jpg","datePublished":"2017-10-10T16:16:26+00:00","dateModified":"2017-10-10T16:19:38+00:00","author":{"@id":""},"breadcrumb":{"@id":"https:\/\/medicina.udd.cl\/icim\/2017\/10\/10\/la-academia-cientifica-de-estudiantes-de-medicina-invita-a-la-iii-feria-de-ciencias-e-innovacion\/#breadcrumb"},"inLanguage":"es","potentialAction":[{"@type":"ReadAction","target":["https:\/\/medicina.udd.cl\/icim\/2017\/10\/10\/la-academia-cientifica-de-estudiantes-de-medicina-invita-a-la-iii-feria-de-ciencias-e-innovacion\/"]}]},{"@type":"ImageObject","inLanguage":"es","@id":"https:\/\/medicina.udd.cl\/icim\/2017\/10\/10\/la-academia-cientifica-de-estudiantes-de-medicina-invita-a-la-iii-feria-de-ciencias-e-innovacion\/#primaryimage","url":"https:\/\/medicina.udd.cl\/icim\/files\/2017\/10\/Feria-ciencias-e-innovaci\u00f3n-copia.jpg","contentUrl":"https:\/\/medicina.udd.cl\/icim\/files\/2017\/10\/Feria-ciencias-e-innovaci\u00f3n-copia.jpg","width":655,"height":356},{"@type":"BreadcrumbList","@id":"https:\/\/medicina.udd.cl\/icim\/2017\/10\/10\/la-academia-cientifica-de-estudiantes-de-medicina-invita-a-la-iii-feria-de-ciencias-e-innovacion\/#breadcrumb","itemListElement":[{"@type":"ListItem","position":1,"name":"Inicio","item":"https:\/\/medicina.udd.cl\/icim\/"},{"@type":"ListItem","position":2,"name":"La Academia Cient\u00edfica de Estudiantes de Medicina invita a la III Feria de Ciencias e Innovaci\u00f3n"}]},{"@type":"WebSite","@id":"https:\/\/medicina.udd.cl\/icim\/#website","url":"https:\/\/medicina.udd.cl\/icim\/","name":"ICIM","description":"Una iniciativa de Universidad del Desarrollo y Cl\u00ednica Alemana","inLanguage":"es"},{"@type":"Person","@id":"","url":"https:\/\/medicina.udd.cl\/icim\/author\/"}]}},"featured_image_url":"https:\/\/medicina.udd.cl\/icim\/files\/2017\/10\/Feria-ciencias-e-innovaci\u00f3n-copia.jpg","_links":{"self":[{"href":"https:\/\/medicina.udd.cl\/icim\/wp-json\/wp\/v2\/posts\/5725","targetHints":{"allow":["GET"]}}],"collection":[{"href":"https:\/\/medicina.udd.cl\/icim\/wp-json\/wp\/v2\/posts"}],"about":[{"href":"https:\/\/medicina.udd.cl\/icim\/wp-json\/wp\/v2\/types\/post"}],"author":[{"embeddable":true,"href":"https:\/\/medicina.udd.cl\/icim\/wp-json\/wp\/v2\/users\/42"}],"replies":[{"embeddable":true,"href":"https:\/\/medicina.udd.cl\/icim\/wp-json\/wp\/v2\/comments?post=5725"}],"version-history":[{"count":5,"href":"https:\/\/medicina.udd.cl\/icim\/wp-json\/wp\/v2\/posts\/5725\/revisions"}],"predecessor-version":[{"id":5732,"href":"https:\/\/medicina.udd.cl\/icim\/wp-json\/wp\/v2\/posts\/5725\/revisions\/5732"}],"wp:featuredmedia":[{"embeddable":true,"href":"https:\/\/medicina.udd.cl\/icim\/wp-json\/wp\/v2\/media\/5728"}],"wp:attachment":[{"href":"https:\/\/medicina.udd.cl\/icim\/wp-json\/wp\/v2\/media?parent=5725"}],"wp:term":[{"taxonomy":"category","embeddable":true,"href":"https:\/\/medicina.udd.cl\/icim\/wp-json\/wp\/v2\/categories?post=5725"},{"taxonomy":"post_tag","embeddable":true,"href":"https:\/\/medicina.udd.cl\/icim\/wp-json\/wp\/v2\/tags?post=5725"}],"curies":[{"name":"wp","href":"https:\/\/api.w.org\/{rel}","templated":true}]}}