{"id":7889,"date":"2019-09-10T18:09:59","date_gmt":"2019-09-10T18:09:59","guid":{"rendered":"http:\/\/medicina.udd.cl\/icim\/?p=7889"},"modified":"2019-09-10T19:08:28","modified_gmt":"2019-09-10T19:08:28","slug":"academicos-del-centro-de-bioetica-udd-exponen-en-universidad-central-de-quito","status":"publish","type":"post","link":"https:\/\/medicina.udd.cl\/icim\/2019\/09\/10\/academicos-del-centro-de-bioetica-udd-exponen-en-universidad-central-de-quito\/","title":{"rendered":"Acad\u00e9micos del Centro de Bio\u00e9tica UDD exponen en Universidad Central de Ecuador"},"content":{"rendered":"<p><img loading=\"lazy\" decoding=\"async\" class=\"alignnone wp-image-7891 size-large\" src=\"https:\/\/medicina.udd.cl\/icim\/files\/2019\/09\/IMG_6365-853x1024.jpg\" alt=\"\" width=\"853\" height=\"1024\" srcset=\"https:\/\/medicina.udd.cl\/icim\/files\/2019\/09\/IMG_6365-853x1024.jpg 853w, https:\/\/medicina.udd.cl\/icim\/files\/2019\/09\/IMG_6365-250x300.jpg 250w, https:\/\/medicina.udd.cl\/icim\/files\/2019\/09\/IMG_6365-768x922.jpg 768w\" sizes=\"auto, (max-width: 853px) 100vw, 853px\" \/><\/p>\n<p>Los acad\u00e9micos del Centro de Bio\u00e9tica de la Facultad de Medicina Cl\u00ednica Alemana Universidad del Desarrollo, Sof\u00eda Salas, Juan Alberto Lecaros y Daniel Toscano, fueron invitados por la Universidad Central de Ecuador a dar un curso intensivo de \u00ab\u00c9tica para los desaf\u00edos de la sociedad actual\u00bb, el cual se realiz\u00f3 entre los d\u00edas 2 y 6 de septiembre.<\/p>\n<p>Este curso reuni\u00f3 a 75 acad\u00e9micos de la Universidad Central, miembros de comit\u00e9s de \u00e9tica asistencial y de investigaci\u00f3n en seres humanos y de bienestar animal, adem\u00e1s de delegados de las universidades miembros de la Red de \u00c9tica Universitaria de Ecuador.<\/p>\n<p>Los temas abordados en el curso, tuvieron relaci\u00f3n con fundamentaci\u00f3n filos\u00f3fica, \u00e9tica cl\u00ednica, aspectos \u00e9ticos de la investigaci\u00f3n en seres humanos, \u00e9tica medioambiental, \u00e9tica del uso de animales de laboratorio y un d\u00eda dedicado a estrategias docentes para la ense\u00f1anza aprendizaje de la bio\u00e9tica.<\/p>\n<p>La evaluaci\u00f3n del curso fue muy positiva, destacando, entre otros aspectos, la estrategia docente empleada y tambi\u00e9n la conformaci\u00f3n de grupos de trabajo interdisciplinarios.<\/p>\n<p><img loading=\"lazy\" decoding=\"async\" class=\"alignnone wp-image-7890 size-medium\" src=\"https:\/\/medicina.udd.cl\/icim\/files\/2019\/09\/DSC04462-300x225.jpg\" alt=\"\" width=\"300\" height=\"225\" srcset=\"https:\/\/medicina.udd.cl\/icim\/files\/2019\/09\/DSC04462-300x225.jpg 300w, https:\/\/medicina.udd.cl\/icim\/files\/2019\/09\/DSC04462-768x576.jpg 768w, https:\/\/medicina.udd.cl\/icim\/files\/2019\/09\/DSC04462-1024x768.jpg 1024w\" sizes=\"auto, (max-width: 300px) 100vw, 300px\" \/><\/p>\n<p>&nbsp;<\/p>\n","protected":false},"excerpt":{"rendered":"<p>Los acad\u00e9micos del Centro de Bio\u00e9tica de la Facultad de Medicina Cl\u00ednica Alemana Universidad del Desarrollo, Sof\u00eda Salas, Juan Alberto Lecaros y Daniel Toscano, fueron invitados por la Universidad Central de Ecuador a dar un curso intensivo de \u00ab\u00c9tica para los desaf\u00edos de la sociedad actual\u00bb, el cual se realiz\u00f3 entre los d\u00edas 2 y [&hellip;]<\/p>\n","protected":false},"author":9192219,"featured_media":7891,"comment_status":"open","ping_status":"open","sticky":false,"template":"","format":"standard","meta":{"footnotes":""},"categories":[4],"tags":[],"class_list":["post-7889","post","type-post","status-publish","format-standard","has-post-thumbnail","hentry","category-noticias"],"yoast_head":"<!-- This site is optimized with the Yoast SEO plugin v26.9 - https:\/\/yoast.com\/product\/yoast-seo-wordpress\/ -->\n<title>Acad\u00e9micos del Centro de Bio\u00e9tica UDD exponen en Universidad Central de Ecuador - ICIM<\/title>\n<meta name=\"robots\" content=\"index, follow, max-snippet:-1, max-image-preview:large, max-video-preview:-1\" \/>\n<link rel=\"canonical\" href=\"https:\/\/medicina.udd.cl\/icim\/2019\/09\/10\/academicos-del-centro-de-bioetica-udd-exponen-en-universidad-central-de-quito\/\" \/>\n<meta property=\"og:locale\" content=\"es_ES\" \/>\n<meta property=\"og:type\" content=\"article\" \/>\n<meta property=\"og:title\" content=\"Acad\u00e9micos del Centro de Bio\u00e9tica UDD exponen en Universidad Central de Ecuador - ICIM\" \/>\n<meta property=\"og:description\" content=\"Los acad\u00e9micos del Centro de Bio\u00e9tica de la Facultad de Medicina Cl\u00ednica Alemana Universidad del Desarrollo, Sof\u00eda Salas, Juan Alberto Lecaros y Daniel Toscano, fueron invitados por la Universidad Central de Ecuador a dar un curso intensivo de \u00ab\u00c9tica para los desaf\u00edos de la sociedad actual\u00bb, el cual se realiz\u00f3 entre los d\u00edas 2 y [&hellip;]\" \/>\n<meta property=\"og:url\" content=\"https:\/\/medicina.udd.cl\/icim\/2019\/09\/10\/academicos-del-centro-de-bioetica-udd-exponen-en-universidad-central-de-quito\/\" \/>\n<meta property=\"og:site_name\" content=\"ICIM\" \/>\n<meta property=\"article:published_time\" content=\"2019-09-10T18:09:59+00:00\" \/>\n<meta property=\"article:modified_time\" content=\"2019-09-10T19:08:28+00:00\" \/>\n<meta property=\"og:image\" content=\"https:\/\/medicina.udd.cl\/icim\/files\/2019\/09\/IMG_6365.jpg\" \/>\n\t<meta property=\"og:image:width\" content=\"2317\" \/>\n\t<meta property=\"og:image:height\" content=\"2783\" \/>\n\t<meta property=\"og:image:type\" content=\"image\/jpeg\" \/>\n<meta name=\"author\" content=\"rbraidy\" \/>\n<meta name=\"twitter:card\" content=\"summary_large_image\" \/>\n<meta name=\"twitter:label1\" content=\"Escrito por\" \/>\n\t<meta name=\"twitter:data1\" content=\"rbraidy\" \/>\n\t<meta name=\"twitter:label2\" content=\"Tiempo de lectura\" \/>\n\t<meta name=\"twitter:data2\" content=\"1 minuto\" \/>\n<script type=\"application\/ld+json\" class=\"yoast-schema-graph\">{\"@context\":\"https:\/\/schema.org\",\"@graph\":[{\"@type\":\"Article\",\"@id\":\"https:\/\/medicina.udd.cl\/icim\/2019\/09\/10\/academicos-del-centro-de-bioetica-udd-exponen-en-universidad-central-de-quito\/#article\",\"isPartOf\":{\"@id\":\"https:\/\/medicina.udd.cl\/icim\/2019\/09\/10\/academicos-del-centro-de-bioetica-udd-exponen-en-universidad-central-de-quito\/\"},\"author\":{\"name\":\"rbraidy\",\"@id\":\"https:\/\/medicina.udd.cl\/icim\/#\/schema\/person\/dbc3705bf3a93e8be1ba6de0ef950341\"},\"headline\":\"Acad\u00e9micos del Centro de Bio\u00e9tica UDD exponen en Universidad Central de Ecuador\",\"datePublished\":\"2019-09-10T18:09:59+00:00\",\"dateModified\":\"2019-09-10T19:08:28+00:00\",\"mainEntityOfPage\":{\"@id\":\"https:\/\/medicina.udd.cl\/icim\/2019\/09\/10\/academicos-del-centro-de-bioetica-udd-exponen-en-universidad-central-de-quito\/\"},\"wordCount\":200,\"commentCount\":0,\"image\":{\"@id\":\"https:\/\/medicina.udd.cl\/icim\/2019\/09\/10\/academicos-del-centro-de-bioetica-udd-exponen-en-universidad-central-de-quito\/#primaryimage\"},\"thumbnailUrl\":\"https:\/\/medicina.udd.cl\/icim\/files\/2019\/09\/IMG_6365.jpg\",\"articleSection\":[\"Noticias\"],\"inLanguage\":\"es\",\"potentialAction\":[{\"@type\":\"CommentAction\",\"name\":\"Comment\",\"target\":[\"https:\/\/medicina.udd.cl\/icim\/2019\/09\/10\/academicos-del-centro-de-bioetica-udd-exponen-en-universidad-central-de-quito\/#respond\"]}]},{\"@type\":\"WebPage\",\"@id\":\"https:\/\/medicina.udd.cl\/icim\/2019\/09\/10\/academicos-del-centro-de-bioetica-udd-exponen-en-universidad-central-de-quito\/\",\"url\":\"https:\/\/medicina.udd.cl\/icim\/2019\/09\/10\/academicos-del-centro-de-bioetica-udd-exponen-en-universidad-central-de-quito\/\",\"name\":\"Acad\u00e9micos del Centro de Bio\u00e9tica UDD exponen en Universidad Central de Ecuador - ICIM\",\"isPartOf\":{\"@id\":\"https:\/\/medicina.udd.cl\/icim\/#website\"},\"primaryImageOfPage\":{\"@id\":\"https:\/\/medicina.udd.cl\/icim\/2019\/09\/10\/academicos-del-centro-de-bioetica-udd-exponen-en-universidad-central-de-quito\/#primaryimage\"},\"image\":{\"@id\":\"https:\/\/medicina.udd.cl\/icim\/2019\/09\/10\/academicos-del-centro-de-bioetica-udd-exponen-en-universidad-central-de-quito\/#primaryimage\"},\"thumbnailUrl\":\"https:\/\/medicina.udd.cl\/icim\/files\/2019\/09\/IMG_6365.jpg\",\"datePublished\":\"2019-09-10T18:09:59+00:00\",\"dateModified\":\"2019-09-10T19:08:28+00:00\",\"author\":{\"@id\":\"https:\/\/medicina.udd.cl\/icim\/#\/schema\/person\/dbc3705bf3a93e8be1ba6de0ef950341\"},\"breadcrumb\":{\"@id\":\"https:\/\/medicina.udd.cl\/icim\/2019\/09\/10\/academicos-del-centro-de-bioetica-udd-exponen-en-universidad-central-de-quito\/#breadcrumb\"},\"inLanguage\":\"es\",\"potentialAction\":[{\"@type\":\"ReadAction\",\"target\":[\"https:\/\/medicina.udd.cl\/icim\/2019\/09\/10\/academicos-del-centro-de-bioetica-udd-exponen-en-universidad-central-de-quito\/\"]}]},{\"@type\":\"ImageObject\",\"inLanguage\":\"es\",\"@id\":\"https:\/\/medicina.udd.cl\/icim\/2019\/09\/10\/academicos-del-centro-de-bioetica-udd-exponen-en-universidad-central-de-quito\/#primaryimage\",\"url\":\"https:\/\/medicina.udd.cl\/icim\/files\/2019\/09\/IMG_6365.jpg\",\"contentUrl\":\"https:\/\/medicina.udd.cl\/icim\/files\/2019\/09\/IMG_6365.jpg\",\"width\":2317,\"height\":2783},{\"@type\":\"BreadcrumbList\",\"@id\":\"https:\/\/medicina.udd.cl\/icim\/2019\/09\/10\/academicos-del-centro-de-bioetica-udd-exponen-en-universidad-central-de-quito\/#breadcrumb\",\"itemListElement\":[{\"@type\":\"ListItem\",\"position\":1,\"name\":\"Inicio\",\"item\":\"https:\/\/medicina.udd.cl\/icim\/\"},{\"@type\":\"ListItem\",\"position\":2,\"name\":\"Acad\u00e9micos del Centro de Bio\u00e9tica UDD exponen en Universidad Central de Ecuador\"}]},{\"@type\":\"WebSite\",\"@id\":\"https:\/\/medicina.udd.cl\/icim\/#website\",\"url\":\"https:\/\/medicina.udd.cl\/icim\/\",\"name\":\"ICIM\",\"description\":\"Una iniciativa de Universidad del Desarrollo y Cl\u00ednica Alemana\",\"inLanguage\":\"es\"},{\"@type\":\"Person\",\"@id\":\"https:\/\/medicina.udd.cl\/icim\/#\/schema\/person\/dbc3705bf3a93e8be1ba6de0ef950341\",\"name\":\"rbraidy\",\"image\":{\"@type\":\"ImageObject\",\"inLanguage\":\"es\",\"@id\":\"https:\/\/medicina.udd.cl\/icim\/#\/schema\/person\/image\/\",\"url\":\"https:\/\/secure.gravatar.com\/avatar\/0f8bc94637401590e45d2ce17eb65c274cb8870a219de6177f3f23e63fd8cdf3?s=96&d=mm&r=g\",\"contentUrl\":\"https:\/\/secure.gravatar.com\/avatar\/0f8bc94637401590e45d2ce17eb65c274cb8870a219de6177f3f23e63fd8cdf3?s=96&d=mm&r=g\",\"caption\":\"rbraidy\"},\"url\":\"https:\/\/medicina.udd.cl\/icim\/author\/rbraidy\/\"}]}<\/script>\n<!-- \/ Yoast SEO plugin. -->","yoast_head_json":{"title":"Acad\u00e9micos del Centro de Bio\u00e9tica UDD exponen en Universidad Central de Ecuador - ICIM","robots":{"index":"index","follow":"follow","max-snippet":"max-snippet:-1","max-image-preview":"max-image-preview:large","max-video-preview":"max-video-preview:-1"},"canonical":"https:\/\/medicina.udd.cl\/icim\/2019\/09\/10\/academicos-del-centro-de-bioetica-udd-exponen-en-universidad-central-de-quito\/","og_locale":"es_ES","og_type":"article","og_title":"Acad\u00e9micos del Centro de Bio\u00e9tica UDD exponen en Universidad Central de Ecuador - ICIM","og_description":"Los acad\u00e9micos del Centro de Bio\u00e9tica de la Facultad de Medicina Cl\u00ednica Alemana Universidad del Desarrollo, Sof\u00eda Salas, Juan Alberto Lecaros y Daniel Toscano, fueron invitados por la Universidad Central de Ecuador a dar un curso intensivo de \u00ab\u00c9tica para los desaf\u00edos de la sociedad actual\u00bb, el cual se realiz\u00f3 entre los d\u00edas 2 y [&hellip;]","og_url":"https:\/\/medicina.udd.cl\/icim\/2019\/09\/10\/academicos-del-centro-de-bioetica-udd-exponen-en-universidad-central-de-quito\/","og_site_name":"ICIM","article_published_time":"2019-09-10T18:09:59+00:00","article_modified_time":"2019-09-10T19:08:28+00:00","og_image":[{"width":2317,"height":2783,"url":"https:\/\/medicina.udd.cl\/icim\/files\/2019\/09\/IMG_6365.jpg","type":"image\/jpeg"}],"author":"rbraidy","twitter_card":"summary_large_image","twitter_misc":{"Escrito por":"rbraidy","Tiempo de lectura":"1 minuto"},"schema":{"@context":"https:\/\/schema.org","@graph":[{"@type":"Article","@id":"https:\/\/medicina.udd.cl\/icim\/2019\/09\/10\/academicos-del-centro-de-bioetica-udd-exponen-en-universidad-central-de-quito\/#article","isPartOf":{"@id":"https:\/\/medicina.udd.cl\/icim\/2019\/09\/10\/academicos-del-centro-de-bioetica-udd-exponen-en-universidad-central-de-quito\/"},"author":{"name":"rbraidy","@id":"https:\/\/medicina.udd.cl\/icim\/#\/schema\/person\/dbc3705bf3a93e8be1ba6de0ef950341"},"headline":"Acad\u00e9micos del Centro de Bio\u00e9tica UDD exponen en Universidad Central de Ecuador","datePublished":"2019-09-10T18:09:59+00:00","dateModified":"2019-09-10T19:08:28+00:00","mainEntityOfPage":{"@id":"https:\/\/medicina.udd.cl\/icim\/2019\/09\/10\/academicos-del-centro-de-bioetica-udd-exponen-en-universidad-central-de-quito\/"},"wordCount":200,"commentCount":0,"image":{"@id":"https:\/\/medicina.udd.cl\/icim\/2019\/09\/10\/academicos-del-centro-de-bioetica-udd-exponen-en-universidad-central-de-quito\/#primaryimage"},"thumbnailUrl":"https:\/\/medicina.udd.cl\/icim\/files\/2019\/09\/IMG_6365.jpg","articleSection":["Noticias"],"inLanguage":"es","potentialAction":[{"@type":"CommentAction","name":"Comment","target":["https:\/\/medicina.udd.cl\/icim\/2019\/09\/10\/academicos-del-centro-de-bioetica-udd-exponen-en-universidad-central-de-quito\/#respond"]}]},{"@type":"WebPage","@id":"https:\/\/medicina.udd.cl\/icim\/2019\/09\/10\/academicos-del-centro-de-bioetica-udd-exponen-en-universidad-central-de-quito\/","url":"https:\/\/medicina.udd.cl\/icim\/2019\/09\/10\/academicos-del-centro-de-bioetica-udd-exponen-en-universidad-central-de-quito\/","name":"Acad\u00e9micos del Centro de Bio\u00e9tica UDD exponen en Universidad Central de Ecuador - ICIM","isPartOf":{"@id":"https:\/\/medicina.udd.cl\/icim\/#website"},"primaryImageOfPage":{"@id":"https:\/\/medicina.udd.cl\/icim\/2019\/09\/10\/academicos-del-centro-de-bioetica-udd-exponen-en-universidad-central-de-quito\/#primaryimage"},"image":{"@id":"https:\/\/medicina.udd.cl\/icim\/2019\/09\/10\/academicos-del-centro-de-bioetica-udd-exponen-en-universidad-central-de-quito\/#primaryimage"},"thumbnailUrl":"https:\/\/medicina.udd.cl\/icim\/files\/2019\/09\/IMG_6365.jpg","datePublished":"2019-09-10T18:09:59+00:00","dateModified":"2019-09-10T19:08:28+00:00","author":{"@id":"https:\/\/medicina.udd.cl\/icim\/#\/schema\/person\/dbc3705bf3a93e8be1ba6de0ef950341"},"breadcrumb":{"@id":"https:\/\/medicina.udd.cl\/icim\/2019\/09\/10\/academicos-del-centro-de-bioetica-udd-exponen-en-universidad-central-de-quito\/#breadcrumb"},"inLanguage":"es","potentialAction":[{"@type":"ReadAction","target":["https:\/\/medicina.udd.cl\/icim\/2019\/09\/10\/academicos-del-centro-de-bioetica-udd-exponen-en-universidad-central-de-quito\/"]}]},{"@type":"ImageObject","inLanguage":"es","@id":"https:\/\/medicina.udd.cl\/icim\/2019\/09\/10\/academicos-del-centro-de-bioetica-udd-exponen-en-universidad-central-de-quito\/#primaryimage","url":"https:\/\/medicina.udd.cl\/icim\/files\/2019\/09\/IMG_6365.jpg","contentUrl":"https:\/\/medicina.udd.cl\/icim\/files\/2019\/09\/IMG_6365.jpg","width":2317,"height":2783},{"@type":"BreadcrumbList","@id":"https:\/\/medicina.udd.cl\/icim\/2019\/09\/10\/academicos-del-centro-de-bioetica-udd-exponen-en-universidad-central-de-quito\/#breadcrumb","itemListElement":[{"@type":"ListItem","position":1,"name":"Inicio","item":"https:\/\/medicina.udd.cl\/icim\/"},{"@type":"ListItem","position":2,"name":"Acad\u00e9micos del Centro de Bio\u00e9tica UDD exponen en Universidad Central de Ecuador"}]},{"@type":"WebSite","@id":"https:\/\/medicina.udd.cl\/icim\/#website","url":"https:\/\/medicina.udd.cl\/icim\/","name":"ICIM","description":"Una iniciativa de Universidad del Desarrollo y Cl\u00ednica Alemana","inLanguage":"es"},{"@type":"Person","@id":"https:\/\/medicina.udd.cl\/icim\/#\/schema\/person\/dbc3705bf3a93e8be1ba6de0ef950341","name":"rbraidy","image":{"@type":"ImageObject","inLanguage":"es","@id":"https:\/\/medicina.udd.cl\/icim\/#\/schema\/person\/image\/","url":"https:\/\/secure.gravatar.com\/avatar\/0f8bc94637401590e45d2ce17eb65c274cb8870a219de6177f3f23e63fd8cdf3?s=96&d=mm&r=g","contentUrl":"https:\/\/secure.gravatar.com\/avatar\/0f8bc94637401590e45d2ce17eb65c274cb8870a219de6177f3f23e63fd8cdf3?s=96&d=mm&r=g","caption":"rbraidy"},"url":"https:\/\/medicina.udd.cl\/icim\/author\/rbraidy\/"}]}},"featured_image_url":"https:\/\/medicina.udd.cl\/icim\/files\/2019\/09\/IMG_6365.jpg","_links":{"self":[{"href":"https:\/\/medicina.udd.cl\/icim\/wp-json\/wp\/v2\/posts\/7889","targetHints":{"allow":["GET"]}}],"collection":[{"href":"https:\/\/medicina.udd.cl\/icim\/wp-json\/wp\/v2\/posts"}],"about":[{"href":"https:\/\/medicina.udd.cl\/icim\/wp-json\/wp\/v2\/types\/post"}],"author":[{"embeddable":true,"href":"https:\/\/medicina.udd.cl\/icim\/wp-json\/wp\/v2\/users\/9192219"}],"replies":[{"embeddable":true,"href":"https:\/\/medicina.udd.cl\/icim\/wp-json\/wp\/v2\/comments?post=7889"}],"version-history":[{"count":2,"href":"https:\/\/medicina.udd.cl\/icim\/wp-json\/wp\/v2\/posts\/7889\/revisions"}],"predecessor-version":[{"id":7894,"href":"https:\/\/medicina.udd.cl\/icim\/wp-json\/wp\/v2\/posts\/7889\/revisions\/7894"}],"wp:featuredmedia":[{"embeddable":true,"href":"https:\/\/medicina.udd.cl\/icim\/wp-json\/wp\/v2\/media\/7891"}],"wp:attachment":[{"href":"https:\/\/medicina.udd.cl\/icim\/wp-json\/wp\/v2\/media?parent=7889"}],"wp:term":[{"taxonomy":"category","embeddable":true,"href":"https:\/\/medicina.udd.cl\/icim\/wp-json\/wp\/v2\/categories?post=7889"},{"taxonomy":"post_tag","embeddable":true,"href":"https:\/\/medicina.udd.cl\/icim\/wp-json\/wp\/v2\/tags?post=7889"}],"curies":[{"name":"wp","href":"https:\/\/api.w.org\/{rel}","templated":true}]}}