{"id":8333,"date":"2020-01-24T15:33:25","date_gmt":"2020-01-24T15:33:25","guid":{"rendered":"http:\/\/medicina.udd.cl\/icim\/?p=8333"},"modified":"2020-01-28T15:55:33","modified_gmt":"2020-01-28T15:55:33","slug":"coronavirus-todo-sobre-el-nuevo-virus-que-preocupa-al-mundo","status":"publish","type":"post","link":"https:\/\/medicina.udd.cl\/icim\/2020\/01\/24\/coronavirus-todo-sobre-el-nuevo-virus-que-preocupa-al-mundo\/","title":{"rendered":"2019-nCoV: todo sobre el nuevo coronavirus que preocupa al mundo"},"content":{"rendered":"\n<p>Un nuevo virus mantiene en alerta a las autoridades sanitarias y causa alarma en la poblaci\u00f3n mundial. Se trata de un tipo de coronavirus, recientemente bautizado como 2019-nCoV, que est\u00e1 provocando un importante brote en China, afectando adem\u00e1s a otros pa\u00edses. <\/p>\n\n\n\n<p>Los primeros contagios se dieron en la ciudad de Wuh\u00e1n, a fines de diciembre del a\u00f1o reci\u00e9n pasado, en un mercado de productos del mar. En menos de un mes, ya son miles los infectados y las muertes van en aumento.<\/p>\n\n\n\n<p style=\"text-align:left\">Si bien la Organizaci\u00f3n Mundial de la Salud (OMS) decidi\u00f3 que a\u00fan es prematuro decretar una emergencia internacional, las dudas y preocupaci\u00f3n aumentan. Por esta raz\u00f3n, el Dr. Pablo Vial, infect\u00f3logo y director del Instituto de Ciencias e Innovaci\u00f3n en Medicina (ICIM) de la Facultad de Medicina Cl\u00ednica Alemana Universidad del Desarrollo, responde algunas preguntas en relaci\u00f3n a este virus, sus s\u00edntomas, tratamiento, su similitud con experiencias anteriores y analiza si es posible que la enfermedad llegue a nuestro pa\u00eds.<\/p>\n\n\n\n<div class=\"wp-block-image\"><figure class=\"alignright is-resized\"><img loading=\"lazy\" decoding=\"async\" src=\"https:\/\/medicina.udd.cl\/icim\/files\/2020\/01\/Pablo-Vial.jpg\" alt=\"\" class=\"wp-image-8342\" width=\"356\" height=\"283\" srcset=\"https:\/\/medicina.udd.cl\/icim\/files\/2020\/01\/Pablo-Vial.jpg 638w, https:\/\/medicina.udd.cl\/icim\/files\/2020\/01\/Pablo-Vial-300x239.jpg 300w\" sizes=\"auto, (max-width: 356px) 100vw, 356px\" \/><figcaption>Dr. Pablo Vial, director ICIM<\/figcaption><\/figure><\/div>\n\n\n\n<p><strong>\u00bfQu\u00e9 es un coronavirus?<\/strong><\/p>\n\n\n\n<p>Es un tipo de virus que infecta a diversas especies. Hay coronavirus en\nanimales terrestres, marinos, aves, como tambi\u00e9n en seres humanos. En general, y\ndependiendo de la especie, causan enfermedades respiratorias,\ngastrointestinales (diarreas, v\u00f3mitos), hep\u00e1ticas y del sistema nervioso\ncentral. El coronavirus actual, de acuerdo a los s\u00edntomas que se han descrito\nhasta ahora, afecta principalmente al sistema respiratorio y es similar a otros\nbrotes que ya hemos vivido, donde \u2018salt\u00f3\u2019 de una especie al ser humano.<\/p>\n\n\n\n<p>Se llaman coronavirus pues son virus que son redondos y tienen una\nenvoltura con unas prolongaciones (prote\u00ednas) que salen hacia fuera, por lo que,\nal mirarlo por el microscopio electr\u00f3nico, pareciera que a su alrededor\ntuvieran una corona. <\/p>\n\n\n\n<p><strong>\u00bfSon virus comunes?<\/strong><\/p>\n\n\n\n<p>En la pr\u00e1ctica, ya conocemos hace muchos a\u00f1os coronavirus de la especie\nhumana. Estos producen una enfermedad respiratoria de leve a moderada, pero no\ngrave. Lo que sucede es que como cada especie tiene un coronavirus en\nparticular, si se junta con otro de otra especie, sale uno nuevo. A esto,\ncient\u00edficamente, se le llama recombinaciones. <\/p>\n\n\n\n<p>La informaci\u00f3n con la que contamos hasta ahora muestra que esto es lo que\npuede haber sucedido en este brote, ya que precisamente los primeros casos\naparecieron en un mercado de productos del mar (Wuh\u00e1n, China), donde tambi\u00e9n\nhay otros animales vivos. Ah\u00ed no s\u00f3lo est\u00e1n los animales, sino tambi\u00e9n sus\nvirus, por lo que se genera el ambiente para que se produzcan recombinaciones. <\/p>\n\n\n\n<p>Ahora, lo que se est\u00e1 haciendo -y que es lo que se debe hacer- es\ncaracterizar este nuevo virus, saber en espec\u00edfico de d\u00f3nde vino, que especies\nse juntaron. Se piensa que puede ser de murci\u00e9lagos o serpientes, pero a\u00fan es\nparte de las acciones que se toman cuando surgen estos brotes. <\/p>\n\n\n\n<p><strong>\u00bfC\u00f3mo se transmite este\nvirus entonces? \u00bfDe animal a persona? \u00bfDe persona a persona?<\/strong><\/p>\n\n\n\n<p>Los eventos iniciales son de animal a persona, lo que se conoce como\nzoonosis. Muchos de los recombinantes no tienen capacidad de contagiar al\nhombre, otros s\u00ed. Un virus tiene que tener la capacidad de saltar de una especie\nhacia el ser humano; una vez que hace ese salto, puede ser que el virus infecte\ns\u00f3lo a una persona, sin capacidad de propagarse al resto, afectando s\u00f3lo a quienes\nest\u00e1n en ese lugar donde se produjo el recombinante. <\/p>\n\n\n\n<p>Epidemiol\u00f3gicamente, lo que se ha visto es que muchos de los eventos\niniciales fueron en personas que trabajaban en este mercado, pero luego\naparecieron familiares, amigos o turistas que hab\u00edan estado en contacto con\nestas personas, que se hab\u00edan infectado, sin haber estado jam\u00e1s en el mercado.\nEntonces, se sospecha que el virus no s\u00f3lo est\u00e1 dando el salto de animal a\npersona, sino que una vez que ya est\u00e1 en el hombre, \u00e9ste es capaz de transmitirlo\na sus semejantes. <\/p>\n\n\n\n<p><strong>\u00bfCu\u00e1l es la gravedad de este\nvirus? \u00bfHay que preocuparse? Se ha visto que s\u00ed es capaz de producir la muerte.\n<\/strong><\/p>\n\n\n\n<p>Lo primero que se observa de este virus es que es nuevo para la especie humana, por lo que no tenemos ning\u00fan rastro de inmunidad. Es una infecci\u00f3n con la cual nuestra especie nunca ha estado en contacto, lo que puede producir m\u00e1s da\u00f1o. No sabemos bien a\u00fan, pero pareciera ser un virus que afecta de manera m\u00e1s grave a personas debilitadas, mayores en edad, o con enfermedades cr\u00f3nicas o pulmonares; no es que no afecte a j\u00f3venes, pero s\u00ed es m\u00e1s grave en esos casos. Tambi\u00e9n, como tenemos diversidad gen\u00e9tica, hay personas con mayor susceptibilidad a algunos virus que otras que, aun siendo sanos, tienen una especial debilidad por infectarse de ciertos virus.<\/p>\n\n\n\n<p>Pero como tenemos experiencias anteriores \u2013 ya que este no es el primer\ncoronavirus que hace el salto de animal a personas- hay antecedentes que pueden\ndar respuestas y luces de lo que puede ocurrir, aunque a\u00fan as\u00ed es bastante\nimpredecible. Estos virus son una caja de sorpresas, no es f\u00e1cil determinar\ncu\u00e1l va a ser el comportamiento en la poblaci\u00f3n general del mundo. <\/p>\n\n\n\n<p>Uno es el virus SARS (S\u00edndrome agudo respiratorio severo), que se origin\u00f3 en\nChina en 2002 \u2013 2003, tambi\u00e9n a partir de estos mercados con animales vivos,\nque tuvo 8.600 casos en todo el mundo, disemin\u00e1ndose en 30 pa\u00edses, con una\nmortalidad de 800 casos (letalidad del 10%). \u00c9ste afect\u00f3 con mayor severidad a\npersonas sobre 65 a\u00f1os.<\/p>\n\n\n\n<p>En 2012, hubo otro brote de coronavirus, en Medio Oriente (MERS), que si\nbien fue m\u00e1s limitado en cuanto a su expansi\u00f3n geogr\u00e1fica, de los 2.500 casos\nvistos 860 terminaron en muerte. Es decir, tuvo una letalidad del 34%. <\/p>\n\n\n\n<p>Estos datos, sumado a lo que vemos hoy, un virus que comenz\u00f3 en diciembre\nde 2019, que a menos de un mes ya tiene 600 casos, que ya afecta a cinco pa\u00edses,\nque puede transmitirse de persona a persona, claramente genera preocupaci\u00f3n y\nmantiene alerta a las autoridades sanitarias de los pa\u00edses afectados y de la\nOMS, quienes buscan hacer todo lo posible para detenerlo y tomar las medidas\nque sean necesarias para evitar una pandemia mundial. <\/p>\n\n\n\n<p><strong>\u00bfCu\u00e1l es el tratamiento?<\/strong><\/p>\n\n\n\n<p>Por el momento, no sabemos bien el espectro. Es probable que haya muchas\npersonas que se infecten y no presenten s\u00edntomas, otras que hagan una\nenfermedad limitada (fiebre, tos, congesti\u00f3n, dolor de cabeza, mialgias,\nfatigabilidad) y queden ah\u00ed. Otro grupo puede empezar a sentir que les falta el\naire y presentar dificultad para respirar, que en medicina se llama disnea.\nEsas personas lo m\u00e1s probable es que est\u00e9n desarrollando una neumon\u00eda o\nneumonitis, es decir, el virus est\u00e1 provocando inflamaci\u00f3n m\u00e1s profunda y\nsevera, lo que genera un problema respiratorio m\u00e1s grave. &nbsp;A ellos hay que hospitalizarlos, ver si\nrequieren tratamiento con ox\u00edgeno, evaluar su dificultad respiratoria para ver\nsi necesitan respirador o alguna t\u00e9cnica moderna de soporte de la parte\nrespiratoria e ir adelant\u00e1ndose a las complicaciones que pueden ir presentando.\n<\/p>\n\n\n\n<p><strong>\u00bfCu\u00e1les son las\nposibilidades que este coronavirus llegue a Chile?<\/strong><\/p>\n\n\n\n<p>Si uno habla de posibilidades, \u00e9stas son bajas, pues depender\u00e1 de la capacidad\nde propagaci\u00f3n del virus y de la comunicaci\u00f3n que tengamos con los lugares que\nest\u00e1n siendo afectados. En Chile, no tenemos tanto intercambio con el \u00e1rea\ndonde est\u00e1 d\u00e1ndose este brote. Los pa\u00edses afectados \u2013 Jap\u00f3n, Corea, Tailandia, China\ny Estados Unidos, tienen un gran intercambio de personas. Es m\u00e1s, no me\nextra\u00f1ar\u00eda que apareciera pronto un caso en Canad\u00e1, precisamente por el flujo\nde personas que existe. Chile est\u00e1 lejos de eso, por lo que es posible predecir\nque no tendremos casos o que seremos de los \u00faltimos pa\u00edses donde aparezca uno. <\/p>\n","protected":false},"excerpt":{"rendered":"<p>Un nuevo virus mantiene en alerta a las autoridades sanitarias y causa alarma en la poblaci\u00f3n mundial. Se trata de un tipo de coronavirus, recientemente bautizado como 2019-nCoV, que est\u00e1 provocando un importante brote en China, afectando adem\u00e1s a otros pa\u00edses. Los primeros contagios se dieron en la ciudad de Wuh\u00e1n, a fines de diciembre [&hellip;]<\/p>\n","protected":false},"author":42,"featured_media":8334,"comment_status":"open","ping_status":"open","sticky":false,"template":"","format":"standard","meta":{"footnotes":""},"categories":[4],"tags":[],"class_list":["post-8333","post","type-post","status-publish","format-standard","has-post-thumbnail","hentry","category-noticias"],"yoast_head":"<!-- This site is optimized with the Yoast SEO plugin v26.9 - https:\/\/yoast.com\/product\/yoast-seo-wordpress\/ -->\n<title>2019-nCoV: todo sobre el nuevo coronavirus que preocupa al mundo - ICIM<\/title>\n<meta name=\"robots\" content=\"index, follow, max-snippet:-1, max-image-preview:large, max-video-preview:-1\" \/>\n<link rel=\"canonical\" href=\"https:\/\/medicina.udd.cl\/icim\/2020\/01\/24\/coronavirus-todo-sobre-el-nuevo-virus-que-preocupa-al-mundo\/\" \/>\n<meta property=\"og:locale\" content=\"es_ES\" \/>\n<meta property=\"og:type\" content=\"article\" \/>\n<meta property=\"og:title\" content=\"2019-nCoV: todo sobre el nuevo coronavirus que preocupa al mundo - ICIM\" \/>\n<meta property=\"og:description\" content=\"Un nuevo virus mantiene en alerta a las autoridades sanitarias y causa alarma en la poblaci\u00f3n mundial. Se trata de un tipo de coronavirus, recientemente bautizado como 2019-nCoV, que est\u00e1 provocando un importante brote en China, afectando adem\u00e1s a otros pa\u00edses. Los primeros contagios se dieron en la ciudad de Wuh\u00e1n, a fines de diciembre [&hellip;]\" \/>\n<meta property=\"og:url\" content=\"https:\/\/medicina.udd.cl\/icim\/2020\/01\/24\/coronavirus-todo-sobre-el-nuevo-virus-que-preocupa-al-mundo\/\" \/>\n<meta property=\"og:site_name\" content=\"ICIM\" \/>\n<meta property=\"article:published_time\" content=\"2020-01-24T15:33:25+00:00\" \/>\n<meta property=\"article:modified_time\" content=\"2020-01-28T15:55:33+00:00\" \/>\n<meta property=\"og:image\" content=\"https:\/\/medicina.udd.cl\/icim\/files\/2020\/01\/98234393_l-1024x683.jpg\" \/>\n\t<meta property=\"og:image:width\" content=\"1024\" \/>\n\t<meta property=\"og:image:height\" content=\"683\" \/>\n\t<meta property=\"og:image:type\" content=\"image\/jpeg\" \/>\n<meta name=\"twitter:card\" content=\"summary_large_image\" \/>\n<meta name=\"twitter:label1\" content=\"Escrito por\" \/>\n\t<meta name=\"twitter:data1\" content=\"\" \/>\n\t<meta name=\"twitter:label2\" content=\"Tiempo de lectura\" \/>\n\t<meta name=\"twitter:data2\" content=\"7 minutos\" \/>\n<script type=\"application\/ld+json\" class=\"yoast-schema-graph\">{\"@context\":\"https:\/\/schema.org\",\"@graph\":[{\"@type\":\"Article\",\"@id\":\"https:\/\/medicina.udd.cl\/icim\/2020\/01\/24\/coronavirus-todo-sobre-el-nuevo-virus-que-preocupa-al-mundo\/#article\",\"isPartOf\":{\"@id\":\"https:\/\/medicina.udd.cl\/icim\/2020\/01\/24\/coronavirus-todo-sobre-el-nuevo-virus-que-preocupa-al-mundo\/\"},\"author\":{\"name\":\"\",\"@id\":\"\"},\"headline\":\"2019-nCoV: todo sobre el nuevo coronavirus que preocupa al mundo\",\"datePublished\":\"2020-01-24T15:33:25+00:00\",\"dateModified\":\"2020-01-28T15:55:33+00:00\",\"mainEntityOfPage\":{\"@id\":\"https:\/\/medicina.udd.cl\/icim\/2020\/01\/24\/coronavirus-todo-sobre-el-nuevo-virus-que-preocupa-al-mundo\/\"},\"wordCount\":1349,\"commentCount\":0,\"image\":{\"@id\":\"https:\/\/medicina.udd.cl\/icim\/2020\/01\/24\/coronavirus-todo-sobre-el-nuevo-virus-que-preocupa-al-mundo\/#primaryimage\"},\"thumbnailUrl\":\"https:\/\/medicina.udd.cl\/icim\/files\/2020\/01\/98234393_l.jpg\",\"articleSection\":[\"Noticias\"],\"inLanguage\":\"es\",\"potentialAction\":[{\"@type\":\"CommentAction\",\"name\":\"Comment\",\"target\":[\"https:\/\/medicina.udd.cl\/icim\/2020\/01\/24\/coronavirus-todo-sobre-el-nuevo-virus-que-preocupa-al-mundo\/#respond\"]}]},{\"@type\":\"WebPage\",\"@id\":\"https:\/\/medicina.udd.cl\/icim\/2020\/01\/24\/coronavirus-todo-sobre-el-nuevo-virus-que-preocupa-al-mundo\/\",\"url\":\"https:\/\/medicina.udd.cl\/icim\/2020\/01\/24\/coronavirus-todo-sobre-el-nuevo-virus-que-preocupa-al-mundo\/\",\"name\":\"2019-nCoV: todo sobre el nuevo coronavirus que preocupa al mundo - ICIM\",\"isPartOf\":{\"@id\":\"https:\/\/medicina.udd.cl\/icim\/#website\"},\"primaryImageOfPage\":{\"@id\":\"https:\/\/medicina.udd.cl\/icim\/2020\/01\/24\/coronavirus-todo-sobre-el-nuevo-virus-que-preocupa-al-mundo\/#primaryimage\"},\"image\":{\"@id\":\"https:\/\/medicina.udd.cl\/icim\/2020\/01\/24\/coronavirus-todo-sobre-el-nuevo-virus-que-preocupa-al-mundo\/#primaryimage\"},\"thumbnailUrl\":\"https:\/\/medicina.udd.cl\/icim\/files\/2020\/01\/98234393_l.jpg\",\"datePublished\":\"2020-01-24T15:33:25+00:00\",\"dateModified\":\"2020-01-28T15:55:33+00:00\",\"author\":{\"@id\":\"\"},\"breadcrumb\":{\"@id\":\"https:\/\/medicina.udd.cl\/icim\/2020\/01\/24\/coronavirus-todo-sobre-el-nuevo-virus-que-preocupa-al-mundo\/#breadcrumb\"},\"inLanguage\":\"es\",\"potentialAction\":[{\"@type\":\"ReadAction\",\"target\":[\"https:\/\/medicina.udd.cl\/icim\/2020\/01\/24\/coronavirus-todo-sobre-el-nuevo-virus-que-preocupa-al-mundo\/\"]}]},{\"@type\":\"ImageObject\",\"inLanguage\":\"es\",\"@id\":\"https:\/\/medicina.udd.cl\/icim\/2020\/01\/24\/coronavirus-todo-sobre-el-nuevo-virus-que-preocupa-al-mundo\/#primaryimage\",\"url\":\"https:\/\/medicina.udd.cl\/icim\/files\/2020\/01\/98234393_l.jpg\",\"contentUrl\":\"https:\/\/medicina.udd.cl\/icim\/files\/2020\/01\/98234393_l.jpg\",\"width\":6000,\"height\":4000,\"caption\":\"SSUCv3H4sIAAAAAAAEAIVSy27DIBC8V+o\/RJwT1Y9ATL+gl35B1cMaSIxiGwtwq6ryvxdinKxbKb15d4bdmfV8Pz5sNqQGpwV53nzHKtS6bUfnLXht+tDOt6mvpPbGamhDM4u96YIQ58GPTjk0otYn5404D43xJvTLZYaAfgVch0uroHNed2q10g24PIZHrQY8cDC9pJjjmtF7ZS9bIhEJFeDVKThYS03u3+Z6swBJrg8QeVHQ+kaAVU+v4QoinGCLWG6sI4ssrWl7Z9b9l\/PH+2IGTqoXX1HthHxY1SqYD\/42U8n5M3juLr4S6UNLZVANo9QG+f4wwYb7daHBaqH7E3pmfKMsqkWIhulQozf+oiQZIzIcOZZ5mTPKKeUZY3lWVYyRJS7hz2iJtc4JanSA7BfSOA6tAankrbUKQU6LfJ8VxeFwvemf5CUOPVQ3zq+ILBRe3CgpeBFhJeXo8TVwEasynpc37E+6E6dAnHXQE4GXMz5dUzzWnQ4i71svWVb8Y6tkPP\/nOrSgVZb2oyzouJscq0qBFHwnxaHa7aGmOxCs3hWKZSVnjDIpQ3ynH7l5veVLBAAA\"},{\"@type\":\"BreadcrumbList\",\"@id\":\"https:\/\/medicina.udd.cl\/icim\/2020\/01\/24\/coronavirus-todo-sobre-el-nuevo-virus-que-preocupa-al-mundo\/#breadcrumb\",\"itemListElement\":[{\"@type\":\"ListItem\",\"position\":1,\"name\":\"Inicio\",\"item\":\"https:\/\/medicina.udd.cl\/icim\/\"},{\"@type\":\"ListItem\",\"position\":2,\"name\":\"2019-nCoV: todo sobre el nuevo coronavirus que preocupa al mundo\"}]},{\"@type\":\"WebSite\",\"@id\":\"https:\/\/medicina.udd.cl\/icim\/#website\",\"url\":\"https:\/\/medicina.udd.cl\/icim\/\",\"name\":\"ICIM\",\"description\":\"Una iniciativa de Universidad del Desarrollo y Cl\u00ednica Alemana\",\"inLanguage\":\"es\"},{\"@type\":\"Person\",\"@id\":\"\",\"url\":\"https:\/\/medicina.udd.cl\/icim\/author\/\"}]}<\/script>\n<!-- \/ Yoast SEO plugin. -->","yoast_head_json":{"title":"2019-nCoV: todo sobre el nuevo coronavirus que preocupa al mundo - ICIM","robots":{"index":"index","follow":"follow","max-snippet":"max-snippet:-1","max-image-preview":"max-image-preview:large","max-video-preview":"max-video-preview:-1"},"canonical":"https:\/\/medicina.udd.cl\/icim\/2020\/01\/24\/coronavirus-todo-sobre-el-nuevo-virus-que-preocupa-al-mundo\/","og_locale":"es_ES","og_type":"article","og_title":"2019-nCoV: todo sobre el nuevo coronavirus que preocupa al mundo - ICIM","og_description":"Un nuevo virus mantiene en alerta a las autoridades sanitarias y causa alarma en la poblaci\u00f3n mundial. Se trata de un tipo de coronavirus, recientemente bautizado como 2019-nCoV, que est\u00e1 provocando un importante brote en China, afectando adem\u00e1s a otros pa\u00edses. Los primeros contagios se dieron en la ciudad de Wuh\u00e1n, a fines de diciembre [&hellip;]","og_url":"https:\/\/medicina.udd.cl\/icim\/2020\/01\/24\/coronavirus-todo-sobre-el-nuevo-virus-que-preocupa-al-mundo\/","og_site_name":"ICIM","article_published_time":"2020-01-24T15:33:25+00:00","article_modified_time":"2020-01-28T15:55:33+00:00","og_image":[{"width":1024,"height":683,"url":"https:\/\/medicina.udd.cl\/icim\/files\/2020\/01\/98234393_l-1024x683.jpg","type":"image\/jpeg"}],"twitter_card":"summary_large_image","twitter_misc":{"Escrito por":"","Tiempo de lectura":"7 minutos"},"schema":{"@context":"https:\/\/schema.org","@graph":[{"@type":"Article","@id":"https:\/\/medicina.udd.cl\/icim\/2020\/01\/24\/coronavirus-todo-sobre-el-nuevo-virus-que-preocupa-al-mundo\/#article","isPartOf":{"@id":"https:\/\/medicina.udd.cl\/icim\/2020\/01\/24\/coronavirus-todo-sobre-el-nuevo-virus-que-preocupa-al-mundo\/"},"author":{"name":"","@id":""},"headline":"2019-nCoV: todo sobre el nuevo coronavirus que preocupa al mundo","datePublished":"2020-01-24T15:33:25+00:00","dateModified":"2020-01-28T15:55:33+00:00","mainEntityOfPage":{"@id":"https:\/\/medicina.udd.cl\/icim\/2020\/01\/24\/coronavirus-todo-sobre-el-nuevo-virus-que-preocupa-al-mundo\/"},"wordCount":1349,"commentCount":0,"image":{"@id":"https:\/\/medicina.udd.cl\/icim\/2020\/01\/24\/coronavirus-todo-sobre-el-nuevo-virus-que-preocupa-al-mundo\/#primaryimage"},"thumbnailUrl":"https:\/\/medicina.udd.cl\/icim\/files\/2020\/01\/98234393_l.jpg","articleSection":["Noticias"],"inLanguage":"es","potentialAction":[{"@type":"CommentAction","name":"Comment","target":["https:\/\/medicina.udd.cl\/icim\/2020\/01\/24\/coronavirus-todo-sobre-el-nuevo-virus-que-preocupa-al-mundo\/#respond"]}]},{"@type":"WebPage","@id":"https:\/\/medicina.udd.cl\/icim\/2020\/01\/24\/coronavirus-todo-sobre-el-nuevo-virus-que-preocupa-al-mundo\/","url":"https:\/\/medicina.udd.cl\/icim\/2020\/01\/24\/coronavirus-todo-sobre-el-nuevo-virus-que-preocupa-al-mundo\/","name":"2019-nCoV: todo sobre el nuevo coronavirus que preocupa al mundo - ICIM","isPartOf":{"@id":"https:\/\/medicina.udd.cl\/icim\/#website"},"primaryImageOfPage":{"@id":"https:\/\/medicina.udd.cl\/icim\/2020\/01\/24\/coronavirus-todo-sobre-el-nuevo-virus-que-preocupa-al-mundo\/#primaryimage"},"image":{"@id":"https:\/\/medicina.udd.cl\/icim\/2020\/01\/24\/coronavirus-todo-sobre-el-nuevo-virus-que-preocupa-al-mundo\/#primaryimage"},"thumbnailUrl":"https:\/\/medicina.udd.cl\/icim\/files\/2020\/01\/98234393_l.jpg","datePublished":"2020-01-24T15:33:25+00:00","dateModified":"2020-01-28T15:55:33+00:00","author":{"@id":""},"breadcrumb":{"@id":"https:\/\/medicina.udd.cl\/icim\/2020\/01\/24\/coronavirus-todo-sobre-el-nuevo-virus-que-preocupa-al-mundo\/#breadcrumb"},"inLanguage":"es","potentialAction":[{"@type":"ReadAction","target":["https:\/\/medicina.udd.cl\/icim\/2020\/01\/24\/coronavirus-todo-sobre-el-nuevo-virus-que-preocupa-al-mundo\/"]}]},{"@type":"ImageObject","inLanguage":"es","@id":"https:\/\/medicina.udd.cl\/icim\/2020\/01\/24\/coronavirus-todo-sobre-el-nuevo-virus-que-preocupa-al-mundo\/#primaryimage","url":"https:\/\/medicina.udd.cl\/icim\/files\/2020\/01\/98234393_l.jpg","contentUrl":"https:\/\/medicina.udd.cl\/icim\/files\/2020\/01\/98234393_l.jpg","width":6000,"height":4000,"caption":"SSUCv3H4sIAAAAAAAEAIVSy27DIBC8V+o\/RJwT1Y9ATL+gl35B1cMaSIxiGwtwq6ryvxdinKxbKb15d4bdmfV8Pz5sNqQGpwV53nzHKtS6bUfnLXht+tDOt6mvpPbGamhDM4u96YIQ58GPTjk0otYn5404D43xJvTLZYaAfgVch0uroHNed2q10g24PIZHrQY8cDC9pJjjmtF7ZS9bIhEJFeDVKThYS03u3+Z6swBJrg8QeVHQ+kaAVU+v4QoinGCLWG6sI4ssrWl7Z9b9l\/PH+2IGTqoXX1HthHxY1SqYD\/42U8n5M3juLr4S6UNLZVANo9QG+f4wwYb7daHBaqH7E3pmfKMsqkWIhulQozf+oiQZIzIcOZZ5mTPKKeUZY3lWVYyRJS7hz2iJtc4JanSA7BfSOA6tAankrbUKQU6LfJ8VxeFwvemf5CUOPVQ3zq+ILBRe3CgpeBFhJeXo8TVwEasynpc37E+6E6dAnHXQE4GXMz5dUzzWnQ4i71svWVb8Y6tkPP\/nOrSgVZb2oyzouJscq0qBFHwnxaHa7aGmOxCs3hWKZSVnjDIpQ3ynH7l5veVLBAAA"},{"@type":"BreadcrumbList","@id":"https:\/\/medicina.udd.cl\/icim\/2020\/01\/24\/coronavirus-todo-sobre-el-nuevo-virus-que-preocupa-al-mundo\/#breadcrumb","itemListElement":[{"@type":"ListItem","position":1,"name":"Inicio","item":"https:\/\/medicina.udd.cl\/icim\/"},{"@type":"ListItem","position":2,"name":"2019-nCoV: todo sobre el nuevo coronavirus que preocupa al mundo"}]},{"@type":"WebSite","@id":"https:\/\/medicina.udd.cl\/icim\/#website","url":"https:\/\/medicina.udd.cl\/icim\/","name":"ICIM","description":"Una iniciativa de Universidad del Desarrollo y Cl\u00ednica Alemana","inLanguage":"es"},{"@type":"Person","@id":"","url":"https:\/\/medicina.udd.cl\/icim\/author\/"}]}},"featured_image_url":"https:\/\/medicina.udd.cl\/icim\/files\/2020\/01\/98234393_l.jpg","_links":{"self":[{"href":"https:\/\/medicina.udd.cl\/icim\/wp-json\/wp\/v2\/posts\/8333","targetHints":{"allow":["GET"]}}],"collection":[{"href":"https:\/\/medicina.udd.cl\/icim\/wp-json\/wp\/v2\/posts"}],"about":[{"href":"https:\/\/medicina.udd.cl\/icim\/wp-json\/wp\/v2\/types\/post"}],"author":[{"embeddable":true,"href":"https:\/\/medicina.udd.cl\/icim\/wp-json\/wp\/v2\/users\/42"}],"replies":[{"embeddable":true,"href":"https:\/\/medicina.udd.cl\/icim\/wp-json\/wp\/v2\/comments?post=8333"}],"version-history":[{"count":15,"href":"https:\/\/medicina.udd.cl\/icim\/wp-json\/wp\/v2\/posts\/8333\/revisions"}],"predecessor-version":[{"id":8365,"href":"https:\/\/medicina.udd.cl\/icim\/wp-json\/wp\/v2\/posts\/8333\/revisions\/8365"}],"wp:featuredmedia":[{"embeddable":true,"href":"https:\/\/medicina.udd.cl\/icim\/wp-json\/wp\/v2\/media\/8334"}],"wp:attachment":[{"href":"https:\/\/medicina.udd.cl\/icim\/wp-json\/wp\/v2\/media?parent=8333"}],"wp:term":[{"taxonomy":"category","embeddable":true,"href":"https:\/\/medicina.udd.cl\/icim\/wp-json\/wp\/v2\/categories?post=8333"},{"taxonomy":"post_tag","embeddable":true,"href":"https:\/\/medicina.udd.cl\/icim\/wp-json\/wp\/v2\/tags?post=8333"}],"curies":[{"name":"wp","href":"https:\/\/api.w.org\/{rel}","templated":true}]}}