{"id":8915,"date":"2020-12-16T21:16:06","date_gmt":"2020-12-16T21:16:06","guid":{"rendered":"http:\/\/medicina.udd.cl\/icim\/?p=8915"},"modified":"2020-12-16T21:19:33","modified_gmt":"2020-12-16T21:19:33","slug":"centro-de-genetica-y-genomica-se-adjudica-concurso-subvencion-a-la-instalacion-en-la-academia-2020","status":"publish","type":"post","link":"https:\/\/medicina.udd.cl\/icim\/2020\/12\/16\/centro-de-genetica-y-genomica-se-adjudica-concurso-subvencion-a-la-instalacion-en-la-academia-2020\/","title":{"rendered":"Centro de Gen\u00e9tica y Gen\u00f3mica se adjudica Concurso Subvenci\u00f3n a la Instalaci\u00f3n en la Academia 2020"},"content":{"rendered":"\n<div class=\"wp-block-image is-style-default\"><figure class=\"alignright size-large\"><img loading=\"lazy\" decoding=\"async\" width=\"400\" height=\"400\" src=\"https:\/\/medicina.udd.cl\/icim\/files\/2020\/12\/Foto-Eduardo-P\u00e9rez.png\" alt=\"\" class=\"wp-image-8916\" srcset=\"https:\/\/medicina.udd.cl\/icim\/files\/2020\/12\/Foto-Eduardo-P\u00e9rez.png 400w, https:\/\/medicina.udd.cl\/icim\/files\/2020\/12\/Foto-Eduardo-P\u00e9rez-300x300.png 300w, https:\/\/medicina.udd.cl\/icim\/files\/2020\/12\/Foto-Eduardo-P\u00e9rez-150x150.png 150w, https:\/\/medicina.udd.cl\/icim\/files\/2020\/12\/Foto-Eduardo-P\u00e9rez-62x62.png 62w, https:\/\/medicina.udd.cl\/icim\/files\/2020\/12\/Foto-Eduardo-P\u00e9rez-126x126.png 126w\" sizes=\"auto, (max-width: 400px) 100vw, 400px\" \/><\/figure><\/div>\n\n\n\n<p>En el marco de la Convocatoria Nacional Subvenci\u00f3n a la\nInstalaci\u00f3n en la Academia 2020 de la Agencia Nacional de Investigaci\u00f3n y\nDesarrollo (ANID), el Centro de Gen\u00e9tica y Gen\u00f3mica (CGG) del Instituto de\nCiencias e Innovaci\u00f3n en Medicina (ICIM) de la Universidad del Desarrollo\nincorporar\u00e1 a su equipo al doctor en Biociencias Moleculares, Eduardo P\u00e9rez. <\/p>\n\n\n\n<p>Este concurso es un instrumento que apunta a contribuir al\nfortalecimiento institucional de las universidades chilenas a trav\u00e9s de la\ninstalaci\u00f3n en la academia de investigadores que inician su carrera\nindependiente.&nbsp; <\/p>\n\n\n\n<p>En este contexto, la postulaci\u00f3n se realiz\u00f3 con una propuesta\nsobre gen\u00e9tica de la epilepsia \u2013 principal l\u00ednea de investigaci\u00f3n del Dr. P\u00e9rez\ndurante los \u00faltimos a\u00f1os- denominada \u201cCaracterizaci\u00f3n de variantes gen\u00e9ticas\nraras y comunes en pacientes chilenos con epilepsias y encefalopat\u00edas\nepil\u00e9pticas del desarrollo\u201d.<\/p>\n\n\n\n<p>Seg\u00fan cuenta el investigador, su proyecto est\u00e1 orientado a\nestudiar la gen\u00e9tica de la epilepsia en un amplio espectro. \u201cEs una enfermedad que\npuede tener un alto componente gen\u00e9tico. Por un lado, podemos encontrar\nvariantes gen\u00e9ticas raras de gran efecto que por s\u00ed solas causan encefalopat\u00edas\nepil\u00e9pticas del desarrollo, la presentaci\u00f3n m\u00e1s devastadora de la epilepsia.\nPor otro lado, tenemos m\u00faltiples variantes comunes de peque\u00f1o efecto que en su conjunto\notorgan riesgo para epilepsia. En nuestro proyecto estudiaremos ambos casos en\npacientes chilenos\u201d. <\/p>\n\n\n\n<p>A su vez, agradece la adjudicaci\u00f3n de este proyecto y\nmanifiesta entusiasmo por ponerlo en marcha, pues \u201choy en d\u00eda, la gen\u00e9tica\npuede mejorar directamente la vida de las personas afectadas con enfermedades\ncomo la epilepsia. Con m\u00e9todos bioinform\u00e1ticos podemos incrementar la tasa de\ndiagn\u00f3stico. Si somos capaces de llegar a un diagn\u00f3stico, podemos no s\u00f3lo dar\ntranquilidad a familias que han esperado por a\u00f1os encontrar la causa de la\nenfermedad, sino que tambi\u00e9n guiar el tratamiento e incluso en algunos casos,\nconducir a soluciones definitivas.\u201d finaliz\u00f3. <\/p>\n\n\n\n<p>Cabe destacar, adem\u00e1s, que la incorporaci\u00f3n de Eduardo P\u00e9rez\na un cargo de acad\u00e9mico en el CGG se enmarca en el objetivo del centro de\nfortalecer el \u00e1rea de la bioinform\u00e1tica para desarrollar investigaci\u00f3n en esta\n\u00e1rea, adem\u00e1s de habilidades para liderar proyectos colaborativos y formaci\u00f3n de\ncapital humano avanzado.<\/p>\n","protected":false},"excerpt":{"rendered":"<p>En el marco de la Convocatoria Nacional Subvenci\u00f3n a la Instalaci\u00f3n en la Academia 2020 de la Agencia Nacional de Investigaci\u00f3n y Desarrollo (ANID), el Centro de Gen\u00e9tica y Gen\u00f3mica (CGG) del Instituto de Ciencias e Innovaci\u00f3n en Medicina (ICIM) de la Universidad del Desarrollo incorporar\u00e1 a su equipo al doctor en Biociencias Moleculares, Eduardo [&hellip;]<\/p>\n","protected":false},"author":42,"featured_media":8919,"comment_status":"open","ping_status":"open","sticky":false,"template":"","format":"standard","meta":{"footnotes":""},"categories":[4],"tags":[],"class_list":["post-8915","post","type-post","status-publish","format-standard","has-post-thumbnail","hentry","category-noticias"],"yoast_head":"<!-- This site is optimized with the Yoast SEO plugin v26.9 - https:\/\/yoast.com\/product\/yoast-seo-wordpress\/ -->\n<title>Centro de Gen\u00e9tica y Gen\u00f3mica se adjudica Concurso Subvenci\u00f3n a la Instalaci\u00f3n en la Academia 2020 - ICIM<\/title>\n<meta name=\"robots\" content=\"index, follow, max-snippet:-1, max-image-preview:large, max-video-preview:-1\" \/>\n<link rel=\"canonical\" href=\"https:\/\/medicina.udd.cl\/icim\/2020\/12\/16\/centro-de-genetica-y-genomica-se-adjudica-concurso-subvencion-a-la-instalacion-en-la-academia-2020\/\" \/>\n<meta property=\"og:locale\" content=\"es_ES\" \/>\n<meta property=\"og:type\" content=\"article\" \/>\n<meta property=\"og:title\" content=\"Centro de Gen\u00e9tica y Gen\u00f3mica se adjudica Concurso Subvenci\u00f3n a la Instalaci\u00f3n en la Academia 2020 - ICIM\" \/>\n<meta property=\"og:description\" content=\"En el marco de la Convocatoria Nacional Subvenci\u00f3n a la Instalaci\u00f3n en la Academia 2020 de la Agencia Nacional de Investigaci\u00f3n y Desarrollo (ANID), el Centro de Gen\u00e9tica y Gen\u00f3mica (CGG) del Instituto de Ciencias e Innovaci\u00f3n en Medicina (ICIM) de la Universidad del Desarrollo incorporar\u00e1 a su equipo al doctor en Biociencias Moleculares, Eduardo [&hellip;]\" \/>\n<meta property=\"og:url\" content=\"https:\/\/medicina.udd.cl\/icim\/2020\/12\/16\/centro-de-genetica-y-genomica-se-adjudica-concurso-subvencion-a-la-instalacion-en-la-academia-2020\/\" \/>\n<meta property=\"og:site_name\" content=\"ICIM\" \/>\n<meta property=\"article:published_time\" content=\"2020-12-16T21:16:06+00:00\" \/>\n<meta property=\"article:modified_time\" content=\"2020-12-16T21:19:33+00:00\" \/>\n<meta property=\"og:image\" content=\"https:\/\/medicina.udd.cl\/icim\/files\/2020\/12\/Foto-Eduardo-P\u00e9rez-copia-1.png\" \/>\n\t<meta property=\"og:image:width\" content=\"564\" \/>\n\t<meta property=\"og:image:height\" content=\"388\" \/>\n\t<meta property=\"og:image:type\" content=\"image\/png\" \/>\n<meta name=\"twitter:card\" content=\"summary_large_image\" \/>\n<meta name=\"twitter:label1\" content=\"Escrito por\" \/>\n\t<meta name=\"twitter:data1\" content=\"\" \/>\n\t<meta name=\"twitter:label2\" content=\"Tiempo de lectura\" \/>\n\t<meta name=\"twitter:data2\" content=\"2 minutos\" \/>\n<script type=\"application\/ld+json\" class=\"yoast-schema-graph\">{\"@context\":\"https:\/\/schema.org\",\"@graph\":[{\"@type\":\"Article\",\"@id\":\"https:\/\/medicina.udd.cl\/icim\/2020\/12\/16\/centro-de-genetica-y-genomica-se-adjudica-concurso-subvencion-a-la-instalacion-en-la-academia-2020\/#article\",\"isPartOf\":{\"@id\":\"https:\/\/medicina.udd.cl\/icim\/2020\/12\/16\/centro-de-genetica-y-genomica-se-adjudica-concurso-subvencion-a-la-instalacion-en-la-academia-2020\/\"},\"author\":{\"name\":\"\",\"@id\":\"\"},\"headline\":\"Centro de Gen\u00e9tica y Gen\u00f3mica se adjudica Concurso Subvenci\u00f3n a la Instalaci\u00f3n en la Academia 2020\",\"datePublished\":\"2020-12-16T21:16:06+00:00\",\"dateModified\":\"2020-12-16T21:19:33+00:00\",\"mainEntityOfPage\":{\"@id\":\"https:\/\/medicina.udd.cl\/icim\/2020\/12\/16\/centro-de-genetica-y-genomica-se-adjudica-concurso-subvencion-a-la-instalacion-en-la-academia-2020\/\"},\"wordCount\":417,\"commentCount\":0,\"image\":{\"@id\":\"https:\/\/medicina.udd.cl\/icim\/2020\/12\/16\/centro-de-genetica-y-genomica-se-adjudica-concurso-subvencion-a-la-instalacion-en-la-academia-2020\/#primaryimage\"},\"thumbnailUrl\":\"https:\/\/medicina.udd.cl\/icim\/files\/2020\/12\/Foto-Eduardo-P\u00e9rez-copia-1.png\",\"articleSection\":[\"Noticias\"],\"inLanguage\":\"es\",\"potentialAction\":[{\"@type\":\"CommentAction\",\"name\":\"Comment\",\"target\":[\"https:\/\/medicina.udd.cl\/icim\/2020\/12\/16\/centro-de-genetica-y-genomica-se-adjudica-concurso-subvencion-a-la-instalacion-en-la-academia-2020\/#respond\"]}]},{\"@type\":\"WebPage\",\"@id\":\"https:\/\/medicina.udd.cl\/icim\/2020\/12\/16\/centro-de-genetica-y-genomica-se-adjudica-concurso-subvencion-a-la-instalacion-en-la-academia-2020\/\",\"url\":\"https:\/\/medicina.udd.cl\/icim\/2020\/12\/16\/centro-de-genetica-y-genomica-se-adjudica-concurso-subvencion-a-la-instalacion-en-la-academia-2020\/\",\"name\":\"Centro de Gen\u00e9tica y Gen\u00f3mica se adjudica Concurso Subvenci\u00f3n a la Instalaci\u00f3n en la Academia 2020 - ICIM\",\"isPartOf\":{\"@id\":\"https:\/\/medicina.udd.cl\/icim\/#website\"},\"primaryImageOfPage\":{\"@id\":\"https:\/\/medicina.udd.cl\/icim\/2020\/12\/16\/centro-de-genetica-y-genomica-se-adjudica-concurso-subvencion-a-la-instalacion-en-la-academia-2020\/#primaryimage\"},\"image\":{\"@id\":\"https:\/\/medicina.udd.cl\/icim\/2020\/12\/16\/centro-de-genetica-y-genomica-se-adjudica-concurso-subvencion-a-la-instalacion-en-la-academia-2020\/#primaryimage\"},\"thumbnailUrl\":\"https:\/\/medicina.udd.cl\/icim\/files\/2020\/12\/Foto-Eduardo-P\u00e9rez-copia-1.png\",\"datePublished\":\"2020-12-16T21:16:06+00:00\",\"dateModified\":\"2020-12-16T21:19:33+00:00\",\"author\":{\"@id\":\"\"},\"breadcrumb\":{\"@id\":\"https:\/\/medicina.udd.cl\/icim\/2020\/12\/16\/centro-de-genetica-y-genomica-se-adjudica-concurso-subvencion-a-la-instalacion-en-la-academia-2020\/#breadcrumb\"},\"inLanguage\":\"es\",\"potentialAction\":[{\"@type\":\"ReadAction\",\"target\":[\"https:\/\/medicina.udd.cl\/icim\/2020\/12\/16\/centro-de-genetica-y-genomica-se-adjudica-concurso-subvencion-a-la-instalacion-en-la-academia-2020\/\"]}]},{\"@type\":\"ImageObject\",\"inLanguage\":\"es\",\"@id\":\"https:\/\/medicina.udd.cl\/icim\/2020\/12\/16\/centro-de-genetica-y-genomica-se-adjudica-concurso-subvencion-a-la-instalacion-en-la-academia-2020\/#primaryimage\",\"url\":\"https:\/\/medicina.udd.cl\/icim\/files\/2020\/12\/Foto-Eduardo-P\u00e9rez-copia-1.png\",\"contentUrl\":\"https:\/\/medicina.udd.cl\/icim\/files\/2020\/12\/Foto-Eduardo-P\u00e9rez-copia-1.png\",\"width\":564,\"height\":388},{\"@type\":\"BreadcrumbList\",\"@id\":\"https:\/\/medicina.udd.cl\/icim\/2020\/12\/16\/centro-de-genetica-y-genomica-se-adjudica-concurso-subvencion-a-la-instalacion-en-la-academia-2020\/#breadcrumb\",\"itemListElement\":[{\"@type\":\"ListItem\",\"position\":1,\"name\":\"Inicio\",\"item\":\"https:\/\/medicina.udd.cl\/icim\/\"},{\"@type\":\"ListItem\",\"position\":2,\"name\":\"Centro de Gen\u00e9tica y Gen\u00f3mica se adjudica Concurso Subvenci\u00f3n a la Instalaci\u00f3n en la Academia 2020\"}]},{\"@type\":\"WebSite\",\"@id\":\"https:\/\/medicina.udd.cl\/icim\/#website\",\"url\":\"https:\/\/medicina.udd.cl\/icim\/\",\"name\":\"ICIM\",\"description\":\"Una iniciativa de Universidad del Desarrollo y Cl\u00ednica Alemana\",\"inLanguage\":\"es\"},{\"@type\":\"Person\",\"@id\":\"\",\"url\":\"https:\/\/medicina.udd.cl\/icim\/author\/\"}]}<\/script>\n<!-- \/ Yoast SEO plugin. -->","yoast_head_json":{"title":"Centro de Gen\u00e9tica y Gen\u00f3mica se adjudica Concurso Subvenci\u00f3n a la Instalaci\u00f3n en la Academia 2020 - ICIM","robots":{"index":"index","follow":"follow","max-snippet":"max-snippet:-1","max-image-preview":"max-image-preview:large","max-video-preview":"max-video-preview:-1"},"canonical":"https:\/\/medicina.udd.cl\/icim\/2020\/12\/16\/centro-de-genetica-y-genomica-se-adjudica-concurso-subvencion-a-la-instalacion-en-la-academia-2020\/","og_locale":"es_ES","og_type":"article","og_title":"Centro de Gen\u00e9tica y Gen\u00f3mica se adjudica Concurso Subvenci\u00f3n a la Instalaci\u00f3n en la Academia 2020 - ICIM","og_description":"En el marco de la Convocatoria Nacional Subvenci\u00f3n a la Instalaci\u00f3n en la Academia 2020 de la Agencia Nacional de Investigaci\u00f3n y Desarrollo (ANID), el Centro de Gen\u00e9tica y Gen\u00f3mica (CGG) del Instituto de Ciencias e Innovaci\u00f3n en Medicina (ICIM) de la Universidad del Desarrollo incorporar\u00e1 a su equipo al doctor en Biociencias Moleculares, Eduardo [&hellip;]","og_url":"https:\/\/medicina.udd.cl\/icim\/2020\/12\/16\/centro-de-genetica-y-genomica-se-adjudica-concurso-subvencion-a-la-instalacion-en-la-academia-2020\/","og_site_name":"ICIM","article_published_time":"2020-12-16T21:16:06+00:00","article_modified_time":"2020-12-16T21:19:33+00:00","og_image":[{"width":564,"height":388,"url":"https:\/\/medicina.udd.cl\/icim\/files\/2020\/12\/Foto-Eduardo-P\u00e9rez-copia-1.png","type":"image\/png"}],"twitter_card":"summary_large_image","twitter_misc":{"Escrito por":"","Tiempo de lectura":"2 minutos"},"schema":{"@context":"https:\/\/schema.org","@graph":[{"@type":"Article","@id":"https:\/\/medicina.udd.cl\/icim\/2020\/12\/16\/centro-de-genetica-y-genomica-se-adjudica-concurso-subvencion-a-la-instalacion-en-la-academia-2020\/#article","isPartOf":{"@id":"https:\/\/medicina.udd.cl\/icim\/2020\/12\/16\/centro-de-genetica-y-genomica-se-adjudica-concurso-subvencion-a-la-instalacion-en-la-academia-2020\/"},"author":{"name":"","@id":""},"headline":"Centro de Gen\u00e9tica y Gen\u00f3mica se adjudica Concurso Subvenci\u00f3n a la Instalaci\u00f3n en la Academia 2020","datePublished":"2020-12-16T21:16:06+00:00","dateModified":"2020-12-16T21:19:33+00:00","mainEntityOfPage":{"@id":"https:\/\/medicina.udd.cl\/icim\/2020\/12\/16\/centro-de-genetica-y-genomica-se-adjudica-concurso-subvencion-a-la-instalacion-en-la-academia-2020\/"},"wordCount":417,"commentCount":0,"image":{"@id":"https:\/\/medicina.udd.cl\/icim\/2020\/12\/16\/centro-de-genetica-y-genomica-se-adjudica-concurso-subvencion-a-la-instalacion-en-la-academia-2020\/#primaryimage"},"thumbnailUrl":"https:\/\/medicina.udd.cl\/icim\/files\/2020\/12\/Foto-Eduardo-P\u00e9rez-copia-1.png","articleSection":["Noticias"],"inLanguage":"es","potentialAction":[{"@type":"CommentAction","name":"Comment","target":["https:\/\/medicina.udd.cl\/icim\/2020\/12\/16\/centro-de-genetica-y-genomica-se-adjudica-concurso-subvencion-a-la-instalacion-en-la-academia-2020\/#respond"]}]},{"@type":"WebPage","@id":"https:\/\/medicina.udd.cl\/icim\/2020\/12\/16\/centro-de-genetica-y-genomica-se-adjudica-concurso-subvencion-a-la-instalacion-en-la-academia-2020\/","url":"https:\/\/medicina.udd.cl\/icim\/2020\/12\/16\/centro-de-genetica-y-genomica-se-adjudica-concurso-subvencion-a-la-instalacion-en-la-academia-2020\/","name":"Centro de Gen\u00e9tica y Gen\u00f3mica se adjudica Concurso Subvenci\u00f3n a la Instalaci\u00f3n en la Academia 2020 - ICIM","isPartOf":{"@id":"https:\/\/medicina.udd.cl\/icim\/#website"},"primaryImageOfPage":{"@id":"https:\/\/medicina.udd.cl\/icim\/2020\/12\/16\/centro-de-genetica-y-genomica-se-adjudica-concurso-subvencion-a-la-instalacion-en-la-academia-2020\/#primaryimage"},"image":{"@id":"https:\/\/medicina.udd.cl\/icim\/2020\/12\/16\/centro-de-genetica-y-genomica-se-adjudica-concurso-subvencion-a-la-instalacion-en-la-academia-2020\/#primaryimage"},"thumbnailUrl":"https:\/\/medicina.udd.cl\/icim\/files\/2020\/12\/Foto-Eduardo-P\u00e9rez-copia-1.png","datePublished":"2020-12-16T21:16:06+00:00","dateModified":"2020-12-16T21:19:33+00:00","author":{"@id":""},"breadcrumb":{"@id":"https:\/\/medicina.udd.cl\/icim\/2020\/12\/16\/centro-de-genetica-y-genomica-se-adjudica-concurso-subvencion-a-la-instalacion-en-la-academia-2020\/#breadcrumb"},"inLanguage":"es","potentialAction":[{"@type":"ReadAction","target":["https:\/\/medicina.udd.cl\/icim\/2020\/12\/16\/centro-de-genetica-y-genomica-se-adjudica-concurso-subvencion-a-la-instalacion-en-la-academia-2020\/"]}]},{"@type":"ImageObject","inLanguage":"es","@id":"https:\/\/medicina.udd.cl\/icim\/2020\/12\/16\/centro-de-genetica-y-genomica-se-adjudica-concurso-subvencion-a-la-instalacion-en-la-academia-2020\/#primaryimage","url":"https:\/\/medicina.udd.cl\/icim\/files\/2020\/12\/Foto-Eduardo-P\u00e9rez-copia-1.png","contentUrl":"https:\/\/medicina.udd.cl\/icim\/files\/2020\/12\/Foto-Eduardo-P\u00e9rez-copia-1.png","width":564,"height":388},{"@type":"BreadcrumbList","@id":"https:\/\/medicina.udd.cl\/icim\/2020\/12\/16\/centro-de-genetica-y-genomica-se-adjudica-concurso-subvencion-a-la-instalacion-en-la-academia-2020\/#breadcrumb","itemListElement":[{"@type":"ListItem","position":1,"name":"Inicio","item":"https:\/\/medicina.udd.cl\/icim\/"},{"@type":"ListItem","position":2,"name":"Centro de Gen\u00e9tica y Gen\u00f3mica se adjudica Concurso Subvenci\u00f3n a la Instalaci\u00f3n en la Academia 2020"}]},{"@type":"WebSite","@id":"https:\/\/medicina.udd.cl\/icim\/#website","url":"https:\/\/medicina.udd.cl\/icim\/","name":"ICIM","description":"Una iniciativa de Universidad del Desarrollo y Cl\u00ednica Alemana","inLanguage":"es"},{"@type":"Person","@id":"","url":"https:\/\/medicina.udd.cl\/icim\/author\/"}]}},"featured_image_url":"https:\/\/medicina.udd.cl\/icim\/files\/2020\/12\/Foto-Eduardo-P\u00e9rez-copia-1.png","_links":{"self":[{"href":"https:\/\/medicina.udd.cl\/icim\/wp-json\/wp\/v2\/posts\/8915","targetHints":{"allow":["GET"]}}],"collection":[{"href":"https:\/\/medicina.udd.cl\/icim\/wp-json\/wp\/v2\/posts"}],"about":[{"href":"https:\/\/medicina.udd.cl\/icim\/wp-json\/wp\/v2\/types\/post"}],"author":[{"embeddable":true,"href":"https:\/\/medicina.udd.cl\/icim\/wp-json\/wp\/v2\/users\/42"}],"replies":[{"embeddable":true,"href":"https:\/\/medicina.udd.cl\/icim\/wp-json\/wp\/v2\/comments?post=8915"}],"version-history":[{"count":1,"href":"https:\/\/medicina.udd.cl\/icim\/wp-json\/wp\/v2\/posts\/8915\/revisions"}],"predecessor-version":[{"id":8917,"href":"https:\/\/medicina.udd.cl\/icim\/wp-json\/wp\/v2\/posts\/8915\/revisions\/8917"}],"wp:featuredmedia":[{"embeddable":true,"href":"https:\/\/medicina.udd.cl\/icim\/wp-json\/wp\/v2\/media\/8919"}],"wp:attachment":[{"href":"https:\/\/medicina.udd.cl\/icim\/wp-json\/wp\/v2\/media?parent=8915"}],"wp:term":[{"taxonomy":"category","embeddable":true,"href":"https:\/\/medicina.udd.cl\/icim\/wp-json\/wp\/v2\/categories?post=8915"},{"taxonomy":"post_tag","embeddable":true,"href":"https:\/\/medicina.udd.cl\/icim\/wp-json\/wp\/v2\/tags?post=8915"}],"curies":[{"name":"wp","href":"https:\/\/api.w.org\/{rel}","templated":true}]}}