{"id":9903,"date":"2021-10-04T16:50:56","date_gmt":"2021-10-04T19:50:56","guid":{"rendered":"https:\/\/medicina.udd.cl\/icim\/?p=9903"},"modified":"2021-10-04T23:44:26","modified_gmt":"2021-10-05T02:44:26","slug":"destacada-participacion-udd-en-6-conferencia-internacional-de-la-global-genomic-medicine-collaborative","status":"publish","type":"post","link":"https:\/\/medicina.udd.cl\/icim\/2021\/10\/04\/destacada-participacion-udd-en-6-conferencia-internacional-de-la-global-genomic-medicine-collaborative\/","title":{"rendered":"Destacada participaci\u00f3n UDD en 6\u00b0 Conferencia Internacional de la Global Genomic Medicine Collaborative"},"content":{"rendered":"\n<figure class=\"wp-block-gallery columns-4 is-cropped wp-block-gallery-1 is-layout-flex wp-block-gallery-is-layout-flex\"><ul class=\"blocks-gallery-grid\"><li class=\"blocks-gallery-item\"><figure><img loading=\"lazy\" decoding=\"async\" width=\"1024\" height=\"565\" src=\"https:\/\/medicina.udd.cl\/icim\/files\/2021\/10\/print-1-1024x565.jpg\" alt=\"\" data-id=\"9904\" data-full-url=\"https:\/\/medicina.udd.cl\/icim\/files\/2021\/10\/print-1.jpg\" data-link=\"https:\/\/medicina.udd.cl\/icim\/?attachment_id=9904\" class=\"wp-image-9904\" srcset=\"https:\/\/medicina.udd.cl\/icim\/files\/2021\/10\/print-1-1024x565.jpg 1024w, https:\/\/medicina.udd.cl\/icim\/files\/2021\/10\/print-1-300x166.jpg 300w, https:\/\/medicina.udd.cl\/icim\/files\/2021\/10\/print-1-768x424.jpg 768w, https:\/\/medicina.udd.cl\/icim\/files\/2021\/10\/print-1.jpg 1344w\" sizes=\"auto, (max-width: 1024px) 100vw, 1024px\" \/><\/figure><\/li><li class=\"blocks-gallery-item\"><figure><img loading=\"lazy\" decoding=\"async\" width=\"1024\" height=\"529\" src=\"https:\/\/medicina.udd.cl\/icim\/files\/2021\/10\/print-2-1024x529.jpg\" alt=\"\" data-id=\"9905\" data-full-url=\"https:\/\/medicina.udd.cl\/icim\/files\/2021\/10\/print-2.jpg\" data-link=\"https:\/\/medicina.udd.cl\/icim\/?attachment_id=9905\" class=\"wp-image-9905\" srcset=\"https:\/\/medicina.udd.cl\/icim\/files\/2021\/10\/print-2-1024x529.jpg 1024w, https:\/\/medicina.udd.cl\/icim\/files\/2021\/10\/print-2-300x155.jpg 300w, https:\/\/medicina.udd.cl\/icim\/files\/2021\/10\/print-2-768x397.jpg 768w, https:\/\/medicina.udd.cl\/icim\/files\/2021\/10\/print-2-288x150.jpg 288w, https:\/\/medicina.udd.cl\/icim\/files\/2021\/10\/print-2.jpg 1355w\" sizes=\"auto, (max-width: 1024px) 100vw, 1024px\" \/><\/figure><\/li><li class=\"blocks-gallery-item\"><figure><img loading=\"lazy\" decoding=\"async\" width=\"516\" height=\"288\" src=\"https:\/\/medicina.udd.cl\/icim\/files\/2021\/10\/Sonia-Margarit.png\" alt=\"\" data-id=\"9906\" data-full-url=\"https:\/\/medicina.udd.cl\/icim\/files\/2021\/10\/Sonia-Margarit.png\" data-link=\"https:\/\/medicina.udd.cl\/icim\/?attachment_id=9906\" class=\"wp-image-9906\" srcset=\"https:\/\/medicina.udd.cl\/icim\/files\/2021\/10\/Sonia-Margarit.png 516w, https:\/\/medicina.udd.cl\/icim\/files\/2021\/10\/Sonia-Margarit-300x167.png 300w\" sizes=\"auto, (max-width: 516px) 100vw, 516px\" \/><\/figure><\/li><li class=\"blocks-gallery-item\"><figure><img loading=\"lazy\" decoding=\"async\" width=\"1024\" height=\"571\" src=\"https:\/\/medicina.udd.cl\/icim\/files\/2021\/10\/WhatsApp-Image-2021-10-01-at-12.07.34-1-1024x571.jpeg\" alt=\"\" data-id=\"9907\" data-full-url=\"https:\/\/medicina.udd.cl\/icim\/files\/2021\/10\/WhatsApp-Image-2021-10-01-at-12.07.34-1.jpeg\" data-link=\"https:\/\/medicina.udd.cl\/icim\/?attachment_id=9907\" class=\"wp-image-9907\" srcset=\"https:\/\/medicina.udd.cl\/icim\/files\/2021\/10\/WhatsApp-Image-2021-10-01-at-12.07.34-1-1024x571.jpeg 1024w, https:\/\/medicina.udd.cl\/icim\/files\/2021\/10\/WhatsApp-Image-2021-10-01-at-12.07.34-1-300x167.jpeg 300w, https:\/\/medicina.udd.cl\/icim\/files\/2021\/10\/WhatsApp-Image-2021-10-01-at-12.07.34-1-768x428.jpeg 768w, https:\/\/medicina.udd.cl\/icim\/files\/2021\/10\/WhatsApp-Image-2021-10-01-at-12.07.34-1-1536x857.jpeg 1536w, https:\/\/medicina.udd.cl\/icim\/files\/2021\/10\/WhatsApp-Image-2021-10-01-at-12.07.34-1.jpeg 1596w\" sizes=\"auto, (max-width: 1024px) 100vw, 1024px\" \/><\/figure><\/li><\/ul><\/figure>\n\n\n\n<p>Medicina Gen\u00f3mica en entornos de bajos recursos, fue el eje central de la 6\u00b0 Conferencia Internacional de la Global Genomic Medicine Collaborative, encuentro coorganizado por la Universidad del Desarrollo (UDD) y que cont\u00f3 con la participaci\u00f3n de destacados expertos de distintas partes del mundo, entre ellos, la Dra. Gabriela Repetto y el Dr. Ricardo Armisen, investigadores cl\u00ednicos del Instituto de Ciencias e Innovaci\u00f3n en Medicina (ICIM) de la UDD, que tambi\u00e9n fueron parte del comit\u00e9 organizador; y Sonia Margarit, del Centro de Gen\u00e9tica y Gen\u00f3mica, que tambi\u00e9n ejerce como consejera gen\u00e9tica.<\/p>\n\n\n\n<p>A su vez, participaron en la conferencia investigadores \u2018j\u00f3venes\u2019 UDD, quienes presentaron sus l\u00edneas de trabajo, lo que les permite generar redes de colaboraci\u00f3n y oportunidades de financiamiento, con el fin de llevar a cabo sus proyectos en el \u00e1rea de la medicina gen\u00f3mica. Entre ellos, se encuentran Eduardo P\u00e9rez, Emma Rey y Catalina Lagos, que fueron premiados por sus trabajos.<\/p>\n\n\n\n<p>La Dra. Gabriela Repetto se\u00f1ala que este tipo de encuentros \u201cpermite ver qu\u00e9 se est\u00e1 haciendo en cada pa\u00eds y generar alternativas de trabajo conjunto, lo que puede tener un alto impacto, tal vez no inmediato, pero s\u00ed muy beneficioso para la medicina gen\u00f3mica en pa\u00edses con menos recursos\u201d.<\/p>\n\n\n\n<p>Cabe destacar que, en el ICIM de la UDD, son distintas las l\u00edneas de trabajo relacionadas con la medicina gen\u00f3mica que buscan soluciones para la salud de la poblaci\u00f3n. Destacan entre ellas la aplicaci\u00f3n de test gen\u00f3micos, que permiten acortar la brecha u odisea diagn\u00f3stica, por ejemplo, de pacientes con enfermedades poco frecuentes, donde cerca de 2\/3 de ellos no cuentan con un diagn\u00f3stico, lo que genera un beneficio personal y para el sistema de salud.<\/p>\n\n\n\n<p>Se suman a este trabajo proyectos relacionados con la farmacogen\u00f3mica, el uso de herramientas gen\u00f3micas para predecir el riesgo de generar enfermedades comunes, de secuenciaci\u00f3n de exomas, adem\u00e1s de incorporar el \u00e1rea de las ciencias sociales en colaboraci\u00f3n con otros centros del ICIM, para abordar -entre otros temas \u2013 calidad de vida de los pacientes.&nbsp;<\/p>\n","protected":false},"excerpt":{"rendered":"<p>Medicina Gen\u00f3mica en entornos de bajos recursos, fue el eje central de la 6\u00b0 Conferencia Internacional de la Global Genomic Medicine Collaborative, encuentro coorganizado por la Universidad del Desarrollo (UDD) y que cont\u00f3 con la participaci\u00f3n de destacados expertos de distintas partes del mundo, entre ellos, la Dra. Gabriela Repetto y el Dr. Ricardo Armisen, [&hellip;]<\/p>\n","protected":false},"author":42,"featured_media":4528,"comment_status":"open","ping_status":"open","sticky":false,"template":"","format":"standard","meta":{"footnotes":""},"categories":[4],"tags":[],"class_list":["post-9903","post","type-post","status-publish","format-standard","has-post-thumbnail","hentry","category-noticias"],"yoast_head":"<!-- This site is optimized with the Yoast SEO plugin v26.9 - https:\/\/yoast.com\/product\/yoast-seo-wordpress\/ -->\n<title>Destacada participaci\u00f3n UDD en 6\u00b0 Conferencia Internacional de la Global Genomic Medicine Collaborative - ICIM<\/title>\n<meta name=\"robots\" content=\"index, follow, max-snippet:-1, max-image-preview:large, max-video-preview:-1\" \/>\n<link rel=\"canonical\" href=\"https:\/\/medicina.udd.cl\/icim\/2021\/10\/04\/destacada-participacion-udd-en-6-conferencia-internacional-de-la-global-genomic-medicine-collaborative\/\" \/>\n<meta property=\"og:locale\" content=\"es_ES\" \/>\n<meta property=\"og:type\" content=\"article\" \/>\n<meta property=\"og:title\" content=\"Destacada participaci\u00f3n UDD en 6\u00b0 Conferencia Internacional de la Global Genomic Medicine Collaborative - ICIM\" \/>\n<meta property=\"og:description\" content=\"Medicina Gen\u00f3mica en entornos de bajos recursos, fue el eje central de la 6\u00b0 Conferencia Internacional de la Global Genomic Medicine Collaborative, encuentro coorganizado por la Universidad del Desarrollo (UDD) y que cont\u00f3 con la participaci\u00f3n de destacados expertos de distintas partes del mundo, entre ellos, la Dra. Gabriela Repetto y el Dr. Ricardo Armisen, [&hellip;]\" \/>\n<meta property=\"og:url\" content=\"https:\/\/medicina.udd.cl\/icim\/2021\/10\/04\/destacada-participacion-udd-en-6-conferencia-internacional-de-la-global-genomic-medicine-collaborative\/\" \/>\n<meta property=\"og:site_name\" content=\"ICIM\" \/>\n<meta property=\"article:published_time\" content=\"2021-10-04T19:50:56+00:00\" \/>\n<meta property=\"article:modified_time\" content=\"2021-10-05T02:44:26+00:00\" \/>\n<meta property=\"og:image\" content=\"https:\/\/medicina.udd.cl\/icim\/files\/2016\/12\/Imagen1.jpg\" \/>\n\t<meta property=\"og:image:width\" content=\"1260\" \/>\n\t<meta property=\"og:image:height\" content=\"747\" \/>\n\t<meta property=\"og:image:type\" content=\"image\/jpeg\" \/>\n<meta name=\"twitter:card\" content=\"summary_large_image\" \/>\n<meta name=\"twitter:label1\" content=\"Escrito por\" \/>\n\t<meta name=\"twitter:data1\" content=\"\" \/>\n\t<meta name=\"twitter:label2\" content=\"Tiempo de lectura\" \/>\n\t<meta name=\"twitter:data2\" content=\"2 minutos\" \/>\n<script type=\"application\/ld+json\" class=\"yoast-schema-graph\">{\"@context\":\"https:\/\/schema.org\",\"@graph\":[{\"@type\":\"Article\",\"@id\":\"https:\/\/medicina.udd.cl\/icim\/2021\/10\/04\/destacada-participacion-udd-en-6-conferencia-internacional-de-la-global-genomic-medicine-collaborative\/#article\",\"isPartOf\":{\"@id\":\"https:\/\/medicina.udd.cl\/icim\/2021\/10\/04\/destacada-participacion-udd-en-6-conferencia-internacional-de-la-global-genomic-medicine-collaborative\/\"},\"author\":{\"name\":\"\",\"@id\":\"\"},\"headline\":\"Destacada participaci\u00f3n UDD en 6\u00b0 Conferencia Internacional de la Global Genomic Medicine Collaborative\",\"datePublished\":\"2021-10-04T19:50:56+00:00\",\"dateModified\":\"2021-10-05T02:44:26+00:00\",\"mainEntityOfPage\":{\"@id\":\"https:\/\/medicina.udd.cl\/icim\/2021\/10\/04\/destacada-participacion-udd-en-6-conferencia-internacional-de-la-global-genomic-medicine-collaborative\/\"},\"wordCount\":373,\"commentCount\":0,\"image\":{\"@id\":\"https:\/\/medicina.udd.cl\/icim\/2021\/10\/04\/destacada-participacion-udd-en-6-conferencia-internacional-de-la-global-genomic-medicine-collaborative\/#primaryimage\"},\"thumbnailUrl\":\"https:\/\/medicina.udd.cl\/icim\/files\/2016\/12\/Imagen1.jpg\",\"articleSection\":[\"Noticias\"],\"inLanguage\":\"es\",\"potentialAction\":[{\"@type\":\"CommentAction\",\"name\":\"Comment\",\"target\":[\"https:\/\/medicina.udd.cl\/icim\/2021\/10\/04\/destacada-participacion-udd-en-6-conferencia-internacional-de-la-global-genomic-medicine-collaborative\/#respond\"]}]},{\"@type\":\"WebPage\",\"@id\":\"https:\/\/medicina.udd.cl\/icim\/2021\/10\/04\/destacada-participacion-udd-en-6-conferencia-internacional-de-la-global-genomic-medicine-collaborative\/\",\"url\":\"https:\/\/medicina.udd.cl\/icim\/2021\/10\/04\/destacada-participacion-udd-en-6-conferencia-internacional-de-la-global-genomic-medicine-collaborative\/\",\"name\":\"Destacada participaci\u00f3n UDD en 6\u00b0 Conferencia Internacional de la Global Genomic Medicine Collaborative - ICIM\",\"isPartOf\":{\"@id\":\"https:\/\/medicina.udd.cl\/icim\/#website\"},\"primaryImageOfPage\":{\"@id\":\"https:\/\/medicina.udd.cl\/icim\/2021\/10\/04\/destacada-participacion-udd-en-6-conferencia-internacional-de-la-global-genomic-medicine-collaborative\/#primaryimage\"},\"image\":{\"@id\":\"https:\/\/medicina.udd.cl\/icim\/2021\/10\/04\/destacada-participacion-udd-en-6-conferencia-internacional-de-la-global-genomic-medicine-collaborative\/#primaryimage\"},\"thumbnailUrl\":\"https:\/\/medicina.udd.cl\/icim\/files\/2016\/12\/Imagen1.jpg\",\"datePublished\":\"2021-10-04T19:50:56+00:00\",\"dateModified\":\"2021-10-05T02:44:26+00:00\",\"author\":{\"@id\":\"\"},\"breadcrumb\":{\"@id\":\"https:\/\/medicina.udd.cl\/icim\/2021\/10\/04\/destacada-participacion-udd-en-6-conferencia-internacional-de-la-global-genomic-medicine-collaborative\/#breadcrumb\"},\"inLanguage\":\"es\",\"potentialAction\":[{\"@type\":\"ReadAction\",\"target\":[\"https:\/\/medicina.udd.cl\/icim\/2021\/10\/04\/destacada-participacion-udd-en-6-conferencia-internacional-de-la-global-genomic-medicine-collaborative\/\"]}]},{\"@type\":\"ImageObject\",\"inLanguage\":\"es\",\"@id\":\"https:\/\/medicina.udd.cl\/icim\/2021\/10\/04\/destacada-participacion-udd-en-6-conferencia-internacional-de-la-global-genomic-medicine-collaborative\/#primaryimage\",\"url\":\"https:\/\/medicina.udd.cl\/icim\/files\/2016\/12\/Imagen1.jpg\",\"contentUrl\":\"https:\/\/medicina.udd.cl\/icim\/files\/2016\/12\/Imagen1.jpg\",\"width\":1260,\"height\":747},{\"@type\":\"BreadcrumbList\",\"@id\":\"https:\/\/medicina.udd.cl\/icim\/2021\/10\/04\/destacada-participacion-udd-en-6-conferencia-internacional-de-la-global-genomic-medicine-collaborative\/#breadcrumb\",\"itemListElement\":[{\"@type\":\"ListItem\",\"position\":1,\"name\":\"Inicio\",\"item\":\"https:\/\/medicina.udd.cl\/icim\/\"},{\"@type\":\"ListItem\",\"position\":2,\"name\":\"Destacada participaci\u00f3n UDD en 6\u00b0 Conferencia Internacional de la Global Genomic Medicine Collaborative\"}]},{\"@type\":\"WebSite\",\"@id\":\"https:\/\/medicina.udd.cl\/icim\/#website\",\"url\":\"https:\/\/medicina.udd.cl\/icim\/\",\"name\":\"ICIM\",\"description\":\"Una iniciativa de Universidad del Desarrollo y Cl\u00ednica Alemana\",\"inLanguage\":\"es\"},{\"@type\":\"Person\",\"@id\":\"\",\"url\":\"https:\/\/medicina.udd.cl\/icim\/author\/\"}]}<\/script>\n<!-- \/ Yoast SEO plugin. -->","yoast_head_json":{"title":"Destacada participaci\u00f3n UDD en 6\u00b0 Conferencia Internacional de la Global Genomic Medicine Collaborative - ICIM","robots":{"index":"index","follow":"follow","max-snippet":"max-snippet:-1","max-image-preview":"max-image-preview:large","max-video-preview":"max-video-preview:-1"},"canonical":"https:\/\/medicina.udd.cl\/icim\/2021\/10\/04\/destacada-participacion-udd-en-6-conferencia-internacional-de-la-global-genomic-medicine-collaborative\/","og_locale":"es_ES","og_type":"article","og_title":"Destacada participaci\u00f3n UDD en 6\u00b0 Conferencia Internacional de la Global Genomic Medicine Collaborative - ICIM","og_description":"Medicina Gen\u00f3mica en entornos de bajos recursos, fue el eje central de la 6\u00b0 Conferencia Internacional de la Global Genomic Medicine Collaborative, encuentro coorganizado por la Universidad del Desarrollo (UDD) y que cont\u00f3 con la participaci\u00f3n de destacados expertos de distintas partes del mundo, entre ellos, la Dra. Gabriela Repetto y el Dr. Ricardo Armisen, [&hellip;]","og_url":"https:\/\/medicina.udd.cl\/icim\/2021\/10\/04\/destacada-participacion-udd-en-6-conferencia-internacional-de-la-global-genomic-medicine-collaborative\/","og_site_name":"ICIM","article_published_time":"2021-10-04T19:50:56+00:00","article_modified_time":"2021-10-05T02:44:26+00:00","og_image":[{"width":1260,"height":747,"url":"https:\/\/medicina.udd.cl\/icim\/files\/2016\/12\/Imagen1.jpg","type":"image\/jpeg"}],"twitter_card":"summary_large_image","twitter_misc":{"Escrito por":"","Tiempo de lectura":"2 minutos"},"schema":{"@context":"https:\/\/schema.org","@graph":[{"@type":"Article","@id":"https:\/\/medicina.udd.cl\/icim\/2021\/10\/04\/destacada-participacion-udd-en-6-conferencia-internacional-de-la-global-genomic-medicine-collaborative\/#article","isPartOf":{"@id":"https:\/\/medicina.udd.cl\/icim\/2021\/10\/04\/destacada-participacion-udd-en-6-conferencia-internacional-de-la-global-genomic-medicine-collaborative\/"},"author":{"name":"","@id":""},"headline":"Destacada participaci\u00f3n UDD en 6\u00b0 Conferencia Internacional de la Global Genomic Medicine Collaborative","datePublished":"2021-10-04T19:50:56+00:00","dateModified":"2021-10-05T02:44:26+00:00","mainEntityOfPage":{"@id":"https:\/\/medicina.udd.cl\/icim\/2021\/10\/04\/destacada-participacion-udd-en-6-conferencia-internacional-de-la-global-genomic-medicine-collaborative\/"},"wordCount":373,"commentCount":0,"image":{"@id":"https:\/\/medicina.udd.cl\/icim\/2021\/10\/04\/destacada-participacion-udd-en-6-conferencia-internacional-de-la-global-genomic-medicine-collaborative\/#primaryimage"},"thumbnailUrl":"https:\/\/medicina.udd.cl\/icim\/files\/2016\/12\/Imagen1.jpg","articleSection":["Noticias"],"inLanguage":"es","potentialAction":[{"@type":"CommentAction","name":"Comment","target":["https:\/\/medicina.udd.cl\/icim\/2021\/10\/04\/destacada-participacion-udd-en-6-conferencia-internacional-de-la-global-genomic-medicine-collaborative\/#respond"]}]},{"@type":"WebPage","@id":"https:\/\/medicina.udd.cl\/icim\/2021\/10\/04\/destacada-participacion-udd-en-6-conferencia-internacional-de-la-global-genomic-medicine-collaborative\/","url":"https:\/\/medicina.udd.cl\/icim\/2021\/10\/04\/destacada-participacion-udd-en-6-conferencia-internacional-de-la-global-genomic-medicine-collaborative\/","name":"Destacada participaci\u00f3n UDD en 6\u00b0 Conferencia Internacional de la Global Genomic Medicine Collaborative - ICIM","isPartOf":{"@id":"https:\/\/medicina.udd.cl\/icim\/#website"},"primaryImageOfPage":{"@id":"https:\/\/medicina.udd.cl\/icim\/2021\/10\/04\/destacada-participacion-udd-en-6-conferencia-internacional-de-la-global-genomic-medicine-collaborative\/#primaryimage"},"image":{"@id":"https:\/\/medicina.udd.cl\/icim\/2021\/10\/04\/destacada-participacion-udd-en-6-conferencia-internacional-de-la-global-genomic-medicine-collaborative\/#primaryimage"},"thumbnailUrl":"https:\/\/medicina.udd.cl\/icim\/files\/2016\/12\/Imagen1.jpg","datePublished":"2021-10-04T19:50:56+00:00","dateModified":"2021-10-05T02:44:26+00:00","author":{"@id":""},"breadcrumb":{"@id":"https:\/\/medicina.udd.cl\/icim\/2021\/10\/04\/destacada-participacion-udd-en-6-conferencia-internacional-de-la-global-genomic-medicine-collaborative\/#breadcrumb"},"inLanguage":"es","potentialAction":[{"@type":"ReadAction","target":["https:\/\/medicina.udd.cl\/icim\/2021\/10\/04\/destacada-participacion-udd-en-6-conferencia-internacional-de-la-global-genomic-medicine-collaborative\/"]}]},{"@type":"ImageObject","inLanguage":"es","@id":"https:\/\/medicina.udd.cl\/icim\/2021\/10\/04\/destacada-participacion-udd-en-6-conferencia-internacional-de-la-global-genomic-medicine-collaborative\/#primaryimage","url":"https:\/\/medicina.udd.cl\/icim\/files\/2016\/12\/Imagen1.jpg","contentUrl":"https:\/\/medicina.udd.cl\/icim\/files\/2016\/12\/Imagen1.jpg","width":1260,"height":747},{"@type":"BreadcrumbList","@id":"https:\/\/medicina.udd.cl\/icim\/2021\/10\/04\/destacada-participacion-udd-en-6-conferencia-internacional-de-la-global-genomic-medicine-collaborative\/#breadcrumb","itemListElement":[{"@type":"ListItem","position":1,"name":"Inicio","item":"https:\/\/medicina.udd.cl\/icim\/"},{"@type":"ListItem","position":2,"name":"Destacada participaci\u00f3n UDD en 6\u00b0 Conferencia Internacional de la Global Genomic Medicine Collaborative"}]},{"@type":"WebSite","@id":"https:\/\/medicina.udd.cl\/icim\/#website","url":"https:\/\/medicina.udd.cl\/icim\/","name":"ICIM","description":"Una iniciativa de Universidad del Desarrollo y Cl\u00ednica Alemana","inLanguage":"es"},{"@type":"Person","@id":"","url":"https:\/\/medicina.udd.cl\/icim\/author\/"}]}},"featured_image_url":"https:\/\/medicina.udd.cl\/icim\/files\/2016\/12\/Imagen1.jpg","_links":{"self":[{"href":"https:\/\/medicina.udd.cl\/icim\/wp-json\/wp\/v2\/posts\/9903","targetHints":{"allow":["GET"]}}],"collection":[{"href":"https:\/\/medicina.udd.cl\/icim\/wp-json\/wp\/v2\/posts"}],"about":[{"href":"https:\/\/medicina.udd.cl\/icim\/wp-json\/wp\/v2\/types\/post"}],"author":[{"embeddable":true,"href":"https:\/\/medicina.udd.cl\/icim\/wp-json\/wp\/v2\/users\/42"}],"replies":[{"embeddable":true,"href":"https:\/\/medicina.udd.cl\/icim\/wp-json\/wp\/v2\/comments?post=9903"}],"version-history":[{"count":5,"href":"https:\/\/medicina.udd.cl\/icim\/wp-json\/wp\/v2\/posts\/9903\/revisions"}],"predecessor-version":[{"id":9912,"href":"https:\/\/medicina.udd.cl\/icim\/wp-json\/wp\/v2\/posts\/9903\/revisions\/9912"}],"wp:featuredmedia":[{"embeddable":true,"href":"https:\/\/medicina.udd.cl\/icim\/wp-json\/wp\/v2\/media\/4528"}],"wp:attachment":[{"href":"https:\/\/medicina.udd.cl\/icim\/wp-json\/wp\/v2\/media?parent=9903"}],"wp:term":[{"taxonomy":"category","embeddable":true,"href":"https:\/\/medicina.udd.cl\/icim\/wp-json\/wp\/v2\/categories?post=9903"},{"taxonomy":"post_tag","embeddable":true,"href":"https:\/\/medicina.udd.cl\/icim\/wp-json\/wp\/v2\/tags?post=9903"}],"curies":[{"name":"wp","href":"https:\/\/api.w.org\/{rel}","templated":true}]}}