{"id":9968,"date":"2021-11-23T15:47:00","date_gmt":"2021-11-23T18:47:00","guid":{"rendered":"https:\/\/medicina.udd.cl\/icim\/?p=9968"},"modified":"2021-11-24T17:48:34","modified_gmt":"2021-11-24T20:48:34","slug":"estudio-medira-el-porcentaje-de-la-poblacion-inmune-al-covid-19-en-tres-ciudades-chilenas","status":"publish","type":"post","link":"https:\/\/medicina.udd.cl\/icim\/2021\/11\/23\/estudio-medira-el-porcentaje-de-la-poblacion-inmune-al-covid-19-en-tres-ciudades-chilenas\/","title":{"rendered":"Estudio medir\u00e1 el porcentaje de la poblaci\u00f3n inmune al Covid-19 en tres ciudades chilenas"},"content":{"rendered":"\n<p>Investigadores de la Facultad de Medicina\nCl\u00ednica Alemana Universidad del Desarrollo, la Universidad de Talca y la\nUniversidad Cat\u00f3lica del Norte, est\u00e1n realizando una nueva etapa del \u201cEstudio\nde sero-epidemiolog\u00eda y plataforma de informaci\u00f3n territorial de la infecci\u00f3n\npor SARS-CoV-2 en tres ciudades chilenas\u201d, que cuenta en esta oportunidad con\nel apoyo de la Organizaci\u00f3n Mundial de la Salud (OMS).<\/p>\n\n\n\n<p>El objetivo es conocer el avance del virus SARS-CoV-2\nen la poblaci\u00f3n y la cobertura efectiva de vacunaci\u00f3n, a trav\u00e9s de la medici\u00f3n\nde la inmunidad poblacional protectora para la enfermedad. Esta informaci\u00f3n\n\u201cpermitir\u00e1 evaluar el alcance del plan de vacunaci\u00f3n contra el Covid-19\niniciado en Chile, junto con orientar posibles ajustes en la planificaci\u00f3n de\ndicho programa\u201d, se\u00f1al\u00f3 Claudia Gonz\u00e1lez, investigadora del Centro de\nEpidemiolog\u00eda y Pol\u00edticas de Salud de la UDD que participa del estudio.<\/p>\n\n\n\n<p>El trabajo en terreno ya finaliz\u00f3 en las tres\nciudades, logrando una participaci\u00f3n total de 2.193 personas (1.200 en\nSantiago, 533 en Coquimbo- La Serena y 460 en Talca) y se espera que los\nresultados est\u00e9n a fines del mes de diciembre. <\/p>\n\n\n\n<p>Cabe destacar que, en esta tercera etapa y al\nigual que las dos previas, la carrera de Enfermer\u00eda UDD lider\u00f3 este trabajo en\nterreno en Santiago, convocando a 17 docentes y 20 estudiantes.&nbsp; <\/p>\n\n\n\n<p>Previamente, este estudio determin\u00f3 la tasa de\nataque de la infecci\u00f3n por virus Sars-CoV-2 en residentes en la zona urbana de\nestas tres ciudades a trav\u00e9s de la detecci\u00f3n de la respuesta humoral (anticuerpos).\nDentro de los principales resultados obtenidos, destac\u00f3 que la seroprevalencia\npoblacional promedio fue de un 10,4%, cifra que casi triplic\u00f3 los casos\nconfirmados por examen PCR y notificados por el Ministerio de Salud.<\/p>\n\n\n\n<p>A su vez, se desarroll\u00f3 una plataforma de\ninformaci\u00f3n territorial en las tres ciudades, que permite identificar las zonas\nde mayor riesgo de contagio y asociarlas con determinados factores sociales,\nf\u00edsicos y ambientales.<\/p>\n","protected":false},"excerpt":{"rendered":"<p>Investigadores de la Facultad de Medicina Cl\u00ednica Alemana Universidad del Desarrollo, la Universidad de Talca y la Universidad Cat\u00f3lica del Norte, est\u00e1n realizando una nueva etapa del \u201cEstudio de sero-epidemiolog\u00eda y plataforma de informaci\u00f3n territorial de la infecci\u00f3n por SARS-CoV-2 en tres ciudades chilenas\u201d, que cuenta en esta oportunidad con el apoyo de la Organizaci\u00f3n [&hellip;]<\/p>\n","protected":false},"author":42,"featured_media":8644,"comment_status":"open","ping_status":"open","sticky":false,"template":"","format":"standard","meta":{"footnotes":""},"categories":[4],"tags":[],"class_list":["post-9968","post","type-post","status-publish","format-standard","has-post-thumbnail","hentry","category-noticias"],"yoast_head":"<!-- This site is optimized with the Yoast SEO plugin v26.9 - https:\/\/yoast.com\/product\/yoast-seo-wordpress\/ -->\n<title>Estudio medir\u00e1 el porcentaje de la poblaci\u00f3n inmune al Covid-19 en tres ciudades chilenas - ICIM<\/title>\n<meta name=\"robots\" content=\"index, follow, max-snippet:-1, max-image-preview:large, max-video-preview:-1\" \/>\n<link rel=\"canonical\" href=\"https:\/\/medicina.udd.cl\/icim\/2021\/11\/23\/estudio-medira-el-porcentaje-de-la-poblacion-inmune-al-covid-19-en-tres-ciudades-chilenas\/\" \/>\n<meta property=\"og:locale\" content=\"es_ES\" \/>\n<meta property=\"og:type\" content=\"article\" \/>\n<meta property=\"og:title\" content=\"Estudio medir\u00e1 el porcentaje de la poblaci\u00f3n inmune al Covid-19 en tres ciudades chilenas - ICIM\" \/>\n<meta property=\"og:description\" content=\"Investigadores de la Facultad de Medicina Cl\u00ednica Alemana Universidad del Desarrollo, la Universidad de Talca y la Universidad Cat\u00f3lica del Norte, est\u00e1n realizando una nueva etapa del \u201cEstudio de sero-epidemiolog\u00eda y plataforma de informaci\u00f3n territorial de la infecci\u00f3n por SARS-CoV-2 en tres ciudades chilenas\u201d, que cuenta en esta oportunidad con el apoyo de la Organizaci\u00f3n [&hellip;]\" \/>\n<meta property=\"og:url\" content=\"https:\/\/medicina.udd.cl\/icim\/2021\/11\/23\/estudio-medira-el-porcentaje-de-la-poblacion-inmune-al-covid-19-en-tres-ciudades-chilenas\/\" \/>\n<meta property=\"og:site_name\" content=\"ICIM\" \/>\n<meta property=\"article:published_time\" content=\"2021-11-23T18:47:00+00:00\" \/>\n<meta property=\"article:modified_time\" content=\"2021-11-24T20:48:34+00:00\" \/>\n<meta property=\"og:image\" content=\"https:\/\/medicina.udd.cl\/icim\/files\/2020\/06\/Test-Covid-1024x683.jpg\" \/>\n\t<meta property=\"og:image:width\" content=\"1024\" \/>\n\t<meta property=\"og:image:height\" content=\"683\" \/>\n\t<meta property=\"og:image:type\" content=\"image\/jpeg\" \/>\n<meta name=\"twitter:card\" content=\"summary_large_image\" \/>\n<meta name=\"twitter:label1\" content=\"Escrito por\" \/>\n\t<meta name=\"twitter:data1\" content=\"\" \/>\n\t<meta name=\"twitter:label2\" content=\"Tiempo de lectura\" \/>\n\t<meta name=\"twitter:data2\" content=\"2 minutos\" \/>\n<script type=\"application\/ld+json\" class=\"yoast-schema-graph\">{\"@context\":\"https:\/\/schema.org\",\"@graph\":[{\"@type\":\"Article\",\"@id\":\"https:\/\/medicina.udd.cl\/icim\/2021\/11\/23\/estudio-medira-el-porcentaje-de-la-poblacion-inmune-al-covid-19-en-tres-ciudades-chilenas\/#article\",\"isPartOf\":{\"@id\":\"https:\/\/medicina.udd.cl\/icim\/2021\/11\/23\/estudio-medira-el-porcentaje-de-la-poblacion-inmune-al-covid-19-en-tres-ciudades-chilenas\/\"},\"author\":{\"name\":\"\",\"@id\":\"\"},\"headline\":\"Estudio medir\u00e1 el porcentaje de la poblaci\u00f3n inmune al Covid-19 en tres ciudades chilenas\",\"datePublished\":\"2021-11-23T18:47:00+00:00\",\"dateModified\":\"2021-11-24T20:48:34+00:00\",\"mainEntityOfPage\":{\"@id\":\"https:\/\/medicina.udd.cl\/icim\/2021\/11\/23\/estudio-medira-el-porcentaje-de-la-poblacion-inmune-al-covid-19-en-tres-ciudades-chilenas\/\"},\"wordCount\":347,\"commentCount\":0,\"image\":{\"@id\":\"https:\/\/medicina.udd.cl\/icim\/2021\/11\/23\/estudio-medira-el-porcentaje-de-la-poblacion-inmune-al-covid-19-en-tres-ciudades-chilenas\/#primaryimage\"},\"thumbnailUrl\":\"https:\/\/medicina.udd.cl\/icim\/files\/2020\/06\/Test-Covid.jpg\",\"articleSection\":[\"Noticias\"],\"inLanguage\":\"es\",\"potentialAction\":[{\"@type\":\"CommentAction\",\"name\":\"Comment\",\"target\":[\"https:\/\/medicina.udd.cl\/icim\/2021\/11\/23\/estudio-medira-el-porcentaje-de-la-poblacion-inmune-al-covid-19-en-tres-ciudades-chilenas\/#respond\"]}]},{\"@type\":\"WebPage\",\"@id\":\"https:\/\/medicina.udd.cl\/icim\/2021\/11\/23\/estudio-medira-el-porcentaje-de-la-poblacion-inmune-al-covid-19-en-tres-ciudades-chilenas\/\",\"url\":\"https:\/\/medicina.udd.cl\/icim\/2021\/11\/23\/estudio-medira-el-porcentaje-de-la-poblacion-inmune-al-covid-19-en-tres-ciudades-chilenas\/\",\"name\":\"Estudio medir\u00e1 el porcentaje de la poblaci\u00f3n inmune al Covid-19 en tres ciudades chilenas - ICIM\",\"isPartOf\":{\"@id\":\"https:\/\/medicina.udd.cl\/icim\/#website\"},\"primaryImageOfPage\":{\"@id\":\"https:\/\/medicina.udd.cl\/icim\/2021\/11\/23\/estudio-medira-el-porcentaje-de-la-poblacion-inmune-al-covid-19-en-tres-ciudades-chilenas\/#primaryimage\"},\"image\":{\"@id\":\"https:\/\/medicina.udd.cl\/icim\/2021\/11\/23\/estudio-medira-el-porcentaje-de-la-poblacion-inmune-al-covid-19-en-tres-ciudades-chilenas\/#primaryimage\"},\"thumbnailUrl\":\"https:\/\/medicina.udd.cl\/icim\/files\/2020\/06\/Test-Covid.jpg\",\"datePublished\":\"2021-11-23T18:47:00+00:00\",\"dateModified\":\"2021-11-24T20:48:34+00:00\",\"author\":{\"@id\":\"\"},\"breadcrumb\":{\"@id\":\"https:\/\/medicina.udd.cl\/icim\/2021\/11\/23\/estudio-medira-el-porcentaje-de-la-poblacion-inmune-al-covid-19-en-tres-ciudades-chilenas\/#breadcrumb\"},\"inLanguage\":\"es\",\"potentialAction\":[{\"@type\":\"ReadAction\",\"target\":[\"https:\/\/medicina.udd.cl\/icim\/2021\/11\/23\/estudio-medira-el-porcentaje-de-la-poblacion-inmune-al-covid-19-en-tres-ciudades-chilenas\/\"]}]},{\"@type\":\"ImageObject\",\"inLanguage\":\"es\",\"@id\":\"https:\/\/medicina.udd.cl\/icim\/2021\/11\/23\/estudio-medira-el-porcentaje-de-la-poblacion-inmune-al-covid-19-en-tres-ciudades-chilenas\/#primaryimage\",\"url\":\"https:\/\/medicina.udd.cl\/icim\/files\/2020\/06\/Test-Covid.jpg\",\"contentUrl\":\"https:\/\/medicina.udd.cl\/icim\/files\/2020\/06\/Test-Covid.jpg\",\"width\":4689,\"height\":3126},{\"@type\":\"BreadcrumbList\",\"@id\":\"https:\/\/medicina.udd.cl\/icim\/2021\/11\/23\/estudio-medira-el-porcentaje-de-la-poblacion-inmune-al-covid-19-en-tres-ciudades-chilenas\/#breadcrumb\",\"itemListElement\":[{\"@type\":\"ListItem\",\"position\":1,\"name\":\"Inicio\",\"item\":\"https:\/\/medicina.udd.cl\/icim\/\"},{\"@type\":\"ListItem\",\"position\":2,\"name\":\"Estudio medir\u00e1 el porcentaje de la poblaci\u00f3n inmune al Covid-19 en tres ciudades chilenas\"}]},{\"@type\":\"WebSite\",\"@id\":\"https:\/\/medicina.udd.cl\/icim\/#website\",\"url\":\"https:\/\/medicina.udd.cl\/icim\/\",\"name\":\"ICIM\",\"description\":\"Una iniciativa de Universidad del Desarrollo y Cl\u00ednica Alemana\",\"inLanguage\":\"es\"},{\"@type\":\"Person\",\"@id\":\"\",\"url\":\"https:\/\/medicina.udd.cl\/icim\/author\/\"}]}<\/script>\n<!-- \/ Yoast SEO plugin. -->","yoast_head_json":{"title":"Estudio medir\u00e1 el porcentaje de la poblaci\u00f3n inmune al Covid-19 en tres ciudades chilenas - ICIM","robots":{"index":"index","follow":"follow","max-snippet":"max-snippet:-1","max-image-preview":"max-image-preview:large","max-video-preview":"max-video-preview:-1"},"canonical":"https:\/\/medicina.udd.cl\/icim\/2021\/11\/23\/estudio-medira-el-porcentaje-de-la-poblacion-inmune-al-covid-19-en-tres-ciudades-chilenas\/","og_locale":"es_ES","og_type":"article","og_title":"Estudio medir\u00e1 el porcentaje de la poblaci\u00f3n inmune al Covid-19 en tres ciudades chilenas - ICIM","og_description":"Investigadores de la Facultad de Medicina Cl\u00ednica Alemana Universidad del Desarrollo, la Universidad de Talca y la Universidad Cat\u00f3lica del Norte, est\u00e1n realizando una nueva etapa del \u201cEstudio de sero-epidemiolog\u00eda y plataforma de informaci\u00f3n territorial de la infecci\u00f3n por SARS-CoV-2 en tres ciudades chilenas\u201d, que cuenta en esta oportunidad con el apoyo de la Organizaci\u00f3n [&hellip;]","og_url":"https:\/\/medicina.udd.cl\/icim\/2021\/11\/23\/estudio-medira-el-porcentaje-de-la-poblacion-inmune-al-covid-19-en-tres-ciudades-chilenas\/","og_site_name":"ICIM","article_published_time":"2021-11-23T18:47:00+00:00","article_modified_time":"2021-11-24T20:48:34+00:00","og_image":[{"width":1024,"height":683,"url":"https:\/\/medicina.udd.cl\/icim\/files\/2020\/06\/Test-Covid-1024x683.jpg","type":"image\/jpeg"}],"twitter_card":"summary_large_image","twitter_misc":{"Escrito por":"","Tiempo de lectura":"2 minutos"},"schema":{"@context":"https:\/\/schema.org","@graph":[{"@type":"Article","@id":"https:\/\/medicina.udd.cl\/icim\/2021\/11\/23\/estudio-medira-el-porcentaje-de-la-poblacion-inmune-al-covid-19-en-tres-ciudades-chilenas\/#article","isPartOf":{"@id":"https:\/\/medicina.udd.cl\/icim\/2021\/11\/23\/estudio-medira-el-porcentaje-de-la-poblacion-inmune-al-covid-19-en-tres-ciudades-chilenas\/"},"author":{"name":"","@id":""},"headline":"Estudio medir\u00e1 el porcentaje de la poblaci\u00f3n inmune al Covid-19 en tres ciudades chilenas","datePublished":"2021-11-23T18:47:00+00:00","dateModified":"2021-11-24T20:48:34+00:00","mainEntityOfPage":{"@id":"https:\/\/medicina.udd.cl\/icim\/2021\/11\/23\/estudio-medira-el-porcentaje-de-la-poblacion-inmune-al-covid-19-en-tres-ciudades-chilenas\/"},"wordCount":347,"commentCount":0,"image":{"@id":"https:\/\/medicina.udd.cl\/icim\/2021\/11\/23\/estudio-medira-el-porcentaje-de-la-poblacion-inmune-al-covid-19-en-tres-ciudades-chilenas\/#primaryimage"},"thumbnailUrl":"https:\/\/medicina.udd.cl\/icim\/files\/2020\/06\/Test-Covid.jpg","articleSection":["Noticias"],"inLanguage":"es","potentialAction":[{"@type":"CommentAction","name":"Comment","target":["https:\/\/medicina.udd.cl\/icim\/2021\/11\/23\/estudio-medira-el-porcentaje-de-la-poblacion-inmune-al-covid-19-en-tres-ciudades-chilenas\/#respond"]}]},{"@type":"WebPage","@id":"https:\/\/medicina.udd.cl\/icim\/2021\/11\/23\/estudio-medira-el-porcentaje-de-la-poblacion-inmune-al-covid-19-en-tres-ciudades-chilenas\/","url":"https:\/\/medicina.udd.cl\/icim\/2021\/11\/23\/estudio-medira-el-porcentaje-de-la-poblacion-inmune-al-covid-19-en-tres-ciudades-chilenas\/","name":"Estudio medir\u00e1 el porcentaje de la poblaci\u00f3n inmune al Covid-19 en tres ciudades chilenas - ICIM","isPartOf":{"@id":"https:\/\/medicina.udd.cl\/icim\/#website"},"primaryImageOfPage":{"@id":"https:\/\/medicina.udd.cl\/icim\/2021\/11\/23\/estudio-medira-el-porcentaje-de-la-poblacion-inmune-al-covid-19-en-tres-ciudades-chilenas\/#primaryimage"},"image":{"@id":"https:\/\/medicina.udd.cl\/icim\/2021\/11\/23\/estudio-medira-el-porcentaje-de-la-poblacion-inmune-al-covid-19-en-tres-ciudades-chilenas\/#primaryimage"},"thumbnailUrl":"https:\/\/medicina.udd.cl\/icim\/files\/2020\/06\/Test-Covid.jpg","datePublished":"2021-11-23T18:47:00+00:00","dateModified":"2021-11-24T20:48:34+00:00","author":{"@id":""},"breadcrumb":{"@id":"https:\/\/medicina.udd.cl\/icim\/2021\/11\/23\/estudio-medira-el-porcentaje-de-la-poblacion-inmune-al-covid-19-en-tres-ciudades-chilenas\/#breadcrumb"},"inLanguage":"es","potentialAction":[{"@type":"ReadAction","target":["https:\/\/medicina.udd.cl\/icim\/2021\/11\/23\/estudio-medira-el-porcentaje-de-la-poblacion-inmune-al-covid-19-en-tres-ciudades-chilenas\/"]}]},{"@type":"ImageObject","inLanguage":"es","@id":"https:\/\/medicina.udd.cl\/icim\/2021\/11\/23\/estudio-medira-el-porcentaje-de-la-poblacion-inmune-al-covid-19-en-tres-ciudades-chilenas\/#primaryimage","url":"https:\/\/medicina.udd.cl\/icim\/files\/2020\/06\/Test-Covid.jpg","contentUrl":"https:\/\/medicina.udd.cl\/icim\/files\/2020\/06\/Test-Covid.jpg","width":4689,"height":3126},{"@type":"BreadcrumbList","@id":"https:\/\/medicina.udd.cl\/icim\/2021\/11\/23\/estudio-medira-el-porcentaje-de-la-poblacion-inmune-al-covid-19-en-tres-ciudades-chilenas\/#breadcrumb","itemListElement":[{"@type":"ListItem","position":1,"name":"Inicio","item":"https:\/\/medicina.udd.cl\/icim\/"},{"@type":"ListItem","position":2,"name":"Estudio medir\u00e1 el porcentaje de la poblaci\u00f3n inmune al Covid-19 en tres ciudades chilenas"}]},{"@type":"WebSite","@id":"https:\/\/medicina.udd.cl\/icim\/#website","url":"https:\/\/medicina.udd.cl\/icim\/","name":"ICIM","description":"Una iniciativa de Universidad del Desarrollo y Cl\u00ednica Alemana","inLanguage":"es"},{"@type":"Person","@id":"","url":"https:\/\/medicina.udd.cl\/icim\/author\/"}]}},"featured_image_url":"https:\/\/medicina.udd.cl\/icim\/files\/2020\/06\/Test-Covid.jpg","_links":{"self":[{"href":"https:\/\/medicina.udd.cl\/icim\/wp-json\/wp\/v2\/posts\/9968","targetHints":{"allow":["GET"]}}],"collection":[{"href":"https:\/\/medicina.udd.cl\/icim\/wp-json\/wp\/v2\/posts"}],"about":[{"href":"https:\/\/medicina.udd.cl\/icim\/wp-json\/wp\/v2\/types\/post"}],"author":[{"embeddable":true,"href":"https:\/\/medicina.udd.cl\/icim\/wp-json\/wp\/v2\/users\/42"}],"replies":[{"embeddable":true,"href":"https:\/\/medicina.udd.cl\/icim\/wp-json\/wp\/v2\/comments?post=9968"}],"version-history":[{"count":3,"href":"https:\/\/medicina.udd.cl\/icim\/wp-json\/wp\/v2\/posts\/9968\/revisions"}],"predecessor-version":[{"id":9975,"href":"https:\/\/medicina.udd.cl\/icim\/wp-json\/wp\/v2\/posts\/9968\/revisions\/9975"}],"wp:featuredmedia":[{"embeddable":true,"href":"https:\/\/medicina.udd.cl\/icim\/wp-json\/wp\/v2\/media\/8644"}],"wp:attachment":[{"href":"https:\/\/medicina.udd.cl\/icim\/wp-json\/wp\/v2\/media?parent=9968"}],"wp:term":[{"taxonomy":"category","embeddable":true,"href":"https:\/\/medicina.udd.cl\/icim\/wp-json\/wp\/v2\/categories?post=9968"},{"taxonomy":"post_tag","embeddable":true,"href":"https:\/\/medicina.udd.cl\/icim\/wp-json\/wp\/v2\/tags?post=9968"}],"curies":[{"name":"wp","href":"https:\/\/api.w.org\/{rel}","templated":true}]}}