{"id":50,"date":"2025-07-10T12:27:00","date_gmt":"2025-07-10T16:27:00","guid":{"rendered":"https:\/\/medicina.udd.cl\/innovatm\/?p=50"},"modified":"2025-09-05T12:31:31","modified_gmt":"2025-09-05T16:31:31","slug":"docentes-de-tecnologia-medica-udd-destacan-en-seminario-idea-2025-con-propuestas-innovadoras-en-educacion-en-salud","status":"publish","type":"post","link":"https:\/\/medicina.udd.cl\/innovatm\/2025\/07\/10\/docentes-de-tecnologia-medica-udd-destacan-en-seminario-idea-2025-con-propuestas-innovadoras-en-educacion-en-salud\/","title":{"rendered":"Docentes de Tecnolog\u00eda M\u00e9dica UDD destacan en Seminario IDEA 2025 con propuestas innovadoras en educaci\u00f3n en salud"},"content":{"rendered":"\n<figure class=\"wp-block-gallery has-nested-images columns-default is-cropped wp-block-gallery-1 is-layout-flex wp-block-gallery-is-layout-flex\">\n<figure class=\"wp-block-image size-large\"><img loading=\"lazy\" decoding=\"async\" width=\"1024\" height=\"768\" data-id=\"51\" src=\"https:\/\/medicina.udd.cl\/innovatm\/files\/2025\/09\/tm-participacion-seminario-idea-2025-4-1024x768-1.jpg\" alt=\"\" class=\"wp-image-51\" srcset=\"https:\/\/medicina.udd.cl\/innovatm\/files\/2025\/09\/tm-participacion-seminario-idea-2025-4-1024x768-1.jpg 1024w, https:\/\/medicina.udd.cl\/innovatm\/files\/2025\/09\/tm-participacion-seminario-idea-2025-4-1024x768-1-300x225.jpg 300w, https:\/\/medicina.udd.cl\/innovatm\/files\/2025\/09\/tm-participacion-seminario-idea-2025-4-1024x768-1-768x576.jpg 768w\" sizes=\"auto, (max-width: 1024px) 100vw, 1024px\" \/><figcaption class=\"wp-element-caption\">TM Ra\u00fal Torres<\/figcaption><\/figure>\n\n\n\n<figure class=\"wp-block-image size-large\"><img loading=\"lazy\" decoding=\"async\" width=\"1024\" height=\"768\" data-id=\"52\" src=\"https:\/\/medicina.udd.cl\/innovatm\/files\/2025\/09\/tm-participacion-seminario-idea-2025-1-1024x768-1.jpg\" alt=\"\" class=\"wp-image-52\" srcset=\"https:\/\/medicina.udd.cl\/innovatm\/files\/2025\/09\/tm-participacion-seminario-idea-2025-1-1024x768-1.jpg 1024w, https:\/\/medicina.udd.cl\/innovatm\/files\/2025\/09\/tm-participacion-seminario-idea-2025-1-1024x768-1-300x225.jpg 300w, https:\/\/medicina.udd.cl\/innovatm\/files\/2025\/09\/tm-participacion-seminario-idea-2025-1-1024x768-1-768x576.jpg 768w\" sizes=\"auto, (max-width: 1024px) 100vw, 1024px\" \/><figcaption class=\"wp-element-caption\">TM Camila Campos<\/figcaption><\/figure>\n\n\n\n<figure class=\"wp-block-image size-large\"><img loading=\"lazy\" decoding=\"async\" width=\"1024\" height=\"768\" data-id=\"53\" src=\"https:\/\/medicina.udd.cl\/innovatm\/files\/2025\/09\/tm-participacion-seminario-idea-2025-3-1024x768-1.jpg\" alt=\"\" class=\"wp-image-53\" srcset=\"https:\/\/medicina.udd.cl\/innovatm\/files\/2025\/09\/tm-participacion-seminario-idea-2025-3-1024x768-1.jpg 1024w, https:\/\/medicina.udd.cl\/innovatm\/files\/2025\/09\/tm-participacion-seminario-idea-2025-3-1024x768-1-300x225.jpg 300w, https:\/\/medicina.udd.cl\/innovatm\/files\/2025\/09\/tm-participacion-seminario-idea-2025-3-1024x768-1-768x576.jpg 768w\" sizes=\"auto, (max-width: 1024px) 100vw, 1024px\" \/><figcaption class=\"wp-element-caption\">TM Marco Jim\u00e9nez<\/figcaption><\/figure>\n<\/figure>\n\n\n\n<p>El pasado&nbsp;<strong>mi\u00e9rcoles 9 de julio<\/strong>&nbsp;se llev\u00f3 a cabo una nueva edici\u00f3n del&nbsp;<strong>Seminario de Innovaci\u00f3n Docente IDEA 2025<\/strong>, organizado por el&nbsp;<strong>Centro de Innovaci\u00f3n Docente (CID)<\/strong>&nbsp;de la&nbsp;<strong>Universidad del Desarrollo (UDD)<\/strong>. En esta instancia, la&nbsp;<strong>carrera de Tecnolog\u00eda M\u00e9dica<\/strong>&nbsp;tuvo una destacada participaci\u00f3n, con la presentaci\u00f3n de tres iniciativas que reflejan el compromiso de sus docentes con la transformaci\u00f3n de los procesos de ense\u00f1anza-aprendizaje.<\/p>\n\n\n\n<p>Las presentaciones abordaron tem\u00e1ticas innovadoras, aplicadas directamente a la formaci\u00f3n en salud:<\/p>\n\n\n\n<ul class=\"wp-block-list\">\n<li><strong>Camila Campos<\/strong>, docente del \u00e1rea de Imagenolog\u00eda, present\u00f3 el trabajo:<br><strong>\u201cSimulaci\u00f3n de Laboratorio Virtual en Engage VR: \u00bfEl personal cl\u00ednico conoce el plan de evacuaci\u00f3n?\u201d<\/strong>, en el que se evalu\u00f3 el uso de tecnolog\u00edas inmersivas para fortalecer la formaci\u00f3n en protocolos de emergencia en entornos cl\u00ednicos simulados.<\/li>\n<\/ul>\n\n\n\n<ul class=\"wp-block-list\">\n<li><strong>Marco Jim\u00e9nez<\/strong>, tambi\u00e9n del \u00e1rea de Imagenolog\u00eda, expuso:<br><strong>\u201cCreaci\u00f3n y validaci\u00f3n de modelos Anatomo-Patol\u00f3gicos impresos en 3D para la educaci\u00f3n en salud\u201d<\/strong>, iniciativa que integra herramientas de impresi\u00f3n tridimensional para mejorar la comprensi\u00f3n anat\u00f3mica y patol\u00f3gica en estudiantes.<\/li>\n<\/ul>\n\n\n\n<ul class=\"wp-block-list\">\n<li><strong>Ra\u00fal Torres<\/strong>, acad\u00e9mico del \u00e1rea de\u00a0<strong>Imagenolog\u00eda y F\u00edsica M\u00e9dica<\/strong>, fue reconocido con el premio a la\u00a0<strong>\u201cMejor Presentaci\u00f3n Oral\u201d<\/strong>\u00a0del seminario, por su exposici\u00f3n titulada:<br><strong>\u201cIntegraci\u00f3n de Recursos para Aprendizaje Aut\u00f3nomo y Colaborativo\u201d<\/strong>, basada en tres ejes clave:<\/li>\n<\/ul>\n\n\n\n<ol start=\"1\" class=\"wp-block-list\">\n<li><strong>Uso de ecograf\u00eda port\u00e1til para la ense\u00f1anza de anatom\u00eda<\/strong>: permiti\u00f3 correlacionar estructuras en tiempo real con contenidos te\u00f3ricos.<\/li>\n\n\n\n<li><strong>Desarrollo de videos tutoriales multiling\u00fces<\/strong>: facilit\u00f3 el aprendizaje pr\u00e1ctico durante rotaciones cl\u00ednicas en diversos contextos culturales.<\/li>\n\n\n\n<li><strong>Tutor virtual con inteligencia artificial en WhatsApp<\/strong>: un canal de acompa\u00f1amiento permanente que entrega orientaci\u00f3n y retroalimentaci\u00f3n a estudiantes, adem\u00e1s de herramientas de apoyo a la gesti\u00f3n acad\u00e9mica para los docentes.<\/li>\n<\/ol>\n\n\n\n<p>La&nbsp;<strong>directora de la carrera de Tecnolog\u00eda M\u00e9dica UDD<\/strong>,&nbsp;<strong>TM. Mar\u00eda Adriana Parra<\/strong>, destac\u00f3 el compromiso del equipo docente:<\/p>\n\n\n\n<p><em>\u201cFue un gran orgullo ver a nuestros profesores, tanto del \u00e1rea de Imagenolog\u00eda como de Morfofisiopatolog\u00eda y Citodiagn\u00f3stico, presentar sus innovaciones. Lo m\u00e1s importante es constatar c\u00f3mo est\u00e1n repensando la docencia universitaria, buscando metodolog\u00edas m\u00e1s interactivas y efectivas para nuestros estudiantes\u201d.<\/em><\/p>\n","protected":false},"excerpt":{"rendered":"<p>El pasado&nbsp;mi\u00e9rcoles 9 de julio&nbsp;se llev\u00f3 a cabo una nueva edici\u00f3n del&nbsp;Seminario de Innovaci\u00f3n Docente IDEA 2025, organizado por el&nbsp;Centro de Innovaci\u00f3n Docente (CID)&nbsp;de la&nbsp;Universidad del Desarrollo (UDD). En esta instancia, la&nbsp;carrera de Tecnolog\u00eda M\u00e9dica&nbsp;tuvo una destacada participaci\u00f3n, con la presentaci\u00f3n de tres iniciativas que reflejan el compromiso de sus docentes con la transformaci\u00f3n de [&hellip;]<\/p>\n","protected":false},"author":9192254,"featured_media":51,"comment_status":"closed","ping_status":"open","sticky":false,"template":"","format":"standard","meta":{"footnotes":""},"categories":[5],"tags":[],"class_list":["post-50","post","type-post","status-publish","format-standard","has-post-thumbnail","hentry","category-noticias"],"yoast_head":"<!-- This site is optimized with the Yoast SEO plugin v26.9 - https:\/\/yoast.com\/product\/yoast-seo-wordpress\/ -->\n<title>Docentes de Tecnolog\u00eda M\u00e9dica UDD destacan en Seminario IDEA 2025 con propuestas innovadoras en educaci\u00f3n en salud - Innova Tecnolog\u00eda M\u00e9dica<\/title>\n<meta name=\"robots\" content=\"index, follow, max-snippet:-1, max-image-preview:large, max-video-preview:-1\" \/>\n<link rel=\"canonical\" href=\"https:\/\/medicina.udd.cl\/innovatm\/2025\/07\/10\/docentes-de-tecnologia-medica-udd-destacan-en-seminario-idea-2025-con-propuestas-innovadoras-en-educacion-en-salud\/\" \/>\n<meta property=\"og:locale\" content=\"es_ES\" \/>\n<meta property=\"og:type\" content=\"article\" \/>\n<meta property=\"og:title\" content=\"Docentes de Tecnolog\u00eda M\u00e9dica UDD destacan en Seminario IDEA 2025 con propuestas innovadoras en educaci\u00f3n en salud - Innova Tecnolog\u00eda M\u00e9dica\" \/>\n<meta property=\"og:description\" content=\"El pasado&nbsp;mi\u00e9rcoles 9 de julio&nbsp;se llev\u00f3 a cabo una nueva edici\u00f3n del&nbsp;Seminario de Innovaci\u00f3n Docente IDEA 2025, organizado por el&nbsp;Centro de Innovaci\u00f3n Docente (CID)&nbsp;de la&nbsp;Universidad del Desarrollo (UDD). En esta instancia, la&nbsp;carrera de Tecnolog\u00eda M\u00e9dica&nbsp;tuvo una destacada participaci\u00f3n, con la presentaci\u00f3n de tres iniciativas que reflejan el compromiso de sus docentes con la transformaci\u00f3n de [&hellip;]\" \/>\n<meta property=\"og:url\" content=\"https:\/\/medicina.udd.cl\/innovatm\/2025\/07\/10\/docentes-de-tecnologia-medica-udd-destacan-en-seminario-idea-2025-con-propuestas-innovadoras-en-educacion-en-salud\/\" \/>\n<meta property=\"og:site_name\" content=\"Innova Tecnolog\u00eda M\u00e9dica\" \/>\n<meta property=\"article:published_time\" content=\"2025-07-10T16:27:00+00:00\" \/>\n<meta property=\"article:modified_time\" content=\"2025-09-05T16:31:31+00:00\" \/>\n<meta property=\"og:image\" content=\"http:\/\/medicina.udd.cl\/innovatm\/files\/2025\/09\/tm-participacion-seminario-idea-2025-4-1024x768-1.jpg\" \/>\n\t<meta property=\"og:image:width\" content=\"1024\" \/>\n\t<meta property=\"og:image:height\" content=\"768\" \/>\n\t<meta property=\"og:image:type\" content=\"image\/jpeg\" \/>\n<meta name=\"author\" content=\"magdalenaestay\" \/>\n<meta name=\"twitter:card\" content=\"summary_large_image\" \/>\n<meta name=\"twitter:label1\" content=\"Escrito por\" \/>\n\t<meta name=\"twitter:data1\" content=\"magdalenaestay\" \/>\n\t<meta name=\"twitter:label2\" content=\"Tiempo de lectura\" \/>\n\t<meta name=\"twitter:data2\" content=\"3 minutos\" \/>\n<script type=\"application\/ld+json\" class=\"yoast-schema-graph\">{\"@context\":\"https:\/\/schema.org\",\"@graph\":[{\"@type\":\"Article\",\"@id\":\"https:\/\/medicina.udd.cl\/innovatm\/2025\/07\/10\/docentes-de-tecnologia-medica-udd-destacan-en-seminario-idea-2025-con-propuestas-innovadoras-en-educacion-en-salud\/#article\",\"isPartOf\":{\"@id\":\"https:\/\/medicina.udd.cl\/innovatm\/2025\/07\/10\/docentes-de-tecnologia-medica-udd-destacan-en-seminario-idea-2025-con-propuestas-innovadoras-en-educacion-en-salud\/\"},\"author\":{\"name\":\"magdalenaestay\",\"@id\":\"https:\/\/medicina.udd.cl\/innovatm\/#\/schema\/person\/ed6f79d59c0f820f128a5bb9801ef1f2\"},\"headline\":\"Docentes de Tecnolog\u00eda M\u00e9dica UDD destacan en Seminario IDEA 2025 con propuestas innovadoras en educaci\u00f3n en salud\",\"datePublished\":\"2025-07-10T16:27:00+00:00\",\"dateModified\":\"2025-09-05T16:31:31+00:00\",\"mainEntityOfPage\":{\"@id\":\"https:\/\/medicina.udd.cl\/innovatm\/2025\/07\/10\/docentes-de-tecnologia-medica-udd-destacan-en-seminario-idea-2025-con-propuestas-innovadoras-en-educacion-en-salud\/\"},\"wordCount\":430,\"image\":{\"@id\":\"https:\/\/medicina.udd.cl\/innovatm\/2025\/07\/10\/docentes-de-tecnologia-medica-udd-destacan-en-seminario-idea-2025-con-propuestas-innovadoras-en-educacion-en-salud\/#primaryimage\"},\"thumbnailUrl\":\"https:\/\/medicina.udd.cl\/innovatm\/files\/2025\/09\/tm-participacion-seminario-idea-2025-4-1024x768-1.jpg\",\"articleSection\":[\"Noticias\"],\"inLanguage\":\"es\"},{\"@type\":\"WebPage\",\"@id\":\"https:\/\/medicina.udd.cl\/innovatm\/2025\/07\/10\/docentes-de-tecnologia-medica-udd-destacan-en-seminario-idea-2025-con-propuestas-innovadoras-en-educacion-en-salud\/\",\"url\":\"https:\/\/medicina.udd.cl\/innovatm\/2025\/07\/10\/docentes-de-tecnologia-medica-udd-destacan-en-seminario-idea-2025-con-propuestas-innovadoras-en-educacion-en-salud\/\",\"name\":\"Docentes de Tecnolog\u00eda M\u00e9dica UDD destacan en Seminario IDEA 2025 con propuestas innovadoras en educaci\u00f3n en salud - Innova Tecnolog\u00eda M\u00e9dica\",\"isPartOf\":{\"@id\":\"https:\/\/medicina.udd.cl\/innovatm\/#website\"},\"primaryImageOfPage\":{\"@id\":\"https:\/\/medicina.udd.cl\/innovatm\/2025\/07\/10\/docentes-de-tecnologia-medica-udd-destacan-en-seminario-idea-2025-con-propuestas-innovadoras-en-educacion-en-salud\/#primaryimage\"},\"image\":{\"@id\":\"https:\/\/medicina.udd.cl\/innovatm\/2025\/07\/10\/docentes-de-tecnologia-medica-udd-destacan-en-seminario-idea-2025-con-propuestas-innovadoras-en-educacion-en-salud\/#primaryimage\"},\"thumbnailUrl\":\"https:\/\/medicina.udd.cl\/innovatm\/files\/2025\/09\/tm-participacion-seminario-idea-2025-4-1024x768-1.jpg\",\"datePublished\":\"2025-07-10T16:27:00+00:00\",\"dateModified\":\"2025-09-05T16:31:31+00:00\",\"author\":{\"@id\":\"https:\/\/medicina.udd.cl\/innovatm\/#\/schema\/person\/ed6f79d59c0f820f128a5bb9801ef1f2\"},\"inLanguage\":\"es\",\"potentialAction\":[{\"@type\":\"ReadAction\",\"target\":[\"https:\/\/medicina.udd.cl\/innovatm\/2025\/07\/10\/docentes-de-tecnologia-medica-udd-destacan-en-seminario-idea-2025-con-propuestas-innovadoras-en-educacion-en-salud\/\"]}]},{\"@type\":\"ImageObject\",\"inLanguage\":\"es\",\"@id\":\"https:\/\/medicina.udd.cl\/innovatm\/2025\/07\/10\/docentes-de-tecnologia-medica-udd-destacan-en-seminario-idea-2025-con-propuestas-innovadoras-en-educacion-en-salud\/#primaryimage\",\"url\":\"https:\/\/medicina.udd.cl\/innovatm\/files\/2025\/09\/tm-participacion-seminario-idea-2025-4-1024x768-1.jpg\",\"contentUrl\":\"https:\/\/medicina.udd.cl\/innovatm\/files\/2025\/09\/tm-participacion-seminario-idea-2025-4-1024x768-1.jpg\",\"width\":1024,\"height\":768},{\"@type\":\"WebSite\",\"@id\":\"https:\/\/medicina.udd.cl\/innovatm\/#website\",\"url\":\"https:\/\/medicina.udd.cl\/innovatm\/\",\"name\":\"Innova Tecnolog\u00eda M\u00e9dica\",\"description\":\"\",\"inLanguage\":\"es\"},{\"@type\":\"Person\",\"@id\":\"https:\/\/medicina.udd.cl\/innovatm\/#\/schema\/person\/ed6f79d59c0f820f128a5bb9801ef1f2\",\"name\":\"magdalenaestay\",\"image\":{\"@type\":\"ImageObject\",\"inLanguage\":\"es\",\"@id\":\"https:\/\/medicina.udd.cl\/innovatm\/#\/schema\/person\/image\/\",\"url\":\"https:\/\/secure.gravatar.com\/avatar\/b068ccaa115501438dab22979d0ff56e6306c4f89777269db483369ec65d8dc1?s=96&d=mm&r=g\",\"contentUrl\":\"https:\/\/secure.gravatar.com\/avatar\/b068ccaa115501438dab22979d0ff56e6306c4f89777269db483369ec65d8dc1?s=96&d=mm&r=g\",\"caption\":\"magdalenaestay\"},\"url\":\"https:\/\/medicina.udd.cl\/innovatm\/author\/magdalenaestay\/\"}]}<\/script>\n<!-- \/ Yoast SEO plugin. -->","yoast_head_json":{"title":"Docentes de Tecnolog\u00eda M\u00e9dica UDD destacan en Seminario IDEA 2025 con propuestas innovadoras en educaci\u00f3n en salud - Innova Tecnolog\u00eda M\u00e9dica","robots":{"index":"index","follow":"follow","max-snippet":"max-snippet:-1","max-image-preview":"max-image-preview:large","max-video-preview":"max-video-preview:-1"},"canonical":"https:\/\/medicina.udd.cl\/innovatm\/2025\/07\/10\/docentes-de-tecnologia-medica-udd-destacan-en-seminario-idea-2025-con-propuestas-innovadoras-en-educacion-en-salud\/","og_locale":"es_ES","og_type":"article","og_title":"Docentes de Tecnolog\u00eda M\u00e9dica UDD destacan en Seminario IDEA 2025 con propuestas innovadoras en educaci\u00f3n en salud - Innova Tecnolog\u00eda M\u00e9dica","og_description":"El pasado&nbsp;mi\u00e9rcoles 9 de julio&nbsp;se llev\u00f3 a cabo una nueva edici\u00f3n del&nbsp;Seminario de Innovaci\u00f3n Docente IDEA 2025, organizado por el&nbsp;Centro de Innovaci\u00f3n Docente (CID)&nbsp;de la&nbsp;Universidad del Desarrollo (UDD). En esta instancia, la&nbsp;carrera de Tecnolog\u00eda M\u00e9dica&nbsp;tuvo una destacada participaci\u00f3n, con la presentaci\u00f3n de tres iniciativas que reflejan el compromiso de sus docentes con la transformaci\u00f3n de [&hellip;]","og_url":"https:\/\/medicina.udd.cl\/innovatm\/2025\/07\/10\/docentes-de-tecnologia-medica-udd-destacan-en-seminario-idea-2025-con-propuestas-innovadoras-en-educacion-en-salud\/","og_site_name":"Innova Tecnolog\u00eda M\u00e9dica","article_published_time":"2025-07-10T16:27:00+00:00","article_modified_time":"2025-09-05T16:31:31+00:00","og_image":[{"width":1024,"height":768,"url":"http:\/\/medicina.udd.cl\/innovatm\/files\/2025\/09\/tm-participacion-seminario-idea-2025-4-1024x768-1.jpg","type":"image\/jpeg"}],"author":"magdalenaestay","twitter_card":"summary_large_image","twitter_misc":{"Escrito por":"magdalenaestay","Tiempo de lectura":"3 minutos"},"schema":{"@context":"https:\/\/schema.org","@graph":[{"@type":"Article","@id":"https:\/\/medicina.udd.cl\/innovatm\/2025\/07\/10\/docentes-de-tecnologia-medica-udd-destacan-en-seminario-idea-2025-con-propuestas-innovadoras-en-educacion-en-salud\/#article","isPartOf":{"@id":"https:\/\/medicina.udd.cl\/innovatm\/2025\/07\/10\/docentes-de-tecnologia-medica-udd-destacan-en-seminario-idea-2025-con-propuestas-innovadoras-en-educacion-en-salud\/"},"author":{"name":"magdalenaestay","@id":"https:\/\/medicina.udd.cl\/innovatm\/#\/schema\/person\/ed6f79d59c0f820f128a5bb9801ef1f2"},"headline":"Docentes de Tecnolog\u00eda M\u00e9dica UDD destacan en Seminario IDEA 2025 con propuestas innovadoras en educaci\u00f3n en salud","datePublished":"2025-07-10T16:27:00+00:00","dateModified":"2025-09-05T16:31:31+00:00","mainEntityOfPage":{"@id":"https:\/\/medicina.udd.cl\/innovatm\/2025\/07\/10\/docentes-de-tecnologia-medica-udd-destacan-en-seminario-idea-2025-con-propuestas-innovadoras-en-educacion-en-salud\/"},"wordCount":430,"image":{"@id":"https:\/\/medicina.udd.cl\/innovatm\/2025\/07\/10\/docentes-de-tecnologia-medica-udd-destacan-en-seminario-idea-2025-con-propuestas-innovadoras-en-educacion-en-salud\/#primaryimage"},"thumbnailUrl":"https:\/\/medicina.udd.cl\/innovatm\/files\/2025\/09\/tm-participacion-seminario-idea-2025-4-1024x768-1.jpg","articleSection":["Noticias"],"inLanguage":"es"},{"@type":"WebPage","@id":"https:\/\/medicina.udd.cl\/innovatm\/2025\/07\/10\/docentes-de-tecnologia-medica-udd-destacan-en-seminario-idea-2025-con-propuestas-innovadoras-en-educacion-en-salud\/","url":"https:\/\/medicina.udd.cl\/innovatm\/2025\/07\/10\/docentes-de-tecnologia-medica-udd-destacan-en-seminario-idea-2025-con-propuestas-innovadoras-en-educacion-en-salud\/","name":"Docentes de Tecnolog\u00eda M\u00e9dica UDD destacan en Seminario IDEA 2025 con propuestas innovadoras en educaci\u00f3n en salud - Innova Tecnolog\u00eda M\u00e9dica","isPartOf":{"@id":"https:\/\/medicina.udd.cl\/innovatm\/#website"},"primaryImageOfPage":{"@id":"https:\/\/medicina.udd.cl\/innovatm\/2025\/07\/10\/docentes-de-tecnologia-medica-udd-destacan-en-seminario-idea-2025-con-propuestas-innovadoras-en-educacion-en-salud\/#primaryimage"},"image":{"@id":"https:\/\/medicina.udd.cl\/innovatm\/2025\/07\/10\/docentes-de-tecnologia-medica-udd-destacan-en-seminario-idea-2025-con-propuestas-innovadoras-en-educacion-en-salud\/#primaryimage"},"thumbnailUrl":"https:\/\/medicina.udd.cl\/innovatm\/files\/2025\/09\/tm-participacion-seminario-idea-2025-4-1024x768-1.jpg","datePublished":"2025-07-10T16:27:00+00:00","dateModified":"2025-09-05T16:31:31+00:00","author":{"@id":"https:\/\/medicina.udd.cl\/innovatm\/#\/schema\/person\/ed6f79d59c0f820f128a5bb9801ef1f2"},"inLanguage":"es","potentialAction":[{"@type":"ReadAction","target":["https:\/\/medicina.udd.cl\/innovatm\/2025\/07\/10\/docentes-de-tecnologia-medica-udd-destacan-en-seminario-idea-2025-con-propuestas-innovadoras-en-educacion-en-salud\/"]}]},{"@type":"ImageObject","inLanguage":"es","@id":"https:\/\/medicina.udd.cl\/innovatm\/2025\/07\/10\/docentes-de-tecnologia-medica-udd-destacan-en-seminario-idea-2025-con-propuestas-innovadoras-en-educacion-en-salud\/#primaryimage","url":"https:\/\/medicina.udd.cl\/innovatm\/files\/2025\/09\/tm-participacion-seminario-idea-2025-4-1024x768-1.jpg","contentUrl":"https:\/\/medicina.udd.cl\/innovatm\/files\/2025\/09\/tm-participacion-seminario-idea-2025-4-1024x768-1.jpg","width":1024,"height":768},{"@type":"WebSite","@id":"https:\/\/medicina.udd.cl\/innovatm\/#website","url":"https:\/\/medicina.udd.cl\/innovatm\/","name":"Innova Tecnolog\u00eda M\u00e9dica","description":"","inLanguage":"es"},{"@type":"Person","@id":"https:\/\/medicina.udd.cl\/innovatm\/#\/schema\/person\/ed6f79d59c0f820f128a5bb9801ef1f2","name":"magdalenaestay","image":{"@type":"ImageObject","inLanguage":"es","@id":"https:\/\/medicina.udd.cl\/innovatm\/#\/schema\/person\/image\/","url":"https:\/\/secure.gravatar.com\/avatar\/b068ccaa115501438dab22979d0ff56e6306c4f89777269db483369ec65d8dc1?s=96&d=mm&r=g","contentUrl":"https:\/\/secure.gravatar.com\/avatar\/b068ccaa115501438dab22979d0ff56e6306c4f89777269db483369ec65d8dc1?s=96&d=mm&r=g","caption":"magdalenaestay"},"url":"https:\/\/medicina.udd.cl\/innovatm\/author\/magdalenaestay\/"}]}},"featured_image_url":"https:\/\/medicina.udd.cl\/innovatm\/files\/2025\/09\/tm-participacion-seminario-idea-2025-4-1024x768-1.jpg","_links":{"self":[{"href":"https:\/\/medicina.udd.cl\/innovatm\/wp-json\/wp\/v2\/posts\/50","targetHints":{"allow":["GET"]}}],"collection":[{"href":"https:\/\/medicina.udd.cl\/innovatm\/wp-json\/wp\/v2\/posts"}],"about":[{"href":"https:\/\/medicina.udd.cl\/innovatm\/wp-json\/wp\/v2\/types\/post"}],"author":[{"embeddable":true,"href":"https:\/\/medicina.udd.cl\/innovatm\/wp-json\/wp\/v2\/users\/9192254"}],"replies":[{"embeddable":true,"href":"https:\/\/medicina.udd.cl\/innovatm\/wp-json\/wp\/v2\/comments?post=50"}],"version-history":[{"count":1,"href":"https:\/\/medicina.udd.cl\/innovatm\/wp-json\/wp\/v2\/posts\/50\/revisions"}],"predecessor-version":[{"id":54,"href":"https:\/\/medicina.udd.cl\/innovatm\/wp-json\/wp\/v2\/posts\/50\/revisions\/54"}],"wp:featuredmedia":[{"embeddable":true,"href":"https:\/\/medicina.udd.cl\/innovatm\/wp-json\/wp\/v2\/media\/51"}],"wp:attachment":[{"href":"https:\/\/medicina.udd.cl\/innovatm\/wp-json\/wp\/v2\/media?parent=50"}],"wp:term":[{"taxonomy":"category","embeddable":true,"href":"https:\/\/medicina.udd.cl\/innovatm\/wp-json\/wp\/v2\/categories?post=50"},{"taxonomy":"post_tag","embeddable":true,"href":"https:\/\/medicina.udd.cl\/innovatm\/wp-json\/wp\/v2\/tags?post=50"}],"curies":[{"name":"wp","href":"https:\/\/api.w.org\/{rel}","templated":true}]}}