{"id":1348,"date":"2013-07-23T10:41:24","date_gmt":"2013-07-23T14:41:24","guid":{"rendered":"http:\/\/medicina.udd.cl\/kinesiologia-santiago\/?p=1348"},"modified":"2013-08-20T10:56:15","modified_gmt":"2013-08-20T14:56:15","slug":"experto-espanol-imparte-talleres-de-educacion-reflexiva-en-la-udd","status":"publish","type":"post","link":"https:\/\/medicina.udd.cl\/kinesiologia-santiago\/noticias\/2013\/07\/23\/experto-espanol-imparte-talleres-de-educacion-reflexiva-en-la-udd\/","title":{"rendered":"Experto espa\u00f1ol imparte talleres de Educaci\u00f3n Reflexiva en la UDD"},"content":{"rendered":"<div id=\"gallery-1\" class=\"carousel slide carousel-gallery\" data-ride=\"false\" data-interval=\"false\"><div class=\"carousel-inner\" role=\"listbox\"><figure class=\"carousel-item active\"><img loading=\"lazy\" decoding=\"async\" width=\"801\" height=\"534\" src=\"https:\/\/medicina.udd.cl\/kinesiologia-santiago\/files\/2013\/08\/Dra.-Jadue-Jos\u00e9-Luis-Medina-Dr.-Behnke-y-Dr.-Lillo.jpg\" class=\"attachment-landscape_952 size-landscape_952\" alt=\"\" srcset=\"https:\/\/medicina.udd.cl\/kinesiologia-santiago\/files\/2013\/08\/Dra.-Jadue-Jos\u00e9-Luis-Medina-Dr.-Behnke-y-Dr.-Lillo.jpg 3456w, https:\/\/medicina.udd.cl\/kinesiologia-santiago\/files\/2013\/08\/Dra.-Jadue-Jos\u00e9-Luis-Medina-Dr.-Behnke-y-Dr.-Lillo-300x200.jpg 300w, https:\/\/medicina.udd.cl\/kinesiologia-santiago\/files\/2013\/08\/Dra.-Jadue-Jos\u00e9-Luis-Medina-Dr.-Behnke-y-Dr.-Lillo-768x512.jpg 768w, https:\/\/medicina.udd.cl\/kinesiologia-santiago\/files\/2013\/08\/Dra.-Jadue-Jos\u00e9-Luis-Medina-Dr.-Behnke-y-Dr.-Lillo-1024x683.jpg 1024w, https:\/\/medicina.udd.cl\/kinesiologia-santiago\/files\/2013\/08\/Dra.-Jadue-Jos\u00e9-Luis-Medina-Dr.-Behnke-y-Dr.-Lillo-960x640.jpg 960w\" sizes=\"auto, (max-width: 801px) 100vw, 801px\" \/><\/figure><figure class=\"carousel-item\"><img loading=\"lazy\" decoding=\"async\" width=\"801\" height=\"534\" src=\"https:\/\/medicina.udd.cl\/kinesiologia-santiago\/files\/2013\/08\/Seminario-en-Hospital-Padre-Hurtado.jpg\" class=\"attachment-landscape_952 size-landscape_952\" alt=\"\" srcset=\"https:\/\/medicina.udd.cl\/kinesiologia-santiago\/files\/2013\/08\/Seminario-en-Hospital-Padre-Hurtado.jpg 3456w, https:\/\/medicina.udd.cl\/kinesiologia-santiago\/files\/2013\/08\/Seminario-en-Hospital-Padre-Hurtado-300x200.jpg 300w, https:\/\/medicina.udd.cl\/kinesiologia-santiago\/files\/2013\/08\/Seminario-en-Hospital-Padre-Hurtado-768x512.jpg 768w, https:\/\/medicina.udd.cl\/kinesiologia-santiago\/files\/2013\/08\/Seminario-en-Hospital-Padre-Hurtado-1024x683.jpg 1024w, https:\/\/medicina.udd.cl\/kinesiologia-santiago\/files\/2013\/08\/Seminario-en-Hospital-Padre-Hurtado-960x640.jpg 960w\" sizes=\"auto, (max-width: 801px) 100vw, 801px\" \/><\/figure><figure class=\"carousel-item\"><img loading=\"lazy\" decoding=\"async\" width=\"801\" height=\"534\" src=\"https:\/\/medicina.udd.cl\/kinesiologia-santiago\/files\/2013\/08\/Taller-en-campus-Las-Condes.jpg\" class=\"attachment-landscape_952 size-landscape_952\" alt=\"\" srcset=\"https:\/\/medicina.udd.cl\/kinesiologia-santiago\/files\/2013\/08\/Taller-en-campus-Las-Condes.jpg 3456w, https:\/\/medicina.udd.cl\/kinesiologia-santiago\/files\/2013\/08\/Taller-en-campus-Las-Condes-300x200.jpg 300w, https:\/\/medicina.udd.cl\/kinesiologia-santiago\/files\/2013\/08\/Taller-en-campus-Las-Condes-768x512.jpg 768w, https:\/\/medicina.udd.cl\/kinesiologia-santiago\/files\/2013\/08\/Taller-en-campus-Las-Condes-1024x683.jpg 1024w, https:\/\/medicina.udd.cl\/kinesiologia-santiago\/files\/2013\/08\/Taller-en-campus-Las-Condes-960x640.jpg 960w\" sizes=\"auto, (max-width: 801px) 100vw, 801px\" \/><\/figure><\/div><footer class=\"carousel-footer\"><div class=\"carousel-counter\"><span class=\"carousel-counter-current\"><\/span> \/ <span class=\"carousel-counter-total\"><\/span><\/div><a class=\"carousel-control-prev\" href=\"#gallery-1\" role=\"button\" data-slide=\"prev\"><svg aria-hidden=\"true\" class=\"svg-chevron-left-dims\"><use xlink:href='https:\/\/medicina.udd.cl\/kinesiologia-santiago\/wp-content\/themes\/facultades-2018\/assets\/img\/svg\/dist\/main.svg?version=1695853099#chevron-left'><\/use><\/svg><span class=\"sr-only\">Anterior<\/span><\/a><a class=\"carousel-control-next\" href=\"#gallery-1\" role=\"button\" data-slide=\"next\"><svg aria-hidden=\"true\" class=\"svg-chevron-right-dims\"><use xlink:href='https:\/\/medicina.udd.cl\/kinesiologia-santiago\/wp-content\/themes\/facultades-2018\/assets\/img\/svg\/dist\/main.svg?version=1695853099#chevron-right'><\/use><\/svg><span class=\"sr-only\">Siguiente<\/span><\/a><\/footer><\/div>\n<p>Los profesores deben ser capaces de diagnosticar las inquietudes de los estudiantes y desde ah\u00ed lograr un aprendizaje correcto de los contenidos. Una herramienta que es conocida como\u00a0<strong>\u201cReflexi\u00f3n desde el interior de la acci\u00f3n\u201d<\/strong>\u00a0seg\u00fan el modelo de ense\u00f1anza que dio a conocer a la Facultad de Medicina CAS-UDD el\u00a0<strong>acad\u00e9mico de la Universidad de Barcelona, Jos\u00e9 Luis Medina<\/strong>.<\/p>\n<p>El aprendizaje reflexivo tambi\u00e9n consiste en que los estudiantes tengan desde los inicios de sus carreras contenidos te\u00f3ricos de las ciencias b\u00e1sicas y aplicadas en conjunto con la pr\u00e1ctica cl\u00ednica, para conseguir habilidades de pensamiento superior en menor tiempo.<\/p>\n<p>\u201cEs necesario transmitir la sabidur\u00eda del conocimiento profesional, m\u00e1s que de la imitaci\u00f3n. El rendimiento acad\u00e9mico no es un buen predictor del \u00e9xito profesional\u201d, explic\u00f3 Jos\u00e9 Luis Medina, quien es creador del programa de formaci\u00f3n de tutores del sistema de especialidades m\u00e9dica de Catalu\u00f1a.<\/p>\n<p>El\u00a0<strong>docente imparti\u00f3 charlas y talleres a los docentes de pre y postgrado, tanto en el campus Las Condes, como la Cl\u00ednica Alemana y el Hospital Padre Hurtado<\/strong>. Estas actividades fueron organizadas por la\u00a0<strong>Oficina de Desarrollo Educacional<\/strong>\u00a0de la facultad como parte de sus esfuerzos por introducir el atributo de la reflexi\u00f3n en los procesos de ense\u00f1anza de todos los niveles educativos de la universidad.<\/p>\n","protected":false},"excerpt":{"rendered":"<p>Jos\u00e9 Luis Medina, de la Universidad de Barcelona, ense\u00f1o t\u00e9cnicas a docentes en la Facultad de Medicina, Cl\u00ednica Alemana y Hospital Padre Hurtado.<\/p>\n","protected":false},"author":40,"featured_media":0,"comment_status":"open","ping_status":"open","sticky":false,"template":"","format":"standard","meta":{"footnotes":""},"categories":[4],"tags":[],"class_list":["post-1348","post","type-post","status-publish","format-standard","hentry","category-noticias"],"yoast_head":"<!-- This site is optimized with the Yoast SEO plugin v26.9 - https:\/\/yoast.com\/product\/yoast-seo-wordpress\/ -->\n<title>Experto espa\u00f1ol imparte talleres de Educaci\u00f3n Reflexiva en la UDD - Kinesiolog\u00eda<\/title>\n<meta name=\"robots\" content=\"index, follow, max-snippet:-1, max-image-preview:large, max-video-preview:-1\" \/>\n<link rel=\"canonical\" href=\"https:\/\/medicina.udd.cl\/kinesiologia-santiago\/noticias\/2013\/07\/23\/experto-espanol-imparte-talleres-de-educacion-reflexiva-en-la-udd\/\" \/>\n<meta property=\"og:locale\" content=\"es_ES\" \/>\n<meta property=\"og:type\" content=\"article\" \/>\n<meta property=\"og:title\" content=\"Experto espa\u00f1ol imparte talleres de Educaci\u00f3n Reflexiva en la UDD - Kinesiolog\u00eda\" \/>\n<meta property=\"og:description\" content=\"Jos\u00e9 Luis Medina, de la Universidad de Barcelona, ense\u00f1o t\u00e9cnicas a docentes en la Facultad de Medicina, Cl\u00ednica Alemana y Hospital Padre Hurtado.\" \/>\n<meta property=\"og:url\" content=\"https:\/\/medicina.udd.cl\/kinesiologia-santiago\/noticias\/2013\/07\/23\/experto-espanol-imparte-talleres-de-educacion-reflexiva-en-la-udd\/\" \/>\n<meta property=\"og:site_name\" content=\"Kinesiolog\u00eda\" \/>\n<meta property=\"article:published_time\" content=\"2013-07-23T14:41:24+00:00\" \/>\n<meta property=\"article:modified_time\" content=\"2013-08-20T14:56:15+00:00\" \/>\n<meta property=\"og:image\" content=\"https:\/\/medicina.udd.cl\/kinesiologia-santiago\/files\/2013\/08\/Dra.-Jadue-Jos\u00e9-Luis-Medina-Dr.-Behnke-y-Dr.-Lillo.jpg\" \/>\n<meta name=\"twitter:label1\" content=\"Escrito por\" \/>\n\t<meta name=\"twitter:data1\" content=\"\" \/>\n\t<meta name=\"twitter:label2\" content=\"Tiempo de lectura\" \/>\n\t<meta name=\"twitter:data2\" content=\"1 minuto\" \/>\n<script type=\"application\/ld+json\" class=\"yoast-schema-graph\">{\"@context\":\"https:\/\/schema.org\",\"@graph\":[{\"@type\":\"Article\",\"@id\":\"https:\/\/medicina.udd.cl\/kinesiologia-santiago\/noticias\/2013\/07\/23\/experto-espanol-imparte-talleres-de-educacion-reflexiva-en-la-udd\/#article\",\"isPartOf\":{\"@id\":\"https:\/\/medicina.udd.cl\/kinesiologia-santiago\/noticias\/2013\/07\/23\/experto-espanol-imparte-talleres-de-educacion-reflexiva-en-la-udd\/\"},\"author\":{\"name\":\"\",\"@id\":\"\"},\"headline\":\"Experto espa\u00f1ol imparte talleres de Educaci\u00f3n Reflexiva en la UDD\",\"datePublished\":\"2013-07-23T14:41:24+00:00\",\"dateModified\":\"2013-08-20T14:56:15+00:00\",\"mainEntityOfPage\":{\"@id\":\"https:\/\/medicina.udd.cl\/kinesiologia-santiago\/noticias\/2013\/07\/23\/experto-espanol-imparte-talleres-de-educacion-reflexiva-en-la-udd\/\"},\"wordCount\":243,\"commentCount\":0,\"articleSection\":[\"Noticias\"],\"inLanguage\":\"es\",\"potentialAction\":[{\"@type\":\"CommentAction\",\"name\":\"Comment\",\"target\":[\"https:\/\/medicina.udd.cl\/kinesiologia-santiago\/noticias\/2013\/07\/23\/experto-espanol-imparte-talleres-de-educacion-reflexiva-en-la-udd\/#respond\"]}]},{\"@type\":\"WebPage\",\"@id\":\"https:\/\/medicina.udd.cl\/kinesiologia-santiago\/noticias\/2013\/07\/23\/experto-espanol-imparte-talleres-de-educacion-reflexiva-en-la-udd\/\",\"url\":\"https:\/\/medicina.udd.cl\/kinesiologia-santiago\/noticias\/2013\/07\/23\/experto-espanol-imparte-talleres-de-educacion-reflexiva-en-la-udd\/\",\"name\":\"Experto espa\u00f1ol imparte talleres de Educaci\u00f3n Reflexiva en la UDD - Kinesiolog\u00eda\",\"isPartOf\":{\"@id\":\"https:\/\/medicina.udd.cl\/kinesiologia-santiago\/#website\"},\"datePublished\":\"2013-07-23T14:41:24+00:00\",\"dateModified\":\"2013-08-20T14:56:15+00:00\",\"author\":{\"@id\":\"\"},\"breadcrumb\":{\"@id\":\"https:\/\/medicina.udd.cl\/kinesiologia-santiago\/noticias\/2013\/07\/23\/experto-espanol-imparte-talleres-de-educacion-reflexiva-en-la-udd\/#breadcrumb\"},\"inLanguage\":\"es\",\"potentialAction\":[{\"@type\":\"ReadAction\",\"target\":[\"https:\/\/medicina.udd.cl\/kinesiologia-santiago\/noticias\/2013\/07\/23\/experto-espanol-imparte-talleres-de-educacion-reflexiva-en-la-udd\/\"]}]},{\"@type\":\"BreadcrumbList\",\"@id\":\"https:\/\/medicina.udd.cl\/kinesiologia-santiago\/noticias\/2013\/07\/23\/experto-espanol-imparte-talleres-de-educacion-reflexiva-en-la-udd\/#breadcrumb\",\"itemListElement\":[{\"@type\":\"ListItem\",\"position\":1,\"name\":\"Home\",\"item\":\"https:\/\/medicina.udd.cl\/kinesiologia-santiago\/\"},{\"@type\":\"ListItem\",\"position\":2,\"name\":\"Experto espa\u00f1ol imparte talleres de Educaci\u00f3n Reflexiva en la UDD\"}]},{\"@type\":\"WebSite\",\"@id\":\"https:\/\/medicina.udd.cl\/kinesiologia-santiago\/#website\",\"url\":\"https:\/\/medicina.udd.cl\/kinesiologia-santiago\/\",\"name\":\"Kinesiolog\u00eda\",\"description\":\"Facultad de Medicina Cl\u00ednica Alemana Universidad del Desarrollo\",\"inLanguage\":\"es\"},{\"@type\":\"Person\",\"@id\":\"\",\"url\":\"https:\/\/medicina.udd.cl\/kinesiologia-santiago\/noticias\/author\/\"}]}<\/script>\n<!-- \/ Yoast SEO plugin. -->","yoast_head_json":{"title":"Experto espa\u00f1ol imparte talleres de Educaci\u00f3n Reflexiva en la UDD - Kinesiolog\u00eda","robots":{"index":"index","follow":"follow","max-snippet":"max-snippet:-1","max-image-preview":"max-image-preview:large","max-video-preview":"max-video-preview:-1"},"canonical":"https:\/\/medicina.udd.cl\/kinesiologia-santiago\/noticias\/2013\/07\/23\/experto-espanol-imparte-talleres-de-educacion-reflexiva-en-la-udd\/","og_locale":"es_ES","og_type":"article","og_title":"Experto espa\u00f1ol imparte talleres de Educaci\u00f3n Reflexiva en la UDD - Kinesiolog\u00eda","og_description":"Jos\u00e9 Luis Medina, de la Universidad de Barcelona, ense\u00f1o t\u00e9cnicas a docentes en la Facultad de Medicina, Cl\u00ednica Alemana y Hospital Padre Hurtado.","og_url":"https:\/\/medicina.udd.cl\/kinesiologia-santiago\/noticias\/2013\/07\/23\/experto-espanol-imparte-talleres-de-educacion-reflexiva-en-la-udd\/","og_site_name":"Kinesiolog\u00eda","article_published_time":"2013-07-23T14:41:24+00:00","article_modified_time":"2013-08-20T14:56:15+00:00","og_image":[{"url":"https:\/\/medicina.udd.cl\/kinesiologia-santiago\/files\/2013\/08\/Dra.-Jadue-Jos\u00e9-Luis-Medina-Dr.-Behnke-y-Dr.-Lillo.jpg","type":"","width":"","height":""}],"twitter_misc":{"Escrito por":"","Tiempo de lectura":"1 minuto"},"schema":{"@context":"https:\/\/schema.org","@graph":[{"@type":"Article","@id":"https:\/\/medicina.udd.cl\/kinesiologia-santiago\/noticias\/2013\/07\/23\/experto-espanol-imparte-talleres-de-educacion-reflexiva-en-la-udd\/#article","isPartOf":{"@id":"https:\/\/medicina.udd.cl\/kinesiologia-santiago\/noticias\/2013\/07\/23\/experto-espanol-imparte-talleres-de-educacion-reflexiva-en-la-udd\/"},"author":{"name":"","@id":""},"headline":"Experto espa\u00f1ol imparte talleres de Educaci\u00f3n Reflexiva en la UDD","datePublished":"2013-07-23T14:41:24+00:00","dateModified":"2013-08-20T14:56:15+00:00","mainEntityOfPage":{"@id":"https:\/\/medicina.udd.cl\/kinesiologia-santiago\/noticias\/2013\/07\/23\/experto-espanol-imparte-talleres-de-educacion-reflexiva-en-la-udd\/"},"wordCount":243,"commentCount":0,"articleSection":["Noticias"],"inLanguage":"es","potentialAction":[{"@type":"CommentAction","name":"Comment","target":["https:\/\/medicina.udd.cl\/kinesiologia-santiago\/noticias\/2013\/07\/23\/experto-espanol-imparte-talleres-de-educacion-reflexiva-en-la-udd\/#respond"]}]},{"@type":"WebPage","@id":"https:\/\/medicina.udd.cl\/kinesiologia-santiago\/noticias\/2013\/07\/23\/experto-espanol-imparte-talleres-de-educacion-reflexiva-en-la-udd\/","url":"https:\/\/medicina.udd.cl\/kinesiologia-santiago\/noticias\/2013\/07\/23\/experto-espanol-imparte-talleres-de-educacion-reflexiva-en-la-udd\/","name":"Experto espa\u00f1ol imparte talleres de Educaci\u00f3n Reflexiva en la UDD - Kinesiolog\u00eda","isPartOf":{"@id":"https:\/\/medicina.udd.cl\/kinesiologia-santiago\/#website"},"datePublished":"2013-07-23T14:41:24+00:00","dateModified":"2013-08-20T14:56:15+00:00","author":{"@id":""},"breadcrumb":{"@id":"https:\/\/medicina.udd.cl\/kinesiologia-santiago\/noticias\/2013\/07\/23\/experto-espanol-imparte-talleres-de-educacion-reflexiva-en-la-udd\/#breadcrumb"},"inLanguage":"es","potentialAction":[{"@type":"ReadAction","target":["https:\/\/medicina.udd.cl\/kinesiologia-santiago\/noticias\/2013\/07\/23\/experto-espanol-imparte-talleres-de-educacion-reflexiva-en-la-udd\/"]}]},{"@type":"BreadcrumbList","@id":"https:\/\/medicina.udd.cl\/kinesiologia-santiago\/noticias\/2013\/07\/23\/experto-espanol-imparte-talleres-de-educacion-reflexiva-en-la-udd\/#breadcrumb","itemListElement":[{"@type":"ListItem","position":1,"name":"Home","item":"https:\/\/medicina.udd.cl\/kinesiologia-santiago\/"},{"@type":"ListItem","position":2,"name":"Experto espa\u00f1ol imparte talleres de Educaci\u00f3n Reflexiva en la UDD"}]},{"@type":"WebSite","@id":"https:\/\/medicina.udd.cl\/kinesiologia-santiago\/#website","url":"https:\/\/medicina.udd.cl\/kinesiologia-santiago\/","name":"Kinesiolog\u00eda","description":"Facultad de Medicina Cl\u00ednica Alemana Universidad del Desarrollo","inLanguage":"es"},{"@type":"Person","@id":"","url":"https:\/\/medicina.udd.cl\/kinesiologia-santiago\/noticias\/author\/"}]}},"featured_image_url":null,"_links":{"self":[{"href":"https:\/\/medicina.udd.cl\/kinesiologia-santiago\/wp-json\/wp\/v2\/posts\/1348","targetHints":{"allow":["GET"]}}],"collection":[{"href":"https:\/\/medicina.udd.cl\/kinesiologia-santiago\/wp-json\/wp\/v2\/posts"}],"about":[{"href":"https:\/\/medicina.udd.cl\/kinesiologia-santiago\/wp-json\/wp\/v2\/types\/post"}],"author":[{"embeddable":true,"href":"https:\/\/medicina.udd.cl\/kinesiologia-santiago\/wp-json\/wp\/v2\/users\/40"}],"replies":[{"embeddable":true,"href":"https:\/\/medicina.udd.cl\/kinesiologia-santiago\/wp-json\/wp\/v2\/comments?post=1348"}],"version-history":[{"count":2,"href":"https:\/\/medicina.udd.cl\/kinesiologia-santiago\/wp-json\/wp\/v2\/posts\/1348\/revisions"}],"predecessor-version":[{"id":1373,"href":"https:\/\/medicina.udd.cl\/kinesiologia-santiago\/wp-json\/wp\/v2\/posts\/1348\/revisions\/1373"}],"wp:attachment":[{"href":"https:\/\/medicina.udd.cl\/kinesiologia-santiago\/wp-json\/wp\/v2\/media?parent=1348"}],"wp:term":[{"taxonomy":"category","embeddable":true,"href":"https:\/\/medicina.udd.cl\/kinesiologia-santiago\/wp-json\/wp\/v2\/categories?post=1348"},{"taxonomy":"post_tag","embeddable":true,"href":"https:\/\/medicina.udd.cl\/kinesiologia-santiago\/wp-json\/wp\/v2\/tags?post=1348"}],"curies":[{"name":"wp","href":"https:\/\/api.w.org\/{rel}","templated":true}]}}