{"id":141,"date":"2010-06-15T11:53:17","date_gmt":"2010-06-15T15:53:17","guid":{"rendered":"http:\/\/medicina.udd.cl\/kinesiologia-santiago\/2010\/06\/15\/xiii-congreso-de-la-confederacion-latinoamericana-de-fisioterapia-y-kinesiologia-clafk\/"},"modified":"2010-06-15T11:55:56","modified_gmt":"2010-06-15T15:55:56","slug":"xiii-congreso-de-la-confederacion-latinoamericana-de-fisioterapia-y-kinesiologia-clafk","status":"publish","type":"post","link":"https:\/\/medicina.udd.cl\/kinesiologia-santiago\/noticias\/2010\/06\/15\/xiii-congreso-de-la-confederacion-latinoamericana-de-fisioterapia-y-kinesiologia-clafk\/","title":{"rendered":"XIII Congreso de la Confederaci\u00f3n Latinoamericana de Fisioterapia y Kinesiolog\u00eda, CLAFK"},"content":{"rendered":"<p style=\"text-align: justify\"><a href=\"http:\/\/medicina.udd.cl\/kinesiologia-santiago\/files\/2010\/06\/Congreso-1.jpg\"><img loading=\"lazy\" decoding=\"async\" class=\"alignleft size-full wp-image-142\" title=\"Congreso 1\" src=\"http:\/\/medicina.udd.cl\/kinesiologia-santiago\/files\/2010\/06\/Congreso-1.jpg\" alt=\"\" width=\"175\" height=\"243\" \/><\/a>Desde el 18 al 21 de agosto de 2010 se llevar\u00e1 a cabo el <strong>XIII Congreso de la Confederaci\u00f3n Latinoamericana de Fisioterapia y Kinesiolog\u00eda, CLAFK<\/strong>.<\/p>\n<p style=\"text-align: justify\">Conjuntamente, se celebrarar\u00e1 el <strong>II Congreso de la Regi\u00f3n Sudam\u00e9rica de la Confederaci\u00f3n Mundial de Terapia F\u00edsica<\/strong> y el <strong>XVIII Congreso Chileno de Kinesiolog\u00eda.<\/strong><\/p>\n<p style=\"text-align: justify\">Cabe destacar que el equipo de Fisiolog\u00eda del Movimiento de nuestra carrera -encabezados por el profesor Manuel Alvear- estar\u00e1n a cargo de un interesante curso pre Congreso. Adem\u00e1s, el director de la carrera, Jorge Molina, dar\u00e1 una conferencia y el coordinador acad\u00e9mico, Ra\u00fal Ahumada, \u00a0expondr\u00e1 un trabajo de investigaci\u00f3n en las jornadas de educaci\u00f3n del mismo encuentro.<\/p>\n","protected":false},"excerpt":{"rendered":"<p>Kinesiolog\u00eda de la Facultad de Medicina CAS-UDD participar\u00e1 en destacado congreso.<\/p>\n","protected":false},"author":1,"featured_media":0,"comment_status":"open","ping_status":"open","sticky":false,"template":"","format":"standard","meta":{"footnotes":""},"categories":[4],"tags":[],"class_list":["post-141","post","type-post","status-publish","format-standard","hentry","category-noticias"],"yoast_head":"<!-- This site is optimized with the Yoast SEO plugin v26.9 - https:\/\/yoast.com\/product\/yoast-seo-wordpress\/ -->\n<title>XIII Congreso de la Confederaci\u00f3n Latinoamericana de Fisioterapia y Kinesiolog\u00eda, CLAFK - Kinesiolog\u00eda<\/title>\n<meta name=\"robots\" content=\"index, follow, max-snippet:-1, max-image-preview:large, max-video-preview:-1\" \/>\n<link rel=\"canonical\" href=\"https:\/\/medicina.udd.cl\/kinesiologia-santiago\/noticias\/2010\/06\/15\/xiii-congreso-de-la-confederacion-latinoamericana-de-fisioterapia-y-kinesiologia-clafk\/\" \/>\n<meta property=\"og:locale\" content=\"es_ES\" \/>\n<meta property=\"og:type\" content=\"article\" \/>\n<meta property=\"og:title\" content=\"XIII Congreso de la Confederaci\u00f3n Latinoamericana de Fisioterapia y Kinesiolog\u00eda, CLAFK - Kinesiolog\u00eda\" \/>\n<meta property=\"og:description\" content=\"Kinesiolog\u00eda de la Facultad de Medicina CAS-UDD participar\u00e1 en destacado congreso.\" \/>\n<meta property=\"og:url\" content=\"https:\/\/medicina.udd.cl\/kinesiologia-santiago\/noticias\/2010\/06\/15\/xiii-congreso-de-la-confederacion-latinoamericana-de-fisioterapia-y-kinesiologia-clafk\/\" \/>\n<meta property=\"og:site_name\" content=\"Kinesiolog\u00eda\" \/>\n<meta property=\"article:published_time\" content=\"2010-06-15T15:53:17+00:00\" \/>\n<meta property=\"article:modified_time\" content=\"2010-06-15T15:55:56+00:00\" \/>\n<meta property=\"og:image\" content=\"http:\/\/medicina.udd.cl\/kinesiologia-santiago\/files\/2010\/06\/Congreso-1.jpg\" \/>\n<meta name=\"author\" content=\"admin\" \/>\n<meta name=\"twitter:label1\" content=\"Escrito por\" \/>\n\t<meta name=\"twitter:data1\" content=\"admin\" \/>\n\t<meta name=\"twitter:label2\" content=\"Tiempo de lectura\" \/>\n\t<meta name=\"twitter:data2\" content=\"1 minuto\" \/>\n<script type=\"application\/ld+json\" class=\"yoast-schema-graph\">{\"@context\":\"https:\/\/schema.org\",\"@graph\":[{\"@type\":\"Article\",\"@id\":\"https:\/\/medicina.udd.cl\/kinesiologia-santiago\/noticias\/2010\/06\/15\/xiii-congreso-de-la-confederacion-latinoamericana-de-fisioterapia-y-kinesiologia-clafk\/#article\",\"isPartOf\":{\"@id\":\"https:\/\/medicina.udd.cl\/kinesiologia-santiago\/noticias\/2010\/06\/15\/xiii-congreso-de-la-confederacion-latinoamericana-de-fisioterapia-y-kinesiologia-clafk\/\"},\"author\":{\"name\":\"admin\",\"@id\":\"https:\/\/medicina.udd.cl\/kinesiologia-santiago\/#\/schema\/person\/f7abfa784c86da427e89287831f96ab7\"},\"headline\":\"XIII Congreso de la Confederaci\u00f3n Latinoamericana de Fisioterapia y Kinesiolog\u00eda, CLAFK\",\"datePublished\":\"2010-06-15T15:53:17+00:00\",\"dateModified\":\"2010-06-15T15:55:56+00:00\",\"mainEntityOfPage\":{\"@id\":\"https:\/\/medicina.udd.cl\/kinesiologia-santiago\/noticias\/2010\/06\/15\/xiii-congreso-de-la-confederacion-latinoamericana-de-fisioterapia-y-kinesiologia-clafk\/\"},\"wordCount\":130,\"commentCount\":0,\"image\":{\"@id\":\"https:\/\/medicina.udd.cl\/kinesiologia-santiago\/noticias\/2010\/06\/15\/xiii-congreso-de-la-confederacion-latinoamericana-de-fisioterapia-y-kinesiologia-clafk\/#primaryimage\"},\"thumbnailUrl\":\"http:\/\/medicina.udd.cl\/kinesiologia-santiago\/files\/2010\/06\/Congreso-1.jpg\",\"articleSection\":[\"Noticias\"],\"inLanguage\":\"es\",\"potentialAction\":[{\"@type\":\"CommentAction\",\"name\":\"Comment\",\"target\":[\"https:\/\/medicina.udd.cl\/kinesiologia-santiago\/noticias\/2010\/06\/15\/xiii-congreso-de-la-confederacion-latinoamericana-de-fisioterapia-y-kinesiologia-clafk\/#respond\"]}]},{\"@type\":\"WebPage\",\"@id\":\"https:\/\/medicina.udd.cl\/kinesiologia-santiago\/noticias\/2010\/06\/15\/xiii-congreso-de-la-confederacion-latinoamericana-de-fisioterapia-y-kinesiologia-clafk\/\",\"url\":\"https:\/\/medicina.udd.cl\/kinesiologia-santiago\/noticias\/2010\/06\/15\/xiii-congreso-de-la-confederacion-latinoamericana-de-fisioterapia-y-kinesiologia-clafk\/\",\"name\":\"XIII Congreso de la Confederaci\u00f3n Latinoamericana de Fisioterapia y Kinesiolog\u00eda, CLAFK - Kinesiolog\u00eda\",\"isPartOf\":{\"@id\":\"https:\/\/medicina.udd.cl\/kinesiologia-santiago\/#website\"},\"primaryImageOfPage\":{\"@id\":\"https:\/\/medicina.udd.cl\/kinesiologia-santiago\/noticias\/2010\/06\/15\/xiii-congreso-de-la-confederacion-latinoamericana-de-fisioterapia-y-kinesiologia-clafk\/#primaryimage\"},\"image\":{\"@id\":\"https:\/\/medicina.udd.cl\/kinesiologia-santiago\/noticias\/2010\/06\/15\/xiii-congreso-de-la-confederacion-latinoamericana-de-fisioterapia-y-kinesiologia-clafk\/#primaryimage\"},\"thumbnailUrl\":\"http:\/\/medicina.udd.cl\/kinesiologia-santiago\/files\/2010\/06\/Congreso-1.jpg\",\"datePublished\":\"2010-06-15T15:53:17+00:00\",\"dateModified\":\"2010-06-15T15:55:56+00:00\",\"author\":{\"@id\":\"https:\/\/medicina.udd.cl\/kinesiologia-santiago\/#\/schema\/person\/f7abfa784c86da427e89287831f96ab7\"},\"breadcrumb\":{\"@id\":\"https:\/\/medicina.udd.cl\/kinesiologia-santiago\/noticias\/2010\/06\/15\/xiii-congreso-de-la-confederacion-latinoamericana-de-fisioterapia-y-kinesiologia-clafk\/#breadcrumb\"},\"inLanguage\":\"es\",\"potentialAction\":[{\"@type\":\"ReadAction\",\"target\":[\"https:\/\/medicina.udd.cl\/kinesiologia-santiago\/noticias\/2010\/06\/15\/xiii-congreso-de-la-confederacion-latinoamericana-de-fisioterapia-y-kinesiologia-clafk\/\"]}]},{\"@type\":\"ImageObject\",\"inLanguage\":\"es\",\"@id\":\"https:\/\/medicina.udd.cl\/kinesiologia-santiago\/noticias\/2010\/06\/15\/xiii-congreso-de-la-confederacion-latinoamericana-de-fisioterapia-y-kinesiologia-clafk\/#primaryimage\",\"url\":\"http:\/\/medicina.udd.cl\/kinesiologia-santiago\/files\/2010\/06\/Congreso-1.jpg\",\"contentUrl\":\"http:\/\/medicina.udd.cl\/kinesiologia-santiago\/files\/2010\/06\/Congreso-1.jpg\"},{\"@type\":\"BreadcrumbList\",\"@id\":\"https:\/\/medicina.udd.cl\/kinesiologia-santiago\/noticias\/2010\/06\/15\/xiii-congreso-de-la-confederacion-latinoamericana-de-fisioterapia-y-kinesiologia-clafk\/#breadcrumb\",\"itemListElement\":[{\"@type\":\"ListItem\",\"position\":1,\"name\":\"Home\",\"item\":\"https:\/\/medicina.udd.cl\/kinesiologia-santiago\/\"},{\"@type\":\"ListItem\",\"position\":2,\"name\":\"XIII Congreso de la Confederaci\u00f3n Latinoamericana de Fisioterapia y Kinesiolog\u00eda, CLAFK\"}]},{\"@type\":\"WebSite\",\"@id\":\"https:\/\/medicina.udd.cl\/kinesiologia-santiago\/#website\",\"url\":\"https:\/\/medicina.udd.cl\/kinesiologia-santiago\/\",\"name\":\"Kinesiolog\u00eda\",\"description\":\"Facultad de Medicina Cl\u00ednica Alemana Universidad del Desarrollo\",\"inLanguage\":\"es\"},{\"@type\":\"Person\",\"@id\":\"https:\/\/medicina.udd.cl\/kinesiologia-santiago\/#\/schema\/person\/f7abfa784c86da427e89287831f96ab7\",\"name\":\"admin\",\"image\":{\"@type\":\"ImageObject\",\"inLanguage\":\"es\",\"@id\":\"https:\/\/medicina.udd.cl\/kinesiologia-santiago\/#\/schema\/person\/image\/\",\"url\":\"https:\/\/secure.gravatar.com\/avatar\/3cb6da298954dfb54457c0910b8c9ca010abd8d87a60f7d701b6ce4254e1c642?s=96&d=mm&r=g\",\"contentUrl\":\"https:\/\/secure.gravatar.com\/avatar\/3cb6da298954dfb54457c0910b8c9ca010abd8d87a60f7d701b6ce4254e1c642?s=96&d=mm&r=g\",\"caption\":\"admin\"},\"url\":\"https:\/\/medicina.udd.cl\/kinesiologia-santiago\/noticias\/author\/admin\/\"}]}<\/script>\n<!-- \/ Yoast SEO plugin. -->","yoast_head_json":{"title":"XIII Congreso de la Confederaci\u00f3n Latinoamericana de Fisioterapia y Kinesiolog\u00eda, CLAFK - Kinesiolog\u00eda","robots":{"index":"index","follow":"follow","max-snippet":"max-snippet:-1","max-image-preview":"max-image-preview:large","max-video-preview":"max-video-preview:-1"},"canonical":"https:\/\/medicina.udd.cl\/kinesiologia-santiago\/noticias\/2010\/06\/15\/xiii-congreso-de-la-confederacion-latinoamericana-de-fisioterapia-y-kinesiologia-clafk\/","og_locale":"es_ES","og_type":"article","og_title":"XIII Congreso de la Confederaci\u00f3n Latinoamericana de Fisioterapia y Kinesiolog\u00eda, CLAFK - Kinesiolog\u00eda","og_description":"Kinesiolog\u00eda de la Facultad de Medicina CAS-UDD participar\u00e1 en destacado congreso.","og_url":"https:\/\/medicina.udd.cl\/kinesiologia-santiago\/noticias\/2010\/06\/15\/xiii-congreso-de-la-confederacion-latinoamericana-de-fisioterapia-y-kinesiologia-clafk\/","og_site_name":"Kinesiolog\u00eda","article_published_time":"2010-06-15T15:53:17+00:00","article_modified_time":"2010-06-15T15:55:56+00:00","og_image":[{"url":"http:\/\/medicina.udd.cl\/kinesiologia-santiago\/files\/2010\/06\/Congreso-1.jpg","type":"","width":"","height":""}],"author":"admin","twitter_misc":{"Escrito por":"admin","Tiempo de lectura":"1 minuto"},"schema":{"@context":"https:\/\/schema.org","@graph":[{"@type":"Article","@id":"https:\/\/medicina.udd.cl\/kinesiologia-santiago\/noticias\/2010\/06\/15\/xiii-congreso-de-la-confederacion-latinoamericana-de-fisioterapia-y-kinesiologia-clafk\/#article","isPartOf":{"@id":"https:\/\/medicina.udd.cl\/kinesiologia-santiago\/noticias\/2010\/06\/15\/xiii-congreso-de-la-confederacion-latinoamericana-de-fisioterapia-y-kinesiologia-clafk\/"},"author":{"name":"admin","@id":"https:\/\/medicina.udd.cl\/kinesiologia-santiago\/#\/schema\/person\/f7abfa784c86da427e89287831f96ab7"},"headline":"XIII Congreso de la Confederaci\u00f3n Latinoamericana de Fisioterapia y Kinesiolog\u00eda, CLAFK","datePublished":"2010-06-15T15:53:17+00:00","dateModified":"2010-06-15T15:55:56+00:00","mainEntityOfPage":{"@id":"https:\/\/medicina.udd.cl\/kinesiologia-santiago\/noticias\/2010\/06\/15\/xiii-congreso-de-la-confederacion-latinoamericana-de-fisioterapia-y-kinesiologia-clafk\/"},"wordCount":130,"commentCount":0,"image":{"@id":"https:\/\/medicina.udd.cl\/kinesiologia-santiago\/noticias\/2010\/06\/15\/xiii-congreso-de-la-confederacion-latinoamericana-de-fisioterapia-y-kinesiologia-clafk\/#primaryimage"},"thumbnailUrl":"http:\/\/medicina.udd.cl\/kinesiologia-santiago\/files\/2010\/06\/Congreso-1.jpg","articleSection":["Noticias"],"inLanguage":"es","potentialAction":[{"@type":"CommentAction","name":"Comment","target":["https:\/\/medicina.udd.cl\/kinesiologia-santiago\/noticias\/2010\/06\/15\/xiii-congreso-de-la-confederacion-latinoamericana-de-fisioterapia-y-kinesiologia-clafk\/#respond"]}]},{"@type":"WebPage","@id":"https:\/\/medicina.udd.cl\/kinesiologia-santiago\/noticias\/2010\/06\/15\/xiii-congreso-de-la-confederacion-latinoamericana-de-fisioterapia-y-kinesiologia-clafk\/","url":"https:\/\/medicina.udd.cl\/kinesiologia-santiago\/noticias\/2010\/06\/15\/xiii-congreso-de-la-confederacion-latinoamericana-de-fisioterapia-y-kinesiologia-clafk\/","name":"XIII Congreso de la Confederaci\u00f3n Latinoamericana de Fisioterapia y Kinesiolog\u00eda, CLAFK - Kinesiolog\u00eda","isPartOf":{"@id":"https:\/\/medicina.udd.cl\/kinesiologia-santiago\/#website"},"primaryImageOfPage":{"@id":"https:\/\/medicina.udd.cl\/kinesiologia-santiago\/noticias\/2010\/06\/15\/xiii-congreso-de-la-confederacion-latinoamericana-de-fisioterapia-y-kinesiologia-clafk\/#primaryimage"},"image":{"@id":"https:\/\/medicina.udd.cl\/kinesiologia-santiago\/noticias\/2010\/06\/15\/xiii-congreso-de-la-confederacion-latinoamericana-de-fisioterapia-y-kinesiologia-clafk\/#primaryimage"},"thumbnailUrl":"http:\/\/medicina.udd.cl\/kinesiologia-santiago\/files\/2010\/06\/Congreso-1.jpg","datePublished":"2010-06-15T15:53:17+00:00","dateModified":"2010-06-15T15:55:56+00:00","author":{"@id":"https:\/\/medicina.udd.cl\/kinesiologia-santiago\/#\/schema\/person\/f7abfa784c86da427e89287831f96ab7"},"breadcrumb":{"@id":"https:\/\/medicina.udd.cl\/kinesiologia-santiago\/noticias\/2010\/06\/15\/xiii-congreso-de-la-confederacion-latinoamericana-de-fisioterapia-y-kinesiologia-clafk\/#breadcrumb"},"inLanguage":"es","potentialAction":[{"@type":"ReadAction","target":["https:\/\/medicina.udd.cl\/kinesiologia-santiago\/noticias\/2010\/06\/15\/xiii-congreso-de-la-confederacion-latinoamericana-de-fisioterapia-y-kinesiologia-clafk\/"]}]},{"@type":"ImageObject","inLanguage":"es","@id":"https:\/\/medicina.udd.cl\/kinesiologia-santiago\/noticias\/2010\/06\/15\/xiii-congreso-de-la-confederacion-latinoamericana-de-fisioterapia-y-kinesiologia-clafk\/#primaryimage","url":"http:\/\/medicina.udd.cl\/kinesiologia-santiago\/files\/2010\/06\/Congreso-1.jpg","contentUrl":"http:\/\/medicina.udd.cl\/kinesiologia-santiago\/files\/2010\/06\/Congreso-1.jpg"},{"@type":"BreadcrumbList","@id":"https:\/\/medicina.udd.cl\/kinesiologia-santiago\/noticias\/2010\/06\/15\/xiii-congreso-de-la-confederacion-latinoamericana-de-fisioterapia-y-kinesiologia-clafk\/#breadcrumb","itemListElement":[{"@type":"ListItem","position":1,"name":"Home","item":"https:\/\/medicina.udd.cl\/kinesiologia-santiago\/"},{"@type":"ListItem","position":2,"name":"XIII Congreso de la Confederaci\u00f3n Latinoamericana de Fisioterapia y Kinesiolog\u00eda, CLAFK"}]},{"@type":"WebSite","@id":"https:\/\/medicina.udd.cl\/kinesiologia-santiago\/#website","url":"https:\/\/medicina.udd.cl\/kinesiologia-santiago\/","name":"Kinesiolog\u00eda","description":"Facultad de Medicina Cl\u00ednica Alemana Universidad del Desarrollo","inLanguage":"es"},{"@type":"Person","@id":"https:\/\/medicina.udd.cl\/kinesiologia-santiago\/#\/schema\/person\/f7abfa784c86da427e89287831f96ab7","name":"admin","image":{"@type":"ImageObject","inLanguage":"es","@id":"https:\/\/medicina.udd.cl\/kinesiologia-santiago\/#\/schema\/person\/image\/","url":"https:\/\/secure.gravatar.com\/avatar\/3cb6da298954dfb54457c0910b8c9ca010abd8d87a60f7d701b6ce4254e1c642?s=96&d=mm&r=g","contentUrl":"https:\/\/secure.gravatar.com\/avatar\/3cb6da298954dfb54457c0910b8c9ca010abd8d87a60f7d701b6ce4254e1c642?s=96&d=mm&r=g","caption":"admin"},"url":"https:\/\/medicina.udd.cl\/kinesiologia-santiago\/noticias\/author\/admin\/"}]}},"featured_image_url":null,"_links":{"self":[{"href":"https:\/\/medicina.udd.cl\/kinesiologia-santiago\/wp-json\/wp\/v2\/posts\/141","targetHints":{"allow":["GET"]}}],"collection":[{"href":"https:\/\/medicina.udd.cl\/kinesiologia-santiago\/wp-json\/wp\/v2\/posts"}],"about":[{"href":"https:\/\/medicina.udd.cl\/kinesiologia-santiago\/wp-json\/wp\/v2\/types\/post"}],"author":[{"embeddable":true,"href":"https:\/\/medicina.udd.cl\/kinesiologia-santiago\/wp-json\/wp\/v2\/users\/1"}],"replies":[{"embeddable":true,"href":"https:\/\/medicina.udd.cl\/kinesiologia-santiago\/wp-json\/wp\/v2\/comments?post=141"}],"version-history":[{"count":1,"href":"https:\/\/medicina.udd.cl\/kinesiologia-santiago\/wp-json\/wp\/v2\/posts\/141\/revisions"}],"predecessor-version":[{"id":143,"href":"https:\/\/medicina.udd.cl\/kinesiologia-santiago\/wp-json\/wp\/v2\/posts\/141\/revisions\/143"}],"wp:attachment":[{"href":"https:\/\/medicina.udd.cl\/kinesiologia-santiago\/wp-json\/wp\/v2\/media?parent=141"}],"wp:term":[{"taxonomy":"category","embeddable":true,"href":"https:\/\/medicina.udd.cl\/kinesiologia-santiago\/wp-json\/wp\/v2\/categories?post=141"},{"taxonomy":"post_tag","embeddable":true,"href":"https:\/\/medicina.udd.cl\/kinesiologia-santiago\/wp-json\/wp\/v2\/tags?post=141"}],"curies":[{"name":"wp","href":"https:\/\/api.w.org\/{rel}","templated":true}]}}