{"id":1431,"date":"2013-09-13T16:18:21","date_gmt":"2013-09-13T20:18:21","guid":{"rendered":"http:\/\/medicina.udd.cl\/kinesiologia-santiago\/?p=1431"},"modified":"2013-11-08T15:36:11","modified_gmt":"2013-11-08T18:36:11","slug":"kinesiologa-brasilena-visita-la-udd-para-impulsar-investigacion","status":"publish","type":"post","link":"https:\/\/medicina.udd.cl\/kinesiologia-santiago\/noticias\/2013\/09\/13\/kinesiologa-brasilena-visita-la-udd-para-impulsar-investigacion\/","title":{"rendered":"Kinesi\u00f3loga brasile\u00f1a visita la UDD para impulsar investigaci\u00f3n"},"content":{"rendered":"<div id=\"gallery-1\" class=\"carousel slide carousel-gallery\" data-ride=\"false\" data-interval=\"false\"><div class=\"carousel-inner\" role=\"listbox\"><figure class=\"carousel-item active\"><img loading=\"lazy\" decoding=\"async\" width=\"801\" height=\"534\" src=\"https:\/\/medicina.udd.cl\/kinesiologia-santiago\/files\/2013\/09\/Desayuno-con-directivos-y-docentes.jpg\" class=\"attachment-landscape_952 size-landscape_952\" alt=\"\" srcset=\"https:\/\/medicina.udd.cl\/kinesiologia-santiago\/files\/2013\/09\/Desayuno-con-directivos-y-docentes.jpg 3456w, https:\/\/medicina.udd.cl\/kinesiologia-santiago\/files\/2013\/09\/Desayuno-con-directivos-y-docentes-300x200.jpg 300w, https:\/\/medicina.udd.cl\/kinesiologia-santiago\/files\/2013\/09\/Desayuno-con-directivos-y-docentes-768x512.jpg 768w, https:\/\/medicina.udd.cl\/kinesiologia-santiago\/files\/2013\/09\/Desayuno-con-directivos-y-docentes-1024x683.jpg 1024w, https:\/\/medicina.udd.cl\/kinesiologia-santiago\/files\/2013\/09\/Desayuno-con-directivos-y-docentes-960x640.jpg 960w\" sizes=\"auto, (max-width: 801px) 100vw, 801px\" \/><\/figure><figure class=\"carousel-item\"><img loading=\"lazy\" decoding=\"async\" width=\"801\" height=\"534\" src=\"https:\/\/medicina.udd.cl\/kinesiologia-santiago\/files\/2013\/09\/Amelia-Pasqual-Universidad-de-Sao-Paulo.jpg\" class=\"attachment-landscape_952 size-landscape_952\" alt=\"\" srcset=\"https:\/\/medicina.udd.cl\/kinesiologia-santiago\/files\/2013\/09\/Amelia-Pasqual-Universidad-de-Sao-Paulo.jpg 3456w, https:\/\/medicina.udd.cl\/kinesiologia-santiago\/files\/2013\/09\/Amelia-Pasqual-Universidad-de-Sao-Paulo-300x200.jpg 300w, https:\/\/medicina.udd.cl\/kinesiologia-santiago\/files\/2013\/09\/Amelia-Pasqual-Universidad-de-Sao-Paulo-768x512.jpg 768w, https:\/\/medicina.udd.cl\/kinesiologia-santiago\/files\/2013\/09\/Amelia-Pasqual-Universidad-de-Sao-Paulo-1024x683.jpg 1024w, https:\/\/medicina.udd.cl\/kinesiologia-santiago\/files\/2013\/09\/Amelia-Pasqual-Universidad-de-Sao-Paulo-960x640.jpg 960w\" sizes=\"auto, (max-width: 801px) 100vw, 801px\" \/><\/figure><figure class=\"carousel-item\"><img loading=\"lazy\" decoding=\"async\" width=\"801\" height=\"534\" src=\"https:\/\/medicina.udd.cl\/kinesiologia-santiago\/files\/2013\/09\/Jaime-Leppe-Amelia-Pasqual-y-Jorge-Molina.jpg\" class=\"attachment-landscape_952 size-landscape_952\" alt=\"\" srcset=\"https:\/\/medicina.udd.cl\/kinesiologia-santiago\/files\/2013\/09\/Jaime-Leppe-Amelia-Pasqual-y-Jorge-Molina.jpg 3456w, https:\/\/medicina.udd.cl\/kinesiologia-santiago\/files\/2013\/09\/Jaime-Leppe-Amelia-Pasqual-y-Jorge-Molina-300x200.jpg 300w, https:\/\/medicina.udd.cl\/kinesiologia-santiago\/files\/2013\/09\/Jaime-Leppe-Amelia-Pasqual-y-Jorge-Molina-768x512.jpg 768w, https:\/\/medicina.udd.cl\/kinesiologia-santiago\/files\/2013\/09\/Jaime-Leppe-Amelia-Pasqual-y-Jorge-Molina-1024x683.jpg 1024w, https:\/\/medicina.udd.cl\/kinesiologia-santiago\/files\/2013\/09\/Jaime-Leppe-Amelia-Pasqual-y-Jorge-Molina-960x640.jpg 960w\" sizes=\"auto, (max-width: 801px) 100vw, 801px\" \/><\/figure><figure class=\"carousel-item\"><img loading=\"lazy\" decoding=\"async\" width=\"801\" height=\"534\" src=\"https:\/\/medicina.udd.cl\/kinesiologia-santiago\/files\/2013\/09\/Visita-de-investigadora-en-Kinesiolog\u00eda.jpg\" class=\"attachment-landscape_952 size-landscape_952\" alt=\"\" srcset=\"https:\/\/medicina.udd.cl\/kinesiologia-santiago\/files\/2013\/09\/Visita-de-investigadora-en-Kinesiolog\u00eda.jpg 3456w, https:\/\/medicina.udd.cl\/kinesiologia-santiago\/files\/2013\/09\/Visita-de-investigadora-en-Kinesiolog\u00eda-300x200.jpg 300w, https:\/\/medicina.udd.cl\/kinesiologia-santiago\/files\/2013\/09\/Visita-de-investigadora-en-Kinesiolog\u00eda-768x512.jpg 768w, https:\/\/medicina.udd.cl\/kinesiologia-santiago\/files\/2013\/09\/Visita-de-investigadora-en-Kinesiolog\u00eda-1024x683.jpg 1024w, https:\/\/medicina.udd.cl\/kinesiologia-santiago\/files\/2013\/09\/Visita-de-investigadora-en-Kinesiolog\u00eda-960x640.jpg 960w\" sizes=\"auto, (max-width: 801px) 100vw, 801px\" \/><\/figure><\/div><footer class=\"carousel-footer\"><div class=\"carousel-counter\"><span class=\"carousel-counter-current\"><\/span> \/ <span class=\"carousel-counter-total\"><\/span><\/div><a class=\"carousel-control-prev\" href=\"#gallery-1\" role=\"button\" data-slide=\"prev\"><svg aria-hidden=\"true\" class=\"svg-chevron-left-dims\"><use xlink:href='https:\/\/medicina.udd.cl\/kinesiologia-santiago\/wp-content\/themes\/facultades-2018\/assets\/img\/svg\/dist\/main.svg?version=1695853099#chevron-left'><\/use><\/svg><span class=\"sr-only\">Anterior<\/span><\/a><a class=\"carousel-control-next\" href=\"#gallery-1\" role=\"button\" data-slide=\"next\"><svg aria-hidden=\"true\" class=\"svg-chevron-right-dims\"><use xlink:href='https:\/\/medicina.udd.cl\/kinesiologia-santiago\/wp-content\/themes\/facultades-2018\/assets\/img\/svg\/dist\/main.svg?version=1695853099#chevron-right'><\/use><\/svg><span class=\"sr-only\">Siguiente<\/span><\/a><\/footer><\/div>\n<p>En 1994 fue la primera vez que <strong>Amelia Pasqual<\/strong> public\u00f3 una de sus investigaciones. Se trataba de la Fibromialgia, una patolog\u00eda que hasta ese momento era poco tratada en Brasil y que marc\u00f3 un antes y un despu\u00e9s en su carrera y en la fisioterapia de su pa\u00eds.<\/p>\n<p>Esta publicaci\u00f3n fue la cuna de sus l\u00edneas de estudios -que derivaron en los tratamientos del dolor a nivel general de la reumatolog\u00eda-, siendo una de las pioneras de la investigaci\u00f3n kin\u00e9sica en la potencia regional, y que m\u00e1s tarde la convertir\u00edan en editora de la revista \u201cFisioterapia y Pesquisas\u201d.<\/p>\n<p>Estuvo de visita en Chile para compartir su experiencia con los docentes de la Facultad de Medicina CAS-UDD, y para impulsar la internacionalizaci\u00f3n del Diplomado en Investigaci\u00f3n en Kinesiolog\u00eda y Salud que imparte la Escuela de Kinesiolog\u00eda.<\/p>\n<p>Una labor que, seg\u00fan comenta, es responsabilidad de todo su pa\u00eds: \u201cLa importancia de esta alianza con la Universidad del Desarrollo se debe a que es responsabilidad de Brasil ayudar a otros pa\u00edses a seguir el mismo camino que \u00e9l ya recorri\u00f3. Para m\u00ed no fue f\u00e1cil empezar y si nosotros podemos ayudar, tenemos que hacerlo\u201d.<\/p>\n<p>La investigadora aconsej\u00f3 que la Investigaci\u00f3n tiene que ser prioridad desde el Pregrado, y que los estudiantes deben tener la oportunidad de hacer estudios con personas de Postgrado y con profesionales de otras disciplinas.<\/p>\n","protected":false},"excerpt":{"rendered":"<p>Docente de la Universidad de Sao Paulo y editora de una de las revistas m\u00e1s importantes de Latinoam\u00e9rica visit\u00f3 la Facultad de Medicina para internacionalizar Diplomado en Investigaci\u00f3n Kin\u00e9sica.<\/p>\n","protected":false},"author":40,"featured_media":1435,"comment_status":"open","ping_status":"open","sticky":false,"template":"","format":"standard","meta":{"footnotes":""},"categories":[4],"tags":[],"class_list":["post-1431","post","type-post","status-publish","format-standard","has-post-thumbnail","hentry","category-noticias"],"yoast_head":"<!-- This site is optimized with the Yoast SEO plugin v26.9 - https:\/\/yoast.com\/product\/yoast-seo-wordpress\/ -->\n<title>Kinesi\u00f3loga brasile\u00f1a visita la UDD para impulsar investigaci\u00f3n - Kinesiolog\u00eda<\/title>\n<meta name=\"robots\" content=\"index, follow, max-snippet:-1, max-image-preview:large, max-video-preview:-1\" \/>\n<link rel=\"canonical\" href=\"https:\/\/medicina.udd.cl\/kinesiologia-santiago\/noticias\/2013\/09\/13\/kinesiologa-brasilena-visita-la-udd-para-impulsar-investigacion\/\" \/>\n<meta property=\"og:locale\" content=\"es_ES\" \/>\n<meta property=\"og:type\" content=\"article\" \/>\n<meta property=\"og:title\" content=\"Kinesi\u00f3loga brasile\u00f1a visita la UDD para impulsar investigaci\u00f3n - Kinesiolog\u00eda\" \/>\n<meta property=\"og:description\" content=\"Docente de la Universidad de Sao Paulo y editora de una de las revistas m\u00e1s importantes de Latinoam\u00e9rica visit\u00f3 la Facultad de Medicina para internacionalizar Diplomado en Investigaci\u00f3n Kin\u00e9sica.\" \/>\n<meta property=\"og:url\" content=\"https:\/\/medicina.udd.cl\/kinesiologia-santiago\/noticias\/2013\/09\/13\/kinesiologa-brasilena-visita-la-udd-para-impulsar-investigacion\/\" \/>\n<meta property=\"og:site_name\" content=\"Kinesiolog\u00eda\" \/>\n<meta property=\"article:published_time\" content=\"2013-09-13T20:18:21+00:00\" \/>\n<meta property=\"article:modified_time\" content=\"2013-11-08T18:36:11+00:00\" \/>\n<meta property=\"og:image\" content=\"https:\/\/medicina.udd.cl\/kinesiologia-santiago\/files\/2013\/09\/Visita-de-investigadora-en-Kinesiolog\u00eda.jpg\" \/>\n\t<meta property=\"og:image:width\" content=\"3456\" \/>\n\t<meta property=\"og:image:height\" content=\"2304\" \/>\n\t<meta property=\"og:image:type\" content=\"image\/jpeg\" \/>\n<meta name=\"twitter:label1\" content=\"Escrito por\" \/>\n\t<meta name=\"twitter:data1\" content=\"\" \/>\n\t<meta name=\"twitter:label2\" content=\"Tiempo de lectura\" \/>\n\t<meta name=\"twitter:data2\" content=\"1 minuto\" \/>\n<script type=\"application\/ld+json\" class=\"yoast-schema-graph\">{\"@context\":\"https:\/\/schema.org\",\"@graph\":[{\"@type\":\"Article\",\"@id\":\"https:\/\/medicina.udd.cl\/kinesiologia-santiago\/noticias\/2013\/09\/13\/kinesiologa-brasilena-visita-la-udd-para-impulsar-investigacion\/#article\",\"isPartOf\":{\"@id\":\"https:\/\/medicina.udd.cl\/kinesiologia-santiago\/noticias\/2013\/09\/13\/kinesiologa-brasilena-visita-la-udd-para-impulsar-investigacion\/\"},\"author\":{\"name\":\"\",\"@id\":\"\"},\"headline\":\"Kinesi\u00f3loga brasile\u00f1a visita la UDD para impulsar investigaci\u00f3n\",\"datePublished\":\"2013-09-13T20:18:21+00:00\",\"dateModified\":\"2013-11-08T18:36:11+00:00\",\"mainEntityOfPage\":{\"@id\":\"https:\/\/medicina.udd.cl\/kinesiologia-santiago\/noticias\/2013\/09\/13\/kinesiologa-brasilena-visita-la-udd-para-impulsar-investigacion\/\"},\"wordCount\":256,\"commentCount\":0,\"image\":{\"@id\":\"https:\/\/medicina.udd.cl\/kinesiologia-santiago\/noticias\/2013\/09\/13\/kinesiologa-brasilena-visita-la-udd-para-impulsar-investigacion\/#primaryimage\"},\"thumbnailUrl\":\"https:\/\/medicina.udd.cl\/kinesiologia-santiago\/files\/2013\/09\/Visita-de-investigadora-en-Kinesiolog\u00eda.jpg\",\"articleSection\":[\"Noticias\"],\"inLanguage\":\"es\",\"potentialAction\":[{\"@type\":\"CommentAction\",\"name\":\"Comment\",\"target\":[\"https:\/\/medicina.udd.cl\/kinesiologia-santiago\/noticias\/2013\/09\/13\/kinesiologa-brasilena-visita-la-udd-para-impulsar-investigacion\/#respond\"]}]},{\"@type\":\"WebPage\",\"@id\":\"https:\/\/medicina.udd.cl\/kinesiologia-santiago\/noticias\/2013\/09\/13\/kinesiologa-brasilena-visita-la-udd-para-impulsar-investigacion\/\",\"url\":\"https:\/\/medicina.udd.cl\/kinesiologia-santiago\/noticias\/2013\/09\/13\/kinesiologa-brasilena-visita-la-udd-para-impulsar-investigacion\/\",\"name\":\"Kinesi\u00f3loga brasile\u00f1a visita la UDD para impulsar investigaci\u00f3n - Kinesiolog\u00eda\",\"isPartOf\":{\"@id\":\"https:\/\/medicina.udd.cl\/kinesiologia-santiago\/#website\"},\"primaryImageOfPage\":{\"@id\":\"https:\/\/medicina.udd.cl\/kinesiologia-santiago\/noticias\/2013\/09\/13\/kinesiologa-brasilena-visita-la-udd-para-impulsar-investigacion\/#primaryimage\"},\"image\":{\"@id\":\"https:\/\/medicina.udd.cl\/kinesiologia-santiago\/noticias\/2013\/09\/13\/kinesiologa-brasilena-visita-la-udd-para-impulsar-investigacion\/#primaryimage\"},\"thumbnailUrl\":\"https:\/\/medicina.udd.cl\/kinesiologia-santiago\/files\/2013\/09\/Visita-de-investigadora-en-Kinesiolog\u00eda.jpg\",\"datePublished\":\"2013-09-13T20:18:21+00:00\",\"dateModified\":\"2013-11-08T18:36:11+00:00\",\"author\":{\"@id\":\"\"},\"breadcrumb\":{\"@id\":\"https:\/\/medicina.udd.cl\/kinesiologia-santiago\/noticias\/2013\/09\/13\/kinesiologa-brasilena-visita-la-udd-para-impulsar-investigacion\/#breadcrumb\"},\"inLanguage\":\"es\",\"potentialAction\":[{\"@type\":\"ReadAction\",\"target\":[\"https:\/\/medicina.udd.cl\/kinesiologia-santiago\/noticias\/2013\/09\/13\/kinesiologa-brasilena-visita-la-udd-para-impulsar-investigacion\/\"]}]},{\"@type\":\"ImageObject\",\"inLanguage\":\"es\",\"@id\":\"https:\/\/medicina.udd.cl\/kinesiologia-santiago\/noticias\/2013\/09\/13\/kinesiologa-brasilena-visita-la-udd-para-impulsar-investigacion\/#primaryimage\",\"url\":\"https:\/\/medicina.udd.cl\/kinesiologia-santiago\/files\/2013\/09\/Visita-de-investigadora-en-Kinesiolog\u00eda.jpg\",\"contentUrl\":\"https:\/\/medicina.udd.cl\/kinesiologia-santiago\/files\/2013\/09\/Visita-de-investigadora-en-Kinesiolog\u00eda.jpg\",\"width\":3456,\"height\":2304},{\"@type\":\"BreadcrumbList\",\"@id\":\"https:\/\/medicina.udd.cl\/kinesiologia-santiago\/noticias\/2013\/09\/13\/kinesiologa-brasilena-visita-la-udd-para-impulsar-investigacion\/#breadcrumb\",\"itemListElement\":[{\"@type\":\"ListItem\",\"position\":1,\"name\":\"Home\",\"item\":\"https:\/\/medicina.udd.cl\/kinesiologia-santiago\/\"},{\"@type\":\"ListItem\",\"position\":2,\"name\":\"Kinesi\u00f3loga brasile\u00f1a visita la UDD para impulsar investigaci\u00f3n\"}]},{\"@type\":\"WebSite\",\"@id\":\"https:\/\/medicina.udd.cl\/kinesiologia-santiago\/#website\",\"url\":\"https:\/\/medicina.udd.cl\/kinesiologia-santiago\/\",\"name\":\"Kinesiolog\u00eda\",\"description\":\"Facultad de Medicina Cl\u00ednica Alemana Universidad del Desarrollo\",\"inLanguage\":\"es\"},{\"@type\":\"Person\",\"@id\":\"\",\"url\":\"https:\/\/medicina.udd.cl\/kinesiologia-santiago\/noticias\/author\/\"}]}<\/script>\n<!-- \/ Yoast SEO plugin. -->","yoast_head_json":{"title":"Kinesi\u00f3loga brasile\u00f1a visita la UDD para impulsar investigaci\u00f3n - Kinesiolog\u00eda","robots":{"index":"index","follow":"follow","max-snippet":"max-snippet:-1","max-image-preview":"max-image-preview:large","max-video-preview":"max-video-preview:-1"},"canonical":"https:\/\/medicina.udd.cl\/kinesiologia-santiago\/noticias\/2013\/09\/13\/kinesiologa-brasilena-visita-la-udd-para-impulsar-investigacion\/","og_locale":"es_ES","og_type":"article","og_title":"Kinesi\u00f3loga brasile\u00f1a visita la UDD para impulsar investigaci\u00f3n - Kinesiolog\u00eda","og_description":"Docente de la Universidad de Sao Paulo y editora de una de las revistas m\u00e1s importantes de Latinoam\u00e9rica visit\u00f3 la Facultad de Medicina para internacionalizar Diplomado en Investigaci\u00f3n Kin\u00e9sica.","og_url":"https:\/\/medicina.udd.cl\/kinesiologia-santiago\/noticias\/2013\/09\/13\/kinesiologa-brasilena-visita-la-udd-para-impulsar-investigacion\/","og_site_name":"Kinesiolog\u00eda","article_published_time":"2013-09-13T20:18:21+00:00","article_modified_time":"2013-11-08T18:36:11+00:00","og_image":[{"width":3456,"height":2304,"url":"https:\/\/medicina.udd.cl\/kinesiologia-santiago\/files\/2013\/09\/Visita-de-investigadora-en-Kinesiolog\u00eda.jpg","type":"image\/jpeg"}],"twitter_misc":{"Escrito por":"","Tiempo de lectura":"1 minuto"},"schema":{"@context":"https:\/\/schema.org","@graph":[{"@type":"Article","@id":"https:\/\/medicina.udd.cl\/kinesiologia-santiago\/noticias\/2013\/09\/13\/kinesiologa-brasilena-visita-la-udd-para-impulsar-investigacion\/#article","isPartOf":{"@id":"https:\/\/medicina.udd.cl\/kinesiologia-santiago\/noticias\/2013\/09\/13\/kinesiologa-brasilena-visita-la-udd-para-impulsar-investigacion\/"},"author":{"name":"","@id":""},"headline":"Kinesi\u00f3loga brasile\u00f1a visita la UDD para impulsar investigaci\u00f3n","datePublished":"2013-09-13T20:18:21+00:00","dateModified":"2013-11-08T18:36:11+00:00","mainEntityOfPage":{"@id":"https:\/\/medicina.udd.cl\/kinesiologia-santiago\/noticias\/2013\/09\/13\/kinesiologa-brasilena-visita-la-udd-para-impulsar-investigacion\/"},"wordCount":256,"commentCount":0,"image":{"@id":"https:\/\/medicina.udd.cl\/kinesiologia-santiago\/noticias\/2013\/09\/13\/kinesiologa-brasilena-visita-la-udd-para-impulsar-investigacion\/#primaryimage"},"thumbnailUrl":"https:\/\/medicina.udd.cl\/kinesiologia-santiago\/files\/2013\/09\/Visita-de-investigadora-en-Kinesiolog\u00eda.jpg","articleSection":["Noticias"],"inLanguage":"es","potentialAction":[{"@type":"CommentAction","name":"Comment","target":["https:\/\/medicina.udd.cl\/kinesiologia-santiago\/noticias\/2013\/09\/13\/kinesiologa-brasilena-visita-la-udd-para-impulsar-investigacion\/#respond"]}]},{"@type":"WebPage","@id":"https:\/\/medicina.udd.cl\/kinesiologia-santiago\/noticias\/2013\/09\/13\/kinesiologa-brasilena-visita-la-udd-para-impulsar-investigacion\/","url":"https:\/\/medicina.udd.cl\/kinesiologia-santiago\/noticias\/2013\/09\/13\/kinesiologa-brasilena-visita-la-udd-para-impulsar-investigacion\/","name":"Kinesi\u00f3loga brasile\u00f1a visita la UDD para impulsar investigaci\u00f3n - Kinesiolog\u00eda","isPartOf":{"@id":"https:\/\/medicina.udd.cl\/kinesiologia-santiago\/#website"},"primaryImageOfPage":{"@id":"https:\/\/medicina.udd.cl\/kinesiologia-santiago\/noticias\/2013\/09\/13\/kinesiologa-brasilena-visita-la-udd-para-impulsar-investigacion\/#primaryimage"},"image":{"@id":"https:\/\/medicina.udd.cl\/kinesiologia-santiago\/noticias\/2013\/09\/13\/kinesiologa-brasilena-visita-la-udd-para-impulsar-investigacion\/#primaryimage"},"thumbnailUrl":"https:\/\/medicina.udd.cl\/kinesiologia-santiago\/files\/2013\/09\/Visita-de-investigadora-en-Kinesiolog\u00eda.jpg","datePublished":"2013-09-13T20:18:21+00:00","dateModified":"2013-11-08T18:36:11+00:00","author":{"@id":""},"breadcrumb":{"@id":"https:\/\/medicina.udd.cl\/kinesiologia-santiago\/noticias\/2013\/09\/13\/kinesiologa-brasilena-visita-la-udd-para-impulsar-investigacion\/#breadcrumb"},"inLanguage":"es","potentialAction":[{"@type":"ReadAction","target":["https:\/\/medicina.udd.cl\/kinesiologia-santiago\/noticias\/2013\/09\/13\/kinesiologa-brasilena-visita-la-udd-para-impulsar-investigacion\/"]}]},{"@type":"ImageObject","inLanguage":"es","@id":"https:\/\/medicina.udd.cl\/kinesiologia-santiago\/noticias\/2013\/09\/13\/kinesiologa-brasilena-visita-la-udd-para-impulsar-investigacion\/#primaryimage","url":"https:\/\/medicina.udd.cl\/kinesiologia-santiago\/files\/2013\/09\/Visita-de-investigadora-en-Kinesiolog\u00eda.jpg","contentUrl":"https:\/\/medicina.udd.cl\/kinesiologia-santiago\/files\/2013\/09\/Visita-de-investigadora-en-Kinesiolog\u00eda.jpg","width":3456,"height":2304},{"@type":"BreadcrumbList","@id":"https:\/\/medicina.udd.cl\/kinesiologia-santiago\/noticias\/2013\/09\/13\/kinesiologa-brasilena-visita-la-udd-para-impulsar-investigacion\/#breadcrumb","itemListElement":[{"@type":"ListItem","position":1,"name":"Home","item":"https:\/\/medicina.udd.cl\/kinesiologia-santiago\/"},{"@type":"ListItem","position":2,"name":"Kinesi\u00f3loga brasile\u00f1a visita la UDD para impulsar investigaci\u00f3n"}]},{"@type":"WebSite","@id":"https:\/\/medicina.udd.cl\/kinesiologia-santiago\/#website","url":"https:\/\/medicina.udd.cl\/kinesiologia-santiago\/","name":"Kinesiolog\u00eda","description":"Facultad de Medicina Cl\u00ednica Alemana Universidad del Desarrollo","inLanguage":"es"},{"@type":"Person","@id":"","url":"https:\/\/medicina.udd.cl\/kinesiologia-santiago\/noticias\/author\/"}]}},"featured_image_url":"https:\/\/medicina.udd.cl\/kinesiologia-santiago\/files\/2013\/09\/Visita-de-investigadora-en-Kinesiolog\u00eda.jpg","_links":{"self":[{"href":"https:\/\/medicina.udd.cl\/kinesiologia-santiago\/wp-json\/wp\/v2\/posts\/1431","targetHints":{"allow":["GET"]}}],"collection":[{"href":"https:\/\/medicina.udd.cl\/kinesiologia-santiago\/wp-json\/wp\/v2\/posts"}],"about":[{"href":"https:\/\/medicina.udd.cl\/kinesiologia-santiago\/wp-json\/wp\/v2\/types\/post"}],"author":[{"embeddable":true,"href":"https:\/\/medicina.udd.cl\/kinesiologia-santiago\/wp-json\/wp\/v2\/users\/40"}],"replies":[{"embeddable":true,"href":"https:\/\/medicina.udd.cl\/kinesiologia-santiago\/wp-json\/wp\/v2\/comments?post=1431"}],"version-history":[{"count":3,"href":"https:\/\/medicina.udd.cl\/kinesiologia-santiago\/wp-json\/wp\/v2\/posts\/1431\/revisions"}],"predecessor-version":[{"id":1502,"href":"https:\/\/medicina.udd.cl\/kinesiologia-santiago\/wp-json\/wp\/v2\/posts\/1431\/revisions\/1502"}],"wp:featuredmedia":[{"embeddable":true,"href":"https:\/\/medicina.udd.cl\/kinesiologia-santiago\/wp-json\/wp\/v2\/media\/1435"}],"wp:attachment":[{"href":"https:\/\/medicina.udd.cl\/kinesiologia-santiago\/wp-json\/wp\/v2\/media?parent=1431"}],"wp:term":[{"taxonomy":"category","embeddable":true,"href":"https:\/\/medicina.udd.cl\/kinesiologia-santiago\/wp-json\/wp\/v2\/categories?post=1431"},{"taxonomy":"post_tag","embeddable":true,"href":"https:\/\/medicina.udd.cl\/kinesiologia-santiago\/wp-json\/wp\/v2\/tags?post=1431"}],"curies":[{"name":"wp","href":"https:\/\/api.w.org\/{rel}","templated":true}]}}