{"id":1505,"date":"2013-11-18T16:23:04","date_gmt":"2013-11-18T19:23:04","guid":{"rendered":"http:\/\/medicina.udd.cl\/kinesiologia-santiago\/?p=1505"},"modified":"2014-01-02T16:55:58","modified_gmt":"2014-01-02T19:55:58","slug":"kinesiologia-udd-estrecha-lazos-academicos-con-universidad-de-sao-paulo","status":"publish","type":"post","link":"https:\/\/medicina.udd.cl\/kinesiologia-santiago\/noticias\/2013\/11\/18\/kinesiologia-udd-estrecha-lazos-academicos-con-universidad-de-sao-paulo\/","title":{"rendered":"Kinesiolog\u00eda UDD estrecha lazos acad\u00e9micos con Universidad de Sao Paulo"},"content":{"rendered":"<div id=\"gallery-1\" class=\"carousel slide carousel-gallery\" data-ride=\"false\" data-interval=\"false\"><div class=\"carousel-inner\" role=\"listbox\"><figure class=\"carousel-item active\"><img loading=\"lazy\" decoding=\"async\" width=\"928\" height=\"534\" src=\"https:\/\/medicina.udd.cl\/kinesiologia-santiago\/files\/2013\/11\/Directores-y-docentes-UDD-y-Universidad-de-Sao-Paulo.jpg\" class=\"attachment-landscape_952 size-landscape_952\" alt=\"\" srcset=\"https:\/\/medicina.udd.cl\/kinesiologia-santiago\/files\/2013\/11\/Directores-y-docentes-UDD-y-Universidad-de-Sao-Paulo.jpg 3353w, https:\/\/medicina.udd.cl\/kinesiologia-santiago\/files\/2013\/11\/Directores-y-docentes-UDD-y-Universidad-de-Sao-Paulo-300x173.jpg 300w, https:\/\/medicina.udd.cl\/kinesiologia-santiago\/files\/2013\/11\/Directores-y-docentes-UDD-y-Universidad-de-Sao-Paulo-768x442.jpg 768w, https:\/\/medicina.udd.cl\/kinesiologia-santiago\/files\/2013\/11\/Directores-y-docentes-UDD-y-Universidad-de-Sao-Paulo-1024x589.jpg 1024w, https:\/\/medicina.udd.cl\/kinesiologia-santiago\/files\/2013\/11\/Directores-y-docentes-UDD-y-Universidad-de-Sao-Paulo-960x552.jpg 960w\" sizes=\"auto, (max-width: 928px) 100vw, 928px\" \/><\/figure><figure class=\"carousel-item\"><img loading=\"lazy\" decoding=\"async\" width=\"952\" height=\"268\" src=\"https:\/\/medicina.udd.cl\/kinesiologia-santiago\/files\/2013\/11\/Encuentro-con-estudiantes.jpg\" class=\"attachment-landscape_952 size-landscape_952\" alt=\"\" srcset=\"https:\/\/medicina.udd.cl\/kinesiologia-santiago\/files\/2013\/11\/Encuentro-con-estudiantes.jpg 3196w, https:\/\/medicina.udd.cl\/kinesiologia-santiago\/files\/2013\/11\/Encuentro-con-estudiantes-300x85.jpg 300w, https:\/\/medicina.udd.cl\/kinesiologia-santiago\/files\/2013\/11\/Encuentro-con-estudiantes-768x217.jpg 768w, https:\/\/medicina.udd.cl\/kinesiologia-santiago\/files\/2013\/11\/Encuentro-con-estudiantes-1024x289.jpg 1024w, https:\/\/medicina.udd.cl\/kinesiologia-santiago\/files\/2013\/11\/Encuentro-con-estudiantes-960x271.jpg 960w\" sizes=\"auto, (max-width: 952px) 100vw, 952px\" \/><\/figure><figure class=\"carousel-item\"><img loading=\"lazy\" decoding=\"async\" width=\"952\" height=\"509\" src=\"https:\/\/medicina.udd.cl\/kinesiologia-santiago\/files\/2013\/11\/Renata-Hasue1.jpg\" class=\"attachment-landscape_952 size-landscape_952\" alt=\"\" srcset=\"https:\/\/medicina.udd.cl\/kinesiologia-santiago\/files\/2013\/11\/Renata-Hasue1.jpg 3456w, https:\/\/medicina.udd.cl\/kinesiologia-santiago\/files\/2013\/11\/Renata-Hasue1-300x161.jpg 300w, https:\/\/medicina.udd.cl\/kinesiologia-santiago\/files\/2013\/11\/Renata-Hasue1-768x411.jpg 768w, https:\/\/medicina.udd.cl\/kinesiologia-santiago\/files\/2013\/11\/Renata-Hasue1-1024x548.jpg 1024w, https:\/\/medicina.udd.cl\/kinesiologia-santiago\/files\/2013\/11\/Renata-Hasue1-960x514.jpg 960w\" sizes=\"auto, (max-width: 952px) 100vw, 952px\" \/><\/figure><\/div><footer class=\"carousel-footer\"><div class=\"carousel-counter\"><span class=\"carousel-counter-current\"><\/span> \/ <span class=\"carousel-counter-total\"><\/span><\/div><a class=\"carousel-control-prev\" href=\"#gallery-1\" role=\"button\" data-slide=\"prev\"><svg aria-hidden=\"true\" class=\"svg-chevron-left-dims\"><use xlink:href='https:\/\/medicina.udd.cl\/kinesiologia-santiago\/wp-content\/themes\/facultades-2018\/assets\/img\/svg\/dist\/main.svg?version=1695853099#chevron-left'><\/use><\/svg><span class=\"sr-only\">Anterior<\/span><\/a><a class=\"carousel-control-next\" href=\"#gallery-1\" role=\"button\" data-slide=\"next\"><svg aria-hidden=\"true\" class=\"svg-chevron-right-dims\"><use xlink:href='https:\/\/medicina.udd.cl\/kinesiologia-santiago\/wp-content\/themes\/facultades-2018\/assets\/img\/svg\/dist\/main.svg?version=1695853099#chevron-right'><\/use><\/svg><span class=\"sr-only\">Siguiente<\/span><\/a><\/footer><\/div>\n<p>\u201cCrear lazos acad\u00e9micos con la Universidad del Desarrollo es importante para poder formar alumnos y profesores m\u00e1s globalizados, para que podamos comprender la realidad de Am\u00e9rica Latina\u201d. As\u00ed grafica <strong>Renata Hasue, coordinadora de Fisioterapia de la <a href=\"http:\/\/www5.usp.br\/\" target=\"_blank\">Universidad de Sao Paulo<\/a><\/strong>, el trabajo que est\u00e1n realizando ambas universidad para mantener contactos acad\u00e9micos.<\/p>\n<p><strong>Renata Hasue y la docente Carolina Fu<\/strong> visitaron los campus de la Facultad de Medicina CAS-UDD y compartieron con los estudiantes de Kinesiolog\u00eda. Un encuentro que fue catalogado como fruct\u00edfero por los miembros de la carrera, quienes destacan el amplio desarrollo en investigaci\u00f3n y enfoque de emprendimiento de la universidad brasile\u00f1a.<\/p>\n<p>Esta es la segunda vez en el a\u00f1o que representantes de Fisioterapia de la Universidad de Sao Paulo visitan las instalaciones de Kinesiolog\u00eda UDD. El primer encuentro fue para internacionalizar el Diplomado en Investigaci\u00f3n Kin\u00e9sica con la acad\u00e9mica Amelia Pasqual (<a href=\"http:\/\/medicina.udd.cl\/kinesiologia-santiago\/noticias\/2013\/09\/13\/kinesiologa-brasilena-visita-la-udd-para-impulsar-investigacion\/\" target=\"_blank\">revisa la nota ac\u00e1<\/a>).<\/p>\n<p>\u201cEste trabajo sirve para que Chile pueda replicar la tecnolog\u00eda y acercarse a los conocimientos de punta que tenemos, y para que nosotros podamos aprender sobre algunas las pol\u00edticas de salud de Chile, como las enfocadas a la desnutrici\u00f3n, infecciones infantiles y al sistema de salud en general\u201d, concluy\u00f3 Hasue.<\/p>\n","protected":false},"excerpt":{"rendered":"<p>Docentes de la carrera Fisioterapia de la instituci\u00f3n brasile\u00f1a  visitaron la Facultad de Medicina.<\/p>\n","protected":false},"author":40,"featured_media":1507,"comment_status":"open","ping_status":"open","sticky":false,"template":"","format":"standard","meta":{"footnotes":""},"categories":[4],"tags":[],"class_list":["post-1505","post","type-post","status-publish","format-standard","has-post-thumbnail","hentry","category-noticias"],"yoast_head":"<!-- This site is optimized with the Yoast SEO plugin v26.9 - https:\/\/yoast.com\/product\/yoast-seo-wordpress\/ -->\n<title>Kinesiolog\u00eda UDD estrecha lazos acad\u00e9micos con U. de Sao Paulo<\/title>\n<meta name=\"description\" content=\"Coordinadora de Fisioterapia de la universidad brasile\u00f1a comparti\u00f3 con directivos, docentes y estudiantes de la Facultad de Medicina CAS-UDD.\" \/>\n<meta name=\"robots\" content=\"index, follow, max-snippet:-1, max-image-preview:large, max-video-preview:-1\" \/>\n<link rel=\"canonical\" href=\"https:\/\/medicina.udd.cl\/kinesiologia-santiago\/noticias\/2013\/11\/18\/kinesiologia-udd-estrecha-lazos-academicos-con-universidad-de-sao-paulo\/\" \/>\n<meta property=\"og:locale\" content=\"es_ES\" \/>\n<meta property=\"og:type\" content=\"article\" \/>\n<meta property=\"og:title\" content=\"Kinesiolog\u00eda UDD estrecha lazos acad\u00e9micos con U. de Sao Paulo\" \/>\n<meta property=\"og:description\" content=\"Coordinadora de Fisioterapia de la universidad brasile\u00f1a comparti\u00f3 con directivos, docentes y estudiantes de la Facultad de Medicina CAS-UDD.\" \/>\n<meta property=\"og:url\" content=\"https:\/\/medicina.udd.cl\/kinesiologia-santiago\/noticias\/2013\/11\/18\/kinesiologia-udd-estrecha-lazos-academicos-con-universidad-de-sao-paulo\/\" \/>\n<meta property=\"og:site_name\" content=\"Kinesiolog\u00eda\" \/>\n<meta property=\"article:published_time\" content=\"2013-11-18T19:23:04+00:00\" \/>\n<meta property=\"article:modified_time\" content=\"2014-01-02T19:55:58+00:00\" \/>\n<meta property=\"og:image\" content=\"https:\/\/medicina.udd.cl\/kinesiologia-santiago\/files\/2013\/11\/Encuentro-con-estudiantes.jpg\" \/>\n\t<meta property=\"og:image:width\" content=\"3196\" \/>\n\t<meta property=\"og:image:height\" content=\"901\" \/>\n\t<meta property=\"og:image:type\" content=\"image\/jpeg\" \/>\n<meta name=\"twitter:label1\" content=\"Escrito por\" \/>\n\t<meta name=\"twitter:data1\" content=\"\" \/>\n\t<meta name=\"twitter:label2\" content=\"Tiempo de lectura\" \/>\n\t<meta name=\"twitter:data2\" content=\"1 minuto\" \/>\n<script type=\"application\/ld+json\" class=\"yoast-schema-graph\">{\"@context\":\"https:\/\/schema.org\",\"@graph\":[{\"@type\":\"Article\",\"@id\":\"https:\/\/medicina.udd.cl\/kinesiologia-santiago\/noticias\/2013\/11\/18\/kinesiologia-udd-estrecha-lazos-academicos-con-universidad-de-sao-paulo\/#article\",\"isPartOf\":{\"@id\":\"https:\/\/medicina.udd.cl\/kinesiologia-santiago\/noticias\/2013\/11\/18\/kinesiologia-udd-estrecha-lazos-academicos-con-universidad-de-sao-paulo\/\"},\"author\":{\"name\":\"\",\"@id\":\"\"},\"headline\":\"Kinesiolog\u00eda UDD estrecha lazos acad\u00e9micos con Universidad de Sao Paulo\",\"datePublished\":\"2013-11-18T19:23:04+00:00\",\"dateModified\":\"2014-01-02T19:55:58+00:00\",\"mainEntityOfPage\":{\"@id\":\"https:\/\/medicina.udd.cl\/kinesiologia-santiago\/noticias\/2013\/11\/18\/kinesiologia-udd-estrecha-lazos-academicos-con-universidad-de-sao-paulo\/\"},\"wordCount\":227,\"commentCount\":0,\"image\":{\"@id\":\"https:\/\/medicina.udd.cl\/kinesiologia-santiago\/noticias\/2013\/11\/18\/kinesiologia-udd-estrecha-lazos-academicos-con-universidad-de-sao-paulo\/#primaryimage\"},\"thumbnailUrl\":\"https:\/\/medicina.udd.cl\/kinesiologia-santiago\/files\/2013\/11\/Encuentro-con-estudiantes.jpg\",\"articleSection\":[\"Noticias\"],\"inLanguage\":\"es\",\"potentialAction\":[{\"@type\":\"CommentAction\",\"name\":\"Comment\",\"target\":[\"https:\/\/medicina.udd.cl\/kinesiologia-santiago\/noticias\/2013\/11\/18\/kinesiologia-udd-estrecha-lazos-academicos-con-universidad-de-sao-paulo\/#respond\"]}]},{\"@type\":\"WebPage\",\"@id\":\"https:\/\/medicina.udd.cl\/kinesiologia-santiago\/noticias\/2013\/11\/18\/kinesiologia-udd-estrecha-lazos-academicos-con-universidad-de-sao-paulo\/\",\"url\":\"https:\/\/medicina.udd.cl\/kinesiologia-santiago\/noticias\/2013\/11\/18\/kinesiologia-udd-estrecha-lazos-academicos-con-universidad-de-sao-paulo\/\",\"name\":\"Kinesiolog\u00eda UDD estrecha lazos acad\u00e9micos con U. de Sao Paulo\",\"isPartOf\":{\"@id\":\"https:\/\/medicina.udd.cl\/kinesiologia-santiago\/#website\"},\"primaryImageOfPage\":{\"@id\":\"https:\/\/medicina.udd.cl\/kinesiologia-santiago\/noticias\/2013\/11\/18\/kinesiologia-udd-estrecha-lazos-academicos-con-universidad-de-sao-paulo\/#primaryimage\"},\"image\":{\"@id\":\"https:\/\/medicina.udd.cl\/kinesiologia-santiago\/noticias\/2013\/11\/18\/kinesiologia-udd-estrecha-lazos-academicos-con-universidad-de-sao-paulo\/#primaryimage\"},\"thumbnailUrl\":\"https:\/\/medicina.udd.cl\/kinesiologia-santiago\/files\/2013\/11\/Encuentro-con-estudiantes.jpg\",\"datePublished\":\"2013-11-18T19:23:04+00:00\",\"dateModified\":\"2014-01-02T19:55:58+00:00\",\"author\":{\"@id\":\"\"},\"description\":\"Coordinadora de Fisioterapia de la universidad brasile\u00f1a comparti\u00f3 con directivos, docentes y estudiantes de la Facultad de Medicina CAS-UDD.\",\"breadcrumb\":{\"@id\":\"https:\/\/medicina.udd.cl\/kinesiologia-santiago\/noticias\/2013\/11\/18\/kinesiologia-udd-estrecha-lazos-academicos-con-universidad-de-sao-paulo\/#breadcrumb\"},\"inLanguage\":\"es\",\"potentialAction\":[{\"@type\":\"ReadAction\",\"target\":[\"https:\/\/medicina.udd.cl\/kinesiologia-santiago\/noticias\/2013\/11\/18\/kinesiologia-udd-estrecha-lazos-academicos-con-universidad-de-sao-paulo\/\"]}]},{\"@type\":\"ImageObject\",\"inLanguage\":\"es\",\"@id\":\"https:\/\/medicina.udd.cl\/kinesiologia-santiago\/noticias\/2013\/11\/18\/kinesiologia-udd-estrecha-lazos-academicos-con-universidad-de-sao-paulo\/#primaryimage\",\"url\":\"https:\/\/medicina.udd.cl\/kinesiologia-santiago\/files\/2013\/11\/Encuentro-con-estudiantes.jpg\",\"contentUrl\":\"https:\/\/medicina.udd.cl\/kinesiologia-santiago\/files\/2013\/11\/Encuentro-con-estudiantes.jpg\",\"width\":3196,\"height\":901},{\"@type\":\"BreadcrumbList\",\"@id\":\"https:\/\/medicina.udd.cl\/kinesiologia-santiago\/noticias\/2013\/11\/18\/kinesiologia-udd-estrecha-lazos-academicos-con-universidad-de-sao-paulo\/#breadcrumb\",\"itemListElement\":[{\"@type\":\"ListItem\",\"position\":1,\"name\":\"Home\",\"item\":\"https:\/\/medicina.udd.cl\/kinesiologia-santiago\/\"},{\"@type\":\"ListItem\",\"position\":2,\"name\":\"Kinesiolog\u00eda UDD estrecha lazos acad\u00e9micos con Universidad de Sao Paulo\"}]},{\"@type\":\"WebSite\",\"@id\":\"https:\/\/medicina.udd.cl\/kinesiologia-santiago\/#website\",\"url\":\"https:\/\/medicina.udd.cl\/kinesiologia-santiago\/\",\"name\":\"Kinesiolog\u00eda\",\"description\":\"Facultad de Medicina Cl\u00ednica Alemana Universidad del Desarrollo\",\"inLanguage\":\"es\"},{\"@type\":\"Person\",\"@id\":\"\",\"url\":\"https:\/\/medicina.udd.cl\/kinesiologia-santiago\/noticias\/author\/\"}]}<\/script>\n<!-- \/ Yoast SEO plugin. -->","yoast_head_json":{"title":"Kinesiolog\u00eda UDD estrecha lazos acad\u00e9micos con U. de Sao Paulo","description":"Coordinadora de Fisioterapia de la universidad brasile\u00f1a comparti\u00f3 con directivos, docentes y estudiantes de la Facultad de Medicina CAS-UDD.","robots":{"index":"index","follow":"follow","max-snippet":"max-snippet:-1","max-image-preview":"max-image-preview:large","max-video-preview":"max-video-preview:-1"},"canonical":"https:\/\/medicina.udd.cl\/kinesiologia-santiago\/noticias\/2013\/11\/18\/kinesiologia-udd-estrecha-lazos-academicos-con-universidad-de-sao-paulo\/","og_locale":"es_ES","og_type":"article","og_title":"Kinesiolog\u00eda UDD estrecha lazos acad\u00e9micos con U. de Sao Paulo","og_description":"Coordinadora de Fisioterapia de la universidad brasile\u00f1a comparti\u00f3 con directivos, docentes y estudiantes de la Facultad de Medicina CAS-UDD.","og_url":"https:\/\/medicina.udd.cl\/kinesiologia-santiago\/noticias\/2013\/11\/18\/kinesiologia-udd-estrecha-lazos-academicos-con-universidad-de-sao-paulo\/","og_site_name":"Kinesiolog\u00eda","article_published_time":"2013-11-18T19:23:04+00:00","article_modified_time":"2014-01-02T19:55:58+00:00","og_image":[{"width":3196,"height":901,"url":"https:\/\/medicina.udd.cl\/kinesiologia-santiago\/files\/2013\/11\/Encuentro-con-estudiantes.jpg","type":"image\/jpeg"}],"twitter_misc":{"Escrito por":"","Tiempo de lectura":"1 minuto"},"schema":{"@context":"https:\/\/schema.org","@graph":[{"@type":"Article","@id":"https:\/\/medicina.udd.cl\/kinesiologia-santiago\/noticias\/2013\/11\/18\/kinesiologia-udd-estrecha-lazos-academicos-con-universidad-de-sao-paulo\/#article","isPartOf":{"@id":"https:\/\/medicina.udd.cl\/kinesiologia-santiago\/noticias\/2013\/11\/18\/kinesiologia-udd-estrecha-lazos-academicos-con-universidad-de-sao-paulo\/"},"author":{"name":"","@id":""},"headline":"Kinesiolog\u00eda UDD estrecha lazos acad\u00e9micos con Universidad de Sao Paulo","datePublished":"2013-11-18T19:23:04+00:00","dateModified":"2014-01-02T19:55:58+00:00","mainEntityOfPage":{"@id":"https:\/\/medicina.udd.cl\/kinesiologia-santiago\/noticias\/2013\/11\/18\/kinesiologia-udd-estrecha-lazos-academicos-con-universidad-de-sao-paulo\/"},"wordCount":227,"commentCount":0,"image":{"@id":"https:\/\/medicina.udd.cl\/kinesiologia-santiago\/noticias\/2013\/11\/18\/kinesiologia-udd-estrecha-lazos-academicos-con-universidad-de-sao-paulo\/#primaryimage"},"thumbnailUrl":"https:\/\/medicina.udd.cl\/kinesiologia-santiago\/files\/2013\/11\/Encuentro-con-estudiantes.jpg","articleSection":["Noticias"],"inLanguage":"es","potentialAction":[{"@type":"CommentAction","name":"Comment","target":["https:\/\/medicina.udd.cl\/kinesiologia-santiago\/noticias\/2013\/11\/18\/kinesiologia-udd-estrecha-lazos-academicos-con-universidad-de-sao-paulo\/#respond"]}]},{"@type":"WebPage","@id":"https:\/\/medicina.udd.cl\/kinesiologia-santiago\/noticias\/2013\/11\/18\/kinesiologia-udd-estrecha-lazos-academicos-con-universidad-de-sao-paulo\/","url":"https:\/\/medicina.udd.cl\/kinesiologia-santiago\/noticias\/2013\/11\/18\/kinesiologia-udd-estrecha-lazos-academicos-con-universidad-de-sao-paulo\/","name":"Kinesiolog\u00eda UDD estrecha lazos acad\u00e9micos con U. de Sao Paulo","isPartOf":{"@id":"https:\/\/medicina.udd.cl\/kinesiologia-santiago\/#website"},"primaryImageOfPage":{"@id":"https:\/\/medicina.udd.cl\/kinesiologia-santiago\/noticias\/2013\/11\/18\/kinesiologia-udd-estrecha-lazos-academicos-con-universidad-de-sao-paulo\/#primaryimage"},"image":{"@id":"https:\/\/medicina.udd.cl\/kinesiologia-santiago\/noticias\/2013\/11\/18\/kinesiologia-udd-estrecha-lazos-academicos-con-universidad-de-sao-paulo\/#primaryimage"},"thumbnailUrl":"https:\/\/medicina.udd.cl\/kinesiologia-santiago\/files\/2013\/11\/Encuentro-con-estudiantes.jpg","datePublished":"2013-11-18T19:23:04+00:00","dateModified":"2014-01-02T19:55:58+00:00","author":{"@id":""},"description":"Coordinadora de Fisioterapia de la universidad brasile\u00f1a comparti\u00f3 con directivos, docentes y estudiantes de la Facultad de Medicina CAS-UDD.","breadcrumb":{"@id":"https:\/\/medicina.udd.cl\/kinesiologia-santiago\/noticias\/2013\/11\/18\/kinesiologia-udd-estrecha-lazos-academicos-con-universidad-de-sao-paulo\/#breadcrumb"},"inLanguage":"es","potentialAction":[{"@type":"ReadAction","target":["https:\/\/medicina.udd.cl\/kinesiologia-santiago\/noticias\/2013\/11\/18\/kinesiologia-udd-estrecha-lazos-academicos-con-universidad-de-sao-paulo\/"]}]},{"@type":"ImageObject","inLanguage":"es","@id":"https:\/\/medicina.udd.cl\/kinesiologia-santiago\/noticias\/2013\/11\/18\/kinesiologia-udd-estrecha-lazos-academicos-con-universidad-de-sao-paulo\/#primaryimage","url":"https:\/\/medicina.udd.cl\/kinesiologia-santiago\/files\/2013\/11\/Encuentro-con-estudiantes.jpg","contentUrl":"https:\/\/medicina.udd.cl\/kinesiologia-santiago\/files\/2013\/11\/Encuentro-con-estudiantes.jpg","width":3196,"height":901},{"@type":"BreadcrumbList","@id":"https:\/\/medicina.udd.cl\/kinesiologia-santiago\/noticias\/2013\/11\/18\/kinesiologia-udd-estrecha-lazos-academicos-con-universidad-de-sao-paulo\/#breadcrumb","itemListElement":[{"@type":"ListItem","position":1,"name":"Home","item":"https:\/\/medicina.udd.cl\/kinesiologia-santiago\/"},{"@type":"ListItem","position":2,"name":"Kinesiolog\u00eda UDD estrecha lazos acad\u00e9micos con Universidad de Sao Paulo"}]},{"@type":"WebSite","@id":"https:\/\/medicina.udd.cl\/kinesiologia-santiago\/#website","url":"https:\/\/medicina.udd.cl\/kinesiologia-santiago\/","name":"Kinesiolog\u00eda","description":"Facultad de Medicina Cl\u00ednica Alemana Universidad del Desarrollo","inLanguage":"es"},{"@type":"Person","@id":"","url":"https:\/\/medicina.udd.cl\/kinesiologia-santiago\/noticias\/author\/"}]}},"featured_image_url":"https:\/\/medicina.udd.cl\/kinesiologia-santiago\/files\/2013\/11\/Encuentro-con-estudiantes.jpg","_links":{"self":[{"href":"https:\/\/medicina.udd.cl\/kinesiologia-santiago\/wp-json\/wp\/v2\/posts\/1505","targetHints":{"allow":["GET"]}}],"collection":[{"href":"https:\/\/medicina.udd.cl\/kinesiologia-santiago\/wp-json\/wp\/v2\/posts"}],"about":[{"href":"https:\/\/medicina.udd.cl\/kinesiologia-santiago\/wp-json\/wp\/v2\/types\/post"}],"author":[{"embeddable":true,"href":"https:\/\/medicina.udd.cl\/kinesiologia-santiago\/wp-json\/wp\/v2\/users\/40"}],"replies":[{"embeddable":true,"href":"https:\/\/medicina.udd.cl\/kinesiologia-santiago\/wp-json\/wp\/v2\/comments?post=1505"}],"version-history":[{"count":3,"href":"https:\/\/medicina.udd.cl\/kinesiologia-santiago\/wp-json\/wp\/v2\/posts\/1505\/revisions"}],"predecessor-version":[{"id":1511,"href":"https:\/\/medicina.udd.cl\/kinesiologia-santiago\/wp-json\/wp\/v2\/posts\/1505\/revisions\/1511"}],"wp:featuredmedia":[{"embeddable":true,"href":"https:\/\/medicina.udd.cl\/kinesiologia-santiago\/wp-json\/wp\/v2\/media\/1507"}],"wp:attachment":[{"href":"https:\/\/medicina.udd.cl\/kinesiologia-santiago\/wp-json\/wp\/v2\/media?parent=1505"}],"wp:term":[{"taxonomy":"category","embeddable":true,"href":"https:\/\/medicina.udd.cl\/kinesiologia-santiago\/wp-json\/wp\/v2\/categories?post=1505"},{"taxonomy":"post_tag","embeddable":true,"href":"https:\/\/medicina.udd.cl\/kinesiologia-santiago\/wp-json\/wp\/v2\/tags?post=1505"}],"curies":[{"name":"wp","href":"https:\/\/api.w.org\/{rel}","templated":true}]}}