{"id":1585,"date":"2014-01-21T16:59:36","date_gmt":"2014-01-21T19:59:36","guid":{"rendered":"http:\/\/medicina.udd.cl\/kinesiologia-santiago\/?p=1585"},"modified":"2014-01-21T17:00:46","modified_gmt":"2014-01-21T20:00:46","slug":"docente-de-kinesiologia-participa-en-ironman-de-pucon-2014","status":"publish","type":"post","link":"https:\/\/medicina.udd.cl\/kinesiologia-santiago\/noticias\/2014\/01\/21\/docente-de-kinesiologia-participa-en-ironman-de-pucon-2014\/","title":{"rendered":"Docente de Kinesiolog\u00eda participa en Ironman de Puc\u00f3n 2014"},"content":{"rendered":"<div id=\"gallery-1\" class=\"carousel slide carousel-gallery\" data-ride=\"false\" data-interval=\"false\"><div class=\"carousel-inner\" role=\"listbox\"><figure class=\"carousel-item active\"><img loading=\"lazy\" decoding=\"async\" width=\"720\" height=\"479\" src=\"https:\/\/medicina.udd.cl\/kinesiologia-santiago\/files\/2014\/01\/Ciclismo-Puc\u00f3n.jpg\" class=\"attachment-landscape_952 size-landscape_952\" alt=\"\" srcset=\"https:\/\/medicina.udd.cl\/kinesiologia-santiago\/files\/2014\/01\/Ciclismo-Puc\u00f3n.jpg 720w, https:\/\/medicina.udd.cl\/kinesiologia-santiago\/files\/2014\/01\/Ciclismo-Puc\u00f3n-300x200.jpg 300w\" sizes=\"auto, (max-width: 720px) 100vw, 720px\" \/><\/figure><figure class=\"carousel-item\"><img loading=\"lazy\" decoding=\"async\" width=\"720\" height=\"480\" src=\"https:\/\/medicina.udd.cl\/kinesiologia-santiago\/files\/2014\/01\/Daniela-Nu\u00f1ez-en-competencia-de-nataci\u00f3n.jpg\" class=\"attachment-landscape_952 size-landscape_952\" alt=\"\" srcset=\"https:\/\/medicina.udd.cl\/kinesiologia-santiago\/files\/2014\/01\/Daniela-Nu\u00f1ez-en-competencia-de-nataci\u00f3n.jpg 720w, https:\/\/medicina.udd.cl\/kinesiologia-santiago\/files\/2014\/01\/Daniela-Nu\u00f1ez-en-competencia-de-nataci\u00f3n-300x200.jpg 300w\" sizes=\"auto, (max-width: 720px) 100vw, 720px\" \/><\/figure><figure class=\"carousel-item\"><img loading=\"lazy\" decoding=\"async\" width=\"802\" height=\"534\" src=\"https:\/\/medicina.udd.cl\/kinesiologia-santiago\/files\/2014\/01\/Team-Bustos-Iroman-Puc\u00f3n.jpg\" class=\"attachment-landscape_952 size-landscape_952\" alt=\"\" srcset=\"https:\/\/medicina.udd.cl\/kinesiologia-santiago\/files\/2014\/01\/Team-Bustos-Iroman-Puc\u00f3n.jpg 960w, https:\/\/medicina.udd.cl\/kinesiologia-santiago\/files\/2014\/01\/Team-Bustos-Iroman-Puc\u00f3n-300x200.jpg 300w, https:\/\/medicina.udd.cl\/kinesiologia-santiago\/files\/2014\/01\/Team-Bustos-Iroman-Puc\u00f3n-768x511.jpg 768w\" sizes=\"auto, (max-width: 802px) 100vw, 802px\" \/><\/figure><\/div><footer class=\"carousel-footer\"><div class=\"carousel-counter\"><span class=\"carousel-counter-current\"><\/span> \/ <span class=\"carousel-counter-total\"><\/span><\/div><a class=\"carousel-control-prev\" href=\"#gallery-1\" role=\"button\" data-slide=\"prev\"><svg aria-hidden=\"true\" class=\"svg-chevron-left-dims\"><use xlink:href='https:\/\/medicina.udd.cl\/kinesiologia-santiago\/wp-content\/themes\/facultades-2018\/assets\/img\/svg\/dist\/main.svg?version=1695853099#chevron-left'><\/use><\/svg><span class=\"sr-only\">Anterior<\/span><\/a><a class=\"carousel-control-next\" href=\"#gallery-1\" role=\"button\" data-slide=\"next\"><svg aria-hidden=\"true\" class=\"svg-chevron-right-dims\"><use xlink:href='https:\/\/medicina.udd.cl\/kinesiologia-santiago\/wp-content\/themes\/facultades-2018\/assets\/img\/svg\/dist\/main.svg?version=1695853099#chevron-right'><\/use><\/svg><span class=\"sr-only\">Siguiente<\/span><\/a><\/footer><\/div>\n<p>El <strong>Iroman 70.3 de Puc\u00f3n es el \u00fanico en Chile del circuito Iroman y es la fiesta de este deporte a nivel nacional<\/strong>. Primero porque participan muchos elite chilenos y extranjeros, y despu\u00e9s, porque es donde todos los triatletas nacionales queremos estar. Por algo la llaman<strong> \u00abla carrera m\u00e1s linda del mundo\u00bb<\/strong>. Antes de correrla, cre\u00eda que era una exageraci\u00f3n, pero no lo es.<\/p>\n<p>Son las 5:20 de la ma\u00f1ana del <strong>domingo 12 de enero de 2014<\/strong>. Ha llegado el d\u00eda, el tan esperado d\u00eda. Alimentaci\u00f3n, zapatos de ciclismo, casco, lentes, zapatillas de trote, jockey, \u00faltimo chequeo\u2026 A ponerse el traje de agua, gorra, lentes y a calentar al agua. Marcado tengo el abrazo de buenos deseos de mis padres que llegaron de sorpresa a verme, y de mis amigas y compa\u00f1eras de team.<\/p>\n<p>A las 7:30 parten los elite y 5 minutos m\u00e1s tarde, todas las mujeres. En frente de nosotros, est\u00e1 un lago benevolente que espera que lo recorras por 1900 metros. Brazada tras brazada, trato de lograr mi ritmo mientras escapo del grupo para ubicarme bien, sin alejarme del camino se\u00f1alado. Me siento c\u00f3moda, lo que me permite \u00abponerle\u00bb un poquito m\u00e1s. Con calma, la primera etapa llega a su fin.<\/p>\n<p>Ahora, hacer una transici\u00f3n al ciclismo lo m\u00e1s r\u00e1pido posible. Bici al lado y a recorrer esas dos cuadras de parque cerrado, eterno parque cerrado, hasta que traspasas la l\u00ednea de montaje. Se vienen 90 kil\u00f3metros por delante. A<strong>l principio, las piernas est\u00e1n medias porfiadas y no responden a lo que la cabeza quiere, pero en verdad ver una calle repleta de gente alentando, hace que pase a segundo plano.<\/strong> En ese momento, te sientes un \u00abrock star\u00bb, como ser parte de un evento que pocos tienen la suerte de vivir. El camino tiene de todo, no resulta f\u00e1cil y los hombres que partieron un poquito despu\u00e9s de nosotras, comienzan a pasar. Reconozco los rostros de amigos, compa\u00f1eros, elites. Los gritos est\u00e1n nuevamente ah\u00ed, y escuchar a mi coach y familiares de team me re-energizan para continuar.<\/p>\n<p>Y as\u00ed de \u00abr\u00e1pido\u00bb, ya toca bajarse para enfrentar lo que resulta ser para m\u00ed lo m\u00e1s dificil: los 21 kil\u00f3metros de trote. Ya sab\u00eda que en alg\u00fan momento los iba a sufrir porque hace tres semanas me hab\u00eda desgarrado el s\u00f3leo, y en un circuito con subidas y bajadas eso pesa. Pero desertar nunca fue opci\u00f3n. Tres vueltas a un camino rodeado de flores, con una vista espectacular del lago y encontr\u00e1ndome con compa\u00f1eros que ya estaban terminando con caras de satisfacci\u00f3n, concentraci\u00f3n, dolor&#8230;.<\/p>\n<p>Me encontr\u00e9 recorriendo los \u00faltimos 200 metros con una alegr\u00eda y satisfacci\u00f3n por el \u00abtrabajo bien hecho\u00bb que resulta indescriptible. Un flash back de s\u00f3lo unos segundos me llev\u00f3 al primer d\u00eda de entrenamiento, cuando llegu\u00e9 a la piscina como una novata sin saber en qu\u00e9 me hab\u00eda metido, los s\u00e1bados de pedaleo a primera hora, los trotes recorriendo Santiago alegando porque ya \u00abno puedo m\u00e1s\u00bb <strong>y ahora ten\u00eda la alfombra verde frente a m\u00ed que dec\u00eda \u00abMETA\u00bb<\/strong>. S\u00f3lo quedaba aumentar la velocidad, y subir los brazos para festejar&#8230; Lo hab\u00eda hecho. Soy finisher de un medio Iroman y tengo una medalla al cuello que lo acredita. \u00a1La adrenalina est\u00e1 en su peak!<\/p>\n<p><strong>\u00bfEnse\u00f1anzas? Muchas. A\u00fan hoy, a una semana de la competencia las pienso. Pero sin lugar a dudas, la m\u00e1s valiosa, es saber el poder que tiene una decisi\u00f3n bien tomada. Con esa idea en la cabeza, todo es posible. TODO.<\/strong><\/p>\n<p>Agradezco a mis compa\u00f1eros y amigos de trabajo que me han apoyado en esto desde que comenc\u00e9.<\/p>\n","protected":false},"excerpt":{"rendered":"<p>Daniela Nu\u00f1ez, coordinadora de Internados Cl\u00ednicos de la carrera, comparte su experiencia en esta triatl\u00f3n. <\/p>\n","protected":false},"author":40,"featured_media":1586,"comment_status":"open","ping_status":"open","sticky":false,"template":"","format":"standard","meta":{"footnotes":""},"categories":[4],"tags":[],"class_list":["post-1585","post","type-post","status-publish","format-standard","has-post-thumbnail","hentry","category-noticias"],"yoast_head":"<!-- This site is optimized with the Yoast SEO plugin v26.9 - https:\/\/yoast.com\/product\/yoast-seo-wordpress\/ -->\n<title>Docente de Kinesiolog\u00eda participa en Ironman de Puc\u00f3n 2014 - UDD<\/title>\n<meta name=\"description\" content=\"Daniela Nu\u00f1ez, coordinadora de Internados Cl\u00ednicos de la carrera de la Facultad de Medicina CAS-UDD, comparte su experiencia en esta triatl\u00f3n.\" \/>\n<meta name=\"robots\" content=\"index, follow, max-snippet:-1, max-image-preview:large, max-video-preview:-1\" \/>\n<link rel=\"canonical\" href=\"https:\/\/medicina.udd.cl\/kinesiologia-santiago\/noticias\/2014\/01\/21\/docente-de-kinesiologia-participa-en-ironman-de-pucon-2014\/\" \/>\n<meta property=\"og:locale\" content=\"es_ES\" \/>\n<meta property=\"og:type\" content=\"article\" \/>\n<meta property=\"og:title\" content=\"Docente de Kinesiolog\u00eda participa en Ironman de Puc\u00f3n 2014 - UDD\" \/>\n<meta property=\"og:description\" content=\"Daniela Nu\u00f1ez, coordinadora de Internados Cl\u00ednicos de la carrera de la Facultad de Medicina CAS-UDD, comparte su experiencia en esta triatl\u00f3n.\" \/>\n<meta property=\"og:url\" content=\"https:\/\/medicina.udd.cl\/kinesiologia-santiago\/noticias\/2014\/01\/21\/docente-de-kinesiologia-participa-en-ironman-de-pucon-2014\/\" \/>\n<meta property=\"og:site_name\" content=\"Kinesiolog\u00eda\" \/>\n<meta property=\"article:published_time\" content=\"2014-01-21T19:59:36+00:00\" \/>\n<meta property=\"article:modified_time\" content=\"2014-01-21T20:00:46+00:00\" \/>\n<meta property=\"og:image\" content=\"https:\/\/medicina.udd.cl\/kinesiologia-santiago\/files\/2014\/01\/Ciclismo-Puc\u00f3n.jpg\" \/>\n\t<meta property=\"og:image:width\" content=\"720\" \/>\n\t<meta property=\"og:image:height\" content=\"479\" \/>\n\t<meta property=\"og:image:type\" content=\"image\/jpeg\" \/>\n<meta name=\"twitter:label1\" content=\"Escrito por\" \/>\n\t<meta name=\"twitter:data1\" content=\"\" \/>\n\t<meta name=\"twitter:label2\" content=\"Tiempo de lectura\" \/>\n\t<meta name=\"twitter:data2\" content=\"3 minutos\" \/>\n<script type=\"application\/ld+json\" class=\"yoast-schema-graph\">{\"@context\":\"https:\/\/schema.org\",\"@graph\":[{\"@type\":\"Article\",\"@id\":\"https:\/\/medicina.udd.cl\/kinesiologia-santiago\/noticias\/2014\/01\/21\/docente-de-kinesiologia-participa-en-ironman-de-pucon-2014\/#article\",\"isPartOf\":{\"@id\":\"https:\/\/medicina.udd.cl\/kinesiologia-santiago\/noticias\/2014\/01\/21\/docente-de-kinesiologia-participa-en-ironman-de-pucon-2014\/\"},\"author\":{\"name\":\"\",\"@id\":\"\"},\"headline\":\"Docente de Kinesiolog\u00eda participa en Ironman de Puc\u00f3n 2014\",\"datePublished\":\"2014-01-21T19:59:36+00:00\",\"dateModified\":\"2014-01-21T20:00:46+00:00\",\"mainEntityOfPage\":{\"@id\":\"https:\/\/medicina.udd.cl\/kinesiologia-santiago\/noticias\/2014\/01\/21\/docente-de-kinesiologia-participa-en-ironman-de-pucon-2014\/\"},\"wordCount\":650,\"commentCount\":0,\"image\":{\"@id\":\"https:\/\/medicina.udd.cl\/kinesiologia-santiago\/noticias\/2014\/01\/21\/docente-de-kinesiologia-participa-en-ironman-de-pucon-2014\/#primaryimage\"},\"thumbnailUrl\":\"https:\/\/medicina.udd.cl\/kinesiologia-santiago\/files\/2014\/01\/Ciclismo-Puc\u00f3n.jpg\",\"articleSection\":[\"Noticias\"],\"inLanguage\":\"es\",\"potentialAction\":[{\"@type\":\"CommentAction\",\"name\":\"Comment\",\"target\":[\"https:\/\/medicina.udd.cl\/kinesiologia-santiago\/noticias\/2014\/01\/21\/docente-de-kinesiologia-participa-en-ironman-de-pucon-2014\/#respond\"]}]},{\"@type\":\"WebPage\",\"@id\":\"https:\/\/medicina.udd.cl\/kinesiologia-santiago\/noticias\/2014\/01\/21\/docente-de-kinesiologia-participa-en-ironman-de-pucon-2014\/\",\"url\":\"https:\/\/medicina.udd.cl\/kinesiologia-santiago\/noticias\/2014\/01\/21\/docente-de-kinesiologia-participa-en-ironman-de-pucon-2014\/\",\"name\":\"Docente de Kinesiolog\u00eda participa en Ironman de Puc\u00f3n 2014 - UDD\",\"isPartOf\":{\"@id\":\"https:\/\/medicina.udd.cl\/kinesiologia-santiago\/#website\"},\"primaryImageOfPage\":{\"@id\":\"https:\/\/medicina.udd.cl\/kinesiologia-santiago\/noticias\/2014\/01\/21\/docente-de-kinesiologia-participa-en-ironman-de-pucon-2014\/#primaryimage\"},\"image\":{\"@id\":\"https:\/\/medicina.udd.cl\/kinesiologia-santiago\/noticias\/2014\/01\/21\/docente-de-kinesiologia-participa-en-ironman-de-pucon-2014\/#primaryimage\"},\"thumbnailUrl\":\"https:\/\/medicina.udd.cl\/kinesiologia-santiago\/files\/2014\/01\/Ciclismo-Puc\u00f3n.jpg\",\"datePublished\":\"2014-01-21T19:59:36+00:00\",\"dateModified\":\"2014-01-21T20:00:46+00:00\",\"author\":{\"@id\":\"\"},\"description\":\"Daniela Nu\u00f1ez, coordinadora de Internados Cl\u00ednicos de la carrera de la Facultad de Medicina CAS-UDD, comparte su experiencia en esta triatl\u00f3n.\",\"breadcrumb\":{\"@id\":\"https:\/\/medicina.udd.cl\/kinesiologia-santiago\/noticias\/2014\/01\/21\/docente-de-kinesiologia-participa-en-ironman-de-pucon-2014\/#breadcrumb\"},\"inLanguage\":\"es\",\"potentialAction\":[{\"@type\":\"ReadAction\",\"target\":[\"https:\/\/medicina.udd.cl\/kinesiologia-santiago\/noticias\/2014\/01\/21\/docente-de-kinesiologia-participa-en-ironman-de-pucon-2014\/\"]}]},{\"@type\":\"ImageObject\",\"inLanguage\":\"es\",\"@id\":\"https:\/\/medicina.udd.cl\/kinesiologia-santiago\/noticias\/2014\/01\/21\/docente-de-kinesiologia-participa-en-ironman-de-pucon-2014\/#primaryimage\",\"url\":\"https:\/\/medicina.udd.cl\/kinesiologia-santiago\/files\/2014\/01\/Ciclismo-Puc\u00f3n.jpg\",\"contentUrl\":\"https:\/\/medicina.udd.cl\/kinesiologia-santiago\/files\/2014\/01\/Ciclismo-Puc\u00f3n.jpg\",\"width\":720,\"height\":479},{\"@type\":\"BreadcrumbList\",\"@id\":\"https:\/\/medicina.udd.cl\/kinesiologia-santiago\/noticias\/2014\/01\/21\/docente-de-kinesiologia-participa-en-ironman-de-pucon-2014\/#breadcrumb\",\"itemListElement\":[{\"@type\":\"ListItem\",\"position\":1,\"name\":\"Home\",\"item\":\"https:\/\/medicina.udd.cl\/kinesiologia-santiago\/\"},{\"@type\":\"ListItem\",\"position\":2,\"name\":\"Docente de Kinesiolog\u00eda participa en Ironman de Puc\u00f3n 2014\"}]},{\"@type\":\"WebSite\",\"@id\":\"https:\/\/medicina.udd.cl\/kinesiologia-santiago\/#website\",\"url\":\"https:\/\/medicina.udd.cl\/kinesiologia-santiago\/\",\"name\":\"Kinesiolog\u00eda\",\"description\":\"Facultad de Medicina Cl\u00ednica Alemana Universidad del Desarrollo\",\"inLanguage\":\"es\"},{\"@type\":\"Person\",\"@id\":\"\",\"url\":\"https:\/\/medicina.udd.cl\/kinesiologia-santiago\/noticias\/author\/\"}]}<\/script>\n<!-- \/ Yoast SEO plugin. -->","yoast_head_json":{"title":"Docente de Kinesiolog\u00eda participa en Ironman de Puc\u00f3n 2014 - UDD","description":"Daniela Nu\u00f1ez, coordinadora de Internados Cl\u00ednicos de la carrera de la Facultad de Medicina CAS-UDD, comparte su experiencia en esta triatl\u00f3n.","robots":{"index":"index","follow":"follow","max-snippet":"max-snippet:-1","max-image-preview":"max-image-preview:large","max-video-preview":"max-video-preview:-1"},"canonical":"https:\/\/medicina.udd.cl\/kinesiologia-santiago\/noticias\/2014\/01\/21\/docente-de-kinesiologia-participa-en-ironman-de-pucon-2014\/","og_locale":"es_ES","og_type":"article","og_title":"Docente de Kinesiolog\u00eda participa en Ironman de Puc\u00f3n 2014 - UDD","og_description":"Daniela Nu\u00f1ez, coordinadora de Internados Cl\u00ednicos de la carrera de la Facultad de Medicina CAS-UDD, comparte su experiencia en esta triatl\u00f3n.","og_url":"https:\/\/medicina.udd.cl\/kinesiologia-santiago\/noticias\/2014\/01\/21\/docente-de-kinesiologia-participa-en-ironman-de-pucon-2014\/","og_site_name":"Kinesiolog\u00eda","article_published_time":"2014-01-21T19:59:36+00:00","article_modified_time":"2014-01-21T20:00:46+00:00","og_image":[{"width":720,"height":479,"url":"https:\/\/medicina.udd.cl\/kinesiologia-santiago\/files\/2014\/01\/Ciclismo-Puc\u00f3n.jpg","type":"image\/jpeg"}],"twitter_misc":{"Escrito por":"","Tiempo de lectura":"3 minutos"},"schema":{"@context":"https:\/\/schema.org","@graph":[{"@type":"Article","@id":"https:\/\/medicina.udd.cl\/kinesiologia-santiago\/noticias\/2014\/01\/21\/docente-de-kinesiologia-participa-en-ironman-de-pucon-2014\/#article","isPartOf":{"@id":"https:\/\/medicina.udd.cl\/kinesiologia-santiago\/noticias\/2014\/01\/21\/docente-de-kinesiologia-participa-en-ironman-de-pucon-2014\/"},"author":{"name":"","@id":""},"headline":"Docente de Kinesiolog\u00eda participa en Ironman de Puc\u00f3n 2014","datePublished":"2014-01-21T19:59:36+00:00","dateModified":"2014-01-21T20:00:46+00:00","mainEntityOfPage":{"@id":"https:\/\/medicina.udd.cl\/kinesiologia-santiago\/noticias\/2014\/01\/21\/docente-de-kinesiologia-participa-en-ironman-de-pucon-2014\/"},"wordCount":650,"commentCount":0,"image":{"@id":"https:\/\/medicina.udd.cl\/kinesiologia-santiago\/noticias\/2014\/01\/21\/docente-de-kinesiologia-participa-en-ironman-de-pucon-2014\/#primaryimage"},"thumbnailUrl":"https:\/\/medicina.udd.cl\/kinesiologia-santiago\/files\/2014\/01\/Ciclismo-Puc\u00f3n.jpg","articleSection":["Noticias"],"inLanguage":"es","potentialAction":[{"@type":"CommentAction","name":"Comment","target":["https:\/\/medicina.udd.cl\/kinesiologia-santiago\/noticias\/2014\/01\/21\/docente-de-kinesiologia-participa-en-ironman-de-pucon-2014\/#respond"]}]},{"@type":"WebPage","@id":"https:\/\/medicina.udd.cl\/kinesiologia-santiago\/noticias\/2014\/01\/21\/docente-de-kinesiologia-participa-en-ironman-de-pucon-2014\/","url":"https:\/\/medicina.udd.cl\/kinesiologia-santiago\/noticias\/2014\/01\/21\/docente-de-kinesiologia-participa-en-ironman-de-pucon-2014\/","name":"Docente de Kinesiolog\u00eda participa en Ironman de Puc\u00f3n 2014 - UDD","isPartOf":{"@id":"https:\/\/medicina.udd.cl\/kinesiologia-santiago\/#website"},"primaryImageOfPage":{"@id":"https:\/\/medicina.udd.cl\/kinesiologia-santiago\/noticias\/2014\/01\/21\/docente-de-kinesiologia-participa-en-ironman-de-pucon-2014\/#primaryimage"},"image":{"@id":"https:\/\/medicina.udd.cl\/kinesiologia-santiago\/noticias\/2014\/01\/21\/docente-de-kinesiologia-participa-en-ironman-de-pucon-2014\/#primaryimage"},"thumbnailUrl":"https:\/\/medicina.udd.cl\/kinesiologia-santiago\/files\/2014\/01\/Ciclismo-Puc\u00f3n.jpg","datePublished":"2014-01-21T19:59:36+00:00","dateModified":"2014-01-21T20:00:46+00:00","author":{"@id":""},"description":"Daniela Nu\u00f1ez, coordinadora de Internados Cl\u00ednicos de la carrera de la Facultad de Medicina CAS-UDD, comparte su experiencia en esta triatl\u00f3n.","breadcrumb":{"@id":"https:\/\/medicina.udd.cl\/kinesiologia-santiago\/noticias\/2014\/01\/21\/docente-de-kinesiologia-participa-en-ironman-de-pucon-2014\/#breadcrumb"},"inLanguage":"es","potentialAction":[{"@type":"ReadAction","target":["https:\/\/medicina.udd.cl\/kinesiologia-santiago\/noticias\/2014\/01\/21\/docente-de-kinesiologia-participa-en-ironman-de-pucon-2014\/"]}]},{"@type":"ImageObject","inLanguage":"es","@id":"https:\/\/medicina.udd.cl\/kinesiologia-santiago\/noticias\/2014\/01\/21\/docente-de-kinesiologia-participa-en-ironman-de-pucon-2014\/#primaryimage","url":"https:\/\/medicina.udd.cl\/kinesiologia-santiago\/files\/2014\/01\/Ciclismo-Puc\u00f3n.jpg","contentUrl":"https:\/\/medicina.udd.cl\/kinesiologia-santiago\/files\/2014\/01\/Ciclismo-Puc\u00f3n.jpg","width":720,"height":479},{"@type":"BreadcrumbList","@id":"https:\/\/medicina.udd.cl\/kinesiologia-santiago\/noticias\/2014\/01\/21\/docente-de-kinesiologia-participa-en-ironman-de-pucon-2014\/#breadcrumb","itemListElement":[{"@type":"ListItem","position":1,"name":"Home","item":"https:\/\/medicina.udd.cl\/kinesiologia-santiago\/"},{"@type":"ListItem","position":2,"name":"Docente de Kinesiolog\u00eda participa en Ironman de Puc\u00f3n 2014"}]},{"@type":"WebSite","@id":"https:\/\/medicina.udd.cl\/kinesiologia-santiago\/#website","url":"https:\/\/medicina.udd.cl\/kinesiologia-santiago\/","name":"Kinesiolog\u00eda","description":"Facultad de Medicina Cl\u00ednica Alemana Universidad del Desarrollo","inLanguage":"es"},{"@type":"Person","@id":"","url":"https:\/\/medicina.udd.cl\/kinesiologia-santiago\/noticias\/author\/"}]}},"featured_image_url":"https:\/\/medicina.udd.cl\/kinesiologia-santiago\/files\/2014\/01\/Ciclismo-Puc\u00f3n.jpg","_links":{"self":[{"href":"https:\/\/medicina.udd.cl\/kinesiologia-santiago\/wp-json\/wp\/v2\/posts\/1585","targetHints":{"allow":["GET"]}}],"collection":[{"href":"https:\/\/medicina.udd.cl\/kinesiologia-santiago\/wp-json\/wp\/v2\/posts"}],"about":[{"href":"https:\/\/medicina.udd.cl\/kinesiologia-santiago\/wp-json\/wp\/v2\/types\/post"}],"author":[{"embeddable":true,"href":"https:\/\/medicina.udd.cl\/kinesiologia-santiago\/wp-json\/wp\/v2\/users\/40"}],"replies":[{"embeddable":true,"href":"https:\/\/medicina.udd.cl\/kinesiologia-santiago\/wp-json\/wp\/v2\/comments?post=1585"}],"version-history":[{"count":3,"href":"https:\/\/medicina.udd.cl\/kinesiologia-santiago\/wp-json\/wp\/v2\/posts\/1585\/revisions"}],"predecessor-version":[{"id":1590,"href":"https:\/\/medicina.udd.cl\/kinesiologia-santiago\/wp-json\/wp\/v2\/posts\/1585\/revisions\/1590"}],"wp:featuredmedia":[{"embeddable":true,"href":"https:\/\/medicina.udd.cl\/kinesiologia-santiago\/wp-json\/wp\/v2\/media\/1586"}],"wp:attachment":[{"href":"https:\/\/medicina.udd.cl\/kinesiologia-santiago\/wp-json\/wp\/v2\/media?parent=1585"}],"wp:term":[{"taxonomy":"category","embeddable":true,"href":"https:\/\/medicina.udd.cl\/kinesiologia-santiago\/wp-json\/wp\/v2\/categories?post=1585"},{"taxonomy":"post_tag","embeddable":true,"href":"https:\/\/medicina.udd.cl\/kinesiologia-santiago\/wp-json\/wp\/v2\/tags?post=1585"}],"curies":[{"name":"wp","href":"https:\/\/api.w.org\/{rel}","templated":true}]}}