{"id":1728,"date":"2014-05-05T10:09:53","date_gmt":"2014-05-05T14:09:53","guid":{"rendered":"http:\/\/medicina.udd.cl\/kinesiologia-santiago\/?p=1728"},"modified":"2014-05-05T10:09:53","modified_gmt":"2014-05-05T14:09:53","slug":"coordinador-de-investigacion-de-kinesiologia-participa-en-v-congreso-internacional-de-actividad-fisica-y-salud-publica","status":"publish","type":"post","link":"https:\/\/medicina.udd.cl\/kinesiologia-santiago\/noticias\/2014\/05\/05\/coordinador-de-investigacion-de-kinesiologia-participa-en-v-congreso-internacional-de-actividad-fisica-y-salud-publica\/","title":{"rendered":"Coordinador de Investigaci\u00f3n de Kinesiolog\u00eda participa en V Congreso Internacional de Actividad F\u00edsica y Salud P\u00fablica"},"content":{"rendered":"<p>La importancia que tiene la promoci\u00f3n del ejercicio f\u00edsico en las estrategias de gobierno para la salud de la poblaci\u00f3n o la publicaci\u00f3n de estudios que reflejan que el 30% de los ni\u00f1os menores de 10 a\u00f1os tiene obesidad, son parte de los resultados que se dieron a conocer en el\u00a0<a href=\"http:\/\/www.icpaph2014.com\/\">V Congreso Internacional de Actividad F\u00edsica y Salud P\u00fablica<\/a>. Un encuentro que se realiz\u00f3 en R\u00edo de Janeiro y del que fue parte\u00a0<a href=\"http:\/\/medicina.udd.cl\/kinesiologia-santiago\/persona\/jaime-leppe-zamora\/\">Jaime Leppe<\/a>, coordinador de Investigaci\u00f3n de la carrera de Kinesiolog\u00eda de la UDD.<\/p>\n<div id=\"gallery-1\" class=\"carousel slide carousel-gallery\" data-ride=\"false\" data-interval=\"false\"><div class=\"carousel-inner\" role=\"listbox\"><figure class=\"carousel-item active\"><img loading=\"lazy\" decoding=\"async\" width=\"712\" height=\"534\" src=\"https:\/\/medicina.udd.cl\/kinesiologia-santiago\/files\/2014\/05\/Presentaci\u00f3n-oral-de-Jaime-Leppe-ICPAPH-2014.jpg\" class=\"attachment-landscape_952 size-landscape_952\" alt=\"\" srcset=\"https:\/\/medicina.udd.cl\/kinesiologia-santiago\/files\/2014\/05\/Presentaci\u00f3n-oral-de-Jaime-Leppe-ICPAPH-2014.jpg 2272w, https:\/\/medicina.udd.cl\/kinesiologia-santiago\/files\/2014\/05\/Presentaci\u00f3n-oral-de-Jaime-Leppe-ICPAPH-2014-300x225.jpg 300w, https:\/\/medicina.udd.cl\/kinesiologia-santiago\/files\/2014\/05\/Presentaci\u00f3n-oral-de-Jaime-Leppe-ICPAPH-2014-768x576.jpg 768w, https:\/\/medicina.udd.cl\/kinesiologia-santiago\/files\/2014\/05\/Presentaci\u00f3n-oral-de-Jaime-Leppe-ICPAPH-2014-1024x768.jpg 1024w, https:\/\/medicina.udd.cl\/kinesiologia-santiago\/files\/2014\/05\/Presentaci\u00f3n-oral-de-Jaime-Leppe-ICPAPH-2014-960x720.jpg 960w\" sizes=\"auto, (max-width: 712px) 100vw, 712px\" \/><\/figure><figure class=\"carousel-item\"><img loading=\"lazy\" decoding=\"async\" width=\"712\" height=\"534\" src=\"https:\/\/medicina.udd.cl\/kinesiologia-santiago\/files\/2014\/05\/Jaime-Leppe-ICPAPH-2014.jpg\" class=\"attachment-landscape_952 size-landscape_952\" alt=\"\" srcset=\"https:\/\/medicina.udd.cl\/kinesiologia-santiago\/files\/2014\/05\/Jaime-Leppe-ICPAPH-2014.jpg 2272w, https:\/\/medicina.udd.cl\/kinesiologia-santiago\/files\/2014\/05\/Jaime-Leppe-ICPAPH-2014-300x225.jpg 300w, https:\/\/medicina.udd.cl\/kinesiologia-santiago\/files\/2014\/05\/Jaime-Leppe-ICPAPH-2014-768x576.jpg 768w, https:\/\/medicina.udd.cl\/kinesiologia-santiago\/files\/2014\/05\/Jaime-Leppe-ICPAPH-2014-1024x768.jpg 1024w, https:\/\/medicina.udd.cl\/kinesiologia-santiago\/files\/2014\/05\/Jaime-Leppe-ICPAPH-2014-960x720.jpg 960w\" sizes=\"auto, (max-width: 712px) 100vw, 712px\" \/><\/figure><figure class=\"carousel-item\"><img loading=\"lazy\" decoding=\"async\" width=\"554\" height=\"534\" src=\"https:\/\/medicina.udd.cl\/kinesiologia-santiago\/files\/2014\/05\/Poster-Actividad-F\u00edsica-y-Sedentarismo-en-mujeres-durante-el-primer-trimestre-del-embarazo-ICPAPH-2014.jpg\" class=\"attachment-landscape_952 size-landscape_952\" alt=\"\" srcset=\"https:\/\/medicina.udd.cl\/kinesiologia-santiago\/files\/2014\/05\/Poster-Actividad-F\u00edsica-y-Sedentarismo-en-mujeres-durante-el-primer-trimestre-del-embarazo-ICPAPH-2014.jpg 3264w, https:\/\/medicina.udd.cl\/kinesiologia-santiago\/files\/2014\/05\/Poster-Actividad-F\u00edsica-y-Sedentarismo-en-mujeres-durante-el-primer-trimestre-del-embarazo-ICPAPH-2014-300x289.jpg 300w, https:\/\/medicina.udd.cl\/kinesiologia-santiago\/files\/2014\/05\/Poster-Actividad-F\u00edsica-y-Sedentarismo-en-mujeres-durante-el-primer-trimestre-del-embarazo-ICPAPH-2014-768x741.jpg 768w, https:\/\/medicina.udd.cl\/kinesiologia-santiago\/files\/2014\/05\/Poster-Actividad-F\u00edsica-y-Sedentarismo-en-mujeres-durante-el-primer-trimestre-del-embarazo-ICPAPH-2014-1024x988.jpg 1024w, https:\/\/medicina.udd.cl\/kinesiologia-santiago\/files\/2014\/05\/Poster-Actividad-F\u00edsica-y-Sedentarismo-en-mujeres-durante-el-primer-trimestre-del-embarazo-ICPAPH-2014-960x926.jpg 960w\" sizes=\"auto, (max-width: 554px) 100vw, 554px\" \/><\/figure><\/div><footer class=\"carousel-footer\"><div class=\"carousel-counter\"><span class=\"carousel-counter-current\"><\/span> \/ <span class=\"carousel-counter-total\"><\/span><\/div><a class=\"carousel-control-prev\" href=\"#gallery-1\" role=\"button\" data-slide=\"prev\"><svg aria-hidden=\"true\" class=\"svg-chevron-left-dims\"><use xlink:href='https:\/\/medicina.udd.cl\/kinesiologia-santiago\/wp-content\/themes\/facultades-2018\/assets\/img\/svg\/dist\/main.svg?version=1695853099#chevron-left'><\/use><\/svg><span class=\"sr-only\">Anterior<\/span><\/a><a class=\"carousel-control-next\" href=\"#gallery-1\" role=\"button\" data-slide=\"next\"><svg aria-hidden=\"true\" class=\"svg-chevron-right-dims\"><use xlink:href='https:\/\/medicina.udd.cl\/kinesiologia-santiago\/wp-content\/themes\/facultades-2018\/assets\/img\/svg\/dist\/main.svg?version=1695853099#chevron-right'><\/use><\/svg><span class=\"sr-only\">Siguiente<\/span><\/a><\/footer><\/div>\n<p>Durante dos d\u00edas, expertos de los distintos continentes se reunieron en este congreso -que se celebra cada dos a\u00f1os y que es organizado por la\u00a0<a href=\"http:\/\/www.ispah.org\/\">Sociedad Internacional de Actividad F\u00edsica y Salud P\u00fablica<\/a>-, para conocer los avances cient\u00edficos y la experiencias en la implementaci\u00f3n de pol\u00edticas de Estado.<\/p>\n<p><strong>La Universidad del Desarrollo present\u00f3 tres posters de distintas investigaciones que se han realizado en la carrera y la exposici\u00f3n oral a cargo de Jaime Leppe sobre su estudio \u201cModelo de correcci\u00f3n en las prevalencias de actividad f\u00edsica en la Encuesta Nacional\u201d.<\/strong><\/p>\n<p>\u201cEs un instancia s\u00faper potente para poder encontrarse con los grandes investigadores y hacer relaciones de trabajo. Con nuestra asistencia al congreso anterior, en Australia, y ahora en Brasil, se gener\u00f3 una cultura de que Chile existe como un pa\u00eds que est\u00e1 haciendo investigaci\u00f3n, en especial en la UDD\u201d, comenta\u00a0<strong>el epidemi\u00f3logo de la Facultad de Medicina, quien, en este congreso, fue nombrado miembro de la Sociedad Internacional de Actividad F\u00efsica y Salud<\/strong>\u00a0(ISPAH, por sus siglas en ingl\u00e9s).<\/p>\n<p>Tras el congreso internacional, tres expertas del \u00e1rea visitaron Chile para participar en el\u00a0<a href=\"http:\/\/medicina.udd.cl\/kinesiologia-santiago\/noticias\/2014\/04\/16\/expertos-internacionales-analizan-en-udd-como-disminuir-el-sedentarismo\/\">Seminario de Actividad F\u00edsica, Salud y Espacio P\u00fablico<\/a>\u00a0que organizaron en conjunto las carreras de Kinesiolog\u00eda y Arquitectura de la UDD.<\/p>\n","protected":false},"excerpt":{"rendered":"<p>Encuentro se realiz\u00f3 entre el 8 y 11 de abril en R\u00edo de Janeiro y convoc\u00f3 a expertos del \u00e1rea a nivel mundial.<\/p>\n","protected":false},"author":40,"featured_media":1731,"comment_status":"open","ping_status":"open","sticky":false,"template":"","format":"standard","meta":{"footnotes":""},"categories":[4],"tags":[],"class_list":["post-1728","post","type-post","status-publish","format-standard","has-post-thumbnail","hentry","category-noticias"],"yoast_head":"<!-- This site is optimized with the Yoast SEO plugin v26.9 - https:\/\/yoast.com\/product\/yoast-seo-wordpress\/ -->\n<title>Investigador de Kinesiolog\u00eda participa en Congreso Internacional - UDD<\/title>\n<meta name=\"description\" content=\"Jaime Leppe present\u00f3 en V Congreso de Actividad F\u00edsica y Salud P\u00fablica y fue nombrado miembro de la Sociedad Internacional de Actividad F\u00efsica y Salud.\" \/>\n<meta name=\"robots\" content=\"index, follow, max-snippet:-1, max-image-preview:large, max-video-preview:-1\" \/>\n<link rel=\"canonical\" href=\"https:\/\/medicina.udd.cl\/kinesiologia-santiago\/noticias\/2014\/05\/05\/coordinador-de-investigacion-de-kinesiologia-participa-en-v-congreso-internacional-de-actividad-fisica-y-salud-publica\/\" \/>\n<meta property=\"og:locale\" content=\"es_ES\" \/>\n<meta property=\"og:type\" content=\"article\" \/>\n<meta property=\"og:title\" content=\"Investigador de Kinesiolog\u00eda participa en Congreso Internacional - UDD\" \/>\n<meta property=\"og:description\" content=\"Jaime Leppe present\u00f3 en V Congreso de Actividad F\u00edsica y Salud P\u00fablica y fue nombrado miembro de la Sociedad Internacional de Actividad F\u00efsica y Salud.\" \/>\n<meta property=\"og:url\" content=\"https:\/\/medicina.udd.cl\/kinesiologia-santiago\/noticias\/2014\/05\/05\/coordinador-de-investigacion-de-kinesiologia-participa-en-v-congreso-internacional-de-actividad-fisica-y-salud-publica\/\" \/>\n<meta property=\"og:site_name\" content=\"Kinesiolog\u00eda\" \/>\n<meta property=\"article:published_time\" content=\"2014-05-05T14:09:53+00:00\" \/>\n<meta property=\"og:image\" content=\"https:\/\/medicina.udd.cl\/kinesiologia-santiago\/files\/2014\/05\/Poster-Actividad-F\u00edsica-y-Sedentarismo-en-mujeres-durante-el-primer-trimestre-del-embarazo-ICPAPH-2014.jpg\" \/>\n\t<meta property=\"og:image:width\" content=\"3264\" \/>\n\t<meta property=\"og:image:height\" content=\"3148\" \/>\n\t<meta property=\"og:image:type\" content=\"image\/jpeg\" \/>\n<meta name=\"twitter:label1\" content=\"Escrito por\" \/>\n\t<meta name=\"twitter:data1\" content=\"\" \/>\n\t<meta name=\"twitter:label2\" content=\"Tiempo de lectura\" \/>\n\t<meta name=\"twitter:data2\" content=\"2 minutos\" \/>\n<script type=\"application\/ld+json\" class=\"yoast-schema-graph\">{\"@context\":\"https:\/\/schema.org\",\"@graph\":[{\"@type\":\"Article\",\"@id\":\"https:\/\/medicina.udd.cl\/kinesiologia-santiago\/noticias\/2014\/05\/05\/coordinador-de-investigacion-de-kinesiologia-participa-en-v-congreso-internacional-de-actividad-fisica-y-salud-publica\/#article\",\"isPartOf\":{\"@id\":\"https:\/\/medicina.udd.cl\/kinesiologia-santiago\/noticias\/2014\/05\/05\/coordinador-de-investigacion-de-kinesiologia-participa-en-v-congreso-internacional-de-actividad-fisica-y-salud-publica\/\"},\"author\":{\"name\":\"\",\"@id\":\"\"},\"headline\":\"Coordinador de Investigaci\u00f3n de Kinesiolog\u00eda participa en V Congreso Internacional de Actividad F\u00edsica y Salud P\u00fablica\",\"datePublished\":\"2014-05-05T14:09:53+00:00\",\"mainEntityOfPage\":{\"@id\":\"https:\/\/medicina.udd.cl\/kinesiologia-santiago\/noticias\/2014\/05\/05\/coordinador-de-investigacion-de-kinesiologia-participa-en-v-congreso-internacional-de-actividad-fisica-y-salud-publica\/\"},\"wordCount\":341,\"commentCount\":0,\"image\":{\"@id\":\"https:\/\/medicina.udd.cl\/kinesiologia-santiago\/noticias\/2014\/05\/05\/coordinador-de-investigacion-de-kinesiologia-participa-en-v-congreso-internacional-de-actividad-fisica-y-salud-publica\/#primaryimage\"},\"thumbnailUrl\":\"https:\/\/medicina.udd.cl\/kinesiologia-santiago\/files\/2014\/05\/Poster-Actividad-F\u00edsica-y-Sedentarismo-en-mujeres-durante-el-primer-trimestre-del-embarazo-ICPAPH-2014.jpg\",\"articleSection\":[\"Noticias\"],\"inLanguage\":\"es\",\"potentialAction\":[{\"@type\":\"CommentAction\",\"name\":\"Comment\",\"target\":[\"https:\/\/medicina.udd.cl\/kinesiologia-santiago\/noticias\/2014\/05\/05\/coordinador-de-investigacion-de-kinesiologia-participa-en-v-congreso-internacional-de-actividad-fisica-y-salud-publica\/#respond\"]}]},{\"@type\":\"WebPage\",\"@id\":\"https:\/\/medicina.udd.cl\/kinesiologia-santiago\/noticias\/2014\/05\/05\/coordinador-de-investigacion-de-kinesiologia-participa-en-v-congreso-internacional-de-actividad-fisica-y-salud-publica\/\",\"url\":\"https:\/\/medicina.udd.cl\/kinesiologia-santiago\/noticias\/2014\/05\/05\/coordinador-de-investigacion-de-kinesiologia-participa-en-v-congreso-internacional-de-actividad-fisica-y-salud-publica\/\",\"name\":\"Investigador de Kinesiolog\u00eda participa en Congreso Internacional - UDD\",\"isPartOf\":{\"@id\":\"https:\/\/medicina.udd.cl\/kinesiologia-santiago\/#website\"},\"primaryImageOfPage\":{\"@id\":\"https:\/\/medicina.udd.cl\/kinesiologia-santiago\/noticias\/2014\/05\/05\/coordinador-de-investigacion-de-kinesiologia-participa-en-v-congreso-internacional-de-actividad-fisica-y-salud-publica\/#primaryimage\"},\"image\":{\"@id\":\"https:\/\/medicina.udd.cl\/kinesiologia-santiago\/noticias\/2014\/05\/05\/coordinador-de-investigacion-de-kinesiologia-participa-en-v-congreso-internacional-de-actividad-fisica-y-salud-publica\/#primaryimage\"},\"thumbnailUrl\":\"https:\/\/medicina.udd.cl\/kinesiologia-santiago\/files\/2014\/05\/Poster-Actividad-F\u00edsica-y-Sedentarismo-en-mujeres-durante-el-primer-trimestre-del-embarazo-ICPAPH-2014.jpg\",\"datePublished\":\"2014-05-05T14:09:53+00:00\",\"author\":{\"@id\":\"\"},\"description\":\"Jaime Leppe present\u00f3 en V Congreso de Actividad F\u00edsica y Salud P\u00fablica y fue nombrado miembro de la Sociedad Internacional de Actividad F\u00efsica y Salud.\",\"breadcrumb\":{\"@id\":\"https:\/\/medicina.udd.cl\/kinesiologia-santiago\/noticias\/2014\/05\/05\/coordinador-de-investigacion-de-kinesiologia-participa-en-v-congreso-internacional-de-actividad-fisica-y-salud-publica\/#breadcrumb\"},\"inLanguage\":\"es\",\"potentialAction\":[{\"@type\":\"ReadAction\",\"target\":[\"https:\/\/medicina.udd.cl\/kinesiologia-santiago\/noticias\/2014\/05\/05\/coordinador-de-investigacion-de-kinesiologia-participa-en-v-congreso-internacional-de-actividad-fisica-y-salud-publica\/\"]}]},{\"@type\":\"ImageObject\",\"inLanguage\":\"es\",\"@id\":\"https:\/\/medicina.udd.cl\/kinesiologia-santiago\/noticias\/2014\/05\/05\/coordinador-de-investigacion-de-kinesiologia-participa-en-v-congreso-internacional-de-actividad-fisica-y-salud-publica\/#primaryimage\",\"url\":\"https:\/\/medicina.udd.cl\/kinesiologia-santiago\/files\/2014\/05\/Poster-Actividad-F\u00edsica-y-Sedentarismo-en-mujeres-durante-el-primer-trimestre-del-embarazo-ICPAPH-2014.jpg\",\"contentUrl\":\"https:\/\/medicina.udd.cl\/kinesiologia-santiago\/files\/2014\/05\/Poster-Actividad-F\u00edsica-y-Sedentarismo-en-mujeres-durante-el-primer-trimestre-del-embarazo-ICPAPH-2014.jpg\",\"width\":3264,\"height\":3148},{\"@type\":\"BreadcrumbList\",\"@id\":\"https:\/\/medicina.udd.cl\/kinesiologia-santiago\/noticias\/2014\/05\/05\/coordinador-de-investigacion-de-kinesiologia-participa-en-v-congreso-internacional-de-actividad-fisica-y-salud-publica\/#breadcrumb\",\"itemListElement\":[{\"@type\":\"ListItem\",\"position\":1,\"name\":\"Home\",\"item\":\"https:\/\/medicina.udd.cl\/kinesiologia-santiago\/\"},{\"@type\":\"ListItem\",\"position\":2,\"name\":\"Coordinador de Investigaci\u00f3n de Kinesiolog\u00eda participa en V Congreso Internacional de Actividad F\u00edsica y Salud P\u00fablica\"}]},{\"@type\":\"WebSite\",\"@id\":\"https:\/\/medicina.udd.cl\/kinesiologia-santiago\/#website\",\"url\":\"https:\/\/medicina.udd.cl\/kinesiologia-santiago\/\",\"name\":\"Kinesiolog\u00eda\",\"description\":\"Facultad de Medicina Cl\u00ednica Alemana Universidad del Desarrollo\",\"inLanguage\":\"es\"},{\"@type\":\"Person\",\"@id\":\"\",\"url\":\"https:\/\/medicina.udd.cl\/kinesiologia-santiago\/noticias\/author\/\"}]}<\/script>\n<!-- \/ Yoast SEO plugin. -->","yoast_head_json":{"title":"Investigador de Kinesiolog\u00eda participa en Congreso Internacional - UDD","description":"Jaime Leppe present\u00f3 en V Congreso de Actividad F\u00edsica y Salud P\u00fablica y fue nombrado miembro de la Sociedad Internacional de Actividad F\u00efsica y Salud.","robots":{"index":"index","follow":"follow","max-snippet":"max-snippet:-1","max-image-preview":"max-image-preview:large","max-video-preview":"max-video-preview:-1"},"canonical":"https:\/\/medicina.udd.cl\/kinesiologia-santiago\/noticias\/2014\/05\/05\/coordinador-de-investigacion-de-kinesiologia-participa-en-v-congreso-internacional-de-actividad-fisica-y-salud-publica\/","og_locale":"es_ES","og_type":"article","og_title":"Investigador de Kinesiolog\u00eda participa en Congreso Internacional - UDD","og_description":"Jaime Leppe present\u00f3 en V Congreso de Actividad F\u00edsica y Salud P\u00fablica y fue nombrado miembro de la Sociedad Internacional de Actividad F\u00efsica y Salud.","og_url":"https:\/\/medicina.udd.cl\/kinesiologia-santiago\/noticias\/2014\/05\/05\/coordinador-de-investigacion-de-kinesiologia-participa-en-v-congreso-internacional-de-actividad-fisica-y-salud-publica\/","og_site_name":"Kinesiolog\u00eda","article_published_time":"2014-05-05T14:09:53+00:00","og_image":[{"width":3264,"height":3148,"url":"https:\/\/medicina.udd.cl\/kinesiologia-santiago\/files\/2014\/05\/Poster-Actividad-F\u00edsica-y-Sedentarismo-en-mujeres-durante-el-primer-trimestre-del-embarazo-ICPAPH-2014.jpg","type":"image\/jpeg"}],"twitter_misc":{"Escrito por":"","Tiempo de lectura":"2 minutos"},"schema":{"@context":"https:\/\/schema.org","@graph":[{"@type":"Article","@id":"https:\/\/medicina.udd.cl\/kinesiologia-santiago\/noticias\/2014\/05\/05\/coordinador-de-investigacion-de-kinesiologia-participa-en-v-congreso-internacional-de-actividad-fisica-y-salud-publica\/#article","isPartOf":{"@id":"https:\/\/medicina.udd.cl\/kinesiologia-santiago\/noticias\/2014\/05\/05\/coordinador-de-investigacion-de-kinesiologia-participa-en-v-congreso-internacional-de-actividad-fisica-y-salud-publica\/"},"author":{"name":"","@id":""},"headline":"Coordinador de Investigaci\u00f3n de Kinesiolog\u00eda participa en V Congreso Internacional de Actividad F\u00edsica y Salud P\u00fablica","datePublished":"2014-05-05T14:09:53+00:00","mainEntityOfPage":{"@id":"https:\/\/medicina.udd.cl\/kinesiologia-santiago\/noticias\/2014\/05\/05\/coordinador-de-investigacion-de-kinesiologia-participa-en-v-congreso-internacional-de-actividad-fisica-y-salud-publica\/"},"wordCount":341,"commentCount":0,"image":{"@id":"https:\/\/medicina.udd.cl\/kinesiologia-santiago\/noticias\/2014\/05\/05\/coordinador-de-investigacion-de-kinesiologia-participa-en-v-congreso-internacional-de-actividad-fisica-y-salud-publica\/#primaryimage"},"thumbnailUrl":"https:\/\/medicina.udd.cl\/kinesiologia-santiago\/files\/2014\/05\/Poster-Actividad-F\u00edsica-y-Sedentarismo-en-mujeres-durante-el-primer-trimestre-del-embarazo-ICPAPH-2014.jpg","articleSection":["Noticias"],"inLanguage":"es","potentialAction":[{"@type":"CommentAction","name":"Comment","target":["https:\/\/medicina.udd.cl\/kinesiologia-santiago\/noticias\/2014\/05\/05\/coordinador-de-investigacion-de-kinesiologia-participa-en-v-congreso-internacional-de-actividad-fisica-y-salud-publica\/#respond"]}]},{"@type":"WebPage","@id":"https:\/\/medicina.udd.cl\/kinesiologia-santiago\/noticias\/2014\/05\/05\/coordinador-de-investigacion-de-kinesiologia-participa-en-v-congreso-internacional-de-actividad-fisica-y-salud-publica\/","url":"https:\/\/medicina.udd.cl\/kinesiologia-santiago\/noticias\/2014\/05\/05\/coordinador-de-investigacion-de-kinesiologia-participa-en-v-congreso-internacional-de-actividad-fisica-y-salud-publica\/","name":"Investigador de Kinesiolog\u00eda participa en Congreso Internacional - UDD","isPartOf":{"@id":"https:\/\/medicina.udd.cl\/kinesiologia-santiago\/#website"},"primaryImageOfPage":{"@id":"https:\/\/medicina.udd.cl\/kinesiologia-santiago\/noticias\/2014\/05\/05\/coordinador-de-investigacion-de-kinesiologia-participa-en-v-congreso-internacional-de-actividad-fisica-y-salud-publica\/#primaryimage"},"image":{"@id":"https:\/\/medicina.udd.cl\/kinesiologia-santiago\/noticias\/2014\/05\/05\/coordinador-de-investigacion-de-kinesiologia-participa-en-v-congreso-internacional-de-actividad-fisica-y-salud-publica\/#primaryimage"},"thumbnailUrl":"https:\/\/medicina.udd.cl\/kinesiologia-santiago\/files\/2014\/05\/Poster-Actividad-F\u00edsica-y-Sedentarismo-en-mujeres-durante-el-primer-trimestre-del-embarazo-ICPAPH-2014.jpg","datePublished":"2014-05-05T14:09:53+00:00","author":{"@id":""},"description":"Jaime Leppe present\u00f3 en V Congreso de Actividad F\u00edsica y Salud P\u00fablica y fue nombrado miembro de la Sociedad Internacional de Actividad F\u00efsica y Salud.","breadcrumb":{"@id":"https:\/\/medicina.udd.cl\/kinesiologia-santiago\/noticias\/2014\/05\/05\/coordinador-de-investigacion-de-kinesiologia-participa-en-v-congreso-internacional-de-actividad-fisica-y-salud-publica\/#breadcrumb"},"inLanguage":"es","potentialAction":[{"@type":"ReadAction","target":["https:\/\/medicina.udd.cl\/kinesiologia-santiago\/noticias\/2014\/05\/05\/coordinador-de-investigacion-de-kinesiologia-participa-en-v-congreso-internacional-de-actividad-fisica-y-salud-publica\/"]}]},{"@type":"ImageObject","inLanguage":"es","@id":"https:\/\/medicina.udd.cl\/kinesiologia-santiago\/noticias\/2014\/05\/05\/coordinador-de-investigacion-de-kinesiologia-participa-en-v-congreso-internacional-de-actividad-fisica-y-salud-publica\/#primaryimage","url":"https:\/\/medicina.udd.cl\/kinesiologia-santiago\/files\/2014\/05\/Poster-Actividad-F\u00edsica-y-Sedentarismo-en-mujeres-durante-el-primer-trimestre-del-embarazo-ICPAPH-2014.jpg","contentUrl":"https:\/\/medicina.udd.cl\/kinesiologia-santiago\/files\/2014\/05\/Poster-Actividad-F\u00edsica-y-Sedentarismo-en-mujeres-durante-el-primer-trimestre-del-embarazo-ICPAPH-2014.jpg","width":3264,"height":3148},{"@type":"BreadcrumbList","@id":"https:\/\/medicina.udd.cl\/kinesiologia-santiago\/noticias\/2014\/05\/05\/coordinador-de-investigacion-de-kinesiologia-participa-en-v-congreso-internacional-de-actividad-fisica-y-salud-publica\/#breadcrumb","itemListElement":[{"@type":"ListItem","position":1,"name":"Home","item":"https:\/\/medicina.udd.cl\/kinesiologia-santiago\/"},{"@type":"ListItem","position":2,"name":"Coordinador de Investigaci\u00f3n de Kinesiolog\u00eda participa en V Congreso Internacional de Actividad F\u00edsica y Salud P\u00fablica"}]},{"@type":"WebSite","@id":"https:\/\/medicina.udd.cl\/kinesiologia-santiago\/#website","url":"https:\/\/medicina.udd.cl\/kinesiologia-santiago\/","name":"Kinesiolog\u00eda","description":"Facultad de Medicina Cl\u00ednica Alemana Universidad del Desarrollo","inLanguage":"es"},{"@type":"Person","@id":"","url":"https:\/\/medicina.udd.cl\/kinesiologia-santiago\/noticias\/author\/"}]}},"featured_image_url":"https:\/\/medicina.udd.cl\/kinesiologia-santiago\/files\/2014\/05\/Poster-Actividad-F\u00edsica-y-Sedentarismo-en-mujeres-durante-el-primer-trimestre-del-embarazo-ICPAPH-2014.jpg","_links":{"self":[{"href":"https:\/\/medicina.udd.cl\/kinesiologia-santiago\/wp-json\/wp\/v2\/posts\/1728","targetHints":{"allow":["GET"]}}],"collection":[{"href":"https:\/\/medicina.udd.cl\/kinesiologia-santiago\/wp-json\/wp\/v2\/posts"}],"about":[{"href":"https:\/\/medicina.udd.cl\/kinesiologia-santiago\/wp-json\/wp\/v2\/types\/post"}],"author":[{"embeddable":true,"href":"https:\/\/medicina.udd.cl\/kinesiologia-santiago\/wp-json\/wp\/v2\/users\/40"}],"replies":[{"embeddable":true,"href":"https:\/\/medicina.udd.cl\/kinesiologia-santiago\/wp-json\/wp\/v2\/comments?post=1728"}],"version-history":[{"count":2,"href":"https:\/\/medicina.udd.cl\/kinesiologia-santiago\/wp-json\/wp\/v2\/posts\/1728\/revisions"}],"predecessor-version":[{"id":1733,"href":"https:\/\/medicina.udd.cl\/kinesiologia-santiago\/wp-json\/wp\/v2\/posts\/1728\/revisions\/1733"}],"wp:featuredmedia":[{"embeddable":true,"href":"https:\/\/medicina.udd.cl\/kinesiologia-santiago\/wp-json\/wp\/v2\/media\/1731"}],"wp:attachment":[{"href":"https:\/\/medicina.udd.cl\/kinesiologia-santiago\/wp-json\/wp\/v2\/media?parent=1728"}],"wp:term":[{"taxonomy":"category","embeddable":true,"href":"https:\/\/medicina.udd.cl\/kinesiologia-santiago\/wp-json\/wp\/v2\/categories?post=1728"},{"taxonomy":"post_tag","embeddable":true,"href":"https:\/\/medicina.udd.cl\/kinesiologia-santiago\/wp-json\/wp\/v2\/tags?post=1728"}],"curies":[{"name":"wp","href":"https:\/\/api.w.org\/{rel}","templated":true}]}}