{"id":178,"date":"2010-09-10T15:05:26","date_gmt":"2010-09-10T19:05:26","guid":{"rendered":"http:\/\/medicina.udd.cl\/kinesiologia-santiago\/2010\/09\/10\/taller-imagenologia-de-torax-adulto-en-atencion-primaria\/"},"modified":"2010-11-03T14:08:46","modified_gmt":"2010-11-03T17:08:46","slug":"taller-imagenologia-de-torax-adulto-en-atencion-primaria","status":"publish","type":"post","link":"https:\/\/medicina.udd.cl\/kinesiologia-santiago\/noticias\/2010\/09\/10\/taller-imagenologia-de-torax-adulto-en-atencion-primaria\/","title":{"rendered":"Taller: Imagenolog\u00eda de T\u00f3rax Adulto en atenci\u00f3n primaria"},"content":{"rendered":"<p style=\"text-align: justify\"><a href=\"http:\/\/medicina.udd.cl\/kinesiologia-santiago\/files\/2010\/09\/t\u00f3rax.jpg\"><img loading=\"lazy\" decoding=\"async\" class=\"alignleft size-medium wp-image-177\" title=\"t\u00f3rax\" src=\"http:\/\/medicina.udd.cl\/kinesiologia-santiago\/files\/2010\/09\/t\u00f3rax-300x223.jpg\" alt=\"\" width=\"300\" height=\"223\" \/><\/a><a href=\"http:\/\/medicina.udd.cl\/kinesiologia-santiago\/files\/2010\/09\/Cursos-octubre-2010.pdf\">Descargar programa<\/a><\/p>\n<p style=\"text-align: justify\">El departamento de Postgrado de la\u00a0carrera de Kinesiolog\u00eda de la Facultad de Medicina Cl\u00ednica Alemana Universidad\u00a0del Desarrollo realizar\u00e1 este curso te\u00f3rico-pr\u00e1ctico, en formato de taller, que entregar\u00e1 distintas herramientas a los profesionales que se desempe\u00f1an en el \u00e1rea respiratoria para <strong>interpretar de manera adecuada la imagenolog\u00eda de t\u00f3rax<\/strong>.<\/p>\n<p style=\"text-align: justify\">En la actualidad, la alta incidencia de patolog\u00eda respiratoria, que se enfrenta en el contexto de la atenci\u00f3n primaria en nuestro pa\u00eds, justifica esta especializaci\u00f3n \u00a0para que sea utilizada en la toma de decisiones cl\u00ednicas, en el enfrentamiento del paciente, su tratamiento y como herramienta de seguimiento en el caso de pacientes cr\u00f3nicos.<\/p>\n<p style=\"text-align: justify\">Desde el \u00a0punto de vista radiol\u00f3gico, el desaf\u00edo para dar una correcta interpretaci\u00f3n a una radiograf\u00eda de t\u00f3rax, depende grado de \u00a0conocimiento de la anatom\u00eda de la regi\u00f3n de t\u00f3rax y por otra parte,\u00a0 de considerar que una radiograf\u00eda es una manifestaci\u00f3n plana de una estructura tridimensional, en la que va a ser normal la sobreproyecci\u00f3n de estructuras y ocultamiento de algunas de ellas.<\/p>\n<p style=\"text-align: justify\">De esta forma, <strong>kinesi\u00f3logos, terapeutas ocupacionales, fonoaudi\u00f3logos, profesores de educaci\u00f3n f\u00edsica, educadoras de p\u00e1rvulos, psic\u00f3logos, psicopedagogas y los\u00a0estudiantes \u00faltimo a\u00f1o de de las carreras mencionadas anteriormente <\/strong>est\u00e1n invitados a participar de este taller.<\/p>\n<p style=\"text-align: justify\">\u00a0<strong>Consultas:<br \/>\n<\/strong>Sra. Liliana Armijo<br \/>\nFono: 3279648<br \/>\n<a href=\"mailto:larmijo@udd.cl\">larmijo@udd.cl<\/a><\/p>\n","protected":false},"excerpt":{"rendered":"<p>El taller comenzar\u00e1 el s\u00e1bado 16 de octubre en la Cl\u00ednica UDD. <\/p>\n","protected":false},"author":1,"featured_media":0,"comment_status":"open","ping_status":"open","sticky":false,"template":"","format":"standard","meta":{"footnotes":""},"categories":[4,1],"tags":[],"class_list":["post-178","post","type-post","status-publish","format-standard","hentry","category-noticias","category-sin-categoria"],"yoast_head":"<!-- This site is optimized with the Yoast SEO plugin v26.9 - https:\/\/yoast.com\/product\/yoast-seo-wordpress\/ -->\n<title>Taller: Imagenolog\u00eda de T\u00f3rax Adulto en atenci\u00f3n primaria - Kinesiolog\u00eda<\/title>\n<meta name=\"robots\" content=\"index, follow, max-snippet:-1, max-image-preview:large, max-video-preview:-1\" \/>\n<link rel=\"canonical\" href=\"https:\/\/medicina.udd.cl\/kinesiologia-santiago\/noticias\/2010\/09\/10\/taller-imagenologia-de-torax-adulto-en-atencion-primaria\/\" \/>\n<meta property=\"og:locale\" content=\"es_ES\" \/>\n<meta property=\"og:type\" content=\"article\" \/>\n<meta property=\"og:title\" content=\"Taller: Imagenolog\u00eda de T\u00f3rax Adulto en atenci\u00f3n primaria - Kinesiolog\u00eda\" \/>\n<meta property=\"og:description\" content=\"El taller comenzar\u00e1 el s\u00e1bado 16 de octubre en la Cl\u00ednica UDD.\" \/>\n<meta property=\"og:url\" content=\"https:\/\/medicina.udd.cl\/kinesiologia-santiago\/noticias\/2010\/09\/10\/taller-imagenologia-de-torax-adulto-en-atencion-primaria\/\" \/>\n<meta property=\"og:site_name\" content=\"Kinesiolog\u00eda\" \/>\n<meta property=\"article:published_time\" content=\"2010-09-10T19:05:26+00:00\" \/>\n<meta property=\"article:modified_time\" content=\"2010-11-03T17:08:46+00:00\" \/>\n<meta name=\"author\" content=\"admin\" \/>\n<meta name=\"twitter:label1\" content=\"Escrito por\" \/>\n\t<meta name=\"twitter:data1\" content=\"admin\" \/>\n\t<meta name=\"twitter:label2\" content=\"Tiempo de lectura\" \/>\n\t<meta name=\"twitter:data2\" content=\"1 minuto\" \/>\n<script type=\"application\/ld+json\" class=\"yoast-schema-graph\">{\"@context\":\"https:\/\/schema.org\",\"@graph\":[{\"@type\":\"Article\",\"@id\":\"https:\/\/medicina.udd.cl\/kinesiologia-santiago\/noticias\/2010\/09\/10\/taller-imagenologia-de-torax-adulto-en-atencion-primaria\/#article\",\"isPartOf\":{\"@id\":\"https:\/\/medicina.udd.cl\/kinesiologia-santiago\/noticias\/2010\/09\/10\/taller-imagenologia-de-torax-adulto-en-atencion-primaria\/\"},\"author\":{\"name\":\"admin\",\"@id\":\"https:\/\/medicina.udd.cl\/kinesiologia-santiago\/#\/schema\/person\/f7abfa784c86da427e89287831f96ab7\"},\"headline\":\"Taller: Imagenolog\u00eda de T\u00f3rax Adulto en atenci\u00f3n primaria\",\"datePublished\":\"2010-09-10T19:05:26+00:00\",\"dateModified\":\"2010-11-03T17:08:46+00:00\",\"mainEntityOfPage\":{\"@id\":\"https:\/\/medicina.udd.cl\/kinesiologia-santiago\/noticias\/2010\/09\/10\/taller-imagenologia-de-torax-adulto-en-atencion-primaria\/\"},\"wordCount\":254,\"commentCount\":0,\"articleSection\":[\"Noticias\"],\"inLanguage\":\"es\",\"potentialAction\":[{\"@type\":\"CommentAction\",\"name\":\"Comment\",\"target\":[\"https:\/\/medicina.udd.cl\/kinesiologia-santiago\/noticias\/2010\/09\/10\/taller-imagenologia-de-torax-adulto-en-atencion-primaria\/#respond\"]}]},{\"@type\":\"WebPage\",\"@id\":\"https:\/\/medicina.udd.cl\/kinesiologia-santiago\/noticias\/2010\/09\/10\/taller-imagenologia-de-torax-adulto-en-atencion-primaria\/\",\"url\":\"https:\/\/medicina.udd.cl\/kinesiologia-santiago\/noticias\/2010\/09\/10\/taller-imagenologia-de-torax-adulto-en-atencion-primaria\/\",\"name\":\"Taller: Imagenolog\u00eda de T\u00f3rax Adulto en atenci\u00f3n primaria - Kinesiolog\u00eda\",\"isPartOf\":{\"@id\":\"https:\/\/medicina.udd.cl\/kinesiologia-santiago\/#website\"},\"datePublished\":\"2010-09-10T19:05:26+00:00\",\"dateModified\":\"2010-11-03T17:08:46+00:00\",\"author\":{\"@id\":\"https:\/\/medicina.udd.cl\/kinesiologia-santiago\/#\/schema\/person\/f7abfa784c86da427e89287831f96ab7\"},\"breadcrumb\":{\"@id\":\"https:\/\/medicina.udd.cl\/kinesiologia-santiago\/noticias\/2010\/09\/10\/taller-imagenologia-de-torax-adulto-en-atencion-primaria\/#breadcrumb\"},\"inLanguage\":\"es\",\"potentialAction\":[{\"@type\":\"ReadAction\",\"target\":[\"https:\/\/medicina.udd.cl\/kinesiologia-santiago\/noticias\/2010\/09\/10\/taller-imagenologia-de-torax-adulto-en-atencion-primaria\/\"]}]},{\"@type\":\"BreadcrumbList\",\"@id\":\"https:\/\/medicina.udd.cl\/kinesiologia-santiago\/noticias\/2010\/09\/10\/taller-imagenologia-de-torax-adulto-en-atencion-primaria\/#breadcrumb\",\"itemListElement\":[{\"@type\":\"ListItem\",\"position\":1,\"name\":\"Home\",\"item\":\"https:\/\/medicina.udd.cl\/kinesiologia-santiago\/\"},{\"@type\":\"ListItem\",\"position\":2,\"name\":\"Taller: Imagenolog\u00eda de T\u00f3rax Adulto en atenci\u00f3n primaria\"}]},{\"@type\":\"WebSite\",\"@id\":\"https:\/\/medicina.udd.cl\/kinesiologia-santiago\/#website\",\"url\":\"https:\/\/medicina.udd.cl\/kinesiologia-santiago\/\",\"name\":\"Kinesiolog\u00eda\",\"description\":\"Facultad de Medicina Cl\u00ednica Alemana Universidad del Desarrollo\",\"inLanguage\":\"es\"},{\"@type\":\"Person\",\"@id\":\"https:\/\/medicina.udd.cl\/kinesiologia-santiago\/#\/schema\/person\/f7abfa784c86da427e89287831f96ab7\",\"name\":\"admin\",\"image\":{\"@type\":\"ImageObject\",\"inLanguage\":\"es\",\"@id\":\"https:\/\/medicina.udd.cl\/kinesiologia-santiago\/#\/schema\/person\/image\/\",\"url\":\"https:\/\/secure.gravatar.com\/avatar\/3cb6da298954dfb54457c0910b8c9ca010abd8d87a60f7d701b6ce4254e1c642?s=96&d=mm&r=g\",\"contentUrl\":\"https:\/\/secure.gravatar.com\/avatar\/3cb6da298954dfb54457c0910b8c9ca010abd8d87a60f7d701b6ce4254e1c642?s=96&d=mm&r=g\",\"caption\":\"admin\"},\"url\":\"https:\/\/medicina.udd.cl\/kinesiologia-santiago\/noticias\/author\/admin\/\"}]}<\/script>\n<!-- \/ Yoast SEO plugin. -->","yoast_head_json":{"title":"Taller: Imagenolog\u00eda de T\u00f3rax Adulto en atenci\u00f3n primaria - Kinesiolog\u00eda","robots":{"index":"index","follow":"follow","max-snippet":"max-snippet:-1","max-image-preview":"max-image-preview:large","max-video-preview":"max-video-preview:-1"},"canonical":"https:\/\/medicina.udd.cl\/kinesiologia-santiago\/noticias\/2010\/09\/10\/taller-imagenologia-de-torax-adulto-en-atencion-primaria\/","og_locale":"es_ES","og_type":"article","og_title":"Taller: Imagenolog\u00eda de T\u00f3rax Adulto en atenci\u00f3n primaria - Kinesiolog\u00eda","og_description":"El taller comenzar\u00e1 el s\u00e1bado 16 de octubre en la Cl\u00ednica UDD.","og_url":"https:\/\/medicina.udd.cl\/kinesiologia-santiago\/noticias\/2010\/09\/10\/taller-imagenologia-de-torax-adulto-en-atencion-primaria\/","og_site_name":"Kinesiolog\u00eda","article_published_time":"2010-09-10T19:05:26+00:00","article_modified_time":"2010-11-03T17:08:46+00:00","author":"admin","twitter_misc":{"Escrito por":"admin","Tiempo de lectura":"1 minuto"},"schema":{"@context":"https:\/\/schema.org","@graph":[{"@type":"Article","@id":"https:\/\/medicina.udd.cl\/kinesiologia-santiago\/noticias\/2010\/09\/10\/taller-imagenologia-de-torax-adulto-en-atencion-primaria\/#article","isPartOf":{"@id":"https:\/\/medicina.udd.cl\/kinesiologia-santiago\/noticias\/2010\/09\/10\/taller-imagenologia-de-torax-adulto-en-atencion-primaria\/"},"author":{"name":"admin","@id":"https:\/\/medicina.udd.cl\/kinesiologia-santiago\/#\/schema\/person\/f7abfa784c86da427e89287831f96ab7"},"headline":"Taller: Imagenolog\u00eda de T\u00f3rax Adulto en atenci\u00f3n primaria","datePublished":"2010-09-10T19:05:26+00:00","dateModified":"2010-11-03T17:08:46+00:00","mainEntityOfPage":{"@id":"https:\/\/medicina.udd.cl\/kinesiologia-santiago\/noticias\/2010\/09\/10\/taller-imagenologia-de-torax-adulto-en-atencion-primaria\/"},"wordCount":254,"commentCount":0,"articleSection":["Noticias"],"inLanguage":"es","potentialAction":[{"@type":"CommentAction","name":"Comment","target":["https:\/\/medicina.udd.cl\/kinesiologia-santiago\/noticias\/2010\/09\/10\/taller-imagenologia-de-torax-adulto-en-atencion-primaria\/#respond"]}]},{"@type":"WebPage","@id":"https:\/\/medicina.udd.cl\/kinesiologia-santiago\/noticias\/2010\/09\/10\/taller-imagenologia-de-torax-adulto-en-atencion-primaria\/","url":"https:\/\/medicina.udd.cl\/kinesiologia-santiago\/noticias\/2010\/09\/10\/taller-imagenologia-de-torax-adulto-en-atencion-primaria\/","name":"Taller: Imagenolog\u00eda de T\u00f3rax Adulto en atenci\u00f3n primaria - Kinesiolog\u00eda","isPartOf":{"@id":"https:\/\/medicina.udd.cl\/kinesiologia-santiago\/#website"},"datePublished":"2010-09-10T19:05:26+00:00","dateModified":"2010-11-03T17:08:46+00:00","author":{"@id":"https:\/\/medicina.udd.cl\/kinesiologia-santiago\/#\/schema\/person\/f7abfa784c86da427e89287831f96ab7"},"breadcrumb":{"@id":"https:\/\/medicina.udd.cl\/kinesiologia-santiago\/noticias\/2010\/09\/10\/taller-imagenologia-de-torax-adulto-en-atencion-primaria\/#breadcrumb"},"inLanguage":"es","potentialAction":[{"@type":"ReadAction","target":["https:\/\/medicina.udd.cl\/kinesiologia-santiago\/noticias\/2010\/09\/10\/taller-imagenologia-de-torax-adulto-en-atencion-primaria\/"]}]},{"@type":"BreadcrumbList","@id":"https:\/\/medicina.udd.cl\/kinesiologia-santiago\/noticias\/2010\/09\/10\/taller-imagenologia-de-torax-adulto-en-atencion-primaria\/#breadcrumb","itemListElement":[{"@type":"ListItem","position":1,"name":"Home","item":"https:\/\/medicina.udd.cl\/kinesiologia-santiago\/"},{"@type":"ListItem","position":2,"name":"Taller: Imagenolog\u00eda de T\u00f3rax Adulto en atenci\u00f3n primaria"}]},{"@type":"WebSite","@id":"https:\/\/medicina.udd.cl\/kinesiologia-santiago\/#website","url":"https:\/\/medicina.udd.cl\/kinesiologia-santiago\/","name":"Kinesiolog\u00eda","description":"Facultad de Medicina Cl\u00ednica Alemana Universidad del Desarrollo","inLanguage":"es"},{"@type":"Person","@id":"https:\/\/medicina.udd.cl\/kinesiologia-santiago\/#\/schema\/person\/f7abfa784c86da427e89287831f96ab7","name":"admin","image":{"@type":"ImageObject","inLanguage":"es","@id":"https:\/\/medicina.udd.cl\/kinesiologia-santiago\/#\/schema\/person\/image\/","url":"https:\/\/secure.gravatar.com\/avatar\/3cb6da298954dfb54457c0910b8c9ca010abd8d87a60f7d701b6ce4254e1c642?s=96&d=mm&r=g","contentUrl":"https:\/\/secure.gravatar.com\/avatar\/3cb6da298954dfb54457c0910b8c9ca010abd8d87a60f7d701b6ce4254e1c642?s=96&d=mm&r=g","caption":"admin"},"url":"https:\/\/medicina.udd.cl\/kinesiologia-santiago\/noticias\/author\/admin\/"}]}},"featured_image_url":null,"_links":{"self":[{"href":"https:\/\/medicina.udd.cl\/kinesiologia-santiago\/wp-json\/wp\/v2\/posts\/178","targetHints":{"allow":["GET"]}}],"collection":[{"href":"https:\/\/medicina.udd.cl\/kinesiologia-santiago\/wp-json\/wp\/v2\/posts"}],"about":[{"href":"https:\/\/medicina.udd.cl\/kinesiologia-santiago\/wp-json\/wp\/v2\/types\/post"}],"author":[{"embeddable":true,"href":"https:\/\/medicina.udd.cl\/kinesiologia-santiago\/wp-json\/wp\/v2\/users\/1"}],"replies":[{"embeddable":true,"href":"https:\/\/medicina.udd.cl\/kinesiologia-santiago\/wp-json\/wp\/v2\/comments?post=178"}],"version-history":[{"count":10,"href":"https:\/\/medicina.udd.cl\/kinesiologia-santiago\/wp-json\/wp\/v2\/posts\/178\/revisions"}],"predecessor-version":[{"id":229,"href":"https:\/\/medicina.udd.cl\/kinesiologia-santiago\/wp-json\/wp\/v2\/posts\/178\/revisions\/229"}],"wp:attachment":[{"href":"https:\/\/medicina.udd.cl\/kinesiologia-santiago\/wp-json\/wp\/v2\/media?parent=178"}],"wp:term":[{"taxonomy":"category","embeddable":true,"href":"https:\/\/medicina.udd.cl\/kinesiologia-santiago\/wp-json\/wp\/v2\/categories?post=178"},{"taxonomy":"post_tag","embeddable":true,"href":"https:\/\/medicina.udd.cl\/kinesiologia-santiago\/wp-json\/wp\/v2\/tags?post=178"}],"curies":[{"name":"wp","href":"https:\/\/api.w.org\/{rel}","templated":true}]}}