{"id":1998,"date":"2015-01-20T10:47:13","date_gmt":"2015-01-20T13:47:13","guid":{"rendered":"http:\/\/medicina.udd.cl\/kinesiologia-santiago\/?p=1998"},"modified":"2015-01-20T10:47:13","modified_gmt":"2015-01-20T13:47:13","slug":"docente-udd-participa-en-mesa-de-expertos-de-ministerios-de-deporte-salud-y-educacion","status":"publish","type":"post","link":"https:\/\/medicina.udd.cl\/kinesiologia-santiago\/noticias\/2015\/01\/20\/docente-udd-participa-en-mesa-de-expertos-de-ministerios-de-deporte-salud-y-educacion\/","title":{"rendered":"Docente UDD participa en mesa de expertos de ministerios de Deporte, Salud y Educaci\u00f3n"},"content":{"rendered":"<figure id=\"attachment_1999\" aria-describedby=\"caption-attachment-1999\" style=\"width: 300px\" class=\"wp-caption aligncenter\"><a href=\"http:\/\/medicina.udd.cl\/kinesiologia-santiago\/files\/2015\/01\/mesaexpertos.jpg\"><img loading=\"lazy\" decoding=\"async\" class=\"size-medium wp-image-1999\" alt=\"mesaexpertos\" src=\"http:\/\/medicina.udd.cl\/kinesiologia-santiago\/files\/2015\/01\/mesaexpertos-300x207.jpg\" width=\"300\" height=\"207\" srcset=\"https:\/\/medicina.udd.cl\/kinesiologia-santiago\/files\/2015\/01\/mesaexpertos-300x207.jpg 300w, https:\/\/medicina.udd.cl\/kinesiologia-santiago\/files\/2015\/01\/mesaexpertos.jpg 440w\" sizes=\"auto, (max-width: 300px) 100vw, 300px\" \/><\/a><figcaption id=\"caption-attachment-1999\" class=\"wp-caption-text\">Foto del Ministerio del Deporte<\/figcaption><\/figure>\n<p>El\u00a0<strong><a href=\"http:\/\/medicina.udd.cl\/kinesiologia-santiago\/persona\/jaime-leppe-zamora\/\">coordinador de Investigaci\u00f3n de Kinesiolog\u00eda CAS-UDD, Jaime Leppe<\/a><\/strong>, fue invitado a participar en la Mesa de Expertos \u201cRecomendaciones de Actividad F\u00edsica para la Poblaci\u00f3n Chilena\u201d de los ministerios de Deporte, Salud y Educaci\u00f3n.<\/p>\n<p>Este trabajo est\u00e1 conformado por autoridades de Gobierno, profesionales de distintas disciplinas y acad\u00e9micos y busca incidir en la toma de decisiones sobre el dise\u00f1o e implementaci\u00f3n de las pol\u00edticas p\u00fablicas que propicien y favorezcan entornos y estilos de vida saludable.<\/p>\n<p>La Mesa de Expertos\u00a0<a href=\"http:\/\/www.ind.cl\/sala-de-prensa\/enero2015\/Paginas\/ministerios-mesa-expertos.aspx\">se reuni\u00f3 la semana pasada en el Hotel Crowne Plaza de Santiago<\/a>, en donde los tres ministerios firmaron un convenio para sellar el trabajo intersectorial.<\/p>\n","protected":false},"excerpt":{"rendered":"<p>\u201cRecomendaciones de Actividad F\u00edsica para la Poblaci\u00f3n Chilena\u201d es el nombre del trabajo intersectorial de las autoridades y acad\u00e9micos.<\/p>\n","protected":false},"author":40,"featured_media":1999,"comment_status":"open","ping_status":"open","sticky":false,"template":"","format":"standard","meta":{"footnotes":""},"categories":[4],"tags":[],"class_list":["post-1998","post","type-post","status-publish","format-standard","has-post-thumbnail","hentry","category-noticias"],"yoast_head":"<!-- This site is optimized with the Yoast SEO plugin v26.9 - https:\/\/yoast.com\/product\/yoast-seo-wordpress\/ -->\n<title>Docente UDD participa en mesa de expertos de ministerios de Deporte, Salud y Educaci\u00f3n - Kinesiolog\u00eda<\/title>\n<meta name=\"robots\" content=\"index, follow, max-snippet:-1, max-image-preview:large, max-video-preview:-1\" \/>\n<link rel=\"canonical\" href=\"https:\/\/medicina.udd.cl\/kinesiologia-santiago\/noticias\/2015\/01\/20\/docente-udd-participa-en-mesa-de-expertos-de-ministerios-de-deporte-salud-y-educacion\/\" \/>\n<meta property=\"og:locale\" content=\"es_ES\" \/>\n<meta property=\"og:type\" content=\"article\" \/>\n<meta property=\"og:title\" content=\"Docente UDD participa en mesa de expertos de ministerios de Deporte, Salud y Educaci\u00f3n - Kinesiolog\u00eda\" \/>\n<meta property=\"og:description\" content=\"\u201cRecomendaciones de Actividad F\u00edsica para la Poblaci\u00f3n Chilena\u201d es el nombre del trabajo intersectorial de las autoridades y acad\u00e9micos.\" \/>\n<meta property=\"og:url\" content=\"https:\/\/medicina.udd.cl\/kinesiologia-santiago\/noticias\/2015\/01\/20\/docente-udd-participa-en-mesa-de-expertos-de-ministerios-de-deporte-salud-y-educacion\/\" \/>\n<meta property=\"og:site_name\" content=\"Kinesiolog\u00eda\" \/>\n<meta property=\"article:published_time\" content=\"2015-01-20T13:47:13+00:00\" \/>\n<meta property=\"og:image\" content=\"https:\/\/medicina.udd.cl\/kinesiologia-santiago\/files\/2015\/01\/mesaexpertos.jpg\" \/>\n\t<meta property=\"og:image:width\" content=\"440\" \/>\n\t<meta property=\"og:image:height\" content=\"304\" \/>\n\t<meta property=\"og:image:type\" content=\"image\/jpeg\" \/>\n<meta name=\"twitter:label1\" content=\"Escrito por\" \/>\n\t<meta name=\"twitter:data1\" content=\"\" \/>\n\t<meta name=\"twitter:label2\" content=\"Tiempo de lectura\" \/>\n\t<meta name=\"twitter:data2\" content=\"1 minuto\" \/>\n<script type=\"application\/ld+json\" class=\"yoast-schema-graph\">{\"@context\":\"https:\/\/schema.org\",\"@graph\":[{\"@type\":\"Article\",\"@id\":\"https:\/\/medicina.udd.cl\/kinesiologia-santiago\/noticias\/2015\/01\/20\/docente-udd-participa-en-mesa-de-expertos-de-ministerios-de-deporte-salud-y-educacion\/#article\",\"isPartOf\":{\"@id\":\"https:\/\/medicina.udd.cl\/kinesiologia-santiago\/noticias\/2015\/01\/20\/docente-udd-participa-en-mesa-de-expertos-de-ministerios-de-deporte-salud-y-educacion\/\"},\"author\":{\"name\":\"\",\"@id\":\"\"},\"headline\":\"Docente UDD participa en mesa de expertos de ministerios de Deporte, Salud y Educaci\u00f3n\",\"datePublished\":\"2015-01-20T13:47:13+00:00\",\"mainEntityOfPage\":{\"@id\":\"https:\/\/medicina.udd.cl\/kinesiologia-santiago\/noticias\/2015\/01\/20\/docente-udd-participa-en-mesa-de-expertos-de-ministerios-de-deporte-salud-y-educacion\/\"},\"wordCount\":141,\"commentCount\":0,\"image\":{\"@id\":\"https:\/\/medicina.udd.cl\/kinesiologia-santiago\/noticias\/2015\/01\/20\/docente-udd-participa-en-mesa-de-expertos-de-ministerios-de-deporte-salud-y-educacion\/#primaryimage\"},\"thumbnailUrl\":\"https:\/\/medicina.udd.cl\/kinesiologia-santiago\/files\/2015\/01\/mesaexpertos.jpg\",\"articleSection\":[\"Noticias\"],\"inLanguage\":\"es\",\"potentialAction\":[{\"@type\":\"CommentAction\",\"name\":\"Comment\",\"target\":[\"https:\/\/medicina.udd.cl\/kinesiologia-santiago\/noticias\/2015\/01\/20\/docente-udd-participa-en-mesa-de-expertos-de-ministerios-de-deporte-salud-y-educacion\/#respond\"]}]},{\"@type\":\"WebPage\",\"@id\":\"https:\/\/medicina.udd.cl\/kinesiologia-santiago\/noticias\/2015\/01\/20\/docente-udd-participa-en-mesa-de-expertos-de-ministerios-de-deporte-salud-y-educacion\/\",\"url\":\"https:\/\/medicina.udd.cl\/kinesiologia-santiago\/noticias\/2015\/01\/20\/docente-udd-participa-en-mesa-de-expertos-de-ministerios-de-deporte-salud-y-educacion\/\",\"name\":\"Docente UDD participa en mesa de expertos de ministerios de Deporte, Salud y Educaci\u00f3n - Kinesiolog\u00eda\",\"isPartOf\":{\"@id\":\"https:\/\/medicina.udd.cl\/kinesiologia-santiago\/#website\"},\"primaryImageOfPage\":{\"@id\":\"https:\/\/medicina.udd.cl\/kinesiologia-santiago\/noticias\/2015\/01\/20\/docente-udd-participa-en-mesa-de-expertos-de-ministerios-de-deporte-salud-y-educacion\/#primaryimage\"},\"image\":{\"@id\":\"https:\/\/medicina.udd.cl\/kinesiologia-santiago\/noticias\/2015\/01\/20\/docente-udd-participa-en-mesa-de-expertos-de-ministerios-de-deporte-salud-y-educacion\/#primaryimage\"},\"thumbnailUrl\":\"https:\/\/medicina.udd.cl\/kinesiologia-santiago\/files\/2015\/01\/mesaexpertos.jpg\",\"datePublished\":\"2015-01-20T13:47:13+00:00\",\"author\":{\"@id\":\"\"},\"breadcrumb\":{\"@id\":\"https:\/\/medicina.udd.cl\/kinesiologia-santiago\/noticias\/2015\/01\/20\/docente-udd-participa-en-mesa-de-expertos-de-ministerios-de-deporte-salud-y-educacion\/#breadcrumb\"},\"inLanguage\":\"es\",\"potentialAction\":[{\"@type\":\"ReadAction\",\"target\":[\"https:\/\/medicina.udd.cl\/kinesiologia-santiago\/noticias\/2015\/01\/20\/docente-udd-participa-en-mesa-de-expertos-de-ministerios-de-deporte-salud-y-educacion\/\"]}]},{\"@type\":\"ImageObject\",\"inLanguage\":\"es\",\"@id\":\"https:\/\/medicina.udd.cl\/kinesiologia-santiago\/noticias\/2015\/01\/20\/docente-udd-participa-en-mesa-de-expertos-de-ministerios-de-deporte-salud-y-educacion\/#primaryimage\",\"url\":\"https:\/\/medicina.udd.cl\/kinesiologia-santiago\/files\/2015\/01\/mesaexpertos.jpg\",\"contentUrl\":\"https:\/\/medicina.udd.cl\/kinesiologia-santiago\/files\/2015\/01\/mesaexpertos.jpg\",\"width\":440,\"height\":304},{\"@type\":\"BreadcrumbList\",\"@id\":\"https:\/\/medicina.udd.cl\/kinesiologia-santiago\/noticias\/2015\/01\/20\/docente-udd-participa-en-mesa-de-expertos-de-ministerios-de-deporte-salud-y-educacion\/#breadcrumb\",\"itemListElement\":[{\"@type\":\"ListItem\",\"position\":1,\"name\":\"Home\",\"item\":\"https:\/\/medicina.udd.cl\/kinesiologia-santiago\/\"},{\"@type\":\"ListItem\",\"position\":2,\"name\":\"Docente UDD participa en mesa de expertos de ministerios de Deporte, Salud y Educaci\u00f3n\"}]},{\"@type\":\"WebSite\",\"@id\":\"https:\/\/medicina.udd.cl\/kinesiologia-santiago\/#website\",\"url\":\"https:\/\/medicina.udd.cl\/kinesiologia-santiago\/\",\"name\":\"Kinesiolog\u00eda\",\"description\":\"Facultad de Medicina Cl\u00ednica Alemana Universidad del Desarrollo\",\"inLanguage\":\"es\"},{\"@type\":\"Person\",\"@id\":\"\",\"url\":\"https:\/\/medicina.udd.cl\/kinesiologia-santiago\/noticias\/author\/\"}]}<\/script>\n<!-- \/ Yoast SEO plugin. -->","yoast_head_json":{"title":"Docente UDD participa en mesa de expertos de ministerios de Deporte, Salud y Educaci\u00f3n - Kinesiolog\u00eda","robots":{"index":"index","follow":"follow","max-snippet":"max-snippet:-1","max-image-preview":"max-image-preview:large","max-video-preview":"max-video-preview:-1"},"canonical":"https:\/\/medicina.udd.cl\/kinesiologia-santiago\/noticias\/2015\/01\/20\/docente-udd-participa-en-mesa-de-expertos-de-ministerios-de-deporte-salud-y-educacion\/","og_locale":"es_ES","og_type":"article","og_title":"Docente UDD participa en mesa de expertos de ministerios de Deporte, Salud y Educaci\u00f3n - Kinesiolog\u00eda","og_description":"\u201cRecomendaciones de Actividad F\u00edsica para la Poblaci\u00f3n Chilena\u201d es el nombre del trabajo intersectorial de las autoridades y acad\u00e9micos.","og_url":"https:\/\/medicina.udd.cl\/kinesiologia-santiago\/noticias\/2015\/01\/20\/docente-udd-participa-en-mesa-de-expertos-de-ministerios-de-deporte-salud-y-educacion\/","og_site_name":"Kinesiolog\u00eda","article_published_time":"2015-01-20T13:47:13+00:00","og_image":[{"width":440,"height":304,"url":"https:\/\/medicina.udd.cl\/kinesiologia-santiago\/files\/2015\/01\/mesaexpertos.jpg","type":"image\/jpeg"}],"twitter_misc":{"Escrito por":"","Tiempo de lectura":"1 minuto"},"schema":{"@context":"https:\/\/schema.org","@graph":[{"@type":"Article","@id":"https:\/\/medicina.udd.cl\/kinesiologia-santiago\/noticias\/2015\/01\/20\/docente-udd-participa-en-mesa-de-expertos-de-ministerios-de-deporte-salud-y-educacion\/#article","isPartOf":{"@id":"https:\/\/medicina.udd.cl\/kinesiologia-santiago\/noticias\/2015\/01\/20\/docente-udd-participa-en-mesa-de-expertos-de-ministerios-de-deporte-salud-y-educacion\/"},"author":{"name":"","@id":""},"headline":"Docente UDD participa en mesa de expertos de ministerios de Deporte, Salud y Educaci\u00f3n","datePublished":"2015-01-20T13:47:13+00:00","mainEntityOfPage":{"@id":"https:\/\/medicina.udd.cl\/kinesiologia-santiago\/noticias\/2015\/01\/20\/docente-udd-participa-en-mesa-de-expertos-de-ministerios-de-deporte-salud-y-educacion\/"},"wordCount":141,"commentCount":0,"image":{"@id":"https:\/\/medicina.udd.cl\/kinesiologia-santiago\/noticias\/2015\/01\/20\/docente-udd-participa-en-mesa-de-expertos-de-ministerios-de-deporte-salud-y-educacion\/#primaryimage"},"thumbnailUrl":"https:\/\/medicina.udd.cl\/kinesiologia-santiago\/files\/2015\/01\/mesaexpertos.jpg","articleSection":["Noticias"],"inLanguage":"es","potentialAction":[{"@type":"CommentAction","name":"Comment","target":["https:\/\/medicina.udd.cl\/kinesiologia-santiago\/noticias\/2015\/01\/20\/docente-udd-participa-en-mesa-de-expertos-de-ministerios-de-deporte-salud-y-educacion\/#respond"]}]},{"@type":"WebPage","@id":"https:\/\/medicina.udd.cl\/kinesiologia-santiago\/noticias\/2015\/01\/20\/docente-udd-participa-en-mesa-de-expertos-de-ministerios-de-deporte-salud-y-educacion\/","url":"https:\/\/medicina.udd.cl\/kinesiologia-santiago\/noticias\/2015\/01\/20\/docente-udd-participa-en-mesa-de-expertos-de-ministerios-de-deporte-salud-y-educacion\/","name":"Docente UDD participa en mesa de expertos de ministerios de Deporte, Salud y Educaci\u00f3n - Kinesiolog\u00eda","isPartOf":{"@id":"https:\/\/medicina.udd.cl\/kinesiologia-santiago\/#website"},"primaryImageOfPage":{"@id":"https:\/\/medicina.udd.cl\/kinesiologia-santiago\/noticias\/2015\/01\/20\/docente-udd-participa-en-mesa-de-expertos-de-ministerios-de-deporte-salud-y-educacion\/#primaryimage"},"image":{"@id":"https:\/\/medicina.udd.cl\/kinesiologia-santiago\/noticias\/2015\/01\/20\/docente-udd-participa-en-mesa-de-expertos-de-ministerios-de-deporte-salud-y-educacion\/#primaryimage"},"thumbnailUrl":"https:\/\/medicina.udd.cl\/kinesiologia-santiago\/files\/2015\/01\/mesaexpertos.jpg","datePublished":"2015-01-20T13:47:13+00:00","author":{"@id":""},"breadcrumb":{"@id":"https:\/\/medicina.udd.cl\/kinesiologia-santiago\/noticias\/2015\/01\/20\/docente-udd-participa-en-mesa-de-expertos-de-ministerios-de-deporte-salud-y-educacion\/#breadcrumb"},"inLanguage":"es","potentialAction":[{"@type":"ReadAction","target":["https:\/\/medicina.udd.cl\/kinesiologia-santiago\/noticias\/2015\/01\/20\/docente-udd-participa-en-mesa-de-expertos-de-ministerios-de-deporte-salud-y-educacion\/"]}]},{"@type":"ImageObject","inLanguage":"es","@id":"https:\/\/medicina.udd.cl\/kinesiologia-santiago\/noticias\/2015\/01\/20\/docente-udd-participa-en-mesa-de-expertos-de-ministerios-de-deporte-salud-y-educacion\/#primaryimage","url":"https:\/\/medicina.udd.cl\/kinesiologia-santiago\/files\/2015\/01\/mesaexpertos.jpg","contentUrl":"https:\/\/medicina.udd.cl\/kinesiologia-santiago\/files\/2015\/01\/mesaexpertos.jpg","width":440,"height":304},{"@type":"BreadcrumbList","@id":"https:\/\/medicina.udd.cl\/kinesiologia-santiago\/noticias\/2015\/01\/20\/docente-udd-participa-en-mesa-de-expertos-de-ministerios-de-deporte-salud-y-educacion\/#breadcrumb","itemListElement":[{"@type":"ListItem","position":1,"name":"Home","item":"https:\/\/medicina.udd.cl\/kinesiologia-santiago\/"},{"@type":"ListItem","position":2,"name":"Docente UDD participa en mesa de expertos de ministerios de Deporte, Salud y Educaci\u00f3n"}]},{"@type":"WebSite","@id":"https:\/\/medicina.udd.cl\/kinesiologia-santiago\/#website","url":"https:\/\/medicina.udd.cl\/kinesiologia-santiago\/","name":"Kinesiolog\u00eda","description":"Facultad de Medicina Cl\u00ednica Alemana Universidad del Desarrollo","inLanguage":"es"},{"@type":"Person","@id":"","url":"https:\/\/medicina.udd.cl\/kinesiologia-santiago\/noticias\/author\/"}]}},"featured_image_url":"https:\/\/medicina.udd.cl\/kinesiologia-santiago\/files\/2015\/01\/mesaexpertos.jpg","_links":{"self":[{"href":"https:\/\/medicina.udd.cl\/kinesiologia-santiago\/wp-json\/wp\/v2\/posts\/1998","targetHints":{"allow":["GET"]}}],"collection":[{"href":"https:\/\/medicina.udd.cl\/kinesiologia-santiago\/wp-json\/wp\/v2\/posts"}],"about":[{"href":"https:\/\/medicina.udd.cl\/kinesiologia-santiago\/wp-json\/wp\/v2\/types\/post"}],"author":[{"embeddable":true,"href":"https:\/\/medicina.udd.cl\/kinesiologia-santiago\/wp-json\/wp\/v2\/users\/40"}],"replies":[{"embeddable":true,"href":"https:\/\/medicina.udd.cl\/kinesiologia-santiago\/wp-json\/wp\/v2\/comments?post=1998"}],"version-history":[{"count":2,"href":"https:\/\/medicina.udd.cl\/kinesiologia-santiago\/wp-json\/wp\/v2\/posts\/1998\/revisions"}],"predecessor-version":[{"id":2001,"href":"https:\/\/medicina.udd.cl\/kinesiologia-santiago\/wp-json\/wp\/v2\/posts\/1998\/revisions\/2001"}],"wp:featuredmedia":[{"embeddable":true,"href":"https:\/\/medicina.udd.cl\/kinesiologia-santiago\/wp-json\/wp\/v2\/media\/1999"}],"wp:attachment":[{"href":"https:\/\/medicina.udd.cl\/kinesiologia-santiago\/wp-json\/wp\/v2\/media?parent=1998"}],"wp:term":[{"taxonomy":"category","embeddable":true,"href":"https:\/\/medicina.udd.cl\/kinesiologia-santiago\/wp-json\/wp\/v2\/categories?post=1998"},{"taxonomy":"post_tag","embeddable":true,"href":"https:\/\/medicina.udd.cl\/kinesiologia-santiago\/wp-json\/wp\/v2\/tags?post=1998"}],"curies":[{"name":"wp","href":"https:\/\/api.w.org\/{rel}","templated":true}]}}