{"id":2032,"date":"2015-01-29T11:54:37","date_gmt":"2015-01-29T14:54:37","guid":{"rendered":"http:\/\/medicina.udd.cl\/kinesiologia-santiago\/?p=2032"},"modified":"2015-01-29T12:10:36","modified_gmt":"2015-01-29T15:10:36","slug":"kinesiologia-udd-realizara-encuesta-en-vitacura-cerro-navia-y-macul-para-investigacion-actividad-fisica-y-medio-ambiente-construido","status":"publish","type":"post","link":"https:\/\/medicina.udd.cl\/kinesiologia-santiago\/noticias\/2015\/01\/29\/kinesiologia-udd-realizara-encuesta-en-vitacura-cerro-navia-y-macul-para-investigacion-actividad-fisica-y-medio-ambiente-construido\/","title":{"rendered":"Kinesiolog\u00eda UDD realizar\u00e1 encuesta en Vitacura, Cerro Navia y Macul para investigaci\u00f3n \u201cActividad F\u00edsica y Medio Ambiente Construido\u201d"},"content":{"rendered":"<p><a href=\"http:\/\/medicina.udd.cl\/kinesiologia-santiago\/files\/2015\/01\/Seminario-Actividad-F\u00edsica-Salud-y-Espacio-P\u00fablico.jpg\"><img loading=\"lazy\" decoding=\"async\" class=\"aligncenter size-medium wp-image-2033\" alt=\"Seminario Actividad F\u00edsica, Salud y Espacio P\u00fablico\" src=\"http:\/\/medicina.udd.cl\/kinesiologia-santiago\/files\/2015\/01\/Seminario-Actividad-F\u00edsica-Salud-y-Espacio-P\u00fablico-300x98.jpg\" width=\"300\" height=\"98\" \/><\/a><\/p>\n<p>Informamos a la comunidad que durante todo febrero de 2015, las carreras de Kinesiolog\u00eda y Arquitectura de la Universidad del Desarrollo realizar\u00e1 una encuesta a domicilio en las comunas de Vitacura, Cerro Navia y Macul, a trav\u00e9s de la empresa EKHOS.<\/p>\n<p>Este trabajo se enmarca en la investigaci\u00f3n \u201cActividad F\u00edsica y Medio Ambiente Construido\u201d que est\u00e1n desarrollando en conjunto las facultades de Medicina y Arquitectura de nuestra casa de estudio (a cargo del epidemi\u00f3logo y docente <a href=\"http:\/\/medicina.udd.cl\/kinesiologia-santiago\/persona\/jaime-leppe-zamora\/\">Jaime Leppe<\/a>) que, entre sus actividades, incluye encuentros y seminario (<a href=\"http:\/\/medicina.udd.cl\/kinesiologia-santiago\/noticias\/2014\/04\/16\/expertos-internacionales-analizan-en-udd-como-disminuir-el-sedentarismo\/\">ver m\u00e1s ac\u00e1<\/a>) y apariciones en la prensa (<a href=\"http:\/\/medicina.udd.cl\/files\/2014\/04\/Uso-de-espacios-p%C3%BAblicos-para-el-deporte-desaf%C3%ADa-la-convivencia-El-Mercurio-21-de-abril-2014.pdf\">ver m\u00e1s ac\u00e1<\/a>).<\/p>\n<p>La realizaci\u00f3n de la encuesta cuenta con la autorizaci\u00f3n de las municipalidades de cada comuna. Ante cualquier duda acerca del estudio, contactarse con Magdalena \u00c1lvarez, coordinadora del proyecto en EKHOS, al tel\u00e9fono (2) 22053863 o al correo electr\u00f3nico <a href=\"mailto:magdalena.alvarez@ekhos.cl\">magdalena.alvarez@ekhos.cl<\/a>.<\/p>\n<p>Agradecemos su colaboraci\u00f3n.<\/p>\n","protected":false},"excerpt":{"rendered":"<p>Actividad se llevar\u00e1 a cabo durante todo febrero de 2015.<\/p>\n","protected":false},"author":40,"featured_media":2033,"comment_status":"open","ping_status":"open","sticky":false,"template":"","format":"standard","meta":{"footnotes":""},"categories":[4],"tags":[],"class_list":["post-2032","post","type-post","status-publish","format-standard","has-post-thumbnail","hentry","category-noticias"],"yoast_head":"<!-- This site is optimized with the Yoast SEO plugin v26.9 - https:\/\/yoast.com\/product\/yoast-seo-wordpress\/ -->\n<title>Encuesta en Vitacura, Cerro Navia y Macul - Kinesiolog\u00eda UDD<\/title>\n<meta name=\"description\" content=\"Se realizar\u00e1 durante todo febrero 2015 en el marco de la investigaci\u00f3n \u201cActividad F\u00edsica y Medio Ambiente Construido\u201d, a cargo del epidemi\u00f3logo Jaime Leppe.\" \/>\n<meta name=\"robots\" content=\"index, follow, max-snippet:-1, max-image-preview:large, max-video-preview:-1\" \/>\n<link rel=\"canonical\" href=\"https:\/\/medicina.udd.cl\/kinesiologia-santiago\/noticias\/2015\/01\/29\/kinesiologia-udd-realizara-encuesta-en-vitacura-cerro-navia-y-macul-para-investigacion-actividad-fisica-y-medio-ambiente-construido\/\" \/>\n<meta property=\"og:locale\" content=\"es_ES\" \/>\n<meta property=\"og:type\" content=\"article\" \/>\n<meta property=\"og:title\" content=\"Encuesta en Vitacura, Cerro Navia y Macul - Kinesiolog\u00eda UDD\" \/>\n<meta property=\"og:description\" content=\"Se realizar\u00e1 durante todo febrero 2015 en el marco de la investigaci\u00f3n \u201cActividad F\u00edsica y Medio Ambiente Construido\u201d, a cargo del epidemi\u00f3logo Jaime Leppe.\" \/>\n<meta property=\"og:url\" content=\"https:\/\/medicina.udd.cl\/kinesiologia-santiago\/noticias\/2015\/01\/29\/kinesiologia-udd-realizara-encuesta-en-vitacura-cerro-navia-y-macul-para-investigacion-actividad-fisica-y-medio-ambiente-construido\/\" \/>\n<meta property=\"og:site_name\" content=\"Kinesiolog\u00eda\" \/>\n<meta property=\"article:published_time\" content=\"2015-01-29T14:54:37+00:00\" \/>\n<meta property=\"article:modified_time\" content=\"2015-01-29T15:10:36+00:00\" \/>\n<meta property=\"og:image\" content=\"https:\/\/medicina.udd.cl\/kinesiologia-santiago\/files\/2015\/01\/Seminario-Actividad-F\u00edsica-Salud-y-Espacio-P\u00fablico.jpg\" \/>\n\t<meta property=\"og:image:width\" content=\"1279\" \/>\n\t<meta property=\"og:image:height\" content=\"421\" \/>\n\t<meta property=\"og:image:type\" content=\"image\/jpeg\" \/>\n<meta name=\"twitter:label1\" content=\"Escrito por\" \/>\n\t<meta name=\"twitter:data1\" content=\"\" \/>\n\t<meta name=\"twitter:label2\" content=\"Tiempo de lectura\" \/>\n\t<meta name=\"twitter:data2\" content=\"1 minuto\" \/>\n<script type=\"application\/ld+json\" class=\"yoast-schema-graph\">{\"@context\":\"https:\/\/schema.org\",\"@graph\":[{\"@type\":\"Article\",\"@id\":\"https:\/\/medicina.udd.cl\/kinesiologia-santiago\/noticias\/2015\/01\/29\/kinesiologia-udd-realizara-encuesta-en-vitacura-cerro-navia-y-macul-para-investigacion-actividad-fisica-y-medio-ambiente-construido\/#article\",\"isPartOf\":{\"@id\":\"https:\/\/medicina.udd.cl\/kinesiologia-santiago\/noticias\/2015\/01\/29\/kinesiologia-udd-realizara-encuesta-en-vitacura-cerro-navia-y-macul-para-investigacion-actividad-fisica-y-medio-ambiente-construido\/\"},\"author\":{\"name\":\"\",\"@id\":\"\"},\"headline\":\"Kinesiolog\u00eda UDD realizar\u00e1 encuesta en Vitacura, Cerro Navia y Macul para investigaci\u00f3n \u201cActividad F\u00edsica y Medio Ambiente Construido\u201d\",\"datePublished\":\"2015-01-29T14:54:37+00:00\",\"dateModified\":\"2015-01-29T15:10:36+00:00\",\"mainEntityOfPage\":{\"@id\":\"https:\/\/medicina.udd.cl\/kinesiologia-santiago\/noticias\/2015\/01\/29\/kinesiologia-udd-realizara-encuesta-en-vitacura-cerro-navia-y-macul-para-investigacion-actividad-fisica-y-medio-ambiente-construido\/\"},\"wordCount\":173,\"commentCount\":0,\"image\":{\"@id\":\"https:\/\/medicina.udd.cl\/kinesiologia-santiago\/noticias\/2015\/01\/29\/kinesiologia-udd-realizara-encuesta-en-vitacura-cerro-navia-y-macul-para-investigacion-actividad-fisica-y-medio-ambiente-construido\/#primaryimage\"},\"thumbnailUrl\":\"https:\/\/medicina.udd.cl\/kinesiologia-santiago\/files\/2015\/01\/Seminario-Actividad-F\u00edsica-Salud-y-Espacio-P\u00fablico.jpg\",\"articleSection\":[\"Noticias\"],\"inLanguage\":\"es\",\"potentialAction\":[{\"@type\":\"CommentAction\",\"name\":\"Comment\",\"target\":[\"https:\/\/medicina.udd.cl\/kinesiologia-santiago\/noticias\/2015\/01\/29\/kinesiologia-udd-realizara-encuesta-en-vitacura-cerro-navia-y-macul-para-investigacion-actividad-fisica-y-medio-ambiente-construido\/#respond\"]}]},{\"@type\":\"WebPage\",\"@id\":\"https:\/\/medicina.udd.cl\/kinesiologia-santiago\/noticias\/2015\/01\/29\/kinesiologia-udd-realizara-encuesta-en-vitacura-cerro-navia-y-macul-para-investigacion-actividad-fisica-y-medio-ambiente-construido\/\",\"url\":\"https:\/\/medicina.udd.cl\/kinesiologia-santiago\/noticias\/2015\/01\/29\/kinesiologia-udd-realizara-encuesta-en-vitacura-cerro-navia-y-macul-para-investigacion-actividad-fisica-y-medio-ambiente-construido\/\",\"name\":\"Encuesta en Vitacura, Cerro Navia y Macul - Kinesiolog\u00eda UDD\",\"isPartOf\":{\"@id\":\"https:\/\/medicina.udd.cl\/kinesiologia-santiago\/#website\"},\"primaryImageOfPage\":{\"@id\":\"https:\/\/medicina.udd.cl\/kinesiologia-santiago\/noticias\/2015\/01\/29\/kinesiologia-udd-realizara-encuesta-en-vitacura-cerro-navia-y-macul-para-investigacion-actividad-fisica-y-medio-ambiente-construido\/#primaryimage\"},\"image\":{\"@id\":\"https:\/\/medicina.udd.cl\/kinesiologia-santiago\/noticias\/2015\/01\/29\/kinesiologia-udd-realizara-encuesta-en-vitacura-cerro-navia-y-macul-para-investigacion-actividad-fisica-y-medio-ambiente-construido\/#primaryimage\"},\"thumbnailUrl\":\"https:\/\/medicina.udd.cl\/kinesiologia-santiago\/files\/2015\/01\/Seminario-Actividad-F\u00edsica-Salud-y-Espacio-P\u00fablico.jpg\",\"datePublished\":\"2015-01-29T14:54:37+00:00\",\"dateModified\":\"2015-01-29T15:10:36+00:00\",\"author\":{\"@id\":\"\"},\"description\":\"Se realizar\u00e1 durante todo febrero 2015 en el marco de la investigaci\u00f3n \u201cActividad F\u00edsica y Medio Ambiente Construido\u201d, a cargo del epidemi\u00f3logo Jaime Leppe.\",\"breadcrumb\":{\"@id\":\"https:\/\/medicina.udd.cl\/kinesiologia-santiago\/noticias\/2015\/01\/29\/kinesiologia-udd-realizara-encuesta-en-vitacura-cerro-navia-y-macul-para-investigacion-actividad-fisica-y-medio-ambiente-construido\/#breadcrumb\"},\"inLanguage\":\"es\",\"potentialAction\":[{\"@type\":\"ReadAction\",\"target\":[\"https:\/\/medicina.udd.cl\/kinesiologia-santiago\/noticias\/2015\/01\/29\/kinesiologia-udd-realizara-encuesta-en-vitacura-cerro-navia-y-macul-para-investigacion-actividad-fisica-y-medio-ambiente-construido\/\"]}]},{\"@type\":\"ImageObject\",\"inLanguage\":\"es\",\"@id\":\"https:\/\/medicina.udd.cl\/kinesiologia-santiago\/noticias\/2015\/01\/29\/kinesiologia-udd-realizara-encuesta-en-vitacura-cerro-navia-y-macul-para-investigacion-actividad-fisica-y-medio-ambiente-construido\/#primaryimage\",\"url\":\"https:\/\/medicina.udd.cl\/kinesiologia-santiago\/files\/2015\/01\/Seminario-Actividad-F\u00edsica-Salud-y-Espacio-P\u00fablico.jpg\",\"contentUrl\":\"https:\/\/medicina.udd.cl\/kinesiologia-santiago\/files\/2015\/01\/Seminario-Actividad-F\u00edsica-Salud-y-Espacio-P\u00fablico.jpg\",\"width\":1279,\"height\":421},{\"@type\":\"BreadcrumbList\",\"@id\":\"https:\/\/medicina.udd.cl\/kinesiologia-santiago\/noticias\/2015\/01\/29\/kinesiologia-udd-realizara-encuesta-en-vitacura-cerro-navia-y-macul-para-investigacion-actividad-fisica-y-medio-ambiente-construido\/#breadcrumb\",\"itemListElement\":[{\"@type\":\"ListItem\",\"position\":1,\"name\":\"Home\",\"item\":\"https:\/\/medicina.udd.cl\/kinesiologia-santiago\/\"},{\"@type\":\"ListItem\",\"position\":2,\"name\":\"Kinesiolog\u00eda UDD realizar\u00e1 encuesta en Vitacura, Cerro Navia y Macul para investigaci\u00f3n \u201cActividad F\u00edsica y Medio Ambiente Construido\u201d\"}]},{\"@type\":\"WebSite\",\"@id\":\"https:\/\/medicina.udd.cl\/kinesiologia-santiago\/#website\",\"url\":\"https:\/\/medicina.udd.cl\/kinesiologia-santiago\/\",\"name\":\"Kinesiolog\u00eda\",\"description\":\"Facultad de Medicina Cl\u00ednica Alemana Universidad del Desarrollo\",\"inLanguage\":\"es\"},{\"@type\":\"Person\",\"@id\":\"\",\"url\":\"https:\/\/medicina.udd.cl\/kinesiologia-santiago\/noticias\/author\/\"}]}<\/script>\n<!-- \/ Yoast SEO plugin. -->","yoast_head_json":{"title":"Encuesta en Vitacura, Cerro Navia y Macul - Kinesiolog\u00eda UDD","description":"Se realizar\u00e1 durante todo febrero 2015 en el marco de la investigaci\u00f3n \u201cActividad F\u00edsica y Medio Ambiente Construido\u201d, a cargo del epidemi\u00f3logo Jaime Leppe.","robots":{"index":"index","follow":"follow","max-snippet":"max-snippet:-1","max-image-preview":"max-image-preview:large","max-video-preview":"max-video-preview:-1"},"canonical":"https:\/\/medicina.udd.cl\/kinesiologia-santiago\/noticias\/2015\/01\/29\/kinesiologia-udd-realizara-encuesta-en-vitacura-cerro-navia-y-macul-para-investigacion-actividad-fisica-y-medio-ambiente-construido\/","og_locale":"es_ES","og_type":"article","og_title":"Encuesta en Vitacura, Cerro Navia y Macul - Kinesiolog\u00eda UDD","og_description":"Se realizar\u00e1 durante todo febrero 2015 en el marco de la investigaci\u00f3n \u201cActividad F\u00edsica y Medio Ambiente Construido\u201d, a cargo del epidemi\u00f3logo Jaime Leppe.","og_url":"https:\/\/medicina.udd.cl\/kinesiologia-santiago\/noticias\/2015\/01\/29\/kinesiologia-udd-realizara-encuesta-en-vitacura-cerro-navia-y-macul-para-investigacion-actividad-fisica-y-medio-ambiente-construido\/","og_site_name":"Kinesiolog\u00eda","article_published_time":"2015-01-29T14:54:37+00:00","article_modified_time":"2015-01-29T15:10:36+00:00","og_image":[{"width":1279,"height":421,"url":"https:\/\/medicina.udd.cl\/kinesiologia-santiago\/files\/2015\/01\/Seminario-Actividad-F\u00edsica-Salud-y-Espacio-P\u00fablico.jpg","type":"image\/jpeg"}],"twitter_misc":{"Escrito por":"","Tiempo de lectura":"1 minuto"},"schema":{"@context":"https:\/\/schema.org","@graph":[{"@type":"Article","@id":"https:\/\/medicina.udd.cl\/kinesiologia-santiago\/noticias\/2015\/01\/29\/kinesiologia-udd-realizara-encuesta-en-vitacura-cerro-navia-y-macul-para-investigacion-actividad-fisica-y-medio-ambiente-construido\/#article","isPartOf":{"@id":"https:\/\/medicina.udd.cl\/kinesiologia-santiago\/noticias\/2015\/01\/29\/kinesiologia-udd-realizara-encuesta-en-vitacura-cerro-navia-y-macul-para-investigacion-actividad-fisica-y-medio-ambiente-construido\/"},"author":{"name":"","@id":""},"headline":"Kinesiolog\u00eda UDD realizar\u00e1 encuesta en Vitacura, Cerro Navia y Macul para investigaci\u00f3n \u201cActividad F\u00edsica y Medio Ambiente Construido\u201d","datePublished":"2015-01-29T14:54:37+00:00","dateModified":"2015-01-29T15:10:36+00:00","mainEntityOfPage":{"@id":"https:\/\/medicina.udd.cl\/kinesiologia-santiago\/noticias\/2015\/01\/29\/kinesiologia-udd-realizara-encuesta-en-vitacura-cerro-navia-y-macul-para-investigacion-actividad-fisica-y-medio-ambiente-construido\/"},"wordCount":173,"commentCount":0,"image":{"@id":"https:\/\/medicina.udd.cl\/kinesiologia-santiago\/noticias\/2015\/01\/29\/kinesiologia-udd-realizara-encuesta-en-vitacura-cerro-navia-y-macul-para-investigacion-actividad-fisica-y-medio-ambiente-construido\/#primaryimage"},"thumbnailUrl":"https:\/\/medicina.udd.cl\/kinesiologia-santiago\/files\/2015\/01\/Seminario-Actividad-F\u00edsica-Salud-y-Espacio-P\u00fablico.jpg","articleSection":["Noticias"],"inLanguage":"es","potentialAction":[{"@type":"CommentAction","name":"Comment","target":["https:\/\/medicina.udd.cl\/kinesiologia-santiago\/noticias\/2015\/01\/29\/kinesiologia-udd-realizara-encuesta-en-vitacura-cerro-navia-y-macul-para-investigacion-actividad-fisica-y-medio-ambiente-construido\/#respond"]}]},{"@type":"WebPage","@id":"https:\/\/medicina.udd.cl\/kinesiologia-santiago\/noticias\/2015\/01\/29\/kinesiologia-udd-realizara-encuesta-en-vitacura-cerro-navia-y-macul-para-investigacion-actividad-fisica-y-medio-ambiente-construido\/","url":"https:\/\/medicina.udd.cl\/kinesiologia-santiago\/noticias\/2015\/01\/29\/kinesiologia-udd-realizara-encuesta-en-vitacura-cerro-navia-y-macul-para-investigacion-actividad-fisica-y-medio-ambiente-construido\/","name":"Encuesta en Vitacura, Cerro Navia y Macul - Kinesiolog\u00eda UDD","isPartOf":{"@id":"https:\/\/medicina.udd.cl\/kinesiologia-santiago\/#website"},"primaryImageOfPage":{"@id":"https:\/\/medicina.udd.cl\/kinesiologia-santiago\/noticias\/2015\/01\/29\/kinesiologia-udd-realizara-encuesta-en-vitacura-cerro-navia-y-macul-para-investigacion-actividad-fisica-y-medio-ambiente-construido\/#primaryimage"},"image":{"@id":"https:\/\/medicina.udd.cl\/kinesiologia-santiago\/noticias\/2015\/01\/29\/kinesiologia-udd-realizara-encuesta-en-vitacura-cerro-navia-y-macul-para-investigacion-actividad-fisica-y-medio-ambiente-construido\/#primaryimage"},"thumbnailUrl":"https:\/\/medicina.udd.cl\/kinesiologia-santiago\/files\/2015\/01\/Seminario-Actividad-F\u00edsica-Salud-y-Espacio-P\u00fablico.jpg","datePublished":"2015-01-29T14:54:37+00:00","dateModified":"2015-01-29T15:10:36+00:00","author":{"@id":""},"description":"Se realizar\u00e1 durante todo febrero 2015 en el marco de la investigaci\u00f3n \u201cActividad F\u00edsica y Medio Ambiente Construido\u201d, a cargo del epidemi\u00f3logo Jaime Leppe.","breadcrumb":{"@id":"https:\/\/medicina.udd.cl\/kinesiologia-santiago\/noticias\/2015\/01\/29\/kinesiologia-udd-realizara-encuesta-en-vitacura-cerro-navia-y-macul-para-investigacion-actividad-fisica-y-medio-ambiente-construido\/#breadcrumb"},"inLanguage":"es","potentialAction":[{"@type":"ReadAction","target":["https:\/\/medicina.udd.cl\/kinesiologia-santiago\/noticias\/2015\/01\/29\/kinesiologia-udd-realizara-encuesta-en-vitacura-cerro-navia-y-macul-para-investigacion-actividad-fisica-y-medio-ambiente-construido\/"]}]},{"@type":"ImageObject","inLanguage":"es","@id":"https:\/\/medicina.udd.cl\/kinesiologia-santiago\/noticias\/2015\/01\/29\/kinesiologia-udd-realizara-encuesta-en-vitacura-cerro-navia-y-macul-para-investigacion-actividad-fisica-y-medio-ambiente-construido\/#primaryimage","url":"https:\/\/medicina.udd.cl\/kinesiologia-santiago\/files\/2015\/01\/Seminario-Actividad-F\u00edsica-Salud-y-Espacio-P\u00fablico.jpg","contentUrl":"https:\/\/medicina.udd.cl\/kinesiologia-santiago\/files\/2015\/01\/Seminario-Actividad-F\u00edsica-Salud-y-Espacio-P\u00fablico.jpg","width":1279,"height":421},{"@type":"BreadcrumbList","@id":"https:\/\/medicina.udd.cl\/kinesiologia-santiago\/noticias\/2015\/01\/29\/kinesiologia-udd-realizara-encuesta-en-vitacura-cerro-navia-y-macul-para-investigacion-actividad-fisica-y-medio-ambiente-construido\/#breadcrumb","itemListElement":[{"@type":"ListItem","position":1,"name":"Home","item":"https:\/\/medicina.udd.cl\/kinesiologia-santiago\/"},{"@type":"ListItem","position":2,"name":"Kinesiolog\u00eda UDD realizar\u00e1 encuesta en Vitacura, Cerro Navia y Macul para investigaci\u00f3n \u201cActividad F\u00edsica y Medio Ambiente Construido\u201d"}]},{"@type":"WebSite","@id":"https:\/\/medicina.udd.cl\/kinesiologia-santiago\/#website","url":"https:\/\/medicina.udd.cl\/kinesiologia-santiago\/","name":"Kinesiolog\u00eda","description":"Facultad de Medicina Cl\u00ednica Alemana Universidad del Desarrollo","inLanguage":"es"},{"@type":"Person","@id":"","url":"https:\/\/medicina.udd.cl\/kinesiologia-santiago\/noticias\/author\/"}]}},"featured_image_url":"https:\/\/medicina.udd.cl\/kinesiologia-santiago\/files\/2015\/01\/Seminario-Actividad-F\u00edsica-Salud-y-Espacio-P\u00fablico.jpg","_links":{"self":[{"href":"https:\/\/medicina.udd.cl\/kinesiologia-santiago\/wp-json\/wp\/v2\/posts\/2032","targetHints":{"allow":["GET"]}}],"collection":[{"href":"https:\/\/medicina.udd.cl\/kinesiologia-santiago\/wp-json\/wp\/v2\/posts"}],"about":[{"href":"https:\/\/medicina.udd.cl\/kinesiologia-santiago\/wp-json\/wp\/v2\/types\/post"}],"author":[{"embeddable":true,"href":"https:\/\/medicina.udd.cl\/kinesiologia-santiago\/wp-json\/wp\/v2\/users\/40"}],"replies":[{"embeddable":true,"href":"https:\/\/medicina.udd.cl\/kinesiologia-santiago\/wp-json\/wp\/v2\/comments?post=2032"}],"version-history":[{"count":4,"href":"https:\/\/medicina.udd.cl\/kinesiologia-santiago\/wp-json\/wp\/v2\/posts\/2032\/revisions"}],"predecessor-version":[{"id":2036,"href":"https:\/\/medicina.udd.cl\/kinesiologia-santiago\/wp-json\/wp\/v2\/posts\/2032\/revisions\/2036"}],"wp:featuredmedia":[{"embeddable":true,"href":"https:\/\/medicina.udd.cl\/kinesiologia-santiago\/wp-json\/wp\/v2\/media\/2033"}],"wp:attachment":[{"href":"https:\/\/medicina.udd.cl\/kinesiologia-santiago\/wp-json\/wp\/v2\/media?parent=2032"}],"wp:term":[{"taxonomy":"category","embeddable":true,"href":"https:\/\/medicina.udd.cl\/kinesiologia-santiago\/wp-json\/wp\/v2\/categories?post=2032"},{"taxonomy":"post_tag","embeddable":true,"href":"https:\/\/medicina.udd.cl\/kinesiologia-santiago\/wp-json\/wp\/v2\/tags?post=2032"}],"curies":[{"name":"wp","href":"https:\/\/api.w.org\/{rel}","templated":true}]}}