{"id":2197,"date":"2015-04-16T16:24:47","date_gmt":"2015-04-16T19:24:47","guid":{"rendered":"http:\/\/medicina.udd.cl\/kinesiologia-santiago\/?p=2197"},"modified":"2015-04-16T16:24:47","modified_gmt":"2015-04-16T19:24:47","slug":"docentes-y-estudiantes-de-la-facultad-de-medicina-reciben-premio-la-excelencia","status":"publish","type":"post","link":"https:\/\/medicina.udd.cl\/kinesiologia-santiago\/noticias\/2015\/04\/16\/docentes-y-estudiantes-de-la-facultad-de-medicina-reciben-premio-la-excelencia\/","title":{"rendered":"Docentes y estudiantes de la  Facultad de Medicina reciben premio la excelencia"},"content":{"rendered":"<div id=\"gallery-1\" class=\"carousel slide carousel-gallery\" data-ride=\"false\" data-interval=\"false\"><div class=\"carousel-inner\" role=\"listbox\"><figure class=\"carousel-item active\"><img loading=\"lazy\" decoding=\"async\" width=\"801\" height=\"534\" src=\"https:\/\/medicina.udd.cl\/kinesiologia-santiago\/files\/2015\/04\/Alumnos-Premiados-Kinesiolog\u00eda.jpg\" class=\"attachment-landscape_952 size-landscape_952\" alt=\"\" srcset=\"https:\/\/medicina.udd.cl\/kinesiologia-santiago\/files\/2015\/04\/Alumnos-Premiados-Kinesiolog\u00eda.jpg 5184w, https:\/\/medicina.udd.cl\/kinesiologia-santiago\/files\/2015\/04\/Alumnos-Premiados-Kinesiolog\u00eda-300x200.jpg 300w, https:\/\/medicina.udd.cl\/kinesiologia-santiago\/files\/2015\/04\/Alumnos-Premiados-Kinesiolog\u00eda-768x512.jpg 768w, https:\/\/medicina.udd.cl\/kinesiologia-santiago\/files\/2015\/04\/Alumnos-Premiados-Kinesiolog\u00eda-1024x683.jpg 1024w, https:\/\/medicina.udd.cl\/kinesiologia-santiago\/files\/2015\/04\/Alumnos-Premiados-Kinesiolog\u00eda-960x640.jpg 960w\" sizes=\"auto, (max-width: 801px) 100vw, 801px\" \/><figcaption class=\"carousel-caption\">Estudiantes premiados de Kinesiolog\u00eda<\/figcaption><\/figure><figure class=\"carousel-item\"><img loading=\"lazy\" decoding=\"async\" width=\"754\" height=\"534\" src=\"https:\/\/medicina.udd.cl\/kinesiologia-santiago\/files\/2015\/04\/Premio-Esp\u00edritu-UDD-Mar\u00eda-Cristina-Cardemil.jpg\" class=\"attachment-landscape_952 size-landscape_952\" alt=\"\" srcset=\"https:\/\/medicina.udd.cl\/kinesiologia-santiago\/files\/2015\/04\/Premio-Esp\u00edritu-UDD-Mar\u00eda-Cristina-Cardemil.jpg 2238w, https:\/\/medicina.udd.cl\/kinesiologia-santiago\/files\/2015\/04\/Premio-Esp\u00edritu-UDD-Mar\u00eda-Cristina-Cardemil-300x213.jpg 300w, https:\/\/medicina.udd.cl\/kinesiologia-santiago\/files\/2015\/04\/Premio-Esp\u00edritu-UDD-Mar\u00eda-Cristina-Cardemil-768x544.jpg 768w, https:\/\/medicina.udd.cl\/kinesiologia-santiago\/files\/2015\/04\/Premio-Esp\u00edritu-UDD-Mar\u00eda-Cristina-Cardemil-1024x726.jpg 1024w, https:\/\/medicina.udd.cl\/kinesiologia-santiago\/files\/2015\/04\/Premio-Esp\u00edritu-UDD-Mar\u00eda-Cristina-Cardemil-316x224.jpg 316w, https:\/\/medicina.udd.cl\/kinesiologia-santiago\/files\/2015\/04\/Premio-Esp\u00edritu-UDD-Mar\u00eda-Cristina-Cardemil-87x62.jpg 87w, https:\/\/medicina.udd.cl\/kinesiologia-santiago\/files\/2015\/04\/Premio-Esp\u00edritu-UDD-Mar\u00eda-Cristina-Cardemil-960x680.jpg 960w\" sizes=\"auto, (max-width: 754px) 100vw, 754px\" \/><figcaption class=\"carousel-caption\">Premio Esp\u00edritu UDD &#8211; Mar\u00eda Cristina Cardemil<\/figcaption><\/figure><figure class=\"carousel-item\"><img loading=\"lazy\" decoding=\"async\" width=\"674\" height=\"534\" src=\"https:\/\/medicina.udd.cl\/kinesiologia-santiago\/files\/2015\/04\/Danilo-Aravena-Kinesiologia-.jpg\" class=\"attachment-landscape_952 size-landscape_952\" alt=\"\" srcset=\"https:\/\/medicina.udd.cl\/kinesiologia-santiago\/files\/2015\/04\/Danilo-Aravena-Kinesiologia-.jpg 2502w, https:\/\/medicina.udd.cl\/kinesiologia-santiago\/files\/2015\/04\/Danilo-Aravena-Kinesiologia--300x238.jpg 300w, https:\/\/medicina.udd.cl\/kinesiologia-santiago\/files\/2015\/04\/Danilo-Aravena-Kinesiologia--768x608.jpg 768w, https:\/\/medicina.udd.cl\/kinesiologia-santiago\/files\/2015\/04\/Danilo-Aravena-Kinesiologia--1024x811.jpg 1024w, https:\/\/medicina.udd.cl\/kinesiologia-santiago\/files\/2015\/04\/Danilo-Aravena-Kinesiologia--960x760.jpg 960w\" sizes=\"auto, (max-width: 674px) 100vw, 674px\" \/><figcaption class=\"carousel-caption\">Danilo Aravena &#8211; Kinesiologia<\/figcaption><\/figure><figure class=\"carousel-item\"><img loading=\"lazy\" decoding=\"async\" width=\"646\" height=\"534\" src=\"https:\/\/medicina.udd.cl\/kinesiologia-santiago\/files\/2015\/04\/Pablo-Reyes-Plan-Comun.jpg\" class=\"attachment-landscape_952 size-landscape_952\" alt=\"\" srcset=\"https:\/\/medicina.udd.cl\/kinesiologia-santiago\/files\/2015\/04\/Pablo-Reyes-Plan-Comun.jpg 2605w, https:\/\/medicina.udd.cl\/kinesiologia-santiago\/files\/2015\/04\/Pablo-Reyes-Plan-Comun-300x248.jpg 300w, https:\/\/medicina.udd.cl\/kinesiologia-santiago\/files\/2015\/04\/Pablo-Reyes-Plan-Comun-768x635.jpg 768w, https:\/\/medicina.udd.cl\/kinesiologia-santiago\/files\/2015\/04\/Pablo-Reyes-Plan-Comun-1024x847.jpg 1024w, https:\/\/medicina.udd.cl\/kinesiologia-santiago\/files\/2015\/04\/Pablo-Reyes-Plan-Comun-960x794.jpg 960w\" sizes=\"auto, (max-width: 646px) 100vw, 646px\" \/><figcaption class=\"carousel-caption\">Pablo Reyes &#8211; Plan Com\u00fan<\/figcaption><\/figure><figure class=\"carousel-item\"><img loading=\"lazy\" decoding=\"async\" width=\"634\" height=\"534\" src=\"https:\/\/medicina.udd.cl\/kinesiologia-santiago\/files\/2015\/04\/Barbra-Toro-Plan-Comun-copia.jpg\" class=\"attachment-landscape_952 size-landscape_952\" alt=\"\" srcset=\"https:\/\/medicina.udd.cl\/kinesiologia-santiago\/files\/2015\/04\/Barbra-Toro-Plan-Comun-copia.jpg 2286w, https:\/\/medicina.udd.cl\/kinesiologia-santiago\/files\/2015\/04\/Barbra-Toro-Plan-Comun-copia-300x253.jpg 300w, https:\/\/medicina.udd.cl\/kinesiologia-santiago\/files\/2015\/04\/Barbra-Toro-Plan-Comun-copia-768x647.jpg 768w, https:\/\/medicina.udd.cl\/kinesiologia-santiago\/files\/2015\/04\/Barbra-Toro-Plan-Comun-copia-1024x862.jpg 1024w, https:\/\/medicina.udd.cl\/kinesiologia-santiago\/files\/2015\/04\/Barbra-Toro-Plan-Comun-copia-960x808.jpg 960w\" sizes=\"auto, (max-width: 634px) 100vw, 634px\" \/><figcaption class=\"carousel-caption\">Barbra Toro &#8211; Plan Com\u00fan<\/figcaption><\/figure><\/div><footer class=\"carousel-footer\"><div class=\"carousel-counter\"><span class=\"carousel-counter-current\"><\/span> \/ <span class=\"carousel-counter-total\"><\/span><\/div><a class=\"carousel-control-prev\" href=\"#gallery-1\" role=\"button\" data-slide=\"prev\"><svg aria-hidden=\"true\" class=\"svg-chevron-left-dims\"><use xlink:href='https:\/\/medicina.udd.cl\/kinesiologia-santiago\/wp-content\/themes\/facultades-2018\/assets\/img\/svg\/dist\/main.svg?version=1695853099#chevron-left'><\/use><\/svg><span class=\"sr-only\">Anterior<\/span><\/a><a class=\"carousel-control-next\" href=\"#gallery-1\" role=\"button\" data-slide=\"next\"><svg aria-hidden=\"true\" class=\"svg-chevron-right-dims\"><use xlink:href='https:\/\/medicina.udd.cl\/kinesiologia-santiago\/wp-content\/themes\/facultades-2018\/assets\/img\/svg\/dist\/main.svg?version=1695853099#chevron-right'><\/use><\/svg><span class=\"sr-only\">Siguiente<\/span><\/a><\/footer><\/div>\n<p>Con ceremonias en Santiago y Concepci\u00f3n, la Universidad del Desarrollo premi\u00f3 a los profesores mejor evaluados por sus estudiantes en el per\u00edodo 2014, y reconoci\u00f3 a los alumnos que se han destacado por su rendimiento acad\u00e9mico y su compromiso con los valores de la casa de estudios.<\/p>\n<p>En este contexto, 33 estudiantes y 9 profesores de la Facultad de Medicina CAS-UDD recibieron el reconocimiento, en una ceremonia que cont\u00f3 con la presencia de las m\u00e1ximas autoridades de la universidad y familiares de los premiados.<\/p>\n<p>En la ocasi\u00f3n, el rector de la UDD, Federico Vald\u00e9s, destac\u00f3 que lleva 25 a\u00f1os haciendo clases en Concepci\u00f3n y 15 en Santiago y lo considera una de sus principales responsabilidades y un privilegio.<\/p>\n<p>\u201cMe enorgullezco de haber podido aportar de una forma tan concreta a la formaci\u00f3n de profesionales de calidad, y espero seguir haciendo clases en el futuro, porque me motiva tremendamente el contacto con nuestros alumnos y porque no quiero perder de vista el esp\u00edritu que nos inspir\u00f3 en el comienzo, hace 25 a\u00f1os, que era involucrarnos directamente en la tarea de ayudar a formar los mejores profesionales para Chile\u201d, afirm\u00f3.<\/p>\n<p>A su vez, durante la ceremonia, se entreg\u00f3 el <strong>\u201cPremio Esp\u00edritu Universidad del Desarrollo\u201d<\/strong>, cuyo prop\u00f3sito es estimular la permanente participaci\u00f3n de los j\u00f3venes en las diversas actividades estudiantiles. Recibi\u00f3 este reconocimiento la <strong>alumna de Kinesiolog\u00eda Mar\u00eda Cristina Cardemil.<\/strong><\/p>\n<p><b>Docentes premiados de Plan Com\u00fan y Kinesiolog\u00eda<\/b><\/p>\n<div>\n<table width=\"425\" border=\"0\" cellspacing=\"0\" cellpadding=\"0\">\n<tbody>\n<tr>\n<td valign=\"bottom\" nowrap=\"nowrap\" width=\"213\">Plan com\u00fan Ciencias de la Salud<\/td>\n<td valign=\"bottom\" nowrap=\"nowrap\" width=\"212\">Pablo Reyes Aramburu<\/td>\n<\/tr>\n<tr>\n<td valign=\"bottom\" nowrap=\"nowrap\" width=\"213\">Plan com\u00fan Ciencias de la Salud<\/td>\n<td valign=\"bottom\" nowrap=\"nowrap\" width=\"212\">Barbra Toro Pavez<\/td>\n<\/tr>\n<tr>\n<td valign=\"bottom\" nowrap=\"nowrap\" width=\"213\"><\/td>\n<td valign=\"bottom\" nowrap=\"nowrap\" width=\"212\"><\/td>\n<\/tr>\n<tr>\n<td valign=\"bottom\" nowrap=\"nowrap\" width=\"213\">Kinesiolog\u00eda<\/td>\n<td valign=\"bottom\" nowrap=\"nowrap\" width=\"212\">Danilo Aravena Nazif<\/td>\n<\/tr>\n<tr>\n<td valign=\"bottom\" nowrap=\"nowrap\" width=\"213\"><\/td>\n<td valign=\"bottom\" nowrap=\"nowrap\" width=\"212\"><\/td>\n<\/tr>\n<\/tbody>\n<\/table>\n<\/div>\n<p><b>Alumnos<\/b><\/p>\n<table width=\"404\" border=\"0\" cellspacing=\"0\" cellpadding=\"0\">\n<tbody>\n<tr>\n<td nowrap=\"nowrap\" width=\"139\">\n<p align=\"center\"><b>KINESIOLOG\u00cdA<\/b><b><\/b><\/p>\n<\/td>\n<td valign=\"bottom\" nowrap=\"nowrap\" width=\"265\"><\/td>\n<\/tr>\n<tr>\n<td nowrap=\"nowrap\" width=\"139\">\n<p align=\"center\"><b>Promoci\u00f3n<\/b><b><\/b><\/p>\n<\/td>\n<td nowrap=\"nowrap\" width=\"265\"><b>Nombre<\/b><\/td>\n<\/tr>\n<tr>\n<td nowrap=\"nowrap\" width=\"139\">\n<p align=\"center\">2014<\/p>\n<\/td>\n<td valign=\"bottom\" nowrap=\"nowrap\" width=\"265\">Eduardo Esteban Caro Vidal<\/td>\n<\/tr>\n<tr>\n<td nowrap=\"nowrap\" width=\"139\">\n<p align=\"center\">2013<\/p>\n<\/td>\n<td valign=\"bottom\" nowrap=\"nowrap\" width=\"265\">Gabriela Constanza Andrea Meza Fuentes<\/td>\n<\/tr>\n<tr>\n<td nowrap=\"nowrap\" width=\"139\">\n<p align=\"center\">2011<\/p>\n<\/td>\n<td valign=\"bottom\" nowrap=\"nowrap\" width=\"265\">Nelson Mat\u00edas Lira Ega\u00f1a<\/td>\n<\/tr>\n<tr>\n<td valign=\"bottom\" nowrap=\"nowrap\" width=\"139\">\n<p align=\"center\">2010<\/p>\n<\/td>\n<td valign=\"bottom\" nowrap=\"nowrap\" width=\"265\">Agust\u00edn Camus Molina<\/td>\n<\/tr>\n<\/tbody>\n<\/table>\n<div><\/div>\n","protected":false},"excerpt":{"rendered":"<p>La Universidad del Desarrollo reconoci\u00f3 a los mejores alumnos y profesores del a\u00f1o acad\u00e9mico 2014<\/p>\n","protected":false},"author":40,"featured_media":2200,"comment_status":"open","ping_status":"open","sticky":false,"template":"","format":"standard","meta":{"footnotes":""},"categories":[4],"tags":[],"class_list":["post-2197","post","type-post","status-publish","format-standard","has-post-thumbnail","hentry","category-noticias"],"yoast_head":"<!-- This site is optimized with the Yoast SEO plugin v26.9 - https:\/\/yoast.com\/product\/yoast-seo-wordpress\/ -->\n<title>Docentes y estudiantes de la Facultad de Medicina reciben premio la excelencia - Kinesiolog\u00eda<\/title>\n<meta name=\"robots\" content=\"index, follow, max-snippet:-1, max-image-preview:large, max-video-preview:-1\" \/>\n<link rel=\"canonical\" href=\"https:\/\/medicina.udd.cl\/kinesiologia-santiago\/noticias\/2015\/04\/16\/docentes-y-estudiantes-de-la-facultad-de-medicina-reciben-premio-la-excelencia\/\" \/>\n<meta property=\"og:locale\" content=\"es_ES\" \/>\n<meta property=\"og:type\" content=\"article\" \/>\n<meta property=\"og:title\" content=\"Docentes y estudiantes de la Facultad de Medicina reciben premio la excelencia - Kinesiolog\u00eda\" \/>\n<meta property=\"og:description\" content=\"La Universidad del Desarrollo reconoci\u00f3 a los mejores alumnos y profesores del a\u00f1o acad\u00e9mico 2014\" \/>\n<meta property=\"og:url\" content=\"https:\/\/medicina.udd.cl\/kinesiologia-santiago\/noticias\/2015\/04\/16\/docentes-y-estudiantes-de-la-facultad-de-medicina-reciben-premio-la-excelencia\/\" \/>\n<meta property=\"og:site_name\" content=\"Kinesiolog\u00eda\" \/>\n<meta property=\"article:published_time\" content=\"2015-04-16T19:24:47+00:00\" \/>\n<meta property=\"og:image\" content=\"https:\/\/medicina.udd.cl\/kinesiologia-santiago\/files\/2015\/04\/Danilo-Aravena-Kinesiologia-.jpg\" \/>\n\t<meta property=\"og:image:width\" content=\"2502\" \/>\n\t<meta property=\"og:image:height\" content=\"1982\" \/>\n\t<meta property=\"og:image:type\" content=\"image\/jpeg\" \/>\n<meta name=\"twitter:label1\" content=\"Escrito por\" \/>\n\t<meta name=\"twitter:data1\" content=\"\" \/>\n\t<meta name=\"twitter:label2\" content=\"Tiempo de lectura\" \/>\n\t<meta name=\"twitter:data2\" content=\"1 minuto\" \/>\n<script type=\"application\/ld+json\" class=\"yoast-schema-graph\">{\"@context\":\"https:\/\/schema.org\",\"@graph\":[{\"@type\":\"Article\",\"@id\":\"https:\/\/medicina.udd.cl\/kinesiologia-santiago\/noticias\/2015\/04\/16\/docentes-y-estudiantes-de-la-facultad-de-medicina-reciben-premio-la-excelencia\/#article\",\"isPartOf\":{\"@id\":\"https:\/\/medicina.udd.cl\/kinesiologia-santiago\/noticias\/2015\/04\/16\/docentes-y-estudiantes-de-la-facultad-de-medicina-reciben-premio-la-excelencia\/\"},\"author\":{\"name\":\"\",\"@id\":\"\"},\"headline\":\"Docentes y estudiantes de la Facultad de Medicina reciben premio la excelencia\",\"datePublished\":\"2015-04-16T19:24:47+00:00\",\"mainEntityOfPage\":{\"@id\":\"https:\/\/medicina.udd.cl\/kinesiologia-santiago\/noticias\/2015\/04\/16\/docentes-y-estudiantes-de-la-facultad-de-medicina-reciben-premio-la-excelencia\/\"},\"wordCount\":311,\"commentCount\":0,\"image\":{\"@id\":\"https:\/\/medicina.udd.cl\/kinesiologia-santiago\/noticias\/2015\/04\/16\/docentes-y-estudiantes-de-la-facultad-de-medicina-reciben-premio-la-excelencia\/#primaryimage\"},\"thumbnailUrl\":\"https:\/\/medicina.udd.cl\/kinesiologia-santiago\/files\/2015\/04\/Danilo-Aravena-Kinesiologia-.jpg\",\"articleSection\":[\"Noticias\"],\"inLanguage\":\"es\",\"potentialAction\":[{\"@type\":\"CommentAction\",\"name\":\"Comment\",\"target\":[\"https:\/\/medicina.udd.cl\/kinesiologia-santiago\/noticias\/2015\/04\/16\/docentes-y-estudiantes-de-la-facultad-de-medicina-reciben-premio-la-excelencia\/#respond\"]}]},{\"@type\":\"WebPage\",\"@id\":\"https:\/\/medicina.udd.cl\/kinesiologia-santiago\/noticias\/2015\/04\/16\/docentes-y-estudiantes-de-la-facultad-de-medicina-reciben-premio-la-excelencia\/\",\"url\":\"https:\/\/medicina.udd.cl\/kinesiologia-santiago\/noticias\/2015\/04\/16\/docentes-y-estudiantes-de-la-facultad-de-medicina-reciben-premio-la-excelencia\/\",\"name\":\"Docentes y estudiantes de la Facultad de Medicina reciben premio la excelencia - Kinesiolog\u00eda\",\"isPartOf\":{\"@id\":\"https:\/\/medicina.udd.cl\/kinesiologia-santiago\/#website\"},\"primaryImageOfPage\":{\"@id\":\"https:\/\/medicina.udd.cl\/kinesiologia-santiago\/noticias\/2015\/04\/16\/docentes-y-estudiantes-de-la-facultad-de-medicina-reciben-premio-la-excelencia\/#primaryimage\"},\"image\":{\"@id\":\"https:\/\/medicina.udd.cl\/kinesiologia-santiago\/noticias\/2015\/04\/16\/docentes-y-estudiantes-de-la-facultad-de-medicina-reciben-premio-la-excelencia\/#primaryimage\"},\"thumbnailUrl\":\"https:\/\/medicina.udd.cl\/kinesiologia-santiago\/files\/2015\/04\/Danilo-Aravena-Kinesiologia-.jpg\",\"datePublished\":\"2015-04-16T19:24:47+00:00\",\"author\":{\"@id\":\"\"},\"breadcrumb\":{\"@id\":\"https:\/\/medicina.udd.cl\/kinesiologia-santiago\/noticias\/2015\/04\/16\/docentes-y-estudiantes-de-la-facultad-de-medicina-reciben-premio-la-excelencia\/#breadcrumb\"},\"inLanguage\":\"es\",\"potentialAction\":[{\"@type\":\"ReadAction\",\"target\":[\"https:\/\/medicina.udd.cl\/kinesiologia-santiago\/noticias\/2015\/04\/16\/docentes-y-estudiantes-de-la-facultad-de-medicina-reciben-premio-la-excelencia\/\"]}]},{\"@type\":\"ImageObject\",\"inLanguage\":\"es\",\"@id\":\"https:\/\/medicina.udd.cl\/kinesiologia-santiago\/noticias\/2015\/04\/16\/docentes-y-estudiantes-de-la-facultad-de-medicina-reciben-premio-la-excelencia\/#primaryimage\",\"url\":\"https:\/\/medicina.udd.cl\/kinesiologia-santiago\/files\/2015\/04\/Danilo-Aravena-Kinesiologia-.jpg\",\"contentUrl\":\"https:\/\/medicina.udd.cl\/kinesiologia-santiago\/files\/2015\/04\/Danilo-Aravena-Kinesiologia-.jpg\",\"width\":2502,\"height\":1982,\"caption\":\"Danilo Aravena - Kinesiologia\"},{\"@type\":\"BreadcrumbList\",\"@id\":\"https:\/\/medicina.udd.cl\/kinesiologia-santiago\/noticias\/2015\/04\/16\/docentes-y-estudiantes-de-la-facultad-de-medicina-reciben-premio-la-excelencia\/#breadcrumb\",\"itemListElement\":[{\"@type\":\"ListItem\",\"position\":1,\"name\":\"Home\",\"item\":\"https:\/\/medicina.udd.cl\/kinesiologia-santiago\/\"},{\"@type\":\"ListItem\",\"position\":2,\"name\":\"Docentes y estudiantes de la Facultad de Medicina reciben premio la excelencia\"}]},{\"@type\":\"WebSite\",\"@id\":\"https:\/\/medicina.udd.cl\/kinesiologia-santiago\/#website\",\"url\":\"https:\/\/medicina.udd.cl\/kinesiologia-santiago\/\",\"name\":\"Kinesiolog\u00eda\",\"description\":\"Facultad de Medicina Cl\u00ednica Alemana Universidad del Desarrollo\",\"inLanguage\":\"es\"},{\"@type\":\"Person\",\"@id\":\"\",\"url\":\"https:\/\/medicina.udd.cl\/kinesiologia-santiago\/noticias\/author\/\"}]}<\/script>\n<!-- \/ Yoast SEO plugin. -->","yoast_head_json":{"title":"Docentes y estudiantes de la Facultad de Medicina reciben premio la excelencia - Kinesiolog\u00eda","robots":{"index":"index","follow":"follow","max-snippet":"max-snippet:-1","max-image-preview":"max-image-preview:large","max-video-preview":"max-video-preview:-1"},"canonical":"https:\/\/medicina.udd.cl\/kinesiologia-santiago\/noticias\/2015\/04\/16\/docentes-y-estudiantes-de-la-facultad-de-medicina-reciben-premio-la-excelencia\/","og_locale":"es_ES","og_type":"article","og_title":"Docentes y estudiantes de la Facultad de Medicina reciben premio la excelencia - Kinesiolog\u00eda","og_description":"La Universidad del Desarrollo reconoci\u00f3 a los mejores alumnos y profesores del a\u00f1o acad\u00e9mico 2014","og_url":"https:\/\/medicina.udd.cl\/kinesiologia-santiago\/noticias\/2015\/04\/16\/docentes-y-estudiantes-de-la-facultad-de-medicina-reciben-premio-la-excelencia\/","og_site_name":"Kinesiolog\u00eda","article_published_time":"2015-04-16T19:24:47+00:00","og_image":[{"width":2502,"height":1982,"url":"https:\/\/medicina.udd.cl\/kinesiologia-santiago\/files\/2015\/04\/Danilo-Aravena-Kinesiologia-.jpg","type":"image\/jpeg"}],"twitter_misc":{"Escrito por":"","Tiempo de lectura":"1 minuto"},"schema":{"@context":"https:\/\/schema.org","@graph":[{"@type":"Article","@id":"https:\/\/medicina.udd.cl\/kinesiologia-santiago\/noticias\/2015\/04\/16\/docentes-y-estudiantes-de-la-facultad-de-medicina-reciben-premio-la-excelencia\/#article","isPartOf":{"@id":"https:\/\/medicina.udd.cl\/kinesiologia-santiago\/noticias\/2015\/04\/16\/docentes-y-estudiantes-de-la-facultad-de-medicina-reciben-premio-la-excelencia\/"},"author":{"name":"","@id":""},"headline":"Docentes y estudiantes de la Facultad de Medicina reciben premio la excelencia","datePublished":"2015-04-16T19:24:47+00:00","mainEntityOfPage":{"@id":"https:\/\/medicina.udd.cl\/kinesiologia-santiago\/noticias\/2015\/04\/16\/docentes-y-estudiantes-de-la-facultad-de-medicina-reciben-premio-la-excelencia\/"},"wordCount":311,"commentCount":0,"image":{"@id":"https:\/\/medicina.udd.cl\/kinesiologia-santiago\/noticias\/2015\/04\/16\/docentes-y-estudiantes-de-la-facultad-de-medicina-reciben-premio-la-excelencia\/#primaryimage"},"thumbnailUrl":"https:\/\/medicina.udd.cl\/kinesiologia-santiago\/files\/2015\/04\/Danilo-Aravena-Kinesiologia-.jpg","articleSection":["Noticias"],"inLanguage":"es","potentialAction":[{"@type":"CommentAction","name":"Comment","target":["https:\/\/medicina.udd.cl\/kinesiologia-santiago\/noticias\/2015\/04\/16\/docentes-y-estudiantes-de-la-facultad-de-medicina-reciben-premio-la-excelencia\/#respond"]}]},{"@type":"WebPage","@id":"https:\/\/medicina.udd.cl\/kinesiologia-santiago\/noticias\/2015\/04\/16\/docentes-y-estudiantes-de-la-facultad-de-medicina-reciben-premio-la-excelencia\/","url":"https:\/\/medicina.udd.cl\/kinesiologia-santiago\/noticias\/2015\/04\/16\/docentes-y-estudiantes-de-la-facultad-de-medicina-reciben-premio-la-excelencia\/","name":"Docentes y estudiantes de la Facultad de Medicina reciben premio la excelencia - Kinesiolog\u00eda","isPartOf":{"@id":"https:\/\/medicina.udd.cl\/kinesiologia-santiago\/#website"},"primaryImageOfPage":{"@id":"https:\/\/medicina.udd.cl\/kinesiologia-santiago\/noticias\/2015\/04\/16\/docentes-y-estudiantes-de-la-facultad-de-medicina-reciben-premio-la-excelencia\/#primaryimage"},"image":{"@id":"https:\/\/medicina.udd.cl\/kinesiologia-santiago\/noticias\/2015\/04\/16\/docentes-y-estudiantes-de-la-facultad-de-medicina-reciben-premio-la-excelencia\/#primaryimage"},"thumbnailUrl":"https:\/\/medicina.udd.cl\/kinesiologia-santiago\/files\/2015\/04\/Danilo-Aravena-Kinesiologia-.jpg","datePublished":"2015-04-16T19:24:47+00:00","author":{"@id":""},"breadcrumb":{"@id":"https:\/\/medicina.udd.cl\/kinesiologia-santiago\/noticias\/2015\/04\/16\/docentes-y-estudiantes-de-la-facultad-de-medicina-reciben-premio-la-excelencia\/#breadcrumb"},"inLanguage":"es","potentialAction":[{"@type":"ReadAction","target":["https:\/\/medicina.udd.cl\/kinesiologia-santiago\/noticias\/2015\/04\/16\/docentes-y-estudiantes-de-la-facultad-de-medicina-reciben-premio-la-excelencia\/"]}]},{"@type":"ImageObject","inLanguage":"es","@id":"https:\/\/medicina.udd.cl\/kinesiologia-santiago\/noticias\/2015\/04\/16\/docentes-y-estudiantes-de-la-facultad-de-medicina-reciben-premio-la-excelencia\/#primaryimage","url":"https:\/\/medicina.udd.cl\/kinesiologia-santiago\/files\/2015\/04\/Danilo-Aravena-Kinesiologia-.jpg","contentUrl":"https:\/\/medicina.udd.cl\/kinesiologia-santiago\/files\/2015\/04\/Danilo-Aravena-Kinesiologia-.jpg","width":2502,"height":1982,"caption":"Danilo Aravena - Kinesiologia"},{"@type":"BreadcrumbList","@id":"https:\/\/medicina.udd.cl\/kinesiologia-santiago\/noticias\/2015\/04\/16\/docentes-y-estudiantes-de-la-facultad-de-medicina-reciben-premio-la-excelencia\/#breadcrumb","itemListElement":[{"@type":"ListItem","position":1,"name":"Home","item":"https:\/\/medicina.udd.cl\/kinesiologia-santiago\/"},{"@type":"ListItem","position":2,"name":"Docentes y estudiantes de la Facultad de Medicina reciben premio la excelencia"}]},{"@type":"WebSite","@id":"https:\/\/medicina.udd.cl\/kinesiologia-santiago\/#website","url":"https:\/\/medicina.udd.cl\/kinesiologia-santiago\/","name":"Kinesiolog\u00eda","description":"Facultad de Medicina Cl\u00ednica Alemana Universidad del Desarrollo","inLanguage":"es"},{"@type":"Person","@id":"","url":"https:\/\/medicina.udd.cl\/kinesiologia-santiago\/noticias\/author\/"}]}},"featured_image_url":"https:\/\/medicina.udd.cl\/kinesiologia-santiago\/files\/2015\/04\/Danilo-Aravena-Kinesiologia-.jpg","_links":{"self":[{"href":"https:\/\/medicina.udd.cl\/kinesiologia-santiago\/wp-json\/wp\/v2\/posts\/2197","targetHints":{"allow":["GET"]}}],"collection":[{"href":"https:\/\/medicina.udd.cl\/kinesiologia-santiago\/wp-json\/wp\/v2\/posts"}],"about":[{"href":"https:\/\/medicina.udd.cl\/kinesiologia-santiago\/wp-json\/wp\/v2\/types\/post"}],"author":[{"embeddable":true,"href":"https:\/\/medicina.udd.cl\/kinesiologia-santiago\/wp-json\/wp\/v2\/users\/40"}],"replies":[{"embeddable":true,"href":"https:\/\/medicina.udd.cl\/kinesiologia-santiago\/wp-json\/wp\/v2\/comments?post=2197"}],"version-history":[{"count":2,"href":"https:\/\/medicina.udd.cl\/kinesiologia-santiago\/wp-json\/wp\/v2\/posts\/2197\/revisions"}],"predecessor-version":[{"id":2204,"href":"https:\/\/medicina.udd.cl\/kinesiologia-santiago\/wp-json\/wp\/v2\/posts\/2197\/revisions\/2204"}],"wp:featuredmedia":[{"embeddable":true,"href":"https:\/\/medicina.udd.cl\/kinesiologia-santiago\/wp-json\/wp\/v2\/media\/2200"}],"wp:attachment":[{"href":"https:\/\/medicina.udd.cl\/kinesiologia-santiago\/wp-json\/wp\/v2\/media?parent=2197"}],"wp:term":[{"taxonomy":"category","embeddable":true,"href":"https:\/\/medicina.udd.cl\/kinesiologia-santiago\/wp-json\/wp\/v2\/categories?post=2197"},{"taxonomy":"post_tag","embeddable":true,"href":"https:\/\/medicina.udd.cl\/kinesiologia-santiago\/wp-json\/wp\/v2\/tags?post=2197"}],"curies":[{"name":"wp","href":"https:\/\/api.w.org\/{rel}","templated":true}]}}