{"id":2226,"date":"2015-05-29T10:28:05","date_gmt":"2015-05-29T13:28:05","guid":{"rendered":"http:\/\/medicina.udd.cl\/kinesiologia-santiago\/?p=2226"},"modified":"2015-06-01T10:33:59","modified_gmt":"2015-06-01T13:33:59","slug":"docentes-de-kinesiologia-participan-en-destacada-conferencia-internacional","status":"publish","type":"post","link":"https:\/\/medicina.udd.cl\/kinesiologia-santiago\/noticias\/2015\/05\/29\/docentes-de-kinesiologia-participan-en-destacada-conferencia-internacional\/","title":{"rendered":"Docentes de Kinesiolog\u00eda participaron en destacada conferencia internacional"},"content":{"rendered":"<p>Cuatro docentes del equipo de investigaci\u00f3n de la carrera de Kinesiolog\u00eda UDD asistieron al Congreso 2015 de la Confederaci\u00f3n Mundial de Fisioterapia, realizado durante el mes de mayo en Singapur.<\/p>\n<p>Los docentes, cuyos trabajos fueron seleccionados para presentarse en el encuentro, fueron\u00a0Sonia Roa, Jaime Leppe, Mar\u00eda Jes\u00fas Mena y Ana Cristina Castro, quienes realizaron las siguientes exposiciones:<\/p>\n<figure id=\"attachment_2227\" aria-describedby=\"caption-attachment-2227\" style=\"width: 300px\" class=\"wp-caption aligncenter\"><a href=\"http:\/\/medicina.udd.cl\/kinesiologia-santiago\/files\/2015\/06\/Sonia-Roa.jpg\"><img loading=\"lazy\" decoding=\"async\" class=\"size-medium wp-image-2227 \" alt=\"Sonia Roa\" src=\"http:\/\/medicina.udd.cl\/kinesiologia-santiago\/files\/2015\/06\/Sonia-Roa-300x225.jpg\" width=\"300\" height=\"225\" srcset=\"https:\/\/medicina.udd.cl\/kinesiologia-santiago\/files\/2015\/06\/Sonia-Roa-300x225.jpg 300w, https:\/\/medicina.udd.cl\/kinesiologia-santiago\/files\/2015\/06\/Sonia-Roa.jpg 600w\" sizes=\"auto, (max-width: 300px) 100vw, 300px\" \/><\/a><figcaption id=\"caption-attachment-2227\" class=\"wp-caption-text\">T\u00edtulo: Perception of musculoskeletal health and knowledge about physical activity among pregnant women with low income and low educational level.<br \/>Autores: Roa S.1, Mena M.J.1, Besomi M.1, Leppe J.1<br \/>Expositor: Sonia Roa<\/figcaption><\/figure>\n<figure id=\"attachment_2231\" aria-describedby=\"caption-attachment-2231\" style=\"width: 300px\" class=\"wp-caption aligncenter\"><a href=\"http:\/\/medicina.udd.cl\/kinesiologia-santiago\/files\/2015\/06\/Jaime-Leppe.jpg\"><img loading=\"lazy\" decoding=\"async\" class=\"size-medium wp-image-2231 \" alt=\"Jaime Leppe\" src=\"http:\/\/medicina.udd.cl\/kinesiologia-santiago\/files\/2015\/06\/Jaime-Leppe-300x199.jpg\" width=\"300\" height=\"199\" srcset=\"https:\/\/medicina.udd.cl\/kinesiologia-santiago\/files\/2015\/06\/Jaime-Leppe-300x199.jpg 300w, https:\/\/medicina.udd.cl\/kinesiologia-santiago\/files\/2015\/06\/Jaime-Leppe.jpg 677w\" sizes=\"auto, (max-width: 300px) 100vw, 300px\" \/><\/a><figcaption id=\"caption-attachment-2231\" class=\"wp-caption-text\">T\u00edtulo: Measuring physical activity and sedentary behaviors in pregnancy: a comparison of accelerometry and questionnaires<br \/>Autores: Leppe J.1, Aguilar N.2, Mena M.J.1, Besomi M.1, Roa S.1<br \/>Expositor: Jaime Leppe<\/figcaption><\/figure>\n<figure id=\"attachment_2232\" aria-describedby=\"caption-attachment-2232\" style=\"width: 300px\" class=\"wp-caption aligncenter\"><a href=\"http:\/\/medicina.udd.cl\/kinesiologia-santiago\/files\/2015\/06\/Mar\u00eda-Jes\u00fas-Mena.jpg\"><img loading=\"lazy\" decoding=\"async\" class=\"size-medium wp-image-2232 \" alt=\"Mar\u00eda Jes\u00fas Mena\" src=\"http:\/\/medicina.udd.cl\/kinesiologia-santiago\/files\/2015\/06\/Mar\u00eda-Jes\u00fas-Mena-300x200.jpg\" width=\"300\" height=\"200\" srcset=\"https:\/\/medicina.udd.cl\/kinesiologia-santiago\/files\/2015\/06\/Mar\u00eda-Jes\u00fas-Mena-300x200.jpg 300w, https:\/\/medicina.udd.cl\/kinesiologia-santiago\/files\/2015\/06\/Mar\u00eda-Jes\u00fas-Mena.jpg 675w\" sizes=\"auto, (max-width: 300px) 100vw, 300px\" \/><\/a><figcaption id=\"caption-attachment-2232\" class=\"wp-caption-text\">T\u00edtulo: Musculoskeletal Disorders And Quality Of Life In Pregnant Women In A Social Risk Chilean Population<br \/>Autores: Mena Iturriaga M., Roa Alca\u00edno S., Besomi Molina M., Leppe Zamora J.<br \/>Expositor: Mar\u00eda Jes\u00fas Mena<\/figcaption><\/figure>\n<figure id=\"attachment_2234\" aria-describedby=\"caption-attachment-2234\" style=\"width: 300px\" class=\"wp-caption aligncenter\"><a href=\"http:\/\/medicina.udd.cl\/kinesiologia-santiago\/files\/2015\/06\/Ana-Cristina-Castro.jpg\"><img loading=\"lazy\" decoding=\"async\" class=\"size-medium wp-image-2234 \" alt=\"Ana Cristina Castro\" src=\"http:\/\/medicina.udd.cl\/kinesiologia-santiago\/files\/2015\/06\/Ana-Cristina-Castro-300x199.jpg\" width=\"300\" height=\"199\" srcset=\"https:\/\/medicina.udd.cl\/kinesiologia-santiago\/files\/2015\/06\/Ana-Cristina-Castro-300x199.jpg 300w, https:\/\/medicina.udd.cl\/kinesiologia-santiago\/files\/2015\/06\/Ana-Cristina-Castro.jpg 677w\" sizes=\"auto, (max-width: 300px) 100vw, 300px\" \/><\/a><figcaption id=\"caption-attachment-2234\" class=\"wp-caption-text\">T\u00edtulo: Therapeutic strategies performed by physiotherapists in three intensive care units (icus) in santiago, chile: pilot study<br \/>Autores: Castro Avila A.C.1,2, Merino Osorio C.1,3, Henriquez Rodriguez L.1,4, Leppe Zamora J.1<br \/>Expositor: Ana Cristina Castro<\/figcaption><\/figure>\n<p style=\"text-align: center;\">\n","protected":false},"excerpt":{"rendered":"<p>Los acad\u00e9micos Sonia Roa, Jaime Leppe, Mar\u00eda Jes\u00fas Mena y Ana Cristina Castro presentaron sus trabajos en el Congreso de la Confederaci\u00f3n Mundial de Fisioterapia, realizado en Singapur. <\/p>\n","protected":false},"author":42,"featured_media":2233,"comment_status":"open","ping_status":"open","sticky":false,"template":"","format":"standard","meta":{"footnotes":""},"categories":[4],"tags":[],"class_list":["post-2226","post","type-post","status-publish","format-standard","has-post-thumbnail","hentry","category-noticias"],"yoast_head":"<!-- This site is optimized with the Yoast SEO plugin v26.9 - https:\/\/yoast.com\/product\/yoast-seo-wordpress\/ -->\n<title>Docentes de Kinesiolog\u00eda participaron en destacada conferencia internacional - Kinesiolog\u00eda<\/title>\n<meta name=\"robots\" content=\"index, follow, max-snippet:-1, max-image-preview:large, max-video-preview:-1\" \/>\n<link rel=\"canonical\" href=\"https:\/\/medicina.udd.cl\/kinesiologia-santiago\/noticias\/2015\/05\/29\/docentes-de-kinesiologia-participan-en-destacada-conferencia-internacional\/\" \/>\n<meta property=\"og:locale\" content=\"es_ES\" \/>\n<meta property=\"og:type\" content=\"article\" \/>\n<meta property=\"og:title\" content=\"Docentes de Kinesiolog\u00eda participaron en destacada conferencia internacional - Kinesiolog\u00eda\" \/>\n<meta property=\"og:description\" content=\"Los acad\u00e9micos Sonia Roa, Jaime Leppe, Mar\u00eda Jes\u00fas Mena y Ana Cristina Castro presentaron sus trabajos en el Congreso de la Confederaci\u00f3n Mundial de Fisioterapia, realizado en Singapur.\" \/>\n<meta property=\"og:url\" content=\"https:\/\/medicina.udd.cl\/kinesiologia-santiago\/noticias\/2015\/05\/29\/docentes-de-kinesiologia-participan-en-destacada-conferencia-internacional\/\" \/>\n<meta property=\"og:site_name\" content=\"Kinesiolog\u00eda\" \/>\n<meta property=\"article:published_time\" content=\"2015-05-29T13:28:05+00:00\" \/>\n<meta property=\"article:modified_time\" content=\"2015-06-01T13:33:59+00:00\" \/>\n<meta property=\"og:image\" content=\"https:\/\/medicina.udd.cl\/kinesiologia-santiago\/files\/2015\/06\/Equipo-de-Investigaci\u00f3n-de-Kinesiolog\u00eda-UDD.jpg\" \/>\n\t<meta property=\"og:image:width\" content=\"675\" \/>\n\t<meta property=\"og:image:height\" content=\"450\" \/>\n\t<meta property=\"og:image:type\" content=\"image\/jpeg\" \/>\n<meta name=\"twitter:label1\" content=\"Escrito por\" \/>\n\t<meta name=\"twitter:data1\" content=\"\" \/>\n\t<meta name=\"twitter:label2\" content=\"Tiempo de lectura\" \/>\n\t<meta name=\"twitter:data2\" content=\"1 minuto\" \/>\n<script type=\"application\/ld+json\" class=\"yoast-schema-graph\">{\"@context\":\"https:\/\/schema.org\",\"@graph\":[{\"@type\":\"Article\",\"@id\":\"https:\/\/medicina.udd.cl\/kinesiologia-santiago\/noticias\/2015\/05\/29\/docentes-de-kinesiologia-participan-en-destacada-conferencia-internacional\/#article\",\"isPartOf\":{\"@id\":\"https:\/\/medicina.udd.cl\/kinesiologia-santiago\/noticias\/2015\/05\/29\/docentes-de-kinesiologia-participan-en-destacada-conferencia-internacional\/\"},\"author\":{\"name\":\"\",\"@id\":\"\"},\"headline\":\"Docentes de Kinesiolog\u00eda participaron en destacada conferencia internacional\",\"datePublished\":\"2015-05-29T13:28:05+00:00\",\"dateModified\":\"2015-06-01T13:33:59+00:00\",\"mainEntityOfPage\":{\"@id\":\"https:\/\/medicina.udd.cl\/kinesiologia-santiago\/noticias\/2015\/05\/29\/docentes-de-kinesiologia-participan-en-destacada-conferencia-internacional\/\"},\"wordCount\":234,\"commentCount\":0,\"image\":{\"@id\":\"https:\/\/medicina.udd.cl\/kinesiologia-santiago\/noticias\/2015\/05\/29\/docentes-de-kinesiologia-participan-en-destacada-conferencia-internacional\/#primaryimage\"},\"thumbnailUrl\":\"https:\/\/medicina.udd.cl\/kinesiologia-santiago\/files\/2015\/06\/Equipo-de-Investigaci\u00f3n-de-Kinesiolog\u00eda-UDD.jpg\",\"articleSection\":[\"Noticias\"],\"inLanguage\":\"es\",\"potentialAction\":[{\"@type\":\"CommentAction\",\"name\":\"Comment\",\"target\":[\"https:\/\/medicina.udd.cl\/kinesiologia-santiago\/noticias\/2015\/05\/29\/docentes-de-kinesiologia-participan-en-destacada-conferencia-internacional\/#respond\"]}]},{\"@type\":\"WebPage\",\"@id\":\"https:\/\/medicina.udd.cl\/kinesiologia-santiago\/noticias\/2015\/05\/29\/docentes-de-kinesiologia-participan-en-destacada-conferencia-internacional\/\",\"url\":\"https:\/\/medicina.udd.cl\/kinesiologia-santiago\/noticias\/2015\/05\/29\/docentes-de-kinesiologia-participan-en-destacada-conferencia-internacional\/\",\"name\":\"Docentes de Kinesiolog\u00eda participaron en destacada conferencia internacional - Kinesiolog\u00eda\",\"isPartOf\":{\"@id\":\"https:\/\/medicina.udd.cl\/kinesiologia-santiago\/#website\"},\"primaryImageOfPage\":{\"@id\":\"https:\/\/medicina.udd.cl\/kinesiologia-santiago\/noticias\/2015\/05\/29\/docentes-de-kinesiologia-participan-en-destacada-conferencia-internacional\/#primaryimage\"},\"image\":{\"@id\":\"https:\/\/medicina.udd.cl\/kinesiologia-santiago\/noticias\/2015\/05\/29\/docentes-de-kinesiologia-participan-en-destacada-conferencia-internacional\/#primaryimage\"},\"thumbnailUrl\":\"https:\/\/medicina.udd.cl\/kinesiologia-santiago\/files\/2015\/06\/Equipo-de-Investigaci\u00f3n-de-Kinesiolog\u00eda-UDD.jpg\",\"datePublished\":\"2015-05-29T13:28:05+00:00\",\"dateModified\":\"2015-06-01T13:33:59+00:00\",\"author\":{\"@id\":\"\"},\"breadcrumb\":{\"@id\":\"https:\/\/medicina.udd.cl\/kinesiologia-santiago\/noticias\/2015\/05\/29\/docentes-de-kinesiologia-participan-en-destacada-conferencia-internacional\/#breadcrumb\"},\"inLanguage\":\"es\",\"potentialAction\":[{\"@type\":\"ReadAction\",\"target\":[\"https:\/\/medicina.udd.cl\/kinesiologia-santiago\/noticias\/2015\/05\/29\/docentes-de-kinesiologia-participan-en-destacada-conferencia-internacional\/\"]}]},{\"@type\":\"ImageObject\",\"inLanguage\":\"es\",\"@id\":\"https:\/\/medicina.udd.cl\/kinesiologia-santiago\/noticias\/2015\/05\/29\/docentes-de-kinesiologia-participan-en-destacada-conferencia-internacional\/#primaryimage\",\"url\":\"https:\/\/medicina.udd.cl\/kinesiologia-santiago\/files\/2015\/06\/Equipo-de-Investigaci\u00f3n-de-Kinesiolog\u00eda-UDD.jpg\",\"contentUrl\":\"https:\/\/medicina.udd.cl\/kinesiologia-santiago\/files\/2015\/06\/Equipo-de-Investigaci\u00f3n-de-Kinesiolog\u00eda-UDD.jpg\",\"width\":675,\"height\":450},{\"@type\":\"BreadcrumbList\",\"@id\":\"https:\/\/medicina.udd.cl\/kinesiologia-santiago\/noticias\/2015\/05\/29\/docentes-de-kinesiologia-participan-en-destacada-conferencia-internacional\/#breadcrumb\",\"itemListElement\":[{\"@type\":\"ListItem\",\"position\":1,\"name\":\"Home\",\"item\":\"https:\/\/medicina.udd.cl\/kinesiologia-santiago\/\"},{\"@type\":\"ListItem\",\"position\":2,\"name\":\"Docentes de Kinesiolog\u00eda participaron en destacada conferencia internacional\"}]},{\"@type\":\"WebSite\",\"@id\":\"https:\/\/medicina.udd.cl\/kinesiologia-santiago\/#website\",\"url\":\"https:\/\/medicina.udd.cl\/kinesiologia-santiago\/\",\"name\":\"Kinesiolog\u00eda\",\"description\":\"Facultad de Medicina Cl\u00ednica Alemana Universidad del Desarrollo\",\"inLanguage\":\"es\"},{\"@type\":\"Person\",\"@id\":\"\",\"url\":\"https:\/\/medicina.udd.cl\/kinesiologia-santiago\/noticias\/author\/\"}]}<\/script>\n<!-- \/ Yoast SEO plugin. -->","yoast_head_json":{"title":"Docentes de Kinesiolog\u00eda participaron en destacada conferencia internacional - Kinesiolog\u00eda","robots":{"index":"index","follow":"follow","max-snippet":"max-snippet:-1","max-image-preview":"max-image-preview:large","max-video-preview":"max-video-preview:-1"},"canonical":"https:\/\/medicina.udd.cl\/kinesiologia-santiago\/noticias\/2015\/05\/29\/docentes-de-kinesiologia-participan-en-destacada-conferencia-internacional\/","og_locale":"es_ES","og_type":"article","og_title":"Docentes de Kinesiolog\u00eda participaron en destacada conferencia internacional - Kinesiolog\u00eda","og_description":"Los acad\u00e9micos Sonia Roa, Jaime Leppe, Mar\u00eda Jes\u00fas Mena y Ana Cristina Castro presentaron sus trabajos en el Congreso de la Confederaci\u00f3n Mundial de Fisioterapia, realizado en Singapur.","og_url":"https:\/\/medicina.udd.cl\/kinesiologia-santiago\/noticias\/2015\/05\/29\/docentes-de-kinesiologia-participan-en-destacada-conferencia-internacional\/","og_site_name":"Kinesiolog\u00eda","article_published_time":"2015-05-29T13:28:05+00:00","article_modified_time":"2015-06-01T13:33:59+00:00","og_image":[{"width":675,"height":450,"url":"https:\/\/medicina.udd.cl\/kinesiologia-santiago\/files\/2015\/06\/Equipo-de-Investigaci\u00f3n-de-Kinesiolog\u00eda-UDD.jpg","type":"image\/jpeg"}],"twitter_misc":{"Escrito por":"","Tiempo de lectura":"1 minuto"},"schema":{"@context":"https:\/\/schema.org","@graph":[{"@type":"Article","@id":"https:\/\/medicina.udd.cl\/kinesiologia-santiago\/noticias\/2015\/05\/29\/docentes-de-kinesiologia-participan-en-destacada-conferencia-internacional\/#article","isPartOf":{"@id":"https:\/\/medicina.udd.cl\/kinesiologia-santiago\/noticias\/2015\/05\/29\/docentes-de-kinesiologia-participan-en-destacada-conferencia-internacional\/"},"author":{"name":"","@id":""},"headline":"Docentes de Kinesiolog\u00eda participaron en destacada conferencia internacional","datePublished":"2015-05-29T13:28:05+00:00","dateModified":"2015-06-01T13:33:59+00:00","mainEntityOfPage":{"@id":"https:\/\/medicina.udd.cl\/kinesiologia-santiago\/noticias\/2015\/05\/29\/docentes-de-kinesiologia-participan-en-destacada-conferencia-internacional\/"},"wordCount":234,"commentCount":0,"image":{"@id":"https:\/\/medicina.udd.cl\/kinesiologia-santiago\/noticias\/2015\/05\/29\/docentes-de-kinesiologia-participan-en-destacada-conferencia-internacional\/#primaryimage"},"thumbnailUrl":"https:\/\/medicina.udd.cl\/kinesiologia-santiago\/files\/2015\/06\/Equipo-de-Investigaci\u00f3n-de-Kinesiolog\u00eda-UDD.jpg","articleSection":["Noticias"],"inLanguage":"es","potentialAction":[{"@type":"CommentAction","name":"Comment","target":["https:\/\/medicina.udd.cl\/kinesiologia-santiago\/noticias\/2015\/05\/29\/docentes-de-kinesiologia-participan-en-destacada-conferencia-internacional\/#respond"]}]},{"@type":"WebPage","@id":"https:\/\/medicina.udd.cl\/kinesiologia-santiago\/noticias\/2015\/05\/29\/docentes-de-kinesiologia-participan-en-destacada-conferencia-internacional\/","url":"https:\/\/medicina.udd.cl\/kinesiologia-santiago\/noticias\/2015\/05\/29\/docentes-de-kinesiologia-participan-en-destacada-conferencia-internacional\/","name":"Docentes de Kinesiolog\u00eda participaron en destacada conferencia internacional - Kinesiolog\u00eda","isPartOf":{"@id":"https:\/\/medicina.udd.cl\/kinesiologia-santiago\/#website"},"primaryImageOfPage":{"@id":"https:\/\/medicina.udd.cl\/kinesiologia-santiago\/noticias\/2015\/05\/29\/docentes-de-kinesiologia-participan-en-destacada-conferencia-internacional\/#primaryimage"},"image":{"@id":"https:\/\/medicina.udd.cl\/kinesiologia-santiago\/noticias\/2015\/05\/29\/docentes-de-kinesiologia-participan-en-destacada-conferencia-internacional\/#primaryimage"},"thumbnailUrl":"https:\/\/medicina.udd.cl\/kinesiologia-santiago\/files\/2015\/06\/Equipo-de-Investigaci\u00f3n-de-Kinesiolog\u00eda-UDD.jpg","datePublished":"2015-05-29T13:28:05+00:00","dateModified":"2015-06-01T13:33:59+00:00","author":{"@id":""},"breadcrumb":{"@id":"https:\/\/medicina.udd.cl\/kinesiologia-santiago\/noticias\/2015\/05\/29\/docentes-de-kinesiologia-participan-en-destacada-conferencia-internacional\/#breadcrumb"},"inLanguage":"es","potentialAction":[{"@type":"ReadAction","target":["https:\/\/medicina.udd.cl\/kinesiologia-santiago\/noticias\/2015\/05\/29\/docentes-de-kinesiologia-participan-en-destacada-conferencia-internacional\/"]}]},{"@type":"ImageObject","inLanguage":"es","@id":"https:\/\/medicina.udd.cl\/kinesiologia-santiago\/noticias\/2015\/05\/29\/docentes-de-kinesiologia-participan-en-destacada-conferencia-internacional\/#primaryimage","url":"https:\/\/medicina.udd.cl\/kinesiologia-santiago\/files\/2015\/06\/Equipo-de-Investigaci\u00f3n-de-Kinesiolog\u00eda-UDD.jpg","contentUrl":"https:\/\/medicina.udd.cl\/kinesiologia-santiago\/files\/2015\/06\/Equipo-de-Investigaci\u00f3n-de-Kinesiolog\u00eda-UDD.jpg","width":675,"height":450},{"@type":"BreadcrumbList","@id":"https:\/\/medicina.udd.cl\/kinesiologia-santiago\/noticias\/2015\/05\/29\/docentes-de-kinesiologia-participan-en-destacada-conferencia-internacional\/#breadcrumb","itemListElement":[{"@type":"ListItem","position":1,"name":"Home","item":"https:\/\/medicina.udd.cl\/kinesiologia-santiago\/"},{"@type":"ListItem","position":2,"name":"Docentes de Kinesiolog\u00eda participaron en destacada conferencia internacional"}]},{"@type":"WebSite","@id":"https:\/\/medicina.udd.cl\/kinesiologia-santiago\/#website","url":"https:\/\/medicina.udd.cl\/kinesiologia-santiago\/","name":"Kinesiolog\u00eda","description":"Facultad de Medicina Cl\u00ednica Alemana Universidad del Desarrollo","inLanguage":"es"},{"@type":"Person","@id":"","url":"https:\/\/medicina.udd.cl\/kinesiologia-santiago\/noticias\/author\/"}]}},"featured_image_url":"https:\/\/medicina.udd.cl\/kinesiologia-santiago\/files\/2015\/06\/Equipo-de-Investigaci\u00f3n-de-Kinesiolog\u00eda-UDD.jpg","_links":{"self":[{"href":"https:\/\/medicina.udd.cl\/kinesiologia-santiago\/wp-json\/wp\/v2\/posts\/2226","targetHints":{"allow":["GET"]}}],"collection":[{"href":"https:\/\/medicina.udd.cl\/kinesiologia-santiago\/wp-json\/wp\/v2\/posts"}],"about":[{"href":"https:\/\/medicina.udd.cl\/kinesiologia-santiago\/wp-json\/wp\/v2\/types\/post"}],"author":[{"embeddable":true,"href":"https:\/\/medicina.udd.cl\/kinesiologia-santiago\/wp-json\/wp\/v2\/users\/42"}],"replies":[{"embeddable":true,"href":"https:\/\/medicina.udd.cl\/kinesiologia-santiago\/wp-json\/wp\/v2\/comments?post=2226"}],"version-history":[{"count":8,"href":"https:\/\/medicina.udd.cl\/kinesiologia-santiago\/wp-json\/wp\/v2\/posts\/2226\/revisions"}],"predecessor-version":[{"id":2239,"href":"https:\/\/medicina.udd.cl\/kinesiologia-santiago\/wp-json\/wp\/v2\/posts\/2226\/revisions\/2239"}],"wp:featuredmedia":[{"embeddable":true,"href":"https:\/\/medicina.udd.cl\/kinesiologia-santiago\/wp-json\/wp\/v2\/media\/2233"}],"wp:attachment":[{"href":"https:\/\/medicina.udd.cl\/kinesiologia-santiago\/wp-json\/wp\/v2\/media?parent=2226"}],"wp:term":[{"taxonomy":"category","embeddable":true,"href":"https:\/\/medicina.udd.cl\/kinesiologia-santiago\/wp-json\/wp\/v2\/categories?post=2226"},{"taxonomy":"post_tag","embeddable":true,"href":"https:\/\/medicina.udd.cl\/kinesiologia-santiago\/wp-json\/wp\/v2\/tags?post=2226"}],"curies":[{"name":"wp","href":"https:\/\/api.w.org\/{rel}","templated":true}]}}