{"id":230,"date":"2010-11-15T12:08:46","date_gmt":"2010-11-15T15:08:46","guid":{"rendered":"http:\/\/medicina.udd.cl\/kinesiologia-santiago\/2010\/11\/15\/i-corrida-%e2%80%9cdestruyendo-mitos-envejecimiento-activo%e2%80%9d\/"},"modified":"2010-11-16T11:04:08","modified_gmt":"2010-11-16T14:04:08","slug":"i-corrida-%e2%80%9cdestruyendo-mitos-envejecimiento-activo%e2%80%9d","status":"publish","type":"post","link":"https:\/\/medicina.udd.cl\/kinesiologia-santiago\/noticias\/2010\/11\/15\/i-corrida-%e2%80%9cdestruyendo-mitos-envejecimiento-activo%e2%80%9d\/","title":{"rendered":"I Corrida \u201cDestruyendo mitos: Envejecimiento activo\u201d"},"content":{"rendered":"<p style=\"text-align: justify\">El d\u00eda 13 de noviembre\u00a0se realiz\u00f3\u00a0la primera Corrida\u00a0 <strong>\u201cDestruyendo mitos: Envejecimiento activo\u201d<\/strong> del Hogar de Cristo, sede Rosita Renard de Nos.<\/p>\n<p style=\"text-align: justify\">El encuentro, realizado en el Mall Plaza Sur de la comuna de San Bernardo, reuni\u00f3 a 50 adultos mayores pertenecientes a esta sede del Hogar de Cristo, que compitieron activamente en 3 categor\u00edas: silla de ruedas (100 mts), marcha independiente (100 mts) y marcha con ayuda t\u00e9cnica (100 mts).<\/p>\n<p style=\"text-align: justify\">Esta actividad fue programada con el equipo de profesionales que trabajan en el hogar y con la ayuda de los asistentes y\u00a0voluntarios de\u00a0Enfermer\u00eda de la\u00a0Universidad San Sebasti\u00e1n, Supermercado Lider, Colegio Elvira Brady y nuestros alumnos de Kinesiolog\u00eda de la Facultad de Medicina Cl\u00ednica Alemana Universidad del Desarrollo Santiago.<\/p>\n<p>Los\u00a0alumnos de Kinesiolog\u00eda\u00a0que participaron (tercer a\u00f1o) son:<\/p>\n<ul>\n<li>Pablo Quiroz, que fue condecorado\u00a0por su participaci\u00f3n en el evento<\/li>\n<li>Carolina Acu\u00f1a<\/li>\n<li>Teresa Ojeda<\/li>\n<li>Javiera Acevedo<\/li>\n<li>Catalina Truan<\/li>\n<li>Sebasti\u00e1n Montero<\/li>\n<li>Manuela Besomi<\/li>\n<li>Catalina Olsen<\/li>\n<li>Margot Watznauer<\/li>\n<li>Luis Videla<\/li>\n<li>Javiera Urrutia<\/li>\n<li>Valentina Guardiola<\/li>\n<li>Jos\u00e9 Tom\u00e1s Luengo<\/li>\n<li>Josefina Garrido<\/li>\n<li>Ronald Diaz<\/li>\n<li>Estefan\u00eda Medina<\/li>\n<li>Stefano Gazzana<\/li>\n<li>Junto con las docentes. Andrea Pizarro y Mar\u00eda Jos\u00e9 Sep\u00falveda<\/li>\n<\/ul>\n<p style=\"text-align: justify\">Esta fue una actividad voluntaria\u00a0 y los alumnos participantes demostraron compromiso, respeto y mucho entusiasmo en ella,\u00a0 lo cual contribuy\u00f3 a que se realizar\u00e1 con \u00e9xito lo planteado a lo largo de la jornada.<\/p>\n<div id=\"gallery-1\" class=\"carousel slide carousel-gallery\" data-ride=\"false\" data-interval=\"false\"><div class=\"carousel-inner\" role=\"listbox\"><figure class=\"carousel-item active\"><img loading=\"lazy\" decoding=\"async\" width=\"696\" height=\"534\" src=\"https:\/\/medicina.udd.cl\/kinesiologia-santiago\/files\/2010\/11\/c-5.jpg\" class=\"attachment-landscape_952 size-landscape_952\" alt=\"\" srcset=\"https:\/\/medicina.udd.cl\/kinesiologia-santiago\/files\/2010\/11\/c-5.jpg 800w, https:\/\/medicina.udd.cl\/kinesiologia-santiago\/files\/2010\/11\/c-5-300x230.jpg 300w, https:\/\/medicina.udd.cl\/kinesiologia-santiago\/files\/2010\/11\/c-5-768x589.jpg 768w, https:\/\/medicina.udd.cl\/kinesiologia-santiago\/files\/2010\/11\/c-5-182x140.jpg 182w\" sizes=\"auto, (max-width: 696px) 100vw, 696px\" \/><\/figure><figure class=\"carousel-item\"><img loading=\"lazy\" decoding=\"async\" width=\"712\" height=\"534\" src=\"https:\/\/medicina.udd.cl\/kinesiologia-santiago\/files\/2010\/11\/c4.jpg\" class=\"attachment-landscape_952 size-landscape_952\" alt=\"\" srcset=\"https:\/\/medicina.udd.cl\/kinesiologia-santiago\/files\/2010\/11\/c4.jpg 800w, https:\/\/medicina.udd.cl\/kinesiologia-santiago\/files\/2010\/11\/c4-300x225.jpg 300w, https:\/\/medicina.udd.cl\/kinesiologia-santiago\/files\/2010\/11\/c4-768x576.jpg 768w\" sizes=\"auto, (max-width: 712px) 100vw, 712px\" \/><\/figure><figure class=\"carousel-item\"><img loading=\"lazy\" decoding=\"async\" width=\"712\" height=\"534\" src=\"https:\/\/medicina.udd.cl\/kinesiologia-santiago\/files\/2010\/11\/c-2.jpg\" class=\"attachment-landscape_952 size-landscape_952\" alt=\"\" srcset=\"https:\/\/medicina.udd.cl\/kinesiologia-santiago\/files\/2010\/11\/c-2.jpg 800w, https:\/\/medicina.udd.cl\/kinesiologia-santiago\/files\/2010\/11\/c-2-300x225.jpg 300w, https:\/\/medicina.udd.cl\/kinesiologia-santiago\/files\/2010\/11\/c-2-768x576.jpg 768w\" sizes=\"auto, (max-width: 712px) 100vw, 712px\" \/><\/figure><figure class=\"carousel-item\"><img loading=\"lazy\" decoding=\"async\" width=\"712\" height=\"534\" src=\"https:\/\/medicina.udd.cl\/kinesiologia-santiago\/files\/2010\/11\/c-1.jpg\" class=\"attachment-landscape_952 size-landscape_952\" alt=\"\" srcset=\"https:\/\/medicina.udd.cl\/kinesiologia-santiago\/files\/2010\/11\/c-1.jpg 800w, https:\/\/medicina.udd.cl\/kinesiologia-santiago\/files\/2010\/11\/c-1-300x225.jpg 300w, https:\/\/medicina.udd.cl\/kinesiologia-santiago\/files\/2010\/11\/c-1-768x576.jpg 768w\" sizes=\"auto, (max-width: 712px) 100vw, 712px\" \/><\/figure><\/div><footer class=\"carousel-footer\"><div class=\"carousel-counter\"><span class=\"carousel-counter-current\"><\/span> \/ <span class=\"carousel-counter-total\"><\/span><\/div><a class=\"carousel-control-prev\" href=\"#gallery-1\" role=\"button\" data-slide=\"prev\"><svg aria-hidden=\"true\" class=\"svg-chevron-left-dims\"><use xlink:href='https:\/\/medicina.udd.cl\/kinesiologia-santiago\/wp-content\/themes\/facultades-2018\/assets\/img\/svg\/dist\/main.svg?version=1695853099#chevron-left'><\/use><\/svg><span class=\"sr-only\">Anterior<\/span><\/a><a class=\"carousel-control-next\" href=\"#gallery-1\" role=\"button\" data-slide=\"next\"><svg aria-hidden=\"true\" class=\"svg-chevron-right-dims\"><use xlink:href='https:\/\/medicina.udd.cl\/kinesiologia-santiago\/wp-content\/themes\/facultades-2018\/assets\/img\/svg\/dist\/main.svg?version=1695853099#chevron-right'><\/use><\/svg><span class=\"sr-only\">Siguiente<\/span><\/a><\/footer><\/div>\n","protected":false},"excerpt":{"rendered":"<p>Los alumnos de Kinesiolog\u00eda apoyaron y asistieron a los competidores. <\/p>\n","protected":false},"author":1,"featured_media":0,"comment_status":"open","ping_status":"open","sticky":false,"template":"","format":"standard","meta":{"footnotes":""},"categories":[4],"tags":[],"class_list":["post-230","post","type-post","status-publish","format-standard","hentry","category-noticias"],"yoast_head":"<!-- This site is optimized with the Yoast SEO plugin v26.9 - https:\/\/yoast.com\/product\/yoast-seo-wordpress\/ -->\n<title>I Corrida \u201cDestruyendo mitos: Envejecimiento activo\u201d  - Kinesiolog\u00eda<\/title>\n<meta name=\"robots\" content=\"index, follow, max-snippet:-1, max-image-preview:large, max-video-preview:-1\" \/>\n<link rel=\"canonical\" href=\"https:\/\/medicina.udd.cl\/kinesiologia-santiago\/noticias\/2010\/11\/15\/i-corrida-\u201cdestruyendo-mitos-envejecimiento-activo\u201d\/\" \/>\n<meta property=\"og:locale\" content=\"es_ES\" \/>\n<meta property=\"og:type\" content=\"article\" \/>\n<meta property=\"og:title\" content=\"I Corrida \u201cDestruyendo mitos: Envejecimiento activo\u201d  - Kinesiolog\u00eda\" \/>\n<meta property=\"og:description\" content=\"Los alumnos de Kinesiolog\u00eda apoyaron y asistieron a los competidores.\" \/>\n<meta property=\"og:url\" content=\"https:\/\/medicina.udd.cl\/kinesiologia-santiago\/noticias\/2010\/11\/15\/i-corrida-\u201cdestruyendo-mitos-envejecimiento-activo\u201d\/\" \/>\n<meta property=\"og:site_name\" content=\"Kinesiolog\u00eda\" \/>\n<meta property=\"article:published_time\" content=\"2010-11-15T15:08:46+00:00\" \/>\n<meta property=\"article:modified_time\" content=\"2010-11-16T14:04:08+00:00\" \/>\n<meta property=\"og:image\" content=\"https:\/\/medicina.udd.cl\/kinesiologia-santiago\/files\/2010\/11\/c-5.jpg\" \/>\n<meta name=\"author\" content=\"admin\" \/>\n<meta name=\"twitter:label1\" content=\"Escrito por\" \/>\n\t<meta name=\"twitter:data1\" content=\"admin\" \/>\n\t<meta name=\"twitter:label2\" content=\"Tiempo de lectura\" \/>\n\t<meta name=\"twitter:data2\" content=\"1 minuto\" \/>\n<script type=\"application\/ld+json\" class=\"yoast-schema-graph\">{\"@context\":\"https:\/\/schema.org\",\"@graph\":[{\"@type\":\"Article\",\"@id\":\"https:\/\/medicina.udd.cl\/kinesiologia-santiago\/noticias\/2010\/11\/15\/i-corrida-%e2%80%9cdestruyendo-mitos-envejecimiento-activo%e2%80%9d\/#article\",\"isPartOf\":{\"@id\":\"https:\/\/medicina.udd.cl\/kinesiologia-santiago\/noticias\/2010\/11\/15\/i-corrida-%e2%80%9cdestruyendo-mitos-envejecimiento-activo%e2%80%9d\/\"},\"author\":{\"name\":\"admin\",\"@id\":\"https:\/\/medicina.udd.cl\/kinesiologia-santiago\/#\/schema\/person\/f7abfa784c86da427e89287831f96ab7\"},\"headline\":\"I Corrida \u201cDestruyendo mitos: Envejecimiento activo\u201d\",\"datePublished\":\"2010-11-15T15:08:46+00:00\",\"dateModified\":\"2010-11-16T14:04:08+00:00\",\"mainEntityOfPage\":{\"@id\":\"https:\/\/medicina.udd.cl\/kinesiologia-santiago\/noticias\/2010\/11\/15\/i-corrida-%e2%80%9cdestruyendo-mitos-envejecimiento-activo%e2%80%9d\/\"},\"wordCount\":239,\"commentCount\":0,\"articleSection\":[\"Noticias\"],\"inLanguage\":\"es\",\"potentialAction\":[{\"@type\":\"CommentAction\",\"name\":\"Comment\",\"target\":[\"https:\/\/medicina.udd.cl\/kinesiologia-santiago\/noticias\/2010\/11\/15\/i-corrida-%e2%80%9cdestruyendo-mitos-envejecimiento-activo%e2%80%9d\/#respond\"]}]},{\"@type\":\"WebPage\",\"@id\":\"https:\/\/medicina.udd.cl\/kinesiologia-santiago\/noticias\/2010\/11\/15\/i-corrida-%e2%80%9cdestruyendo-mitos-envejecimiento-activo%e2%80%9d\/\",\"url\":\"https:\/\/medicina.udd.cl\/kinesiologia-santiago\/noticias\/2010\/11\/15\/i-corrida-%e2%80%9cdestruyendo-mitos-envejecimiento-activo%e2%80%9d\/\",\"name\":\"I Corrida \u201cDestruyendo mitos: Envejecimiento activo\u201d - Kinesiolog\u00eda\",\"isPartOf\":{\"@id\":\"https:\/\/medicina.udd.cl\/kinesiologia-santiago\/#website\"},\"datePublished\":\"2010-11-15T15:08:46+00:00\",\"dateModified\":\"2010-11-16T14:04:08+00:00\",\"author\":{\"@id\":\"https:\/\/medicina.udd.cl\/kinesiologia-santiago\/#\/schema\/person\/f7abfa784c86da427e89287831f96ab7\"},\"breadcrumb\":{\"@id\":\"https:\/\/medicina.udd.cl\/kinesiologia-santiago\/noticias\/2010\/11\/15\/i-corrida-%e2%80%9cdestruyendo-mitos-envejecimiento-activo%e2%80%9d\/#breadcrumb\"},\"inLanguage\":\"es\",\"potentialAction\":[{\"@type\":\"ReadAction\",\"target\":[\"https:\/\/medicina.udd.cl\/kinesiologia-santiago\/noticias\/2010\/11\/15\/i-corrida-%e2%80%9cdestruyendo-mitos-envejecimiento-activo%e2%80%9d\/\"]}]},{\"@type\":\"BreadcrumbList\",\"@id\":\"https:\/\/medicina.udd.cl\/kinesiologia-santiago\/noticias\/2010\/11\/15\/i-corrida-%e2%80%9cdestruyendo-mitos-envejecimiento-activo%e2%80%9d\/#breadcrumb\",\"itemListElement\":[{\"@type\":\"ListItem\",\"position\":1,\"name\":\"Home\",\"item\":\"https:\/\/medicina.udd.cl\/kinesiologia-santiago\/\"},{\"@type\":\"ListItem\",\"position\":2,\"name\":\"I Corrida \u201cDestruyendo mitos: Envejecimiento activo\u201d\"}]},{\"@type\":\"WebSite\",\"@id\":\"https:\/\/medicina.udd.cl\/kinesiologia-santiago\/#website\",\"url\":\"https:\/\/medicina.udd.cl\/kinesiologia-santiago\/\",\"name\":\"Kinesiolog\u00eda\",\"description\":\"Facultad de Medicina Cl\u00ednica Alemana Universidad del Desarrollo\",\"inLanguage\":\"es\"},{\"@type\":\"Person\",\"@id\":\"https:\/\/medicina.udd.cl\/kinesiologia-santiago\/#\/schema\/person\/f7abfa784c86da427e89287831f96ab7\",\"name\":\"admin\",\"image\":{\"@type\":\"ImageObject\",\"inLanguage\":\"es\",\"@id\":\"https:\/\/medicina.udd.cl\/kinesiologia-santiago\/#\/schema\/person\/image\/\",\"url\":\"https:\/\/secure.gravatar.com\/avatar\/3cb6da298954dfb54457c0910b8c9ca010abd8d87a60f7d701b6ce4254e1c642?s=96&d=mm&r=g\",\"contentUrl\":\"https:\/\/secure.gravatar.com\/avatar\/3cb6da298954dfb54457c0910b8c9ca010abd8d87a60f7d701b6ce4254e1c642?s=96&d=mm&r=g\",\"caption\":\"admin\"},\"url\":\"https:\/\/medicina.udd.cl\/kinesiologia-santiago\/noticias\/author\/admin\/\"}]}<\/script>\n<!-- \/ Yoast SEO plugin. -->","yoast_head_json":{"title":"I Corrida \u201cDestruyendo mitos: Envejecimiento activo\u201d  - Kinesiolog\u00eda","robots":{"index":"index","follow":"follow","max-snippet":"max-snippet:-1","max-image-preview":"max-image-preview:large","max-video-preview":"max-video-preview:-1"},"canonical":"https:\/\/medicina.udd.cl\/kinesiologia-santiago\/noticias\/2010\/11\/15\/i-corrida-\u201cdestruyendo-mitos-envejecimiento-activo\u201d\/","og_locale":"es_ES","og_type":"article","og_title":"I Corrida \u201cDestruyendo mitos: Envejecimiento activo\u201d  - Kinesiolog\u00eda","og_description":"Los alumnos de Kinesiolog\u00eda apoyaron y asistieron a los competidores.","og_url":"https:\/\/medicina.udd.cl\/kinesiologia-santiago\/noticias\/2010\/11\/15\/i-corrida-\u201cdestruyendo-mitos-envejecimiento-activo\u201d\/","og_site_name":"Kinesiolog\u00eda","article_published_time":"2010-11-15T15:08:46+00:00","article_modified_time":"2010-11-16T14:04:08+00:00","og_image":[{"url":"https:\/\/medicina.udd.cl\/kinesiologia-santiago\/files\/2010\/11\/c-5.jpg","type":"","width":"","height":""}],"author":"admin","twitter_misc":{"Escrito por":"admin","Tiempo de lectura":"1 minuto"},"schema":{"@context":"https:\/\/schema.org","@graph":[{"@type":"Article","@id":"https:\/\/medicina.udd.cl\/kinesiologia-santiago\/noticias\/2010\/11\/15\/i-corrida-%e2%80%9cdestruyendo-mitos-envejecimiento-activo%e2%80%9d\/#article","isPartOf":{"@id":"https:\/\/medicina.udd.cl\/kinesiologia-santiago\/noticias\/2010\/11\/15\/i-corrida-%e2%80%9cdestruyendo-mitos-envejecimiento-activo%e2%80%9d\/"},"author":{"name":"admin","@id":"https:\/\/medicina.udd.cl\/kinesiologia-santiago\/#\/schema\/person\/f7abfa784c86da427e89287831f96ab7"},"headline":"I Corrida \u201cDestruyendo mitos: Envejecimiento activo\u201d","datePublished":"2010-11-15T15:08:46+00:00","dateModified":"2010-11-16T14:04:08+00:00","mainEntityOfPage":{"@id":"https:\/\/medicina.udd.cl\/kinesiologia-santiago\/noticias\/2010\/11\/15\/i-corrida-%e2%80%9cdestruyendo-mitos-envejecimiento-activo%e2%80%9d\/"},"wordCount":239,"commentCount":0,"articleSection":["Noticias"],"inLanguage":"es","potentialAction":[{"@type":"CommentAction","name":"Comment","target":["https:\/\/medicina.udd.cl\/kinesiologia-santiago\/noticias\/2010\/11\/15\/i-corrida-%e2%80%9cdestruyendo-mitos-envejecimiento-activo%e2%80%9d\/#respond"]}]},{"@type":"WebPage","@id":"https:\/\/medicina.udd.cl\/kinesiologia-santiago\/noticias\/2010\/11\/15\/i-corrida-%e2%80%9cdestruyendo-mitos-envejecimiento-activo%e2%80%9d\/","url":"https:\/\/medicina.udd.cl\/kinesiologia-santiago\/noticias\/2010\/11\/15\/i-corrida-%e2%80%9cdestruyendo-mitos-envejecimiento-activo%e2%80%9d\/","name":"I Corrida \u201cDestruyendo mitos: Envejecimiento activo\u201d - Kinesiolog\u00eda","isPartOf":{"@id":"https:\/\/medicina.udd.cl\/kinesiologia-santiago\/#website"},"datePublished":"2010-11-15T15:08:46+00:00","dateModified":"2010-11-16T14:04:08+00:00","author":{"@id":"https:\/\/medicina.udd.cl\/kinesiologia-santiago\/#\/schema\/person\/f7abfa784c86da427e89287831f96ab7"},"breadcrumb":{"@id":"https:\/\/medicina.udd.cl\/kinesiologia-santiago\/noticias\/2010\/11\/15\/i-corrida-%e2%80%9cdestruyendo-mitos-envejecimiento-activo%e2%80%9d\/#breadcrumb"},"inLanguage":"es","potentialAction":[{"@type":"ReadAction","target":["https:\/\/medicina.udd.cl\/kinesiologia-santiago\/noticias\/2010\/11\/15\/i-corrida-%e2%80%9cdestruyendo-mitos-envejecimiento-activo%e2%80%9d\/"]}]},{"@type":"BreadcrumbList","@id":"https:\/\/medicina.udd.cl\/kinesiologia-santiago\/noticias\/2010\/11\/15\/i-corrida-%e2%80%9cdestruyendo-mitos-envejecimiento-activo%e2%80%9d\/#breadcrumb","itemListElement":[{"@type":"ListItem","position":1,"name":"Home","item":"https:\/\/medicina.udd.cl\/kinesiologia-santiago\/"},{"@type":"ListItem","position":2,"name":"I Corrida \u201cDestruyendo mitos: Envejecimiento activo\u201d"}]},{"@type":"WebSite","@id":"https:\/\/medicina.udd.cl\/kinesiologia-santiago\/#website","url":"https:\/\/medicina.udd.cl\/kinesiologia-santiago\/","name":"Kinesiolog\u00eda","description":"Facultad de Medicina Cl\u00ednica Alemana Universidad del Desarrollo","inLanguage":"es"},{"@type":"Person","@id":"https:\/\/medicina.udd.cl\/kinesiologia-santiago\/#\/schema\/person\/f7abfa784c86da427e89287831f96ab7","name":"admin","image":{"@type":"ImageObject","inLanguage":"es","@id":"https:\/\/medicina.udd.cl\/kinesiologia-santiago\/#\/schema\/person\/image\/","url":"https:\/\/secure.gravatar.com\/avatar\/3cb6da298954dfb54457c0910b8c9ca010abd8d87a60f7d701b6ce4254e1c642?s=96&d=mm&r=g","contentUrl":"https:\/\/secure.gravatar.com\/avatar\/3cb6da298954dfb54457c0910b8c9ca010abd8d87a60f7d701b6ce4254e1c642?s=96&d=mm&r=g","caption":"admin"},"url":"https:\/\/medicina.udd.cl\/kinesiologia-santiago\/noticias\/author\/admin\/"}]}},"featured_image_url":null,"_links":{"self":[{"href":"https:\/\/medicina.udd.cl\/kinesiologia-santiago\/wp-json\/wp\/v2\/posts\/230","targetHints":{"allow":["GET"]}}],"collection":[{"href":"https:\/\/medicina.udd.cl\/kinesiologia-santiago\/wp-json\/wp\/v2\/posts"}],"about":[{"href":"https:\/\/medicina.udd.cl\/kinesiologia-santiago\/wp-json\/wp\/v2\/types\/post"}],"author":[{"embeddable":true,"href":"https:\/\/medicina.udd.cl\/kinesiologia-santiago\/wp-json\/wp\/v2\/users\/1"}],"replies":[{"embeddable":true,"href":"https:\/\/medicina.udd.cl\/kinesiologia-santiago\/wp-json\/wp\/v2\/comments?post=230"}],"version-history":[{"count":4,"href":"https:\/\/medicina.udd.cl\/kinesiologia-santiago\/wp-json\/wp\/v2\/posts\/230\/revisions"}],"predecessor-version":[{"id":238,"href":"https:\/\/medicina.udd.cl\/kinesiologia-santiago\/wp-json\/wp\/v2\/posts\/230\/revisions\/238"}],"wp:attachment":[{"href":"https:\/\/medicina.udd.cl\/kinesiologia-santiago\/wp-json\/wp\/v2\/media?parent=230"}],"wp:term":[{"taxonomy":"category","embeddable":true,"href":"https:\/\/medicina.udd.cl\/kinesiologia-santiago\/wp-json\/wp\/v2\/categories?post=230"},{"taxonomy":"post_tag","embeddable":true,"href":"https:\/\/medicina.udd.cl\/kinesiologia-santiago\/wp-json\/wp\/v2\/tags?post=230"}],"curies":[{"name":"wp","href":"https:\/\/api.w.org\/{rel}","templated":true}]}}