{"id":259,"date":"2010-12-17T12:28:57","date_gmt":"2010-12-17T15:28:57","guid":{"rendered":"http:\/\/medicina.udd.cl\/kinesiologia-santiago\/2010\/12\/17\/escuela-de-verano-2011\/"},"modified":"2010-12-20T12:25:57","modified_gmt":"2010-12-20T15:25:57","slug":"escuela-de-verano-2011","status":"publish","type":"post","link":"https:\/\/medicina.udd.cl\/kinesiologia-santiago\/noticias\/2010\/12\/17\/escuela-de-verano-2011\/","title":{"rendered":"Escuela de Verano 2011"},"content":{"rendered":"<figure id=\"attachment_260\" aria-describedby=\"caption-attachment-260\" style=\"width: 300px\" class=\"wp-caption alignleft\"><a href=\"http:\/\/medicina.udd.cl\/kinesiologia-santiago\/files\/2010\/12\/verano-5.jpg\"><img loading=\"lazy\" decoding=\"async\" class=\"size-medium wp-image-260 \" title=\"Escuela de Verano\" src=\"http:\/\/medicina.udd.cl\/kinesiologia-santiago\/files\/2010\/12\/verano-5-300x218.jpg\" alt=\"\" width=\"300\" height=\"218\" \/><\/a><figcaption id=\"caption-attachment-260\" class=\"wp-caption-text\">Kinesiolog\u00eda UDD<\/figcaption><\/figure>\n<p style=\"text-align: justify\">Por segundo a\u00f1o consecutivo, la carrera de Kinesiolog\u00eda de la Facultad de Medicina Cl\u00ednica Alemana Universidad del Desarrollo abrir\u00e1 sus puertas en el mes de enero para realizar cinco cursos de actualizaci\u00f3n dirigidos especialmente\u00a0a kinesi\u00f3logos y estudiantes de la carrera.<\/p>\n<p style=\"text-align: justify\">14 y 15 de enero:<\/p>\n<ul style=\"text-align: justify\">\n<li><strong>Control Motor: Conceptos b\u00e1sicos y aplicaciones cl\u00ednicas: <\/strong>\u00bfc\u00f3mo utilizamos las herramientas del laboratorio en la pr\u00e1ctica cl\u00ednica?<\/li>\n<li><strong>Fisiolog\u00eda del Ejercicio para Kinesi\u00f3logos: <\/strong>actualizaci\u00f3n y pr\u00e1ctica sobre lo \u00faltimo en fisiolog\u00eda del ejercicio aplicado al desempe\u00f1o kin\u00e9sico.<\/li>\n<li><strong>Imagenolog\u00eda de T\u00f3rax en atenci\u00f3n primaria: <\/strong>\u00bfc\u00f3mo aprovechamos las herramientas de imagen para un mejor desempe\u00f1o en atenci\u00f3n primaria?<\/li>\n<\/ul>\n<p style=\"text-align: justify\">\u00a015 y 16 enero:<\/p>\n<ul style=\"text-align: justify\">\n<li><strong>Introducci\u00f3n a la Acupuntura: Uso de la teor\u00eda de meridianos y puntos en el tratamiento de condiciones M\u00fasculo-Esquel\u00e9ticas: <\/strong>Conocer los conceptos b\u00e1sicos de esta t\u00e9cnica milenaria que ha demostrado ser efectiva en disfunciones musculoesquel\u00e9ticas.<\/li>\n<li><strong>Actualizaci\u00f3n en Kinesiolog\u00eda Intensiva: <\/strong>conocer los avances, nuevas herramientas y manejo integral del paciente dentro de la unidad de cuidados intensivos.<\/li>\n<\/ul>\n<p><strong>\u00a0Valor por curso:<\/strong><\/p>\n<ul>\n<li>Kinesi\u00f3logo: $46.000<\/li>\n<li>Estudiante General: $30.000<\/li>\n<li>Familia UDD: $25.000 (estudiantes, profesores, ex alumnos de pregrado y post\u00edtulo).<\/li>\n<\/ul>\n<p><strong>Postulaciones:<\/strong><\/p>\n<p><a href=\"http:\/\/www.udd.cl\/\">www.udd.cl<\/a> Extensi\u00f3n y Capacitaci\u00f3n, Seminarios y Cursos<\/p>\n<p><strong>Consultas:<\/strong><\/p>\n<p>Sra. Liliana Armijo, secretaria de Post\u00edtulo y Postgrado Kinesiolog\u00eda<br \/>\nFono: 3279648<br \/>\n<a href=\"mailto:larmijo@udd.cl\">larmijo@udd.cl<\/a><\/p>\n","protected":false},"excerpt":{"rendered":"<p>Durante el mes de enero se realizar\u00e1n una serie de interesantes cursos de actualizaci\u00f3n dedicados a estudiantes y kinesi\u00f3logos. <\/p>\n","protected":false},"author":1,"featured_media":0,"comment_status":"open","ping_status":"open","sticky":false,"template":"","format":"standard","meta":{"footnotes":""},"categories":[4],"tags":[],"class_list":["post-259","post","type-post","status-publish","format-standard","hentry","category-noticias"],"yoast_head":"<!-- This site is optimized with the Yoast SEO plugin v26.9 - https:\/\/yoast.com\/product\/yoast-seo-wordpress\/ -->\n<title>Escuela de Verano 2011 - Kinesiolog\u00eda<\/title>\n<meta name=\"robots\" content=\"index, follow, max-snippet:-1, max-image-preview:large, max-video-preview:-1\" \/>\n<link rel=\"canonical\" href=\"https:\/\/medicina.udd.cl\/kinesiologia-santiago\/noticias\/2010\/12\/17\/escuela-de-verano-2011\/\" \/>\n<meta property=\"og:locale\" content=\"es_ES\" \/>\n<meta property=\"og:type\" content=\"article\" \/>\n<meta property=\"og:title\" content=\"Escuela de Verano 2011 - Kinesiolog\u00eda\" \/>\n<meta property=\"og:description\" content=\"Durante el mes de enero se realizar\u00e1n una serie de interesantes cursos de actualizaci\u00f3n dedicados a estudiantes y kinesi\u00f3logos.\" \/>\n<meta property=\"og:url\" content=\"https:\/\/medicina.udd.cl\/kinesiologia-santiago\/noticias\/2010\/12\/17\/escuela-de-verano-2011\/\" \/>\n<meta property=\"og:site_name\" content=\"Kinesiolog\u00eda\" \/>\n<meta property=\"article:published_time\" content=\"2010-12-17T15:28:57+00:00\" \/>\n<meta property=\"article:modified_time\" content=\"2010-12-20T15:25:57+00:00\" \/>\n<meta property=\"og:image\" content=\"http:\/\/medicina.udd.cl\/kinesiologia-santiago\/files\/2010\/12\/verano-5-300x218.jpg\" \/>\n<meta name=\"author\" content=\"admin\" \/>\n<meta name=\"twitter:label1\" content=\"Escrito por\" \/>\n\t<meta name=\"twitter:data1\" content=\"admin\" \/>\n\t<meta name=\"twitter:label2\" content=\"Tiempo de lectura\" \/>\n\t<meta name=\"twitter:data2\" content=\"1 minuto\" \/>\n<script type=\"application\/ld+json\" class=\"yoast-schema-graph\">{\"@context\":\"https:\/\/schema.org\",\"@graph\":[{\"@type\":\"Article\",\"@id\":\"https:\/\/medicina.udd.cl\/kinesiologia-santiago\/noticias\/2010\/12\/17\/escuela-de-verano-2011\/#article\",\"isPartOf\":{\"@id\":\"https:\/\/medicina.udd.cl\/kinesiologia-santiago\/noticias\/2010\/12\/17\/escuela-de-verano-2011\/\"},\"author\":{\"name\":\"admin\",\"@id\":\"https:\/\/medicina.udd.cl\/kinesiologia-santiago\/#\/schema\/person\/f7abfa784c86da427e89287831f96ab7\"},\"headline\":\"Escuela de Verano 2011\",\"datePublished\":\"2010-12-17T15:28:57+00:00\",\"dateModified\":\"2010-12-20T15:25:57+00:00\",\"mainEntityOfPage\":{\"@id\":\"https:\/\/medicina.udd.cl\/kinesiologia-santiago\/noticias\/2010\/12\/17\/escuela-de-verano-2011\/\"},\"wordCount\":248,\"commentCount\":12,\"image\":{\"@id\":\"https:\/\/medicina.udd.cl\/kinesiologia-santiago\/noticias\/2010\/12\/17\/escuela-de-verano-2011\/#primaryimage\"},\"thumbnailUrl\":\"http:\/\/medicina.udd.cl\/kinesiologia-santiago\/files\/2010\/12\/verano-5-300x218.jpg\",\"articleSection\":[\"Noticias\"],\"inLanguage\":\"es\",\"potentialAction\":[{\"@type\":\"CommentAction\",\"name\":\"Comment\",\"target\":[\"https:\/\/medicina.udd.cl\/kinesiologia-santiago\/noticias\/2010\/12\/17\/escuela-de-verano-2011\/#respond\"]}]},{\"@type\":\"WebPage\",\"@id\":\"https:\/\/medicina.udd.cl\/kinesiologia-santiago\/noticias\/2010\/12\/17\/escuela-de-verano-2011\/\",\"url\":\"https:\/\/medicina.udd.cl\/kinesiologia-santiago\/noticias\/2010\/12\/17\/escuela-de-verano-2011\/\",\"name\":\"Escuela de Verano 2011 - Kinesiolog\u00eda\",\"isPartOf\":{\"@id\":\"https:\/\/medicina.udd.cl\/kinesiologia-santiago\/#website\"},\"primaryImageOfPage\":{\"@id\":\"https:\/\/medicina.udd.cl\/kinesiologia-santiago\/noticias\/2010\/12\/17\/escuela-de-verano-2011\/#primaryimage\"},\"image\":{\"@id\":\"https:\/\/medicina.udd.cl\/kinesiologia-santiago\/noticias\/2010\/12\/17\/escuela-de-verano-2011\/#primaryimage\"},\"thumbnailUrl\":\"http:\/\/medicina.udd.cl\/kinesiologia-santiago\/files\/2010\/12\/verano-5-300x218.jpg\",\"datePublished\":\"2010-12-17T15:28:57+00:00\",\"dateModified\":\"2010-12-20T15:25:57+00:00\",\"author\":{\"@id\":\"https:\/\/medicina.udd.cl\/kinesiologia-santiago\/#\/schema\/person\/f7abfa784c86da427e89287831f96ab7\"},\"breadcrumb\":{\"@id\":\"https:\/\/medicina.udd.cl\/kinesiologia-santiago\/noticias\/2010\/12\/17\/escuela-de-verano-2011\/#breadcrumb\"},\"inLanguage\":\"es\",\"potentialAction\":[{\"@type\":\"ReadAction\",\"target\":[\"https:\/\/medicina.udd.cl\/kinesiologia-santiago\/noticias\/2010\/12\/17\/escuela-de-verano-2011\/\"]}]},{\"@type\":\"ImageObject\",\"inLanguage\":\"es\",\"@id\":\"https:\/\/medicina.udd.cl\/kinesiologia-santiago\/noticias\/2010\/12\/17\/escuela-de-verano-2011\/#primaryimage\",\"url\":\"http:\/\/medicina.udd.cl\/kinesiologia-santiago\/files\/2010\/12\/verano-5-300x218.jpg\",\"contentUrl\":\"http:\/\/medicina.udd.cl\/kinesiologia-santiago\/files\/2010\/12\/verano-5-300x218.jpg\"},{\"@type\":\"BreadcrumbList\",\"@id\":\"https:\/\/medicina.udd.cl\/kinesiologia-santiago\/noticias\/2010\/12\/17\/escuela-de-verano-2011\/#breadcrumb\",\"itemListElement\":[{\"@type\":\"ListItem\",\"position\":1,\"name\":\"Home\",\"item\":\"https:\/\/medicina.udd.cl\/kinesiologia-santiago\/\"},{\"@type\":\"ListItem\",\"position\":2,\"name\":\"Escuela de Verano 2011\"}]},{\"@type\":\"WebSite\",\"@id\":\"https:\/\/medicina.udd.cl\/kinesiologia-santiago\/#website\",\"url\":\"https:\/\/medicina.udd.cl\/kinesiologia-santiago\/\",\"name\":\"Kinesiolog\u00eda\",\"description\":\"Facultad de Medicina Cl\u00ednica Alemana Universidad del Desarrollo\",\"inLanguage\":\"es\"},{\"@type\":\"Person\",\"@id\":\"https:\/\/medicina.udd.cl\/kinesiologia-santiago\/#\/schema\/person\/f7abfa784c86da427e89287831f96ab7\",\"name\":\"admin\",\"image\":{\"@type\":\"ImageObject\",\"inLanguage\":\"es\",\"@id\":\"https:\/\/medicina.udd.cl\/kinesiologia-santiago\/#\/schema\/person\/image\/\",\"url\":\"https:\/\/secure.gravatar.com\/avatar\/3cb6da298954dfb54457c0910b8c9ca010abd8d87a60f7d701b6ce4254e1c642?s=96&d=mm&r=g\",\"contentUrl\":\"https:\/\/secure.gravatar.com\/avatar\/3cb6da298954dfb54457c0910b8c9ca010abd8d87a60f7d701b6ce4254e1c642?s=96&d=mm&r=g\",\"caption\":\"admin\"},\"url\":\"https:\/\/medicina.udd.cl\/kinesiologia-santiago\/noticias\/author\/admin\/\"}]}<\/script>\n<!-- \/ Yoast SEO plugin. -->","yoast_head_json":{"title":"Escuela de Verano 2011 - Kinesiolog\u00eda","robots":{"index":"index","follow":"follow","max-snippet":"max-snippet:-1","max-image-preview":"max-image-preview:large","max-video-preview":"max-video-preview:-1"},"canonical":"https:\/\/medicina.udd.cl\/kinesiologia-santiago\/noticias\/2010\/12\/17\/escuela-de-verano-2011\/","og_locale":"es_ES","og_type":"article","og_title":"Escuela de Verano 2011 - Kinesiolog\u00eda","og_description":"Durante el mes de enero se realizar\u00e1n una serie de interesantes cursos de actualizaci\u00f3n dedicados a estudiantes y kinesi\u00f3logos.","og_url":"https:\/\/medicina.udd.cl\/kinesiologia-santiago\/noticias\/2010\/12\/17\/escuela-de-verano-2011\/","og_site_name":"Kinesiolog\u00eda","article_published_time":"2010-12-17T15:28:57+00:00","article_modified_time":"2010-12-20T15:25:57+00:00","og_image":[{"url":"http:\/\/medicina.udd.cl\/kinesiologia-santiago\/files\/2010\/12\/verano-5-300x218.jpg","type":"","width":"","height":""}],"author":"admin","twitter_misc":{"Escrito por":"admin","Tiempo de lectura":"1 minuto"},"schema":{"@context":"https:\/\/schema.org","@graph":[{"@type":"Article","@id":"https:\/\/medicina.udd.cl\/kinesiologia-santiago\/noticias\/2010\/12\/17\/escuela-de-verano-2011\/#article","isPartOf":{"@id":"https:\/\/medicina.udd.cl\/kinesiologia-santiago\/noticias\/2010\/12\/17\/escuela-de-verano-2011\/"},"author":{"name":"admin","@id":"https:\/\/medicina.udd.cl\/kinesiologia-santiago\/#\/schema\/person\/f7abfa784c86da427e89287831f96ab7"},"headline":"Escuela de Verano 2011","datePublished":"2010-12-17T15:28:57+00:00","dateModified":"2010-12-20T15:25:57+00:00","mainEntityOfPage":{"@id":"https:\/\/medicina.udd.cl\/kinesiologia-santiago\/noticias\/2010\/12\/17\/escuela-de-verano-2011\/"},"wordCount":248,"commentCount":12,"image":{"@id":"https:\/\/medicina.udd.cl\/kinesiologia-santiago\/noticias\/2010\/12\/17\/escuela-de-verano-2011\/#primaryimage"},"thumbnailUrl":"http:\/\/medicina.udd.cl\/kinesiologia-santiago\/files\/2010\/12\/verano-5-300x218.jpg","articleSection":["Noticias"],"inLanguage":"es","potentialAction":[{"@type":"CommentAction","name":"Comment","target":["https:\/\/medicina.udd.cl\/kinesiologia-santiago\/noticias\/2010\/12\/17\/escuela-de-verano-2011\/#respond"]}]},{"@type":"WebPage","@id":"https:\/\/medicina.udd.cl\/kinesiologia-santiago\/noticias\/2010\/12\/17\/escuela-de-verano-2011\/","url":"https:\/\/medicina.udd.cl\/kinesiologia-santiago\/noticias\/2010\/12\/17\/escuela-de-verano-2011\/","name":"Escuela de Verano 2011 - Kinesiolog\u00eda","isPartOf":{"@id":"https:\/\/medicina.udd.cl\/kinesiologia-santiago\/#website"},"primaryImageOfPage":{"@id":"https:\/\/medicina.udd.cl\/kinesiologia-santiago\/noticias\/2010\/12\/17\/escuela-de-verano-2011\/#primaryimage"},"image":{"@id":"https:\/\/medicina.udd.cl\/kinesiologia-santiago\/noticias\/2010\/12\/17\/escuela-de-verano-2011\/#primaryimage"},"thumbnailUrl":"http:\/\/medicina.udd.cl\/kinesiologia-santiago\/files\/2010\/12\/verano-5-300x218.jpg","datePublished":"2010-12-17T15:28:57+00:00","dateModified":"2010-12-20T15:25:57+00:00","author":{"@id":"https:\/\/medicina.udd.cl\/kinesiologia-santiago\/#\/schema\/person\/f7abfa784c86da427e89287831f96ab7"},"breadcrumb":{"@id":"https:\/\/medicina.udd.cl\/kinesiologia-santiago\/noticias\/2010\/12\/17\/escuela-de-verano-2011\/#breadcrumb"},"inLanguage":"es","potentialAction":[{"@type":"ReadAction","target":["https:\/\/medicina.udd.cl\/kinesiologia-santiago\/noticias\/2010\/12\/17\/escuela-de-verano-2011\/"]}]},{"@type":"ImageObject","inLanguage":"es","@id":"https:\/\/medicina.udd.cl\/kinesiologia-santiago\/noticias\/2010\/12\/17\/escuela-de-verano-2011\/#primaryimage","url":"http:\/\/medicina.udd.cl\/kinesiologia-santiago\/files\/2010\/12\/verano-5-300x218.jpg","contentUrl":"http:\/\/medicina.udd.cl\/kinesiologia-santiago\/files\/2010\/12\/verano-5-300x218.jpg"},{"@type":"BreadcrumbList","@id":"https:\/\/medicina.udd.cl\/kinesiologia-santiago\/noticias\/2010\/12\/17\/escuela-de-verano-2011\/#breadcrumb","itemListElement":[{"@type":"ListItem","position":1,"name":"Home","item":"https:\/\/medicina.udd.cl\/kinesiologia-santiago\/"},{"@type":"ListItem","position":2,"name":"Escuela de Verano 2011"}]},{"@type":"WebSite","@id":"https:\/\/medicina.udd.cl\/kinesiologia-santiago\/#website","url":"https:\/\/medicina.udd.cl\/kinesiologia-santiago\/","name":"Kinesiolog\u00eda","description":"Facultad de Medicina Cl\u00ednica Alemana Universidad del Desarrollo","inLanguage":"es"},{"@type":"Person","@id":"https:\/\/medicina.udd.cl\/kinesiologia-santiago\/#\/schema\/person\/f7abfa784c86da427e89287831f96ab7","name":"admin","image":{"@type":"ImageObject","inLanguage":"es","@id":"https:\/\/medicina.udd.cl\/kinesiologia-santiago\/#\/schema\/person\/image\/","url":"https:\/\/secure.gravatar.com\/avatar\/3cb6da298954dfb54457c0910b8c9ca010abd8d87a60f7d701b6ce4254e1c642?s=96&d=mm&r=g","contentUrl":"https:\/\/secure.gravatar.com\/avatar\/3cb6da298954dfb54457c0910b8c9ca010abd8d87a60f7d701b6ce4254e1c642?s=96&d=mm&r=g","caption":"admin"},"url":"https:\/\/medicina.udd.cl\/kinesiologia-santiago\/noticias\/author\/admin\/"}]}},"featured_image_url":null,"_links":{"self":[{"href":"https:\/\/medicina.udd.cl\/kinesiologia-santiago\/wp-json\/wp\/v2\/posts\/259","targetHints":{"allow":["GET"]}}],"collection":[{"href":"https:\/\/medicina.udd.cl\/kinesiologia-santiago\/wp-json\/wp\/v2\/posts"}],"about":[{"href":"https:\/\/medicina.udd.cl\/kinesiologia-santiago\/wp-json\/wp\/v2\/types\/post"}],"author":[{"embeddable":true,"href":"https:\/\/medicina.udd.cl\/kinesiologia-santiago\/wp-json\/wp\/v2\/users\/1"}],"replies":[{"embeddable":true,"href":"https:\/\/medicina.udd.cl\/kinesiologia-santiago\/wp-json\/wp\/v2\/comments?post=259"}],"version-history":[{"count":9,"href":"https:\/\/medicina.udd.cl\/kinesiologia-santiago\/wp-json\/wp\/v2\/posts\/259\/revisions"}],"predecessor-version":[{"id":269,"href":"https:\/\/medicina.udd.cl\/kinesiologia-santiago\/wp-json\/wp\/v2\/posts\/259\/revisions\/269"}],"wp:attachment":[{"href":"https:\/\/medicina.udd.cl\/kinesiologia-santiago\/wp-json\/wp\/v2\/media?parent=259"}],"wp:term":[{"taxonomy":"category","embeddable":true,"href":"https:\/\/medicina.udd.cl\/kinesiologia-santiago\/wp-json\/wp\/v2\/categories?post=259"},{"taxonomy":"post_tag","embeddable":true,"href":"https:\/\/medicina.udd.cl\/kinesiologia-santiago\/wp-json\/wp\/v2\/tags?post=259"}],"curies":[{"name":"wp","href":"https:\/\/api.w.org\/{rel}","templated":true}]}}