{"id":2597,"date":"2015-10-27T15:42:58","date_gmt":"2015-10-27T18:42:58","guid":{"rendered":"http:\/\/medicina.udd.cl\/kinesiologia-santiago\/?p=2597"},"modified":"2015-10-27T16:13:08","modified_gmt":"2015-10-27T19:13:08","slug":"estudiantes-de-kinesiologia-se-reunen-en-la-udd","status":"publish","type":"post","link":"https:\/\/medicina.udd.cl\/kinesiologia-santiago\/noticias\/2015\/10\/27\/estudiantes-de-kinesiologia-se-reunen-en-la-udd\/","title":{"rendered":"Estudiantes de Kinesiolog\u00eda se re\u00fanen en la UDD"},"content":{"rendered":"<div id=\"gallery-1\" class=\"carousel slide carousel-gallery\" data-ride=\"false\" data-interval=\"false\"><div class=\"carousel-inner\" role=\"listbox\"><figure class=\"carousel-item active\"><img loading=\"lazy\" decoding=\"async\" width=\"675\" height=\"450\" src=\"https:\/\/medicina.udd.cl\/kinesiologia-santiago\/files\/2015\/10\/Encuentro-de-Kinesiolog\u00eda-11.jpg\" class=\"attachment-landscape_952 size-landscape_952\" alt=\"\" srcset=\"https:\/\/medicina.udd.cl\/kinesiologia-santiago\/files\/2015\/10\/Encuentro-de-Kinesiolog\u00eda-11.jpg 675w, https:\/\/medicina.udd.cl\/kinesiologia-santiago\/files\/2015\/10\/Encuentro-de-Kinesiolog\u00eda-11-300x200.jpg 300w\" sizes=\"auto, (max-width: 675px) 100vw, 675px\" \/><\/figure><figure class=\"carousel-item\"><img loading=\"lazy\" decoding=\"async\" width=\"675\" height=\"450\" src=\"https:\/\/medicina.udd.cl\/kinesiologia-santiago\/files\/2015\/10\/Encuentro-de-Kinesiolog\u00eda-1.jpg\" class=\"attachment-landscape_952 size-landscape_952\" alt=\"\" srcset=\"https:\/\/medicina.udd.cl\/kinesiologia-santiago\/files\/2015\/10\/Encuentro-de-Kinesiolog\u00eda-1.jpg 675w, https:\/\/medicina.udd.cl\/kinesiologia-santiago\/files\/2015\/10\/Encuentro-de-Kinesiolog\u00eda-1-300x200.jpg 300w\" sizes=\"auto, (max-width: 675px) 100vw, 675px\" \/><\/figure><figure class=\"carousel-item\"><img loading=\"lazy\" decoding=\"async\" width=\"675\" height=\"450\" src=\"https:\/\/medicina.udd.cl\/kinesiologia-santiago\/files\/2015\/10\/Encuentro-de-Kinesiolog\u00eda-8.jpg\" class=\"attachment-landscape_952 size-landscape_952\" alt=\"\" srcset=\"https:\/\/medicina.udd.cl\/kinesiologia-santiago\/files\/2015\/10\/Encuentro-de-Kinesiolog\u00eda-8.jpg 675w, https:\/\/medicina.udd.cl\/kinesiologia-santiago\/files\/2015\/10\/Encuentro-de-Kinesiolog\u00eda-8-300x200.jpg 300w\" sizes=\"auto, (max-width: 675px) 100vw, 675px\" \/><\/figure><figure class=\"carousel-item\"><img loading=\"lazy\" decoding=\"async\" width=\"801\" height=\"450\" src=\"https:\/\/medicina.udd.cl\/kinesiologia-santiago\/files\/2015\/10\/Encuentro-de-Kinesiolog\u00eda-5.jpg\" class=\"attachment-landscape_952 size-landscape_952\" alt=\"\" srcset=\"https:\/\/medicina.udd.cl\/kinesiologia-santiago\/files\/2015\/10\/Encuentro-de-Kinesiolog\u00eda-5.jpg 801w, https:\/\/medicina.udd.cl\/kinesiologia-santiago\/files\/2015\/10\/Encuentro-de-Kinesiolog\u00eda-5-300x169.jpg 300w, https:\/\/medicina.udd.cl\/kinesiologia-santiago\/files\/2015\/10\/Encuentro-de-Kinesiolog\u00eda-5-768x431.jpg 768w, https:\/\/medicina.udd.cl\/kinesiologia-santiago\/files\/2015\/10\/Encuentro-de-Kinesiolog\u00eda-5-800x450.jpg 800w\" sizes=\"auto, (max-width: 801px) 100vw, 801px\" \/><\/figure><figure class=\"carousel-item\"><img loading=\"lazy\" decoding=\"async\" width=\"675\" height=\"450\" src=\"https:\/\/medicina.udd.cl\/kinesiologia-santiago\/files\/2015\/10\/Encuentro-de-Kinesiolog\u00eda-2.jpg\" class=\"attachment-landscape_952 size-landscape_952\" alt=\"\" srcset=\"https:\/\/medicina.udd.cl\/kinesiologia-santiago\/files\/2015\/10\/Encuentro-de-Kinesiolog\u00eda-2.jpg 675w, https:\/\/medicina.udd.cl\/kinesiologia-santiago\/files\/2015\/10\/Encuentro-de-Kinesiolog\u00eda-2-300x200.jpg 300w\" sizes=\"auto, (max-width: 675px) 100vw, 675px\" \/><\/figure><figure class=\"carousel-item\"><img loading=\"lazy\" decoding=\"async\" width=\"675\" height=\"450\" src=\"https:\/\/medicina.udd.cl\/kinesiologia-santiago\/files\/2015\/10\/Encuentro-de-Kinesiolog\u00eda-10.jpg\" class=\"attachment-landscape_952 size-landscape_952\" alt=\"\" srcset=\"https:\/\/medicina.udd.cl\/kinesiologia-santiago\/files\/2015\/10\/Encuentro-de-Kinesiolog\u00eda-10.jpg 675w, https:\/\/medicina.udd.cl\/kinesiologia-santiago\/files\/2015\/10\/Encuentro-de-Kinesiolog\u00eda-10-300x200.jpg 300w\" sizes=\"auto, (max-width: 675px) 100vw, 675px\" \/><\/figure><figure class=\"carousel-item\"><img loading=\"lazy\" decoding=\"async\" width=\"675\" height=\"450\" src=\"https:\/\/medicina.udd.cl\/kinesiologia-santiago\/files\/2015\/10\/Encuentro-de-Kinesiolog\u00eda-7.jpg\" class=\"attachment-landscape_952 size-landscape_952\" alt=\"\" srcset=\"https:\/\/medicina.udd.cl\/kinesiologia-santiago\/files\/2015\/10\/Encuentro-de-Kinesiolog\u00eda-7.jpg 675w, https:\/\/medicina.udd.cl\/kinesiologia-santiago\/files\/2015\/10\/Encuentro-de-Kinesiolog\u00eda-7-300x200.jpg 300w\" sizes=\"auto, (max-width: 675px) 100vw, 675px\" \/><\/figure><figure class=\"carousel-item\"><img loading=\"lazy\" decoding=\"async\" width=\"801\" height=\"450\" src=\"https:\/\/medicina.udd.cl\/kinesiologia-santiago\/files\/2015\/10\/Encuentro-de-Kinesiolog\u00eda-4.jpg\" class=\"attachment-landscape_952 size-landscape_952\" alt=\"\" srcset=\"https:\/\/medicina.udd.cl\/kinesiologia-santiago\/files\/2015\/10\/Encuentro-de-Kinesiolog\u00eda-4.jpg 801w, https:\/\/medicina.udd.cl\/kinesiologia-santiago\/files\/2015\/10\/Encuentro-de-Kinesiolog\u00eda-4-300x169.jpg 300w, https:\/\/medicina.udd.cl\/kinesiologia-santiago\/files\/2015\/10\/Encuentro-de-Kinesiolog\u00eda-4-768x431.jpg 768w, https:\/\/medicina.udd.cl\/kinesiologia-santiago\/files\/2015\/10\/Encuentro-de-Kinesiolog\u00eda-4-800x450.jpg 800w\" sizes=\"auto, (max-width: 801px) 100vw, 801px\" \/><\/figure><figure class=\"carousel-item\"><img loading=\"lazy\" decoding=\"async\" width=\"675\" height=\"450\" src=\"https:\/\/medicina.udd.cl\/kinesiologia-santiago\/files\/2015\/10\/Encuentro-de-Kinesiolog\u00eda-9.jpg\" class=\"attachment-landscape_952 size-landscape_952\" alt=\"\" srcset=\"https:\/\/medicina.udd.cl\/kinesiologia-santiago\/files\/2015\/10\/Encuentro-de-Kinesiolog\u00eda-9.jpg 675w, https:\/\/medicina.udd.cl\/kinesiologia-santiago\/files\/2015\/10\/Encuentro-de-Kinesiolog\u00eda-9-300x200.jpg 300w\" sizes=\"auto, (max-width: 675px) 100vw, 675px\" \/><\/figure><figure class=\"carousel-item\"><img loading=\"lazy\" decoding=\"async\" width=\"801\" height=\"450\" src=\"https:\/\/medicina.udd.cl\/kinesiologia-santiago\/files\/2015\/10\/Encuentro-de-Kinesiolog\u00eda-3.jpg\" class=\"attachment-landscape_952 size-landscape_952\" alt=\"\" srcset=\"https:\/\/medicina.udd.cl\/kinesiologia-santiago\/files\/2015\/10\/Encuentro-de-Kinesiolog\u00eda-3.jpg 801w, https:\/\/medicina.udd.cl\/kinesiologia-santiago\/files\/2015\/10\/Encuentro-de-Kinesiolog\u00eda-3-300x169.jpg 300w, https:\/\/medicina.udd.cl\/kinesiologia-santiago\/files\/2015\/10\/Encuentro-de-Kinesiolog\u00eda-3-768x431.jpg 768w, https:\/\/medicina.udd.cl\/kinesiologia-santiago\/files\/2015\/10\/Encuentro-de-Kinesiolog\u00eda-3-800x450.jpg 800w\" sizes=\"auto, (max-width: 801px) 100vw, 801px\" \/><\/figure><\/div><footer class=\"carousel-footer\"><div class=\"carousel-counter\"><span class=\"carousel-counter-current\"><\/span> \/ <span class=\"carousel-counter-total\"><\/span><\/div><a class=\"carousel-control-prev\" href=\"#gallery-1\" role=\"button\" data-slide=\"prev\"><svg aria-hidden=\"true\" class=\"svg-chevron-left-dims\"><use xlink:href='https:\/\/medicina.udd.cl\/kinesiologia-santiago\/wp-content\/themes\/facultades-2018\/assets\/img\/svg\/dist\/main.svg?version=1695853099#chevron-left'><\/use><\/svg><span class=\"sr-only\">Anterior<\/span><\/a><a class=\"carousel-control-next\" href=\"#gallery-1\" role=\"button\" data-slide=\"next\"><svg aria-hidden=\"true\" class=\"svg-chevron-right-dims\"><use xlink:href='https:\/\/medicina.udd.cl\/kinesiologia-santiago\/wp-content\/themes\/facultades-2018\/assets\/img\/svg\/dist\/main.svg?version=1695853099#chevron-right'><\/use><\/svg><span class=\"sr-only\">Siguiente<\/span><\/a><\/footer><\/div>\n<p style=\"text-align: justify;\">En el Aula Magna de la Facultad de Medicina CAS-UDD se realiz\u00f3 el primer Encuentro de Estudiantes de Kinesiolog\u00eda, que organiz\u00f3 el Centro de Estudiantes de la carrera de la UDD y al cual asistieron alumnos de distintas casas de estudio, docentes y autoridades.<\/p>\n<p style=\"text-align: justify;\">El objetivo del encuentro fue mostrar el desarrollo actual de la carrera de Kinesiolog\u00eda en Chile, para lo cual se realizaron actividades divididas en bloques, donde los estudiantes tuvieron la posibilidad de interactuar con los expositores, ser parte de una mesa de discusi\u00f3n y participar en la muestra de p\u00f3sters.<\/p>\n<p style=\"text-align: justify;\">En la ocasi\u00f3n, se abordaron temas como la importancia de la investigaci\u00f3n en kinesiolog\u00eda, la rehabilitaci\u00f3n con electroestimulaci\u00f3n integral activa, la evaluaci\u00f3n din\u00e1mica de la fascia, tend\u00f3n y tejido neural mediante ecograf\u00eda, entre otros.<\/p>\n<p style=\"text-align: justify;\">Para Jorge Molina, director de Kinesiolog\u00eda UDD \u201c\u00e9sta es una tremenda instancia para reunirnos como kinesi\u00f3logos. Tenemos la misi\u00f3n de posicionarnos de la mejor manera en el \u00e1rea de la salud y, para cumplirlo, tenemos que ver las distintas \u00e1reas en las que estamos involucrados y hacernos la pregunta en qu\u00e9 arista podemos aportar m\u00e1s para que nuestra profesi\u00f3n siga creciendo\u201d.<\/p>\n","protected":false},"excerpt":{"rendered":"<p>El objetivo del encuentro, al cual asistieron alumnos de distintas casas de estudio, fue mostrar el desarrollo actual de la carrera en Chile.<\/p>\n","protected":false},"author":47,"featured_media":2599,"comment_status":"open","ping_status":"open","sticky":false,"template":"","format":"standard","meta":{"footnotes":""},"categories":[4],"tags":[],"class_list":["post-2597","post","type-post","status-publish","format-standard","has-post-thumbnail","hentry","category-noticias"],"yoast_head":"<!-- This site is optimized with the Yoast SEO plugin v26.9 - https:\/\/yoast.com\/product\/yoast-seo-wordpress\/ -->\n<title>Estudiantes de Kinesiolog\u00eda se re\u00fanen en la UDD<\/title>\n<meta name=\"description\" content=\"En el Aula Magna de la Facultad de Medicina CAS-UDD se realiz\u00f3 el primer Encuentro de Estudiantes de Kinesiolog\u00eda, que organiz\u00f3 el Centro de Estudiantes de la carrera de la UDD\" \/>\n<meta name=\"robots\" content=\"index, follow, max-snippet:-1, max-image-preview:large, max-video-preview:-1\" \/>\n<link rel=\"canonical\" href=\"https:\/\/medicina.udd.cl\/kinesiologia-santiago\/noticias\/2015\/10\/27\/estudiantes-de-kinesiologia-se-reunen-en-la-udd\/\" \/>\n<meta property=\"og:locale\" content=\"es_ES\" \/>\n<meta property=\"og:type\" content=\"article\" \/>\n<meta property=\"og:title\" content=\"Estudiantes de Kinesiolog\u00eda se re\u00fanen en la UDD\" \/>\n<meta property=\"og:description\" content=\"En el Aula Magna de la Facultad de Medicina CAS-UDD se realiz\u00f3 el primer Encuentro de Estudiantes de Kinesiolog\u00eda, que organiz\u00f3 el Centro de Estudiantes de la carrera de la UDD\" \/>\n<meta property=\"og:url\" content=\"https:\/\/medicina.udd.cl\/kinesiologia-santiago\/noticias\/2015\/10\/27\/estudiantes-de-kinesiologia-se-reunen-en-la-udd\/\" \/>\n<meta property=\"og:site_name\" content=\"Kinesiolog\u00eda\" \/>\n<meta property=\"article:published_time\" content=\"2015-10-27T18:42:58+00:00\" \/>\n<meta property=\"article:modified_time\" content=\"2015-10-27T19:13:08+00:00\" \/>\n<meta property=\"og:image\" content=\"https:\/\/medicina.udd.cl\/kinesiologia-santiago\/files\/2015\/10\/Encuentro-de-Kinesiolog\u00eda-7.jpg\" \/>\n\t<meta property=\"og:image:width\" content=\"675\" \/>\n\t<meta property=\"og:image:height\" content=\"450\" \/>\n\t<meta property=\"og:image:type\" content=\"image\/jpeg\" \/>\n<meta name=\"author\" content=\"rominagianotti\" \/>\n<meta name=\"twitter:label1\" content=\"Escrito por\" \/>\n\t<meta name=\"twitter:data1\" content=\"rominagianotti\" \/>\n\t<meta name=\"twitter:label2\" content=\"Tiempo de lectura\" \/>\n\t<meta name=\"twitter:data2\" content=\"1 minuto\" \/>\n<script type=\"application\/ld+json\" class=\"yoast-schema-graph\">{\"@context\":\"https:\/\/schema.org\",\"@graph\":[{\"@type\":\"Article\",\"@id\":\"https:\/\/medicina.udd.cl\/kinesiologia-santiago\/noticias\/2015\/10\/27\/estudiantes-de-kinesiologia-se-reunen-en-la-udd\/#article\",\"isPartOf\":{\"@id\":\"https:\/\/medicina.udd.cl\/kinesiologia-santiago\/noticias\/2015\/10\/27\/estudiantes-de-kinesiologia-se-reunen-en-la-udd\/\"},\"author\":{\"name\":\"rominagianotti\",\"@id\":\"https:\/\/medicina.udd.cl\/kinesiologia-santiago\/#\/schema\/person\/d2a1450d36aff8cda548012f30ae8d47\"},\"headline\":\"Estudiantes de Kinesiolog\u00eda se re\u00fanen en la UDD\",\"datePublished\":\"2015-10-27T18:42:58+00:00\",\"dateModified\":\"2015-10-27T19:13:08+00:00\",\"mainEntityOfPage\":{\"@id\":\"https:\/\/medicina.udd.cl\/kinesiologia-santiago\/noticias\/2015\/10\/27\/estudiantes-de-kinesiologia-se-reunen-en-la-udd\/\"},\"wordCount\":221,\"commentCount\":0,\"image\":{\"@id\":\"https:\/\/medicina.udd.cl\/kinesiologia-santiago\/noticias\/2015\/10\/27\/estudiantes-de-kinesiologia-se-reunen-en-la-udd\/#primaryimage\"},\"thumbnailUrl\":\"https:\/\/medicina.udd.cl\/kinesiologia-santiago\/files\/2015\/10\/Encuentro-de-Kinesiolog\u00eda-7.jpg\",\"articleSection\":[\"Noticias\"],\"inLanguage\":\"es\",\"potentialAction\":[{\"@type\":\"CommentAction\",\"name\":\"Comment\",\"target\":[\"https:\/\/medicina.udd.cl\/kinesiologia-santiago\/noticias\/2015\/10\/27\/estudiantes-de-kinesiologia-se-reunen-en-la-udd\/#respond\"]}]},{\"@type\":\"WebPage\",\"@id\":\"https:\/\/medicina.udd.cl\/kinesiologia-santiago\/noticias\/2015\/10\/27\/estudiantes-de-kinesiologia-se-reunen-en-la-udd\/\",\"url\":\"https:\/\/medicina.udd.cl\/kinesiologia-santiago\/noticias\/2015\/10\/27\/estudiantes-de-kinesiologia-se-reunen-en-la-udd\/\",\"name\":\"Estudiantes de Kinesiolog\u00eda se re\u00fanen en la UDD\",\"isPartOf\":{\"@id\":\"https:\/\/medicina.udd.cl\/kinesiologia-santiago\/#website\"},\"primaryImageOfPage\":{\"@id\":\"https:\/\/medicina.udd.cl\/kinesiologia-santiago\/noticias\/2015\/10\/27\/estudiantes-de-kinesiologia-se-reunen-en-la-udd\/#primaryimage\"},\"image\":{\"@id\":\"https:\/\/medicina.udd.cl\/kinesiologia-santiago\/noticias\/2015\/10\/27\/estudiantes-de-kinesiologia-se-reunen-en-la-udd\/#primaryimage\"},\"thumbnailUrl\":\"https:\/\/medicina.udd.cl\/kinesiologia-santiago\/files\/2015\/10\/Encuentro-de-Kinesiolog\u00eda-7.jpg\",\"datePublished\":\"2015-10-27T18:42:58+00:00\",\"dateModified\":\"2015-10-27T19:13:08+00:00\",\"author\":{\"@id\":\"https:\/\/medicina.udd.cl\/kinesiologia-santiago\/#\/schema\/person\/d2a1450d36aff8cda548012f30ae8d47\"},\"description\":\"En el Aula Magna de la Facultad de Medicina CAS-UDD se realiz\u00f3 el primer Encuentro de Estudiantes de Kinesiolog\u00eda, que organiz\u00f3 el Centro de Estudiantes de la carrera de la UDD\",\"breadcrumb\":{\"@id\":\"https:\/\/medicina.udd.cl\/kinesiologia-santiago\/noticias\/2015\/10\/27\/estudiantes-de-kinesiologia-se-reunen-en-la-udd\/#breadcrumb\"},\"inLanguage\":\"es\",\"potentialAction\":[{\"@type\":\"ReadAction\",\"target\":[\"https:\/\/medicina.udd.cl\/kinesiologia-santiago\/noticias\/2015\/10\/27\/estudiantes-de-kinesiologia-se-reunen-en-la-udd\/\"]}]},{\"@type\":\"ImageObject\",\"inLanguage\":\"es\",\"@id\":\"https:\/\/medicina.udd.cl\/kinesiologia-santiago\/noticias\/2015\/10\/27\/estudiantes-de-kinesiologia-se-reunen-en-la-udd\/#primaryimage\",\"url\":\"https:\/\/medicina.udd.cl\/kinesiologia-santiago\/files\/2015\/10\/Encuentro-de-Kinesiolog\u00eda-7.jpg\",\"contentUrl\":\"https:\/\/medicina.udd.cl\/kinesiologia-santiago\/files\/2015\/10\/Encuentro-de-Kinesiolog\u00eda-7.jpg\",\"width\":675,\"height\":450},{\"@type\":\"BreadcrumbList\",\"@id\":\"https:\/\/medicina.udd.cl\/kinesiologia-santiago\/noticias\/2015\/10\/27\/estudiantes-de-kinesiologia-se-reunen-en-la-udd\/#breadcrumb\",\"itemListElement\":[{\"@type\":\"ListItem\",\"position\":1,\"name\":\"Home\",\"item\":\"https:\/\/medicina.udd.cl\/kinesiologia-santiago\/\"},{\"@type\":\"ListItem\",\"position\":2,\"name\":\"Estudiantes de Kinesiolog\u00eda se re\u00fanen en la UDD\"}]},{\"@type\":\"WebSite\",\"@id\":\"https:\/\/medicina.udd.cl\/kinesiologia-santiago\/#website\",\"url\":\"https:\/\/medicina.udd.cl\/kinesiologia-santiago\/\",\"name\":\"Kinesiolog\u00eda\",\"description\":\"Facultad de Medicina Cl\u00ednica Alemana Universidad del Desarrollo\",\"inLanguage\":\"es\"},{\"@type\":\"Person\",\"@id\":\"https:\/\/medicina.udd.cl\/kinesiologia-santiago\/#\/schema\/person\/d2a1450d36aff8cda548012f30ae8d47\",\"name\":\"rominagianotti\",\"image\":{\"@type\":\"ImageObject\",\"inLanguage\":\"es\",\"@id\":\"https:\/\/medicina.udd.cl\/kinesiologia-santiago\/#\/schema\/person\/image\/\",\"url\":\"https:\/\/secure.gravatar.com\/avatar\/106dae79925154d9c4e321db25d50a6deb801d5b80ec313022dbea6ef60814cc?s=96&d=mm&r=g\",\"contentUrl\":\"https:\/\/secure.gravatar.com\/avatar\/106dae79925154d9c4e321db25d50a6deb801d5b80ec313022dbea6ef60814cc?s=96&d=mm&r=g\",\"caption\":\"rominagianotti\"},\"url\":\"https:\/\/medicina.udd.cl\/kinesiologia-santiago\/noticias\/author\/rominagianotti\/\"}]}<\/script>\n<!-- \/ Yoast SEO plugin. -->","yoast_head_json":{"title":"Estudiantes de Kinesiolog\u00eda se re\u00fanen en la UDD","description":"En el Aula Magna de la Facultad de Medicina CAS-UDD se realiz\u00f3 el primer Encuentro de Estudiantes de Kinesiolog\u00eda, que organiz\u00f3 el Centro de Estudiantes de la carrera de la UDD","robots":{"index":"index","follow":"follow","max-snippet":"max-snippet:-1","max-image-preview":"max-image-preview:large","max-video-preview":"max-video-preview:-1"},"canonical":"https:\/\/medicina.udd.cl\/kinesiologia-santiago\/noticias\/2015\/10\/27\/estudiantes-de-kinesiologia-se-reunen-en-la-udd\/","og_locale":"es_ES","og_type":"article","og_title":"Estudiantes de Kinesiolog\u00eda se re\u00fanen en la UDD","og_description":"En el Aula Magna de la Facultad de Medicina CAS-UDD se realiz\u00f3 el primer Encuentro de Estudiantes de Kinesiolog\u00eda, que organiz\u00f3 el Centro de Estudiantes de la carrera de la UDD","og_url":"https:\/\/medicina.udd.cl\/kinesiologia-santiago\/noticias\/2015\/10\/27\/estudiantes-de-kinesiologia-se-reunen-en-la-udd\/","og_site_name":"Kinesiolog\u00eda","article_published_time":"2015-10-27T18:42:58+00:00","article_modified_time":"2015-10-27T19:13:08+00:00","og_image":[{"width":675,"height":450,"url":"https:\/\/medicina.udd.cl\/kinesiologia-santiago\/files\/2015\/10\/Encuentro-de-Kinesiolog\u00eda-7.jpg","type":"image\/jpeg"}],"author":"rominagianotti","twitter_misc":{"Escrito por":"rominagianotti","Tiempo de lectura":"1 minuto"},"schema":{"@context":"https:\/\/schema.org","@graph":[{"@type":"Article","@id":"https:\/\/medicina.udd.cl\/kinesiologia-santiago\/noticias\/2015\/10\/27\/estudiantes-de-kinesiologia-se-reunen-en-la-udd\/#article","isPartOf":{"@id":"https:\/\/medicina.udd.cl\/kinesiologia-santiago\/noticias\/2015\/10\/27\/estudiantes-de-kinesiologia-se-reunen-en-la-udd\/"},"author":{"name":"rominagianotti","@id":"https:\/\/medicina.udd.cl\/kinesiologia-santiago\/#\/schema\/person\/d2a1450d36aff8cda548012f30ae8d47"},"headline":"Estudiantes de Kinesiolog\u00eda se re\u00fanen en la UDD","datePublished":"2015-10-27T18:42:58+00:00","dateModified":"2015-10-27T19:13:08+00:00","mainEntityOfPage":{"@id":"https:\/\/medicina.udd.cl\/kinesiologia-santiago\/noticias\/2015\/10\/27\/estudiantes-de-kinesiologia-se-reunen-en-la-udd\/"},"wordCount":221,"commentCount":0,"image":{"@id":"https:\/\/medicina.udd.cl\/kinesiologia-santiago\/noticias\/2015\/10\/27\/estudiantes-de-kinesiologia-se-reunen-en-la-udd\/#primaryimage"},"thumbnailUrl":"https:\/\/medicina.udd.cl\/kinesiologia-santiago\/files\/2015\/10\/Encuentro-de-Kinesiolog\u00eda-7.jpg","articleSection":["Noticias"],"inLanguage":"es","potentialAction":[{"@type":"CommentAction","name":"Comment","target":["https:\/\/medicina.udd.cl\/kinesiologia-santiago\/noticias\/2015\/10\/27\/estudiantes-de-kinesiologia-se-reunen-en-la-udd\/#respond"]}]},{"@type":"WebPage","@id":"https:\/\/medicina.udd.cl\/kinesiologia-santiago\/noticias\/2015\/10\/27\/estudiantes-de-kinesiologia-se-reunen-en-la-udd\/","url":"https:\/\/medicina.udd.cl\/kinesiologia-santiago\/noticias\/2015\/10\/27\/estudiantes-de-kinesiologia-se-reunen-en-la-udd\/","name":"Estudiantes de Kinesiolog\u00eda se re\u00fanen en la UDD","isPartOf":{"@id":"https:\/\/medicina.udd.cl\/kinesiologia-santiago\/#website"},"primaryImageOfPage":{"@id":"https:\/\/medicina.udd.cl\/kinesiologia-santiago\/noticias\/2015\/10\/27\/estudiantes-de-kinesiologia-se-reunen-en-la-udd\/#primaryimage"},"image":{"@id":"https:\/\/medicina.udd.cl\/kinesiologia-santiago\/noticias\/2015\/10\/27\/estudiantes-de-kinesiologia-se-reunen-en-la-udd\/#primaryimage"},"thumbnailUrl":"https:\/\/medicina.udd.cl\/kinesiologia-santiago\/files\/2015\/10\/Encuentro-de-Kinesiolog\u00eda-7.jpg","datePublished":"2015-10-27T18:42:58+00:00","dateModified":"2015-10-27T19:13:08+00:00","author":{"@id":"https:\/\/medicina.udd.cl\/kinesiologia-santiago\/#\/schema\/person\/d2a1450d36aff8cda548012f30ae8d47"},"description":"En el Aula Magna de la Facultad de Medicina CAS-UDD se realiz\u00f3 el primer Encuentro de Estudiantes de Kinesiolog\u00eda, que organiz\u00f3 el Centro de Estudiantes de la carrera de la UDD","breadcrumb":{"@id":"https:\/\/medicina.udd.cl\/kinesiologia-santiago\/noticias\/2015\/10\/27\/estudiantes-de-kinesiologia-se-reunen-en-la-udd\/#breadcrumb"},"inLanguage":"es","potentialAction":[{"@type":"ReadAction","target":["https:\/\/medicina.udd.cl\/kinesiologia-santiago\/noticias\/2015\/10\/27\/estudiantes-de-kinesiologia-se-reunen-en-la-udd\/"]}]},{"@type":"ImageObject","inLanguage":"es","@id":"https:\/\/medicina.udd.cl\/kinesiologia-santiago\/noticias\/2015\/10\/27\/estudiantes-de-kinesiologia-se-reunen-en-la-udd\/#primaryimage","url":"https:\/\/medicina.udd.cl\/kinesiologia-santiago\/files\/2015\/10\/Encuentro-de-Kinesiolog\u00eda-7.jpg","contentUrl":"https:\/\/medicina.udd.cl\/kinesiologia-santiago\/files\/2015\/10\/Encuentro-de-Kinesiolog\u00eda-7.jpg","width":675,"height":450},{"@type":"BreadcrumbList","@id":"https:\/\/medicina.udd.cl\/kinesiologia-santiago\/noticias\/2015\/10\/27\/estudiantes-de-kinesiologia-se-reunen-en-la-udd\/#breadcrumb","itemListElement":[{"@type":"ListItem","position":1,"name":"Home","item":"https:\/\/medicina.udd.cl\/kinesiologia-santiago\/"},{"@type":"ListItem","position":2,"name":"Estudiantes de Kinesiolog\u00eda se re\u00fanen en la UDD"}]},{"@type":"WebSite","@id":"https:\/\/medicina.udd.cl\/kinesiologia-santiago\/#website","url":"https:\/\/medicina.udd.cl\/kinesiologia-santiago\/","name":"Kinesiolog\u00eda","description":"Facultad de Medicina Cl\u00ednica Alemana Universidad del Desarrollo","inLanguage":"es"},{"@type":"Person","@id":"https:\/\/medicina.udd.cl\/kinesiologia-santiago\/#\/schema\/person\/d2a1450d36aff8cda548012f30ae8d47","name":"rominagianotti","image":{"@type":"ImageObject","inLanguage":"es","@id":"https:\/\/medicina.udd.cl\/kinesiologia-santiago\/#\/schema\/person\/image\/","url":"https:\/\/secure.gravatar.com\/avatar\/106dae79925154d9c4e321db25d50a6deb801d5b80ec313022dbea6ef60814cc?s=96&d=mm&r=g","contentUrl":"https:\/\/secure.gravatar.com\/avatar\/106dae79925154d9c4e321db25d50a6deb801d5b80ec313022dbea6ef60814cc?s=96&d=mm&r=g","caption":"rominagianotti"},"url":"https:\/\/medicina.udd.cl\/kinesiologia-santiago\/noticias\/author\/rominagianotti\/"}]}},"featured_image_url":"https:\/\/medicina.udd.cl\/kinesiologia-santiago\/files\/2015\/10\/Encuentro-de-Kinesiolog\u00eda-7.jpg","_links":{"self":[{"href":"https:\/\/medicina.udd.cl\/kinesiologia-santiago\/wp-json\/wp\/v2\/posts\/2597","targetHints":{"allow":["GET"]}}],"collection":[{"href":"https:\/\/medicina.udd.cl\/kinesiologia-santiago\/wp-json\/wp\/v2\/posts"}],"about":[{"href":"https:\/\/medicina.udd.cl\/kinesiologia-santiago\/wp-json\/wp\/v2\/types\/post"}],"author":[{"embeddable":true,"href":"https:\/\/medicina.udd.cl\/kinesiologia-santiago\/wp-json\/wp\/v2\/users\/47"}],"replies":[{"embeddable":true,"href":"https:\/\/medicina.udd.cl\/kinesiologia-santiago\/wp-json\/wp\/v2\/comments?post=2597"}],"version-history":[{"count":4,"href":"https:\/\/medicina.udd.cl\/kinesiologia-santiago\/wp-json\/wp\/v2\/posts\/2597\/revisions"}],"predecessor-version":[{"id":2605,"href":"https:\/\/medicina.udd.cl\/kinesiologia-santiago\/wp-json\/wp\/v2\/posts\/2597\/revisions\/2605"}],"wp:featuredmedia":[{"embeddable":true,"href":"https:\/\/medicina.udd.cl\/kinesiologia-santiago\/wp-json\/wp\/v2\/media\/2599"}],"wp:attachment":[{"href":"https:\/\/medicina.udd.cl\/kinesiologia-santiago\/wp-json\/wp\/v2\/media?parent=2597"}],"wp:term":[{"taxonomy":"category","embeddable":true,"href":"https:\/\/medicina.udd.cl\/kinesiologia-santiago\/wp-json\/wp\/v2\/categories?post=2597"},{"taxonomy":"post_tag","embeddable":true,"href":"https:\/\/medicina.udd.cl\/kinesiologia-santiago\/wp-json\/wp\/v2\/tags?post=2597"}],"curies":[{"name":"wp","href":"https:\/\/api.w.org\/{rel}","templated":true}]}}