{"id":2626,"date":"2015-11-13T09:05:58","date_gmt":"2015-11-13T12:05:58","guid":{"rendered":"http:\/\/medicina.udd.cl\/kinesiologia-santiago\/?p=2626"},"modified":"2015-11-13T09:06:27","modified_gmt":"2015-11-13T12:06:27","slug":"kinesiologia-udd-realizo-exitosa-jornada-de-autoevaluacion","status":"publish","type":"post","link":"https:\/\/medicina.udd.cl\/kinesiologia-santiago\/noticias\/2015\/11\/13\/kinesiologia-udd-realizo-exitosa-jornada-de-autoevaluacion\/","title":{"rendered":"Kinesiolog\u00eda UDD realiz\u00f3 exitosa jornada de autoevaluaci\u00f3n"},"content":{"rendered":"<div id=\"gallery-1\" class=\"carousel slide carousel-gallery\" data-ride=\"false\" data-interval=\"false\"><div class=\"carousel-inner\" role=\"listbox\"><figure class=\"carousel-item active\"><img loading=\"lazy\" decoding=\"async\" width=\"655\" height=\"450\" src=\"https:\/\/medicina.udd.cl\/kinesiologia-santiago\/files\/2015\/11\/Autoevaluaci\u00f3n-Kinesiolog\u00eda-7.jpg\" class=\"attachment-landscape_952 size-landscape_952\" alt=\"\" srcset=\"https:\/\/medicina.udd.cl\/kinesiologia-santiago\/files\/2015\/11\/Autoevaluaci\u00f3n-Kinesiolog\u00eda-7.jpg 655w, https:\/\/medicina.udd.cl\/kinesiologia-santiago\/files\/2015\/11\/Autoevaluaci\u00f3n-Kinesiolog\u00eda-7-300x206.jpg 300w\" sizes=\"auto, (max-width: 655px) 100vw, 655px\" \/><\/figure><figure class=\"carousel-item\"><img loading=\"lazy\" decoding=\"async\" width=\"748\" height=\"450\" src=\"https:\/\/medicina.udd.cl\/kinesiologia-santiago\/files\/2015\/11\/Autoevaluaci\u00f3n-Kinesiolog\u00eda-8.jpg\" class=\"attachment-landscape_952 size-landscape_952\" alt=\"\" srcset=\"https:\/\/medicina.udd.cl\/kinesiologia-santiago\/files\/2015\/11\/Autoevaluaci\u00f3n-Kinesiolog\u00eda-8.jpg 748w, https:\/\/medicina.udd.cl\/kinesiologia-santiago\/files\/2015\/11\/Autoevaluaci\u00f3n-Kinesiolog\u00eda-8-300x180.jpg 300w\" sizes=\"auto, (max-width: 748px) 100vw, 748px\" \/><\/figure><figure class=\"carousel-item\"><img loading=\"lazy\" decoding=\"async\" width=\"473\" height=\"450\" src=\"https:\/\/medicina.udd.cl\/kinesiologia-santiago\/files\/2015\/11\/Autoevaluaci\u00f3n-Kinesiolog\u00eda-6.jpg\" class=\"attachment-landscape_952 size-landscape_952\" alt=\"\" srcset=\"https:\/\/medicina.udd.cl\/kinesiologia-santiago\/files\/2015\/11\/Autoevaluaci\u00f3n-Kinesiolog\u00eda-6.jpg 473w, https:\/\/medicina.udd.cl\/kinesiologia-santiago\/files\/2015\/11\/Autoevaluaci\u00f3n-Kinesiolog\u00eda-6-300x285.jpg 300w\" sizes=\"auto, (max-width: 473px) 100vw, 473px\" \/><\/figure><figure class=\"carousel-item\"><img loading=\"lazy\" decoding=\"async\" width=\"600\" height=\"450\" src=\"https:\/\/medicina.udd.cl\/kinesiologia-santiago\/files\/2015\/11\/Autoevaluaci\u00f3n-Kinesiolog\u00eda-11.jpg\" class=\"attachment-landscape_952 size-landscape_952\" alt=\"\" srcset=\"https:\/\/medicina.udd.cl\/kinesiologia-santiago\/files\/2015\/11\/Autoevaluaci\u00f3n-Kinesiolog\u00eda-11.jpg 600w, https:\/\/medicina.udd.cl\/kinesiologia-santiago\/files\/2015\/11\/Autoevaluaci\u00f3n-Kinesiolog\u00eda-11-300x225.jpg 300w\" sizes=\"auto, (max-width: 600px) 100vw, 600px\" \/><\/figure><figure class=\"carousel-item\"><img loading=\"lazy\" decoding=\"async\" width=\"600\" height=\"450\" src=\"https:\/\/medicina.udd.cl\/kinesiologia-santiago\/files\/2015\/11\/Autoevaluaci\u00f3n-Kinesiolog\u00eda-10.jpg\" class=\"attachment-landscape_952 size-landscape_952\" alt=\"\" srcset=\"https:\/\/medicina.udd.cl\/kinesiologia-santiago\/files\/2015\/11\/Autoevaluaci\u00f3n-Kinesiolog\u00eda-10.jpg 600w, https:\/\/medicina.udd.cl\/kinesiologia-santiago\/files\/2015\/11\/Autoevaluaci\u00f3n-Kinesiolog\u00eda-10-300x225.jpg 300w\" sizes=\"auto, (max-width: 600px) 100vw, 600px\" \/><\/figure><figure class=\"carousel-item\"><img loading=\"lazy\" decoding=\"async\" width=\"681\" height=\"450\" src=\"https:\/\/medicina.udd.cl\/kinesiologia-santiago\/files\/2015\/11\/Autoevaluaci\u00f3n-Kinesiolog\u00eda-9.jpg\" class=\"attachment-landscape_952 size-landscape_952\" alt=\"\" srcset=\"https:\/\/medicina.udd.cl\/kinesiologia-santiago\/files\/2015\/11\/Autoevaluaci\u00f3n-Kinesiolog\u00eda-9.jpg 681w, https:\/\/medicina.udd.cl\/kinesiologia-santiago\/files\/2015\/11\/Autoevaluaci\u00f3n-Kinesiolog\u00eda-9-300x198.jpg 300w\" sizes=\"auto, (max-width: 681px) 100vw, 681px\" \/><\/figure><figure class=\"carousel-item\"><img loading=\"lazy\" decoding=\"async\" width=\"600\" height=\"450\" src=\"https:\/\/medicina.udd.cl\/kinesiologia-santiago\/files\/2015\/11\/Autoevaluaci\u00f3n-Kinesiolog\u00eda-12.jpg\" class=\"attachment-landscape_952 size-landscape_952\" alt=\"\" srcset=\"https:\/\/medicina.udd.cl\/kinesiologia-santiago\/files\/2015\/11\/Autoevaluaci\u00f3n-Kinesiolog\u00eda-12.jpg 600w, https:\/\/medicina.udd.cl\/kinesiologia-santiago\/files\/2015\/11\/Autoevaluaci\u00f3n-Kinesiolog\u00eda-12-300x225.jpg 300w\" sizes=\"auto, (max-width: 600px) 100vw, 600px\" \/><\/figure><figure class=\"carousel-item\"><img loading=\"lazy\" decoding=\"async\" width=\"600\" height=\"450\" src=\"https:\/\/medicina.udd.cl\/kinesiologia-santiago\/files\/2015\/11\/Autoevaluaci\u00f3n-Kinesiolog\u00eda-13.jpg\" class=\"attachment-landscape_952 size-landscape_952\" alt=\"\" srcset=\"https:\/\/medicina.udd.cl\/kinesiologia-santiago\/files\/2015\/11\/Autoevaluaci\u00f3n-Kinesiolog\u00eda-13.jpg 600w, https:\/\/medicina.udd.cl\/kinesiologia-santiago\/files\/2015\/11\/Autoevaluaci\u00f3n-Kinesiolog\u00eda-13-300x225.jpg 300w\" sizes=\"auto, (max-width: 600px) 100vw, 600px\" \/><\/figure><figure class=\"carousel-item\"><img loading=\"lazy\" decoding=\"async\" width=\"754\" height=\"450\" src=\"https:\/\/medicina.udd.cl\/kinesiologia-santiago\/files\/2015\/11\/Autoevaluaci\u00f3n-Kinesiolog\u00eda-4.jpg\" class=\"attachment-landscape_952 size-landscape_952\" alt=\"\" srcset=\"https:\/\/medicina.udd.cl\/kinesiologia-santiago\/files\/2015\/11\/Autoevaluaci\u00f3n-Kinesiolog\u00eda-4.jpg 754w, https:\/\/medicina.udd.cl\/kinesiologia-santiago\/files\/2015\/11\/Autoevaluaci\u00f3n-Kinesiolog\u00eda-4-300x179.jpg 300w\" sizes=\"auto, (max-width: 754px) 100vw, 754px\" \/><\/figure><figure class=\"carousel-item\"><img loading=\"lazy\" decoding=\"async\" width=\"401\" height=\"534\" src=\"https:\/\/medicina.udd.cl\/kinesiologia-santiago\/files\/2015\/11\/Autoevaluaci\u00f3n-Kinesiolog\u00eda-5.jpg\" class=\"attachment-landscape_952 size-landscape_952\" alt=\"\" srcset=\"https:\/\/medicina.udd.cl\/kinesiologia-santiago\/files\/2015\/11\/Autoevaluaci\u00f3n-Kinesiolog\u00eda-5.jpg 450w, https:\/\/medicina.udd.cl\/kinesiologia-santiago\/files\/2015\/11\/Autoevaluaci\u00f3n-Kinesiolog\u00eda-5-225x300.jpg 225w\" sizes=\"auto, (max-width: 401px) 100vw, 401px\" \/><\/figure><figure class=\"carousel-item\"><img loading=\"lazy\" decoding=\"async\" width=\"600\" height=\"450\" src=\"https:\/\/medicina.udd.cl\/kinesiologia-santiago\/files\/2015\/11\/Autoevaluaci\u00f3n-Kinesiolog\u00eda-3.jpg\" class=\"attachment-landscape_952 size-landscape_952\" alt=\"\" srcset=\"https:\/\/medicina.udd.cl\/kinesiologia-santiago\/files\/2015\/11\/Autoevaluaci\u00f3n-Kinesiolog\u00eda-3.jpg 600w, https:\/\/medicina.udd.cl\/kinesiologia-santiago\/files\/2015\/11\/Autoevaluaci\u00f3n-Kinesiolog\u00eda-3-300x225.jpg 300w\" sizes=\"auto, (max-width: 600px) 100vw, 600px\" \/><\/figure><figure class=\"carousel-item\"><img loading=\"lazy\" decoding=\"async\" width=\"600\" height=\"450\" src=\"https:\/\/medicina.udd.cl\/kinesiologia-santiago\/files\/2015\/11\/Autoevaluaci\u00f3n-Kinesiolog\u00eda-2.jpg\" class=\"attachment-landscape_952 size-landscape_952\" alt=\"\" srcset=\"https:\/\/medicina.udd.cl\/kinesiologia-santiago\/files\/2015\/11\/Autoevaluaci\u00f3n-Kinesiolog\u00eda-2.jpg 600w, https:\/\/medicina.udd.cl\/kinesiologia-santiago\/files\/2015\/11\/Autoevaluaci\u00f3n-Kinesiolog\u00eda-2-300x225.jpg 300w\" sizes=\"auto, (max-width: 600px) 100vw, 600px\" \/><\/figure><figure class=\"carousel-item\"><img loading=\"lazy\" decoding=\"async\" width=\"764\" height=\"450\" src=\"https:\/\/medicina.udd.cl\/kinesiologia-santiago\/files\/2015\/11\/Autoevaluaci\u00f3n-Kinesiolog\u00eda-14.jpg\" class=\"attachment-landscape_952 size-landscape_952\" alt=\"\" srcset=\"https:\/\/medicina.udd.cl\/kinesiologia-santiago\/files\/2015\/11\/Autoevaluaci\u00f3n-Kinesiolog\u00eda-14.jpg 764w, https:\/\/medicina.udd.cl\/kinesiologia-santiago\/files\/2015\/11\/Autoevaluaci\u00f3n-Kinesiolog\u00eda-14-300x177.jpg 300w\" sizes=\"auto, (max-width: 764px) 100vw, 764px\" \/><\/figure><figure class=\"carousel-item\"><img loading=\"lazy\" decoding=\"async\" width=\"600\" height=\"450\" src=\"https:\/\/medicina.udd.cl\/kinesiologia-santiago\/files\/2015\/11\/Autoevaluaci\u00f3n-Kinesiolog\u00eda-1.jpg\" class=\"attachment-landscape_952 size-landscape_952\" alt=\"\" srcset=\"https:\/\/medicina.udd.cl\/kinesiologia-santiago\/files\/2015\/11\/Autoevaluaci\u00f3n-Kinesiolog\u00eda-1.jpg 600w, https:\/\/medicina.udd.cl\/kinesiologia-santiago\/files\/2015\/11\/Autoevaluaci\u00f3n-Kinesiolog\u00eda-1-300x225.jpg 300w\" sizes=\"auto, (max-width: 600px) 100vw, 600px\" \/><\/figure><\/div><footer class=\"carousel-footer\"><div class=\"carousel-counter\"><span class=\"carousel-counter-current\"><\/span> \/ <span class=\"carousel-counter-total\"><\/span><\/div><a class=\"carousel-control-prev\" href=\"#gallery-1\" role=\"button\" data-slide=\"prev\"><svg aria-hidden=\"true\" class=\"svg-chevron-left-dims\"><use xlink:href='https:\/\/medicina.udd.cl\/kinesiologia-santiago\/wp-content\/themes\/facultades-2018\/assets\/img\/svg\/dist\/main.svg?version=1695853099#chevron-left'><\/use><\/svg><span class=\"sr-only\">Anterior<\/span><\/a><a class=\"carousel-control-next\" href=\"#gallery-1\" role=\"button\" data-slide=\"next\"><svg aria-hidden=\"true\" class=\"svg-chevron-right-dims\"><use xlink:href='https:\/\/medicina.udd.cl\/kinesiologia-santiago\/wp-content\/themes\/facultades-2018\/assets\/img\/svg\/dist\/main.svg?version=1695853099#chevron-right'><\/use><\/svg><span class=\"sr-only\">Siguiente<\/span><\/a><\/footer><\/div>\n<p style=\"text-align: justify\">El pasado martes 10 de noviembre se realiz\u00f3 una jornada de trabajo de docentes de Kinesiolog\u00eda, convocada por la carrera, la Direcci\u00f3n de Acreditaci\u00f3n Institucional y la Unidad de Calidad y Registro de la Facultad de Medicina CAS-UDD.<\/p>\n<p style=\"text-align: justify\">A la reuni\u00f3n asistieron m\u00e1s de 40 profesores de las distintas asignaturas de Kinesiolog\u00eda, tanto de Santiago como de Concepci\u00f3n, quienes trabajaron en un ambiente de camarader\u00eda y colaboraci\u00f3n.<\/p>\n<p style=\"text-align: justify\">Uno de los objetivos fundamentales del encuentro fue analizar los 9 criterios que incluye la CNA (Comisi\u00f3n Nacional de Acreditaci\u00f3n) para los procesos de acreditaci\u00f3n de pregrado. Adem\u00e1s, Katherine Mar\u00edn, Directora de la Unidad de Calidad y Registro de la Facultad de Medicina CAS-UDD inform\u00f3 a los asistentes las etapas que la carrera ha ido cumpliendo en estos meses de autoevaluaci\u00f3n.<\/p>\n<p style=\"text-align: justify\"><strong>Sinton\u00eda en el trabajo inter-sedes<\/strong><\/p>\n<p style=\"text-align: justify\">Los participantes, tanto de Santiago como de Concepci\u00f3n, demostraron conocer en profundidad la carrera y cu\u00e1les son los aspectos relevantes en el trabajo diario de aseguramiento de la calidad.<\/p>\n<p style=\"text-align: justify\">Ariel N\u00fa\u00f1ez, director de Kinesiolog\u00eda en Concepci\u00f3n, se manifest\u00f3 muy conforme respecto al trabajo realizado por los docentes, mencionando que \u201cla jornada fue exitosa y destac\u00f3 de ella la profundidad del trabajo realizado por los docentes y la tremenda sinton\u00eda con la que se afiataron los equipos de ambas sedes para lograr finalizar la jornada con informaci\u00f3n de alta relevancia\u201d.<\/p>\n<p style=\"text-align: justify\">Por su parte, Jorge Molina, director de la carrera en Santiago, agreg\u00f3 que \u201ctodo este valioso trabajo que realizaron nuestros docentes en la jornada es un insumo necesario para el an\u00e1lisis en los informes de nuestra Acreditaci\u00f3n, lo que refleja el alto compromiso de los docentes con nuestra Carrera y con nuestra Universidad\u201d.<\/p>\n<p style=\"text-align: justify\">Ambos coincidieron en que sus expectativas frente a este desaf\u00edo son altas, basados en la rigurosidad con la que se ha construido el Perfil de Egreso de la Carrera, Modelo Educativo, Plan de Estudio y proceso de homologaci\u00f3n, teniendo como referencia las l\u00edneas de desarrollo y directrices de la Universidad y de las respectivas Facultades.<\/p>\n<p style=\"text-align: justify\"><strong>Cohesi\u00f3n entre Santiago y Concepci\u00f3n<\/strong><\/p>\n<p style=\"text-align: justify\">Adem\u00e1s de realizar un intenso trabajo para la acreditaci\u00f3n de la carrera, los docentes de ambas sedes se dieron tiempo para compartir sus experiencias como formadores en la UDD, conversar acerca de sus c\u00e1tedras e intercambiar buenas practicas.<\/p>\n<p style=\"text-align: justify\">Al finalizar la jornada, la doctora Liliana Jadue, vicedecana de las carreras de la Salud de la Facultad de Medicina CAS-UDD, destac\u00f3 la integraci\u00f3n de los equipos pertenecientes a Santiago y Concepci\u00f3n, enfatizando que \u201chubo cohesi\u00f3n, gran compromiso con la tarea que deb\u00edan realizar y mucha profundidad en el an\u00e1lisis efectuado. Me parece interesante destacar que el grupo tiene profesores con experiencia, pero tambi\u00e9n hay muchos docentes j\u00f3venes que sienten que esto es un aporte en el desarrollo de la carrera y en su propio crecimiento profesional\u201d.<\/p>\n<p style=\"text-align: justify\">Finalmente, el doctor Luis Vicentela, decano de la Facultad de Ciencias de la Salud, de Concepci\u00f3n, a\u00f1adi\u00f3 que sus expectativas frente a la acreditaci\u00f3n de la carrera son altas, ya que \u201cse trata de dos sedes que trabajan muy coordinadamente, reconociendo que cada una tiene particularidades, pero tambi\u00e9n la capacidad de llevar a sus estudiantes a cumplir logros y objetivos, preparando profesionales de excelencia\u201d.<\/p>\n","protected":false},"excerpt":{"rendered":"<p>M\u00e1s de 40 docentes, de Santiago y Concepci\u00f3n, se reunieron a analizar los criterios propuestos por la Comisi\u00f3n Nacional de Acreditaci\u00f3n, en el marco de la autoevaluaci\u00f3n de la carrera.<\/p>\n","protected":false},"author":47,"featured_media":2640,"comment_status":"open","ping_status":"open","sticky":false,"template":"","format":"standard","meta":{"footnotes":""},"categories":[4],"tags":[],"class_list":["post-2626","post","type-post","status-publish","format-standard","has-post-thumbnail","hentry","category-noticias"],"yoast_head":"<!-- This site is optimized with the Yoast SEO plugin v26.9 - https:\/\/yoast.com\/product\/yoast-seo-wordpress\/ -->\n<title>Kinesiolog\u00eda UDD realiz\u00f3 exitosa jornada de autoevaluaci\u00f3n<\/title>\n<meta name=\"description\" content=\"El pasado martes 10 de noviembre se realiz\u00f3 una jornada de trabajo de docentes de Kinesiolog\u00eda, convocada por la carrera, la Direcci\u00f3n de Acreditaci\u00f3n Institucional y la Unidad de Calidad y Registro de la Facultad de Medicina CAS-UDD.\" \/>\n<meta name=\"robots\" content=\"index, follow, max-snippet:-1, max-image-preview:large, max-video-preview:-1\" \/>\n<link rel=\"canonical\" href=\"https:\/\/medicina.udd.cl\/kinesiologia-santiago\/noticias\/2015\/11\/13\/kinesiologia-udd-realizo-exitosa-jornada-de-autoevaluacion\/\" \/>\n<meta property=\"og:locale\" content=\"es_ES\" \/>\n<meta property=\"og:type\" content=\"article\" \/>\n<meta property=\"og:title\" content=\"Kinesiolog\u00eda UDD realiz\u00f3 exitosa jornada de autoevaluaci\u00f3n\" \/>\n<meta property=\"og:description\" content=\"El pasado martes 10 de noviembre se realiz\u00f3 una jornada de trabajo de docentes de Kinesiolog\u00eda, convocada por la carrera, la Direcci\u00f3n de Acreditaci\u00f3n Institucional y la Unidad de Calidad y Registro de la Facultad de Medicina CAS-UDD.\" \/>\n<meta property=\"og:url\" content=\"https:\/\/medicina.udd.cl\/kinesiologia-santiago\/noticias\/2015\/11\/13\/kinesiologia-udd-realizo-exitosa-jornada-de-autoevaluacion\/\" \/>\n<meta property=\"og:site_name\" content=\"Kinesiolog\u00eda\" \/>\n<meta property=\"article:published_time\" content=\"2015-11-13T12:05:58+00:00\" \/>\n<meta property=\"article:modified_time\" content=\"2015-11-13T12:06:27+00:00\" \/>\n<meta property=\"og:image\" content=\"https:\/\/medicina.udd.cl\/kinesiologia-santiago\/files\/2015\/11\/Autoevaluaci\u00f3n-Kinesiolog\u00eda-13.jpg\" \/>\n\t<meta property=\"og:image:width\" content=\"600\" \/>\n\t<meta property=\"og:image:height\" content=\"450\" \/>\n\t<meta property=\"og:image:type\" content=\"image\/jpeg\" \/>\n<meta name=\"author\" content=\"rominagianotti\" \/>\n<meta name=\"twitter:label1\" content=\"Escrito por\" \/>\n\t<meta name=\"twitter:data1\" content=\"rominagianotti\" \/>\n\t<meta name=\"twitter:label2\" content=\"Tiempo de lectura\" \/>\n\t<meta name=\"twitter:data2\" content=\"3 minutos\" \/>\n<script type=\"application\/ld+json\" class=\"yoast-schema-graph\">{\"@context\":\"https:\/\/schema.org\",\"@graph\":[{\"@type\":\"Article\",\"@id\":\"https:\/\/medicina.udd.cl\/kinesiologia-santiago\/noticias\/2015\/11\/13\/kinesiologia-udd-realizo-exitosa-jornada-de-autoevaluacion\/#article\",\"isPartOf\":{\"@id\":\"https:\/\/medicina.udd.cl\/kinesiologia-santiago\/noticias\/2015\/11\/13\/kinesiologia-udd-realizo-exitosa-jornada-de-autoevaluacion\/\"},\"author\":{\"name\":\"rominagianotti\",\"@id\":\"https:\/\/medicina.udd.cl\/kinesiologia-santiago\/#\/schema\/person\/d2a1450d36aff8cda548012f30ae8d47\"},\"headline\":\"Kinesiolog\u00eda UDD realiz\u00f3 exitosa jornada de autoevaluaci\u00f3n\",\"datePublished\":\"2015-11-13T12:05:58+00:00\",\"dateModified\":\"2015-11-13T12:06:27+00:00\",\"mainEntityOfPage\":{\"@id\":\"https:\/\/medicina.udd.cl\/kinesiologia-santiago\/noticias\/2015\/11\/13\/kinesiologia-udd-realizo-exitosa-jornada-de-autoevaluacion\/\"},\"wordCount\":578,\"commentCount\":0,\"image\":{\"@id\":\"https:\/\/medicina.udd.cl\/kinesiologia-santiago\/noticias\/2015\/11\/13\/kinesiologia-udd-realizo-exitosa-jornada-de-autoevaluacion\/#primaryimage\"},\"thumbnailUrl\":\"https:\/\/medicina.udd.cl\/kinesiologia-santiago\/files\/2015\/11\/Autoevaluaci\u00f3n-Kinesiolog\u00eda-13.jpg\",\"articleSection\":[\"Noticias\"],\"inLanguage\":\"es\",\"potentialAction\":[{\"@type\":\"CommentAction\",\"name\":\"Comment\",\"target\":[\"https:\/\/medicina.udd.cl\/kinesiologia-santiago\/noticias\/2015\/11\/13\/kinesiologia-udd-realizo-exitosa-jornada-de-autoevaluacion\/#respond\"]}]},{\"@type\":\"WebPage\",\"@id\":\"https:\/\/medicina.udd.cl\/kinesiologia-santiago\/noticias\/2015\/11\/13\/kinesiologia-udd-realizo-exitosa-jornada-de-autoevaluacion\/\",\"url\":\"https:\/\/medicina.udd.cl\/kinesiologia-santiago\/noticias\/2015\/11\/13\/kinesiologia-udd-realizo-exitosa-jornada-de-autoevaluacion\/\",\"name\":\"Kinesiolog\u00eda UDD realiz\u00f3 exitosa jornada de autoevaluaci\u00f3n\",\"isPartOf\":{\"@id\":\"https:\/\/medicina.udd.cl\/kinesiologia-santiago\/#website\"},\"primaryImageOfPage\":{\"@id\":\"https:\/\/medicina.udd.cl\/kinesiologia-santiago\/noticias\/2015\/11\/13\/kinesiologia-udd-realizo-exitosa-jornada-de-autoevaluacion\/#primaryimage\"},\"image\":{\"@id\":\"https:\/\/medicina.udd.cl\/kinesiologia-santiago\/noticias\/2015\/11\/13\/kinesiologia-udd-realizo-exitosa-jornada-de-autoevaluacion\/#primaryimage\"},\"thumbnailUrl\":\"https:\/\/medicina.udd.cl\/kinesiologia-santiago\/files\/2015\/11\/Autoevaluaci\u00f3n-Kinesiolog\u00eda-13.jpg\",\"datePublished\":\"2015-11-13T12:05:58+00:00\",\"dateModified\":\"2015-11-13T12:06:27+00:00\",\"author\":{\"@id\":\"https:\/\/medicina.udd.cl\/kinesiologia-santiago\/#\/schema\/person\/d2a1450d36aff8cda548012f30ae8d47\"},\"description\":\"El pasado martes 10 de noviembre se realiz\u00f3 una jornada de trabajo de docentes de Kinesiolog\u00eda, convocada por la carrera, la Direcci\u00f3n de Acreditaci\u00f3n Institucional y la Unidad de Calidad y Registro de la Facultad de Medicina CAS-UDD.\",\"breadcrumb\":{\"@id\":\"https:\/\/medicina.udd.cl\/kinesiologia-santiago\/noticias\/2015\/11\/13\/kinesiologia-udd-realizo-exitosa-jornada-de-autoevaluacion\/#breadcrumb\"},\"inLanguage\":\"es\",\"potentialAction\":[{\"@type\":\"ReadAction\",\"target\":[\"https:\/\/medicina.udd.cl\/kinesiologia-santiago\/noticias\/2015\/11\/13\/kinesiologia-udd-realizo-exitosa-jornada-de-autoevaluacion\/\"]}]},{\"@type\":\"ImageObject\",\"inLanguage\":\"es\",\"@id\":\"https:\/\/medicina.udd.cl\/kinesiologia-santiago\/noticias\/2015\/11\/13\/kinesiologia-udd-realizo-exitosa-jornada-de-autoevaluacion\/#primaryimage\",\"url\":\"https:\/\/medicina.udd.cl\/kinesiologia-santiago\/files\/2015\/11\/Autoevaluaci\u00f3n-Kinesiolog\u00eda-13.jpg\",\"contentUrl\":\"https:\/\/medicina.udd.cl\/kinesiologia-santiago\/files\/2015\/11\/Autoevaluaci\u00f3n-Kinesiolog\u00eda-13.jpg\",\"width\":600,\"height\":450},{\"@type\":\"BreadcrumbList\",\"@id\":\"https:\/\/medicina.udd.cl\/kinesiologia-santiago\/noticias\/2015\/11\/13\/kinesiologia-udd-realizo-exitosa-jornada-de-autoevaluacion\/#breadcrumb\",\"itemListElement\":[{\"@type\":\"ListItem\",\"position\":1,\"name\":\"Home\",\"item\":\"https:\/\/medicina.udd.cl\/kinesiologia-santiago\/\"},{\"@type\":\"ListItem\",\"position\":2,\"name\":\"Kinesiolog\u00eda UDD realiz\u00f3 exitosa jornada de autoevaluaci\u00f3n\"}]},{\"@type\":\"WebSite\",\"@id\":\"https:\/\/medicina.udd.cl\/kinesiologia-santiago\/#website\",\"url\":\"https:\/\/medicina.udd.cl\/kinesiologia-santiago\/\",\"name\":\"Kinesiolog\u00eda\",\"description\":\"Facultad de Medicina Cl\u00ednica Alemana Universidad del Desarrollo\",\"inLanguage\":\"es\"},{\"@type\":\"Person\",\"@id\":\"https:\/\/medicina.udd.cl\/kinesiologia-santiago\/#\/schema\/person\/d2a1450d36aff8cda548012f30ae8d47\",\"name\":\"rominagianotti\",\"image\":{\"@type\":\"ImageObject\",\"inLanguage\":\"es\",\"@id\":\"https:\/\/medicina.udd.cl\/kinesiologia-santiago\/#\/schema\/person\/image\/\",\"url\":\"https:\/\/secure.gravatar.com\/avatar\/106dae79925154d9c4e321db25d50a6deb801d5b80ec313022dbea6ef60814cc?s=96&d=mm&r=g\",\"contentUrl\":\"https:\/\/secure.gravatar.com\/avatar\/106dae79925154d9c4e321db25d50a6deb801d5b80ec313022dbea6ef60814cc?s=96&d=mm&r=g\",\"caption\":\"rominagianotti\"},\"url\":\"https:\/\/medicina.udd.cl\/kinesiologia-santiago\/noticias\/author\/rominagianotti\/\"}]}<\/script>\n<!-- \/ Yoast SEO plugin. -->","yoast_head_json":{"title":"Kinesiolog\u00eda UDD realiz\u00f3 exitosa jornada de autoevaluaci\u00f3n","description":"El pasado martes 10 de noviembre se realiz\u00f3 una jornada de trabajo de docentes de Kinesiolog\u00eda, convocada por la carrera, la Direcci\u00f3n de Acreditaci\u00f3n Institucional y la Unidad de Calidad y Registro de la Facultad de Medicina CAS-UDD.","robots":{"index":"index","follow":"follow","max-snippet":"max-snippet:-1","max-image-preview":"max-image-preview:large","max-video-preview":"max-video-preview:-1"},"canonical":"https:\/\/medicina.udd.cl\/kinesiologia-santiago\/noticias\/2015\/11\/13\/kinesiologia-udd-realizo-exitosa-jornada-de-autoevaluacion\/","og_locale":"es_ES","og_type":"article","og_title":"Kinesiolog\u00eda UDD realiz\u00f3 exitosa jornada de autoevaluaci\u00f3n","og_description":"El pasado martes 10 de noviembre se realiz\u00f3 una jornada de trabajo de docentes de Kinesiolog\u00eda, convocada por la carrera, la Direcci\u00f3n de Acreditaci\u00f3n Institucional y la Unidad de Calidad y Registro de la Facultad de Medicina CAS-UDD.","og_url":"https:\/\/medicina.udd.cl\/kinesiologia-santiago\/noticias\/2015\/11\/13\/kinesiologia-udd-realizo-exitosa-jornada-de-autoevaluacion\/","og_site_name":"Kinesiolog\u00eda","article_published_time":"2015-11-13T12:05:58+00:00","article_modified_time":"2015-11-13T12:06:27+00:00","og_image":[{"width":600,"height":450,"url":"https:\/\/medicina.udd.cl\/kinesiologia-santiago\/files\/2015\/11\/Autoevaluaci\u00f3n-Kinesiolog\u00eda-13.jpg","type":"image\/jpeg"}],"author":"rominagianotti","twitter_misc":{"Escrito por":"rominagianotti","Tiempo de lectura":"3 minutos"},"schema":{"@context":"https:\/\/schema.org","@graph":[{"@type":"Article","@id":"https:\/\/medicina.udd.cl\/kinesiologia-santiago\/noticias\/2015\/11\/13\/kinesiologia-udd-realizo-exitosa-jornada-de-autoevaluacion\/#article","isPartOf":{"@id":"https:\/\/medicina.udd.cl\/kinesiologia-santiago\/noticias\/2015\/11\/13\/kinesiologia-udd-realizo-exitosa-jornada-de-autoevaluacion\/"},"author":{"name":"rominagianotti","@id":"https:\/\/medicina.udd.cl\/kinesiologia-santiago\/#\/schema\/person\/d2a1450d36aff8cda548012f30ae8d47"},"headline":"Kinesiolog\u00eda UDD realiz\u00f3 exitosa jornada de autoevaluaci\u00f3n","datePublished":"2015-11-13T12:05:58+00:00","dateModified":"2015-11-13T12:06:27+00:00","mainEntityOfPage":{"@id":"https:\/\/medicina.udd.cl\/kinesiologia-santiago\/noticias\/2015\/11\/13\/kinesiologia-udd-realizo-exitosa-jornada-de-autoevaluacion\/"},"wordCount":578,"commentCount":0,"image":{"@id":"https:\/\/medicina.udd.cl\/kinesiologia-santiago\/noticias\/2015\/11\/13\/kinesiologia-udd-realizo-exitosa-jornada-de-autoevaluacion\/#primaryimage"},"thumbnailUrl":"https:\/\/medicina.udd.cl\/kinesiologia-santiago\/files\/2015\/11\/Autoevaluaci\u00f3n-Kinesiolog\u00eda-13.jpg","articleSection":["Noticias"],"inLanguage":"es","potentialAction":[{"@type":"CommentAction","name":"Comment","target":["https:\/\/medicina.udd.cl\/kinesiologia-santiago\/noticias\/2015\/11\/13\/kinesiologia-udd-realizo-exitosa-jornada-de-autoevaluacion\/#respond"]}]},{"@type":"WebPage","@id":"https:\/\/medicina.udd.cl\/kinesiologia-santiago\/noticias\/2015\/11\/13\/kinesiologia-udd-realizo-exitosa-jornada-de-autoevaluacion\/","url":"https:\/\/medicina.udd.cl\/kinesiologia-santiago\/noticias\/2015\/11\/13\/kinesiologia-udd-realizo-exitosa-jornada-de-autoevaluacion\/","name":"Kinesiolog\u00eda UDD realiz\u00f3 exitosa jornada de autoevaluaci\u00f3n","isPartOf":{"@id":"https:\/\/medicina.udd.cl\/kinesiologia-santiago\/#website"},"primaryImageOfPage":{"@id":"https:\/\/medicina.udd.cl\/kinesiologia-santiago\/noticias\/2015\/11\/13\/kinesiologia-udd-realizo-exitosa-jornada-de-autoevaluacion\/#primaryimage"},"image":{"@id":"https:\/\/medicina.udd.cl\/kinesiologia-santiago\/noticias\/2015\/11\/13\/kinesiologia-udd-realizo-exitosa-jornada-de-autoevaluacion\/#primaryimage"},"thumbnailUrl":"https:\/\/medicina.udd.cl\/kinesiologia-santiago\/files\/2015\/11\/Autoevaluaci\u00f3n-Kinesiolog\u00eda-13.jpg","datePublished":"2015-11-13T12:05:58+00:00","dateModified":"2015-11-13T12:06:27+00:00","author":{"@id":"https:\/\/medicina.udd.cl\/kinesiologia-santiago\/#\/schema\/person\/d2a1450d36aff8cda548012f30ae8d47"},"description":"El pasado martes 10 de noviembre se realiz\u00f3 una jornada de trabajo de docentes de Kinesiolog\u00eda, convocada por la carrera, la Direcci\u00f3n de Acreditaci\u00f3n Institucional y la Unidad de Calidad y Registro de la Facultad de Medicina CAS-UDD.","breadcrumb":{"@id":"https:\/\/medicina.udd.cl\/kinesiologia-santiago\/noticias\/2015\/11\/13\/kinesiologia-udd-realizo-exitosa-jornada-de-autoevaluacion\/#breadcrumb"},"inLanguage":"es","potentialAction":[{"@type":"ReadAction","target":["https:\/\/medicina.udd.cl\/kinesiologia-santiago\/noticias\/2015\/11\/13\/kinesiologia-udd-realizo-exitosa-jornada-de-autoevaluacion\/"]}]},{"@type":"ImageObject","inLanguage":"es","@id":"https:\/\/medicina.udd.cl\/kinesiologia-santiago\/noticias\/2015\/11\/13\/kinesiologia-udd-realizo-exitosa-jornada-de-autoevaluacion\/#primaryimage","url":"https:\/\/medicina.udd.cl\/kinesiologia-santiago\/files\/2015\/11\/Autoevaluaci\u00f3n-Kinesiolog\u00eda-13.jpg","contentUrl":"https:\/\/medicina.udd.cl\/kinesiologia-santiago\/files\/2015\/11\/Autoevaluaci\u00f3n-Kinesiolog\u00eda-13.jpg","width":600,"height":450},{"@type":"BreadcrumbList","@id":"https:\/\/medicina.udd.cl\/kinesiologia-santiago\/noticias\/2015\/11\/13\/kinesiologia-udd-realizo-exitosa-jornada-de-autoevaluacion\/#breadcrumb","itemListElement":[{"@type":"ListItem","position":1,"name":"Home","item":"https:\/\/medicina.udd.cl\/kinesiologia-santiago\/"},{"@type":"ListItem","position":2,"name":"Kinesiolog\u00eda UDD realiz\u00f3 exitosa jornada de autoevaluaci\u00f3n"}]},{"@type":"WebSite","@id":"https:\/\/medicina.udd.cl\/kinesiologia-santiago\/#website","url":"https:\/\/medicina.udd.cl\/kinesiologia-santiago\/","name":"Kinesiolog\u00eda","description":"Facultad de Medicina Cl\u00ednica Alemana Universidad del Desarrollo","inLanguage":"es"},{"@type":"Person","@id":"https:\/\/medicina.udd.cl\/kinesiologia-santiago\/#\/schema\/person\/d2a1450d36aff8cda548012f30ae8d47","name":"rominagianotti","image":{"@type":"ImageObject","inLanguage":"es","@id":"https:\/\/medicina.udd.cl\/kinesiologia-santiago\/#\/schema\/person\/image\/","url":"https:\/\/secure.gravatar.com\/avatar\/106dae79925154d9c4e321db25d50a6deb801d5b80ec313022dbea6ef60814cc?s=96&d=mm&r=g","contentUrl":"https:\/\/secure.gravatar.com\/avatar\/106dae79925154d9c4e321db25d50a6deb801d5b80ec313022dbea6ef60814cc?s=96&d=mm&r=g","caption":"rominagianotti"},"url":"https:\/\/medicina.udd.cl\/kinesiologia-santiago\/noticias\/author\/rominagianotti\/"}]}},"featured_image_url":"https:\/\/medicina.udd.cl\/kinesiologia-santiago\/files\/2015\/11\/Autoevaluaci\u00f3n-Kinesiolog\u00eda-13.jpg","_links":{"self":[{"href":"https:\/\/medicina.udd.cl\/kinesiologia-santiago\/wp-json\/wp\/v2\/posts\/2626","targetHints":{"allow":["GET"]}}],"collection":[{"href":"https:\/\/medicina.udd.cl\/kinesiologia-santiago\/wp-json\/wp\/v2\/posts"}],"about":[{"href":"https:\/\/medicina.udd.cl\/kinesiologia-santiago\/wp-json\/wp\/v2\/types\/post"}],"author":[{"embeddable":true,"href":"https:\/\/medicina.udd.cl\/kinesiologia-santiago\/wp-json\/wp\/v2\/users\/47"}],"replies":[{"embeddable":true,"href":"https:\/\/medicina.udd.cl\/kinesiologia-santiago\/wp-json\/wp\/v2\/comments?post=2626"}],"version-history":[{"count":2,"href":"https:\/\/medicina.udd.cl\/kinesiologia-santiago\/wp-json\/wp\/v2\/posts\/2626\/revisions"}],"predecessor-version":[{"id":2642,"href":"https:\/\/medicina.udd.cl\/kinesiologia-santiago\/wp-json\/wp\/v2\/posts\/2626\/revisions\/2642"}],"wp:featuredmedia":[{"embeddable":true,"href":"https:\/\/medicina.udd.cl\/kinesiologia-santiago\/wp-json\/wp\/v2\/media\/2640"}],"wp:attachment":[{"href":"https:\/\/medicina.udd.cl\/kinesiologia-santiago\/wp-json\/wp\/v2\/media?parent=2626"}],"wp:term":[{"taxonomy":"category","embeddable":true,"href":"https:\/\/medicina.udd.cl\/kinesiologia-santiago\/wp-json\/wp\/v2\/categories?post=2626"},{"taxonomy":"post_tag","embeddable":true,"href":"https:\/\/medicina.udd.cl\/kinesiologia-santiago\/wp-json\/wp\/v2\/tags?post=2626"}],"curies":[{"name":"wp","href":"https:\/\/api.w.org\/{rel}","templated":true}]}}