{"id":276,"date":"2010-12-27T09:41:46","date_gmt":"2010-12-27T12:41:46","guid":{"rendered":"http:\/\/medicina.udd.cl\/kinesiologia-santiago\/2010\/12\/27\/alumnos-se-destacaron-durante-el-2010\/"},"modified":"2010-12-27T10:59:28","modified_gmt":"2010-12-27T13:59:28","slug":"alumnos-se-destacaron-durante-el-2010","status":"publish","type":"post","link":"https:\/\/medicina.udd.cl\/kinesiologia-santiago\/noticias\/2010\/12\/27\/alumnos-se-destacaron-durante-el-2010\/","title":{"rendered":"Alumnos se destacaron durante el 2010"},"content":{"rendered":"<p style=\"text-align: justify\">Para la Universidad del Desarrollo -como parte de nuestro sello institucional- es motivo de mucho orgullo cada vez que nuestros estudiantes y profesores\u00a0organizan o participan en actividades que los vinculen directamente con la comunidad y el mundo.<\/p>\n<p style=\"text-align: justify\">Por esta raz\u00f3n, durante este a\u00f1o 2010 fueron varias las instancias en que nuestros acad\u00e9micos y estudiantes participaron entusiastamente de estas iniciativas.<\/p>\n<p style=\"text-align: justify\">Entre ellas destacamos:<\/p>\n<p><strong><a href=\"http:\/\/medicina.udd.cl\/kinesiologia-santiago\/files\/2010\/12\/actividad-3.jpg\"><img loading=\"lazy\" decoding=\"async\" class=\"alignleft size-thumbnail wp-image-275\" title=\"Corrida\" src=\"http:\/\/medicina.udd.cl\/kinesiologia-santiago\/files\/2010\/12\/actividad-3-150x150.jpg\" alt=\"\" width=\"150\" height=\"150\" srcset=\"https:\/\/medicina.udd.cl\/kinesiologia-santiago\/files\/2010\/12\/actividad-3-150x150.jpg 150w, https:\/\/medicina.udd.cl\/kinesiologia-santiago\/files\/2010\/12\/actividad-3-62x62.jpg 62w, https:\/\/medicina.udd.cl\/kinesiologia-santiago\/files\/2010\/12\/actividad-3-126x126.jpg 126w\" sizes=\"auto, (max-width: 150px) 100vw, 150px\" \/><\/a>Tour Running Vi\u00f1as 2010<\/strong><\/p>\n<p style=\"text-align: justify\">En esta oportunidad, docentes del equipo del laboratorio de Fisiolog\u00eda del Movimiento y\u00a0alumnos\u00a0 participaron\u00a0 ayudando en:<\/p>\n<p style=\"text-align: justify\">&#8211; Vigilancia sanitaria directa durante la prueba.<br \/>\n&#8211; Control de signos vitales.<br \/>\n&#8211; Atenci\u00f3n kin\u00e9sica post running.<\/p>\n<p><strong><a href=\"http:\/\/medicina.udd.cl\/kinesiologia-santiago\/files\/2010\/12\/1-corrida.jpg\"><img loading=\"lazy\" decoding=\"async\" class=\"alignleft size-thumbnail wp-image-280\" title=\"corrida\" src=\"http:\/\/medicina.udd.cl\/kinesiologia-santiago\/files\/2010\/12\/1-corrida-150x150.jpg\" alt=\"\" width=\"150\" height=\"150\" srcset=\"https:\/\/medicina.udd.cl\/kinesiologia-santiago\/files\/2010\/12\/1-corrida-150x150.jpg 150w, https:\/\/medicina.udd.cl\/kinesiologia-santiago\/files\/2010\/12\/1-corrida-62x62.jpg 62w, https:\/\/medicina.udd.cl\/kinesiologia-santiago\/files\/2010\/12\/1-corrida-126x126.jpg 126w\" sizes=\"auto, (max-width: 150px) 100vw, 150px\" \/><\/a>Corrida Orbit 10 K<\/strong><\/p>\n<p style=\"text-align: justify\">Con el prop\u00f3sito de reunir fondos para ir en ayuda de las v\u00edctimas del terremoto del pasado 27 de febrero, 12 alumnos de\u00a0cuarto a\u00f1o -a cargo del Prof. Guillermo Villagra-\u00a0se reunieron y participaron\u00a0activamente de la\u00a0corrida a cargo de\u00a0distintas\u00a0estaciones como:<\/p>\n<p style=\"text-align: justify\">&#8211; Calentamiento previo<br \/>\n\u00a0&#8211; Masoterapia y terapia manual.<\/p>\n<p style=\"text-align: justify\">Cabe destacar que el equipo organizador, felicit\u00f3 al equipo de nuestra casa de estudios por su participaci\u00f3n y el apoyo prestado.<\/p>\n<p style=\"text-align: justify\"><strong><a href=\"http:\/\/medicina.udd.cl\/kinesiologia-santiago\/files\/2010\/12\/actividad-4.jpg\"><img loading=\"lazy\" decoding=\"async\" class=\"alignleft size-thumbnail wp-image-286\" title=\"actividad 4\" src=\"http:\/\/medicina.udd.cl\/kinesiologia-santiago\/files\/2010\/12\/actividad-4-150x150.jpg\" alt=\"\" width=\"150\" height=\"150\" srcset=\"https:\/\/medicina.udd.cl\/kinesiologia-santiago\/files\/2010\/12\/actividad-4-150x150.jpg 150w, https:\/\/medicina.udd.cl\/kinesiologia-santiago\/files\/2010\/12\/actividad-4-62x62.jpg 62w, https:\/\/medicina.udd.cl\/kinesiologia-santiago\/files\/2010\/12\/actividad-4-298x300.jpg 298w, https:\/\/medicina.udd.cl\/kinesiologia-santiago\/files\/2010\/12\/actividad-4-126x126.jpg 126w\" sizes=\"auto, (max-width: 150px) 100vw, 150px\" \/><\/a>EXPO Rural 2010<\/strong><\/p>\n<p style=\"text-align: justify\">A cargo de la Profesora de Ergonom\u00eda, Ana Gonz\u00e1lez Saavedra, estudiantes de nuestra carrera participaron activamente en el pool de relatores del Centro de Negocios de la Expo Rural, a cargo de los temas:<\/p>\n<p style=\"text-align: justify\">&#8211; Pausa Activa<br \/>\n&#8211; Autocuidado Laboral<\/p>\n<p style=\"text-align: justify\">La actividad permiti\u00f3 la vinculaci\u00f3n acad\u00e9mico-empresarial de la carrera de Kinesiolog\u00eda y\u00a0 facilit\u00f3 a que nuestros alumnos desarrollaran habilidades comunicacionales en \u00e1reas laborales innovadoras.<\/p>\n<p style=\"text-align: justify\"><strong><a href=\"http:\/\/medicina.udd.cl\/kinesiologia-santiago\/files\/2010\/12\/c4.jpg\"><img loading=\"lazy\" decoding=\"async\" class=\"alignleft size-thumbnail wp-image-289\" title=\"corrida\" src=\"http:\/\/medicina.udd.cl\/kinesiologia-santiago\/files\/2010\/12\/c4-150x150.jpg\" alt=\"\" width=\"150\" height=\"150\" srcset=\"https:\/\/medicina.udd.cl\/kinesiologia-santiago\/files\/2010\/12\/c4-150x150.jpg 150w, https:\/\/medicina.udd.cl\/kinesiologia-santiago\/files\/2010\/12\/c4-62x62.jpg 62w, https:\/\/medicina.udd.cl\/kinesiologia-santiago\/files\/2010\/12\/c4-300x300.jpg 300w, https:\/\/medicina.udd.cl\/kinesiologia-santiago\/files\/2010\/12\/c4-126x126.jpg 126w\" sizes=\"auto, (max-width: 150px) 100vw, 150px\" \/><\/a>Corrida\u00a0 \u201cDestruyendo mitos: Envejecimiento activo\u201d<\/strong><\/p>\n<p style=\"text-align: justify\">Esta iniciativa del\u00a0 Hogar de Cristo, sede Rosita Renard de Nos, permiti\u00f3 la participaci\u00f3n de 50 adultos mayores\u00a0 en tres categor\u00edas de competencia:<\/p>\n<p style=\"text-align: justify\">&#8211; Silla de Ruedas (100 mts)<br \/>\n\u00a0&#8211; Marcha Independiente(100mts)<br \/>\n&#8211; Marcha con asistencia T\u00e9cnica (100 mts)<\/p>\n<p style=\"text-align: justify\">Junto con las docentes Andrea Pizarro y Mar\u00eda Jos\u00e9 Sep\u00falveda nuestros estudiantes participaron de la iniciativa demostrando compromiso, respeto y mucho entusiasmo.<\/p>\n<p style=\"text-align: justify\">Como carrera de Kinesiolog\u00eda felicitamos a todos aquellos quienes con esfuerzo y renunciando a su tiempo libre demostraron entrega y\u00a0 generosidad,\u00a0 principios fundamentales que forman parte de nuestro sello institucional y de los\u00a0 futuros Kinesi\u00f3logos UDD.<\/p>\n","protected":false},"excerpt":{"rendered":"<p>Estudiantes de Kinesiolog\u00eda logran importante participaci\u00f3n en actividades de extensi\u00f3n a lo largo del a\u00f1o 2010. <\/p>\n","protected":false},"author":1,"featured_media":0,"comment_status":"open","ping_status":"open","sticky":false,"template":"","format":"standard","meta":{"footnotes":""},"categories":[4],"tags":[],"class_list":["post-276","post","type-post","status-publish","format-standard","hentry","category-noticias"],"yoast_head":"<!-- This site is optimized with the Yoast SEO plugin v26.9 - https:\/\/yoast.com\/product\/yoast-seo-wordpress\/ -->\n<title>Alumnos se destacaron durante el 2010 - Kinesiolog\u00eda<\/title>\n<meta name=\"robots\" content=\"index, follow, max-snippet:-1, max-image-preview:large, max-video-preview:-1\" \/>\n<link rel=\"canonical\" href=\"https:\/\/medicina.udd.cl\/kinesiologia-santiago\/noticias\/2010\/12\/27\/alumnos-se-destacaron-durante-el-2010\/\" \/>\n<meta property=\"og:locale\" content=\"es_ES\" \/>\n<meta property=\"og:type\" content=\"article\" \/>\n<meta property=\"og:title\" content=\"Alumnos se destacaron durante el 2010 - Kinesiolog\u00eda\" \/>\n<meta property=\"og:description\" content=\"Estudiantes de Kinesiolog\u00eda logran importante participaci\u00f3n en actividades de extensi\u00f3n a lo largo del a\u00f1o 2010.\" \/>\n<meta property=\"og:url\" content=\"https:\/\/medicina.udd.cl\/kinesiologia-santiago\/noticias\/2010\/12\/27\/alumnos-se-destacaron-durante-el-2010\/\" \/>\n<meta property=\"og:site_name\" content=\"Kinesiolog\u00eda\" \/>\n<meta property=\"article:published_time\" content=\"2010-12-27T12:41:46+00:00\" \/>\n<meta property=\"article:modified_time\" content=\"2010-12-27T13:59:28+00:00\" \/>\n<meta property=\"og:image\" content=\"http:\/\/medicina.udd.cl\/kinesiologia-santiago\/files\/2010\/12\/actividad-3-150x150.jpg\" \/>\n<meta name=\"author\" content=\"admin\" \/>\n<meta name=\"twitter:label1\" content=\"Escrito por\" \/>\n\t<meta name=\"twitter:data1\" content=\"admin\" \/>\n\t<meta name=\"twitter:label2\" content=\"Tiempo de lectura\" \/>\n\t<meta name=\"twitter:data2\" content=\"2 minutos\" \/>\n<script type=\"application\/ld+json\" class=\"yoast-schema-graph\">{\"@context\":\"https:\/\/schema.org\",\"@graph\":[{\"@type\":\"Article\",\"@id\":\"https:\/\/medicina.udd.cl\/kinesiologia-santiago\/noticias\/2010\/12\/27\/alumnos-se-destacaron-durante-el-2010\/#article\",\"isPartOf\":{\"@id\":\"https:\/\/medicina.udd.cl\/kinesiologia-santiago\/noticias\/2010\/12\/27\/alumnos-se-destacaron-durante-el-2010\/\"},\"author\":{\"name\":\"admin\",\"@id\":\"https:\/\/medicina.udd.cl\/kinesiologia-santiago\/#\/schema\/person\/f7abfa784c86da427e89287831f96ab7\"},\"headline\":\"Alumnos se destacaron durante el 2010\",\"datePublished\":\"2010-12-27T12:41:46+00:00\",\"dateModified\":\"2010-12-27T13:59:28+00:00\",\"mainEntityOfPage\":{\"@id\":\"https:\/\/medicina.udd.cl\/kinesiologia-santiago\/noticias\/2010\/12\/27\/alumnos-se-destacaron-durante-el-2010\/\"},\"wordCount\":368,\"commentCount\":0,\"image\":{\"@id\":\"https:\/\/medicina.udd.cl\/kinesiologia-santiago\/noticias\/2010\/12\/27\/alumnos-se-destacaron-durante-el-2010\/#primaryimage\"},\"thumbnailUrl\":\"http:\/\/medicina.udd.cl\/kinesiologia-santiago\/files\/2010\/12\/actividad-3-150x150.jpg\",\"articleSection\":[\"Noticias\"],\"inLanguage\":\"es\",\"potentialAction\":[{\"@type\":\"CommentAction\",\"name\":\"Comment\",\"target\":[\"https:\/\/medicina.udd.cl\/kinesiologia-santiago\/noticias\/2010\/12\/27\/alumnos-se-destacaron-durante-el-2010\/#respond\"]}]},{\"@type\":\"WebPage\",\"@id\":\"https:\/\/medicina.udd.cl\/kinesiologia-santiago\/noticias\/2010\/12\/27\/alumnos-se-destacaron-durante-el-2010\/\",\"url\":\"https:\/\/medicina.udd.cl\/kinesiologia-santiago\/noticias\/2010\/12\/27\/alumnos-se-destacaron-durante-el-2010\/\",\"name\":\"Alumnos se destacaron durante el 2010 - Kinesiolog\u00eda\",\"isPartOf\":{\"@id\":\"https:\/\/medicina.udd.cl\/kinesiologia-santiago\/#website\"},\"primaryImageOfPage\":{\"@id\":\"https:\/\/medicina.udd.cl\/kinesiologia-santiago\/noticias\/2010\/12\/27\/alumnos-se-destacaron-durante-el-2010\/#primaryimage\"},\"image\":{\"@id\":\"https:\/\/medicina.udd.cl\/kinesiologia-santiago\/noticias\/2010\/12\/27\/alumnos-se-destacaron-durante-el-2010\/#primaryimage\"},\"thumbnailUrl\":\"http:\/\/medicina.udd.cl\/kinesiologia-santiago\/files\/2010\/12\/actividad-3-150x150.jpg\",\"datePublished\":\"2010-12-27T12:41:46+00:00\",\"dateModified\":\"2010-12-27T13:59:28+00:00\",\"author\":{\"@id\":\"https:\/\/medicina.udd.cl\/kinesiologia-santiago\/#\/schema\/person\/f7abfa784c86da427e89287831f96ab7\"},\"breadcrumb\":{\"@id\":\"https:\/\/medicina.udd.cl\/kinesiologia-santiago\/noticias\/2010\/12\/27\/alumnos-se-destacaron-durante-el-2010\/#breadcrumb\"},\"inLanguage\":\"es\",\"potentialAction\":[{\"@type\":\"ReadAction\",\"target\":[\"https:\/\/medicina.udd.cl\/kinesiologia-santiago\/noticias\/2010\/12\/27\/alumnos-se-destacaron-durante-el-2010\/\"]}]},{\"@type\":\"ImageObject\",\"inLanguage\":\"es\",\"@id\":\"https:\/\/medicina.udd.cl\/kinesiologia-santiago\/noticias\/2010\/12\/27\/alumnos-se-destacaron-durante-el-2010\/#primaryimage\",\"url\":\"http:\/\/medicina.udd.cl\/kinesiologia-santiago\/files\/2010\/12\/actividad-3-150x150.jpg\",\"contentUrl\":\"http:\/\/medicina.udd.cl\/kinesiologia-santiago\/files\/2010\/12\/actividad-3-150x150.jpg\"},{\"@type\":\"BreadcrumbList\",\"@id\":\"https:\/\/medicina.udd.cl\/kinesiologia-santiago\/noticias\/2010\/12\/27\/alumnos-se-destacaron-durante-el-2010\/#breadcrumb\",\"itemListElement\":[{\"@type\":\"ListItem\",\"position\":1,\"name\":\"Home\",\"item\":\"https:\/\/medicina.udd.cl\/kinesiologia-santiago\/\"},{\"@type\":\"ListItem\",\"position\":2,\"name\":\"Alumnos se destacaron durante el 2010\"}]},{\"@type\":\"WebSite\",\"@id\":\"https:\/\/medicina.udd.cl\/kinesiologia-santiago\/#website\",\"url\":\"https:\/\/medicina.udd.cl\/kinesiologia-santiago\/\",\"name\":\"Kinesiolog\u00eda\",\"description\":\"Facultad de Medicina Cl\u00ednica Alemana Universidad del Desarrollo\",\"inLanguage\":\"es\"},{\"@type\":\"Person\",\"@id\":\"https:\/\/medicina.udd.cl\/kinesiologia-santiago\/#\/schema\/person\/f7abfa784c86da427e89287831f96ab7\",\"name\":\"admin\",\"image\":{\"@type\":\"ImageObject\",\"inLanguage\":\"es\",\"@id\":\"https:\/\/medicina.udd.cl\/kinesiologia-santiago\/#\/schema\/person\/image\/\",\"url\":\"https:\/\/secure.gravatar.com\/avatar\/3cb6da298954dfb54457c0910b8c9ca010abd8d87a60f7d701b6ce4254e1c642?s=96&d=mm&r=g\",\"contentUrl\":\"https:\/\/secure.gravatar.com\/avatar\/3cb6da298954dfb54457c0910b8c9ca010abd8d87a60f7d701b6ce4254e1c642?s=96&d=mm&r=g\",\"caption\":\"admin\"},\"url\":\"https:\/\/medicina.udd.cl\/kinesiologia-santiago\/noticias\/author\/admin\/\"}]}<\/script>\n<!-- \/ Yoast SEO plugin. -->","yoast_head_json":{"title":"Alumnos se destacaron durante el 2010 - Kinesiolog\u00eda","robots":{"index":"index","follow":"follow","max-snippet":"max-snippet:-1","max-image-preview":"max-image-preview:large","max-video-preview":"max-video-preview:-1"},"canonical":"https:\/\/medicina.udd.cl\/kinesiologia-santiago\/noticias\/2010\/12\/27\/alumnos-se-destacaron-durante-el-2010\/","og_locale":"es_ES","og_type":"article","og_title":"Alumnos se destacaron durante el 2010 - Kinesiolog\u00eda","og_description":"Estudiantes de Kinesiolog\u00eda logran importante participaci\u00f3n en actividades de extensi\u00f3n a lo largo del a\u00f1o 2010.","og_url":"https:\/\/medicina.udd.cl\/kinesiologia-santiago\/noticias\/2010\/12\/27\/alumnos-se-destacaron-durante-el-2010\/","og_site_name":"Kinesiolog\u00eda","article_published_time":"2010-12-27T12:41:46+00:00","article_modified_time":"2010-12-27T13:59:28+00:00","og_image":[{"url":"http:\/\/medicina.udd.cl\/kinesiologia-santiago\/files\/2010\/12\/actividad-3-150x150.jpg","type":"","width":"","height":""}],"author":"admin","twitter_misc":{"Escrito por":"admin","Tiempo de lectura":"2 minutos"},"schema":{"@context":"https:\/\/schema.org","@graph":[{"@type":"Article","@id":"https:\/\/medicina.udd.cl\/kinesiologia-santiago\/noticias\/2010\/12\/27\/alumnos-se-destacaron-durante-el-2010\/#article","isPartOf":{"@id":"https:\/\/medicina.udd.cl\/kinesiologia-santiago\/noticias\/2010\/12\/27\/alumnos-se-destacaron-durante-el-2010\/"},"author":{"name":"admin","@id":"https:\/\/medicina.udd.cl\/kinesiologia-santiago\/#\/schema\/person\/f7abfa784c86da427e89287831f96ab7"},"headline":"Alumnos se destacaron durante el 2010","datePublished":"2010-12-27T12:41:46+00:00","dateModified":"2010-12-27T13:59:28+00:00","mainEntityOfPage":{"@id":"https:\/\/medicina.udd.cl\/kinesiologia-santiago\/noticias\/2010\/12\/27\/alumnos-se-destacaron-durante-el-2010\/"},"wordCount":368,"commentCount":0,"image":{"@id":"https:\/\/medicina.udd.cl\/kinesiologia-santiago\/noticias\/2010\/12\/27\/alumnos-se-destacaron-durante-el-2010\/#primaryimage"},"thumbnailUrl":"http:\/\/medicina.udd.cl\/kinesiologia-santiago\/files\/2010\/12\/actividad-3-150x150.jpg","articleSection":["Noticias"],"inLanguage":"es","potentialAction":[{"@type":"CommentAction","name":"Comment","target":["https:\/\/medicina.udd.cl\/kinesiologia-santiago\/noticias\/2010\/12\/27\/alumnos-se-destacaron-durante-el-2010\/#respond"]}]},{"@type":"WebPage","@id":"https:\/\/medicina.udd.cl\/kinesiologia-santiago\/noticias\/2010\/12\/27\/alumnos-se-destacaron-durante-el-2010\/","url":"https:\/\/medicina.udd.cl\/kinesiologia-santiago\/noticias\/2010\/12\/27\/alumnos-se-destacaron-durante-el-2010\/","name":"Alumnos se destacaron durante el 2010 - Kinesiolog\u00eda","isPartOf":{"@id":"https:\/\/medicina.udd.cl\/kinesiologia-santiago\/#website"},"primaryImageOfPage":{"@id":"https:\/\/medicina.udd.cl\/kinesiologia-santiago\/noticias\/2010\/12\/27\/alumnos-se-destacaron-durante-el-2010\/#primaryimage"},"image":{"@id":"https:\/\/medicina.udd.cl\/kinesiologia-santiago\/noticias\/2010\/12\/27\/alumnos-se-destacaron-durante-el-2010\/#primaryimage"},"thumbnailUrl":"http:\/\/medicina.udd.cl\/kinesiologia-santiago\/files\/2010\/12\/actividad-3-150x150.jpg","datePublished":"2010-12-27T12:41:46+00:00","dateModified":"2010-12-27T13:59:28+00:00","author":{"@id":"https:\/\/medicina.udd.cl\/kinesiologia-santiago\/#\/schema\/person\/f7abfa784c86da427e89287831f96ab7"},"breadcrumb":{"@id":"https:\/\/medicina.udd.cl\/kinesiologia-santiago\/noticias\/2010\/12\/27\/alumnos-se-destacaron-durante-el-2010\/#breadcrumb"},"inLanguage":"es","potentialAction":[{"@type":"ReadAction","target":["https:\/\/medicina.udd.cl\/kinesiologia-santiago\/noticias\/2010\/12\/27\/alumnos-se-destacaron-durante-el-2010\/"]}]},{"@type":"ImageObject","inLanguage":"es","@id":"https:\/\/medicina.udd.cl\/kinesiologia-santiago\/noticias\/2010\/12\/27\/alumnos-se-destacaron-durante-el-2010\/#primaryimage","url":"http:\/\/medicina.udd.cl\/kinesiologia-santiago\/files\/2010\/12\/actividad-3-150x150.jpg","contentUrl":"http:\/\/medicina.udd.cl\/kinesiologia-santiago\/files\/2010\/12\/actividad-3-150x150.jpg"},{"@type":"BreadcrumbList","@id":"https:\/\/medicina.udd.cl\/kinesiologia-santiago\/noticias\/2010\/12\/27\/alumnos-se-destacaron-durante-el-2010\/#breadcrumb","itemListElement":[{"@type":"ListItem","position":1,"name":"Home","item":"https:\/\/medicina.udd.cl\/kinesiologia-santiago\/"},{"@type":"ListItem","position":2,"name":"Alumnos se destacaron durante el 2010"}]},{"@type":"WebSite","@id":"https:\/\/medicina.udd.cl\/kinesiologia-santiago\/#website","url":"https:\/\/medicina.udd.cl\/kinesiologia-santiago\/","name":"Kinesiolog\u00eda","description":"Facultad de Medicina Cl\u00ednica Alemana Universidad del Desarrollo","inLanguage":"es"},{"@type":"Person","@id":"https:\/\/medicina.udd.cl\/kinesiologia-santiago\/#\/schema\/person\/f7abfa784c86da427e89287831f96ab7","name":"admin","image":{"@type":"ImageObject","inLanguage":"es","@id":"https:\/\/medicina.udd.cl\/kinesiologia-santiago\/#\/schema\/person\/image\/","url":"https:\/\/secure.gravatar.com\/avatar\/3cb6da298954dfb54457c0910b8c9ca010abd8d87a60f7d701b6ce4254e1c642?s=96&d=mm&r=g","contentUrl":"https:\/\/secure.gravatar.com\/avatar\/3cb6da298954dfb54457c0910b8c9ca010abd8d87a60f7d701b6ce4254e1c642?s=96&d=mm&r=g","caption":"admin"},"url":"https:\/\/medicina.udd.cl\/kinesiologia-santiago\/noticias\/author\/admin\/"}]}},"featured_image_url":null,"_links":{"self":[{"href":"https:\/\/medicina.udd.cl\/kinesiologia-santiago\/wp-json\/wp\/v2\/posts\/276","targetHints":{"allow":["GET"]}}],"collection":[{"href":"https:\/\/medicina.udd.cl\/kinesiologia-santiago\/wp-json\/wp\/v2\/posts"}],"about":[{"href":"https:\/\/medicina.udd.cl\/kinesiologia-santiago\/wp-json\/wp\/v2\/types\/post"}],"author":[{"embeddable":true,"href":"https:\/\/medicina.udd.cl\/kinesiologia-santiago\/wp-json\/wp\/v2\/users\/1"}],"replies":[{"embeddable":true,"href":"https:\/\/medicina.udd.cl\/kinesiologia-santiago\/wp-json\/wp\/v2\/comments?post=276"}],"version-history":[{"count":14,"href":"https:\/\/medicina.udd.cl\/kinesiologia-santiago\/wp-json\/wp\/v2\/posts\/276\/revisions"}],"predecessor-version":[{"id":294,"href":"https:\/\/medicina.udd.cl\/kinesiologia-santiago\/wp-json\/wp\/v2\/posts\/276\/revisions\/294"}],"wp:attachment":[{"href":"https:\/\/medicina.udd.cl\/kinesiologia-santiago\/wp-json\/wp\/v2\/media?parent=276"}],"wp:term":[{"taxonomy":"category","embeddable":true,"href":"https:\/\/medicina.udd.cl\/kinesiologia-santiago\/wp-json\/wp\/v2\/categories?post=276"},{"taxonomy":"post_tag","embeddable":true,"href":"https:\/\/medicina.udd.cl\/kinesiologia-santiago\/wp-json\/wp\/v2\/tags?post=276"}],"curies":[{"name":"wp","href":"https:\/\/api.w.org\/{rel}","templated":true}]}}