{"id":2806,"date":"2016-04-25T13:26:37","date_gmt":"2016-04-25T16:26:37","guid":{"rendered":"http:\/\/medicina.udd.cl\/kinesiologia-santiago\/?p=2806"},"modified":"2016-05-03T12:15:26","modified_gmt":"2016-05-03T15:15:26","slug":"kinesiologia-udd-inicia-magister-en-terapia-fisica-y-rehabilitacion","status":"publish","type":"post","link":"https:\/\/medicina.udd.cl\/kinesiologia-santiago\/noticias\/2016\/04\/25\/kinesiologia-udd-inicia-magister-en-terapia-fisica-y-rehabilitacion\/","title":{"rendered":"Kinesiolog\u00eda UDD inicia Mag\u00edster en Terapia F\u00edsica y Rehabilitaci\u00f3n"},"content":{"rendered":"<div id=\"gallery-1\" class=\"carousel slide carousel-gallery\" data-ride=\"false\" data-interval=\"false\"><div class=\"carousel-inner\" role=\"listbox\"><figure class=\"carousel-item active\"><img loading=\"lazy\" decoding=\"async\" width=\"801\" height=\"534\" src=\"https:\/\/medicina.udd.cl\/kinesiologia-santiago\/files\/2016\/04\/IMG_6655.jpg\" class=\"attachment-landscape_952 size-landscape_952\" alt=\"\" srcset=\"https:\/\/medicina.udd.cl\/kinesiologia-santiago\/files\/2016\/04\/IMG_6655.jpg 5184w, https:\/\/medicina.udd.cl\/kinesiologia-santiago\/files\/2016\/04\/IMG_6655-300x200.jpg 300w, https:\/\/medicina.udd.cl\/kinesiologia-santiago\/files\/2016\/04\/IMG_6655-768x512.jpg 768w, https:\/\/medicina.udd.cl\/kinesiologia-santiago\/files\/2016\/04\/IMG_6655-1024x683.jpg 1024w, https:\/\/medicina.udd.cl\/kinesiologia-santiago\/files\/2016\/04\/IMG_6655-960x640.jpg 960w\" sizes=\"auto, (max-width: 801px) 100vw, 801px\" \/><\/figure><figure class=\"carousel-item\"><img loading=\"lazy\" decoding=\"async\" width=\"801\" height=\"534\" src=\"https:\/\/medicina.udd.cl\/kinesiologia-santiago\/files\/2016\/04\/IMG_6633.jpg\" class=\"attachment-landscape_952 size-landscape_952\" alt=\"\" srcset=\"https:\/\/medicina.udd.cl\/kinesiologia-santiago\/files\/2016\/04\/IMG_6633.jpg 5184w, https:\/\/medicina.udd.cl\/kinesiologia-santiago\/files\/2016\/04\/IMG_6633-300x200.jpg 300w, https:\/\/medicina.udd.cl\/kinesiologia-santiago\/files\/2016\/04\/IMG_6633-768x512.jpg 768w, https:\/\/medicina.udd.cl\/kinesiologia-santiago\/files\/2016\/04\/IMG_6633-1024x683.jpg 1024w, https:\/\/medicina.udd.cl\/kinesiologia-santiago\/files\/2016\/04\/IMG_6633-960x640.jpg 960w\" sizes=\"auto, (max-width: 801px) 100vw, 801px\" \/><\/figure><figure class=\"carousel-item\"><img loading=\"lazy\" decoding=\"async\" width=\"801\" height=\"534\" src=\"https:\/\/medicina.udd.cl\/kinesiologia-santiago\/files\/2016\/04\/IMG_6636.jpg\" class=\"attachment-landscape_952 size-landscape_952\" alt=\"\" srcset=\"https:\/\/medicina.udd.cl\/kinesiologia-santiago\/files\/2016\/04\/IMG_6636.jpg 5184w, https:\/\/medicina.udd.cl\/kinesiologia-santiago\/files\/2016\/04\/IMG_6636-300x200.jpg 300w, https:\/\/medicina.udd.cl\/kinesiologia-santiago\/files\/2016\/04\/IMG_6636-768x512.jpg 768w, https:\/\/medicina.udd.cl\/kinesiologia-santiago\/files\/2016\/04\/IMG_6636-1024x683.jpg 1024w, https:\/\/medicina.udd.cl\/kinesiologia-santiago\/files\/2016\/04\/IMG_6636-960x640.jpg 960w\" sizes=\"auto, (max-width: 801px) 100vw, 801px\" \/><\/figure><figure class=\"carousel-item\"><img loading=\"lazy\" decoding=\"async\" width=\"801\" height=\"534\" src=\"https:\/\/medicina.udd.cl\/kinesiologia-santiago\/files\/2016\/04\/IMG_6643.jpg\" class=\"attachment-landscape_952 size-landscape_952\" alt=\"\" srcset=\"https:\/\/medicina.udd.cl\/kinesiologia-santiago\/files\/2016\/04\/IMG_6643.jpg 5184w, https:\/\/medicina.udd.cl\/kinesiologia-santiago\/files\/2016\/04\/IMG_6643-300x200.jpg 300w, https:\/\/medicina.udd.cl\/kinesiologia-santiago\/files\/2016\/04\/IMG_6643-768x512.jpg 768w, https:\/\/medicina.udd.cl\/kinesiologia-santiago\/files\/2016\/04\/IMG_6643-1024x683.jpg 1024w, https:\/\/medicina.udd.cl\/kinesiologia-santiago\/files\/2016\/04\/IMG_6643-960x640.jpg 960w\" sizes=\"auto, (max-width: 801px) 100vw, 801px\" \/><\/figure><figure class=\"carousel-item\"><img loading=\"lazy\" decoding=\"async\" width=\"801\" height=\"534\" src=\"https:\/\/medicina.udd.cl\/kinesiologia-santiago\/files\/2016\/04\/IMG_6645.jpg\" class=\"attachment-landscape_952 size-landscape_952\" alt=\"\" srcset=\"https:\/\/medicina.udd.cl\/kinesiologia-santiago\/files\/2016\/04\/IMG_6645.jpg 5184w, https:\/\/medicina.udd.cl\/kinesiologia-santiago\/files\/2016\/04\/IMG_6645-300x200.jpg 300w, https:\/\/medicina.udd.cl\/kinesiologia-santiago\/files\/2016\/04\/IMG_6645-768x512.jpg 768w, https:\/\/medicina.udd.cl\/kinesiologia-santiago\/files\/2016\/04\/IMG_6645-1024x683.jpg 1024w, https:\/\/medicina.udd.cl\/kinesiologia-santiago\/files\/2016\/04\/IMG_6645-960x640.jpg 960w\" sizes=\"auto, (max-width: 801px) 100vw, 801px\" \/><\/figure><figure class=\"carousel-item\"><img loading=\"lazy\" decoding=\"async\" width=\"801\" height=\"534\" src=\"https:\/\/medicina.udd.cl\/kinesiologia-santiago\/files\/2016\/04\/IMG_6649.jpg\" class=\"attachment-landscape_952 size-landscape_952\" alt=\"\" srcset=\"https:\/\/medicina.udd.cl\/kinesiologia-santiago\/files\/2016\/04\/IMG_6649.jpg 5184w, https:\/\/medicina.udd.cl\/kinesiologia-santiago\/files\/2016\/04\/IMG_6649-300x200.jpg 300w, https:\/\/medicina.udd.cl\/kinesiologia-santiago\/files\/2016\/04\/IMG_6649-768x512.jpg 768w, https:\/\/medicina.udd.cl\/kinesiologia-santiago\/files\/2016\/04\/IMG_6649-1024x683.jpg 1024w, https:\/\/medicina.udd.cl\/kinesiologia-santiago\/files\/2016\/04\/IMG_6649-960x640.jpg 960w\" sizes=\"auto, (max-width: 801px) 100vw, 801px\" \/><\/figure><figure class=\"carousel-item\"><img loading=\"lazy\" decoding=\"async\" width=\"801\" height=\"534\" src=\"https:\/\/medicina.udd.cl\/kinesiologia-santiago\/files\/2016\/04\/IMG_6651.jpg\" class=\"attachment-landscape_952 size-landscape_952\" alt=\"\" srcset=\"https:\/\/medicina.udd.cl\/kinesiologia-santiago\/files\/2016\/04\/IMG_6651.jpg 5184w, https:\/\/medicina.udd.cl\/kinesiologia-santiago\/files\/2016\/04\/IMG_6651-300x200.jpg 300w, https:\/\/medicina.udd.cl\/kinesiologia-santiago\/files\/2016\/04\/IMG_6651-768x512.jpg 768w, https:\/\/medicina.udd.cl\/kinesiologia-santiago\/files\/2016\/04\/IMG_6651-1024x683.jpg 1024w, https:\/\/medicina.udd.cl\/kinesiologia-santiago\/files\/2016\/04\/IMG_6651-960x640.jpg 960w\" sizes=\"auto, (max-width: 801px) 100vw, 801px\" \/><\/figure><figure class=\"carousel-item\"><img loading=\"lazy\" decoding=\"async\" width=\"801\" height=\"534\" src=\"https:\/\/medicina.udd.cl\/kinesiologia-santiago\/files\/2016\/04\/IMG_6660.jpg\" class=\"attachment-landscape_952 size-landscape_952\" alt=\"\" srcset=\"https:\/\/medicina.udd.cl\/kinesiologia-santiago\/files\/2016\/04\/IMG_6660.jpg 5184w, https:\/\/medicina.udd.cl\/kinesiologia-santiago\/files\/2016\/04\/IMG_6660-300x200.jpg 300w, https:\/\/medicina.udd.cl\/kinesiologia-santiago\/files\/2016\/04\/IMG_6660-768x512.jpg 768w, https:\/\/medicina.udd.cl\/kinesiologia-santiago\/files\/2016\/04\/IMG_6660-1024x683.jpg 1024w, https:\/\/medicina.udd.cl\/kinesiologia-santiago\/files\/2016\/04\/IMG_6660-960x640.jpg 960w\" sizes=\"auto, (max-width: 801px) 100vw, 801px\" \/><\/figure><figure class=\"carousel-item\"><img loading=\"lazy\" decoding=\"async\" width=\"801\" height=\"534\" src=\"https:\/\/medicina.udd.cl\/kinesiologia-santiago\/files\/2016\/04\/IMG_6657.jpg\" class=\"attachment-landscape_952 size-landscape_952\" alt=\"\" srcset=\"https:\/\/medicina.udd.cl\/kinesiologia-santiago\/files\/2016\/04\/IMG_6657.jpg 5184w, https:\/\/medicina.udd.cl\/kinesiologia-santiago\/files\/2016\/04\/IMG_6657-300x200.jpg 300w, https:\/\/medicina.udd.cl\/kinesiologia-santiago\/files\/2016\/04\/IMG_6657-768x512.jpg 768w, https:\/\/medicina.udd.cl\/kinesiologia-santiago\/files\/2016\/04\/IMG_6657-1024x683.jpg 1024w, https:\/\/medicina.udd.cl\/kinesiologia-santiago\/files\/2016\/04\/IMG_6657-960x640.jpg 960w\" sizes=\"auto, (max-width: 801px) 100vw, 801px\" \/><\/figure><figure class=\"carousel-item\"><img loading=\"lazy\" decoding=\"async\" width=\"801\" height=\"534\" src=\"https:\/\/medicina.udd.cl\/kinesiologia-santiago\/files\/2016\/04\/IMG_6659.jpg\" class=\"attachment-landscape_952 size-landscape_952\" alt=\"\" srcset=\"https:\/\/medicina.udd.cl\/kinesiologia-santiago\/files\/2016\/04\/IMG_6659.jpg 5184w, https:\/\/medicina.udd.cl\/kinesiologia-santiago\/files\/2016\/04\/IMG_6659-300x200.jpg 300w, https:\/\/medicina.udd.cl\/kinesiologia-santiago\/files\/2016\/04\/IMG_6659-768x512.jpg 768w, https:\/\/medicina.udd.cl\/kinesiologia-santiago\/files\/2016\/04\/IMG_6659-1024x683.jpg 1024w, https:\/\/medicina.udd.cl\/kinesiologia-santiago\/files\/2016\/04\/IMG_6659-960x640.jpg 960w\" sizes=\"auto, (max-width: 801px) 100vw, 801px\" \/><\/figure><figure class=\"carousel-item\"><img loading=\"lazy\" decoding=\"async\" width=\"801\" height=\"534\" src=\"https:\/\/medicina.udd.cl\/kinesiologia-santiago\/files\/2016\/04\/IMG_6664.jpg\" class=\"attachment-landscape_952 size-landscape_952\" alt=\"\" srcset=\"https:\/\/medicina.udd.cl\/kinesiologia-santiago\/files\/2016\/04\/IMG_6664.jpg 5184w, https:\/\/medicina.udd.cl\/kinesiologia-santiago\/files\/2016\/04\/IMG_6664-300x200.jpg 300w, https:\/\/medicina.udd.cl\/kinesiologia-santiago\/files\/2016\/04\/IMG_6664-768x512.jpg 768w, https:\/\/medicina.udd.cl\/kinesiologia-santiago\/files\/2016\/04\/IMG_6664-1024x683.jpg 1024w, https:\/\/medicina.udd.cl\/kinesiologia-santiago\/files\/2016\/04\/IMG_6664-960x640.jpg 960w\" sizes=\"auto, (max-width: 801px) 100vw, 801px\" \/><\/figure><\/div><footer class=\"carousel-footer\"><div class=\"carousel-counter\"><span class=\"carousel-counter-current\"><\/span> \/ <span class=\"carousel-counter-total\"><\/span><\/div><a class=\"carousel-control-prev\" href=\"#gallery-1\" role=\"button\" data-slide=\"prev\"><svg aria-hidden=\"true\" class=\"svg-chevron-left-dims\"><use xlink:href='https:\/\/medicina.udd.cl\/kinesiologia-santiago\/wp-content\/themes\/facultades-2018\/assets\/img\/svg\/dist\/main.svg?version=1695853099#chevron-left'><\/use><\/svg><span class=\"sr-only\">Anterior<\/span><\/a><a class=\"carousel-control-next\" href=\"#gallery-1\" role=\"button\" data-slide=\"next\"><svg aria-hidden=\"true\" class=\"svg-chevron-right-dims\"><use xlink:href='https:\/\/medicina.udd.cl\/kinesiologia-santiago\/wp-content\/themes\/facultades-2018\/assets\/img\/svg\/dist\/main.svg?version=1695853099#chevron-right'><\/use><\/svg><span class=\"sr-only\">Siguiente<\/span><\/a><\/footer><\/div>\n<p style=\"text-align: justify\">El mi\u00e9rcoles 20 de abril, en el Auditorio Soquimich del campus RESB, se llev\u00f3 a cabo la ceremonia de inauguraci\u00f3n del <strong>Mag\u00edster en Terapia F\u00edsica y Rehabilitaci\u00f3n<\/strong>, un programa de postgrado semipresencial impartido por la carrera de Kinesiolog\u00eda de la Universidad del Desarrollo en alianza con la Universidad de Sao Paulo (USP) y Texas Tech University Health Sciences Center (TTUHSC).<\/p>\n<p style=\"text-align: justify\">En la jornada, 13 alumnos recibieron las palabras de bienvenida de diversas autoridades de la UDD y de la Facultad de Medicina Cl\u00ednica Alemana Universidad del Desarrollo, adem\u00e1s de escuchar una breve presentaci\u00f3n del curso por parte del director del mag\u00edster, Jaime Leppe, quien destac\u00f3 no s\u00f3lo el trabajo coordinado de los docentes del \u00e1rea para poner en marcha este plan de estudio, sino tambi\u00e9n la importancia de la alianza con la USP y TTUHSC, agradeciendo la presencia de los exponentes internacionales.<\/p>\n<p style=\"text-align: justify\">\u201cHemos establecido relaciones con la UDD por tres a\u00f1os, haciendo clases en diplomas y participando en investigaci\u00f3n. El MAKI (Mag\u00edster en Kinesiolog\u00eda o Mag\u00edster en Terapia F\u00edsica y Rehabilitaci\u00f3n) es el paso l\u00f3gico de la Fisioterapia en Chile, que combina lo cl\u00ednico y acad\u00e9mico\u201d, se\u00f1al\u00f3 Phil Sizer, vicedecano de Investigaci\u00f3n de la Facultad de Ciencias de la Salud de la Universidad de Texas Tech y docente del mag\u00edster.<\/p>\n<p style=\"text-align: justify\">La\u00a0representante de la Universidad de Sao Paulo,\u00a0Renata Hasue, \u00a0dijo que \u201cesta alianza no s\u00f3lo es importante para la USP y la UDD, sino para toda Am\u00e9rica Latina. Nosotros sabemos que la Kinesiolog\u00eda necesita docentes graduados con perfil de investigaci\u00f3n y ambas universidades est\u00e1n tomando un rol de protagonistas de la Ciencia en Fisioterapia en el continente\u201d.<\/p>\n<p style=\"text-align: justify\">Por su parte, Sonia Roa, coordinadora de Postgrado de Kinesiolog\u00eda,\u00a0se refiri\u00f3 a la concreci\u00f3n del proyecto.<em>\u00a0<\/em>\u201cMaduramos mucho la idea y decidimos dar pasos lentos para que fueran certeros. Los v\u00ednculos que logramos con nuestras alianzas internacionales, m\u00e1s el apoyo del equipo de ICubo, nos permitieron acortar la espera con el nivel de excelencia que buscamos\u201d, sentenci\u00f3.<\/p>\n<p style=\"text-align: justify\">Entre las\u00a0autoridades que asistieron a la ceremonia, destacan: la directora de Postgrado de la Universidad del Desarrollo, Olga Pizarro; el director ejecutivo de iCubo, Paul O\u2019Toole; el doctor Ricardo Ronco, decano de la Facultad de Medicina CAS-UDD; la doctora Marcela Castillo, vicedecana de Postgrado; Jorge Molina, director de Kinesiolog\u00eda; Mar\u00eda Adriana Parra, directora de Tecnolog\u00eda M\u00e9dica; adem\u00e1s de coordinadores y docentes, tanto de la carrera como del programa.<\/p>\n","protected":false},"excerpt":{"rendered":"<p>A la ceremonia de inauguraci\u00f3n asistieron autoridades de la UDD y de la Facultad de Medicina Cl\u00ednica Alemana Universidad del Desarrollo, adem\u00e1s de los representantes de Texas Tech University Health Sciences Center y de la Universidad de Sao Paulo: Phil Sizer y Renata Hasue, respectivamente.<\/p>\n","protected":false},"author":9192192,"featured_media":2816,"comment_status":"open","ping_status":"open","sticky":false,"template":"","format":"standard","meta":{"footnotes":""},"categories":[4],"tags":[],"class_list":["post-2806","post","type-post","status-publish","format-standard","has-post-thumbnail","hentry","category-noticias"],"yoast_head":"<!-- This site is optimized with the Yoast SEO plugin v26.9 - https:\/\/yoast.com\/product\/yoast-seo-wordpress\/ -->\n<title>Kinesiolog\u00eda UDD inicia Mag\u00edster en Terapia F\u00edsica y Rehabilitaci\u00f3n - Kinesiolog\u00eda<\/title>\n<meta name=\"robots\" content=\"index, follow, max-snippet:-1, max-image-preview:large, max-video-preview:-1\" \/>\n<link rel=\"canonical\" href=\"https:\/\/medicina.udd.cl\/kinesiologia-santiago\/noticias\/2016\/04\/25\/kinesiologia-udd-inicia-magister-en-terapia-fisica-y-rehabilitacion\/\" \/>\n<meta property=\"og:locale\" content=\"es_ES\" \/>\n<meta property=\"og:type\" content=\"article\" \/>\n<meta property=\"og:title\" content=\"Kinesiolog\u00eda UDD inicia Mag\u00edster en Terapia F\u00edsica y Rehabilitaci\u00f3n - Kinesiolog\u00eda\" \/>\n<meta property=\"og:description\" content=\"A la ceremonia de inauguraci\u00f3n asistieron autoridades de la UDD y de la Facultad de Medicina Cl\u00ednica Alemana Universidad del Desarrollo, adem\u00e1s de los representantes de Texas Tech University Health Sciences Center y de la Universidad de Sao Paulo: Phil Sizer y Renata Hasue, respectivamente.\" \/>\n<meta property=\"og:url\" content=\"https:\/\/medicina.udd.cl\/kinesiologia-santiago\/noticias\/2016\/04\/25\/kinesiologia-udd-inicia-magister-en-terapia-fisica-y-rehabilitacion\/\" \/>\n<meta property=\"og:site_name\" content=\"Kinesiolog\u00eda\" \/>\n<meta property=\"article:published_time\" content=\"2016-04-25T16:26:37+00:00\" \/>\n<meta property=\"article:modified_time\" content=\"2016-05-03T15:15:26+00:00\" \/>\n<meta property=\"og:image\" content=\"https:\/\/medicina.udd.cl\/kinesiologia-santiago\/files\/2016\/04\/IMG_6655-1024x683.jpg\" \/>\n\t<meta property=\"og:image:width\" content=\"1024\" \/>\n\t<meta property=\"og:image:height\" content=\"683\" \/>\n\t<meta property=\"og:image:type\" content=\"image\/jpeg\" \/>\n<meta name=\"author\" content=\"paulinamunoz\" \/>\n<meta name=\"twitter:label1\" content=\"Escrito por\" \/>\n\t<meta name=\"twitter:data1\" content=\"paulinamunoz\" \/>\n\t<meta name=\"twitter:label2\" content=\"Tiempo de lectura\" \/>\n\t<meta name=\"twitter:data2\" content=\"2 minutos\" \/>\n<script type=\"application\/ld+json\" class=\"yoast-schema-graph\">{\"@context\":\"https:\/\/schema.org\",\"@graph\":[{\"@type\":\"Article\",\"@id\":\"https:\/\/medicina.udd.cl\/kinesiologia-santiago\/noticias\/2016\/04\/25\/kinesiologia-udd-inicia-magister-en-terapia-fisica-y-rehabilitacion\/#article\",\"isPartOf\":{\"@id\":\"https:\/\/medicina.udd.cl\/kinesiologia-santiago\/noticias\/2016\/04\/25\/kinesiologia-udd-inicia-magister-en-terapia-fisica-y-rehabilitacion\/\"},\"author\":{\"name\":\"paulinamunoz\",\"@id\":\"https:\/\/medicina.udd.cl\/kinesiologia-santiago\/#\/schema\/person\/8bbd66125b574a40ec467c180c11f2e3\"},\"headline\":\"Kinesiolog\u00eda UDD inicia Mag\u00edster en Terapia F\u00edsica y Rehabilitaci\u00f3n\",\"datePublished\":\"2016-04-25T16:26:37+00:00\",\"dateModified\":\"2016-05-03T15:15:26+00:00\",\"mainEntityOfPage\":{\"@id\":\"https:\/\/medicina.udd.cl\/kinesiologia-santiago\/noticias\/2016\/04\/25\/kinesiologia-udd-inicia-magister-en-terapia-fisica-y-rehabilitacion\/\"},\"wordCount\":448,\"commentCount\":0,\"image\":{\"@id\":\"https:\/\/medicina.udd.cl\/kinesiologia-santiago\/noticias\/2016\/04\/25\/kinesiologia-udd-inicia-magister-en-terapia-fisica-y-rehabilitacion\/#primaryimage\"},\"thumbnailUrl\":\"https:\/\/medicina.udd.cl\/kinesiologia-santiago\/files\/2016\/04\/IMG_6655.jpg\",\"articleSection\":[\"Noticias\"],\"inLanguage\":\"es\",\"potentialAction\":[{\"@type\":\"CommentAction\",\"name\":\"Comment\",\"target\":[\"https:\/\/medicina.udd.cl\/kinesiologia-santiago\/noticias\/2016\/04\/25\/kinesiologia-udd-inicia-magister-en-terapia-fisica-y-rehabilitacion\/#respond\"]}]},{\"@type\":\"WebPage\",\"@id\":\"https:\/\/medicina.udd.cl\/kinesiologia-santiago\/noticias\/2016\/04\/25\/kinesiologia-udd-inicia-magister-en-terapia-fisica-y-rehabilitacion\/\",\"url\":\"https:\/\/medicina.udd.cl\/kinesiologia-santiago\/noticias\/2016\/04\/25\/kinesiologia-udd-inicia-magister-en-terapia-fisica-y-rehabilitacion\/\",\"name\":\"Kinesiolog\u00eda UDD inicia Mag\u00edster en Terapia F\u00edsica y Rehabilitaci\u00f3n - Kinesiolog\u00eda\",\"isPartOf\":{\"@id\":\"https:\/\/medicina.udd.cl\/kinesiologia-santiago\/#website\"},\"primaryImageOfPage\":{\"@id\":\"https:\/\/medicina.udd.cl\/kinesiologia-santiago\/noticias\/2016\/04\/25\/kinesiologia-udd-inicia-magister-en-terapia-fisica-y-rehabilitacion\/#primaryimage\"},\"image\":{\"@id\":\"https:\/\/medicina.udd.cl\/kinesiologia-santiago\/noticias\/2016\/04\/25\/kinesiologia-udd-inicia-magister-en-terapia-fisica-y-rehabilitacion\/#primaryimage\"},\"thumbnailUrl\":\"https:\/\/medicina.udd.cl\/kinesiologia-santiago\/files\/2016\/04\/IMG_6655.jpg\",\"datePublished\":\"2016-04-25T16:26:37+00:00\",\"dateModified\":\"2016-05-03T15:15:26+00:00\",\"author\":{\"@id\":\"https:\/\/medicina.udd.cl\/kinesiologia-santiago\/#\/schema\/person\/8bbd66125b574a40ec467c180c11f2e3\"},\"breadcrumb\":{\"@id\":\"https:\/\/medicina.udd.cl\/kinesiologia-santiago\/noticias\/2016\/04\/25\/kinesiologia-udd-inicia-magister-en-terapia-fisica-y-rehabilitacion\/#breadcrumb\"},\"inLanguage\":\"es\",\"potentialAction\":[{\"@type\":\"ReadAction\",\"target\":[\"https:\/\/medicina.udd.cl\/kinesiologia-santiago\/noticias\/2016\/04\/25\/kinesiologia-udd-inicia-magister-en-terapia-fisica-y-rehabilitacion\/\"]}]},{\"@type\":\"ImageObject\",\"inLanguage\":\"es\",\"@id\":\"https:\/\/medicina.udd.cl\/kinesiologia-santiago\/noticias\/2016\/04\/25\/kinesiologia-udd-inicia-magister-en-terapia-fisica-y-rehabilitacion\/#primaryimage\",\"url\":\"https:\/\/medicina.udd.cl\/kinesiologia-santiago\/files\/2016\/04\/IMG_6655.jpg\",\"contentUrl\":\"https:\/\/medicina.udd.cl\/kinesiologia-santiago\/files\/2016\/04\/IMG_6655.jpg\",\"width\":5184,\"height\":3456},{\"@type\":\"BreadcrumbList\",\"@id\":\"https:\/\/medicina.udd.cl\/kinesiologia-santiago\/noticias\/2016\/04\/25\/kinesiologia-udd-inicia-magister-en-terapia-fisica-y-rehabilitacion\/#breadcrumb\",\"itemListElement\":[{\"@type\":\"ListItem\",\"position\":1,\"name\":\"Home\",\"item\":\"https:\/\/medicina.udd.cl\/kinesiologia-santiago\/\"},{\"@type\":\"ListItem\",\"position\":2,\"name\":\"Kinesiolog\u00eda UDD inicia Mag\u00edster en Terapia F\u00edsica y Rehabilitaci\u00f3n\"}]},{\"@type\":\"WebSite\",\"@id\":\"https:\/\/medicina.udd.cl\/kinesiologia-santiago\/#website\",\"url\":\"https:\/\/medicina.udd.cl\/kinesiologia-santiago\/\",\"name\":\"Kinesiolog\u00eda\",\"description\":\"Facultad de Medicina Cl\u00ednica Alemana Universidad del Desarrollo\",\"inLanguage\":\"es\"},{\"@type\":\"Person\",\"@id\":\"https:\/\/medicina.udd.cl\/kinesiologia-santiago\/#\/schema\/person\/8bbd66125b574a40ec467c180c11f2e3\",\"name\":\"paulinamunoz\",\"image\":{\"@type\":\"ImageObject\",\"inLanguage\":\"es\",\"@id\":\"https:\/\/medicina.udd.cl\/kinesiologia-santiago\/#\/schema\/person\/image\/\",\"url\":\"https:\/\/secure.gravatar.com\/avatar\/748ce8fb74e8f8077c4966697a3b3710ca0019e71a62146890c0dcdc705e7f3d?s=96&d=mm&r=g\",\"contentUrl\":\"https:\/\/secure.gravatar.com\/avatar\/748ce8fb74e8f8077c4966697a3b3710ca0019e71a62146890c0dcdc705e7f3d?s=96&d=mm&r=g\",\"caption\":\"paulinamunoz\"},\"url\":\"https:\/\/medicina.udd.cl\/kinesiologia-santiago\/noticias\/author\/paulinamunoz\/\"}]}<\/script>\n<!-- \/ Yoast SEO plugin. -->","yoast_head_json":{"title":"Kinesiolog\u00eda UDD inicia Mag\u00edster en Terapia F\u00edsica y Rehabilitaci\u00f3n - Kinesiolog\u00eda","robots":{"index":"index","follow":"follow","max-snippet":"max-snippet:-1","max-image-preview":"max-image-preview:large","max-video-preview":"max-video-preview:-1"},"canonical":"https:\/\/medicina.udd.cl\/kinesiologia-santiago\/noticias\/2016\/04\/25\/kinesiologia-udd-inicia-magister-en-terapia-fisica-y-rehabilitacion\/","og_locale":"es_ES","og_type":"article","og_title":"Kinesiolog\u00eda UDD inicia Mag\u00edster en Terapia F\u00edsica y Rehabilitaci\u00f3n - Kinesiolog\u00eda","og_description":"A la ceremonia de inauguraci\u00f3n asistieron autoridades de la UDD y de la Facultad de Medicina Cl\u00ednica Alemana Universidad del Desarrollo, adem\u00e1s de los representantes de Texas Tech University Health Sciences Center y de la Universidad de Sao Paulo: Phil Sizer y Renata Hasue, respectivamente.","og_url":"https:\/\/medicina.udd.cl\/kinesiologia-santiago\/noticias\/2016\/04\/25\/kinesiologia-udd-inicia-magister-en-terapia-fisica-y-rehabilitacion\/","og_site_name":"Kinesiolog\u00eda","article_published_time":"2016-04-25T16:26:37+00:00","article_modified_time":"2016-05-03T15:15:26+00:00","og_image":[{"width":1024,"height":683,"url":"https:\/\/medicina.udd.cl\/kinesiologia-santiago\/files\/2016\/04\/IMG_6655-1024x683.jpg","type":"image\/jpeg"}],"author":"paulinamunoz","twitter_misc":{"Escrito por":"paulinamunoz","Tiempo de lectura":"2 minutos"},"schema":{"@context":"https:\/\/schema.org","@graph":[{"@type":"Article","@id":"https:\/\/medicina.udd.cl\/kinesiologia-santiago\/noticias\/2016\/04\/25\/kinesiologia-udd-inicia-magister-en-terapia-fisica-y-rehabilitacion\/#article","isPartOf":{"@id":"https:\/\/medicina.udd.cl\/kinesiologia-santiago\/noticias\/2016\/04\/25\/kinesiologia-udd-inicia-magister-en-terapia-fisica-y-rehabilitacion\/"},"author":{"name":"paulinamunoz","@id":"https:\/\/medicina.udd.cl\/kinesiologia-santiago\/#\/schema\/person\/8bbd66125b574a40ec467c180c11f2e3"},"headline":"Kinesiolog\u00eda UDD inicia Mag\u00edster en Terapia F\u00edsica y Rehabilitaci\u00f3n","datePublished":"2016-04-25T16:26:37+00:00","dateModified":"2016-05-03T15:15:26+00:00","mainEntityOfPage":{"@id":"https:\/\/medicina.udd.cl\/kinesiologia-santiago\/noticias\/2016\/04\/25\/kinesiologia-udd-inicia-magister-en-terapia-fisica-y-rehabilitacion\/"},"wordCount":448,"commentCount":0,"image":{"@id":"https:\/\/medicina.udd.cl\/kinesiologia-santiago\/noticias\/2016\/04\/25\/kinesiologia-udd-inicia-magister-en-terapia-fisica-y-rehabilitacion\/#primaryimage"},"thumbnailUrl":"https:\/\/medicina.udd.cl\/kinesiologia-santiago\/files\/2016\/04\/IMG_6655.jpg","articleSection":["Noticias"],"inLanguage":"es","potentialAction":[{"@type":"CommentAction","name":"Comment","target":["https:\/\/medicina.udd.cl\/kinesiologia-santiago\/noticias\/2016\/04\/25\/kinesiologia-udd-inicia-magister-en-terapia-fisica-y-rehabilitacion\/#respond"]}]},{"@type":"WebPage","@id":"https:\/\/medicina.udd.cl\/kinesiologia-santiago\/noticias\/2016\/04\/25\/kinesiologia-udd-inicia-magister-en-terapia-fisica-y-rehabilitacion\/","url":"https:\/\/medicina.udd.cl\/kinesiologia-santiago\/noticias\/2016\/04\/25\/kinesiologia-udd-inicia-magister-en-terapia-fisica-y-rehabilitacion\/","name":"Kinesiolog\u00eda UDD inicia Mag\u00edster en Terapia F\u00edsica y Rehabilitaci\u00f3n - Kinesiolog\u00eda","isPartOf":{"@id":"https:\/\/medicina.udd.cl\/kinesiologia-santiago\/#website"},"primaryImageOfPage":{"@id":"https:\/\/medicina.udd.cl\/kinesiologia-santiago\/noticias\/2016\/04\/25\/kinesiologia-udd-inicia-magister-en-terapia-fisica-y-rehabilitacion\/#primaryimage"},"image":{"@id":"https:\/\/medicina.udd.cl\/kinesiologia-santiago\/noticias\/2016\/04\/25\/kinesiologia-udd-inicia-magister-en-terapia-fisica-y-rehabilitacion\/#primaryimage"},"thumbnailUrl":"https:\/\/medicina.udd.cl\/kinesiologia-santiago\/files\/2016\/04\/IMG_6655.jpg","datePublished":"2016-04-25T16:26:37+00:00","dateModified":"2016-05-03T15:15:26+00:00","author":{"@id":"https:\/\/medicina.udd.cl\/kinesiologia-santiago\/#\/schema\/person\/8bbd66125b574a40ec467c180c11f2e3"},"breadcrumb":{"@id":"https:\/\/medicina.udd.cl\/kinesiologia-santiago\/noticias\/2016\/04\/25\/kinesiologia-udd-inicia-magister-en-terapia-fisica-y-rehabilitacion\/#breadcrumb"},"inLanguage":"es","potentialAction":[{"@type":"ReadAction","target":["https:\/\/medicina.udd.cl\/kinesiologia-santiago\/noticias\/2016\/04\/25\/kinesiologia-udd-inicia-magister-en-terapia-fisica-y-rehabilitacion\/"]}]},{"@type":"ImageObject","inLanguage":"es","@id":"https:\/\/medicina.udd.cl\/kinesiologia-santiago\/noticias\/2016\/04\/25\/kinesiologia-udd-inicia-magister-en-terapia-fisica-y-rehabilitacion\/#primaryimage","url":"https:\/\/medicina.udd.cl\/kinesiologia-santiago\/files\/2016\/04\/IMG_6655.jpg","contentUrl":"https:\/\/medicina.udd.cl\/kinesiologia-santiago\/files\/2016\/04\/IMG_6655.jpg","width":5184,"height":3456},{"@type":"BreadcrumbList","@id":"https:\/\/medicina.udd.cl\/kinesiologia-santiago\/noticias\/2016\/04\/25\/kinesiologia-udd-inicia-magister-en-terapia-fisica-y-rehabilitacion\/#breadcrumb","itemListElement":[{"@type":"ListItem","position":1,"name":"Home","item":"https:\/\/medicina.udd.cl\/kinesiologia-santiago\/"},{"@type":"ListItem","position":2,"name":"Kinesiolog\u00eda UDD inicia Mag\u00edster en Terapia F\u00edsica y Rehabilitaci\u00f3n"}]},{"@type":"WebSite","@id":"https:\/\/medicina.udd.cl\/kinesiologia-santiago\/#website","url":"https:\/\/medicina.udd.cl\/kinesiologia-santiago\/","name":"Kinesiolog\u00eda","description":"Facultad de Medicina Cl\u00ednica Alemana Universidad del Desarrollo","inLanguage":"es"},{"@type":"Person","@id":"https:\/\/medicina.udd.cl\/kinesiologia-santiago\/#\/schema\/person\/8bbd66125b574a40ec467c180c11f2e3","name":"paulinamunoz","image":{"@type":"ImageObject","inLanguage":"es","@id":"https:\/\/medicina.udd.cl\/kinesiologia-santiago\/#\/schema\/person\/image\/","url":"https:\/\/secure.gravatar.com\/avatar\/748ce8fb74e8f8077c4966697a3b3710ca0019e71a62146890c0dcdc705e7f3d?s=96&d=mm&r=g","contentUrl":"https:\/\/secure.gravatar.com\/avatar\/748ce8fb74e8f8077c4966697a3b3710ca0019e71a62146890c0dcdc705e7f3d?s=96&d=mm&r=g","caption":"paulinamunoz"},"url":"https:\/\/medicina.udd.cl\/kinesiologia-santiago\/noticias\/author\/paulinamunoz\/"}]}},"featured_image_url":"https:\/\/medicina.udd.cl\/kinesiologia-santiago\/files\/2016\/04\/IMG_6655.jpg","_links":{"self":[{"href":"https:\/\/medicina.udd.cl\/kinesiologia-santiago\/wp-json\/wp\/v2\/posts\/2806","targetHints":{"allow":["GET"]}}],"collection":[{"href":"https:\/\/medicina.udd.cl\/kinesiologia-santiago\/wp-json\/wp\/v2\/posts"}],"about":[{"href":"https:\/\/medicina.udd.cl\/kinesiologia-santiago\/wp-json\/wp\/v2\/types\/post"}],"author":[{"embeddable":true,"href":"https:\/\/medicina.udd.cl\/kinesiologia-santiago\/wp-json\/wp\/v2\/users\/9192192"}],"replies":[{"embeddable":true,"href":"https:\/\/medicina.udd.cl\/kinesiologia-santiago\/wp-json\/wp\/v2\/comments?post=2806"}],"version-history":[{"count":10,"href":"https:\/\/medicina.udd.cl\/kinesiologia-santiago\/wp-json\/wp\/v2\/posts\/2806\/revisions"}],"predecessor-version":[{"id":2831,"href":"https:\/\/medicina.udd.cl\/kinesiologia-santiago\/wp-json\/wp\/v2\/posts\/2806\/revisions\/2831"}],"wp:featuredmedia":[{"embeddable":true,"href":"https:\/\/medicina.udd.cl\/kinesiologia-santiago\/wp-json\/wp\/v2\/media\/2816"}],"wp:attachment":[{"href":"https:\/\/medicina.udd.cl\/kinesiologia-santiago\/wp-json\/wp\/v2\/media?parent=2806"}],"wp:term":[{"taxonomy":"category","embeddable":true,"href":"https:\/\/medicina.udd.cl\/kinesiologia-santiago\/wp-json\/wp\/v2\/categories?post=2806"},{"taxonomy":"post_tag","embeddable":true,"href":"https:\/\/medicina.udd.cl\/kinesiologia-santiago\/wp-json\/wp\/v2\/tags?post=2806"}],"curies":[{"name":"wp","href":"https:\/\/api.w.org\/{rel}","templated":true}]}}