{"id":2979,"date":"2016-06-17T11:14:29","date_gmt":"2016-06-17T15:14:29","guid":{"rendered":"http:\/\/medicina.udd.cl\/kinesiologia-santiago\/?p=2979"},"modified":"2016-06-17T13:55:58","modified_gmt":"2016-06-17T17:55:58","slug":"alumnos-de-kinesiologia-participaron-en-encuentro-interdisciplinario","status":"publish","type":"post","link":"https:\/\/medicina.udd.cl\/kinesiologia-santiago\/noticias\/2016\/06\/17\/alumnos-de-kinesiologia-participaron-en-encuentro-interdisciplinario\/","title":{"rendered":"Alumnos de Kinesiolog\u00eda participaron en encuentro interdisciplinario"},"content":{"rendered":"<div id=\"gallery-1\" class=\"carousel slide carousel-gallery\" data-ride=\"false\" data-interval=\"false\"><div class=\"carousel-inner\" role=\"listbox\"><figure class=\"carousel-item active\"><img loading=\"lazy\" decoding=\"async\" width=\"801\" height=\"534\" src=\"https:\/\/medicina.udd.cl\/kinesiologia-santiago\/files\/2016\/06\/InterSalUDD-1-e1466176139975.jpg\" class=\"attachment-landscape_952 size-landscape_952\" alt=\"\" \/><\/figure><figure class=\"carousel-item\"><img loading=\"lazy\" decoding=\"async\" width=\"801\" height=\"534\" src=\"https:\/\/medicina.udd.cl\/kinesiologia-santiago\/files\/2016\/06\/InterSalUDD-2-e1466176149999.jpg\" class=\"attachment-landscape_952 size-landscape_952\" alt=\"\" \/><\/figure><figure class=\"carousel-item\"><img loading=\"lazy\" decoding=\"async\" width=\"801\" height=\"534\" src=\"https:\/\/medicina.udd.cl\/kinesiologia-santiago\/files\/2016\/06\/InterSalUDD-3-e1466176156955.jpg\" class=\"attachment-landscape_952 size-landscape_952\" alt=\"\" \/><\/figure><figure class=\"carousel-item\"><img loading=\"lazy\" decoding=\"async\" width=\"801\" height=\"534\" src=\"https:\/\/medicina.udd.cl\/kinesiologia-santiago\/files\/2016\/06\/InterSalUDD-4-e1466176164439.jpg\" class=\"attachment-landscape_952 size-landscape_952\" alt=\"\" \/><\/figure><figure class=\"carousel-item\"><img loading=\"lazy\" decoding=\"async\" width=\"801\" height=\"534\" src=\"https:\/\/medicina.udd.cl\/kinesiologia-santiago\/files\/2016\/06\/InterSalUDD-5-e1466176173881.jpg\" class=\"attachment-landscape_952 size-landscape_952\" alt=\"\" \/><\/figure><figure class=\"carousel-item\"><img loading=\"lazy\" decoding=\"async\" width=\"801\" height=\"534\" src=\"https:\/\/medicina.udd.cl\/kinesiologia-santiago\/files\/2016\/06\/InterSalUDD-6-e1466176182234.jpg\" class=\"attachment-landscape_952 size-landscape_952\" alt=\"\" \/><\/figure><figure class=\"carousel-item\"><img loading=\"lazy\" decoding=\"async\" width=\"800\" height=\"534\" src=\"https:\/\/medicina.udd.cl\/kinesiologia-santiago\/files\/2016\/06\/InterSalUDD-8-e1466176189288.jpg\" class=\"attachment-landscape_952 size-landscape_952\" alt=\"\" \/><\/figure><figure class=\"carousel-item\"><img loading=\"lazy\" decoding=\"async\" width=\"801\" height=\"534\" src=\"https:\/\/medicina.udd.cl\/kinesiologia-santiago\/files\/2016\/06\/InterSalUDD-9-e1466176196724.jpg\" class=\"attachment-landscape_952 size-landscape_952\" alt=\"\" \/><\/figure><figure class=\"carousel-item\"><img loading=\"lazy\" decoding=\"async\" width=\"801\" height=\"534\" src=\"https:\/\/medicina.udd.cl\/kinesiologia-santiago\/files\/2016\/06\/InterSalUDD-10-e1466176203488.jpg\" class=\"attachment-landscape_952 size-landscape_952\" alt=\"\" \/><\/figure><figure class=\"carousel-item\"><img loading=\"lazy\" decoding=\"async\" width=\"801\" height=\"534\" src=\"https:\/\/medicina.udd.cl\/kinesiologia-santiago\/files\/2016\/06\/InterSalUDD-12-e1466176210619.jpg\" class=\"attachment-landscape_952 size-landscape_952\" alt=\"\" \/><\/figure><figure class=\"carousel-item\"><img loading=\"lazy\" decoding=\"async\" width=\"801\" height=\"534\" src=\"https:\/\/medicina.udd.cl\/kinesiologia-santiago\/files\/2016\/06\/InterSalUDD-13-e1466176217129.jpg\" class=\"attachment-landscape_952 size-landscape_952\" alt=\"\" \/><\/figure><figure class=\"carousel-item\"><img loading=\"lazy\" decoding=\"async\" width=\"801\" height=\"534\" src=\"https:\/\/medicina.udd.cl\/kinesiologia-santiago\/files\/2016\/06\/InterSalUDD-14-e1466176225137.jpg\" class=\"attachment-landscape_952 size-landscape_952\" alt=\"\" \/><\/figure><figure class=\"carousel-item\"><img loading=\"lazy\" decoding=\"async\" width=\"801\" height=\"534\" src=\"https:\/\/medicina.udd.cl\/kinesiologia-santiago\/files\/2016\/06\/InterSalUDD-17-e1466176232731.jpg\" class=\"attachment-landscape_952 size-landscape_952\" alt=\"\" \/><\/figure><figure class=\"carousel-item\"><img loading=\"lazy\" decoding=\"async\" width=\"801\" height=\"534\" src=\"https:\/\/medicina.udd.cl\/kinesiologia-santiago\/files\/2016\/06\/InterSalUDD-18-e1466176241766.jpg\" class=\"attachment-landscape_952 size-landscape_952\" alt=\"\" \/><\/figure><figure class=\"carousel-item\"><img loading=\"lazy\" decoding=\"async\" width=\"801\" height=\"534\" src=\"https:\/\/medicina.udd.cl\/kinesiologia-santiago\/files\/2016\/06\/InterSalUDD-19-e1466176250139.jpg\" class=\"attachment-landscape_952 size-landscape_952\" alt=\"\" \/><\/figure><figure class=\"carousel-item\"><img loading=\"lazy\" decoding=\"async\" width=\"801\" height=\"534\" src=\"https:\/\/medicina.udd.cl\/kinesiologia-santiago\/files\/2016\/06\/InterSalUDD-20-e1466176258477.jpg\" class=\"attachment-landscape_952 size-landscape_952\" alt=\"\" \/><\/figure><figure class=\"carousel-item\"><img loading=\"lazy\" decoding=\"async\" width=\"801\" height=\"534\" src=\"https:\/\/medicina.udd.cl\/kinesiologia-santiago\/files\/2016\/06\/InterSalUDD-21-e1466176267277.jpg\" class=\"attachment-landscape_952 size-landscape_952\" alt=\"\" \/><\/figure><figure class=\"carousel-item\"><img loading=\"lazy\" decoding=\"async\" width=\"801\" height=\"534\" src=\"https:\/\/medicina.udd.cl\/kinesiologia-santiago\/files\/2016\/06\/InterSalUDD-22-e1466176277441.jpg\" class=\"attachment-landscape_952 size-landscape_952\" alt=\"\" \/><\/figure><figure class=\"carousel-item\"><img loading=\"lazy\" decoding=\"async\" width=\"801\" height=\"534\" src=\"https:\/\/medicina.udd.cl\/kinesiologia-santiago\/files\/2016\/06\/InterSalUDD-23-e1466176288459.jpg\" class=\"attachment-landscape_952 size-landscape_952\" alt=\"\" \/><\/figure><figure class=\"carousel-item\"><img loading=\"lazy\" decoding=\"async\" width=\"801\" height=\"534\" src=\"https:\/\/medicina.udd.cl\/kinesiologia-santiago\/files\/2016\/06\/InterSalUDD-24-e1466176298255.jpg\" class=\"attachment-landscape_952 size-landscape_952\" alt=\"\" \/><\/figure><figure class=\"carousel-item\"><img loading=\"lazy\" decoding=\"async\" width=\"801\" height=\"534\" src=\"https:\/\/medicina.udd.cl\/kinesiologia-santiago\/files\/2016\/06\/InterSalUDD-25-e1466176307366.jpg\" class=\"attachment-landscape_952 size-landscape_952\" alt=\"\" \/><\/figure><figure class=\"carousel-item\"><img loading=\"lazy\" decoding=\"async\" width=\"801\" height=\"534\" src=\"https:\/\/medicina.udd.cl\/kinesiologia-santiago\/files\/2016\/06\/InterSalUDD-26-e1466176321738.jpg\" class=\"attachment-landscape_952 size-landscape_952\" alt=\"\" \/><\/figure><figure class=\"carousel-item\"><img loading=\"lazy\" decoding=\"async\" width=\"801\" height=\"534\" src=\"https:\/\/medicina.udd.cl\/kinesiologia-santiago\/files\/2016\/06\/InterSalUDD-27-e1466176330495.jpg\" class=\"attachment-landscape_952 size-landscape_952\" alt=\"\" \/><\/figure><figure class=\"carousel-item\"><img loading=\"lazy\" decoding=\"async\" width=\"801\" height=\"534\" src=\"https:\/\/medicina.udd.cl\/kinesiologia-santiago\/files\/2016\/06\/InterSalUDD-28-e1466176338618.jpg\" class=\"attachment-landscape_952 size-landscape_952\" alt=\"\" \/><\/figure><figure class=\"carousel-item\"><img loading=\"lazy\" decoding=\"async\" width=\"801\" height=\"534\" src=\"https:\/\/medicina.udd.cl\/kinesiologia-santiago\/files\/2016\/06\/InterSalUDD-29-e1466176347171.jpg\" class=\"attachment-landscape_952 size-landscape_952\" alt=\"\" \/><\/figure><figure class=\"carousel-item\"><img loading=\"lazy\" decoding=\"async\" width=\"801\" height=\"534\" src=\"https:\/\/medicina.udd.cl\/kinesiologia-santiago\/files\/2016\/06\/InterSalUDD-30-e1466176356255.jpg\" class=\"attachment-landscape_952 size-landscape_952\" alt=\"\" \/><\/figure><figure class=\"carousel-item\"><img loading=\"lazy\" decoding=\"async\" width=\"799\" height=\"534\" src=\"https:\/\/medicina.udd.cl\/kinesiologia-santiago\/files\/2016\/06\/InterSalUDD-31-e1466176364326.jpg\" class=\"attachment-landscape_952 size-landscape_952\" alt=\"\" srcset=\"https:\/\/medicina.udd.cl\/kinesiologia-santiago\/files\/2016\/06\/InterSalUDD-31-e1466176364326.jpg 1200w, https:\/\/medicina.udd.cl\/kinesiologia-santiago\/files\/2016\/06\/InterSalUDD-31-e1466176364326-300x201.jpg 300w, https:\/\/medicina.udd.cl\/kinesiologia-santiago\/files\/2016\/06\/InterSalUDD-31-e1466176364326-768x513.jpg 768w, https:\/\/medicina.udd.cl\/kinesiologia-santiago\/files\/2016\/06\/InterSalUDD-31-e1466176364326-1024x684.jpg 1024w, https:\/\/medicina.udd.cl\/kinesiologia-santiago\/files\/2016\/06\/InterSalUDD-31-e1466176364326-960x642.jpg 960w\" sizes=\"auto, (max-width: 799px) 100vw, 799px\" \/><\/figure><figure class=\"carousel-item\"><img loading=\"lazy\" decoding=\"async\" width=\"801\" height=\"534\" src=\"https:\/\/medicina.udd.cl\/kinesiologia-santiago\/files\/2016\/06\/InterSalUDD-32-e1466176372659.jpg\" class=\"attachment-landscape_952 size-landscape_952\" alt=\"\" \/><\/figure><figure class=\"carousel-item\"><img loading=\"lazy\" decoding=\"async\" width=\"801\" height=\"534\" src=\"https:\/\/medicina.udd.cl\/kinesiologia-santiago\/files\/2016\/06\/InterSalUDD-33-e1466176384868.jpg\" class=\"attachment-landscape_952 size-landscape_952\" alt=\"\" \/><\/figure><\/div><footer class=\"carousel-footer\"><div class=\"carousel-counter\"><span class=\"carousel-counter-current\"><\/span> \/ <span class=\"carousel-counter-total\"><\/span><\/div><a class=\"carousel-control-prev\" href=\"#gallery-1\" role=\"button\" data-slide=\"prev\"><svg aria-hidden=\"true\" class=\"svg-chevron-left-dims\"><use xlink:href='https:\/\/medicina.udd.cl\/kinesiologia-santiago\/wp-content\/themes\/facultades-2018\/assets\/img\/svg\/dist\/main.svg?version=1695853099#chevron-left'><\/use><\/svg><span class=\"sr-only\">Anterior<\/span><\/a><a class=\"carousel-control-next\" href=\"#gallery-1\" role=\"button\" data-slide=\"next\"><svg aria-hidden=\"true\" class=\"svg-chevron-right-dims\"><use xlink:href='https:\/\/medicina.udd.cl\/kinesiologia-santiago\/wp-content\/themes\/facultades-2018\/assets\/img\/svg\/dist\/main.svg?version=1695853099#chevron-right'><\/use><\/svg><span class=\"sr-only\">Siguiente<\/span><\/a><\/footer><\/div>\n<p style=\"text-align: justify\">El mi\u00e9rcoles 15 de junio, en el campus RESB, 340 alumnos de Medicina, Nutrici\u00f3n y Diet\u00e9tica, Enfermer\u00eda y Kinesiolog\u00eda participaron en el primer encuentro \u00abInterSalUDD\u00bb, organizado por las coordinadoras Paula Martens, Andrea Valenzuela, Luz Mar\u00eda Montes y Daniela N\u00fa\u00f1ez, con el apoyo de iCubo UDD.<\/p>\n<p style=\"text-align: justify\">Durante la jornada, los estudiantes realizaron dos din\u00e1micas grupales, que sirvieron para conocerse entre ellos y al rol que deber\u00e1n cumplir cuando sean profesionales. Adem\u00e1s, dentro de este ambiente l\u00fadico, los talleres sirvieron para promover el compa\u00f1erismo y trabajo en equipo, adem\u00e1s de desarrollar habilidades y competencias como la creatividad, el liderazgo y la empat\u00eda.<\/p>\n<p style=\"text-align: justify\">\u201cM\u00e1s all\u00e1 de los resultados de este encuentro, nuestra expectativa fue crear una instancia para que los estudiantes de primer a\u00f1o de Nutrici\u00f3n, Enfermer\u00eda y Kinesiolog\u00eda, y segundo de Medicina, entendieran que existen amistades o v\u00ednculos que pueden generar m\u00e1s all\u00e1 de sus carreras\u201d, se\u00f1al\u00f3 el subdirector de iCubo UDD, <strong>N\u00edckolas Laport<\/strong>, qui\u00e9n tambi\u00e9n destac\u00f3 que ellos buscan los espacios para que los estudiantes puedan conocerse a trav\u00e9s de estas actividades y pueden recurrir a compa\u00f1eros de la Facultad cuando lo necesiten.<\/p>\n<p style=\"text-align: justify\">Por su parte, <strong>Jorge Molina<\/strong>, director de Kinesiolog\u00eda, dijo que \u201clo m\u00e1s importante es mostrarle a los estudiantes que las respuestas a las problem\u00e1ticas de hoy en d\u00eda, no provienen necesariamente de una disciplina, sino de la integraci\u00f3n. Los alumnos de primero dieron el primer paso para mostrar que derivan de la conversaci\u00f3n con profesionales de otras \u00e1reas de trabajo\u201d.<\/p>\n<p style=\"text-align: justify\">Finalmente, <strong>Daniela N\u00fa\u00f1ez<\/strong>, coordinadora de Internados cl\u00ednicos y convenios, destac\u00f3 la participaci\u00f3n de las cuatro carreras involucradas y de los directores de dichas carreras, por ser ellos la \u201cpuerta de entrada\u201d a este proyecto colaborativo. \u201cEn el trabajo interdisciplinario cada profesional sabe lo que hace y conoce la labor de los miembros de su equipo, de manera que es capaz de derivar y trabajar en conjunto; no necesariamente yo como polo haciendo sus cosas, sino tambi\u00e9n involucr\u00e1ndose para potenciar el trabajo del otro\u201d, concluy\u00f3.<\/p>\n","protected":false},"excerpt":{"rendered":"<p>Durante la jornada, los estudiantes de primer a\u00f1o de la carrera realizaron dos din\u00e1micas grupales, que sirvieron para conocerse entre ellos y aprender sobre los roles que cumplen los distintos profesionales de la Salud.<\/p>\n","protected":false},"author":9192192,"featured_media":3006,"comment_status":"open","ping_status":"open","sticky":false,"template":"","format":"standard","meta":{"footnotes":""},"categories":[4],"tags":[],"class_list":["post-2979","post","type-post","status-publish","format-standard","has-post-thumbnail","hentry","category-noticias"],"yoast_head":"<!-- This site is optimized with the Yoast SEO plugin v26.9 - https:\/\/yoast.com\/product\/yoast-seo-wordpress\/ -->\n<title>Alumnos de Kinesiolog\u00eda participaron en encuentro interdisciplinario - Kinesiolog\u00eda<\/title>\n<meta name=\"robots\" content=\"index, follow, max-snippet:-1, max-image-preview:large, max-video-preview:-1\" \/>\n<link rel=\"canonical\" href=\"https:\/\/medicina.udd.cl\/kinesiologia-santiago\/noticias\/2016\/06\/17\/alumnos-de-kinesiologia-participaron-en-encuentro-interdisciplinario\/\" \/>\n<meta property=\"og:locale\" content=\"es_ES\" \/>\n<meta property=\"og:type\" content=\"article\" \/>\n<meta property=\"og:title\" content=\"Alumnos de Kinesiolog\u00eda participaron en encuentro interdisciplinario - Kinesiolog\u00eda\" \/>\n<meta property=\"og:description\" content=\"Durante la jornada, los estudiantes de primer a\u00f1o de la carrera realizaron dos din\u00e1micas grupales, que sirvieron para conocerse entre ellos y aprender sobre los roles que cumplen los distintos profesionales de la Salud.\" \/>\n<meta property=\"og:url\" content=\"https:\/\/medicina.udd.cl\/kinesiologia-santiago\/noticias\/2016\/06\/17\/alumnos-de-kinesiologia-participaron-en-encuentro-interdisciplinario\/\" \/>\n<meta property=\"og:site_name\" content=\"Kinesiolog\u00eda\" \/>\n<meta property=\"article:published_time\" content=\"2016-06-17T15:14:29+00:00\" \/>\n<meta property=\"article:modified_time\" content=\"2016-06-17T17:55:58+00:00\" \/>\n<meta property=\"og:image\" content=\"https:\/\/medicina.udd.cl\/kinesiologia-santiago\/files\/2016\/06\/InterSalUDD-31-e1466176364326.jpg\" \/>\n\t<meta property=\"og:image:width\" content=\"1200\" \/>\n\t<meta property=\"og:image:height\" content=\"802\" \/>\n\t<meta property=\"og:image:type\" content=\"image\/jpeg\" \/>\n<meta name=\"author\" content=\"paulinamunoz\" \/>\n<meta name=\"twitter:label1\" content=\"Escrito por\" \/>\n\t<meta name=\"twitter:data1\" content=\"paulinamunoz\" \/>\n\t<meta name=\"twitter:label2\" content=\"Tiempo de lectura\" \/>\n\t<meta name=\"twitter:data2\" content=\"2 minutos\" \/>\n<script type=\"application\/ld+json\" class=\"yoast-schema-graph\">{\"@context\":\"https:\/\/schema.org\",\"@graph\":[{\"@type\":\"Article\",\"@id\":\"https:\/\/medicina.udd.cl\/kinesiologia-santiago\/noticias\/2016\/06\/17\/alumnos-de-kinesiologia-participaron-en-encuentro-interdisciplinario\/#article\",\"isPartOf\":{\"@id\":\"https:\/\/medicina.udd.cl\/kinesiologia-santiago\/noticias\/2016\/06\/17\/alumnos-de-kinesiologia-participaron-en-encuentro-interdisciplinario\/\"},\"author\":{\"name\":\"paulinamunoz\",\"@id\":\"https:\/\/medicina.udd.cl\/kinesiologia-santiago\/#\/schema\/person\/8bbd66125b574a40ec467c180c11f2e3\"},\"headline\":\"Alumnos de Kinesiolog\u00eda participaron en encuentro interdisciplinario\",\"datePublished\":\"2016-06-17T15:14:29+00:00\",\"dateModified\":\"2016-06-17T17:55:58+00:00\",\"mainEntityOfPage\":{\"@id\":\"https:\/\/medicina.udd.cl\/kinesiologia-santiago\/noticias\/2016\/06\/17\/alumnos-de-kinesiologia-participaron-en-encuentro-interdisciplinario\/\"},\"wordCount\":372,\"commentCount\":0,\"image\":{\"@id\":\"https:\/\/medicina.udd.cl\/kinesiologia-santiago\/noticias\/2016\/06\/17\/alumnos-de-kinesiologia-participaron-en-encuentro-interdisciplinario\/#primaryimage\"},\"thumbnailUrl\":\"https:\/\/medicina.udd.cl\/kinesiologia-santiago\/files\/2016\/06\/InterSalUDD-31-e1466176364326.jpg\",\"articleSection\":[\"Noticias\"],\"inLanguage\":\"es\",\"potentialAction\":[{\"@type\":\"CommentAction\",\"name\":\"Comment\",\"target\":[\"https:\/\/medicina.udd.cl\/kinesiologia-santiago\/noticias\/2016\/06\/17\/alumnos-de-kinesiologia-participaron-en-encuentro-interdisciplinario\/#respond\"]}]},{\"@type\":\"WebPage\",\"@id\":\"https:\/\/medicina.udd.cl\/kinesiologia-santiago\/noticias\/2016\/06\/17\/alumnos-de-kinesiologia-participaron-en-encuentro-interdisciplinario\/\",\"url\":\"https:\/\/medicina.udd.cl\/kinesiologia-santiago\/noticias\/2016\/06\/17\/alumnos-de-kinesiologia-participaron-en-encuentro-interdisciplinario\/\",\"name\":\"Alumnos de Kinesiolog\u00eda participaron en encuentro interdisciplinario - Kinesiolog\u00eda\",\"isPartOf\":{\"@id\":\"https:\/\/medicina.udd.cl\/kinesiologia-santiago\/#website\"},\"primaryImageOfPage\":{\"@id\":\"https:\/\/medicina.udd.cl\/kinesiologia-santiago\/noticias\/2016\/06\/17\/alumnos-de-kinesiologia-participaron-en-encuentro-interdisciplinario\/#primaryimage\"},\"image\":{\"@id\":\"https:\/\/medicina.udd.cl\/kinesiologia-santiago\/noticias\/2016\/06\/17\/alumnos-de-kinesiologia-participaron-en-encuentro-interdisciplinario\/#primaryimage\"},\"thumbnailUrl\":\"https:\/\/medicina.udd.cl\/kinesiologia-santiago\/files\/2016\/06\/InterSalUDD-31-e1466176364326.jpg\",\"datePublished\":\"2016-06-17T15:14:29+00:00\",\"dateModified\":\"2016-06-17T17:55:58+00:00\",\"author\":{\"@id\":\"https:\/\/medicina.udd.cl\/kinesiologia-santiago\/#\/schema\/person\/8bbd66125b574a40ec467c180c11f2e3\"},\"breadcrumb\":{\"@id\":\"https:\/\/medicina.udd.cl\/kinesiologia-santiago\/noticias\/2016\/06\/17\/alumnos-de-kinesiologia-participaron-en-encuentro-interdisciplinario\/#breadcrumb\"},\"inLanguage\":\"es\",\"potentialAction\":[{\"@type\":\"ReadAction\",\"target\":[\"https:\/\/medicina.udd.cl\/kinesiologia-santiago\/noticias\/2016\/06\/17\/alumnos-de-kinesiologia-participaron-en-encuentro-interdisciplinario\/\"]}]},{\"@type\":\"ImageObject\",\"inLanguage\":\"es\",\"@id\":\"https:\/\/medicina.udd.cl\/kinesiologia-santiago\/noticias\/2016\/06\/17\/alumnos-de-kinesiologia-participaron-en-encuentro-interdisciplinario\/#primaryimage\",\"url\":\"https:\/\/medicina.udd.cl\/kinesiologia-santiago\/files\/2016\/06\/InterSalUDD-31-e1466176364326.jpg\",\"contentUrl\":\"https:\/\/medicina.udd.cl\/kinesiologia-santiago\/files\/2016\/06\/InterSalUDD-31-e1466176364326.jpg\",\"width\":1200,\"height\":802},{\"@type\":\"BreadcrumbList\",\"@id\":\"https:\/\/medicina.udd.cl\/kinesiologia-santiago\/noticias\/2016\/06\/17\/alumnos-de-kinesiologia-participaron-en-encuentro-interdisciplinario\/#breadcrumb\",\"itemListElement\":[{\"@type\":\"ListItem\",\"position\":1,\"name\":\"Home\",\"item\":\"https:\/\/medicina.udd.cl\/kinesiologia-santiago\/\"},{\"@type\":\"ListItem\",\"position\":2,\"name\":\"Alumnos de Kinesiolog\u00eda participaron en encuentro interdisciplinario\"}]},{\"@type\":\"WebSite\",\"@id\":\"https:\/\/medicina.udd.cl\/kinesiologia-santiago\/#website\",\"url\":\"https:\/\/medicina.udd.cl\/kinesiologia-santiago\/\",\"name\":\"Kinesiolog\u00eda\",\"description\":\"Facultad de Medicina Cl\u00ednica Alemana Universidad del Desarrollo\",\"inLanguage\":\"es\"},{\"@type\":\"Person\",\"@id\":\"https:\/\/medicina.udd.cl\/kinesiologia-santiago\/#\/schema\/person\/8bbd66125b574a40ec467c180c11f2e3\",\"name\":\"paulinamunoz\",\"image\":{\"@type\":\"ImageObject\",\"inLanguage\":\"es\",\"@id\":\"https:\/\/medicina.udd.cl\/kinesiologia-santiago\/#\/schema\/person\/image\/\",\"url\":\"https:\/\/secure.gravatar.com\/avatar\/748ce8fb74e8f8077c4966697a3b3710ca0019e71a62146890c0dcdc705e7f3d?s=96&d=mm&r=g\",\"contentUrl\":\"https:\/\/secure.gravatar.com\/avatar\/748ce8fb74e8f8077c4966697a3b3710ca0019e71a62146890c0dcdc705e7f3d?s=96&d=mm&r=g\",\"caption\":\"paulinamunoz\"},\"url\":\"https:\/\/medicina.udd.cl\/kinesiologia-santiago\/noticias\/author\/paulinamunoz\/\"}]}<\/script>\n<!-- \/ Yoast SEO plugin. -->","yoast_head_json":{"title":"Alumnos de Kinesiolog\u00eda participaron en encuentro interdisciplinario - Kinesiolog\u00eda","robots":{"index":"index","follow":"follow","max-snippet":"max-snippet:-1","max-image-preview":"max-image-preview:large","max-video-preview":"max-video-preview:-1"},"canonical":"https:\/\/medicina.udd.cl\/kinesiologia-santiago\/noticias\/2016\/06\/17\/alumnos-de-kinesiologia-participaron-en-encuentro-interdisciplinario\/","og_locale":"es_ES","og_type":"article","og_title":"Alumnos de Kinesiolog\u00eda participaron en encuentro interdisciplinario - Kinesiolog\u00eda","og_description":"Durante la jornada, los estudiantes de primer a\u00f1o de la carrera realizaron dos din\u00e1micas grupales, que sirvieron para conocerse entre ellos y aprender sobre los roles que cumplen los distintos profesionales de la Salud.","og_url":"https:\/\/medicina.udd.cl\/kinesiologia-santiago\/noticias\/2016\/06\/17\/alumnos-de-kinesiologia-participaron-en-encuentro-interdisciplinario\/","og_site_name":"Kinesiolog\u00eda","article_published_time":"2016-06-17T15:14:29+00:00","article_modified_time":"2016-06-17T17:55:58+00:00","og_image":[{"width":1200,"height":802,"url":"https:\/\/medicina.udd.cl\/kinesiologia-santiago\/files\/2016\/06\/InterSalUDD-31-e1466176364326.jpg","type":"image\/jpeg"}],"author":"paulinamunoz","twitter_misc":{"Escrito por":"paulinamunoz","Tiempo de lectura":"2 minutos"},"schema":{"@context":"https:\/\/schema.org","@graph":[{"@type":"Article","@id":"https:\/\/medicina.udd.cl\/kinesiologia-santiago\/noticias\/2016\/06\/17\/alumnos-de-kinesiologia-participaron-en-encuentro-interdisciplinario\/#article","isPartOf":{"@id":"https:\/\/medicina.udd.cl\/kinesiologia-santiago\/noticias\/2016\/06\/17\/alumnos-de-kinesiologia-participaron-en-encuentro-interdisciplinario\/"},"author":{"name":"paulinamunoz","@id":"https:\/\/medicina.udd.cl\/kinesiologia-santiago\/#\/schema\/person\/8bbd66125b574a40ec467c180c11f2e3"},"headline":"Alumnos de Kinesiolog\u00eda participaron en encuentro interdisciplinario","datePublished":"2016-06-17T15:14:29+00:00","dateModified":"2016-06-17T17:55:58+00:00","mainEntityOfPage":{"@id":"https:\/\/medicina.udd.cl\/kinesiologia-santiago\/noticias\/2016\/06\/17\/alumnos-de-kinesiologia-participaron-en-encuentro-interdisciplinario\/"},"wordCount":372,"commentCount":0,"image":{"@id":"https:\/\/medicina.udd.cl\/kinesiologia-santiago\/noticias\/2016\/06\/17\/alumnos-de-kinesiologia-participaron-en-encuentro-interdisciplinario\/#primaryimage"},"thumbnailUrl":"https:\/\/medicina.udd.cl\/kinesiologia-santiago\/files\/2016\/06\/InterSalUDD-31-e1466176364326.jpg","articleSection":["Noticias"],"inLanguage":"es","potentialAction":[{"@type":"CommentAction","name":"Comment","target":["https:\/\/medicina.udd.cl\/kinesiologia-santiago\/noticias\/2016\/06\/17\/alumnos-de-kinesiologia-participaron-en-encuentro-interdisciplinario\/#respond"]}]},{"@type":"WebPage","@id":"https:\/\/medicina.udd.cl\/kinesiologia-santiago\/noticias\/2016\/06\/17\/alumnos-de-kinesiologia-participaron-en-encuentro-interdisciplinario\/","url":"https:\/\/medicina.udd.cl\/kinesiologia-santiago\/noticias\/2016\/06\/17\/alumnos-de-kinesiologia-participaron-en-encuentro-interdisciplinario\/","name":"Alumnos de Kinesiolog\u00eda participaron en encuentro interdisciplinario - Kinesiolog\u00eda","isPartOf":{"@id":"https:\/\/medicina.udd.cl\/kinesiologia-santiago\/#website"},"primaryImageOfPage":{"@id":"https:\/\/medicina.udd.cl\/kinesiologia-santiago\/noticias\/2016\/06\/17\/alumnos-de-kinesiologia-participaron-en-encuentro-interdisciplinario\/#primaryimage"},"image":{"@id":"https:\/\/medicina.udd.cl\/kinesiologia-santiago\/noticias\/2016\/06\/17\/alumnos-de-kinesiologia-participaron-en-encuentro-interdisciplinario\/#primaryimage"},"thumbnailUrl":"https:\/\/medicina.udd.cl\/kinesiologia-santiago\/files\/2016\/06\/InterSalUDD-31-e1466176364326.jpg","datePublished":"2016-06-17T15:14:29+00:00","dateModified":"2016-06-17T17:55:58+00:00","author":{"@id":"https:\/\/medicina.udd.cl\/kinesiologia-santiago\/#\/schema\/person\/8bbd66125b574a40ec467c180c11f2e3"},"breadcrumb":{"@id":"https:\/\/medicina.udd.cl\/kinesiologia-santiago\/noticias\/2016\/06\/17\/alumnos-de-kinesiologia-participaron-en-encuentro-interdisciplinario\/#breadcrumb"},"inLanguage":"es","potentialAction":[{"@type":"ReadAction","target":["https:\/\/medicina.udd.cl\/kinesiologia-santiago\/noticias\/2016\/06\/17\/alumnos-de-kinesiologia-participaron-en-encuentro-interdisciplinario\/"]}]},{"@type":"ImageObject","inLanguage":"es","@id":"https:\/\/medicina.udd.cl\/kinesiologia-santiago\/noticias\/2016\/06\/17\/alumnos-de-kinesiologia-participaron-en-encuentro-interdisciplinario\/#primaryimage","url":"https:\/\/medicina.udd.cl\/kinesiologia-santiago\/files\/2016\/06\/InterSalUDD-31-e1466176364326.jpg","contentUrl":"https:\/\/medicina.udd.cl\/kinesiologia-santiago\/files\/2016\/06\/InterSalUDD-31-e1466176364326.jpg","width":1200,"height":802},{"@type":"BreadcrumbList","@id":"https:\/\/medicina.udd.cl\/kinesiologia-santiago\/noticias\/2016\/06\/17\/alumnos-de-kinesiologia-participaron-en-encuentro-interdisciplinario\/#breadcrumb","itemListElement":[{"@type":"ListItem","position":1,"name":"Home","item":"https:\/\/medicina.udd.cl\/kinesiologia-santiago\/"},{"@type":"ListItem","position":2,"name":"Alumnos de Kinesiolog\u00eda participaron en encuentro interdisciplinario"}]},{"@type":"WebSite","@id":"https:\/\/medicina.udd.cl\/kinesiologia-santiago\/#website","url":"https:\/\/medicina.udd.cl\/kinesiologia-santiago\/","name":"Kinesiolog\u00eda","description":"Facultad de Medicina Cl\u00ednica Alemana Universidad del Desarrollo","inLanguage":"es"},{"@type":"Person","@id":"https:\/\/medicina.udd.cl\/kinesiologia-santiago\/#\/schema\/person\/8bbd66125b574a40ec467c180c11f2e3","name":"paulinamunoz","image":{"@type":"ImageObject","inLanguage":"es","@id":"https:\/\/medicina.udd.cl\/kinesiologia-santiago\/#\/schema\/person\/image\/","url":"https:\/\/secure.gravatar.com\/avatar\/748ce8fb74e8f8077c4966697a3b3710ca0019e71a62146890c0dcdc705e7f3d?s=96&d=mm&r=g","contentUrl":"https:\/\/secure.gravatar.com\/avatar\/748ce8fb74e8f8077c4966697a3b3710ca0019e71a62146890c0dcdc705e7f3d?s=96&d=mm&r=g","caption":"paulinamunoz"},"url":"https:\/\/medicina.udd.cl\/kinesiologia-santiago\/noticias\/author\/paulinamunoz\/"}]}},"featured_image_url":"https:\/\/medicina.udd.cl\/kinesiologia-santiago\/files\/2016\/06\/InterSalUDD-31-e1466176364326.jpg","_links":{"self":[{"href":"https:\/\/medicina.udd.cl\/kinesiologia-santiago\/wp-json\/wp\/v2\/posts\/2979","targetHints":{"allow":["GET"]}}],"collection":[{"href":"https:\/\/medicina.udd.cl\/kinesiologia-santiago\/wp-json\/wp\/v2\/posts"}],"about":[{"href":"https:\/\/medicina.udd.cl\/kinesiologia-santiago\/wp-json\/wp\/v2\/types\/post"}],"author":[{"embeddable":true,"href":"https:\/\/medicina.udd.cl\/kinesiologia-santiago\/wp-json\/wp\/v2\/users\/9192192"}],"replies":[{"embeddable":true,"href":"https:\/\/medicina.udd.cl\/kinesiologia-santiago\/wp-json\/wp\/v2\/comments?post=2979"}],"version-history":[{"count":2,"href":"https:\/\/medicina.udd.cl\/kinesiologia-santiago\/wp-json\/wp\/v2\/posts\/2979\/revisions"}],"predecessor-version":[{"id":3010,"href":"https:\/\/medicina.udd.cl\/kinesiologia-santiago\/wp-json\/wp\/v2\/posts\/2979\/revisions\/3010"}],"wp:featuredmedia":[{"embeddable":true,"href":"https:\/\/medicina.udd.cl\/kinesiologia-santiago\/wp-json\/wp\/v2\/media\/3006"}],"wp:attachment":[{"href":"https:\/\/medicina.udd.cl\/kinesiologia-santiago\/wp-json\/wp\/v2\/media?parent=2979"}],"wp:term":[{"taxonomy":"category","embeddable":true,"href":"https:\/\/medicina.udd.cl\/kinesiologia-santiago\/wp-json\/wp\/v2\/categories?post=2979"},{"taxonomy":"post_tag","embeddable":true,"href":"https:\/\/medicina.udd.cl\/kinesiologia-santiago\/wp-json\/wp\/v2\/tags?post=2979"}],"curies":[{"name":"wp","href":"https:\/\/api.w.org\/{rel}","templated":true}]}}